{"id":138339,"date":"2023-08-24T08:12:42","date_gmt":"2023-08-24T08:12:42","guid":{"rendered":"https:\/\/all-car-news.com\/le-prix-de-lessence-augmentera-de-pres-de-21-centimes-a-partir-du-1er-janvier-2024\/"},"modified":"2023-08-24T08:12:42","modified_gmt":"2023-08-24T08:12:42","slug":"le-prix-de-lessence-augmentera-de-pres-de-21-centimes-a-partir-du-1er-janvier-2024","status":"publish","type":"post","link":"https:\/\/all-car-news.com\/fr\/le-prix-de-lessence-augmentera-de-pres-de-21-centimes-a-partir-du-1er-janvier-2024\/","title":{"rendered":"Le prix de l&rsquo;essence augmentera de pr\u00e8s de 21 centimes \u00e0 partir du 1er janvier 2024"},"content":{"rendered":"<h2>Les causes<\/h2>\n<p>Pourquoi les prix au litre sont-ils plus \u00e9lev\u00e9s ? C&rsquo;est simple : les r\u00e9ductions d&rsquo;accises sur le carburant seront annul\u00e9es, ce qui entra\u00eenera une augmentation du prix du litre. Mais le gouvernement souhaite \u00e9galement augmenter les taux d&rsquo;accises en raison de l&rsquo;inflation.<\/p>\n<h2>Supprimer l&rsquo;augmentation des prix ?<\/h2>\n<p>Le cabinet int\u00e9rimaire peut encore prendre la d\u00e9cision de supprimer l&rsquo;augmentation des prix, mais les chances d&rsquo;une telle d\u00e9cision semblent extr\u00eamement minces en raison du trou dans le budget. La d\u00e9cision d&rsquo;annuler les r\u00e9ductions des droits d&rsquo;accises peut encore \u00eatre prise lorsque le plan fiscal 2024 est d\u00e9battu \u00e0 la Chambre des repr\u00e9sentants ou lorsque le budget 2024 est \u00e9labor\u00e9.<\/p>\n<h2>R\u00e9trospective<\/h2>\n<p>Ok, comment c&rsquo;\u00e9tait d\u00e9j\u00e0 ? Le mois d&rsquo;avril 2022 a \u00e9t\u00e9 marqu\u00e9 par une inflation massive. Le gouvernement a ensuite d\u00e9cid\u00e9 de r\u00e9duire de 21 % les taxes sur l&rsquo;essence, le diesel et le GPL afin de les rendre plus abordables. Il a permis d&rsquo;\u00e9conomiser 17 centimes d&rsquo;euro par litre d&rsquo;essence et 11 centimes d&rsquo;euro par litre de diesel. Le 1er juillet, cette r\u00e9duction d&rsquo;imp\u00f4t a \u00e9t\u00e9 prolong\u00e9e. Ensuite, la moiti\u00e9 de la r\u00e9duction des droits d&rsquo;accises a \u00e9t\u00e9 annul\u00e9e. En janvier 2024, la deuxi\u00e8me partie de la r\u00e9duction des droits d&rsquo;accises expire, entra\u00eenant une nouvelle hausse du prix du litre.<\/p>\n<h2>Augmentation des droits d&rsquo;accises<\/h2>\n<p>Retour \u00e0 la situation au 1er janvier 2024. En plus de l&rsquo;augmentation des droits d&rsquo;accises. En dessous de la ligne, l&rsquo;augmentation du prix d&rsquo;un litre d&rsquo;essence s&rsquo;\u00e9l\u00e8ve \u00e0 plus de 21 centimes d&rsquo;euro. Pour le diesel, il s&rsquo;agit de 13,5 centimes d&rsquo;euro. Ce qui, \u00e0 son tour, entra\u00eene une inflation suppl\u00e9mentaire. Pour compenser, le gouvernement \u00e9tudie la possibilit\u00e9 d&rsquo;augmenter l&rsquo;indemnit\u00e9 kilom\u00e9trique non impos\u00e9e de 1 centime d&rsquo;euro par kilom\u00e8tre, mais il n&rsquo;est pas certain que cela soit suffisant.<\/p>\n<h2>Ravitaillement en carburant au-del\u00e0 de la fronti\u00e8re<\/h2>\n<p>Le gouvernement chasse les habitants des zones frontali\u00e8res autour des Pays-Bas en leur faisant passer la fronti\u00e8re en masse si le prix plus \u00e9lev\u00e9 du litre devient une r\u00e9alit\u00e9. Le plein d&rsquo;essence en Belgique, par exemple, co\u00fbte environ 36 centimes d&rsquo;euro de moins. En Allemagne, l&rsquo;avantage est de 31 centimes d&rsquo;euro par litre. Faire le plein de diesel en Belgique n&rsquo;est pas rentable, la diff\u00e9rence par rapport aux Pays-Bas y est particuli\u00e8rement faible. Mais pour l&rsquo;essence, il peut \u00e9conomiser beaucoup en faisant le plein de l&rsquo;autre c\u00f4t\u00e9 de la fronti\u00e8re.<\/p>\n","protected":false},"excerpt":{"rendered":"Les causes Pourquoi les prix du litre sont-ils plus \u00e9lev\u00e9s ? C'est simple : les r\u00e9ductions d'accises sur le carburant\u2026","protected":false},"author":0,"featured_media":138334,"comment_status":"","ping_status":"open","sticky":false,"template":"","format":"standard","meta":{"footnotes":""},"categories":[131,127],"tags":[],"class_list":["post-138339","post","type-post","status-publish","format-standard","has-post-thumbnail","hentry","category-fond","category-nouvelles-de-voiture"],"acf":[],"yoast_head":"<!-- This site is optimized with the Yoast SEO plugin v21.2 - https:\/\/yoast.com\/wordpress\/plugins\/seo\/ -->\n<title>Le prix de l&#039;essence augmentera de pr\u00e8s de 21 centimes \u00e0 partir du 1er janvier 2024 - All cars news<\/title>\n<meta name=\"robots\" content=\"index, follow, max-snippet:-1, max-image-preview:large, max-video-preview:-1\" \/>\n<link rel=\"canonical\" href=\"https:\/\/all-car-news.com\/fr\/le-prix-de-lessence-augmentera-de-pres-de-21-centimes-a-partir-du-1er-janvier-2024\/\" \/>\n<meta property=\"og:locale\" content=\"fr_FR\" \/>\n<meta property=\"og:type\" content=\"article\" \/>\n<meta property=\"og:title\" content=\"Le prix de l&#039;essence augmentera de pr\u00e8s de 21 centimes \u00e0 partir du 1er janvier 2024 - All cars news\" \/>\n<meta property=\"og:description\" content=\"Les causes Pourquoi les prix du litre sont-ils plus \u00e9lev\u00e9s ? C&#039;est simple : les r\u00e9ductions d&#039;accises sur le carburant seront annul\u00e9es, ce qui entra\u00eenera une augmentation du prix du litre. Mais le gouvernement souhaite \u00e9galement augmenter les taux d&#039;accises en raison de l&#039;inflation. Supprimer l&#039;augmentation des prix ? Le cabinet int\u00e9rimaire peut encore prendre la d\u00e9cision d&#039;annuler l&#039;augmentation des prix, mais les chances de le faire semblent extr\u00eamement minces en raison d&#039;un trou dans le [...]\" \/>\n<meta property=\"og:url\" content=\"https:\/\/all-car-news.com\/fr\/le-prix-de-lessence-augmentera-de-pres-de-21-centimes-a-partir-du-1er-janvier-2024\/\" \/>\n<meta property=\"og:site_name\" content=\"All cars news\" \/>\n<meta property=\"article:published_time\" content=\"2023-08-24T08:12:42+00:00\" \/>\n<meta name=\"twitter:card\" content=\"summary_large_image\" \/>\n<meta name=\"twitter:label1\" content=\"Dur\u00e9e de lecture estim\u00e9e\" \/>\n\t<meta name=\"twitter:data1\" content=\"2 minutes\" \/>\n<script type=\"application\/ld+json\" class=\"yoast-schema-graph\">{\"@context\":\"https:\/\/schema.org\",\"@graph\":[{\"@type\":\"Article\",\"@id\":\"https:\/\/all-car-news.com\/fr\/le-prix-de-lessence-augmentera-de-pres-de-21-centimes-a-partir-du-1er-janvier-2024\/#article\",\"isPartOf\":{\"@id\":\"https:\/\/all-car-news.com\/fr\/le-prix-de-lessence-augmentera-de-pres-de-21-centimes-a-partir-du-1er-janvier-2024\/\"},\"author\":{\"name\":\"\",\"@id\":\"\"},\"headline\":\"Le prix de l&rsquo;essence augmentera de pr\u00e8s de 21 centimes \u00e0 partir du 1er janvier 2024\",\"datePublished\":\"2023-08-24T08:12:42+00:00\",\"dateModified\":\"2023-08-24T08:12:42+00:00\",\"mainEntityOfPage\":{\"@id\":\"https:\/\/all-car-news.com\/fr\/le-prix-de-lessence-augmentera-de-pres-de-21-centimes-a-partir-du-1er-janvier-2024\/\"},\"wordCount\":424,\"publisher\":{\"@id\":\"https:\/\/all-car-news.com\/fr\/#organization\"},\"articleSection\":[\"Fond\",\"nouvelles de voiture\"],\"inLanguage\":\"fr-FR\"},{\"@type\":\"WebPage\",\"@id\":\"https:\/\/all-car-news.com\/fr\/le-prix-de-lessence-augmentera-de-pres-de-21-centimes-a-partir-du-1er-janvier-2024\/\",\"url\":\"https:\/\/all-car-news.com\/fr\/le-prix-de-lessence-augmentera-de-pres-de-21-centimes-a-partir-du-1er-janvier-2024\/\",\"name\":\"Le prix de l'essence augmentera de pr\u00e8s de 21 centimes \u00e0 partir du 1er janvier 2024 - All cars news\",\"isPartOf\":{\"@id\":\"https:\/\/all-car-news.com\/fr\/#website\"},\"datePublished\":\"2023-08-24T08:12:42+00:00\",\"dateModified\":\"2023-08-24T08:12:42+00:00\",\"breadcrumb\":{\"@id\":\"https:\/\/all-car-news.com\/fr\/le-prix-de-lessence-augmentera-de-pres-de-21-centimes-a-partir-du-1er-janvier-2024\/#breadcrumb\"},\"inLanguage\":\"fr-FR\",\"potentialAction\":[{\"@type\":\"ReadAction\",\"target\":[\"https:\/\/all-car-news.com\/fr\/le-prix-de-lessence-augmentera-de-pres-de-21-centimes-a-partir-du-1er-janvier-2024\/\"]}]},{\"@type\":\"BreadcrumbList\",\"@id\":\"https:\/\/all-car-news.com\/fr\/le-prix-de-lessence-augmentera-de-pres-de-21-centimes-a-partir-du-1er-janvier-2024\/#breadcrumb\",\"itemListElement\":[{\"@type\":\"ListItem\",\"position\":1,\"name\":\"Home\",\"item\":\"https:\/\/all-car-news.com\/fr\/\"},{\"@type\":\"ListItem\",\"position\":2,\"name\":\"Le prix de l&rsquo;essence augmentera de pr\u00e8s de 21 centimes \u00e0 partir du 1er janvier 2024\"}]},{\"@type\":\"WebSite\",\"@id\":\"https:\/\/all-car-news.com\/fr\/#website\",\"url\":\"https:\/\/all-car-news.com\/fr\/\",\"name\":\"All cars news\",\"description\":\"\",\"publisher\":{\"@id\":\"https:\/\/all-car-news.com\/fr\/#organization\"},\"potentialAction\":[{\"@type\":\"SearchAction\",\"target\":{\"@type\":\"EntryPoint\",\"urlTemplate\":\"https:\/\/all-car-news.com\/fr\/?s={search_term_string}\"},\"query-input\":\"required name=search_term_string\"}],\"inLanguage\":\"fr-FR\"},{\"@type\":\"Organization\",\"@id\":\"https:\/\/all-car-news.com\/fr\/#organization\",\"name\":\"All cars news\",\"url\":\"https:\/\/all-car-news.com\/fr\/\",\"logo\":{\"@type\":\"ImageObject\",\"inLanguage\":\"fr-FR\",\"@id\":\"https:\/\/all-car-news.com\/fr\/#\/schema\/logo\/image\/\",\"url\":\"https:\/\/all-car-news.com\/wp-content\/uploads\/2022\/02\/CMYK-AllCarNews_LANDSCAPE_300px-1.png\",\"contentUrl\":\"https:\/\/all-car-news.com\/wp-content\/uploads\/2022\/02\/CMYK-AllCarNews_LANDSCAPE_300px-1.png\",\"width\":300,\"height\":100,\"caption\":\"All cars news\"},\"image\":{\"@id\":\"https:\/\/all-car-news.com\/fr\/#\/schema\/logo\/image\/\"}}]}<\/script>\n<!-- \/ Yoast SEO plugin. -->","yoast_head_json":{"title":"Le prix de l'essence augmentera de pr\u00e8s de 21 centimes \u00e0 partir du 1er janvier 2024 - All cars news","robots":{"index":"index","follow":"follow","max-snippet":"max-snippet:-1","max-image-preview":"max-image-preview:large","max-video-preview":"max-video-preview:-1"},"canonical":"https:\/\/all-car-news.com\/fr\/le-prix-de-lessence-augmentera-de-pres-de-21-centimes-a-partir-du-1er-janvier-2024\/","og_locale":"fr_FR","og_type":"article","og_title":"Le prix de l'essence augmentera de pr\u00e8s de 21 centimes \u00e0 partir du 1er janvier 2024 - All cars news","og_description":"Les causes Pourquoi les prix du litre sont-ils plus \u00e9lev\u00e9s ? C'est simple : les r\u00e9ductions d'accises sur le carburant seront annul\u00e9es, ce qui entra\u00eenera une augmentation du prix du litre. Mais le gouvernement souhaite \u00e9galement augmenter les taux d'accises en raison de l'inflation. Supprimer l'augmentation des prix ? Le cabinet int\u00e9rimaire peut encore prendre la d\u00e9cision d'annuler l'augmentation des prix, mais les chances de le faire semblent extr\u00eamement minces en raison d'un trou dans le [...]","og_url":"https:\/\/all-car-news.com\/fr\/le-prix-de-lessence-augmentera-de-pres-de-21-centimes-a-partir-du-1er-janvier-2024\/","og_site_name":"All cars news","article_published_time":"2023-08-24T08:12:42+00:00","twitter_card":"summary_large_image","twitter_misc":{"Dur\u00e9e de lecture estim\u00e9e":"2 minutes"},"schema":{"@context":"https:\/\/schema.org","@graph":[{"@type":"Article","@id":"https:\/\/all-car-news.com\/fr\/le-prix-de-lessence-augmentera-de-pres-de-21-centimes-a-partir-du-1er-janvier-2024\/#article","isPartOf":{"@id":"https:\/\/all-car-news.com\/fr\/le-prix-de-lessence-augmentera-de-pres-de-21-centimes-a-partir-du-1er-janvier-2024\/"},"author":{"name":"","@id":""},"headline":"Le prix de l&rsquo;essence augmentera de pr\u00e8s de 21 centimes \u00e0 partir du 1er janvier 2024","datePublished":"2023-08-24T08:12:42+00:00","dateModified":"2023-08-24T08:12:42+00:00","mainEntityOfPage":{"@id":"https:\/\/all-car-news.com\/fr\/le-prix-de-lessence-augmentera-de-pres-de-21-centimes-a-partir-du-1er-janvier-2024\/"},"wordCount":424,"publisher":{"@id":"https:\/\/all-car-news.com\/fr\/#organization"},"articleSection":["Fond","nouvelles de voiture"],"inLanguage":"fr-FR"},{"@type":"WebPage","@id":"https:\/\/all-car-news.com\/fr\/le-prix-de-lessence-augmentera-de-pres-de-21-centimes-a-partir-du-1er-janvier-2024\/","url":"https:\/\/all-car-news.com\/fr\/le-prix-de-lessence-augmentera-de-pres-de-21-centimes-a-partir-du-1er-janvier-2024\/","name":"Le prix de l'essence augmentera de pr\u00e8s de 21 centimes \u00e0 partir du 1er janvier 2024 - All cars news","isPartOf":{"@id":"https:\/\/all-car-news.com\/fr\/#website"},"datePublished":"2023-08-24T08:12:42+00:00","dateModified":"2023-08-24T08:12:42+00:00","breadcrumb":{"@id":"https:\/\/all-car-news.com\/fr\/le-prix-de-lessence-augmentera-de-pres-de-21-centimes-a-partir-du-1er-janvier-2024\/#breadcrumb"},"inLanguage":"fr-FR","potentialAction":[{"@type":"ReadAction","target":["https:\/\/all-car-news.com\/fr\/le-prix-de-lessence-augmentera-de-pres-de-21-centimes-a-partir-du-1er-janvier-2024\/"]}]},{"@type":"BreadcrumbList","@id":"https:\/\/all-car-news.com\/fr\/le-prix-de-lessence-augmentera-de-pres-de-21-centimes-a-partir-du-1er-janvier-2024\/#breadcrumb","itemListElement":[{"@type":"ListItem","position":1,"name":"Home","item":"https:\/\/all-car-news.com\/fr\/"},{"@type":"ListItem","position":2,"name":"Le prix de l&rsquo;essence augmentera de pr\u00e8s de 21 centimes \u00e0 partir du 1er janvier 2024"}]},{"@type":"WebSite","@id":"https:\/\/all-car-news.com\/fr\/#website","url":"https:\/\/all-car-news.com\/fr\/","name":"All cars news","description":"","publisher":{"@id":"https:\/\/all-car-news.com\/fr\/#organization"},"potentialAction":[{"@type":"SearchAction","target":{"@type":"EntryPoint","urlTemplate":"https:\/\/all-car-news.com\/fr\/?s={search_term_string}"},"query-input":"required name=search_term_string"}],"inLanguage":"fr-FR"},{"@type":"Organization","@id":"https:\/\/all-car-news.com\/fr\/#organization","name":"All cars news","url":"https:\/\/all-car-news.com\/fr\/","logo":{"@type":"ImageObject","inLanguage":"fr-FR","@id":"https:\/\/all-car-news.com\/fr\/#\/schema\/logo\/image\/","url":"https:\/\/all-car-news.com\/wp-content\/uploads\/2022\/02\/CMYK-AllCarNews_LANDSCAPE_300px-1.png","contentUrl":"https:\/\/all-car-news.com\/wp-content\/uploads\/2022\/02\/CMYK-AllCarNews_LANDSCAPE_300px-1.png","width":300,"height":100,"caption":"All cars news"},"image":{"@id":"https:\/\/all-car-news.com\/fr\/#\/schema\/logo\/image\/"}}]}},"_links":{"self":[{"href":"https:\/\/all-car-news.com\/fr\/wp-json\/wp\/v2\/posts\/138339","targetHints":{"allow":["GET"]}}],"collection":[{"href":"https:\/\/all-car-news.com\/fr\/wp-json\/wp\/v2\/posts"}],"about":[{"href":"https:\/\/all-car-news.com\/fr\/wp-json\/wp\/v2\/types\/post"}],"replies":[{"embeddable":true,"href":"https:\/\/all-car-news.com\/fr\/wp-json\/wp\/v2\/comments?post=138339"}],"version-history":[{"count":0,"href":"https:\/\/all-car-news.com\/fr\/wp-json\/wp\/v2\/posts\/138339\/revisions"}],"wp:featuredmedia":[{"embeddable":true,"href":"https:\/\/all-car-news.com\/fr\/wp-json\/wp\/v2\/media\/138334"}],"wp:attachment":[{"href":"https:\/\/all-car-news.com\/fr\/wp-json\/wp\/v2\/media?parent=138339"}],"wp:term":[{"taxonomy":"category","embeddable":true,"href":"https:\/\/all-car-news.com\/fr\/wp-json\/wp\/v2\/categories?post=138339"},{"taxonomy":"post_tag","embeddable":true,"href":"https:\/\/all-car-news.com\/fr\/wp-json\/wp\/v2\/tags?post=138339"}],"curies":[{"name":"wp","href":"https:\/\/api.w.org\/{rel}","templated":true}]}}