{"id":138268,"date":"2023-08-21T08:16:23","date_gmt":"2023-08-21T08:16:23","guid":{"rendered":"https:\/\/all-car-news.com\/voici-la-nouvelle-mercedes-amg-gt-coupe\/"},"modified":"2023-08-21T08:16:23","modified_gmt":"2023-08-21T08:16:23","slug":"voici-la-nouvelle-mercedes-amg-gt-coupe","status":"publish","type":"post","link":"https:\/\/all-car-news.com\/fr\/voici-la-nouvelle-mercedes-amg-gt-coupe\/","title":{"rendered":"Voici la nouvelle Mercedes-AMG GT Coup\u00e9"},"content":{"rendered":"<h2>Deux variantes de moteur<\/h2>\n<p>La nouvelle Mercedes-AMG GT Coup\u00e9 est le cinqui\u00e8me mod\u00e8le d\u00e9velopp\u00e9 en interne apr\u00e8s la SLS, la premi\u00e8re g\u00e9n\u00e9ration de la GT \u00e0 deux portes, la GT Coup\u00e9 \u00e0 quatre portes et la SL. Au lancement, la nouvelle AMG GT est disponible avec deux niveaux de puissance du moteur V8 biturbo AMG de 4,0 litres. Dans le mod\u00e8le haut de gamme GT 63 4Matic+, le moteur d\u00e9livre une puissance de 430 kW (585 ch) et un couple maximal de 800 Nm sur une large plage de r\u00e9gime allant de 2 500 \u00e0 4 500 tr\/min. L&rsquo;acc\u00e9l\u00e9ration de 0 \u00e0 100 km\/h ne prend que 3,2 secondes et la vitesse maximale est de 315 km\/h.<\/p>\n<p>Le mod\u00e8le de base est le GT 55 4Matic+. Dans cette version, le moteur V8 d\u00e9livre 350 kW (476 ch) et un couple maximal de 700 Nm. Le sprint de z\u00e9ro \u00e0 100 km\/h prend 3,9 secondes et la vitesse maximale est de 295 km\/h. Dans les deux cas, le passage des vitesses s&rsquo;effectue \u00e0 l&rsquo;aide d&rsquo;une transmission AMG Speedshift MCT 9G dot\u00e9e d&rsquo;un embrayage \u00e0 bain d&rsquo;huile au lieu d&rsquo;un convertisseur de couple. Cet embrayage r\u00e9duit le poids et, gr\u00e2ce \u00e0 sa faible inertie, optimise la r\u00e9ponse aux mouvements de l&rsquo;acc\u00e9l\u00e9rateur, en particulier lors de l&rsquo;acc\u00e9l\u00e9ration et des changements de charge.<\/p>\n<figure class=\"wp-block-image size-content\"><img decoding=\"async\" loading=\"lazy\" width=\"1140\" height=\"761\" src=\"https:\/\/autorai.nl\/wp-content\/uploads\/2023\/08\/mercedes-amg-gt-coupe-tweede-generatie-2024-foto31-1140x761.jpg\" alt=\"Mercedes-AMG GT Coup\u00e9 - Deuxi\u00e8me g\u00e9n\u00e9ration\" class=\"wp-image-164939\"><\/figure>\n<h2>Modifications techniques Mercedes-AMG GT<\/h2>\n<p>Sp\u00e9cialement pour la Mercedes-AMG GT, le moteur a \u00e9t\u00e9 \u00e9quip\u00e9 d&rsquo;un nouveau carter, d&rsquo;un refroidisseur interm\u00e9diaire d\u00e9plac\u00e9 et d&rsquo;une ventilation active du carter. Les orifices d&rsquo;admission et d&rsquo;\u00e9chappement ont \u00e9t\u00e9 optimis\u00e9s pour un \u00e9change de gaz plus efficace et l&rsquo;acheminement des gaz d&rsquo;\u00e9chappement vers le bo\u00eetier du convertisseur catalytique et le filtre \u00e0 particules de l&rsquo;essence a \u00e9t\u00e9 augment\u00e9. Les ing\u00e9nieurs sont parvenus \u00e0 augmenter la puissance de l&rsquo;AMG GT 63 4Matic+ en augmentant la pression du turbo et le d\u00e9bit d&rsquo;air et en modifiant le logiciel du moteur. Gr\u00e2ce \u00e0 toutes ces mesures, le huit cylindres impressionne par sa puissance extraordinaire, avec une pouss\u00e9e puissante \u00e0 tous les r\u00e9gimes, combin\u00e9e \u00e0 une efficacit\u00e9 maximale pour de faibles valeurs de consommation et d&rsquo;\u00e9mission.<\/p>\n<h2>AMG Performance 4Matic+<\/h2>\n<p>Les deux mod\u00e8les V8 sont \u00e9quip\u00e9s de s\u00e9rie de la transmission int\u00e9grale enti\u00e8rement variable AMG Performance 4MATIC+. Le syst\u00e8me combine les avantages de diff\u00e9rents concepts d&rsquo;entra\u00eenement. Le syst\u00e8me dispose d&rsquo;une distribution de couple enti\u00e8rement variable sur les essieux avant et arri\u00e8re. La voiture est \u00e9quip\u00e9e d&rsquo;une transmission int\u00e9grale avec une r\u00e9partition de la puissance entre les essieux avant et arri\u00e8re (50:50), mais il est \u00e9galement possible d&rsquo;opter pour une transmission arri\u00e8re uniquement. La nouvelle AMG GT est \u00e9quip\u00e9e de s\u00e9rie d&rsquo;un diff\u00e9rentiel \u00e0 glissement limit\u00e9 contr\u00f4l\u00e9 \u00e9lectroniquement sur l&rsquo;essieu arri\u00e8re, qui garantit une excellente traction et une s\u00e9curit\u00e9 de conduite maximale dans toutes les conditions de conduite. Pour r\u00e9duire le poids non suspendu, tous les triangles, rotules et \u00e9l\u00e9ments de suspension des essieux avant et arri\u00e8re de la nouvelle AMG GT sont en aluminium forg\u00e9.<\/p>\n<figure class=\"wp-block-image size-content\"><img decoding=\"async\" loading=\"lazy\" width=\"1140\" height=\"761\" src=\"https:\/\/autorai.nl\/wp-content\/uploads\/2023\/08\/mercedes-amg-gt-coupe-tweede-generatie-2024-foto45-1140x761.jpg\" alt=\"Mercedes-AMG GT Coup\u00e9 - Deuxi\u00e8me g\u00e9n\u00e9ration\" class=\"wp-image-164953\"><\/figure>\n<h2>Direction active de l&rsquo;essieu arri\u00e8re<\/h2>\n<p>La nouvelle Mercedes-AMG GT est \u00e9galement \u00e9quip\u00e9e de s\u00e9rie d&rsquo;une direction active de l&rsquo;essieu arri\u00e8re (HAL). En fonction de la vitesse, les roues arri\u00e8re braquent dans la direction oppos\u00e9e (jusqu&rsquo;\u00e0 100 km\/h) ou dans la m\u00eame direction (au-del\u00e0 de 100 km\/h) que les roues avant. Le syst\u00e8me de freinage composite AMG haute performance garantit d&rsquo;excellentes valeurs de d\u00e9c\u00e9l\u00e9ration, promet le constructeur.<\/p>\n<h2>Modes de conduite<\/h2>\n<p>Six programmes de conduite AMG Dynamic Select sont propos\u00e9s, \u00e0 savoir Slippery, Comfort, Sport, Sport+, Individual et RACE. Le syst\u00e8me AMG Track Pace est de s\u00e9rie \u00e0 bord. Le logiciel fait partie du syst\u00e8me d&rsquo;infodivertissement MBUX et enregistre plus de quatre-vingts donn\u00e9es sp\u00e9cifiques au v\u00e9hicule (vitesse, acc\u00e9l\u00e9ration, angle de braquage, actionnement de la p\u00e9dale de frein) dix fois par seconde pendant la conduite sur un itin\u00e9raire d\u00e9fini. Quarante param\u00e8tres peuvent \u00eatre affich\u00e9s en direct dans l&rsquo;\u00e9cran \u00ab\u00a0T\u00e9l\u00e9m\u00e9trie\u00a0\u00bb, jusqu&rsquo;\u00e0 quatre \u00e0 la fois.<\/p>\n<p>En outre, les temps au tour et par secteur sont affich\u00e9s sur l&rsquo;\u00e9cran multim\u00e9dia, l&rsquo;affichage t\u00eate haute et le combin\u00e9 d&rsquo;instruments, ainsi que des outils d&rsquo;entra\u00eenement et d&rsquo;analyse suppl\u00e9mentaires. La navigation dans l&rsquo;affichage t\u00eate haute indique les angles de virage et les points de freinage, ce qui permet au conducteur de trouver la meilleure trajectoire. La fonction de r\u00e9alit\u00e9 augment\u00e9e de MBUX permet \u00e9galement d&rsquo;afficher la ligne d&rsquo;un enregistrement sauvegard\u00e9 sur l&rsquo;\u00e9cran multim\u00e9dia. Les conducteurs peuvent ainsi am\u00e9liorer leur style de conduite, comme avec un instructeur virtuel. Les valeurs d&rsquo;acc\u00e9l\u00e9ration et de d\u00e9c\u00e9l\u00e9ration peuvent \u00e9galement \u00eatre mesur\u00e9es et stock\u00e9es.<\/p>\n<figure class=\"wp-block-image size-content\"><img decoding=\"async\" loading=\"lazy\" width=\"1140\" height=\"761\" src=\"https:\/\/autorai.nl\/wp-content\/uploads\/2023\/08\/mercedes-amg-gt-coupe-tweede-generatie-2024-foto12-1140x761.jpg\" alt=\"Mercedes-AMG GT Coup\u00e9 - Deuxi\u00e8me g\u00e9n\u00e9ration\" class=\"wp-image-164920\"><\/figure>\n<h2>Compact et puissant<\/h2>\n<p>Avec son empattement long, ses porte-\u00e0-faux courts et son pare-brise fortement inclin\u00e9, la nouvelle Mercedes-AMG GT semble compacte et puissante. Le design expressif de la zone des \u00e9paules arri\u00e8re conf\u00e8re au mod\u00e8le un attrait encore plus marqu\u00e9 pour une voiture de sport. Le becquet arri\u00e8re actif est parfaitement int\u00e9gr\u00e9 au grand hayon. La calandre large et profonde sp\u00e9cifique \u00e0 AMG lui conf\u00e8re une forte pr\u00e9sence. La prise d&rsquo;air inf\u00e9rieure donne \u00e0 l&rsquo;avant un aspect encore plus large. L&rsquo;avant sportif est compl\u00e9t\u00e9 par les puissants d\u00f4mes de puissance sur le capot.<\/p>\n<p>L&rsquo;int\u00e9rieur de la nouvelle AMG GT comprend des si\u00e8ges 2+2 (si\u00e8ges arri\u00e8re adapt\u00e9s \u00e0 des personnes mesurant jusqu&rsquo;\u00e0 1,5 m\u00e8tre), un dossier de si\u00e8ge arri\u00e8re rabattable en plusieurs parties, un \u00e9cran tactile multim\u00e9dia de 11,9 pouces et un syst\u00e8me d&rsquo;infodivertissement MBUX (Mercedes-Benz User Experience). La finition a une fois de plus \u00e9t\u00e9 pouss\u00e9e \u00e0 son paroxysme. L&rsquo;\u00e9clairage d&rsquo;ambiance a \u00e9galement \u00e9t\u00e9 pris en compte. Il convient \u00e9galement de mentionner les si\u00e8ges sport AMG \u00e0 r\u00e9glage \u00e9lectrique avec appuis-t\u00eate int\u00e9gr\u00e9s. Les si\u00e8ges AMG Performance en option sont encore plus sportifs, avec des appuis-t\u00eate int\u00e9gr\u00e9s et des bouches d&rsquo;a\u00e9ration dans les dossiers. Les joues lat\u00e9rales des si\u00e8ges multicontours en option sont automatiquement r\u00e9gl\u00e9es plus \u00e9troites en modes de conduite Sport, Sport+ et RACE afin de toujours offrir un soutien lat\u00e9ral optimal.<\/p>\n<p><strong><em>Les donn\u00e9es techniques sont les suivantes<\/em><\/strong><\/p>\n<\/p>\n<h2>Mercedes-AMG GT 63 4MATIC+ Coup\u00e9<\/h2>\n<\/p>\n<figure class=\"wp-block-table\">\n<table>\n<tbody>\n<tr>\n<td>moteur<\/td>\n<\/tr>\n<tr>\n<td>Nombre de cylindres<\/td>\n<td>\n  &nbsp;\n<\/td>\n<td>8\/V<\/td>\n<\/tr>\n<tr>\n<td>Capacit\u00e9 de la bouteille<\/td>\n<td><sup>cm3<\/sup><\/td>\n<td>3.982<\/td>\n<\/tr>\n<tr>\n<td>Puissance max.<\/td>\n<td>kW\/ch<\/td>\n<td>430\/585<\/td>\n<\/tr>\n<tr>\n<td>\u00e0<\/td>\n<td>rpm<\/td>\n<td>5.500-6.500<\/td>\n<\/tr>\n<tr>\n<td>Couple max.<\/td>\n<td>Nm<\/td>\n<td>800<\/td>\n<\/tr>\n<tr>\n<td>\u00e0<\/td>\n<td>rpm<\/td>\n<td>2.500-5.000<\/td>\n<\/tr>\n<tr>\n<td>Taux de compression<\/td>\n<td>\n  &nbsp;\n<\/td>\n<td>8,6<\/td>\n<\/tr>\n<tr>\n<td>Formation du m\u00e9lange<\/td>\n<td>\n  &nbsp;\n<\/td>\n<td>Injection d&rsquo;essence contr\u00f4l\u00e9e par microprocesseur, biturbo<\/td>\n<\/tr>\n<tr>\n<td>Transfert d&rsquo;actifs<\/td>\n<\/tr>\n<tr>\n<td>Structure du groupe motopropulseur<\/td>\n<td>\n  &nbsp;\n<\/td>\n<td>Transmission int\u00e9grale AMG Performance 4MATIC+ enti\u00e8rement variable<\/td>\n<\/tr>\n<tr>\n<td>Transmission<\/td>\n<td>\n  &nbsp;\n<\/td>\n<td>AMG SPEEDSHIFT MCT 9G (bo\u00eete de vitesses automatique avec embrayage multidisque humide)<\/td>\n<\/tr>\n<tr>\n<td>Rapports de vitesse<\/td>\n<\/tr>\n<tr>\n<td>1er\/2e\/3e\/4e\/5e\/6e\/7e\/8e\/9e vitesses<\/td>\n<td>\n  &nbsp;\n<\/td>\n<td>5,35\/3,24\/2,25\/1,64\/1,21\/1,00\/0,87\/0,72\/0,60<\/td>\n<\/tr>\n<tr>\n<td>Marche arri\u00e8re<\/td>\n<td>\n  &nbsp;\n<\/td>\n<td>4,80<\/td>\n<\/tr>\n<tr>\n<td>Train d&rsquo;atterrissage<\/td>\n<\/tr>\n<tr>\n<td>Essieu avant<\/td>\n<td>Suspension AMG ACTIVE RIDE CONTROL avec stabilisation active du roulis, doubles traverses en aluminium, dispositif antiplong\u00e9e, ressorts h\u00e9lico\u00efdaux et amortissement adaptatif r\u00e9glable<\/td>\n<\/tr>\n<tr>\n<td>Essieu arri\u00e8re<\/td>\n<td>Suspension AMG ACTIVE RIDE CONTROL avec stabilisation active du roulis, doubles traverses en aluminium, dispositif antiplong\u00e9e, ressorts h\u00e9lico\u00efdaux et amortissement adaptatif r\u00e9glable<\/td>\n<\/tr>\n<tr>\n<td>Syst\u00e8me de freinage<\/td>\n<td>Syst\u00e8me de freinage hydraulique \u00e0 double circuit ; avant : Disques de frein composites de 390 mm, ventil\u00e9s et perfor\u00e9s, \u00e9trier fixe en aluminium \u00e0 6 pistons ; arri\u00e8re : disques de frein composites de 360 mm, ventil\u00e9s et perfor\u00e9s, \u00e9trier flottant en aluminium \u00e0 1 piston ; frein de stationnement \u00e9lectrique, ABS, Brake Assist, <sup>ESP\u00ae<\/sup> \u00e0 trois niveaux.<\/td>\n<\/tr>\n<tr>\n<td>Contr\u00f4les<\/td>\n<td>Direction assist\u00e9e \u00e0 param\u00e8tres \u00e9lectrom\u00e9caniques avec cr\u00e9maill\u00e8re et pignon, rapport de direction variable (14,4:1) et direction assist\u00e9e variable. direction de l&rsquo;essieu arri\u00e8re avec des angles de roue allant jusqu&rsquo;\u00e0 2,5\u00b0.<\/td>\n<\/tr>\n<tr>\n<td>Jantes<\/td>\n<td>avant : 10.5Jx 20 ET42 ; arri\u00e8re : 11Jx 20 ET33<\/td>\n<\/tr>\n<tr>\n<td>Pneus<\/td>\n<td>avant : 295\/35 ZR 20 ; arri\u00e8re : 305\/35 ZR 20<\/td>\n<\/tr>\n<tr>\n<td>Dimensions et poids<\/td>\n<\/tr>\n<tr>\n<td>Empattement<\/td>\n<td>mm<\/td>\n<td>2.700<\/td>\n<\/tr>\n<tr>\n<td>Largeur de voie avant\/arri\u00e8re<\/td>\n<td>mm<\/td>\n<td>1.683\/1.686<\/td>\n<\/tr>\n<tr>\n<td>Longueur\/hauteur\/largeur<\/td>\n<td>mm<\/td>\n<td>4.728\/1.354\/1.984<\/td>\n<\/tr>\n<tr>\n<td>Cercle de rotation<\/td>\n<td>m<\/td>\n<td>12,5<\/td>\n<\/tr>\n<tr>\n<td>Volume du compartiment \u00e0 bagages<\/td>\n<td>l<\/td>\n<td>321-675<\/td>\n<\/tr>\n<tr>\n<td>Poids \u00e0 vide selon la CE<\/td>\n<td>kg<\/td>\n<td>1.970<\/td>\n<\/tr>\n<tr>\n<td>Charge utile<\/td>\n<td>kg<\/td>\n<td>190-350<\/td>\n<\/tr>\n<tr>\n<td>Capacit\u00e9 du r\u00e9servoir\/de la r\u00e9serve<\/td>\n<td>l<\/td>\n<td>70\/10<\/td>\n<\/tr>\n<tr>\n<td>Performances, consommation, \u00e9missions<\/td>\n<\/tr>\n<tr>\n<td>Acc\u00e9l\u00e9ration 0-100 km\/h<\/td>\n<td>sec.<\/td>\n<td>3,2<\/td>\n<\/tr>\n<tr>\n<td>Vitesse maximale<\/td>\n<td>km\/h<\/td>\n<td>315<\/td>\n<\/tr>\n<tr>\n<td>Consommation de carburant combin\u00e9e. <sup>WLTP1<\/sup><\/td>\n<td>l\/100 km<\/td>\n<td>14,1<\/td>\n<\/tr>\n<tr>\n<td><sub>\u00c9missions de CO2<\/sub> comp., <sup>WLTP1<\/sup><\/td>\n<td>g\/km<\/td>\n<td>319<\/td>\n<\/tr>\n<tr>\n<td><\/td>\n<td><\/td>\n<td><\/td>\n<td><\/td>\n<\/tr>\n<\/tbody>\n<\/table>\n<\/figure>\n<h2>Mercedes-AMG GT 55 4MATIC+ Coup\u00e9<\/h2>\n<\/p>\n<figure class=\"wp-block-table\">\n<table>\n<tbody>\n<tr>\n<td>moteur<\/td>\n<\/tr>\n<tr>\n<td>Nombre de cylindres<\/td>\n<td>\n  &nbsp;\n<\/td>\n<td>8\/V<\/td>\n<\/tr>\n<tr>\n<td>Capacit\u00e9 de la bouteille<\/td>\n<td><sup>cm3<\/sup><\/td>\n<td>3.982<\/td>\n<\/tr>\n<tr>\n<td>Puissance max.<\/td>\n<td>kW\/ch<\/td>\n<td>350\/476<\/td>\n<\/tr>\n<tr>\n<td>\u00e0<\/td>\n<td>rpm<\/td>\n<td>5.500-6.500<\/td>\n<\/tr>\n<tr>\n<td>Couple max.<\/td>\n<td>Nm<\/td>\n<td>700<\/td>\n<\/tr>\n<tr>\n<td>\u00e0<\/td>\n<td>rpm<\/td>\n<td>2.250-4.500<\/td>\n<\/tr>\n<tr>\n<td>Taux de compression<\/td>\n<td>\n  &nbsp;\n<\/td>\n<td>8,6<\/td>\n<\/tr>\n<tr>\n<td>Formation du m\u00e9lange<\/td>\n<td>\n  &nbsp;\n<\/td>\n<td>Injection d&rsquo;essence contr\u00f4l\u00e9e par microprocesseur, biturbo<\/td>\n<\/tr>\n<tr>\n<td>Transmission de puissance<\/td>\n<\/tr>\n<tr>\n<td>Structure du syst\u00e8me d&rsquo;entra\u00eenement<\/td>\n<td>\n  &nbsp;\n<\/td>\n<td>Transmission int\u00e9grale AMG Performance 4MATIC+ enti\u00e8rement variable<\/td>\n<\/tr>\n<tr>\n<td>Transmission<\/td>\n<td>\n  &nbsp;\n<\/td>\n<td>AMG SPEEDSHIFT MCT 9G (bo\u00eete de vitesses automatique avec embrayage multidisque humide)<\/td>\n<\/tr>\n<tr>\n<td>Rapports de vitesse<\/td>\n<\/tr>\n<tr>\n<td>1er\/2e\/3e\/4e\/5e\/6e\/7e\/8e\/9e vitesses<\/td>\n<td>\n  &nbsp;\n<\/td>\n<td>5,35\/3,24\/2,25\/1,64\/1,21\/1,00\/0,87\/0,72\/0,60<\/td>\n<\/tr>\n<tr>\n<td>Marche arri\u00e8re<\/td>\n<td>\n  &nbsp;\n<\/td>\n<td>4,80<\/td>\n<\/tr>\n<tr>\n<td>Train d&rsquo;atterrissage<\/td>\n<\/tr>\n<tr>\n<td>Essieu avant<\/td>\n<td>Suspension AMG ACTIVE RIDE CONTROL avec stabilisation active du roulis, doubles traverses en aluminium, dispositif antiplong\u00e9e, ressorts h\u00e9lico\u00efdaux et amortissement adaptatif r\u00e9glable<\/td>\n<\/tr>\n<tr>\n<td>Essieu arri\u00e8re<\/td>\n<td>Suspension AMG ACTIVE RIDE CONTROL avec stabilisation active du roulis, doubles traverses en aluminium, dispositif antiplong\u00e9e, ressorts h\u00e9lico\u00efdaux et amortissement adaptatif r\u00e9glable<\/td>\n<\/tr>\n<tr>\n<td>Syst\u00e8me de freinage<\/td>\n<td>Syst\u00e8me de freinage hydraulique \u00e0 double circuit ; avant : Disques de frein composites de 390 mm, ventil\u00e9s et perfor\u00e9s, \u00e9trier fixe en aluminium \u00e0 6 pistons ; arri\u00e8re : disques de frein composites de 360 mm, ventil\u00e9s et perfor\u00e9s, \u00e9trier flottant en aluminium \u00e0 1 piston ; frein de stationnement \u00e9lectrique, ABS, Brake Assist, <sup>ESP\u00ae<\/sup> \u00e0 trois niveaux.<\/td>\n<\/tr>\n<tr>\n<td>Contr\u00f4les<\/td>\n<td>Direction assist\u00e9e \u00e0 param\u00e8tres \u00e9lectrom\u00e9caniques avec cr\u00e9maill\u00e8re et pignon, rapport de direction variable (14,4:1) et direction assist\u00e9e variable. direction de l&rsquo;essieu arri\u00e8re avec des angles de roue allant jusqu&rsquo;\u00e0 2,5\u00b0.<\/td>\n<\/tr>\n<tr>\n<td>Jantes<\/td>\n<td>avant : 10.5Jx 20 ET42 ; arri\u00e8re : 11Jx 20 ET33<\/td>\n<\/tr>\n<tr>\n<td>Pneus<\/td>\n<td>avant : 295\/35 ZR 20 ; arri\u00e8re : 305\/35 ZR 20<\/td>\n<\/tr>\n<tr>\n<td>Dimensions et poids<\/td>\n<\/tr>\n<tr>\n<td>Empattement<\/td>\n<td>mm<\/td>\n<td>2.700<\/td>\n<\/tr>\n<tr>\n<td>Largeur de voie avant\/arri\u00e8re<\/td>\n<td>mm<\/td>\n<td>1.683\/1.686<\/td>\n<\/tr>\n<tr>\n<td>Longueur\/hauteur\/largeur<\/td>\n<td>mm<\/td>\n<td>4.728\/1.354\/1.984<\/td>\n<\/tr>\n<tr>\n<td>Cercle de rotation<\/td>\n<td>m<\/td>\n<td>12,5<\/td>\n<\/tr>\n<tr>\n<td>Volume du compartiment \u00e0 bagages<\/td>\n<td>l<\/td>\n<td>321-675<\/td>\n<\/tr>\n<tr>\n<td>Poids \u00e0 vide selon la CE<\/td>\n<td>kg<\/td>\n<td>1.970<\/td>\n<\/tr>\n<tr>\n<td>Charge utile<\/td>\n<td>kg<\/td>\n<td>190-350<\/td>\n<\/tr>\n<tr>\n<td>Capacit\u00e9 du r\u00e9servoir\/de la r\u00e9serve<\/td>\n<td>l<\/td>\n<td>70\/10<\/td>\n<\/tr>\n<tr>\n<td>Performances, consommation, \u00e9missions<\/td>\n<\/tr>\n<tr>\n<td>Acc\u00e9l\u00e9ration 0-100 km\/h<\/td>\n<td>sec.<\/td>\n<td>3,9<\/td>\n<\/tr>\n<tr>\n<td>Vitesse maximale<\/td>\n<td>km\/h<\/td>\n<td>295<\/td>\n<\/tr>\n<tr>\n<td>Consommation de carburant combin\u00e9e. <sup>WLTP1<\/sup><\/td>\n<td>l\/100 km<\/td>\n<td>14,1<\/td>\n<\/tr>\n<tr>\n<td><sub>\u00c9missions de CO2<\/sub> comp., <sup>WLTP1<\/sup><\/td>\n<td>g\/km<\/td>\n<td>319<\/td>\n<\/tr>\n<\/tbody>\n<\/table>\n<\/figure>\n<\/p>\n<div class=\"galery shuffle galery-0\">\n<figure>\n\t\t\t\t\t<span style=\"cursor: pointer\" data-src=\"https:\/\/autorai.nl\/wp-content\/uploads\/2023\/08\/mercedes-amg-gt-coupe-tweede-generatie-2024-foto1-1600x1067.jpg\" data-fancybox=\"galery-0\" title=\"Mercedes-AMG GT 63 4MATIC+ (consommation combin\u00e9e : 14,1 l\/100 km, \u00e9missions de CO2 combin\u00e9es : 319 g\/km) Ext\u00e9rieur : AMG Aerodynamik-Paket, Hightechsilber metallic ; Int\u00e9rieur : Leder Nappa schwarz \/\/ Mercedes-AMG GT 63 4MATIC+ (consommation combin\u00e9e, pond\u00e9r\u00e9e : 14,1 l\/100 km ; \u00e9missions combin\u00e9es de CO2, pond\u00e9r\u00e9es : 319 g\/km) ext\u00e9rieur : Pack a\u00e9rodynamique AMG, Hightechsilber metallic ; int\u00e9rieur : cuir nappa noir\"><br \/>\n\t\t\t\t\t\t\t<img decoding=\"async\" width=\"640\" height=\"480\" src=\"https:\/\/autorai.nl\/wp-content\/uploads\/2023\/08\/mercedes-amg-gt-coupe-tweede-generatie-2024-foto1-640x480.jpg\" class=\"attachment-medium size-medium\" alt=\"\" loading=\"lazy\"><i class=\"fa fa-search-plus\" aria-hidden=\"true\"><\/i><br \/>\n\t\t\t\t\t\t<\/span><br \/>\n\t\t\t\t\t<\/figure>\n<figure>\n\t\t\t\t\t<span style=\"cursor: pointer\" data-src=\"https:\/\/autorai.nl\/wp-content\/uploads\/2023\/08\/mercedes-amg-gt-coupe-tweede-generatie-2024-foto56-1600x900.jpg\" data-fancybox=\"galery-0\" title=\"Mercedes-AMG GT 63 4MATIC+, soufflerie \/\/ Mercedes-AMG GT 63 4MATIC+, soufflerie\"><br \/>\n\t\t\t\t\t\t\t<img decoding=\"async\" width=\"360\" height=\"270\" src=\"https:\/\/autorai.nl\/wp-content\/uploads\/2023\/08\/mercedes-amg-gt-coupe-tweede-generatie-2024-foto56-360x270.jpg\" class=\"attachment-small size-small\" alt=\"\" loading=\"lazy\"><i class=\"fa fa-search-plus\" aria-hidden=\"true\"><\/i><br \/>\n\t\t\t\t\t\t<\/span><br \/>\n\t\t\t\t\t<\/figure>\n<figure>\n\t\t\t\t\t<span style=\"cursor: pointer\" data-src=\"https:\/\/autorai.nl\/wp-content\/uploads\/2023\/08\/mercedes-amg-gt-coupe-tweede-generatie-2024-foto55-1600x900.jpg\" data-fancybox=\"galery-0\" title=\"Mercedes-AMG GT 63 4MATIC+, soufflerie \/\/ Mercedes-AMG GT 63 4MATIC+, soufflerie\"><br \/>\n\t\t\t\t\t\t\t<img decoding=\"async\" width=\"360\" height=\"270\" src=\"https:\/\/autorai.nl\/wp-content\/uploads\/2023\/08\/mercedes-amg-gt-coupe-tweede-generatie-2024-foto55-360x270.jpg\" class=\"attachment-small size-small\" alt=\"\" loading=\"lazy\"><i class=\"fa fa-search-plus\" aria-hidden=\"true\"><\/i><br \/>\n\t\t\t\t\t\t<\/span><br \/>\n\t\t\t\t\t<\/figure>\n<figure>\n\t\t\t\t\t<span style=\"cursor: pointer\" data-src=\"https:\/\/autorai.nl\/wp-content\/uploads\/2023\/08\/mercedes-amg-gt-coupe-tweede-generatie-2024-foto54-1600x900.jpg\" data-fancybox=\"galery-0\" title=\"Mercedes-AMG GT 63 4MATIC+, soufflerie \/\/ Mercedes-AMG GT 63 4MATIC+, soufflerie\"><br \/>\n\t\t\t\t\t\t\t<img decoding=\"async\" width=\"640\" height=\"480\" src=\"https:\/\/autorai.nl\/wp-content\/uploads\/2023\/08\/mercedes-amg-gt-coupe-tweede-generatie-2024-foto54-640x480.jpg\" class=\"attachment-medium size-medium\" alt=\"\" loading=\"lazy\"><i class=\"fa fa-search-plus\" aria-hidden=\"true\"><\/i><br \/>\n\t\t\t\t\t\t<\/span><br \/>\n\t\t\t\t\t<\/figure>\n<figure>\n\t\t\t\t\t<span style=\"cursor: pointer\" data-src=\"https:\/\/autorai.nl\/wp-content\/uploads\/2023\/08\/mercedes-amg-gt-coupe-tweede-generatie-2024-foto51-1600x1068.jpg\" data-fancybox=\"galery-0\" title=\"Mercedes-AMG GT 63 4MATIC+ (consommation combin\u00e9e : 14,1 l\/100 km, \u00e9missions de CO2 combin\u00e9es : 319 g\/km) Ext\u00e9rieur : AMG Aerodynamik-Paket, Hightechsilber metallic ; Int\u00e9rieur : Leder Nappa schwarz \/\/ Mercedes-AMG GT 63 4MATIC+ (consommation combin\u00e9e, pond\u00e9r\u00e9e : 14,1 l\/100 km ; \u00e9missions combin\u00e9es de CO2, pond\u00e9r\u00e9es : 319 g\/km) ext\u00e9rieur : Pack a\u00e9rodynamique AMG, Hightechsilber metallic ; int\u00e9rieur : cuir nappa noir\"><br \/>\n\t\t\t\t\t\t\t<img decoding=\"async\" width=\"360\" height=\"270\" src=\"https:\/\/autorai.nl\/wp-content\/uploads\/2023\/08\/mercedes-amg-gt-coupe-tweede-generatie-2024-foto51-360x270.jpg\" class=\"attachment-small size-small\" alt=\"\" loading=\"lazy\"><i class=\"fa fa-search-plus\" aria-hidden=\"true\"><\/i><br \/>\n\t\t\t\t\t\t<\/span><br \/>\n\t\t\t\t\t<\/figure>\n<figure>\n\t\t\t\t\t<span style=\"cursor: pointer\" data-src=\"https:\/\/autorai.nl\/wp-content\/uploads\/2023\/08\/mercedes-amg-gt-coupe-tweede-generatie-2024-foto50-1600x1068.jpg\" data-fancybox=\"galery-0\" title=\"Mercedes-AMG GT 63 4MATIC+ (consommation combin\u00e9e : 14,1 l\/100 km, \u00e9missions de CO2 combin\u00e9es : 319 g\/km) Ext\u00e9rieur : AMG Aerodynamik-Paket, Hightechsilber metallic ; Int\u00e9rieur : Leder Nappa schwarz \/\/ Mercedes-AMG GT 63 4MATIC+ (consommation combin\u00e9e, pond\u00e9r\u00e9e : 14,1 l\/100 km ; \u00e9missions combin\u00e9es de CO2, pond\u00e9r\u00e9es : 319 g\/km) ext\u00e9rieur : Pack a\u00e9rodynamique AMG, Hightechsilber metallic ; int\u00e9rieur : cuir nappa noir\"><br \/>\n\t\t\t\t\t\t\t<img decoding=\"async\" width=\"360\" height=\"270\" src=\"https:\/\/autorai.nl\/wp-content\/uploads\/2023\/08\/mercedes-amg-gt-coupe-tweede-generatie-2024-foto50-360x270.jpg\" class=\"attachment-small size-small\" alt=\"\" loading=\"lazy\"><i class=\"fa fa-search-plus\" aria-hidden=\"true\"><\/i><br \/>\n\t\t\t\t\t\t<\/span><br \/>\n\t\t\t\t\t<\/figure>\n<figure>\n\t\t\t\t\t<span style=\"cursor: pointer\" data-src=\"https:\/\/autorai.nl\/wp-content\/uploads\/2023\/08\/mercedes-amg-gt-coupe-tweede-generatie-2024-foto49-1600x1068.jpg\" data-fancybox=\"galery-0\" title=\"Mercedes-AMG GT 63 4MATIC+ (consommation combin\u00e9e : 14,1 l\/100 km, \u00e9missions de CO2 combin\u00e9es : 319 g\/km) Ext\u00e9rieur : AMG Aerodynamik-Paket, Hightechsilber metallic ; Int\u00e9rieur : Leder Nappa schwarz \/\/ Mercedes-AMG GT 63 4MATIC+ (consommation combin\u00e9e, pond\u00e9r\u00e9e : 14,1 l\/100 km ; \u00e9missions combin\u00e9es de CO2, pond\u00e9r\u00e9es : 319 g\/km) ext\u00e9rieur : Pack a\u00e9rodynamique AMG, Hightechsilber metallic ; int\u00e9rieur : cuir nappa noir\"><br \/>\n\t\t\t\t\t\t\t<img decoding=\"async\" width=\"640\" height=\"480\" src=\"https:\/\/autorai.nl\/wp-content\/uploads\/2023\/08\/mercedes-amg-gt-coupe-tweede-generatie-2024-foto49-640x480.jpg\" class=\"attachment-medium size-medium\" alt=\"\" loading=\"lazy\"><i class=\"fa fa-search-plus\" aria-hidden=\"true\"><\/i><br \/>\n\t\t\t\t\t\t<\/span><br \/>\n\t\t\t\t\t<\/figure>\n<figure>\n\t\t\t\t\t<span style=\"cursor: pointer\" data-src=\"https:\/\/autorai.nl\/wp-content\/uploads\/2023\/08\/mercedes-amg-gt-coupe-tweede-generatie-2024-foto48-1600x1068.jpg\" data-fancybox=\"galery-0\" title=\"Mercedes-AMG GT 63 4MATIC+ (consommation combin\u00e9e : 14,1 l\/100 km, \u00e9missions de CO2 combin\u00e9es : 319 g\/km) Ext\u00e9rieur : AMG Aerodynamik-Paket, Hightechsilber metallic ; Int\u00e9rieur : Leder Nappa schwarz \/\/ Mercedes-AMG GT 63 4MATIC+ (consommation combin\u00e9e, pond\u00e9r\u00e9e : 14,1 l\/100 km ; \u00e9missions combin\u00e9es de CO2, pond\u00e9r\u00e9es : 319 g\/km) ext\u00e9rieur : Pack a\u00e9rodynamique AMG, Hightechsilber metallic ; int\u00e9rieur : cuir nappa noir\"><br \/>\n\t\t\t\t\t\t\t<img decoding=\"async\" width=\"360\" height=\"270\" src=\"https:\/\/autorai.nl\/wp-content\/uploads\/2023\/08\/mercedes-amg-gt-coupe-tweede-generatie-2024-foto48-360x270.jpg\" class=\"attachment-small size-small\" alt=\"\" loading=\"lazy\"><i class=\"fa fa-search-plus\" aria-hidden=\"true\"><\/i><br \/>\n\t\t\t\t\t\t<\/span><br \/>\n\t\t\t\t\t<\/figure>\n<figure>\n\t\t\t\t\t<span style=\"cursor: pointer\" data-src=\"https:\/\/autorai.nl\/wp-content\/uploads\/2023\/08\/mercedes-amg-gt-coupe-tweede-generatie-2024-foto47-1600x1068.jpg\" data-fancybox=\"galery-0\" title=\"Mercedes-AMG GT 63 4MATIC+ (consommation combin\u00e9e : 14,1 l\/100 km, \u00e9missions de CO2 combin\u00e9es : 319 g\/km) Ext\u00e9rieur : AMG Aerodynamik-Paket, Hightechsilber metallic ; Int\u00e9rieur : Leder Nappa schwarz \/\/ Mercedes-AMG GT 63 4MATIC+ (consommation combin\u00e9e, pond\u00e9r\u00e9e : 14,1 l\/100 km ; \u00e9missions combin\u00e9es de CO2, pond\u00e9r\u00e9es : 319 g\/km) ext\u00e9rieur : Pack a\u00e9rodynamique AMG, Hightechsilber metallic ; int\u00e9rieur : cuir nappa noir\"><br \/>\n\t\t\t\t\t\t\t<img decoding=\"async\" width=\"360\" height=\"270\" src=\"https:\/\/autorai.nl\/wp-content\/uploads\/2023\/08\/mercedes-amg-gt-coupe-tweede-generatie-2024-foto47-360x270.jpg\" class=\"attachment-small size-small\" alt=\"\" loading=\"lazy\"><i class=\"fa fa-search-plus\" aria-hidden=\"true\"><\/i><br \/>\n\t\t\t\t\t\t<\/span><br \/>\n\t\t\t\t\t<\/figure>\n<figure>\n\t\t\t\t\t<span style=\"cursor: pointer\" data-src=\"https:\/\/autorai.nl\/wp-content\/uploads\/2023\/08\/mercedes-amg-gt-coupe-tweede-generatie-2024-foto46-1600x1068.jpg\" data-fancybox=\"galery-0\" title=\"Mercedes-AMG GT 63 4MATIC+ (consommation combin\u00e9e : 14,1 l\/100 km, \u00e9missions de CO2 combin\u00e9es : 319 g\/km) Ext\u00e9rieur : AMG Aerodynamik-Paket, Hightechsilber metallic ; Int\u00e9rieur : Leder Nappa schwarz \/\/ Mercedes-AMG GT 63 4MATIC+ (consommation combin\u00e9e, pond\u00e9r\u00e9e : 14,1 l\/100 km ; \u00e9missions combin\u00e9es de CO2, pond\u00e9r\u00e9es : 319 g\/km) ext\u00e9rieur : Pack a\u00e9rodynamique AMG, Hightechsilber metallic ; int\u00e9rieur : cuir nappa noir\"><br \/>\n\t\t\t\t\t\t\t<img decoding=\"async\" width=\"640\" height=\"480\" src=\"https:\/\/autorai.nl\/wp-content\/uploads\/2023\/08\/mercedes-amg-gt-coupe-tweede-generatie-2024-foto46-640x480.jpg\" class=\"attachment-medium size-medium\" alt=\"\" loading=\"lazy\"><i class=\"fa fa-search-plus\" aria-hidden=\"true\"><\/i><br \/>\n\t\t\t\t\t\t<\/span><br \/>\n\t\t\t\t\t<\/figure>\n<figure>\n\t\t\t\t\t<span style=\"cursor: pointer\" data-src=\"https:\/\/autorai.nl\/wp-content\/uploads\/2023\/08\/mercedes-amg-gt-coupe-tweede-generatie-2024-foto45-1600x1068.jpg\" data-fancybox=\"galery-0\" title=\"Mercedes-AMG GT 63 4MATIC+ (consommation combin\u00e9e : 14,1 l\/100 km, \u00e9missions de CO2 combin\u00e9es : 319 g\/km) Ext\u00e9rieur : AMG Aerodynamik-Paket, Hightechsilber metallic ; Int\u00e9rieur : Leder Nappa schwarz \/\/ Mercedes-AMG GT 63 4MATIC+ (consommation combin\u00e9e, pond\u00e9r\u00e9e : 14,1 l\/100 km ; \u00e9missions combin\u00e9es de CO2, pond\u00e9r\u00e9es : 319 g\/km) ext\u00e9rieur : Pack a\u00e9rodynamique AMG, Hightechsilber metallic ; int\u00e9rieur : cuir nappa noir\"><br \/>\n\t\t\t\t\t\t\t<img decoding=\"async\" width=\"360\" height=\"270\" src=\"https:\/\/autorai.nl\/wp-content\/uploads\/2023\/08\/mercedes-amg-gt-coupe-tweede-generatie-2024-foto45-360x270.jpg\" class=\"attachment-small size-small\" alt=\"Mercedes-AMG GT Coup\u00e9 - Deuxi\u00e8me g\u00e9n\u00e9ration\" loading=\"lazy\"><i class=\"fa fa-search-plus\" aria-hidden=\"true\"><\/i><br \/>\n\t\t\t\t\t\t<\/span><br \/>\n\t\t\t\t\t<\/figure>\n<figure>\n\t\t\t\t\t<span style=\"cursor: pointer\" data-src=\"https:\/\/autorai.nl\/wp-content\/uploads\/2023\/08\/mercedes-amg-gt-coupe-tweede-generatie-2024-foto44-1600x1068.jpg\" data-fancybox=\"galery-0\" title=\"Mercedes-AMG GT 63 4MATIC+ (consommation combin\u00e9e : 14,1 l\/100 km, \u00e9missions de CO2 combin\u00e9es : 319 g\/km) Ext\u00e9rieur : AMG Aerodynamik-Paket, Hightechsilber metallic ; Int\u00e9rieur : Leder Nappa schwarz \/\/ Mercedes-AMG GT 63 4MATIC+ (consommation combin\u00e9e, pond\u00e9r\u00e9e : 14,1 l\/100 km ; \u00e9missions combin\u00e9es de CO2, pond\u00e9r\u00e9es : 319 g\/km) ext\u00e9rieur : Pack a\u00e9rodynamique AMG, Hightechsilber metallic ; int\u00e9rieur : cuir nappa noir\"><br \/>\n\t\t\t\t\t\t\t<img decoding=\"async\" width=\"360\" height=\"270\" src=\"https:\/\/autorai.nl\/wp-content\/uploads\/2023\/08\/mercedes-amg-gt-coupe-tweede-generatie-2024-foto44-360x270.jpg\" class=\"attachment-small size-small\" alt=\"\" loading=\"lazy\"><i class=\"fa fa-search-plus\" aria-hidden=\"true\"><\/i><br \/>\n\t\t\t\t\t\t<\/span><br \/>\n\t\t\t\t\t<\/figure>\n<figure>\n\t\t\t\t\t<span style=\"cursor: pointer\" data-src=\"https:\/\/autorai.nl\/wp-content\/uploads\/2023\/08\/mercedes-amg-gt-coupe-tweede-generatie-2024-foto43-1600x1068.jpg\" data-fancybox=\"galery-0\" title=\"Mercedes-AMG GT 63 4MATIC+ (consommation combin\u00e9e : 14,1 l\/100 km, \u00e9missions de CO2 combin\u00e9es : 319 g\/km) Ext\u00e9rieur : AMG Aerodynamik-Paket, Hightechsilber metallic ; Int\u00e9rieur : Leder Nappa schwarz \/\/ Mercedes-AMG GT 63 4MATIC+ (consommation combin\u00e9e, pond\u00e9r\u00e9e : 14,1 l\/100 km ; \u00e9missions combin\u00e9es de CO2, pond\u00e9r\u00e9es : 319 g\/km) ext\u00e9rieur : Pack a\u00e9rodynamique AMG, Hightechsilber metallic ; int\u00e9rieur : cuir nappa noir\"><br \/>\n\t\t\t\t\t\t\t<img decoding=\"async\" width=\"640\" height=\"480\" src=\"https:\/\/autorai.nl\/wp-content\/uploads\/2023\/08\/mercedes-amg-gt-coupe-tweede-generatie-2024-foto43-640x480.jpg\" class=\"attachment-medium size-medium\" alt=\"\" loading=\"lazy\"><i class=\"fa fa-search-plus\" aria-hidden=\"true\"><\/i><br \/>\n\t\t\t\t\t\t<\/span><br \/>\n\t\t\t\t\t<\/figure>\n<figure>\n\t\t\t\t\t<span style=\"cursor: pointer\" data-src=\"https:\/\/autorai.nl\/wp-content\/uploads\/2023\/08\/mercedes-amg-gt-coupe-tweede-generatie-2024-foto42-1600x1068.jpg\" data-fancybox=\"galery-0\" title=\"Mercedes-AMG GT 63 4MATIC+ (consommation combin\u00e9e : 14,1 l\/100 km, \u00e9missions de CO2 combin\u00e9es : 319 g\/km) Ext\u00e9rieur : AMG Aerodynamik-Paket, Hightechsilber metallic ; Int\u00e9rieur : Leder Nappa schwarz \/\/ Mercedes-AMG GT 63 4MATIC+ (consommation combin\u00e9e, pond\u00e9r\u00e9e : 14,1 l\/100 km ; \u00e9missions combin\u00e9es de CO2, pond\u00e9r\u00e9es : 319 g\/km) ext\u00e9rieur : Pack a\u00e9rodynamique AMG, Hightechsilber metallic ; int\u00e9rieur : cuir nappa noir\"><br \/>\n\t\t\t\t\t\t\t<img decoding=\"async\" width=\"360\" height=\"270\" src=\"https:\/\/autorai.nl\/wp-content\/uploads\/2023\/08\/mercedes-amg-gt-coupe-tweede-generatie-2024-foto42-360x270.jpg\" class=\"attachment-small size-small\" alt=\"\" loading=\"lazy\"><i class=\"fa fa-search-plus\" aria-hidden=\"true\"><\/i><br \/>\n\t\t\t\t\t\t<\/span><br \/>\n\t\t\t\t\t<\/figure>\n<figure>\n\t\t\t\t\t<span style=\"cursor: pointer\" data-src=\"https:\/\/autorai.nl\/wp-content\/uploads\/2023\/08\/mercedes-amg-gt-coupe-tweede-generatie-2024-foto41-1600x1068.jpg\" data-fancybox=\"galery-0\" title=\"Mercedes-AMG GT 63 4MATIC+ (consommation combin\u00e9e : 14,1 l\/100 km, \u00e9missions de CO2 combin\u00e9es : 319 g\/km) Ext\u00e9rieur : AMG Aerodynamik-Paket, Hightechsilber metallic ; Int\u00e9rieur : Leder Nappa schwarz \/\/ Mercedes-AMG GT 63 4MATIC+ (consommation combin\u00e9e, pond\u00e9r\u00e9e : 14,1 l\/100 km ; \u00e9missions combin\u00e9es de CO2, pond\u00e9r\u00e9es : 319 g\/km) ext\u00e9rieur : Pack a\u00e9rodynamique AMG, Hightechsilber metallic ; int\u00e9rieur : cuir nappa noir\"><br \/>\n\t\t\t\t\t\t\t<img decoding=\"async\" width=\"360\" height=\"270\" src=\"https:\/\/autorai.nl\/wp-content\/uploads\/2023\/08\/mercedes-amg-gt-coupe-tweede-generatie-2024-foto41-360x270.jpg\" class=\"attachment-small size-small\" alt=\"\" loading=\"lazy\"><i class=\"fa fa-search-plus\" aria-hidden=\"true\"><\/i><br \/>\n\t\t\t\t\t\t<\/span><br \/>\n\t\t\t\t\t<\/figure>\n<figure>\n\t\t\t\t\t<span style=\"cursor: pointer\" data-src=\"https:\/\/autorai.nl\/wp-content\/uploads\/2023\/08\/mercedes-amg-gt-coupe-tweede-generatie-2024-foto40-1600x1068.jpg\" data-fancybox=\"galery-0\" title=\"Mercedes-AMG GT 63 4MATIC+ (consommation combin\u00e9e : 14,1 l\/100 km, \u00e9missions de CO2 combin\u00e9es : 319 g\/km) Ext\u00e9rieur : AMG Aerodynamik-Paket, Hightechsilber metallic ; Int\u00e9rieur : Leder Nappa schwarz \/\/ Mercedes-AMG GT 63 4MATIC+ (consommation combin\u00e9e, pond\u00e9r\u00e9e : 14,1 l\/100 km ; \u00e9missions combin\u00e9es de CO2, pond\u00e9r\u00e9es : 319 g\/km) ext\u00e9rieur : Pack a\u00e9rodynamique AMG, Hightechsilber metallic ; int\u00e9rieur : cuir nappa noir\"><br \/>\n\t\t\t\t\t\t\t<img decoding=\"async\" width=\"640\" height=\"480\" src=\"https:\/\/autorai.nl\/wp-content\/uploads\/2023\/08\/mercedes-amg-gt-coupe-tweede-generatie-2024-foto40-640x480.jpg\" class=\"attachment-medium size-medium\" alt=\"\" loading=\"lazy\"><i class=\"fa fa-search-plus\" aria-hidden=\"true\"><\/i><br \/>\n\t\t\t\t\t\t<\/span><br \/>\n\t\t\t\t\t<\/figure>\n<figure>\n\t\t\t\t\t<span style=\"cursor: pointer\" data-src=\"https:\/\/autorai.nl\/wp-content\/uploads\/2023\/08\/mercedes-amg-gt-coupe-tweede-generatie-2024-foto39-1600x1068.jpg\" data-fancybox=\"galery-0\" title=\"Mercedes-AMG GT 63 4MATIC+ (consommation combin\u00e9e : 14,1 l\/100 km, \u00e9missions de CO2 combin\u00e9es : 319 g\/km) Ext\u00e9rieur : AMG Aerodynamik-Paket, Hightechsilber metallic ; Int\u00e9rieur : Leder Nappa schwarz \/\/ Mercedes-AMG GT 63 4MATIC+ (consommation combin\u00e9e, pond\u00e9r\u00e9e : 14,1 l\/100 km ; \u00e9missions combin\u00e9es de CO2, pond\u00e9r\u00e9es : 319 g\/km) ext\u00e9rieur : Pack a\u00e9rodynamique AMG, Hightechsilber metallic ; int\u00e9rieur : cuir nappa noir\"><br \/>\n\t\t\t\t\t\t\t<img decoding=\"async\" width=\"360\" height=\"270\" src=\"https:\/\/autorai.nl\/wp-content\/uploads\/2023\/08\/mercedes-amg-gt-coupe-tweede-generatie-2024-foto39-360x270.jpg\" class=\"attachment-small size-small\" alt=\"\" loading=\"lazy\"><i class=\"fa fa-search-plus\" aria-hidden=\"true\"><\/i><br \/>\n\t\t\t\t\t\t<\/span><br \/>\n\t\t\t\t\t<\/figure>\n<figure>\n\t\t\t\t\t<span style=\"cursor: pointer\" data-src=\"https:\/\/autorai.nl\/wp-content\/uploads\/2023\/08\/mercedes-amg-gt-coupe-tweede-generatie-2024-foto38-1600x1068.jpg\" data-fancybox=\"galery-0\" title=\"Mercedes-AMG GT 63 4MATIC+ (consommation combin\u00e9e : 14,1 l\/100 km, \u00e9missions de CO2 combin\u00e9es : 319 g\/km) Ext\u00e9rieur : AMG Aerodynamik-Paket, Hightechsilber metallic ; Int\u00e9rieur : Leder Nappa schwarz \/\/ Mercedes-AMG GT 63 4MATIC+ (consommation combin\u00e9e, pond\u00e9r\u00e9e : 14,1 l\/100 km ; \u00e9missions combin\u00e9es de CO2, pond\u00e9r\u00e9es : 319 g\/km) ext\u00e9rieur : Pack a\u00e9rodynamique AMG, Hightechsilber metallic ; int\u00e9rieur : cuir nappa noir\"><br \/>\n\t\t\t\t\t\t\t<img decoding=\"async\" width=\"360\" height=\"270\" src=\"https:\/\/autorai.nl\/wp-content\/uploads\/2023\/08\/mercedes-amg-gt-coupe-tweede-generatie-2024-foto38-360x270.jpg\" class=\"attachment-small size-small\" alt=\"\" loading=\"lazy\"><i class=\"fa fa-search-plus\" aria-hidden=\"true\"><\/i><br \/>\n\t\t\t\t\t\t<\/span><br \/>\n\t\t\t\t\t<\/figure>\n<figure>\n\t\t\t\t\t<span style=\"cursor: pointer\" data-src=\"https:\/\/autorai.nl\/wp-content\/uploads\/2023\/08\/mercedes-amg-gt-coupe-tweede-generatie-2024-foto37-1600x1068.jpg\" data-fancybox=\"galery-0\" title=\"Mercedes-AMG GT 63 4MATIC+ (consommation combin\u00e9e : 14,1 l\/100 km, \u00e9missions de CO2 combin\u00e9es : 319 g\/km) Ext\u00e9rieur : AMG Aerodynamik-Paket, Hightechsilber metallic ; Int\u00e9rieur : Leder Nappa schwarz \/\/ Mercedes-AMG GT 63 4MATIC+ (consommation combin\u00e9e, pond\u00e9r\u00e9e : 14,1 l\/100 km ; \u00e9missions combin\u00e9es de CO2, pond\u00e9r\u00e9es : 319 g\/km) ext\u00e9rieur : Pack a\u00e9rodynamique AMG, Hightechsilber metallic ; int\u00e9rieur : cuir nappa noir\"><br \/>\n\t\t\t\t\t\t\t<img decoding=\"async\" width=\"640\" height=\"480\" src=\"https:\/\/autorai.nl\/wp-content\/uploads\/2023\/08\/mercedes-amg-gt-coupe-tweede-generatie-2024-foto37-640x480.jpg\" class=\"attachment-medium size-medium\" alt=\"\" loading=\"lazy\"><i class=\"fa fa-search-plus\" aria-hidden=\"true\"><\/i><br \/>\n\t\t\t\t\t\t<\/span><br \/>\n\t\t\t\t\t<\/figure>\n<figure>\n\t\t\t\t\t<span style=\"cursor: pointer\" data-src=\"https:\/\/autorai.nl\/wp-content\/uploads\/2023\/08\/mercedes-amg-gt-coupe-tweede-generatie-2024-foto36-1600x1068.jpg\" data-fancybox=\"galery-0\" title=\"Mercedes-AMG GT 63 4MATIC+ (consommation combin\u00e9e : 14,1 l\/100 km, \u00e9missions de CO2 combin\u00e9es : 319 g\/km) Ext\u00e9rieur : AMG Aerodynamik-Paket, Hightechsilber metallic ; Int\u00e9rieur : Leder Nappa schwarz \/\/ Mercedes-AMG GT 63 4MATIC+ (consommation combin\u00e9e, pond\u00e9r\u00e9e : 14,1 l\/100 km ; \u00e9missions combin\u00e9es de CO2, pond\u00e9r\u00e9es : 319 g\/km) ext\u00e9rieur : Pack a\u00e9rodynamique AMG, Hightechsilber metallic ; int\u00e9rieur : cuir nappa noir\"><br \/>\n\t\t\t\t\t\t\t<img decoding=\"async\" width=\"360\" height=\"270\" src=\"https:\/\/autorai.nl\/wp-content\/uploads\/2023\/08\/mercedes-amg-gt-coupe-tweede-generatie-2024-foto36-360x270.jpg\" class=\"attachment-small size-small\" alt=\"\" loading=\"lazy\"><i class=\"fa fa-search-plus\" aria-hidden=\"true\"><\/i><br \/>\n\t\t\t\t\t\t<\/span><br \/>\n\t\t\t\t\t<\/figure>\n<figure>\n\t\t\t\t\t<span style=\"cursor: pointer\" data-src=\"https:\/\/autorai.nl\/wp-content\/uploads\/2023\/08\/mercedes-amg-gt-coupe-tweede-generatie-2024-foto35-1600x1068.jpg\" data-fancybox=\"galery-0\" title=\"Mercedes-AMG GT 63 4MATIC+ (consommation combin\u00e9e : 14,1 l\/100 km, \u00e9missions de CO2 combin\u00e9es : 319 g\/km) Ext\u00e9rieur : AMG Aerodynamik-Paket, Hightechsilber metallic ; Int\u00e9rieur : Leder Nappa schwarz \/\/ Mercedes-AMG GT 63 4MATIC+ (consommation combin\u00e9e, pond\u00e9r\u00e9e : 14,1 l\/100 km ; \u00e9missions combin\u00e9es de CO2, pond\u00e9r\u00e9es : 319 g\/km) ext\u00e9rieur : Pack a\u00e9rodynamique AMG, Hightechsilber metallic ; int\u00e9rieur : cuir nappa noir\"><br \/>\n\t\t\t\t\t\t\t<img decoding=\"async\" width=\"360\" height=\"270\" src=\"https:\/\/autorai.nl\/wp-content\/uploads\/2023\/08\/mercedes-amg-gt-coupe-tweede-generatie-2024-foto35-360x270.jpg\" class=\"attachment-small size-small\" alt=\"\" loading=\"lazy\"><i class=\"fa fa-search-plus\" aria-hidden=\"true\"><\/i><br \/>\n\t\t\t\t\t\t<\/span><br \/>\n\t\t\t\t\t<\/figure>\n<figure>\n\t\t\t\t\t<span style=\"cursor: pointer\" data-src=\"https:\/\/autorai.nl\/wp-content\/uploads\/2023\/08\/mercedes-amg-gt-coupe-tweede-generatie-2024-foto34-1600x1068.jpg\" data-fancybox=\"galery-0\" title=\"Mercedes-AMG GT 63 4MATIC+ (consommation combin\u00e9e : 14,1 l\/100 km, \u00e9missions de CO2 combin\u00e9es : 319 g\/km) Ext\u00e9rieur : AMG Aerodynamik-Paket, Hightechsilber metallic ; Int\u00e9rieur : Leder Nappa schwarz \/\/ Mercedes-AMG GT 63 4MATIC+ (consommation combin\u00e9e, pond\u00e9r\u00e9e : 14,1 l\/100 km ; \u00e9missions combin\u00e9es de CO2, pond\u00e9r\u00e9es : 319 g\/km) ext\u00e9rieur : Pack a\u00e9rodynamique AMG, Hightechsilber metallic ; int\u00e9rieur : cuir nappa noir\"><br \/>\n\t\t\t\t\t\t\t<img decoding=\"async\" width=\"640\" height=\"480\" src=\"https:\/\/autorai.nl\/wp-content\/uploads\/2023\/08\/mercedes-amg-gt-coupe-tweede-generatie-2024-foto34-640x480.jpg\" class=\"attachment-medium size-medium\" alt=\"\" loading=\"lazy\"><i class=\"fa fa-search-plus\" aria-hidden=\"true\"><\/i><br \/>\n\t\t\t\t\t\t<\/span><br \/>\n\t\t\t\t\t<\/figure>\n<figure>\n\t\t\t\t\t<span style=\"cursor: pointer\" data-src=\"https:\/\/autorai.nl\/wp-content\/uploads\/2023\/08\/mercedes-amg-gt-coupe-tweede-generatie-2024-foto33-1600x1068.jpg\" data-fancybox=\"galery-0\" title=\"Mercedes-AMG GT 63 4MATIC+ (consommation combin\u00e9e : 14,1 l\/100 km, \u00e9missions de CO2 combin\u00e9es : 319 g\/km) Ext\u00e9rieur : AMG Aerodynamik-Paket, Hightechsilber metallic ; Int\u00e9rieur : Leder Nappa schwarz \/\/ Mercedes-AMG GT 63 4MATIC+ (consommation combin\u00e9e, pond\u00e9r\u00e9e : 14,1 l\/100 km ; \u00e9missions combin\u00e9es de CO2, pond\u00e9r\u00e9es : 319 g\/km) ext\u00e9rieur : Pack a\u00e9rodynamique AMG, Hightechsilber metallic ; int\u00e9rieur : cuir nappa noir\"><br \/>\n\t\t\t\t\t\t\t<img decoding=\"async\" width=\"360\" height=\"270\" src=\"https:\/\/autorai.nl\/wp-content\/uploads\/2023\/08\/mercedes-amg-gt-coupe-tweede-generatie-2024-foto33-360x270.jpg\" class=\"attachment-small size-small\" alt=\"\" loading=\"lazy\"><i class=\"fa fa-search-plus\" aria-hidden=\"true\"><\/i><br \/>\n\t\t\t\t\t\t<\/span><br \/>\n\t\t\t\t\t<\/figure>\n<figure>\n\t\t\t\t\t<span style=\"cursor: pointer\" data-src=\"https:\/\/autorai.nl\/wp-content\/uploads\/2023\/08\/mercedes-amg-gt-coupe-tweede-generatie-2024-foto32-1600x1068.jpg\" data-fancybox=\"galery-0\" title=\"Mercedes-AMG GT 63 4MATIC+ (consommation combin\u00e9e : 14,1 l\/100 km, \u00e9missions de CO2 combin\u00e9es : 319 g\/km) Ext\u00e9rieur : AMG Aerodynamik-Paket, Hightechsilber metallic ; Int\u00e9rieur : Leder Nappa schwarz \/\/ Mercedes-AMG GT 63 4MATIC+ (consommation combin\u00e9e, pond\u00e9r\u00e9e : 14,1 l\/100 km ; \u00e9missions combin\u00e9es de CO2, pond\u00e9r\u00e9es : 319 g\/km) ext\u00e9rieur : Pack a\u00e9rodynamique AMG, Hightechsilber metallic ; int\u00e9rieur : cuir nappa noir\"><br \/>\n\t\t\t\t\t\t\t<img decoding=\"async\" width=\"360\" height=\"270\" src=\"https:\/\/autorai.nl\/wp-content\/uploads\/2023\/08\/mercedes-amg-gt-coupe-tweede-generatie-2024-foto32-360x270.jpg\" class=\"attachment-small size-small\" alt=\"\" loading=\"lazy\"><i class=\"fa fa-search-plus\" aria-hidden=\"true\"><\/i><br \/>\n\t\t\t\t\t\t<\/span><br \/>\n\t\t\t\t\t<\/figure>\n<figure>\n\t\t\t\t\t<span style=\"cursor: pointer\" data-src=\"https:\/\/autorai.nl\/wp-content\/uploads\/2023\/08\/mercedes-amg-gt-coupe-tweede-generatie-2024-foto31-1600x1068.jpg\" data-fancybox=\"galery-0\" title=\"Mercedes-AMG GT 63 4MATIC+ (consommation combin\u00e9e : 14,1 l\/100 km, \u00e9missions de CO2 combin\u00e9es : 319 g\/km) Ext\u00e9rieur : AMG Aerodynamik-Paket, Hightechsilber metallic ; Int\u00e9rieur : Leder Nappa schwarz \/\/ Mercedes-AMG GT 63 4MATIC+ (consommation combin\u00e9e, pond\u00e9r\u00e9e : 14,1 l\/100 km ; \u00e9missions combin\u00e9es de CO2, pond\u00e9r\u00e9es : 319 g\/km) ext\u00e9rieur : Pack a\u00e9rodynamique AMG, Hightechsilber metallic ; int\u00e9rieur : cuir nappa noir\"><br \/>\n\t\t\t\t\t\t\t<img decoding=\"async\" width=\"640\" height=\"480\" src=\"https:\/\/autorai.nl\/wp-content\/uploads\/2023\/08\/mercedes-amg-gt-coupe-tweede-generatie-2024-foto31-640x480.jpg\" class=\"attachment-medium size-medium\" alt=\"Mercedes-AMG GT Coup\u00e9 - Deuxi\u00e8me g\u00e9n\u00e9ration\" loading=\"lazy\"><i class=\"fa fa-search-plus\" aria-hidden=\"true\"><\/i><br \/>\n\t\t\t\t\t\t<\/span><br \/>\n\t\t\t\t\t<\/figure>\n<figure>\n\t\t\t\t\t<span style=\"cursor: pointer\" data-src=\"https:\/\/autorai.nl\/wp-content\/uploads\/2023\/08\/mercedes-amg-gt-coupe-tweede-generatie-2024-foto30-1600x1068.jpg\" data-fancybox=\"galery-0\" title=\"Mercedes-AMG GT 63 4MATIC+ (consommation combin\u00e9e : 14,1 l\/100 km, \u00e9missions de CO2 combin\u00e9es : 319 g\/km) Ext\u00e9rieur : AMG Aerodynamik-Paket, Hightechsilber metallic ; Int\u00e9rieur : Leder Nappa schwarz \/\/ Mercedes-AMG GT 63 4MATIC+ (consommation combin\u00e9e, pond\u00e9r\u00e9e : 14,1 l\/100 km ; \u00e9missions combin\u00e9es de CO2, pond\u00e9r\u00e9es : 319 g\/km) ext\u00e9rieur : Pack a\u00e9rodynamique AMG, Hightechsilber metallic ; int\u00e9rieur : cuir nappa noir\"><br \/>\n\t\t\t\t\t\t\t<img decoding=\"async\" width=\"360\" height=\"270\" src=\"https:\/\/autorai.nl\/wp-content\/uploads\/2023\/08\/mercedes-amg-gt-coupe-tweede-generatie-2024-foto30-360x270.jpg\" class=\"attachment-small size-small\" alt=\"\" loading=\"lazy\"><i class=\"fa fa-search-plus\" aria-hidden=\"true\"><\/i><br \/>\n\t\t\t\t\t\t<\/span><br \/>\n\t\t\t\t\t<\/figure>\n<figure>\n\t\t\t\t\t<span style=\"cursor: pointer\" data-src=\"https:\/\/autorai.nl\/wp-content\/uploads\/2023\/08\/mercedes-amg-gt-coupe-tweede-generatie-2024-foto29-1600x1068.jpg\" data-fancybox=\"galery-0\" title=\"Mercedes-AMG GT 63 4MATIC+ (consommation combin\u00e9e : 14,1 l\/100 km, \u00e9missions de CO2 combin\u00e9es : 319 g\/km) Ext\u00e9rieur : AMG Aerodynamik-Paket, Hightechsilber metallic ; Int\u00e9rieur : Leder Nappa schwarz \/\/ Mercedes-AMG GT 63 4MATIC+ (consommation combin\u00e9e, pond\u00e9r\u00e9e : 14,1 l\/100 km ; \u00e9missions combin\u00e9es de CO2, pond\u00e9r\u00e9es : 319 g\/km) ext\u00e9rieur : Pack a\u00e9rodynamique AMG, Hightechsilber metallic ; int\u00e9rieur : cuir nappa noir\"><br \/>\n\t\t\t\t\t\t\t<img decoding=\"async\" width=\"360\" height=\"270\" src=\"https:\/\/autorai.nl\/wp-content\/uploads\/2023\/08\/mercedes-amg-gt-coupe-tweede-generatie-2024-foto29-360x270.jpg\" class=\"attachment-small size-small\" alt=\"\" loading=\"lazy\"><i class=\"fa fa-search-plus\" aria-hidden=\"true\"><\/i><br \/>\n\t\t\t\t\t\t<\/span><br \/>\n\t\t\t\t\t<\/figure>\n<figure>\n\t\t\t\t\t<span style=\"cursor: pointer\" data-src=\"https:\/\/autorai.nl\/wp-content\/uploads\/2023\/08\/mercedes-amg-gt-coupe-tweede-generatie-2024-foto28-1600x1068.jpg\" data-fancybox=\"galery-0\" title=\"Mercedes-AMG GT 63 4MATIC+ (consommation combin\u00e9e : 14,1 l\/100 km, \u00e9missions de CO2 combin\u00e9es : 319 g\/km) Ext\u00e9rieur : AMG Aerodynamik-Paket, Hightechsilber metallic ; Int\u00e9rieur : Leder Nappa schwarz \/\/ Mercedes-AMG GT 63 4MATIC+ (consommation combin\u00e9e, pond\u00e9r\u00e9e : 14,1 l\/100 km ; \u00e9missions combin\u00e9es de CO2, pond\u00e9r\u00e9es : 319 g\/km) ext\u00e9rieur : Pack a\u00e9rodynamique AMG, Hightechsilber metallic ; int\u00e9rieur : cuir nappa noir\"><br \/>\n\t\t\t\t\t\t\t<img decoding=\"async\" width=\"640\" height=\"480\" src=\"https:\/\/autorai.nl\/wp-content\/uploads\/2023\/08\/mercedes-amg-gt-coupe-tweede-generatie-2024-foto28-640x480.jpg\" class=\"attachment-medium size-medium\" alt=\"Mercedes-AMG GT Coup\u00e9 - Deuxi\u00e8me g\u00e9n\u00e9ration\" loading=\"lazy\"><i class=\"fa fa-search-plus\" aria-hidden=\"true\"><\/i><br \/>\n\t\t\t\t\t\t<\/span><br \/>\n\t\t\t\t\t<\/figure>\n<figure>\n\t\t\t\t\t<span style=\"cursor: pointer\" data-src=\"https:\/\/autorai.nl\/wp-content\/uploads\/2023\/08\/mercedes-amg-gt-coupe-tweede-generatie-2024-foto27-1600x1068.jpg\" data-fancybox=\"galery-0\" title=\"Mercedes-AMG GT 63 4MATIC+ (consommation combin\u00e9e : 14,1 l\/100 km, \u00e9missions de CO2 combin\u00e9es : 319 g\/km) Ext\u00e9rieur : AMG Aerodynamik-Paket, Hightechsilber metallic ; Int\u00e9rieur : Leder Nappa schwarz \/\/ Mercedes-AMG GT 63 4MATIC+ (consommation combin\u00e9e, pond\u00e9r\u00e9e : 14,1 l\/100 km ; \u00e9missions combin\u00e9es de CO2, pond\u00e9r\u00e9es : 319 g\/km) ext\u00e9rieur : Pack a\u00e9rodynamique AMG, Hightechsilber metallic ; int\u00e9rieur : cuir nappa noir\"><br \/>\n\t\t\t\t\t\t\t<img decoding=\"async\" width=\"360\" height=\"270\" src=\"https:\/\/autorai.nl\/wp-content\/uploads\/2023\/08\/mercedes-amg-gt-coupe-tweede-generatie-2024-foto27-360x270.jpg\" class=\"attachment-small size-small\" alt=\"\" loading=\"lazy\"><i class=\"fa fa-search-plus\" aria-hidden=\"true\"><\/i><br \/>\n\t\t\t\t\t\t<\/span><br \/>\n\t\t\t\t\t<\/figure>\n<figure>\n\t\t\t\t\t<span style=\"cursor: pointer\" data-src=\"https:\/\/autorai.nl\/wp-content\/uploads\/2023\/08\/mercedes-amg-gt-coupe-tweede-generatie-2024-foto26-1600x1068.jpg\" data-fancybox=\"galery-0\" title=\"Mercedes-AMG GT 63 4MATIC+ (consommation combin\u00e9e : 14,1 l\/100 km, \u00e9missions de CO2 combin\u00e9es : 319 g\/km) Ext\u00e9rieur : AMG Aerodynamik-Paket, Hightechsilber metallic ; Int\u00e9rieur : Leder Nappa schwarz \/\/ Mercedes-AMG GT 63 4MATIC+ (consommation combin\u00e9e, pond\u00e9r\u00e9e : 14,1 l\/100 km ; \u00e9missions combin\u00e9es de CO2, pond\u00e9r\u00e9es : 319 g\/km) ext\u00e9rieur : Pack a\u00e9rodynamique AMG, Hightechsilber metallic ; int\u00e9rieur : cuir nappa noir\"><br \/>\n\t\t\t\t\t\t\t<img decoding=\"async\" width=\"360\" height=\"270\" src=\"https:\/\/autorai.nl\/wp-content\/uploads\/2023\/08\/mercedes-amg-gt-coupe-tweede-generatie-2024-foto26-360x270.jpg\" class=\"attachment-small size-small\" alt=\"\" loading=\"lazy\"><i class=\"fa fa-search-plus\" aria-hidden=\"true\"><\/i><br \/>\n\t\t\t\t\t\t<\/span><br \/>\n\t\t\t\t\t<\/figure>\n<figure>\n\t\t\t\t\t<span style=\"cursor: pointer\" data-src=\"https:\/\/autorai.nl\/wp-content\/uploads\/2023\/08\/mercedes-amg-gt-coupe-tweede-generatie-2024-foto25-1600x1068.jpg\" data-fancybox=\"galery-0\" title=\"Mercedes-AMG GT 63 4MATIC+ (consommation combin\u00e9e : 14,1 l\/100 km, \u00e9missions de CO2 combin\u00e9es : 319 g\/km) Ext\u00e9rieur : AMG Aerodynamik-Paket, Hightechsilber metallic ; Int\u00e9rieur : Leder Nappa schwarz \/\/ Mercedes-AMG GT 63 4MATIC+ (consommation combin\u00e9e, pond\u00e9r\u00e9e : 14,1 l\/100 km ; \u00e9missions combin\u00e9es de CO2, pond\u00e9r\u00e9es : 319 g\/km) ext\u00e9rieur : Pack a\u00e9rodynamique AMG, Hightechsilber metallic ; int\u00e9rieur : cuir nappa noir\"><br \/>\n\t\t\t\t\t\t\t<img decoding=\"async\" width=\"640\" height=\"480\" src=\"https:\/\/autorai.nl\/wp-content\/uploads\/2023\/08\/mercedes-amg-gt-coupe-tweede-generatie-2024-foto25-640x480.jpg\" class=\"attachment-medium size-medium\" alt=\"\" loading=\"lazy\"><i class=\"fa fa-search-plus\" aria-hidden=\"true\"><\/i><br \/>\n\t\t\t\t\t\t<\/span><br \/>\n\t\t\t\t\t<\/figure>\n<figure>\n\t\t\t\t\t<span style=\"cursor: pointer\" data-src=\"https:\/\/autorai.nl\/wp-content\/uploads\/2023\/08\/mercedes-amg-gt-coupe-tweede-generatie-2024-foto24-1600x1068.jpg\" data-fancybox=\"galery-0\" title=\"Mercedes-AMG GT 63 4MATIC+ (consommation combin\u00e9e : 14,1 l\/100 km, \u00e9missions de CO2 combin\u00e9es : 319 g\/km) Ext\u00e9rieur : AMG Aerodynamik-Paket, Hightechsilber metallic ; Int\u00e9rieur : Leder Nappa schwarz \/\/ Mercedes-AMG GT 63 4MATIC+ (consommation combin\u00e9e, pond\u00e9r\u00e9e : 14,1 l\/100 km ; \u00e9missions combin\u00e9es de CO2, pond\u00e9r\u00e9es : 319 g\/km) ext\u00e9rieur : Pack a\u00e9rodynamique AMG, Hightechsilber metallic ; int\u00e9rieur : cuir nappa noir\"><br \/>\n\t\t\t\t\t\t\t<img decoding=\"async\" width=\"360\" height=\"270\" src=\"https:\/\/autorai.nl\/wp-content\/uploads\/2023\/08\/mercedes-amg-gt-coupe-tweede-generatie-2024-foto24-360x270.jpg\" class=\"attachment-small size-small\" alt=\"\" loading=\"lazy\"><i class=\"fa fa-search-plus\" aria-hidden=\"true\"><\/i><br \/>\n\t\t\t\t\t\t<\/span><br \/>\n\t\t\t\t\t<\/figure>\n<figure>\n\t\t\t\t\t<span style=\"cursor: pointer\" data-src=\"https:\/\/autorai.nl\/wp-content\/uploads\/2023\/08\/mercedes-amg-gt-coupe-tweede-generatie-2024-foto23-1600x1068.jpg\" data-fancybox=\"galery-0\" title=\"Mercedes-AMG GT 63 4MATIC+ (consommation combin\u00e9e : 14,1 l\/100 km, \u00e9missions de CO2 combin\u00e9es : 319 g\/km) Ext\u00e9rieur : AMG Aerodynamik-Paket, Hightechsilber metallic ; Int\u00e9rieur : Leder Nappa schwarz \/\/ Mercedes-AMG GT 63 4MATIC+ (consommation combin\u00e9e, pond\u00e9r\u00e9e : 14,1 l\/100 km ; \u00e9missions combin\u00e9es de CO2, pond\u00e9r\u00e9es : 319 g\/km) ext\u00e9rieur : Pack a\u00e9rodynamique AMG, Hightechsilber metallic ; int\u00e9rieur : cuir nappa noir\"><br \/>\n\t\t\t\t\t\t\t<img decoding=\"async\" width=\"360\" height=\"270\" src=\"https:\/\/autorai.nl\/wp-content\/uploads\/2023\/08\/mercedes-amg-gt-coupe-tweede-generatie-2024-foto23-360x270.jpg\" class=\"attachment-small size-small\" alt=\"\" loading=\"lazy\"><i class=\"fa fa-search-plus\" aria-hidden=\"true\"><\/i><br \/>\n\t\t\t\t\t\t<\/span><br \/>\n\t\t\t\t\t<\/figure>\n<figure>\n\t\t\t\t\t<span style=\"cursor: pointer\" data-src=\"https:\/\/autorai.nl\/wp-content\/uploads\/2023\/08\/mercedes-amg-gt-coupe-tweede-generatie-2024-foto22-1600x1068.jpg\" data-fancybox=\"galery-0\" title=\"Mercedes-AMG GT 63 4MATIC+ (consommation combin\u00e9e : 14,1 l\/100 km, \u00e9missions de CO2 combin\u00e9es : 319 g\/km) Ext\u00e9rieur : AMG Aerodynamik-Paket, Hightechsilber metallic ; Int\u00e9rieur : Leder Nappa schwarz \/\/ Mercedes-AMG GT 63 4MATIC+ (consommation combin\u00e9e, pond\u00e9r\u00e9e : 14,1 l\/100 km ; \u00e9missions combin\u00e9es de CO2, pond\u00e9r\u00e9es : 319 g\/km) ext\u00e9rieur : Pack a\u00e9rodynamique AMG, Hightechsilber metallic ; int\u00e9rieur : cuir nappa noir\"><br \/>\n\t\t\t\t\t\t\t<img decoding=\"async\" width=\"640\" height=\"480\" src=\"https:\/\/autorai.nl\/wp-content\/uploads\/2023\/08\/mercedes-amg-gt-coupe-tweede-generatie-2024-foto22-640x480.jpg\" class=\"attachment-medium size-medium\" alt=\"\" loading=\"lazy\"><i class=\"fa fa-search-plus\" aria-hidden=\"true\"><\/i><br \/>\n\t\t\t\t\t\t<\/span><br \/>\n\t\t\t\t\t<\/figure>\n<figure>\n\t\t\t\t\t<span style=\"cursor: pointer\" data-src=\"https:\/\/autorai.nl\/wp-content\/uploads\/2023\/08\/mercedes-amg-gt-coupe-tweede-generatie-2024-foto21-1600x1068.jpg\" data-fancybox=\"galery-0\" title=\"Mercedes-AMG GT 63 4MATIC+ (consommation combin\u00e9e : 14,1 l\/100 km, \u00e9missions de CO2 combin\u00e9es : 319 g\/km) Ext\u00e9rieur : AMG Aerodynamik-Paket, Hightechsilber metallic ; Int\u00e9rieur : Leder Nappa schwarz \/\/ Mercedes-AMG GT 63 4MATIC+ (consommation combin\u00e9e, pond\u00e9r\u00e9e : 14,1 l\/100 km ; \u00e9missions combin\u00e9es de CO2, pond\u00e9r\u00e9es : 319 g\/km) ext\u00e9rieur : Pack a\u00e9rodynamique AMG, Hightechsilber metallic ; int\u00e9rieur : cuir nappa noir\"><br \/>\n\t\t\t\t\t\t\t<img decoding=\"async\" width=\"360\" height=\"270\" src=\"https:\/\/autorai.nl\/wp-content\/uploads\/2023\/08\/mercedes-amg-gt-coupe-tweede-generatie-2024-foto21-360x270.jpg\" class=\"attachment-small size-small\" alt=\"\" loading=\"lazy\"><i class=\"fa fa-search-plus\" aria-hidden=\"true\"><\/i><br \/>\n\t\t\t\t\t\t<\/span><br \/>\n\t\t\t\t\t<\/figure>\n<figure>\n\t\t\t\t\t<span style=\"cursor: pointer\" data-src=\"https:\/\/autorai.nl\/wp-content\/uploads\/2023\/08\/mercedes-amg-gt-coupe-tweede-generatie-2024-foto20-1600x1068.jpg\" data-fancybox=\"galery-0\" title=\"Mercedes-AMG GT 63 4MATIC+ (consommation combin\u00e9e : 14,1 l\/100 km, \u00e9missions de CO2 combin\u00e9es : 319 g\/km) Ext\u00e9rieur : AMG Aerodynamik-Paket, Hightechsilber metallic ; Int\u00e9rieur : Leder Nappa schwarz \/\/ Mercedes-AMG GT 63 4MATIC+ (consommation combin\u00e9e, pond\u00e9r\u00e9e : 14,1 l\/100 km ; \u00e9missions combin\u00e9es de CO2, pond\u00e9r\u00e9es : 319 g\/km) ext\u00e9rieur : Pack a\u00e9rodynamique AMG, Hightechsilber metallic ; int\u00e9rieur : cuir nappa noir\"><br \/>\n\t\t\t\t\t\t\t<img decoding=\"async\" width=\"360\" height=\"270\" src=\"https:\/\/autorai.nl\/wp-content\/uploads\/2023\/08\/mercedes-amg-gt-coupe-tweede-generatie-2024-foto20-360x270.jpg\" class=\"attachment-small size-small\" alt=\"\" loading=\"lazy\"><i class=\"fa fa-search-plus\" aria-hidden=\"true\"><\/i><br \/>\n\t\t\t\t\t\t<\/span><br \/>\n\t\t\t\t\t<\/figure>\n<figure>\n\t\t\t\t\t<span style=\"cursor: pointer\" data-src=\"https:\/\/autorai.nl\/wp-content\/uploads\/2023\/08\/mercedes-amg-gt-coupe-tweede-generatie-2024-foto19-1600x1068.jpg\" data-fancybox=\"galery-0\" title=\"Mercedes-AMG GT 63 4MATIC+ (consommation combin\u00e9e : 14,1 l\/100 km, \u00e9missions de CO2 combin\u00e9es : 319 g\/km) Ext\u00e9rieur : AMG Aerodynamik-Paket, Hightechsilber metallic ; Int\u00e9rieur : Leder Nappa schwarz \/\/ Mercedes-AMG GT 63 4MATIC+ (consommation combin\u00e9e, pond\u00e9r\u00e9e : 14,1 l\/100 km ; \u00e9missions combin\u00e9es de CO2, pond\u00e9r\u00e9es : 319 g\/km) ext\u00e9rieur : Pack a\u00e9rodynamique AMG, Hightechsilber metallic ; int\u00e9rieur : cuir nappa noir\"><br \/>\n\t\t\t\t\t\t\t<img decoding=\"async\" width=\"640\" height=\"480\" src=\"https:\/\/autorai.nl\/wp-content\/uploads\/2023\/08\/mercedes-amg-gt-coupe-tweede-generatie-2024-foto19-640x480.jpg\" class=\"attachment-medium size-medium\" alt=\"\" loading=\"lazy\"><i class=\"fa fa-search-plus\" aria-hidden=\"true\"><\/i><br \/>\n\t\t\t\t\t\t<\/span><br \/>\n\t\t\t\t\t<\/figure>\n<figure>\n\t\t\t\t\t<span style=\"cursor: pointer\" data-src=\"https:\/\/autorai.nl\/wp-content\/uploads\/2023\/08\/mercedes-amg-gt-coupe-tweede-generatie-2024-foto18-1600x1068.jpg\" data-fancybox=\"galery-0\" title=\"Mercedes-AMG GT 63 4MATIC+ (consommation combin\u00e9e : 14,1 l\/100 km, \u00e9missions de CO2 combin\u00e9es : 319 g\/km) Ext\u00e9rieur : AMG Aerodynamik-Paket, Hightechsilber metallic ; Int\u00e9rieur : Leder Nappa schwarz \/\/ Mercedes-AMG GT 63 4MATIC+ (consommation combin\u00e9e, pond\u00e9r\u00e9e : 14,1 l\/100 km ; \u00e9missions combin\u00e9es de CO2, pond\u00e9r\u00e9es : 319 g\/km) ext\u00e9rieur : Pack a\u00e9rodynamique AMG, Hightechsilber metallic ; int\u00e9rieur : cuir nappa noir\"><br \/>\n\t\t\t\t\t\t\t<img decoding=\"async\" width=\"360\" height=\"270\" src=\"https:\/\/autorai.nl\/wp-content\/uploads\/2023\/08\/mercedes-amg-gt-coupe-tweede-generatie-2024-foto18-360x270.jpg\" class=\"attachment-small size-small\" alt=\"\" loading=\"lazy\"><i class=\"fa fa-search-plus\" aria-hidden=\"true\"><\/i><br \/>\n\t\t\t\t\t\t<\/span><br \/>\n\t\t\t\t\t<\/figure>\n<figure>\n\t\t\t\t\t<span style=\"cursor: pointer\" data-src=\"https:\/\/autorai.nl\/wp-content\/uploads\/2023\/08\/mercedes-amg-gt-coupe-tweede-generatie-2024-foto17-1600x1068.jpg\" data-fancybox=\"galery-0\" title=\"Mercedes-AMG GT 63 4MATIC+ (consommation combin\u00e9e : 14,1 l\/100 km, \u00e9missions de CO2 combin\u00e9es : 319 g\/km) Ext\u00e9rieur : AMG Aerodynamik-Paket, Hightechsilber metallic ; Int\u00e9rieur : Leder Nappa schwarz \/\/ Mercedes-AMG GT 63 4MATIC+ (consommation combin\u00e9e, pond\u00e9r\u00e9e : 14,1 l\/100 km ; \u00e9missions combin\u00e9es de CO2, pond\u00e9r\u00e9es : 319 g\/km) ext\u00e9rieur : Pack a\u00e9rodynamique AMG, Hightechsilber metallic ; int\u00e9rieur : cuir nappa noir\"><br \/>\n\t\t\t\t\t\t\t<img decoding=\"async\" width=\"360\" height=\"270\" src=\"https:\/\/autorai.nl\/wp-content\/uploads\/2023\/08\/mercedes-amg-gt-coupe-tweede-generatie-2024-foto17-360x270.jpg\" class=\"attachment-small size-small\" alt=\"\" loading=\"lazy\"><i class=\"fa fa-search-plus\" aria-hidden=\"true\"><\/i><br \/>\n\t\t\t\t\t\t<\/span><br \/>\n\t\t\t\t\t<\/figure>\n<figure>\n\t\t\t\t\t<span style=\"cursor: pointer\" data-src=\"https:\/\/autorai.nl\/wp-content\/uploads\/2023\/08\/mercedes-amg-gt-coupe-tweede-generatie-2024-foto16-1600x1068.jpg\" data-fancybox=\"galery-0\" title=\"Mercedes-AMG GT 63 4MATIC+ (consommation combin\u00e9e : 14,1 l\/100 km, \u00e9missions de CO2 combin\u00e9es : 319 g\/km) Ext\u00e9rieur : AMG Aerodynamik-Paket, Hightechsilber metallic ; Int\u00e9rieur : Leder Nappa schwarz \/\/ Mercedes-AMG GT 63 4MATIC+ (consommation combin\u00e9e, pond\u00e9r\u00e9e : 14,1 l\/100 km ; \u00e9missions combin\u00e9es de CO2, pond\u00e9r\u00e9es : 319 g\/km) ext\u00e9rieur : Pack a\u00e9rodynamique AMG, Hightechsilber metallic ; int\u00e9rieur : cuir nappa noir\"><br \/>\n\t\t\t\t\t\t\t<img decoding=\"async\" width=\"640\" height=\"480\" src=\"https:\/\/autorai.nl\/wp-content\/uploads\/2023\/08\/mercedes-amg-gt-coupe-tweede-generatie-2024-foto16-640x480.jpg\" class=\"attachment-medium size-medium\" alt=\"\" loading=\"lazy\"><i class=\"fa fa-search-plus\" aria-hidden=\"true\"><\/i><br \/>\n\t\t\t\t\t\t<\/span><br \/>\n\t\t\t\t\t<\/figure>\n<figure>\n\t\t\t\t\t<span style=\"cursor: pointer\" data-src=\"https:\/\/autorai.nl\/wp-content\/uploads\/2023\/08\/mercedes-amg-gt-coupe-tweede-generatie-2024-foto15-1600x1068.jpg\" data-fancybox=\"galery-0\" title=\"Mercedes-AMG GT 63 4MATIC+ (consommation combin\u00e9e : 14,1 l\/100 km, \u00e9missions de CO2 combin\u00e9es : 319 g\/km) Ext\u00e9rieur : AMG Aerodynamik-Paket, Hightechsilber metallic ; Int\u00e9rieur : Leder Nappa schwarz \/\/ Mercedes-AMG GT 63 4MATIC+ (consommation combin\u00e9e, pond\u00e9r\u00e9e : 14,1 l\/100 km ; \u00e9missions combin\u00e9es de CO2, pond\u00e9r\u00e9es : 319 g\/km) ext\u00e9rieur : Pack a\u00e9rodynamique AMG, Hightechsilber metallic ; int\u00e9rieur : cuir nappa noir\"><br \/>\n\t\t\t\t\t\t\t<img decoding=\"async\" width=\"360\" height=\"270\" src=\"https:\/\/autorai.nl\/wp-content\/uploads\/2023\/08\/mercedes-amg-gt-coupe-tweede-generatie-2024-foto15-360x270.jpg\" class=\"attachment-small size-small\" alt=\"\" loading=\"lazy\"><i class=\"fa fa-search-plus\" aria-hidden=\"true\"><\/i><br \/>\n\t\t\t\t\t\t<\/span><br \/>\n\t\t\t\t\t<\/figure>\n<figure>\n\t\t\t\t\t<span style=\"cursor: pointer\" data-src=\"https:\/\/autorai.nl\/wp-content\/uploads\/2023\/08\/mercedes-amg-gt-coupe-tweede-generatie-2024-foto14-1600x1068.jpg\" data-fancybox=\"galery-0\" title=\"Mercedes-AMG GT 63 4MATIC+ (consommation combin\u00e9e : 14,1 l\/100 km, \u00e9missions de CO2 combin\u00e9es : 319 g\/km) Ext\u00e9rieur : AMG Aerodynamik-Paket, Hightechsilber metallic ; Int\u00e9rieur : Leder Nappa schwarz \/\/ Mercedes-AMG GT 63 4MATIC+ (consommation combin\u00e9e, pond\u00e9r\u00e9e : 14,1 l\/100 km ; \u00e9missions combin\u00e9es de CO2, pond\u00e9r\u00e9es : 319 g\/km) ext\u00e9rieur : Pack a\u00e9rodynamique AMG, Hightechsilber metallic ; int\u00e9rieur : cuir nappa noir\"><br \/>\n\t\t\t\t\t\t\t<img decoding=\"async\" width=\"360\" height=\"270\" src=\"https:\/\/autorai.nl\/wp-content\/uploads\/2023\/08\/mercedes-amg-gt-coupe-tweede-generatie-2024-foto14-360x270.jpg\" class=\"attachment-small size-small\" alt=\"\" loading=\"lazy\"><i class=\"fa fa-search-plus\" aria-hidden=\"true\"><\/i><br \/>\n\t\t\t\t\t\t<\/span><br \/>\n\t\t\t\t\t<\/figure>\n<figure>\n\t\t\t\t\t<span style=\"cursor: pointer\" data-src=\"https:\/\/autorai.nl\/wp-content\/uploads\/2023\/08\/mercedes-amg-gt-coupe-tweede-generatie-2024-foto13-1600x1068.jpg\" data-fancybox=\"galery-0\" title=\"Mercedes-AMG GT 63 4MATIC+ (consommation combin\u00e9e : 14,1 l\/100 km, \u00e9missions de CO2 combin\u00e9es : 319 g\/km) Ext\u00e9rieur : AMG Aerodynamik-Paket, Hightechsilber metallic ; Int\u00e9rieur : Leder Nappa schwarz \/\/ Mercedes-AMG GT 63 4MATIC+ (consommation combin\u00e9e, pond\u00e9r\u00e9e : 14,1 l\/100 km ; \u00e9missions combin\u00e9es de CO2, pond\u00e9r\u00e9es : 319 g\/km) ext\u00e9rieur : Pack a\u00e9rodynamique AMG, Hightechsilber metallic ; int\u00e9rieur : cuir nappa noir\"><br \/>\n\t\t\t\t\t\t\t<img decoding=\"async\" width=\"640\" height=\"480\" src=\"https:\/\/autorai.nl\/wp-content\/uploads\/2023\/08\/mercedes-amg-gt-coupe-tweede-generatie-2024-foto13-640x480.jpg\" class=\"attachment-medium size-medium\" alt=\"\" loading=\"lazy\"><i class=\"fa fa-search-plus\" aria-hidden=\"true\"><\/i><br \/>\n\t\t\t\t\t\t<\/span><br \/>\n\t\t\t\t\t<\/figure>\n<figure>\n\t\t\t\t\t<span style=\"cursor: pointer\" data-src=\"https:\/\/autorai.nl\/wp-content\/uploads\/2023\/08\/mercedes-amg-gt-coupe-tweede-generatie-2024-foto12-1600x1068.jpg\" data-fancybox=\"galery-0\" title=\"Mercedes-AMG GT 63 4MATIC+ (consommation combin\u00e9e : 14,1 l\/100 km, \u00e9missions de CO2 combin\u00e9es : 319 g\/km) Ext\u00e9rieur : AMG Aerodynamik-Paket, Hightechsilber metallic ; Int\u00e9rieur : Leder Nappa schwarz \/\/ Mercedes-AMG GT 63 4MATIC+ (consommation combin\u00e9e, pond\u00e9r\u00e9e : 14,1 l\/100 km ; \u00e9missions combin\u00e9es de CO2, pond\u00e9r\u00e9es : 319 g\/km) ext\u00e9rieur : Pack a\u00e9rodynamique AMG, Hightechsilber metallic ; int\u00e9rieur : cuir nappa noir\"><br \/>\n\t\t\t\t\t\t\t<img decoding=\"async\" width=\"360\" height=\"270\" src=\"https:\/\/autorai.nl\/wp-content\/uploads\/2023\/08\/mercedes-amg-gt-coupe-tweede-generatie-2024-foto12-360x270.jpg\" class=\"attachment-small size-small\" alt=\"Mercedes-AMG GT Coup\u00e9 - Deuxi\u00e8me g\u00e9n\u00e9ration\" loading=\"lazy\"><i class=\"fa fa-search-plus\" aria-hidden=\"true\"><\/i><br \/>\n\t\t\t\t\t\t<\/span><br \/>\n\t\t\t\t\t<\/figure>\n<figure>\n\t\t\t\t\t<span style=\"cursor: pointer\" data-src=\"https:\/\/autorai.nl\/wp-content\/uploads\/2023\/08\/mercedes-amg-gt-coupe-tweede-generatie-2024-foto11-1600x1068.jpg\" data-fancybox=\"galery-0\" title=\"Mercedes-AMG GT 63 4MATIC+ (consommation combin\u00e9e : 14,1 l\/100 km, \u00e9missions de CO2 combin\u00e9es : 319 g\/km) Ext\u00e9rieur : AMG Aerodynamik-Paket, Hightechsilber metallic ; Int\u00e9rieur : Leder Nappa schwarz \/\/ Mercedes-AMG GT 63 4MATIC+ (consommation combin\u00e9e, pond\u00e9r\u00e9e : 14,1 l\/100 km ; \u00e9missions combin\u00e9es de CO2, pond\u00e9r\u00e9es : 319 g\/km) ext\u00e9rieur : Pack a\u00e9rodynamique AMG, Hightechsilber metallic ; int\u00e9rieur : cuir nappa noir\"><br \/>\n\t\t\t\t\t\t\t<img decoding=\"async\" width=\"360\" height=\"270\" src=\"https:\/\/autorai.nl\/wp-content\/uploads\/2023\/08\/mercedes-amg-gt-coupe-tweede-generatie-2024-foto11-360x270.jpg\" class=\"attachment-small size-small\" alt=\"\" loading=\"lazy\"><i class=\"fa fa-search-plus\" aria-hidden=\"true\"><\/i><br \/>\n\t\t\t\t\t\t<\/span><br \/>\n\t\t\t\t\t<\/figure>\n<figure>\n\t\t\t\t\t<span style=\"cursor: pointer\" data-src=\"https:\/\/autorai.nl\/wp-content\/uploads\/2023\/08\/mercedes-amg-gt-coupe-tweede-generatie-2024-foto10-1600x1067.jpg\" data-fancybox=\"galery-0\" title=\"Mercedes-AMG GT 63 4MATIC+ (consommation combin\u00e9e : 14,1 l\/100 km, \u00e9missions de CO2 combin\u00e9es : 319 g\/km) Ext\u00e9rieur : AMG Aerodynamik-Paket, Hightechsilber metallic ; Int\u00e9rieur : Leder Nappa schwarz \/\/ Mercedes-AMG GT 63 4MATIC+ (consommation combin\u00e9e, pond\u00e9r\u00e9e : 14,1 l\/100 km ; \u00e9missions combin\u00e9es de CO2, pond\u00e9r\u00e9es : 319 g\/km) ext\u00e9rieur : Pack a\u00e9rodynamique AMG, Hightechsilber metallic ; int\u00e9rieur : cuir nappa noir\"><br \/>\n\t\t\t\t\t\t\t<img decoding=\"async\" width=\"640\" height=\"480\" src=\"https:\/\/autorai.nl\/wp-content\/uploads\/2023\/08\/mercedes-amg-gt-coupe-tweede-generatie-2024-foto10-640x480.jpg\" class=\"attachment-medium size-medium\" alt=\"\" loading=\"lazy\"><i class=\"fa fa-search-plus\" aria-hidden=\"true\"><\/i><br \/>\n\t\t\t\t\t\t<\/span><br \/>\n\t\t\t\t\t<\/figure>\n<figure>\n\t\t\t\t\t<span style=\"cursor: pointer\" data-src=\"https:\/\/autorai.nl\/wp-content\/uploads\/2023\/08\/mercedes-amg-gt-coupe-tweede-generatie-2024-foto9-1600x1068.jpg\" data-fancybox=\"galery-0\" title=\"Mercedes-AMG GT 63 4MATIC+ (consommation combin\u00e9e : 14,1 l\/100 km, \u00e9missions de CO2 combin\u00e9es : 319 g\/km) Ext\u00e9rieur : AMG Aerodynamik-Paket, Hightechsilber metallic ; Int\u00e9rieur : Leder Nappa schwarz \/\/ Mercedes-AMG GT 63 4MATIC+ (consommation combin\u00e9e, pond\u00e9r\u00e9e : 14,1 l\/100 km ; \u00e9missions combin\u00e9es de CO2, pond\u00e9r\u00e9es : 319 g\/km) ext\u00e9rieur : Pack a\u00e9rodynamique AMG, Hightechsilber metallic ; int\u00e9rieur : cuir nappa noir\"><br \/>\n\t\t\t\t\t\t\t<img decoding=\"async\" width=\"360\" height=\"270\" src=\"https:\/\/autorai.nl\/wp-content\/uploads\/2023\/08\/mercedes-amg-gt-coupe-tweede-generatie-2024-foto9-360x270.jpg\" class=\"attachment-small size-small\" alt=\"\" loading=\"lazy\"><i class=\"fa fa-search-plus\" aria-hidden=\"true\"><\/i><br \/>\n\t\t\t\t\t\t<\/span><br \/>\n\t\t\t\t\t<\/figure>\n<figure>\n\t\t\t\t\t<span style=\"cursor: pointer\" data-src=\"https:\/\/autorai.nl\/wp-content\/uploads\/2023\/08\/mercedes-amg-gt-coupe-tweede-generatie-2024-foto8-1600x1068.jpg\" data-fancybox=\"galery-0\" title=\"Mercedes-AMG GT 63 4MATIC+ (consommation combin\u00e9e : 14,1 l\/100 km, \u00e9missions de CO2 combin\u00e9es : 319 g\/km) Ext\u00e9rieur : AMG Aerodynamik-Paket, Hightechsilber metallic ; Int\u00e9rieur : Leder Nappa schwarz \/\/ Mercedes-AMG GT 63 4MATIC+ (consommation combin\u00e9e, pond\u00e9r\u00e9e : 14,1 l\/100 km ; \u00e9missions combin\u00e9es de CO2, pond\u00e9r\u00e9es : 319 g\/km) ext\u00e9rieur : Pack a\u00e9rodynamique AMG, Hightechsilber metallic ; int\u00e9rieur : cuir nappa noir\"><br \/>\n\t\t\t\t\t\t\t<img decoding=\"async\" width=\"360\" height=\"270\" src=\"https:\/\/autorai.nl\/wp-content\/uploads\/2023\/08\/mercedes-amg-gt-coupe-tweede-generatie-2024-foto8-360x270.jpg\" class=\"attachment-small size-small\" alt=\"\" loading=\"lazy\"><i class=\"fa fa-search-plus\" aria-hidden=\"true\"><\/i><br \/>\n\t\t\t\t\t\t<\/span><br \/>\n\t\t\t\t\t<\/figure>\n<figure>\n\t\t\t\t\t<span style=\"cursor: pointer\" data-src=\"https:\/\/autorai.nl\/wp-content\/uploads\/2023\/08\/mercedes-amg-gt-coupe-tweede-generatie-2024-foto7-1600x1068.jpg\" data-fancybox=\"galery-0\" title=\"Mercedes-AMG GT 63 4MATIC+ (consommation combin\u00e9e : 14,1 l\/100 km, \u00e9missions de CO2 combin\u00e9es : 319 g\/km) Ext\u00e9rieur : AMG Aerodynamik-Paket, Hightechsilber metallic ; Int\u00e9rieur : Leder Nappa schwarz \/\/ Mercedes-AMG GT 63 4MATIC+ (consommation combin\u00e9e, pond\u00e9r\u00e9e : 14,1 l\/100 km ; \u00e9missions combin\u00e9es de CO2, pond\u00e9r\u00e9es : 319 g\/km) ext\u00e9rieur : Pack a\u00e9rodynamique AMG, Hightechsilber metallic ; int\u00e9rieur : cuir nappa noir\"><br \/>\n\t\t\t\t\t\t\t<img decoding=\"async\" width=\"640\" height=\"480\" src=\"https:\/\/autorai.nl\/wp-content\/uploads\/2023\/08\/mercedes-amg-gt-coupe-tweede-generatie-2024-foto7-640x480.jpg\" class=\"attachment-medium size-medium\" alt=\"\" loading=\"lazy\"><i class=\"fa fa-search-plus\" aria-hidden=\"true\"><\/i><br \/>\n\t\t\t\t\t\t<\/span><br \/>\n\t\t\t\t\t<\/figure>\n<figure>\n\t\t\t\t\t<span style=\"cursor: pointer\" data-src=\"https:\/\/autorai.nl\/wp-content\/uploads\/2023\/08\/mercedes-amg-gt-coupe-tweede-generatie-2024-foto6-1600x1068.jpg\" data-fancybox=\"galery-0\" title=\"Mercedes-AMG GT 63 4MATIC+ (consommation combin\u00e9e : 14,1 l\/100 km, \u00e9missions de CO2 combin\u00e9es : 319 g\/km) Ext\u00e9rieur : AMG Aerodynamik-Paket, Hightechsilber metallic ; Int\u00e9rieur : Leder Nappa schwarz \/\/ Mercedes-AMG GT 63 4MATIC+ (consommation combin\u00e9e, pond\u00e9r\u00e9e : 14,1 l\/100 km ; \u00e9missions combin\u00e9es de CO2, pond\u00e9r\u00e9es : 319 g\/km) ext\u00e9rieur : Pack a\u00e9rodynamique AMG, Hightechsilber metallic ; int\u00e9rieur : cuir nappa noir\"><br \/>\n\t\t\t\t\t\t\t<img decoding=\"async\" width=\"360\" height=\"270\" src=\"https:\/\/autorai.nl\/wp-content\/uploads\/2023\/08\/mercedes-amg-gt-coupe-tweede-generatie-2024-foto6-360x270.jpg\" class=\"attachment-small size-small\" alt=\"\" loading=\"lazy\"><i class=\"fa fa-search-plus\" aria-hidden=\"true\"><\/i><br \/>\n\t\t\t\t\t\t<\/span><br \/>\n\t\t\t\t\t<\/figure>\n<figure>\n\t\t\t\t\t<span style=\"cursor: pointer\" data-src=\"https:\/\/autorai.nl\/wp-content\/uploads\/2023\/08\/mercedes-amg-gt-coupe-tweede-generatie-2024-foto5-1600x1068.jpg\" data-fancybox=\"galery-0\" title=\"Mercedes-AMG GT 63 4MATIC+ (consommation combin\u00e9e : 14,1 l\/100 km, \u00e9missions de CO2 combin\u00e9es : 319 g\/km) Ext\u00e9rieur : AMG Aerodynamik-Paket, Hightechsilber metallic ; Int\u00e9rieur : Leder Nappa schwarz \/\/ Mercedes-AMG GT 63 4MATIC+ (consommation combin\u00e9e, pond\u00e9r\u00e9e : 14,1 l\/100 km ; \u00e9missions combin\u00e9es de CO2, pond\u00e9r\u00e9es : 319 g\/km) ext\u00e9rieur : Pack a\u00e9rodynamique AMG, Hightechsilber metallic ; int\u00e9rieur : cuir nappa noir\"><br \/>\n\t\t\t\t\t\t\t<img decoding=\"async\" width=\"360\" height=\"270\" src=\"https:\/\/autorai.nl\/wp-content\/uploads\/2023\/08\/mercedes-amg-gt-coupe-tweede-generatie-2024-foto5-360x270.jpg\" class=\"attachment-small size-small\" alt=\"\" loading=\"lazy\"><i class=\"fa fa-search-plus\" aria-hidden=\"true\"><\/i><br \/>\n\t\t\t\t\t\t<\/span><br \/>\n\t\t\t\t\t<\/figure>\n<figure>\n\t\t\t\t\t<span style=\"cursor: pointer\" data-src=\"https:\/\/autorai.nl\/wp-content\/uploads\/2023\/08\/mercedes-amg-gt-coupe-tweede-generatie-2024-foto4-1600x1062.jpg\" data-fancybox=\"galery-0\" title=\"Mercedes-AMG GT 63 4MATIC+ (consommation combin\u00e9e : 14,1 l\/100 km, \u00e9missions de CO2 combin\u00e9es : 319 g\/km) Ext\u00e9rieur : AMG Aerodynamik-Paket, Hightechsilber metallic ; Int\u00e9rieur : Leder Nappa schwarz \/\/ Mercedes-AMG GT 63 4MATIC+ (consommation combin\u00e9e, pond\u00e9r\u00e9e : 14,1 l\/100 km ; \u00e9missions combin\u00e9es de CO2, pond\u00e9r\u00e9es : 319 g\/km) ext\u00e9rieur : Pack a\u00e9rodynamique AMG, Hightechsilber metallic ; int\u00e9rieur : cuir nappa noir\"><br \/>\n\t\t\t\t\t\t\t<img decoding=\"async\" width=\"640\" height=\"480\" src=\"https:\/\/autorai.nl\/wp-content\/uploads\/2023\/08\/mercedes-amg-gt-coupe-tweede-generatie-2024-foto4-640x480.jpg\" class=\"attachment-medium size-medium\" alt=\"\" loading=\"lazy\"><i class=\"fa fa-search-plus\" aria-hidden=\"true\"><\/i><br \/>\n\t\t\t\t\t\t<\/span><br \/>\n\t\t\t\t\t<\/figure>\n<figure>\n\t\t\t\t\t<span style=\"cursor: pointer\" data-src=\"https:\/\/autorai.nl\/wp-content\/uploads\/2023\/08\/mercedes-amg-gt-coupe-tweede-generatie-2024-foto3-1600x1068.jpg\" data-fancybox=\"galery-0\" title=\"Mercedes-AMG GT 63 4MATIC+ (consommation combin\u00e9e : 14,1 l\/100 km, \u00e9missions de CO2 combin\u00e9es : 319 g\/km) Ext\u00e9rieur : AMG Aerodynamik-Paket, Hightechsilber metallic ; Int\u00e9rieur : Leder Nappa schwarz \/\/ Mercedes-AMG GT 63 4MATIC+ (consommation combin\u00e9e, pond\u00e9r\u00e9e : 14,1 l\/100 km ; \u00e9missions combin\u00e9es de CO2, pond\u00e9r\u00e9es : 319 g\/km) ext\u00e9rieur : Pack a\u00e9rodynamique AMG, Hightechsilber metallic ; int\u00e9rieur : cuir nappa noir\"><br \/>\n\t\t\t\t\t\t\t<img decoding=\"async\" width=\"360\" height=\"270\" src=\"https:\/\/autorai.nl\/wp-content\/uploads\/2023\/08\/mercedes-amg-gt-coupe-tweede-generatie-2024-foto3-360x270.jpg\" class=\"attachment-small size-small\" alt=\"\" loading=\"lazy\"><i class=\"fa fa-search-plus\" aria-hidden=\"true\"><\/i><br \/>\n\t\t\t\t\t\t<\/span><br \/>\n\t\t\t\t\t<\/figure>\n<figure>\n\t\t\t\t\t<span style=\"cursor: pointer\" data-src=\"https:\/\/autorai.nl\/wp-content\/uploads\/2023\/08\/mercedes-amg-gt-coupe-tweede-generatie-2024-foto2-1600x1068.jpg\" data-fancybox=\"galery-0\" title=\"Mercedes-AMG GT 63 4MATIC+ (consommation combin\u00e9e : 14,1 l\/100 km, \u00e9missions de CO2 combin\u00e9es : 319 g\/km) Ext\u00e9rieur : AMG Aerodynamik-Paket, Hightechsilber metallic ; Int\u00e9rieur : Leder Nappa schwarz \/\/ Mercedes-AMG GT 63 4MATIC+ (consommation combin\u00e9e, pond\u00e9r\u00e9e : 14,1 l\/100 km ; \u00e9missions combin\u00e9es de CO2, pond\u00e9r\u00e9es : 319 g\/km) ext\u00e9rieur : Pack a\u00e9rodynamique AMG, Hightechsilber metallic ; int\u00e9rieur : cuir nappa noir\"><br \/>\n\t\t\t\t\t\t\t<img decoding=\"async\" width=\"360\" height=\"270\" src=\"https:\/\/autorai.nl\/wp-content\/uploads\/2023\/08\/mercedes-amg-gt-coupe-tweede-generatie-2024-foto2-360x270.jpg\" class=\"attachment-small size-small\" alt=\"\" loading=\"lazy\"><i class=\"fa fa-search-plus\" aria-hidden=\"true\"><\/i><br \/>\n\t\t\t\t\t\t<\/span><br \/>\n\t\t\t\t\t<\/figure>\n<div class=\"clear\"><\/div>\n<\/div>\n","protected":false},"excerpt":{"rendered":"Deux variantes de moteur La nouvelle Mercedes-AMG GT Coup\u00e9 est le cinqui\u00e8me mod\u00e8le d\u00e9velopp\u00e9 en interne apr\u00e8s la SLS, la\u2026","protected":false},"author":0,"featured_media":138256,"comment_status":"","ping_status":"open","sticky":false,"template":"","format":"standard","meta":{"footnotes":""},"categories":[127],"tags":[],"class_list":["post-138268","post","type-post","status-publish","format-standard","has-post-thumbnail","hentry","category-nouvelles-de-voiture"],"acf":[],"yoast_head":"<!-- This site is optimized with the Yoast SEO plugin v21.2 - https:\/\/yoast.com\/wordpress\/plugins\/seo\/ -->\n<title>Voici la nouvelle Mercedes-AMG GT Coup\u00e9 - All cars news<\/title>\n<meta name=\"robots\" content=\"index, follow, max-snippet:-1, max-image-preview:large, max-video-preview:-1\" \/>\n<link rel=\"canonical\" href=\"https:\/\/all-car-news.com\/fr\/voici-la-nouvelle-mercedes-amg-gt-coupe\/\" \/>\n<meta property=\"og:locale\" content=\"fr_FR\" \/>\n<meta property=\"og:type\" content=\"article\" \/>\n<meta property=\"og:title\" content=\"Voici la nouvelle Mercedes-AMG GT Coup\u00e9 - All cars news\" \/>\n<meta property=\"og:description\" content=\"Deux variantes de moteur La nouvelle Mercedes-AMG GT Coup\u00e9 est le cinqui\u00e8me mod\u00e8le d\u00e9velopp\u00e9 en interne apr\u00e8s la SLS, la premi\u00e8re g\u00e9n\u00e9ration de la GT deux portes, la GT Coup\u00e9 4 portes et la SL. Au lancement, la nouvelle AMG GT est disponible avec deux niveaux de puissance du moteur V8 biturbo AMG de 4,0 litres. Dans le mod\u00e8le haut de gamme GT 63 4Matic+ [...]\" \/>\n<meta property=\"og:url\" content=\"https:\/\/all-car-news.com\/fr\/voici-la-nouvelle-mercedes-amg-gt-coupe\/\" \/>\n<meta property=\"og:site_name\" content=\"All cars news\" \/>\n<meta property=\"article:published_time\" content=\"2023-08-21T08:16:23+00:00\" \/>\n<meta property=\"og:image\" content=\"https:\/\/autorai.nl\/wp-content\/uploads\/2023\/08\/mercedes-amg-gt-coupe-tweede-generatie-2024-foto31-1140x761.jpg\" \/>\n<meta name=\"twitter:card\" content=\"summary_large_image\" \/>\n<meta name=\"twitter:label1\" content=\"Dur\u00e9e de lecture estim\u00e9e\" \/>\n\t<meta name=\"twitter:data1\" content=\"8 minutes\" \/>\n<script type=\"application\/ld+json\" class=\"yoast-schema-graph\">{\"@context\":\"https:\/\/schema.org\",\"@graph\":[{\"@type\":\"Article\",\"@id\":\"https:\/\/all-car-news.com\/fr\/voici-la-nouvelle-mercedes-amg-gt-coupe\/#article\",\"isPartOf\":{\"@id\":\"https:\/\/all-car-news.com\/fr\/voici-la-nouvelle-mercedes-amg-gt-coupe\/\"},\"author\":{\"name\":\"\",\"@id\":\"\"},\"headline\":\"Voici la nouvelle Mercedes-AMG GT Coup\u00e9\",\"datePublished\":\"2023-08-21T08:16:23+00:00\",\"dateModified\":\"2023-08-21T08:16:23+00:00\",\"mainEntityOfPage\":{\"@id\":\"https:\/\/all-car-news.com\/fr\/voici-la-nouvelle-mercedes-amg-gt-coupe\/\"},\"wordCount\":1741,\"publisher\":{\"@id\":\"https:\/\/all-car-news.com\/fr\/#organization\"},\"articleSection\":[\"nouvelles de voiture\"],\"inLanguage\":\"fr-FR\"},{\"@type\":\"WebPage\",\"@id\":\"https:\/\/all-car-news.com\/fr\/voici-la-nouvelle-mercedes-amg-gt-coupe\/\",\"url\":\"https:\/\/all-car-news.com\/fr\/voici-la-nouvelle-mercedes-amg-gt-coupe\/\",\"name\":\"Voici la nouvelle Mercedes-AMG GT Coup\u00e9 - All cars news\",\"isPartOf\":{\"@id\":\"https:\/\/all-car-news.com\/fr\/#website\"},\"datePublished\":\"2023-08-21T08:16:23+00:00\",\"dateModified\":\"2023-08-21T08:16:23+00:00\",\"breadcrumb\":{\"@id\":\"https:\/\/all-car-news.com\/fr\/voici-la-nouvelle-mercedes-amg-gt-coupe\/#breadcrumb\"},\"inLanguage\":\"fr-FR\",\"potentialAction\":[{\"@type\":\"ReadAction\",\"target\":[\"https:\/\/all-car-news.com\/fr\/voici-la-nouvelle-mercedes-amg-gt-coupe\/\"]}]},{\"@type\":\"BreadcrumbList\",\"@id\":\"https:\/\/all-car-news.com\/fr\/voici-la-nouvelle-mercedes-amg-gt-coupe\/#breadcrumb\",\"itemListElement\":[{\"@type\":\"ListItem\",\"position\":1,\"name\":\"Home\",\"item\":\"https:\/\/all-car-news.com\/fr\/\"},{\"@type\":\"ListItem\",\"position\":2,\"name\":\"Voici la nouvelle Mercedes-AMG GT Coup\u00e9\"}]},{\"@type\":\"WebSite\",\"@id\":\"https:\/\/all-car-news.com\/fr\/#website\",\"url\":\"https:\/\/all-car-news.com\/fr\/\",\"name\":\"All cars news\",\"description\":\"\",\"publisher\":{\"@id\":\"https:\/\/all-car-news.com\/fr\/#organization\"},\"potentialAction\":[{\"@type\":\"SearchAction\",\"target\":{\"@type\":\"EntryPoint\",\"urlTemplate\":\"https:\/\/all-car-news.com\/fr\/?s={search_term_string}\"},\"query-input\":\"required name=search_term_string\"}],\"inLanguage\":\"fr-FR\"},{\"@type\":\"Organization\",\"@id\":\"https:\/\/all-car-news.com\/fr\/#organization\",\"name\":\"All cars news\",\"url\":\"https:\/\/all-car-news.com\/fr\/\",\"logo\":{\"@type\":\"ImageObject\",\"inLanguage\":\"fr-FR\",\"@id\":\"https:\/\/all-car-news.com\/fr\/#\/schema\/logo\/image\/\",\"url\":\"https:\/\/all-car-news.com\/wp-content\/uploads\/2022\/02\/CMYK-AllCarNews_LANDSCAPE_300px-1.png\",\"contentUrl\":\"https:\/\/all-car-news.com\/wp-content\/uploads\/2022\/02\/CMYK-AllCarNews_LANDSCAPE_300px-1.png\",\"width\":300,\"height\":100,\"caption\":\"All cars news\"},\"image\":{\"@id\":\"https:\/\/all-car-news.com\/fr\/#\/schema\/logo\/image\/\"}}]}<\/script>\n<!-- \/ Yoast SEO plugin. -->","yoast_head_json":{"title":"Voici la nouvelle Mercedes-AMG GT Coup\u00e9 - All cars news","robots":{"index":"index","follow":"follow","max-snippet":"max-snippet:-1","max-image-preview":"max-image-preview:large","max-video-preview":"max-video-preview:-1"},"canonical":"https:\/\/all-car-news.com\/fr\/voici-la-nouvelle-mercedes-amg-gt-coupe\/","og_locale":"fr_FR","og_type":"article","og_title":"Voici la nouvelle Mercedes-AMG GT Coup\u00e9 - All cars news","og_description":"Deux variantes de moteur La nouvelle Mercedes-AMG GT Coup\u00e9 est le cinqui\u00e8me mod\u00e8le d\u00e9velopp\u00e9 en interne apr\u00e8s la SLS, la premi\u00e8re g\u00e9n\u00e9ration de la GT deux portes, la GT Coup\u00e9 4 portes et la SL. Au lancement, la nouvelle AMG GT est disponible avec deux niveaux de puissance du moteur V8 biturbo AMG de 4,0 litres. Dans le mod\u00e8le haut de gamme GT 63 4Matic+ [...]","og_url":"https:\/\/all-car-news.com\/fr\/voici-la-nouvelle-mercedes-amg-gt-coupe\/","og_site_name":"All cars news","article_published_time":"2023-08-21T08:16:23+00:00","og_image":[{"url":"https:\/\/autorai.nl\/wp-content\/uploads\/2023\/08\/mercedes-amg-gt-coupe-tweede-generatie-2024-foto31-1140x761.jpg"}],"twitter_card":"summary_large_image","twitter_misc":{"Dur\u00e9e de lecture estim\u00e9e":"8 minutes"},"schema":{"@context":"https:\/\/schema.org","@graph":[{"@type":"Article","@id":"https:\/\/all-car-news.com\/fr\/voici-la-nouvelle-mercedes-amg-gt-coupe\/#article","isPartOf":{"@id":"https:\/\/all-car-news.com\/fr\/voici-la-nouvelle-mercedes-amg-gt-coupe\/"},"author":{"name":"","@id":""},"headline":"Voici la nouvelle Mercedes-AMG GT Coup\u00e9","datePublished":"2023-08-21T08:16:23+00:00","dateModified":"2023-08-21T08:16:23+00:00","mainEntityOfPage":{"@id":"https:\/\/all-car-news.com\/fr\/voici-la-nouvelle-mercedes-amg-gt-coupe\/"},"wordCount":1741,"publisher":{"@id":"https:\/\/all-car-news.com\/fr\/#organization"},"articleSection":["nouvelles de voiture"],"inLanguage":"fr-FR"},{"@type":"WebPage","@id":"https:\/\/all-car-news.com\/fr\/voici-la-nouvelle-mercedes-amg-gt-coupe\/","url":"https:\/\/all-car-news.com\/fr\/voici-la-nouvelle-mercedes-amg-gt-coupe\/","name":"Voici la nouvelle Mercedes-AMG GT Coup\u00e9 - All cars news","isPartOf":{"@id":"https:\/\/all-car-news.com\/fr\/#website"},"datePublished":"2023-08-21T08:16:23+00:00","dateModified":"2023-08-21T08:16:23+00:00","breadcrumb":{"@id":"https:\/\/all-car-news.com\/fr\/voici-la-nouvelle-mercedes-amg-gt-coupe\/#breadcrumb"},"inLanguage":"fr-FR","potentialAction":[{"@type":"ReadAction","target":["https:\/\/all-car-news.com\/fr\/voici-la-nouvelle-mercedes-amg-gt-coupe\/"]}]},{"@type":"BreadcrumbList","@id":"https:\/\/all-car-news.com\/fr\/voici-la-nouvelle-mercedes-amg-gt-coupe\/#breadcrumb","itemListElement":[{"@type":"ListItem","position":1,"name":"Home","item":"https:\/\/all-car-news.com\/fr\/"},{"@type":"ListItem","position":2,"name":"Voici la nouvelle Mercedes-AMG GT Coup\u00e9"}]},{"@type":"WebSite","@id":"https:\/\/all-car-news.com\/fr\/#website","url":"https:\/\/all-car-news.com\/fr\/","name":"All cars news","description":"","publisher":{"@id":"https:\/\/all-car-news.com\/fr\/#organization"},"potentialAction":[{"@type":"SearchAction","target":{"@type":"EntryPoint","urlTemplate":"https:\/\/all-car-news.com\/fr\/?s={search_term_string}"},"query-input":"required name=search_term_string"}],"inLanguage":"fr-FR"},{"@type":"Organization","@id":"https:\/\/all-car-news.com\/fr\/#organization","name":"All cars news","url":"https:\/\/all-car-news.com\/fr\/","logo":{"@type":"ImageObject","inLanguage":"fr-FR","@id":"https:\/\/all-car-news.com\/fr\/#\/schema\/logo\/image\/","url":"https:\/\/all-car-news.com\/wp-content\/uploads\/2022\/02\/CMYK-AllCarNews_LANDSCAPE_300px-1.png","contentUrl":"https:\/\/all-car-news.com\/wp-content\/uploads\/2022\/02\/CMYK-AllCarNews_LANDSCAPE_300px-1.png","width":300,"height":100,"caption":"All cars news"},"image":{"@id":"https:\/\/all-car-news.com\/fr\/#\/schema\/logo\/image\/"}}]}},"_links":{"self":[{"href":"https:\/\/all-car-news.com\/fr\/wp-json\/wp\/v2\/posts\/138268","targetHints":{"allow":["GET"]}}],"collection":[{"href":"https:\/\/all-car-news.com\/fr\/wp-json\/wp\/v2\/posts"}],"about":[{"href":"https:\/\/all-car-news.com\/fr\/wp-json\/wp\/v2\/types\/post"}],"replies":[{"embeddable":true,"href":"https:\/\/all-car-news.com\/fr\/wp-json\/wp\/v2\/comments?post=138268"}],"version-history":[{"count":0,"href":"https:\/\/all-car-news.com\/fr\/wp-json\/wp\/v2\/posts\/138268\/revisions"}],"wp:featuredmedia":[{"embeddable":true,"href":"https:\/\/all-car-news.com\/fr\/wp-json\/wp\/v2\/media\/138256"}],"wp:attachment":[{"href":"https:\/\/all-car-news.com\/fr\/wp-json\/wp\/v2\/media?parent=138268"}],"wp:term":[{"taxonomy":"category","embeddable":true,"href":"https:\/\/all-car-news.com\/fr\/wp-json\/wp\/v2\/categories?post=138268"},{"taxonomy":"post_tag","embeddable":true,"href":"https:\/\/all-car-news.com\/fr\/wp-json\/wp\/v2\/tags?post=138268"}],"curies":[{"name":"wp","href":"https:\/\/api.w.org\/{rel}","templated":true}]}}