{"id":138136,"date":"2023-08-15T08:19:05","date_gmt":"2023-08-15T08:19:05","guid":{"rendered":"https:\/\/all-car-news.com\/lavenir-de-la-nouvelle-ecosse-est-trace-jusquen-2033-le-train-redeviendra-t-il-plus-populaire-que-la-voiture\/"},"modified":"2023-08-15T08:19:05","modified_gmt":"2023-08-15T08:19:05","slug":"lavenir-de-la-nouvelle-ecosse-est-trace-jusquen-2033-le-train-redeviendra-t-il-plus-populaire-que-la-voiture","status":"publish","type":"post","link":"https:\/\/all-car-news.com\/fr\/lavenir-de-la-nouvelle-ecosse-est-trace-jusquen-2033-le-train-redeviendra-t-il-plus-populaire-que-la-voiture\/","title":{"rendered":"L&rsquo;avenir de la Nouvelle-\u00c9cosse est trac\u00e9 jusqu&rsquo;en 2033 : le train redeviendra-t-il plus populaire que la voiture ?"},"content":{"rendered":"<h2>Nouveau contrat<\/h2>\n<p>\u00ab\u00a0Fin 2023, le secr\u00e9taire d&rsquo;\u00c9tat Heijnen (Infrastructure et gestion des eaux) souhaite conclure un nouveau contrat avec les Chemins de fer n\u00e9erlandais (NS). Ce contrat r\u00e9gira les itin\u00e9raires sur lesquels les trains de NS circuleront dans les ann\u00e9es \u00e0 venir, prendra des dispositions financi\u00e8res et contiendra des accords auxquels NS devra adh\u00e9rer\u00a0\u00bb, a d\u00e9clar\u00e9 le gouvernement central.<\/p>\n<h2>Accords importants<\/h2>\n<p>Le nouveau contrat court du 1er janvier 2025 \u00e0 la fin de l&rsquo;ann\u00e9e 2033. \u00ab\u00a0Les nouveaux accords sont importants. Le train joue un r\u00f4le important dans la mission de durabilit\u00e9 des Pays-Bas et est essentiel pour rendre accessibles les nouvelles zones r\u00e9sidentielles. Dans tous les endroits o\u00f9 un train NS circule actuellement, il continuera \u00e0 circuler. \u00c0 l&rsquo;\u00e9tranger, les choses peuvent \u00eatre diff\u00e9rentes. Dans notre pays, la NS continuera \u00e0 faire circuler tous les trains Intercity, mais aussi, par exemple, les Sprinters entre Zwolle et Groningen et Zwolle et Leeuwarden\u00a0\u00bb, ajoute M. Rijksoverheid.<\/p>\n<blockquote class=\"wp-block-quote\">\n<p>\u00ab\u00a0De bons transports publics font des Pays-Bas un pays meilleur. Les voyageurs m\u00e9ritent un voyage en train durable et s\u00fbr, qui soit organis\u00e9 de mani\u00e8re d\u00e9cente pendant une longue p\u00e9riode. Bien que l&rsquo;inflation \u00e9lev\u00e9e et les comportements de voyage structurellement diff\u00e9rents restent des d\u00e9fis majeurs, nous y parvenons gr\u00e2ce \u00e0 ces accords. Ainsi, les r\u00e9gions et les villes peuvent compter sur le train dans les ann\u00e9es \u00e0 venir.<\/p>\n<p><cite><strong>Wouter Koolmees, directeur g\u00e9n\u00e9ral de NS<\/strong><\/cite><\/p><\/blockquote>\n<h2>Commutation ais\u00e9e<\/h2>\n<blockquote class=\"wp-block-quote\">\n<p>\u00ab\u00a0Je pense qu&rsquo;il est important d&rsquo;avoir une bonne accessibilit\u00e9 par les transports publics dans tous les Pays-Bas. Peu importe que vous viviez \u00e0 Amsterdam, Breda, Beilen ou Wolvega. Le r\u00e9seau ferroviaire n\u00e9erlandais est utilis\u00e9 de mani\u00e8re tr\u00e8s intensive par les trains de passagers et de marchandises. En concluant un grand contrat avec NS, je garantirai un horaire coh\u00e9rent et fiable qui permettra aux voyageurs de changer de train facilement et o\u00f9 les correspondances seront bien assur\u00e9es. Je veux aussi cr\u00e9er de la tranquillit\u00e9 et de la s\u00e9curit\u00e9 pour les passagers et inciter les gens \u00e0 prendre le train plus souvent. L&rsquo;offre actuelle est la base et sera progressivement \u00e9largie. Je pense qu&rsquo;il est important que les trains ne circulent pas seulement entre les grandes villes, mais aussi vers les zones o\u00f9 il y a moins de passagers.<\/p>\n<p><cite><strong>Secr\u00e9taire d&rsquo;\u00c9tat Heijnen<\/strong><\/cite><\/p><\/blockquote>\n<h2>Connexions internationales<\/h2>\n<p>Qu&rsquo;en est-il des connexions internationales ? Pour les liaisons internationales vers Berlin, Londres, Paris et Francfort, elles ne seront plus incluses dans le contrat avec NS, mais d&rsquo;autres parties pourront \u00e9galement y faire circuler des trains. C&rsquo;est d\u00e9j\u00e0 le cas pour ces routes en Belgique et en Allemagne.<\/p>\n<blockquote class=\"wp-block-quote\">\n<p>\u00ab\u00a0Pour ces liaisons internationales, je pense que le march\u00e9 offre des opportunit\u00e9s pour les passagers. Ces liaisons ne peuvent \u00eatre compar\u00e9es aux horaires de notre r\u00e9seau ferroviaire national, o\u00f9 une combinaison de Sprinters, de trains Intercity et de trains de marchandises transportent les passagers et le fret vers leurs destinations tout au long de la journ\u00e9e. Les liaisons entre ces grandes villes europ\u00e9ennes ont une fr\u00e9quence diff\u00e9rente et sont \u00e9galement laiss\u00e9es au march\u00e9 de nos pays voisins. Il est donc logique de traiter cette question aux Pays-Bas \u00e9galement.<\/p>\n<p><cite><strong>Secr\u00e9taire d&rsquo;\u00c9tat Heijnen<\/strong><\/cite><\/p><\/blockquote>\n<h2>Voici le plan des NS<\/h2>\n<p>\u00ab\u00a0Les accords contenus dans le projet de concession garantissent aux passagers un r\u00e9seau solide et coh\u00e9rent de liaisons \u00e0 haute fr\u00e9quence. D\u00e8s 2024, l&rsquo;horaire sera prolong\u00e9. En outre, \u00e0 partir de 2025, NS passera \u00e0 un Intercity-Direct six fois par heure sur la ligne \u00e0 grande vitesse entre Schiphol et Rotterdam, \u00e0 un Intercity six fois par heure entre Haarlem et Amsterdam, \u00e0 un Sprinter six fois par heure entre Hilversum et Utrecht et \u00e0 un Sprinter toutes les 10 minutes entre Rotterdam et La Haye.<\/p>\n<p>Entre Randstad et Deventer, le NS fera circuler davantage de trains. Le nord des Pays-Bas sera plus rapidement reli\u00e9 \u00e0 la Randstad gr\u00e2ce \u00e0 des trains interurbains HSL plus rapides \u00e0 destination de Groningue et Leeuwarden. NS ouvrira \u00e9galement une nouvelle gare sur la ligne Leeuwarden-Zwolle : Leeuwarden Werpsterhoeke.<\/p>\n<p>En outre, au cours de cette p\u00e9riode de concession, NS lancera le AirportSprinter (un Sprinter entre Schiphol et Amsterdam CS toutes les 7,5 minutes), un Intercity entre Eindhoven et Breda toutes les 15 minutes, un Intercity entre Schiphol et Almere huit fois par heure et un Sprinter entre Tilburg et Breda toutes les 15 minutes, entre autres.  <\/p>\n<p>NS et la SNCB belge doublent le nombre de trains Intercity quotidiens entre les Pays-Bas et Bruxelles, qui passe de 16 \u00e0 32. Dans l&rsquo;horaire 2025, il y aura une nouvelle connexion \u00e0 grande vitesse qui permettra aux voyageurs de voyager environ 45 minutes plus vite entre Amsterdam et Bruxelles\u00a0\u00bb.<\/p>\n<h2>Subvention annuelle de 13 millions d&rsquo;euros<\/h2>\n<p>Le minist\u00e8re et la NS sont d&rsquo;accord pour dire que les trains doivent rester abordables pour tout le monde. Cependant, la concession actuelle n&rsquo;a pas \u00e9t\u00e9 un contrat rentable depuis Corona. Le minist\u00e8re a donc d\u00e9cid\u00e9 de ne plus faire payer \u00e0 NS une redevance de concession &#8211; actuellement de 86 millions d&rsquo;euros par an &#8211; mais de lui accorder une subvention annuelle de 13 millions d&rsquo;euros \u00e0 partir de 2025. La redevance que NS paie pour l&rsquo;utilisation du chemin de fer &#8211; environ 250 millions d&rsquo;euros par an &#8211; et la redevance pour la ligne \u00e0 grande vitesse (plus de 90 millions d&rsquo;euros) seront maintenues. Le minist\u00e8re des finances, en tant qu&rsquo;actionnaire du NS, a accept\u00e9 un rendement inf\u00e9rieur.<\/p>\n<p>Cette subvention constitue une rupture par rapport \u00e0 la concession pr\u00e9c\u00e9dente. \u00c0 l&rsquo;\u00e9poque, NS versait au minist\u00e8re des infrastructures et de la gestion de l&rsquo;eau 86 millions d&rsquo;euros par an en guise de compensation pour le contrat. Pendant et apr\u00e8s la pand\u00e9mie de grippe aviaire, la NS a re\u00e7u une aide financi\u00e8re du gouvernement pour maintenir les trains en \u00e9tat de marche.<\/p>\n<h2>Des billets de train plus chers ?<\/h2>\n<p>Ces derni\u00e8res ann\u00e9es, la NS n&rsquo;a pas r\u00e9percut\u00e9 la totalit\u00e9 de l&rsquo;inflation. Par cons\u00e9quent, le prix d&rsquo;un billet de train a augment\u00e9 beaucoup moins que le niveau g\u00e9n\u00e9ral des prix. La Nouvelle-Z\u00e9lande ne comblera pas cet \u00e9cart. Toutefois, la Nouvelle-Z\u00e9lande obtient l&rsquo;autorisation d&rsquo;appliquer une augmentation occasionnelle de 3,5 % \u00e0 deux reprises, en 2024 et en 2026. Pour que les billets restent aussi abordables que possible, l&rsquo;\u00c9tat subventionne la NS et cette derni\u00e8re doit proc\u00e9der \u00e0 des coupes pour maintenir ses co\u00fbts \u00e0 un niveau bas. Le NS fait donc sa part et devra trouver des dizaines de millions par an dans ses propres op\u00e9rations, sans affecter l&rsquo;op\u00e9ration. Le comit\u00e9 central d&rsquo;entreprise (COR) de la NS est \u00e9troitement impliqu\u00e9 et joue un r\u00f4le consultatif.<\/p>\n<h2>Moins de passagers dans les trains<\/h2>\n<blockquote class=\"wp-block-quote\">\n<p>\u00ab\u00a0Pour fournir aux passagers un bon horaire, NS d\u00e9pendra des subventions pour les prochaines ann\u00e9es. La situation est aujourd&rsquo;hui tr\u00e8s diff\u00e9rente de celle qui pr\u00e9valait lorsque le gouvernement a conclu le pr\u00e9c\u00e9dent contrat avec la NS. Quelque 200 000 personnes de moins par jour utilisent encore les trains qu&rsquo;avant la pand\u00e9mie de grippe aviaire et les habitudes des voyageurs ont chang\u00e9 de fa\u00e7on spectaculaire. En outre, les prix de l&rsquo;\u00e9nergie et des salaires ont augment\u00e9 et moins de trains circulent en raison du manque de personnel. Je veux un horaire fiable sur lequel les passagers peuvent compter. Pour cela, il faut que le gouvernement apporte son aide dans les ann\u00e9es \u00e0 venir, sinon beaucoup moins de trains pourront circuler qu&rsquo;aujourd&rsquo;hui et les passagers en p\u00e2tiront. Je ne veux pas de cela\u00a0\u00bb.<\/p>\n<p><cite><strong>Secr\u00e9taire d&rsquo;\u00c9tat Heijnen<\/strong><\/cite><\/p><\/blockquote>\n<h2>Nouveau syst\u00e8me tarifaire<\/h2>\n<p>Gouvernement central : \u00ab\u00a0NS \u00e9tudie les possibilit\u00e9s d&rsquo;un nouveau syst\u00e8me tarifaire, dans lequel les prix des billets de train peuvent varier en fonction de l&rsquo;heure et de l&rsquo;itin\u00e9raire. Dans le cadre du nouveau contrat, NS aura la possibilit\u00e9 de faire des propositions pour un nouveau syst\u00e8me tarifaire et de consulter \u00e0 ce sujet les organisations de consommateurs, les transporteurs r\u00e9gionaux et les autres concessionnaires\u00a0\u00bb.<\/p>\n<blockquote class=\"wp-block-quote\">\n<p>\u00ab\u00a0Je pense qu&rsquo;il est bon de r\u00e9fl\u00e9chir \u00e0 ce que nous pouvons faire pour que davantage de personnes prennent le train \u00e0 une heure calme. Un syst\u00e8me de tarification diff\u00e9rent, o\u00f9 le voyage pendant les heures de pointe devient plus cher et moins cher en dehors des heures de pointe, pourrait y contribuer. Mais je vois aussi qu&rsquo;il y a des probl\u00e8mes. Cette conversation doit avoir lieu. En fin de compte, je veux que la Chambre basse choisisse d&rsquo;introduire ou non un nouveau syst\u00e8me de tarification.<\/p>\n<p><cite><strong>Secr\u00e9taire d&rsquo;\u00c9tat Heijnen<\/strong><\/cite><\/p><\/blockquote>\n<h2>Rendez-vous<\/h2>\n<p>Le nouveau contrat pr\u00e9voit \u00e9galement de nouveaux accords avec NS sur lesquels les passagers peuvent compter. La Nouvelle-Z\u00e9lande est jug\u00e9e sur ce point chaque ann\u00e9e. Les d\u00e9finitions des retards et de la probabilit\u00e9 de si\u00e8ge ont \u00e9t\u00e9 mises \u00e0 jour et des rendez-vous ont \u00e9t\u00e9 ajout\u00e9s. Il stipule, par exemple, que les NS peuvent r\u00e9duire les horaires moins facilement et doivent am\u00e9liorer l&rsquo;information des voyageurs sur les retards.<\/p>\n<h2>Commission europ\u00e9enne<\/h2>\n<p>Le 14 juillet, la Commission europ\u00e9enne a annonc\u00e9 qu&rsquo;elle lancerait une proc\u00e9dure de mise en demeure contre la d\u00e9cision de r\u00e9attribuer le contrat directement \u00e0 NS. Cette proc\u00e9dure n&rsquo;a pas d&rsquo;effet suspensif et l&rsquo;adjudication peut donc se d\u00e9rouler comme pr\u00e9vu pour le moment. Par le pass\u00e9, la Chambre des repr\u00e9sentants a soutenu cette intention \u00e0 plusieurs reprises et \u00e0 une large majorit\u00e9.<\/p>\n<p><strong>En savoir plus ? V\u00e9rifier <a href=\"https:\/\/nieuws.ns.nl\/duurzame-treinreis-in-nederland-tot-en-met-2033-gewaarborgd\/\" target=\"_blank\" rel=\"noreferrer noopener\">NS.nl<\/a> ou <a href=\"https:\/\/www.rijksoverheid.nl\/actueel\/nieuws\/2023\/08\/14\/details-gunning-ns-bekend-kabinet-wil-investeren-in-zekerheid-voor-treinreiziger\" target=\"_blank\" rel=\"noreferrer noopener\">Rijksoverheid.nl<\/a><\/strong><\/p>\n","protected":false},"excerpt":{"rendered":"Nouveau contrat \"Fin 2023, le secr\u00e9taire d'\u00c9tat Heijnen (Infrastructure et gestion des eaux) souhaite conclure un nouveau contrat avec les\u2026","protected":false},"author":0,"featured_media":138108,"comment_status":"","ping_status":"open","sticky":false,"template":"","format":"standard","meta":{"footnotes":""},"categories":[131,127],"tags":[],"class_list":["post-138136","post","type-post","status-publish","format-standard","has-post-thumbnail","hentry","category-fond","category-nouvelles-de-voiture"],"acf":[],"yoast_head":"<!-- This site is optimized with the Yoast SEO plugin v21.2 - https:\/\/yoast.com\/wordpress\/plugins\/seo\/ -->\n<title>L&#039;avenir de la Nouvelle-\u00c9cosse est trac\u00e9 jusqu&#039;en 2033 : le train redeviendra-t-il plus populaire que la voiture ? - All cars news<\/title>\n<meta name=\"robots\" content=\"index, follow, max-snippet:-1, max-image-preview:large, max-video-preview:-1\" \/>\n<link rel=\"canonical\" href=\"https:\/\/all-car-news.com\/fr\/lavenir-de-la-nouvelle-ecosse-est-trace-jusquen-2033-le-train-redeviendra-t-il-plus-populaire-que-la-voiture\/\" \/>\n<meta property=\"og:locale\" content=\"fr_FR\" \/>\n<meta property=\"og:type\" content=\"article\" \/>\n<meta property=\"og:title\" content=\"L&#039;avenir de la Nouvelle-\u00c9cosse est trac\u00e9 jusqu&#039;en 2033 : le train redeviendra-t-il plus populaire que la voiture ? - All cars news\" \/>\n<meta property=\"og:description\" content=\"Nouveau contrat &quot;Fin 2023, le secr\u00e9taire d&#039;\u00c9tat Heijnen (Infrastructure et gestion des eaux) souhaite conclure un nouveau contrat avec les Chemins de fer n\u00e9erlandais (NS). Ce contrat r\u00e9gira les itin\u00e9raires sur lesquels les trains de NS circuleront dans les ann\u00e9es \u00e0 venir, prendra des dispositions financi\u00e8res et contiendra des accords auxquels NS devra adh\u00e9rer&quot;, a d\u00e9clar\u00e9 le gouvernement central. Accords cl\u00e9s Le nouveau contrat entre en vigueur le 1er [...]\" \/>\n<meta property=\"og:url\" content=\"https:\/\/all-car-news.com\/fr\/lavenir-de-la-nouvelle-ecosse-est-trace-jusquen-2033-le-train-redeviendra-t-il-plus-populaire-que-la-voiture\/\" \/>\n<meta property=\"og:site_name\" content=\"All cars news\" \/>\n<meta property=\"article:published_time\" content=\"2023-08-15T08:19:05+00:00\" \/>\n<meta name=\"twitter:card\" content=\"summary_large_image\" \/>\n<meta name=\"twitter:label1\" content=\"Dur\u00e9e de lecture estim\u00e9e\" \/>\n\t<meta name=\"twitter:data1\" content=\"8 minutes\" \/>\n<script type=\"application\/ld+json\" class=\"yoast-schema-graph\">{\"@context\":\"https:\/\/schema.org\",\"@graph\":[{\"@type\":\"Article\",\"@id\":\"https:\/\/all-car-news.com\/fr\/lavenir-de-la-nouvelle-ecosse-est-trace-jusquen-2033-le-train-redeviendra-t-il-plus-populaire-que-la-voiture\/#article\",\"isPartOf\":{\"@id\":\"https:\/\/all-car-news.com\/fr\/lavenir-de-la-nouvelle-ecosse-est-trace-jusquen-2033-le-train-redeviendra-t-il-plus-populaire-que-la-voiture\/\"},\"author\":{\"name\":\"\",\"@id\":\"\"},\"headline\":\"L&rsquo;avenir de la Nouvelle-\u00c9cosse est trac\u00e9 jusqu&rsquo;en 2033 : le train redeviendra-t-il plus populaire que la voiture ?\",\"datePublished\":\"2023-08-15T08:19:05+00:00\",\"dateModified\":\"2023-08-15T08:19:05+00:00\",\"mainEntityOfPage\":{\"@id\":\"https:\/\/all-car-news.com\/fr\/lavenir-de-la-nouvelle-ecosse-est-trace-jusquen-2033-le-train-redeviendra-t-il-plus-populaire-que-la-voiture\/\"},\"wordCount\":1593,\"publisher\":{\"@id\":\"https:\/\/all-car-news.com\/fr\/#organization\"},\"articleSection\":[\"Fond\",\"nouvelles de voiture\"],\"inLanguage\":\"fr-FR\"},{\"@type\":\"WebPage\",\"@id\":\"https:\/\/all-car-news.com\/fr\/lavenir-de-la-nouvelle-ecosse-est-trace-jusquen-2033-le-train-redeviendra-t-il-plus-populaire-que-la-voiture\/\",\"url\":\"https:\/\/all-car-news.com\/fr\/lavenir-de-la-nouvelle-ecosse-est-trace-jusquen-2033-le-train-redeviendra-t-il-plus-populaire-que-la-voiture\/\",\"name\":\"L'avenir de la Nouvelle-\u00c9cosse est trac\u00e9 jusqu'en 2033 : le train redeviendra-t-il plus populaire que la voiture ? - All cars news\",\"isPartOf\":{\"@id\":\"https:\/\/all-car-news.com\/fr\/#website\"},\"datePublished\":\"2023-08-15T08:19:05+00:00\",\"dateModified\":\"2023-08-15T08:19:05+00:00\",\"breadcrumb\":{\"@id\":\"https:\/\/all-car-news.com\/fr\/lavenir-de-la-nouvelle-ecosse-est-trace-jusquen-2033-le-train-redeviendra-t-il-plus-populaire-que-la-voiture\/#breadcrumb\"},\"inLanguage\":\"fr-FR\",\"potentialAction\":[{\"@type\":\"ReadAction\",\"target\":[\"https:\/\/all-car-news.com\/fr\/lavenir-de-la-nouvelle-ecosse-est-trace-jusquen-2033-le-train-redeviendra-t-il-plus-populaire-que-la-voiture\/\"]}]},{\"@type\":\"BreadcrumbList\",\"@id\":\"https:\/\/all-car-news.com\/fr\/lavenir-de-la-nouvelle-ecosse-est-trace-jusquen-2033-le-train-redeviendra-t-il-plus-populaire-que-la-voiture\/#breadcrumb\",\"itemListElement\":[{\"@type\":\"ListItem\",\"position\":1,\"name\":\"Home\",\"item\":\"https:\/\/all-car-news.com\/fr\/\"},{\"@type\":\"ListItem\",\"position\":2,\"name\":\"L&rsquo;avenir de la Nouvelle-\u00c9cosse est trac\u00e9 jusqu&rsquo;en 2033 : le train redeviendra-t-il plus populaire que la voiture ?\"}]},{\"@type\":\"WebSite\",\"@id\":\"https:\/\/all-car-news.com\/fr\/#website\",\"url\":\"https:\/\/all-car-news.com\/fr\/\",\"name\":\"All cars news\",\"description\":\"\",\"publisher\":{\"@id\":\"https:\/\/all-car-news.com\/fr\/#organization\"},\"potentialAction\":[{\"@type\":\"SearchAction\",\"target\":{\"@type\":\"EntryPoint\",\"urlTemplate\":\"https:\/\/all-car-news.com\/fr\/?s={search_term_string}\"},\"query-input\":\"required name=search_term_string\"}],\"inLanguage\":\"fr-FR\"},{\"@type\":\"Organization\",\"@id\":\"https:\/\/all-car-news.com\/fr\/#organization\",\"name\":\"All cars news\",\"url\":\"https:\/\/all-car-news.com\/fr\/\",\"logo\":{\"@type\":\"ImageObject\",\"inLanguage\":\"fr-FR\",\"@id\":\"https:\/\/all-car-news.com\/fr\/#\/schema\/logo\/image\/\",\"url\":\"https:\/\/all-car-news.com\/wp-content\/uploads\/2022\/02\/CMYK-AllCarNews_LANDSCAPE_300px-1.png\",\"contentUrl\":\"https:\/\/all-car-news.com\/wp-content\/uploads\/2022\/02\/CMYK-AllCarNews_LANDSCAPE_300px-1.png\",\"width\":300,\"height\":100,\"caption\":\"All cars news\"},\"image\":{\"@id\":\"https:\/\/all-car-news.com\/fr\/#\/schema\/logo\/image\/\"}}]}<\/script>\n<!-- \/ Yoast SEO plugin. -->","yoast_head_json":{"title":"L'avenir de la Nouvelle-\u00c9cosse est trac\u00e9 jusqu'en 2033 : le train redeviendra-t-il plus populaire que la voiture ? - All cars news","robots":{"index":"index","follow":"follow","max-snippet":"max-snippet:-1","max-image-preview":"max-image-preview:large","max-video-preview":"max-video-preview:-1"},"canonical":"https:\/\/all-car-news.com\/fr\/lavenir-de-la-nouvelle-ecosse-est-trace-jusquen-2033-le-train-redeviendra-t-il-plus-populaire-que-la-voiture\/","og_locale":"fr_FR","og_type":"article","og_title":"L'avenir de la Nouvelle-\u00c9cosse est trac\u00e9 jusqu'en 2033 : le train redeviendra-t-il plus populaire que la voiture ? - All cars news","og_description":"Nouveau contrat \"Fin 2023, le secr\u00e9taire d'\u00c9tat Heijnen (Infrastructure et gestion des eaux) souhaite conclure un nouveau contrat avec les Chemins de fer n\u00e9erlandais (NS). Ce contrat r\u00e9gira les itin\u00e9raires sur lesquels les trains de NS circuleront dans les ann\u00e9es \u00e0 venir, prendra des dispositions financi\u00e8res et contiendra des accords auxquels NS devra adh\u00e9rer\", a d\u00e9clar\u00e9 le gouvernement central. Accords cl\u00e9s Le nouveau contrat entre en vigueur le 1er [...]","og_url":"https:\/\/all-car-news.com\/fr\/lavenir-de-la-nouvelle-ecosse-est-trace-jusquen-2033-le-train-redeviendra-t-il-plus-populaire-que-la-voiture\/","og_site_name":"All cars news","article_published_time":"2023-08-15T08:19:05+00:00","twitter_card":"summary_large_image","twitter_misc":{"Dur\u00e9e de lecture estim\u00e9e":"8 minutes"},"schema":{"@context":"https:\/\/schema.org","@graph":[{"@type":"Article","@id":"https:\/\/all-car-news.com\/fr\/lavenir-de-la-nouvelle-ecosse-est-trace-jusquen-2033-le-train-redeviendra-t-il-plus-populaire-que-la-voiture\/#article","isPartOf":{"@id":"https:\/\/all-car-news.com\/fr\/lavenir-de-la-nouvelle-ecosse-est-trace-jusquen-2033-le-train-redeviendra-t-il-plus-populaire-que-la-voiture\/"},"author":{"name":"","@id":""},"headline":"L&rsquo;avenir de la Nouvelle-\u00c9cosse est trac\u00e9 jusqu&rsquo;en 2033 : le train redeviendra-t-il plus populaire que la voiture ?","datePublished":"2023-08-15T08:19:05+00:00","dateModified":"2023-08-15T08:19:05+00:00","mainEntityOfPage":{"@id":"https:\/\/all-car-news.com\/fr\/lavenir-de-la-nouvelle-ecosse-est-trace-jusquen-2033-le-train-redeviendra-t-il-plus-populaire-que-la-voiture\/"},"wordCount":1593,"publisher":{"@id":"https:\/\/all-car-news.com\/fr\/#organization"},"articleSection":["Fond","nouvelles de voiture"],"inLanguage":"fr-FR"},{"@type":"WebPage","@id":"https:\/\/all-car-news.com\/fr\/lavenir-de-la-nouvelle-ecosse-est-trace-jusquen-2033-le-train-redeviendra-t-il-plus-populaire-que-la-voiture\/","url":"https:\/\/all-car-news.com\/fr\/lavenir-de-la-nouvelle-ecosse-est-trace-jusquen-2033-le-train-redeviendra-t-il-plus-populaire-que-la-voiture\/","name":"L'avenir de la Nouvelle-\u00c9cosse est trac\u00e9 jusqu'en 2033 : le train redeviendra-t-il plus populaire que la voiture ? - All cars news","isPartOf":{"@id":"https:\/\/all-car-news.com\/fr\/#website"},"datePublished":"2023-08-15T08:19:05+00:00","dateModified":"2023-08-15T08:19:05+00:00","breadcrumb":{"@id":"https:\/\/all-car-news.com\/fr\/lavenir-de-la-nouvelle-ecosse-est-trace-jusquen-2033-le-train-redeviendra-t-il-plus-populaire-que-la-voiture\/#breadcrumb"},"inLanguage":"fr-FR","potentialAction":[{"@type":"ReadAction","target":["https:\/\/all-car-news.com\/fr\/lavenir-de-la-nouvelle-ecosse-est-trace-jusquen-2033-le-train-redeviendra-t-il-plus-populaire-que-la-voiture\/"]}]},{"@type":"BreadcrumbList","@id":"https:\/\/all-car-news.com\/fr\/lavenir-de-la-nouvelle-ecosse-est-trace-jusquen-2033-le-train-redeviendra-t-il-plus-populaire-que-la-voiture\/#breadcrumb","itemListElement":[{"@type":"ListItem","position":1,"name":"Home","item":"https:\/\/all-car-news.com\/fr\/"},{"@type":"ListItem","position":2,"name":"L&rsquo;avenir de la Nouvelle-\u00c9cosse est trac\u00e9 jusqu&rsquo;en 2033 : le train redeviendra-t-il plus populaire que la voiture ?"}]},{"@type":"WebSite","@id":"https:\/\/all-car-news.com\/fr\/#website","url":"https:\/\/all-car-news.com\/fr\/","name":"All cars news","description":"","publisher":{"@id":"https:\/\/all-car-news.com\/fr\/#organization"},"potentialAction":[{"@type":"SearchAction","target":{"@type":"EntryPoint","urlTemplate":"https:\/\/all-car-news.com\/fr\/?s={search_term_string}"},"query-input":"required name=search_term_string"}],"inLanguage":"fr-FR"},{"@type":"Organization","@id":"https:\/\/all-car-news.com\/fr\/#organization","name":"All cars news","url":"https:\/\/all-car-news.com\/fr\/","logo":{"@type":"ImageObject","inLanguage":"fr-FR","@id":"https:\/\/all-car-news.com\/fr\/#\/schema\/logo\/image\/","url":"https:\/\/all-car-news.com\/wp-content\/uploads\/2022\/02\/CMYK-AllCarNews_LANDSCAPE_300px-1.png","contentUrl":"https:\/\/all-car-news.com\/wp-content\/uploads\/2022\/02\/CMYK-AllCarNews_LANDSCAPE_300px-1.png","width":300,"height":100,"caption":"All cars news"},"image":{"@id":"https:\/\/all-car-news.com\/fr\/#\/schema\/logo\/image\/"}}]}},"_links":{"self":[{"href":"https:\/\/all-car-news.com\/fr\/wp-json\/wp\/v2\/posts\/138136","targetHints":{"allow":["GET"]}}],"collection":[{"href":"https:\/\/all-car-news.com\/fr\/wp-json\/wp\/v2\/posts"}],"about":[{"href":"https:\/\/all-car-news.com\/fr\/wp-json\/wp\/v2\/types\/post"}],"replies":[{"embeddable":true,"href":"https:\/\/all-car-news.com\/fr\/wp-json\/wp\/v2\/comments?post=138136"}],"version-history":[{"count":0,"href":"https:\/\/all-car-news.com\/fr\/wp-json\/wp\/v2\/posts\/138136\/revisions"}],"wp:featuredmedia":[{"embeddable":true,"href":"https:\/\/all-car-news.com\/fr\/wp-json\/wp\/v2\/media\/138108"}],"wp:attachment":[{"href":"https:\/\/all-car-news.com\/fr\/wp-json\/wp\/v2\/media?parent=138136"}],"wp:term":[{"taxonomy":"category","embeddable":true,"href":"https:\/\/all-car-news.com\/fr\/wp-json\/wp\/v2\/categories?post=138136"},{"taxonomy":"post_tag","embeddable":true,"href":"https:\/\/all-car-news.com\/fr\/wp-json\/wp\/v2\/tags?post=138136"}],"curies":[{"name":"wp","href":"https:\/\/api.w.org\/{rel}","templated":true}]}}