{"id":138074,"date":"2023-08-14T13:57:06","date_gmt":"2023-08-14T13:57:06","guid":{"rendered":"https:\/\/all-car-news.com\/vingt-ans-de-mercedes-benz-slr-mclaren-des-retrouvailles-uniques\/"},"modified":"2023-08-14T13:57:06","modified_gmt":"2023-08-14T13:57:06","slug":"vingt-ans-de-mercedes-benz-slr-mclaren-des-retrouvailles-uniques","status":"publish","type":"post","link":"https:\/\/all-car-news.com\/fr\/vingt-ans-de-mercedes-benz-slr-mclaren-des-retrouvailles-uniques\/","title":{"rendered":"Vingt ans de Mercedes-Benz SLR McLaren : des retrouvailles uniques"},"content":{"rendered":"<h2>Mercedes-Benz et McLaren<\/h2>\n<p>Sans McLaren, il n&rsquo;y aurait jamais eu de Mercedes-Benz SLR McLaren. La supercar est n\u00e9e de la collaboration entre Mercedes-Benz et McLaren en Formule 1. La SLR McLaren a \u00e9t\u00e9 d\u00e9velopp\u00e9e par les deux parties, mais la production a finalement \u00e9t\u00e9 r\u00e9alis\u00e9e par McLaren. McLaren rend hommage non seulement \u00e0 la voiture, mais aussi aux personnes qui lui ont donn\u00e9 vie, dont beaucoup travaillent encore chez McLaren.<\/p>\n<h2>Quatre sp\u00e9cimens sp\u00e9ciaux<\/h2>\n<p>Pour c\u00e9l\u00e9brer les 20 ans du SLR McLaren, quatre versions du mod\u00e8le sont venues \u00e0 Woking : un SLR Stirling Moss, un SLR MSO, un SLR HDK et le SLR 722 GT Prototype. Le quatuor a \u00e9t\u00e9 expos\u00e9 au MTC Boulevard, aux c\u00f4t\u00e9s d&rsquo;\u00e9l\u00e9ments de l&rsquo;histoire du d\u00e9veloppement de la voiture.<\/p>\n<figure class=\"wp-block-image size-content\"><img decoding=\"async\" loading=\"lazy\" width=\"1140\" height=\"760\" src=\"https:\/\/autorai.nl\/wp-content\/uploads\/2023\/08\/Mercedes-BenzSLRMcLarencelebratingauniquecollaboration1-1140x760.jpg\" alt=\"\" class=\"wp-image-164538\"><\/figure>\n<h2>Club SLR<\/h2>\n<p>La visite du SLR Club &#8211; un groupe international de propri\u00e9taires de Mercedes-Benz SLR McLaren &#8211; a ajout\u00e9 encore plus de couleur aux \u00e9v\u00e9nements, les passionn\u00e9s rencontrant certains membres de l&rsquo;\u00e9quipe McLaren travaillant sur le projet.<\/p>\n<h2>Projet 7<\/h2>\n<p>Le projet Mercedes-Benz SLR McLaren a \u00e9t\u00e9 annonc\u00e9 lors du Grand Prix de Grande-Bretagne 1999 \u00e0 Silverstone, avec la confirmation que McLaren collaborerait avec Mercedes-Benz pour donner vie au concept Mercedes-Benz SLR Vision, pr\u00e9sent\u00e9 au salon de l&rsquo;automobile de D\u00e9troit plus t\u00f4t dans l&rsquo;ann\u00e9e. La voiture a \u00e9t\u00e9 d\u00e9velopp\u00e9e sous le nom de \u00ab\u00a0Project 7\u00a0\u00bb.<\/p>\n<p>McLaren et Mercedes-Benz ont \u00e9t\u00e9 partenaires en Formule 1 entre 1995 et 2009, p\u00e9riode durant laquelle McLaren a remport\u00e9 quatre championnats du monde de F1 (champion des constructeurs en 1998, champion des pilotes en 1998, 1999 et 2008). Dans la Mercedes-Benz SLR McLaren, comme dans la F1, le d\u00e9veloppement du ch\u00e2ssis et la technologie des fibres de carbone de McLaren sont combin\u00e9s \u00e0 la puissance du moteur Mercedes.<\/p>\n<p>Le premier prototype du Project 7 a \u00e9t\u00e9 construit par une \u00e9quipe d&rsquo;anciens m\u00e9caniciens de la Formule 1 McLaren, qui se sont ensuite associ\u00e9s \u00e0 des ing\u00e9nieurs automobiles pour former le noyau de l&rsquo;\u00e9quipe qui allait mener la voiture jusqu&rsquo;\u00e0 la production. La SLR McLaren a \u00e9t\u00e9 la premi\u00e8re voiture \u00e0 \u00eatre assembl\u00e9e \u00e0 la main au MTC, qui venait alors d&rsquo;ouvrir ses portes.<\/p>\n<figure class=\"wp-block-image size-content\"><img decoding=\"async\" loading=\"lazy\" width=\"1140\" height=\"760\" src=\"https:\/\/autorai.nl\/wp-content\/uploads\/2023\/08\/Mercedes-BenzSLRMcLarencelebratingauniquecollaboration2-1140x760.jpg\" alt=\"\" class=\"wp-image-164539\"><\/figure>\n<h2>Performance Mercedes-Benz SLR McLaren<\/h2>\n<p>La Mercedes-Benz SLR McLaren utilise un V8 suraliment\u00e9 de 5,5 litres d\u00e9velopp\u00e9 par Mercedes-AMG et plac\u00e9 au centre de la voiture, juste sous le tableau de bord. Le huit-pitres d\u00e9veloppe une puissance de 626 ch et un couple impressionnant de 780 Nm. Une bo\u00eete de vitesses automatique \u00e0 cinq rapports entra\u00eene uniquement les roues arri\u00e8re, ce qui permet une acc\u00e9l\u00e9ration de 0 \u00e0 100 km\/h en 3,8 secondes et une vitesse maximale de 325 km\/h.<\/p>\n<h2>Edition McLaren SLR<\/h2>\n<p>La production de la SLR McLaren s&rsquo;est achev\u00e9e en d\u00e9cembre 2009, mais cela n&rsquo;a pas mis fin \u00e0 l&rsquo;implication de McLaren dans la voiture. En 2010, la McLaren Edition SLR a \u00e9t\u00e9 con\u00e7ue : il s&rsquo;agit d&rsquo;un ensemble d&rsquo;am\u00e9liorations pour la Mercedes-Benz SLR McLaren, d\u00e9velopp\u00e9 sur la base des commentaires des propri\u00e9taires de SLR. Cet ensemble a \u00e9t\u00e9 d\u00e9velopp\u00e9 par McLaren Special Operations (MSO), qui venait d&rsquo;ouvrir ses portes \u00e0 l&rsquo;\u00e9poque. Cette version du SLR, limit\u00e9e \u00e0 25 exemplaires, a subi d&rsquo;importantes modifications de carrosserie avec l&rsquo;adoption d&rsquo;une nouvelle jupe avant a\u00e9rodynamique, d&rsquo;un splitter avant plus grand, de nouvelles prises d&rsquo;air lat\u00e9rales, d&rsquo;un aileron arri\u00e8re plus grand et d&rsquo;un diffuseur arri\u00e8re r\u00e9vis\u00e9, ainsi que de jantes plus l\u00e9g\u00e8res. En plus de ces changements, McLaren Special Operations a revu la suspension et la direction assist\u00e9e.<\/p>\n<h2>SLR par MSO<\/h2>\n<p>En 2019, MSO a introduit le SLR by MSO : un nouveau programme de mise \u00e0 niveau complet bas\u00e9 sur les commentaires des propri\u00e9taires. L&rsquo;ensemble comprend une a\u00e9rodynamique r\u00e9vis\u00e9e, des mesures d&rsquo;\u00e9conomie de poids et de nouveaux \u00e9quipements de luxe, tels qu&rsquo;une sellerie sp\u00e9ciale en cuir matelass\u00e9. Ils sont disponibles sous la forme d&rsquo;un ensemble complet ou d&rsquo;\u00e9l\u00e9ments individuels.<\/p>\n<h2>Kit SLR High Downforce (HDK)<\/h2>\n<p>En mai 2023, MSO a achev\u00e9 la remise aux clients des toutes premi\u00e8res conversions SLR High Downforce Kit (HDK). Ces voitures pr\u00e9sentent des modifications de carrosserie directement inspir\u00e9es de la 722 GT racer, une version piste de la voiture. Avec des voies avant et arri\u00e8re \u00e9largies de 60 mm, les voitures HDK ont une allure encore plus imposante, soulign\u00e9e par un large kit de carrosserie avec des passages de roues \u00e9vas\u00e9s et un aileron arri\u00e8re inspir\u00e9 de celui de la McLaren F1 GTR. Le poids a encore \u00e9t\u00e9 r\u00e9duit et le volume des gaz d&rsquo;\u00e9chappement a \u00e9t\u00e9 augment\u00e9 gr\u00e2ce \u00e0 la suppression des silencieux. MSO produit un total de 12 SLR HDK, qui ont d&rsquo;ailleurs d\u00e9j\u00e0 tous \u00e9t\u00e9 vendus.<\/p>\n<h2>Intelligent !<\/h2>\n<p>Bien que la voiture ait cess\u00e9 d&rsquo;\u00eatre produite en 2009, MSO n&rsquo;a cess\u00e9 de trouver des moyens de l&rsquo;am\u00e9liorer. L&rsquo;exemple le plus r\u00e9cent est le kit HDK de MSO. En fait, McLaren n&rsquo;a cess\u00e9 de trouver de nouvelles fa\u00e7ons de gagner un peu plus sur le mod\u00e8le. Les am\u00e9liorations ayant \u00e9galement pour effet d&rsquo;augmenter la valeur de la voiture, les propri\u00e9taires sortent volontiers leur portefeuille.<\/p>\n<div class=\"galery shuffle galery-0\">\n<figure>\n\t\t\t\t\t<span style=\"cursor: pointer\" data-src=\"https:\/\/autorai.nl\/wp-content\/uploads\/2023\/08\/Project7staffstillwithMcLarenin2023-1600x1067.jpg\" data-fancybox=\"galery-0\" title=\"\"><br \/>\n\t\t\t\t\t\t\t<img decoding=\"async\" width=\"640\" height=\"480\" src=\"https:\/\/autorai.nl\/wp-content\/uploads\/2023\/08\/Project7staffstillwithMcLarenin2023-640x480.jpg\" class=\"attachment-medium size-medium\" alt=\"\" loading=\"lazy\"><i class=\"fa fa-search-plus\" aria-hidden=\"true\"><\/i><br \/>\n\t\t\t\t\t\t<\/span><br \/>\n\t\t\t\t\t<\/figure>\n<figure>\n\t\t\t\t\t<span style=\"cursor: pointer\" data-src=\"https:\/\/autorai.nl\/wp-content\/uploads\/2023\/08\/Mercedes-BenzSLRMcLarencelebratingauniquecollaboration14-1600x1067.jpeg\" data-fancybox=\"galery-0\" title=\"\"><br \/>\n\t\t\t\t\t\t\t<img decoding=\"async\" width=\"360\" height=\"270\" src=\"https:\/\/autorai.nl\/wp-content\/uploads\/2023\/08\/Mercedes-BenzSLRMcLarencelebratingauniquecollaboration14-360x270.jpeg\" class=\"attachment-small size-small\" alt=\"\" loading=\"lazy\"><i class=\"fa fa-search-plus\" aria-hidden=\"true\"><\/i><br \/>\n\t\t\t\t\t\t<\/span><br \/>\n\t\t\t\t\t<\/figure>\n<figure>\n\t\t\t\t\t<span style=\"cursor: pointer\" data-src=\"https:\/\/autorai.nl\/wp-content\/uploads\/2023\/08\/Mercedes-BenzSLRMcLarencelebratingauniquecollaboration13-1067x1600.jpeg\" data-fancybox=\"galery-0\" title=\"\"><br \/>\n\t\t\t\t\t\t\t<img decoding=\"async\" width=\"360\" height=\"270\" src=\"https:\/\/autorai.nl\/wp-content\/uploads\/2023\/08\/Mercedes-BenzSLRMcLarencelebratingauniquecollaboration13-360x270.jpeg\" class=\"attachment-small size-small\" alt=\"\" loading=\"lazy\"><i class=\"fa fa-search-plus\" aria-hidden=\"true\"><\/i><br \/>\n\t\t\t\t\t\t<\/span><br \/>\n\t\t\t\t\t<\/figure>\n<figure>\n\t\t\t\t\t<span style=\"cursor: pointer\" data-src=\"https:\/\/autorai.nl\/wp-content\/uploads\/2023\/08\/Mercedes-BenzSLRMcLarencelebratingauniquecollaboration12-1600x1067.jpeg\" data-fancybox=\"galery-0\" title=\"\"><br \/>\n\t\t\t\t\t\t\t<img decoding=\"async\" width=\"640\" height=\"480\" src=\"https:\/\/autorai.nl\/wp-content\/uploads\/2023\/08\/Mercedes-BenzSLRMcLarencelebratingauniquecollaboration12-640x480.jpeg\" class=\"attachment-medium size-medium\" alt=\"\" loading=\"lazy\"><i class=\"fa fa-search-plus\" aria-hidden=\"true\"><\/i><br \/>\n\t\t\t\t\t\t<\/span><br \/>\n\t\t\t\t\t<\/figure>\n<figure>\n\t\t\t\t\t<span style=\"cursor: pointer\" data-src=\"https:\/\/autorai.nl\/wp-content\/uploads\/2023\/08\/Mercedes-BenzSLRMcLarencelebratingauniquecollaboration11-1600x1067.jpeg\" data-fancybox=\"galery-0\" title=\"\"><br \/>\n\t\t\t\t\t\t\t<img decoding=\"async\" width=\"360\" height=\"270\" src=\"https:\/\/autorai.nl\/wp-content\/uploads\/2023\/08\/Mercedes-BenzSLRMcLarencelebratingauniquecollaboration11-360x270.jpeg\" class=\"attachment-small size-small\" alt=\"\" loading=\"lazy\"><i class=\"fa fa-search-plus\" aria-hidden=\"true\"><\/i><br \/>\n\t\t\t\t\t\t<\/span><br \/>\n\t\t\t\t\t<\/figure>\n<figure>\n\t\t\t\t\t<span style=\"cursor: pointer\" data-src=\"https:\/\/autorai.nl\/wp-content\/uploads\/2023\/08\/Mercedes-BenzSLRMcLarencelebratingauniquecollaboration10-1600x1067.jpg\" data-fancybox=\"galery-0\" title=\"\"><br \/>\n\t\t\t\t\t\t\t<img decoding=\"async\" width=\"360\" height=\"270\" src=\"https:\/\/autorai.nl\/wp-content\/uploads\/2023\/08\/Mercedes-BenzSLRMcLarencelebratingauniquecollaboration10-360x270.jpg\" class=\"attachment-small size-small\" alt=\"\" loading=\"lazy\"><i class=\"fa fa-search-plus\" aria-hidden=\"true\"><\/i><br \/>\n\t\t\t\t\t\t<\/span><br \/>\n\t\t\t\t\t<\/figure>\n<figure>\n\t\t\t\t\t<span style=\"cursor: pointer\" data-src=\"https:\/\/autorai.nl\/wp-content\/uploads\/2023\/08\/Mercedes-BenzSLRMcLarencelebratingauniquecollaboration9-1600x1067.jpg\" data-fancybox=\"galery-0\" title=\"\"><br \/>\n\t\t\t\t\t\t\t<img decoding=\"async\" width=\"640\" height=\"480\" src=\"https:\/\/autorai.nl\/wp-content\/uploads\/2023\/08\/Mercedes-BenzSLRMcLarencelebratingauniquecollaboration9-640x480.jpg\" class=\"attachment-medium size-medium\" alt=\"\" loading=\"lazy\"><i class=\"fa fa-search-plus\" aria-hidden=\"true\"><\/i><br \/>\n\t\t\t\t\t\t<\/span><br \/>\n\t\t\t\t\t<\/figure>\n<figure>\n\t\t\t\t\t<span style=\"cursor: pointer\" data-src=\"https:\/\/autorai.nl\/wp-content\/uploads\/2023\/08\/Mercedes-BenzSLRMcLarencelebratingauniquecollaboration8-1600x1067.jpg\" data-fancybox=\"galery-0\" title=\"\"><br \/>\n\t\t\t\t\t\t\t<img decoding=\"async\" width=\"360\" height=\"270\" src=\"https:\/\/autorai.nl\/wp-content\/uploads\/2023\/08\/Mercedes-BenzSLRMcLarencelebratingauniquecollaboration8-360x270.jpg\" class=\"attachment-small size-small\" alt=\"\" loading=\"lazy\"><i class=\"fa fa-search-plus\" aria-hidden=\"true\"><\/i><br \/>\n\t\t\t\t\t\t<\/span><br \/>\n\t\t\t\t\t<\/figure>\n<figure>\n\t\t\t\t\t<span style=\"cursor: pointer\" data-src=\"https:\/\/autorai.nl\/wp-content\/uploads\/2023\/08\/Mercedes-BenzSLRMcLarencelebratingauniquecollaboration7-1600x1067.jpg\" data-fancybox=\"galery-0\" title=\"\"><br \/>\n\t\t\t\t\t\t\t<img decoding=\"async\" width=\"360\" height=\"270\" src=\"https:\/\/autorai.nl\/wp-content\/uploads\/2023\/08\/Mercedes-BenzSLRMcLarencelebratingauniquecollaboration7-360x270.jpg\" class=\"attachment-small size-small\" alt=\"\" loading=\"lazy\"><i class=\"fa fa-search-plus\" aria-hidden=\"true\"><\/i><br \/>\n\t\t\t\t\t\t<\/span><br \/>\n\t\t\t\t\t<\/figure>\n<figure>\n\t\t\t\t\t<span style=\"cursor: pointer\" data-src=\"https:\/\/autorai.nl\/wp-content\/uploads\/2023\/08\/Mercedes-BenzSLRMcLarencelebratingauniquecollaboration6-1600x1067.jpg\" data-fancybox=\"galery-0\" title=\"\"><br \/>\n\t\t\t\t\t\t\t<img decoding=\"async\" width=\"640\" height=\"480\" src=\"https:\/\/autorai.nl\/wp-content\/uploads\/2023\/08\/Mercedes-BenzSLRMcLarencelebratingauniquecollaboration6-640x480.jpg\" class=\"attachment-medium size-medium\" alt=\"\" loading=\"lazy\"><i class=\"fa fa-search-plus\" aria-hidden=\"true\"><\/i><br \/>\n\t\t\t\t\t\t<\/span><br \/>\n\t\t\t\t\t<\/figure>\n<figure>\n\t\t\t\t\t<span style=\"cursor: pointer\" data-src=\"https:\/\/autorai.nl\/wp-content\/uploads\/2023\/08\/Mercedes-BenzSLRMcLarencelebratingauniquecollaboration5-1600x1066.jpg\" data-fancybox=\"galery-0\" title=\"\"><br \/>\n\t\t\t\t\t\t\t<img decoding=\"async\" width=\"360\" height=\"270\" src=\"https:\/\/autorai.nl\/wp-content\/uploads\/2023\/08\/Mercedes-BenzSLRMcLarencelebratingauniquecollaboration5-360x270.jpg\" class=\"attachment-small size-small\" alt=\"\" loading=\"lazy\"><i class=\"fa fa-search-plus\" aria-hidden=\"true\"><\/i><br \/>\n\t\t\t\t\t\t<\/span><br \/>\n\t\t\t\t\t<\/figure>\n<figure>\n\t\t\t\t\t<span style=\"cursor: pointer\" data-src=\"https:\/\/autorai.nl\/wp-content\/uploads\/2023\/08\/Mercedes-BenzSLRMcLarencelebratingauniquecollaboration4-1600x1067.jpg\" data-fancybox=\"galery-0\" title=\"\"><br \/>\n\t\t\t\t\t\t\t<img decoding=\"async\" width=\"360\" height=\"270\" src=\"https:\/\/autorai.nl\/wp-content\/uploads\/2023\/08\/Mercedes-BenzSLRMcLarencelebratingauniquecollaboration4-360x270.jpg\" class=\"attachment-small size-small\" alt=\"\" loading=\"lazy\"><i class=\"fa fa-search-plus\" aria-hidden=\"true\"><\/i><br \/>\n\t\t\t\t\t\t<\/span><br \/>\n\t\t\t\t\t<\/figure>\n<figure>\n\t\t\t\t\t<span style=\"cursor: pointer\" data-src=\"https:\/\/autorai.nl\/wp-content\/uploads\/2023\/08\/Mercedes-BenzSLRMcLarencelebratingauniquecollaboration3-1600x1067.jpg\" data-fancybox=\"galery-0\" title=\"\"><br \/>\n\t\t\t\t\t\t\t<img decoding=\"async\" width=\"640\" height=\"480\" src=\"https:\/\/autorai.nl\/wp-content\/uploads\/2023\/08\/Mercedes-BenzSLRMcLarencelebratingauniquecollaboration3-640x480.jpg\" class=\"attachment-medium size-medium\" alt=\"Mercedes-Benz SLR McLaren\" loading=\"lazy\"><i class=\"fa fa-search-plus\" aria-hidden=\"true\"><\/i><br \/>\n\t\t\t\t\t\t<\/span><br \/>\n\t\t\t\t\t<\/figure>\n<figure>\n\t\t\t\t\t<span style=\"cursor: pointer\" data-src=\"https:\/\/autorai.nl\/wp-content\/uploads\/2023\/08\/Mercedes-BenzSLRMcLarencelebratingauniquecollaboration2-1600x1067.jpg\" data-fancybox=\"galery-0\" title=\"\"><br \/>\n\t\t\t\t\t\t\t<img decoding=\"async\" width=\"360\" height=\"270\" src=\"https:\/\/autorai.nl\/wp-content\/uploads\/2023\/08\/Mercedes-BenzSLRMcLarencelebratingauniquecollaboration2-360x270.jpg\" class=\"attachment-small size-small\" alt=\"\" loading=\"lazy\"><i class=\"fa fa-search-plus\" aria-hidden=\"true\"><\/i><br \/>\n\t\t\t\t\t\t<\/span><br \/>\n\t\t\t\t\t<\/figure>\n<figure>\n\t\t\t\t\t<span style=\"cursor: pointer\" data-src=\"https:\/\/autorai.nl\/wp-content\/uploads\/2023\/08\/Mercedes-BenzSLRMcLarencelebratingauniquecollaboration1-1600x1067.jpg\" data-fancybox=\"galery-0\" title=\"\"><br \/>\n\t\t\t\t\t\t\t<img decoding=\"async\" width=\"360\" height=\"270\" src=\"https:\/\/autorai.nl\/wp-content\/uploads\/2023\/08\/Mercedes-BenzSLRMcLarencelebratingauniquecollaboration1-360x270.jpg\" class=\"attachment-small size-small\" alt=\"\" loading=\"lazy\"><i class=\"fa fa-search-plus\" aria-hidden=\"true\"><\/i><br \/>\n\t\t\t\t\t\t<\/span><br \/>\n\t\t\t\t\t<\/figure>\n<div class=\"clear\"><\/div>\n<\/div>\n<h2>Chiffres<\/h2>\n<p>La premi\u00e8re Mercedes-Benz SLR McLaren a \u00e9t\u00e9 livr\u00e9e \u00e0 l&rsquo;\u00e9t\u00e9 2004. Au total, plus de 2 000 exemplaires ont \u00e9t\u00e9 produits, toutes versions confondues. Parmi les autres versions de la voiture, citons le coup\u00e9 722 Edition, introduit en 2006. L&rsquo;\u00e9dition 722 rend hommage \u00e0 Sir Stirling Moss et \u00e0 sa victoire dans les Mille Miglia de 1955. La voiture porte le nom du num\u00e9ro de Moss dans la course. Cette version a \u00e9galement gagn\u00e9 en puissance et a subi d&rsquo;autres modifications en fibre de carbone. La puissance du moteur AMG est pass\u00e9e \u00e0 650 ch avec un couple de 800 Nm. La puissance suppl\u00e9mentaire a \u00e9t\u00e9 accompagn\u00e9e de nouveaux splitters avant et arri\u00e8re en fibre de carbone, ainsi que d&rsquo;une suspension r\u00e9vis\u00e9e et abaiss\u00e9e avec des ressorts plus rigides, et de freins am\u00e9lior\u00e9s. 150 voitures de clients ont \u00e9t\u00e9 produites.<\/p>\n<h2>722 Edition Roadster<\/h2>\n<p>Un an plus tard, en 2007, le SLR a \u00e9t\u00e9 d\u00e9clin\u00e9 en version Roadster avec une capote en tissu rabattable, qui a servi de base \u00e0 une autre \u00e9dition sp\u00e9ciale 722 : la 722 Edition Roadster. Gr\u00e2ce aux modifications apport\u00e9es au groupe motopropulseur, au ch\u00e2ssis et \u00e0 l&rsquo;a\u00e9rodynamisme du coup\u00e9 722 Edition, ainsi qu&rsquo;au toit rabattable \u00e0 commande \u00e9lectrique du roadster, 150 autres voitures de clients ont \u00e9t\u00e9 achev\u00e9es.<\/p>\n<h2>SLR Stirling Moss Edition<\/h2>\n<p>La version finale de la Mercedes-Benz SLR McLaren \u00e9tait la SLR Stirling Moss Edition. Ce roadster \u00e0 toit ouvert utilise la m\u00eame monocoque en fibre de carbone et le m\u00eame groupe motopropulseur V8 de 5,5 litres que le SLR standard, mais avec une carrosserie spectaculaire directement inspir\u00e9e de la 300 SLR des Mille Miglia de 1955. Sous le capot se trouve le moteur 722 Edition de 650 ch. La SLR Stirling Moss Edition est extr\u00eamement rare, avec seulement 75 voitures construites.<\/p>\n<h2>A\u00e9rodynamique active<\/h2>\n<p>Le SLR a \u00e9t\u00e9 un pionnier de l&rsquo;a\u00e9rodynamique active dans les voitures de s\u00e9rie homologu\u00e9es pour la circulation routi\u00e8re. \u00c0 l&rsquo;arri\u00e8re de la voiture, un aileron adaptatif fournit une force d&rsquo;appui suppl\u00e9mentaire \u00e0 des vitesses sup\u00e9rieures \u00e0 95 km\/h en adoptant une position de 10 degr\u00e9s. Mais l&rsquo;aileron arri\u00e8re agit \u00e9galement comme un frein \u00e0 air, en s&rsquo;inclinant \u00e0 un angle de 65 degr\u00e9s lors d&rsquo;un freinage vigoureux pour augmenter la tra\u00een\u00e9e, tout en d\u00e9pla\u00e7ant l&rsquo;\u00e9quilibre de la voiture plus vers l&rsquo;arri\u00e8re lors du freinage, pour plus de stabilit\u00e9.<\/p>\n","protected":false},"excerpt":{"rendered":"Mercedes-Benz et McLaren Sans McLaren, il n'y aurait jamais eu de Mercedes-Benz SLR McLaren. La supercar est n\u00e9e de la\u2026","protected":false},"author":0,"featured_media":138045,"comment_status":"","ping_status":"open","sticky":false,"template":"","format":"standard","meta":{"footnotes":""},"categories":[131,127],"tags":[],"class_list":["post-138074","post","type-post","status-publish","format-standard","has-post-thumbnail","hentry","category-fond","category-nouvelles-de-voiture"],"acf":[],"yoast_head":"<!-- This site is optimized with the Yoast SEO plugin v21.2 - https:\/\/yoast.com\/wordpress\/plugins\/seo\/ -->\n<title>Vingt ans de Mercedes-Benz SLR McLaren : des retrouvailles uniques - All cars news<\/title>\n<meta name=\"robots\" content=\"index, follow, max-snippet:-1, max-image-preview:large, max-video-preview:-1\" \/>\n<link rel=\"canonical\" href=\"https:\/\/all-car-news.com\/fr\/vingt-ans-de-mercedes-benz-slr-mclaren-des-retrouvailles-uniques\/\" \/>\n<meta property=\"og:locale\" content=\"fr_FR\" \/>\n<meta property=\"og:type\" content=\"article\" \/>\n<meta property=\"og:title\" content=\"Vingt ans de Mercedes-Benz SLR McLaren : des retrouvailles uniques - All cars news\" \/>\n<meta property=\"og:description\" content=\"Mercedes-Benz et McLaren Sans McLaren, il n&#039;y aurait jamais eu de Mercedes-Benz SLR McLaren. La supercar est n\u00e9e de la collaboration entre Mercedes-Benz et McLaren en Formule 1. La SLR McLaren a \u00e9t\u00e9 d\u00e9velopp\u00e9e par les deux parties, mais la production a finalement \u00e9t\u00e9 r\u00e9alis\u00e9e par McLaren. McLaren reconna\u00eet non seulement la voiture, mais aussi les personnes qui lui ont donn\u00e9 vie [...]\" \/>\n<meta property=\"og:url\" content=\"https:\/\/all-car-news.com\/fr\/vingt-ans-de-mercedes-benz-slr-mclaren-des-retrouvailles-uniques\/\" \/>\n<meta property=\"og:site_name\" content=\"All cars news\" \/>\n<meta property=\"article:published_time\" content=\"2023-08-14T13:57:06+00:00\" \/>\n<meta property=\"og:image\" content=\"https:\/\/autorai.nl\/wp-content\/uploads\/2023\/08\/Mercedes-BenzSLRMcLarencelebratingauniquecollaboration1-1140x760.jpg\" \/>\n<meta name=\"twitter:card\" content=\"summary_large_image\" \/>\n<meta name=\"twitter:label1\" content=\"Dur\u00e9e de lecture estim\u00e9e\" \/>\n\t<meta name=\"twitter:data1\" content=\"6 minutes\" \/>\n<script type=\"application\/ld+json\" class=\"yoast-schema-graph\">{\"@context\":\"https:\/\/schema.org\",\"@graph\":[{\"@type\":\"Article\",\"@id\":\"https:\/\/all-car-news.com\/fr\/vingt-ans-de-mercedes-benz-slr-mclaren-des-retrouvailles-uniques\/#article\",\"isPartOf\":{\"@id\":\"https:\/\/all-car-news.com\/fr\/vingt-ans-de-mercedes-benz-slr-mclaren-des-retrouvailles-uniques\/\"},\"author\":{\"name\":\"\",\"@id\":\"\"},\"headline\":\"Vingt ans de Mercedes-Benz SLR McLaren : des retrouvailles uniques\",\"datePublished\":\"2023-08-14T13:57:06+00:00\",\"dateModified\":\"2023-08-14T13:57:06+00:00\",\"mainEntityOfPage\":{\"@id\":\"https:\/\/all-car-news.com\/fr\/vingt-ans-de-mercedes-benz-slr-mclaren-des-retrouvailles-uniques\/\"},\"wordCount\":1260,\"publisher\":{\"@id\":\"https:\/\/all-car-news.com\/fr\/#organization\"},\"articleSection\":[\"Fond\",\"nouvelles de voiture\"],\"inLanguage\":\"fr-FR\"},{\"@type\":\"WebPage\",\"@id\":\"https:\/\/all-car-news.com\/fr\/vingt-ans-de-mercedes-benz-slr-mclaren-des-retrouvailles-uniques\/\",\"url\":\"https:\/\/all-car-news.com\/fr\/vingt-ans-de-mercedes-benz-slr-mclaren-des-retrouvailles-uniques\/\",\"name\":\"Vingt ans de Mercedes-Benz SLR McLaren : des retrouvailles uniques - All cars news\",\"isPartOf\":{\"@id\":\"https:\/\/all-car-news.com\/fr\/#website\"},\"datePublished\":\"2023-08-14T13:57:06+00:00\",\"dateModified\":\"2023-08-14T13:57:06+00:00\",\"breadcrumb\":{\"@id\":\"https:\/\/all-car-news.com\/fr\/vingt-ans-de-mercedes-benz-slr-mclaren-des-retrouvailles-uniques\/#breadcrumb\"},\"inLanguage\":\"fr-FR\",\"potentialAction\":[{\"@type\":\"ReadAction\",\"target\":[\"https:\/\/all-car-news.com\/fr\/vingt-ans-de-mercedes-benz-slr-mclaren-des-retrouvailles-uniques\/\"]}]},{\"@type\":\"BreadcrumbList\",\"@id\":\"https:\/\/all-car-news.com\/fr\/vingt-ans-de-mercedes-benz-slr-mclaren-des-retrouvailles-uniques\/#breadcrumb\",\"itemListElement\":[{\"@type\":\"ListItem\",\"position\":1,\"name\":\"Home\",\"item\":\"https:\/\/all-car-news.com\/fr\/\"},{\"@type\":\"ListItem\",\"position\":2,\"name\":\"Vingt ans de Mercedes-Benz SLR McLaren : des retrouvailles uniques\"}]},{\"@type\":\"WebSite\",\"@id\":\"https:\/\/all-car-news.com\/fr\/#website\",\"url\":\"https:\/\/all-car-news.com\/fr\/\",\"name\":\"All cars news\",\"description\":\"\",\"publisher\":{\"@id\":\"https:\/\/all-car-news.com\/fr\/#organization\"},\"potentialAction\":[{\"@type\":\"SearchAction\",\"target\":{\"@type\":\"EntryPoint\",\"urlTemplate\":\"https:\/\/all-car-news.com\/fr\/?s={search_term_string}\"},\"query-input\":\"required name=search_term_string\"}],\"inLanguage\":\"fr-FR\"},{\"@type\":\"Organization\",\"@id\":\"https:\/\/all-car-news.com\/fr\/#organization\",\"name\":\"All cars news\",\"url\":\"https:\/\/all-car-news.com\/fr\/\",\"logo\":{\"@type\":\"ImageObject\",\"inLanguage\":\"fr-FR\",\"@id\":\"https:\/\/all-car-news.com\/fr\/#\/schema\/logo\/image\/\",\"url\":\"https:\/\/all-car-news.com\/wp-content\/uploads\/2022\/02\/CMYK-AllCarNews_LANDSCAPE_300px-1.png\",\"contentUrl\":\"https:\/\/all-car-news.com\/wp-content\/uploads\/2022\/02\/CMYK-AllCarNews_LANDSCAPE_300px-1.png\",\"width\":300,\"height\":100,\"caption\":\"All cars news\"},\"image\":{\"@id\":\"https:\/\/all-car-news.com\/fr\/#\/schema\/logo\/image\/\"}}]}<\/script>\n<!-- \/ Yoast SEO plugin. -->","yoast_head_json":{"title":"Vingt ans de Mercedes-Benz SLR McLaren : des retrouvailles uniques - All cars news","robots":{"index":"index","follow":"follow","max-snippet":"max-snippet:-1","max-image-preview":"max-image-preview:large","max-video-preview":"max-video-preview:-1"},"canonical":"https:\/\/all-car-news.com\/fr\/vingt-ans-de-mercedes-benz-slr-mclaren-des-retrouvailles-uniques\/","og_locale":"fr_FR","og_type":"article","og_title":"Vingt ans de Mercedes-Benz SLR McLaren : des retrouvailles uniques - All cars news","og_description":"Mercedes-Benz et McLaren Sans McLaren, il n'y aurait jamais eu de Mercedes-Benz SLR McLaren. La supercar est n\u00e9e de la collaboration entre Mercedes-Benz et McLaren en Formule 1. La SLR McLaren a \u00e9t\u00e9 d\u00e9velopp\u00e9e par les deux parties, mais la production a finalement \u00e9t\u00e9 r\u00e9alis\u00e9e par McLaren. McLaren reconna\u00eet non seulement la voiture, mais aussi les personnes qui lui ont donn\u00e9 vie [...]","og_url":"https:\/\/all-car-news.com\/fr\/vingt-ans-de-mercedes-benz-slr-mclaren-des-retrouvailles-uniques\/","og_site_name":"All cars news","article_published_time":"2023-08-14T13:57:06+00:00","og_image":[{"url":"https:\/\/autorai.nl\/wp-content\/uploads\/2023\/08\/Mercedes-BenzSLRMcLarencelebratingauniquecollaboration1-1140x760.jpg"}],"twitter_card":"summary_large_image","twitter_misc":{"Dur\u00e9e de lecture estim\u00e9e":"6 minutes"},"schema":{"@context":"https:\/\/schema.org","@graph":[{"@type":"Article","@id":"https:\/\/all-car-news.com\/fr\/vingt-ans-de-mercedes-benz-slr-mclaren-des-retrouvailles-uniques\/#article","isPartOf":{"@id":"https:\/\/all-car-news.com\/fr\/vingt-ans-de-mercedes-benz-slr-mclaren-des-retrouvailles-uniques\/"},"author":{"name":"","@id":""},"headline":"Vingt ans de Mercedes-Benz SLR McLaren : des retrouvailles uniques","datePublished":"2023-08-14T13:57:06+00:00","dateModified":"2023-08-14T13:57:06+00:00","mainEntityOfPage":{"@id":"https:\/\/all-car-news.com\/fr\/vingt-ans-de-mercedes-benz-slr-mclaren-des-retrouvailles-uniques\/"},"wordCount":1260,"publisher":{"@id":"https:\/\/all-car-news.com\/fr\/#organization"},"articleSection":["Fond","nouvelles de voiture"],"inLanguage":"fr-FR"},{"@type":"WebPage","@id":"https:\/\/all-car-news.com\/fr\/vingt-ans-de-mercedes-benz-slr-mclaren-des-retrouvailles-uniques\/","url":"https:\/\/all-car-news.com\/fr\/vingt-ans-de-mercedes-benz-slr-mclaren-des-retrouvailles-uniques\/","name":"Vingt ans de Mercedes-Benz SLR McLaren : des retrouvailles uniques - All cars news","isPartOf":{"@id":"https:\/\/all-car-news.com\/fr\/#website"},"datePublished":"2023-08-14T13:57:06+00:00","dateModified":"2023-08-14T13:57:06+00:00","breadcrumb":{"@id":"https:\/\/all-car-news.com\/fr\/vingt-ans-de-mercedes-benz-slr-mclaren-des-retrouvailles-uniques\/#breadcrumb"},"inLanguage":"fr-FR","potentialAction":[{"@type":"ReadAction","target":["https:\/\/all-car-news.com\/fr\/vingt-ans-de-mercedes-benz-slr-mclaren-des-retrouvailles-uniques\/"]}]},{"@type":"BreadcrumbList","@id":"https:\/\/all-car-news.com\/fr\/vingt-ans-de-mercedes-benz-slr-mclaren-des-retrouvailles-uniques\/#breadcrumb","itemListElement":[{"@type":"ListItem","position":1,"name":"Home","item":"https:\/\/all-car-news.com\/fr\/"},{"@type":"ListItem","position":2,"name":"Vingt ans de Mercedes-Benz SLR McLaren : des retrouvailles uniques"}]},{"@type":"WebSite","@id":"https:\/\/all-car-news.com\/fr\/#website","url":"https:\/\/all-car-news.com\/fr\/","name":"All cars news","description":"","publisher":{"@id":"https:\/\/all-car-news.com\/fr\/#organization"},"potentialAction":[{"@type":"SearchAction","target":{"@type":"EntryPoint","urlTemplate":"https:\/\/all-car-news.com\/fr\/?s={search_term_string}"},"query-input":"required name=search_term_string"}],"inLanguage":"fr-FR"},{"@type":"Organization","@id":"https:\/\/all-car-news.com\/fr\/#organization","name":"All cars news","url":"https:\/\/all-car-news.com\/fr\/","logo":{"@type":"ImageObject","inLanguage":"fr-FR","@id":"https:\/\/all-car-news.com\/fr\/#\/schema\/logo\/image\/","url":"https:\/\/all-car-news.com\/wp-content\/uploads\/2022\/02\/CMYK-AllCarNews_LANDSCAPE_300px-1.png","contentUrl":"https:\/\/all-car-news.com\/wp-content\/uploads\/2022\/02\/CMYK-AllCarNews_LANDSCAPE_300px-1.png","width":300,"height":100,"caption":"All cars news"},"image":{"@id":"https:\/\/all-car-news.com\/fr\/#\/schema\/logo\/image\/"}}]}},"_links":{"self":[{"href":"https:\/\/all-car-news.com\/fr\/wp-json\/wp\/v2\/posts\/138074","targetHints":{"allow":["GET"]}}],"collection":[{"href":"https:\/\/all-car-news.com\/fr\/wp-json\/wp\/v2\/posts"}],"about":[{"href":"https:\/\/all-car-news.com\/fr\/wp-json\/wp\/v2\/types\/post"}],"replies":[{"embeddable":true,"href":"https:\/\/all-car-news.com\/fr\/wp-json\/wp\/v2\/comments?post=138074"}],"version-history":[{"count":0,"href":"https:\/\/all-car-news.com\/fr\/wp-json\/wp\/v2\/posts\/138074\/revisions"}],"wp:featuredmedia":[{"embeddable":true,"href":"https:\/\/all-car-news.com\/fr\/wp-json\/wp\/v2\/media\/138045"}],"wp:attachment":[{"href":"https:\/\/all-car-news.com\/fr\/wp-json\/wp\/v2\/media?parent=138074"}],"wp:term":[{"taxonomy":"category","embeddable":true,"href":"https:\/\/all-car-news.com\/fr\/wp-json\/wp\/v2\/categories?post=138074"},{"taxonomy":"post_tag","embeddable":true,"href":"https:\/\/all-car-news.com\/fr\/wp-json\/wp\/v2\/tags?post=138074"}],"curies":[{"name":"wp","href":"https:\/\/api.w.org\/{rel}","templated":true}]}}