{"id":138009,"date":"2023-08-11T07:49:21","date_gmt":"2023-08-11T07:49:21","guid":{"rendered":"https:\/\/all-car-news.com\/subtile-baisse-de-prix-pour-les-vehicules-hybrides-rechargeables-de-cupra\/"},"modified":"2023-08-11T07:49:21","modified_gmt":"2023-08-11T07:49:21","slug":"subtile-baisse-de-prix-pour-les-vehicules-hybrides-rechargeables-de-cupra","status":"publish","type":"post","link":"https:\/\/all-car-news.com\/fr\/subtile-baisse-de-prix-pour-les-vehicules-hybrides-rechargeables-de-cupra\/","title":{"rendered":"Subtile baisse de prix pour les v\u00e9hicules hybrides rechargeables de Cupra"},"content":{"rendered":"<h2>Les nouveaux prix<\/h2>\n<p>La Cupra Leon cinq portes e-Hybrid Essential est d\u00e9sormais propos\u00e9e \u00e0 partir de 42 990 euros. La nouvelle Leon Sportstourer e-Hybrid est propos\u00e9e \u00e0 partir de 44 490 euros et la Formentor e-Hybrid \u00e0 partir de 44 990 euros.<\/p>\n<h2>Deux groupes motopropulseurs au choix&nbsp;<\/h2>\n<p>Les mod\u00e8les Leon (Sportstourer) et le Formentor proposent deux versions de puissance du groupe motopropulseur hybride rechargeable. Les versions Essential et Business sont \u00e9quip\u00e9es d&rsquo;un groupe motopropulseur de 150 kW (204 ch). Les mod\u00e8les VZ Performance et les \u00e9ditions VZ Copper ont une puissance de 180 kW (245 ch). La transmission automatique DSG est de s\u00e9rie dans tous les cas. L&rsquo;autonomie \u00e9lectrique de ces mod\u00e8les est de 59 \u00e0 61 kilom\u00e8tres.<\/p>\n<h2>Equipement de s\u00e9rie<\/h2>\n<p>Sur tous les mod\u00e8les, des \u00e9l\u00e9ments tels que l&rsquo;\u00e9clairage LED int\u00e9gral, les jantes en alliage (18 ou 19 pouces), le volant multifonctionnel et chauffant avec palettes de changement de vitesse, le syst\u00e8me Keyless Entry&amp;Go, le Virtual Cockpit, le syst\u00e8me de navigation avec grand \u00e9cran tactile (30,48 cm), la climatisation automatique \u00e0 trois zones, la connectivit\u00e9 sans fil avec les smartphones (Android Auto et Apple CarPlay) et le r\u00e9gulateur de vitesse adaptatif pr\u00e9dictif sont tous de s\u00e9rie.<\/p>\n","protected":false},"excerpt":{"rendered":"Les nouveaux prix La Cupra Leon cinq portes e-Hybrid Essential est d\u00e9sormais propos\u00e9e \u00e0 partir de 42 990 euros. La\u2026","protected":false},"author":0,"featured_media":137993,"comment_status":"","ping_status":"open","sticky":false,"template":"","format":"standard","meta":{"footnotes":""},"categories":[127],"tags":[],"class_list":["post-138009","post","type-post","status-publish","format-standard","has-post-thumbnail","hentry","category-nouvelles-de-voiture"],"acf":[],"yoast_head":"<!-- This site is optimized with the Yoast SEO plugin v21.2 - https:\/\/yoast.com\/wordpress\/plugins\/seo\/ -->\n<title>Subtile baisse de prix pour les v\u00e9hicules hybrides rechargeables de Cupra - All cars news<\/title>\n<meta name=\"robots\" content=\"index, follow, max-snippet:-1, max-image-preview:large, max-video-preview:-1\" \/>\n<link rel=\"canonical\" href=\"https:\/\/all-car-news.com\/fr\/subtile-baisse-de-prix-pour-les-vehicules-hybrides-rechargeables-de-cupra\/\" \/>\n<meta property=\"og:locale\" content=\"fr_FR\" \/>\n<meta property=\"og:type\" content=\"article\" \/>\n<meta property=\"og:title\" content=\"Subtile baisse de prix pour les v\u00e9hicules hybrides rechargeables de Cupra - All cars news\" \/>\n<meta property=\"og:description\" content=\"Les nouveaux prix La Cupra Leon cinq portes e-Hybrid Essential est d\u00e9sormais propos\u00e9e \u00e0 partir de 42 990 euros. La nouvelle Leon Sportstourer e-Hybrid est propos\u00e9e \u00e0 partir de 44 490 euros et la Formentor e-Hybrid \u00e0 partir de 44 990 euros. Deux motorisations au choix&nbsp; Les mod\u00e8les Leon (Sportstourer) et Formentor [...]\" \/>\n<meta property=\"og:url\" content=\"https:\/\/all-car-news.com\/fr\/subtile-baisse-de-prix-pour-les-vehicules-hybrides-rechargeables-de-cupra\/\" \/>\n<meta property=\"og:site_name\" content=\"All cars news\" \/>\n<meta property=\"article:published_time\" content=\"2023-08-11T07:49:21+00:00\" \/>\n<meta name=\"twitter:card\" content=\"summary_large_image\" \/>\n<meta name=\"twitter:label1\" content=\"Dur\u00e9e de lecture estim\u00e9e\" \/>\n\t<meta name=\"twitter:data1\" content=\"1 minute\" \/>\n<script type=\"application\/ld+json\" class=\"yoast-schema-graph\">{\"@context\":\"https:\/\/schema.org\",\"@graph\":[{\"@type\":\"Article\",\"@id\":\"https:\/\/all-car-news.com\/fr\/subtile-baisse-de-prix-pour-les-vehicules-hybrides-rechargeables-de-cupra\/#article\",\"isPartOf\":{\"@id\":\"https:\/\/all-car-news.com\/fr\/subtile-baisse-de-prix-pour-les-vehicules-hybrides-rechargeables-de-cupra\/\"},\"author\":{\"name\":\"\",\"@id\":\"\"},\"headline\":\"Subtile baisse de prix pour les v\u00e9hicules hybrides rechargeables de Cupra\",\"datePublished\":\"2023-08-11T07:49:21+00:00\",\"dateModified\":\"2023-08-11T07:49:21+00:00\",\"mainEntityOfPage\":{\"@id\":\"https:\/\/all-car-news.com\/fr\/subtile-baisse-de-prix-pour-les-vehicules-hybrides-rechargeables-de-cupra\/\"},\"wordCount\":211,\"publisher\":{\"@id\":\"https:\/\/all-car-news.com\/fr\/#organization\"},\"articleSection\":[\"nouvelles de voiture\"],\"inLanguage\":\"fr-FR\"},{\"@type\":\"WebPage\",\"@id\":\"https:\/\/all-car-news.com\/fr\/subtile-baisse-de-prix-pour-les-vehicules-hybrides-rechargeables-de-cupra\/\",\"url\":\"https:\/\/all-car-news.com\/fr\/subtile-baisse-de-prix-pour-les-vehicules-hybrides-rechargeables-de-cupra\/\",\"name\":\"Subtile baisse de prix pour les v\u00e9hicules hybrides rechargeables de Cupra - All cars news\",\"isPartOf\":{\"@id\":\"https:\/\/all-car-news.com\/fr\/#website\"},\"datePublished\":\"2023-08-11T07:49:21+00:00\",\"dateModified\":\"2023-08-11T07:49:21+00:00\",\"breadcrumb\":{\"@id\":\"https:\/\/all-car-news.com\/fr\/subtile-baisse-de-prix-pour-les-vehicules-hybrides-rechargeables-de-cupra\/#breadcrumb\"},\"inLanguage\":\"fr-FR\",\"potentialAction\":[{\"@type\":\"ReadAction\",\"target\":[\"https:\/\/all-car-news.com\/fr\/subtile-baisse-de-prix-pour-les-vehicules-hybrides-rechargeables-de-cupra\/\"]}]},{\"@type\":\"BreadcrumbList\",\"@id\":\"https:\/\/all-car-news.com\/fr\/subtile-baisse-de-prix-pour-les-vehicules-hybrides-rechargeables-de-cupra\/#breadcrumb\",\"itemListElement\":[{\"@type\":\"ListItem\",\"position\":1,\"name\":\"Home\",\"item\":\"https:\/\/all-car-news.com\/fr\/\"},{\"@type\":\"ListItem\",\"position\":2,\"name\":\"Subtile baisse de prix pour les v\u00e9hicules hybrides rechargeables de Cupra\"}]},{\"@type\":\"WebSite\",\"@id\":\"https:\/\/all-car-news.com\/fr\/#website\",\"url\":\"https:\/\/all-car-news.com\/fr\/\",\"name\":\"All cars news\",\"description\":\"\",\"publisher\":{\"@id\":\"https:\/\/all-car-news.com\/fr\/#organization\"},\"potentialAction\":[{\"@type\":\"SearchAction\",\"target\":{\"@type\":\"EntryPoint\",\"urlTemplate\":\"https:\/\/all-car-news.com\/fr\/?s={search_term_string}\"},\"query-input\":\"required name=search_term_string\"}],\"inLanguage\":\"fr-FR\"},{\"@type\":\"Organization\",\"@id\":\"https:\/\/all-car-news.com\/fr\/#organization\",\"name\":\"All cars news\",\"url\":\"https:\/\/all-car-news.com\/fr\/\",\"logo\":{\"@type\":\"ImageObject\",\"inLanguage\":\"fr-FR\",\"@id\":\"https:\/\/all-car-news.com\/fr\/#\/schema\/logo\/image\/\",\"url\":\"https:\/\/all-car-news.com\/wp-content\/uploads\/2022\/02\/CMYK-AllCarNews_LANDSCAPE_300px-1.png\",\"contentUrl\":\"https:\/\/all-car-news.com\/wp-content\/uploads\/2022\/02\/CMYK-AllCarNews_LANDSCAPE_300px-1.png\",\"width\":300,\"height\":100,\"caption\":\"All cars news\"},\"image\":{\"@id\":\"https:\/\/all-car-news.com\/fr\/#\/schema\/logo\/image\/\"}}]}<\/script>\n<!-- \/ Yoast SEO plugin. -->","yoast_head_json":{"title":"Subtile baisse de prix pour les v\u00e9hicules hybrides rechargeables de Cupra - All cars news","robots":{"index":"index","follow":"follow","max-snippet":"max-snippet:-1","max-image-preview":"max-image-preview:large","max-video-preview":"max-video-preview:-1"},"canonical":"https:\/\/all-car-news.com\/fr\/subtile-baisse-de-prix-pour-les-vehicules-hybrides-rechargeables-de-cupra\/","og_locale":"fr_FR","og_type":"article","og_title":"Subtile baisse de prix pour les v\u00e9hicules hybrides rechargeables de Cupra - All cars news","og_description":"Les nouveaux prix La Cupra Leon cinq portes e-Hybrid Essential est d\u00e9sormais propos\u00e9e \u00e0 partir de 42 990 euros. La nouvelle Leon Sportstourer e-Hybrid est propos\u00e9e \u00e0 partir de 44 490 euros et la Formentor e-Hybrid \u00e0 partir de 44 990 euros. Deux motorisations au choix&nbsp; Les mod\u00e8les Leon (Sportstourer) et Formentor [...]","og_url":"https:\/\/all-car-news.com\/fr\/subtile-baisse-de-prix-pour-les-vehicules-hybrides-rechargeables-de-cupra\/","og_site_name":"All cars news","article_published_time":"2023-08-11T07:49:21+00:00","twitter_card":"summary_large_image","twitter_misc":{"Dur\u00e9e de lecture estim\u00e9e":"1 minute"},"schema":{"@context":"https:\/\/schema.org","@graph":[{"@type":"Article","@id":"https:\/\/all-car-news.com\/fr\/subtile-baisse-de-prix-pour-les-vehicules-hybrides-rechargeables-de-cupra\/#article","isPartOf":{"@id":"https:\/\/all-car-news.com\/fr\/subtile-baisse-de-prix-pour-les-vehicules-hybrides-rechargeables-de-cupra\/"},"author":{"name":"","@id":""},"headline":"Subtile baisse de prix pour les v\u00e9hicules hybrides rechargeables de Cupra","datePublished":"2023-08-11T07:49:21+00:00","dateModified":"2023-08-11T07:49:21+00:00","mainEntityOfPage":{"@id":"https:\/\/all-car-news.com\/fr\/subtile-baisse-de-prix-pour-les-vehicules-hybrides-rechargeables-de-cupra\/"},"wordCount":211,"publisher":{"@id":"https:\/\/all-car-news.com\/fr\/#organization"},"articleSection":["nouvelles de voiture"],"inLanguage":"fr-FR"},{"@type":"WebPage","@id":"https:\/\/all-car-news.com\/fr\/subtile-baisse-de-prix-pour-les-vehicules-hybrides-rechargeables-de-cupra\/","url":"https:\/\/all-car-news.com\/fr\/subtile-baisse-de-prix-pour-les-vehicules-hybrides-rechargeables-de-cupra\/","name":"Subtile baisse de prix pour les v\u00e9hicules hybrides rechargeables de Cupra - All cars news","isPartOf":{"@id":"https:\/\/all-car-news.com\/fr\/#website"},"datePublished":"2023-08-11T07:49:21+00:00","dateModified":"2023-08-11T07:49:21+00:00","breadcrumb":{"@id":"https:\/\/all-car-news.com\/fr\/subtile-baisse-de-prix-pour-les-vehicules-hybrides-rechargeables-de-cupra\/#breadcrumb"},"inLanguage":"fr-FR","potentialAction":[{"@type":"ReadAction","target":["https:\/\/all-car-news.com\/fr\/subtile-baisse-de-prix-pour-les-vehicules-hybrides-rechargeables-de-cupra\/"]}]},{"@type":"BreadcrumbList","@id":"https:\/\/all-car-news.com\/fr\/subtile-baisse-de-prix-pour-les-vehicules-hybrides-rechargeables-de-cupra\/#breadcrumb","itemListElement":[{"@type":"ListItem","position":1,"name":"Home","item":"https:\/\/all-car-news.com\/fr\/"},{"@type":"ListItem","position":2,"name":"Subtile baisse de prix pour les v\u00e9hicules hybrides rechargeables de Cupra"}]},{"@type":"WebSite","@id":"https:\/\/all-car-news.com\/fr\/#website","url":"https:\/\/all-car-news.com\/fr\/","name":"All cars news","description":"","publisher":{"@id":"https:\/\/all-car-news.com\/fr\/#organization"},"potentialAction":[{"@type":"SearchAction","target":{"@type":"EntryPoint","urlTemplate":"https:\/\/all-car-news.com\/fr\/?s={search_term_string}"},"query-input":"required name=search_term_string"}],"inLanguage":"fr-FR"},{"@type":"Organization","@id":"https:\/\/all-car-news.com\/fr\/#organization","name":"All cars news","url":"https:\/\/all-car-news.com\/fr\/","logo":{"@type":"ImageObject","inLanguage":"fr-FR","@id":"https:\/\/all-car-news.com\/fr\/#\/schema\/logo\/image\/","url":"https:\/\/all-car-news.com\/wp-content\/uploads\/2022\/02\/CMYK-AllCarNews_LANDSCAPE_300px-1.png","contentUrl":"https:\/\/all-car-news.com\/wp-content\/uploads\/2022\/02\/CMYK-AllCarNews_LANDSCAPE_300px-1.png","width":300,"height":100,"caption":"All cars news"},"image":{"@id":"https:\/\/all-car-news.com\/fr\/#\/schema\/logo\/image\/"}}]}},"_links":{"self":[{"href":"https:\/\/all-car-news.com\/fr\/wp-json\/wp\/v2\/posts\/138009","targetHints":{"allow":["GET"]}}],"collection":[{"href":"https:\/\/all-car-news.com\/fr\/wp-json\/wp\/v2\/posts"}],"about":[{"href":"https:\/\/all-car-news.com\/fr\/wp-json\/wp\/v2\/types\/post"}],"replies":[{"embeddable":true,"href":"https:\/\/all-car-news.com\/fr\/wp-json\/wp\/v2\/comments?post=138009"}],"version-history":[{"count":0,"href":"https:\/\/all-car-news.com\/fr\/wp-json\/wp\/v2\/posts\/138009\/revisions"}],"wp:featuredmedia":[{"embeddable":true,"href":"https:\/\/all-car-news.com\/fr\/wp-json\/wp\/v2\/media\/137993"}],"wp:attachment":[{"href":"https:\/\/all-car-news.com\/fr\/wp-json\/wp\/v2\/media?parent=138009"}],"wp:term":[{"taxonomy":"category","embeddable":true,"href":"https:\/\/all-car-news.com\/fr\/wp-json\/wp\/v2\/categories?post=138009"},{"taxonomy":"post_tag","embeddable":true,"href":"https:\/\/all-car-news.com\/fr\/wp-json\/wp\/v2\/tags?post=138009"}],"curies":[{"name":"wp","href":"https:\/\/api.w.org\/{rel}","templated":true}]}}