{"id":137803,"date":"2023-08-07T13:04:05","date_gmt":"2023-08-07T13:04:05","guid":{"rendered":"https:\/\/all-car-news.com\/opel-rocks-gse-et-si\/"},"modified":"2023-08-07T13:04:05","modified_gmt":"2023-08-07T13:04:05","slug":"opel-rocks-gse-et-si","status":"publish","type":"post","link":"https:\/\/all-car-news.com\/fr\/opel-rocks-gse-et-si\/","title":{"rendered":"Opel Rocks GSe : et si ?"},"content":{"rendered":"<h2>L&rsquo;\u00e9quipement Opel Rocks GSe<\/h2>\n<p>Des jantes plus sportives et plus l\u00e9g\u00e8res, quelques logos GSe, un autocollant de fen\u00eatre distinctif, la face avant du <a href=\"https:\/\/autorai.nl\/opel-rocks-e-xtreme-verkent-de-ongebaande-wegen\/\">concept Opel Rocks Extreme<\/a> et, bien s\u00fbr, des blocs optiques modernes pourraient constituer les ingr\u00e9dients n\u00e9cessaires \u00e0 la cr\u00e9ation d&rsquo;une Opel Rocks GSe. Il suffit de peu de choses pour transformer une Rocks Electric en une version GSe.<\/p>\n<h2>Mode Boost<\/h2>\n<p>Il est \u00e9vident que le groupe motopropulseur ne peut pas \u00eatre modifi\u00e9 beaucoup, car la vitesse maximale doit \u00eatre maintenue \u00e0 45 km\/h. Mais avec quelques mises \u00e0 jour logicielles, Vauxhall peut d\u00e9velopper un v\u00e9ritable mode Boost qui permet de sprinter jusqu&rsquo;\u00e0 45 km\/h plus vite.<\/p>\n<h2>Composition actuelle<\/h2>\n<p>En th\u00e9orie, tout cela est possible. Opel pourrait \u00e9largir la gamme Rocks Electric avec une Rocks GSe. Actuellement, la marque ne propose qu&rsquo;une version de base, une Tekno et une Klub. Il manque encore une GSe Rocks. Peut-\u00eatre que ce photoshop fera r\u00e9fl\u00e9chir Vauxhall. Fiat pourrait faire la m\u00eame chose avec la <a href=\"https:\/\/autorai.nl\/de-nieuwe-fiat-topolino-uitgebreide-eerste-kennismaking\/\">Topolino<\/a>, par exemple une version Abarth de la <a href=\"https:\/\/autorai.nl\/de-nieuwe-fiat-topolino-uitgebreide-eerste-kennismaking\/\">Fiat Topolino<\/a>.<\/p>\n<figure class=\"wp-block-image size-content\"><img decoding=\"async\" loading=\"lazy\" width=\"1140\" height=\"713\" src=\"https:\/\/autorai.nl\/wp-content\/uploads\/2023\/08\/opel-rocks-gse-fotoshop-copyright-autorai1-1140x713.jpg\" alt=\"Opel Rocks GSe\" class=\"wp-image-164041\"><\/figure>\n<h2>Opel GSe<\/h2>\n<p>GSe : ces trois lettres sont certainement famili\u00e8res aux fans d&rsquo;Opel. Les trois lettres symbolisent des mod\u00e8les hautement \u00e9quip\u00e9s et sportifs. En plus de proposer une version \u00e9lectrifi\u00e9e de chaque mod\u00e8le de sa gamme \u00e0 partir de 2024 et de viser une marque enti\u00e8rement \u00e9lectrique en Europe \u00e0 partir de 2028, le constructeur allemand redonne vie \u00e0 la GSe en tant que nouvelle sous-marque dans le segment haut de gamme. D&rsquo;ailleurs, GSe prend une nouvelle signification : Grand Sport \u00e9lectrique. Dans le pass\u00e9, l&rsquo;abr\u00e9viation signifiait encore \u00ab\u00a0Grand Sport Einspritzung\u00a0\u00bb (injection Grand Sport), comme sur la Commodore GS\/E et la Monza GSE. Les Opel Astra GSe et <a href=\"https:\/\/autorai.nl\/review-opel-grandland-gse-3-pluspunten-3-minpunten\/\">Grandland GSe<\/a> sont parmi les <a href=\"https:\/\/autorai.nl\/review-opel-astra-grandland-gse-2023-meer-dan-een-label\/\">premiers mod\u00e8les GSe<\/a>.<\/p>\n<h2>Critique de l&rsquo;Opel Rocks Electric<\/h2>\n<p>Par ailleurs, est-il possible de vivre avec une citadine \u00e9lectrique qui parcourt au maximum 75 kilom\u00e8tres avec une charge compl\u00e8te d&rsquo;\u00e9lectricit\u00e9 et atteint une vitesse de pointe de 45 km\/h ? Nous avons test\u00e9 l&rsquo;<a href=\"https:\/\/autorai.nl\/review-leven-met-een-opel-rocks-e-video\/\">Opel Rocks Electric<\/a> &#8211; anciennement connue sous le nom de Rocks-e &#8211; de mani\u00e8re approfondie, en ville et \u00e0 la <a href=\"https:\/\/www.youtube.com\/watch?v=hMfqI7VDzqg\" target=\"_blank\" rel=\"noreferrer noopener\">campagne<\/a>.<\/p>\n<p><em><strong>Cr\u00e9dit photo : AutoRAI.co.uk<\/strong><\/em><\/p>\n","protected":false},"excerpt":{"rendered":"Equipement Opel Rocks GSe Des jantes plus sportives et l\u00e9g\u00e8res, quelques logos GSe, un autocollant de fen\u00eatre distinctif, la face\u2026","protected":false},"author":0,"featured_media":137765,"comment_status":"","ping_status":"open","sticky":false,"template":"","format":"standard","meta":{"footnotes":""},"categories":[127],"tags":[],"class_list":["post-137803","post","type-post","status-publish","format-standard","has-post-thumbnail","hentry","category-nouvelles-de-voiture"],"acf":[],"yoast_head":"<!-- This site is optimized with the Yoast SEO plugin v21.2 - https:\/\/yoast.com\/wordpress\/plugins\/seo\/ -->\n<title>Opel Rocks GSe : et si ? - All cars news<\/title>\n<meta name=\"robots\" content=\"index, follow, max-snippet:-1, max-image-preview:large, max-video-preview:-1\" \/>\n<link rel=\"canonical\" href=\"https:\/\/all-car-news.com\/fr\/opel-rocks-gse-et-si\/\" \/>\n<meta property=\"og:locale\" content=\"fr_FR\" \/>\n<meta property=\"og:type\" content=\"article\" \/>\n<meta property=\"og:title\" content=\"Opel Rocks GSe : et si ? - All cars news\" \/>\n<meta property=\"og:description\" content=\"Equipement Opel Rocks GSe Des jantes plus sportives et l\u00e9g\u00e8res, quelques logos GSe, un autocollant de fen\u00eatre distinctif, la face avant du concept Opel Rocks Extreme et, bien s\u00fbr, des blocs optiques modernes pourraient \u00eatre les ingr\u00e9dients de la cr\u00e9ation d&#039;une Opel Rocks GSe. Il suffit de peu de choses pour transformer une Rocks Electric en une version GSe. \u2020\" \/>\n<meta property=\"og:url\" content=\"https:\/\/all-car-news.com\/fr\/opel-rocks-gse-et-si\/\" \/>\n<meta property=\"og:site_name\" content=\"All cars news\" \/>\n<meta property=\"article:published_time\" content=\"2023-08-07T13:04:05+00:00\" \/>\n<meta property=\"og:image\" content=\"https:\/\/autorai.nl\/wp-content\/uploads\/2023\/08\/opel-rocks-gse-fotoshop-copyright-autorai1-1140x713.jpg\" \/>\n<meta name=\"twitter:card\" content=\"summary_large_image\" \/>\n<meta name=\"twitter:label1\" content=\"Dur\u00e9e de lecture estim\u00e9e\" \/>\n\t<meta name=\"twitter:data1\" content=\"2 minutes\" \/>\n<script type=\"application\/ld+json\" class=\"yoast-schema-graph\">{\"@context\":\"https:\/\/schema.org\",\"@graph\":[{\"@type\":\"Article\",\"@id\":\"https:\/\/all-car-news.com\/fr\/opel-rocks-gse-et-si\/#article\",\"isPartOf\":{\"@id\":\"https:\/\/all-car-news.com\/fr\/opel-rocks-gse-et-si\/\"},\"author\":{\"name\":\"\",\"@id\":\"\"},\"headline\":\"Opel Rocks GSe : et si ?\",\"datePublished\":\"2023-08-07T13:04:05+00:00\",\"dateModified\":\"2023-08-07T13:04:05+00:00\",\"mainEntityOfPage\":{\"@id\":\"https:\/\/all-car-news.com\/fr\/opel-rocks-gse-et-si\/\"},\"wordCount\":375,\"publisher\":{\"@id\":\"https:\/\/all-car-news.com\/fr\/#organization\"},\"articleSection\":[\"nouvelles de voiture\"],\"inLanguage\":\"fr-FR\"},{\"@type\":\"WebPage\",\"@id\":\"https:\/\/all-car-news.com\/fr\/opel-rocks-gse-et-si\/\",\"url\":\"https:\/\/all-car-news.com\/fr\/opel-rocks-gse-et-si\/\",\"name\":\"Opel Rocks GSe : et si ? - All cars news\",\"isPartOf\":{\"@id\":\"https:\/\/all-car-news.com\/fr\/#website\"},\"datePublished\":\"2023-08-07T13:04:05+00:00\",\"dateModified\":\"2023-08-07T13:04:05+00:00\",\"breadcrumb\":{\"@id\":\"https:\/\/all-car-news.com\/fr\/opel-rocks-gse-et-si\/#breadcrumb\"},\"inLanguage\":\"fr-FR\",\"potentialAction\":[{\"@type\":\"ReadAction\",\"target\":[\"https:\/\/all-car-news.com\/fr\/opel-rocks-gse-et-si\/\"]}]},{\"@type\":\"BreadcrumbList\",\"@id\":\"https:\/\/all-car-news.com\/fr\/opel-rocks-gse-et-si\/#breadcrumb\",\"itemListElement\":[{\"@type\":\"ListItem\",\"position\":1,\"name\":\"Home\",\"item\":\"https:\/\/all-car-news.com\/fr\/\"},{\"@type\":\"ListItem\",\"position\":2,\"name\":\"Opel Rocks GSe : et si ?\"}]},{\"@type\":\"WebSite\",\"@id\":\"https:\/\/all-car-news.com\/fr\/#website\",\"url\":\"https:\/\/all-car-news.com\/fr\/\",\"name\":\"All cars news\",\"description\":\"\",\"publisher\":{\"@id\":\"https:\/\/all-car-news.com\/fr\/#organization\"},\"potentialAction\":[{\"@type\":\"SearchAction\",\"target\":{\"@type\":\"EntryPoint\",\"urlTemplate\":\"https:\/\/all-car-news.com\/fr\/?s={search_term_string}\"},\"query-input\":\"required name=search_term_string\"}],\"inLanguage\":\"fr-FR\"},{\"@type\":\"Organization\",\"@id\":\"https:\/\/all-car-news.com\/fr\/#organization\",\"name\":\"All cars news\",\"url\":\"https:\/\/all-car-news.com\/fr\/\",\"logo\":{\"@type\":\"ImageObject\",\"inLanguage\":\"fr-FR\",\"@id\":\"https:\/\/all-car-news.com\/fr\/#\/schema\/logo\/image\/\",\"url\":\"https:\/\/all-car-news.com\/wp-content\/uploads\/2022\/02\/CMYK-AllCarNews_LANDSCAPE_300px-1.png\",\"contentUrl\":\"https:\/\/all-car-news.com\/wp-content\/uploads\/2022\/02\/CMYK-AllCarNews_LANDSCAPE_300px-1.png\",\"width\":300,\"height\":100,\"caption\":\"All cars news\"},\"image\":{\"@id\":\"https:\/\/all-car-news.com\/fr\/#\/schema\/logo\/image\/\"}}]}<\/script>\n<!-- \/ Yoast SEO plugin. -->","yoast_head_json":{"title":"Opel Rocks GSe : et si ? - All cars news","robots":{"index":"index","follow":"follow","max-snippet":"max-snippet:-1","max-image-preview":"max-image-preview:large","max-video-preview":"max-video-preview:-1"},"canonical":"https:\/\/all-car-news.com\/fr\/opel-rocks-gse-et-si\/","og_locale":"fr_FR","og_type":"article","og_title":"Opel Rocks GSe : et si ? - All cars news","og_description":"Equipement Opel Rocks GSe Des jantes plus sportives et l\u00e9g\u00e8res, quelques logos GSe, un autocollant de fen\u00eatre distinctif, la face avant du concept Opel Rocks Extreme et, bien s\u00fbr, des blocs optiques modernes pourraient \u00eatre les ingr\u00e9dients de la cr\u00e9ation d'une Opel Rocks GSe. Il suffit de peu de choses pour transformer une Rocks Electric en une version GSe. \u2020","og_url":"https:\/\/all-car-news.com\/fr\/opel-rocks-gse-et-si\/","og_site_name":"All cars news","article_published_time":"2023-08-07T13:04:05+00:00","og_image":[{"url":"https:\/\/autorai.nl\/wp-content\/uploads\/2023\/08\/opel-rocks-gse-fotoshop-copyright-autorai1-1140x713.jpg"}],"twitter_card":"summary_large_image","twitter_misc":{"Dur\u00e9e de lecture estim\u00e9e":"2 minutes"},"schema":{"@context":"https:\/\/schema.org","@graph":[{"@type":"Article","@id":"https:\/\/all-car-news.com\/fr\/opel-rocks-gse-et-si\/#article","isPartOf":{"@id":"https:\/\/all-car-news.com\/fr\/opel-rocks-gse-et-si\/"},"author":{"name":"","@id":""},"headline":"Opel Rocks GSe : et si ?","datePublished":"2023-08-07T13:04:05+00:00","dateModified":"2023-08-07T13:04:05+00:00","mainEntityOfPage":{"@id":"https:\/\/all-car-news.com\/fr\/opel-rocks-gse-et-si\/"},"wordCount":375,"publisher":{"@id":"https:\/\/all-car-news.com\/fr\/#organization"},"articleSection":["nouvelles de voiture"],"inLanguage":"fr-FR"},{"@type":"WebPage","@id":"https:\/\/all-car-news.com\/fr\/opel-rocks-gse-et-si\/","url":"https:\/\/all-car-news.com\/fr\/opel-rocks-gse-et-si\/","name":"Opel Rocks GSe : et si ? - All cars news","isPartOf":{"@id":"https:\/\/all-car-news.com\/fr\/#website"},"datePublished":"2023-08-07T13:04:05+00:00","dateModified":"2023-08-07T13:04:05+00:00","breadcrumb":{"@id":"https:\/\/all-car-news.com\/fr\/opel-rocks-gse-et-si\/#breadcrumb"},"inLanguage":"fr-FR","potentialAction":[{"@type":"ReadAction","target":["https:\/\/all-car-news.com\/fr\/opel-rocks-gse-et-si\/"]}]},{"@type":"BreadcrumbList","@id":"https:\/\/all-car-news.com\/fr\/opel-rocks-gse-et-si\/#breadcrumb","itemListElement":[{"@type":"ListItem","position":1,"name":"Home","item":"https:\/\/all-car-news.com\/fr\/"},{"@type":"ListItem","position":2,"name":"Opel Rocks GSe : et si ?"}]},{"@type":"WebSite","@id":"https:\/\/all-car-news.com\/fr\/#website","url":"https:\/\/all-car-news.com\/fr\/","name":"All cars news","description":"","publisher":{"@id":"https:\/\/all-car-news.com\/fr\/#organization"},"potentialAction":[{"@type":"SearchAction","target":{"@type":"EntryPoint","urlTemplate":"https:\/\/all-car-news.com\/fr\/?s={search_term_string}"},"query-input":"required name=search_term_string"}],"inLanguage":"fr-FR"},{"@type":"Organization","@id":"https:\/\/all-car-news.com\/fr\/#organization","name":"All cars news","url":"https:\/\/all-car-news.com\/fr\/","logo":{"@type":"ImageObject","inLanguage":"fr-FR","@id":"https:\/\/all-car-news.com\/fr\/#\/schema\/logo\/image\/","url":"https:\/\/all-car-news.com\/wp-content\/uploads\/2022\/02\/CMYK-AllCarNews_LANDSCAPE_300px-1.png","contentUrl":"https:\/\/all-car-news.com\/wp-content\/uploads\/2022\/02\/CMYK-AllCarNews_LANDSCAPE_300px-1.png","width":300,"height":100,"caption":"All cars news"},"image":{"@id":"https:\/\/all-car-news.com\/fr\/#\/schema\/logo\/image\/"}}]}},"_links":{"self":[{"href":"https:\/\/all-car-news.com\/fr\/wp-json\/wp\/v2\/posts\/137803","targetHints":{"allow":["GET"]}}],"collection":[{"href":"https:\/\/all-car-news.com\/fr\/wp-json\/wp\/v2\/posts"}],"about":[{"href":"https:\/\/all-car-news.com\/fr\/wp-json\/wp\/v2\/types\/post"}],"replies":[{"embeddable":true,"href":"https:\/\/all-car-news.com\/fr\/wp-json\/wp\/v2\/comments?post=137803"}],"version-history":[{"count":0,"href":"https:\/\/all-car-news.com\/fr\/wp-json\/wp\/v2\/posts\/137803\/revisions"}],"wp:featuredmedia":[{"embeddable":true,"href":"https:\/\/all-car-news.com\/fr\/wp-json\/wp\/v2\/media\/137765"}],"wp:attachment":[{"href":"https:\/\/all-car-news.com\/fr\/wp-json\/wp\/v2\/media?parent=137803"}],"wp:term":[{"taxonomy":"category","embeddable":true,"href":"https:\/\/all-car-news.com\/fr\/wp-json\/wp\/v2\/categories?post=137803"},{"taxonomy":"post_tag","embeddable":true,"href":"https:\/\/all-car-news.com\/fr\/wp-json\/wp\/v2\/tags?post=137803"}],"curies":[{"name":"wp","href":"https:\/\/api.w.org\/{rel}","templated":true}]}}