{"id":137800,"date":"2023-08-07T13:12:52","date_gmt":"2023-08-07T13:12:52","guid":{"rendered":"https:\/\/all-car-news.com\/la-voiture-ideale-pour-les-vacances-de-derniere-minute-honda-odyssey-v6-prestige-7-places-en-version-jdm\/"},"modified":"2023-08-07T13:12:52","modified_gmt":"2023-08-07T13:12:52","slug":"la-voiture-ideale-pour-les-vacances-de-derniere-minute-honda-odyssey-v6-prestige-7-places-en-version-jdm","status":"publish","type":"post","link":"https:\/\/all-car-news.com\/fr\/la-voiture-ideale-pour-les-vacances-de-derniere-minute-honda-odyssey-v6-prestige-7-places-en-version-jdm\/","title":{"rendered":"La voiture id\u00e9ale pour les vacances de derni\u00e8re minute : Honda Odyssey V6 Prestige 7 places en version JDM"},"content":{"rendered":"<h2>Honda Odyssey V6 Prestige<\/h2>\n<p>Vous ne serez pas le seul N\u00e9erlandais \u00e0 en avoir assez du climat estival typiquement n\u00e9erlandais. Presque tous les vols de derni\u00e8re minute vers le soleil sont donc complets. Vous devrez donc prendre la voiture si vous souffrez d&rsquo;une carence en vitamine D. Nous avons trouv\u00e9 une voiture qui vous permettra de conduire sept personnes en Europe du Sud demain : une Honda Odyssey V6 Prestige.  <\/p>\n<figure class=\"wp-block-image size-content\"><img decoding=\"async\" loading=\"lazy\" width=\"1140\" height=\"855\" src=\"https:\/\/autorai.nl\/wp-content\/uploads\/2023\/08\/Honda-Odyssey-V6-Prestige-marktplaats-3-1140x855.jpg\" alt=\"\" class=\"wp-image-164036\"><\/figure>\n<h2>Voiture familiale d&rsquo;origine  <\/h2>\n<p>La voiture, qui est en vente \u00e0 Zwolle, est actuellement la seule Honda Odyssey V6 de premi\u00e8re g\u00e9n\u00e9ration dans toute l&rsquo;Europe, selon le vendeur Marktplaats. La voiture \u00e0 7 places a \u00e9t\u00e9 import\u00e9e du Japon &#8211; et donc conduite \u00e0 droite &#8211; et sa m\u00e9canique est absolument parfaite et ne pr\u00e9sente aucune trace de rouille. \u00c0 l&rsquo;avant de ce mangeur de kilom\u00e8tres, on trouve un solide V6 de 3,0 litres qui, si l&rsquo;on est press\u00e9, s&rsquo;accroche bien \u00e0 l&rsquo;acc\u00e9l\u00e9rateur gr\u00e2ce \u00e0 un syst\u00e8me VTEC.<\/p>\n<figure class=\"wp-block-image size-content\"><img decoding=\"async\" loading=\"lazy\" width=\"1140\" height=\"855\" src=\"https:\/\/autorai.nl\/wp-content\/uploads\/2023\/08\/Honda-Odyssey-V6-Prestige-marktplaats-2-1140x855.jpg\" alt=\"\" class=\"wp-image-164037\"><\/figure>\n<h2>Extra unique<\/h2>\n<p>Le compteur de l&rsquo;Odyssey 1998 affiche 71 111 kilom\u00e8tres. La <strong><a href=\"https:\/\/autorai.nl\/autozoeker\/honda\/\">Honda<\/a> <\/strong>est sortie d&rsquo;usine avec un kit de carrosserie Prestige. Il roule sur des jantes SSR Vienna de 18 pouces import\u00e9es du Japon. Ce que la voiture de votre voisin au camping n&rsquo;a certainement pas non plus : la suspension pneumatique.  <\/p>\n<figure class=\"wp-block-image size-content\"><img decoding=\"async\" loading=\"lazy\" width=\"1140\" height=\"855\" src=\"https:\/\/autorai.nl\/wp-content\/uploads\/2023\/08\/Honda-Odyssey-V6-Prestige-marktplaats-1-1140x855.jpg\" alt=\"\" class=\"wp-image-164038\"><\/figure>\n<h2>Spacieux<\/h2>\n<p>Il peut accueillir sept personnes &#8211; les deux si\u00e8ges arri\u00e8re disposent m\u00eame d&rsquo;une climatisation s\u00e9par\u00e9e &#8211; mais vous pouvez bien s\u00fbr laisser la rang\u00e9e de si\u00e8ges arri\u00e8re \u00e0 la maison. Vous pouvez replier la deuxi\u00e8me rang\u00e9e de si\u00e8ges, ce qui vous permet de planter une petite tente \u00e0 l&rsquo;arri\u00e8re, pour ainsi dire. Nous n&rsquo;h\u00e9siterions pas \u00e0 placer un matelas \u00e0 l&rsquo;arri\u00e8re, car gr\u00e2ce aux deux toits en verre, vous pourrez observer les \u00e9toiles la nuit.  <\/p>\n<p>L&rsquo;annonce peut \u00eatre consult\u00e9e <a href=\"https:\/\/www.marktplaats.nl\/v\/auto-s\/honda\/m1889679823-jdm-honda-odyssey-v6-prestige\">ICI<\/a><\/p>\n<p><a href=\"https:\/\/youtu.be\/CPQeUQTjF4w\" target=\"_blank\" rel=\"noreferrer noopener\">Regardez aussi :<\/a><\/p>\n<figure class=\"wp-block-embed is-type-video is-provider-youtube wp-block-embed-youtube wp-embed-aspect-16-9 wp-has-aspect-ratio\">\n<div class=\"wp-block-embed__wrapper\">\n<\/div>\n<\/figure>\n","protected":false},"excerpt":{"rendered":"Honda Odyssey V6 Prestige Vous ne serez pas le seul N\u00e9erlandais \u00e0 en avoir assez du climat estival typique des\u2026","protected":false},"author":0,"featured_media":137759,"comment_status":"","ping_status":"open","sticky":false,"template":"","format":"standard","meta":{"footnotes":""},"categories":[127],"tags":[],"class_list":["post-137800","post","type-post","status-publish","format-standard","has-post-thumbnail","hentry","category-nouvelles-de-voiture"],"acf":[],"yoast_head":"<!-- This site is optimized with the Yoast SEO plugin v21.2 - https:\/\/yoast.com\/wordpress\/plugins\/seo\/ -->\n<title>La voiture id\u00e9ale pour les vacances de derni\u00e8re minute : Honda Odyssey V6 Prestige 7 places en version JDM - All cars news<\/title>\n<meta name=\"robots\" content=\"index, follow, max-snippet:-1, max-image-preview:large, max-video-preview:-1\" \/>\n<link rel=\"canonical\" href=\"https:\/\/all-car-news.com\/fr\/la-voiture-ideale-pour-les-vacances-de-derniere-minute-honda-odyssey-v6-prestige-7-places-en-version-jdm\/\" \/>\n<meta property=\"og:locale\" content=\"fr_FR\" \/>\n<meta property=\"og:type\" content=\"article\" \/>\n<meta property=\"og:title\" content=\"La voiture id\u00e9ale pour les vacances de derni\u00e8re minute : Honda Odyssey V6 Prestige 7 places en version JDM - All cars news\" \/>\n<meta property=\"og:description\" content=\"Honda Odyssey V6 Prestige Vous ne serez pas le seul N\u00e9erlandais \u00e0 en avoir assez du climat estival typique des Pays-Bas. Presque tous les vols de derni\u00e8re minute vers le soleil sont donc complets. Vous devrez donc prendre la voiture si vous souffrez d&#039;une carence en vitamine D. Nous avons trouv\u00e9 une voiture qui vous permettra de conduire avec [...] demain.\" \/>\n<meta property=\"og:url\" content=\"https:\/\/all-car-news.com\/fr\/la-voiture-ideale-pour-les-vacances-de-derniere-minute-honda-odyssey-v6-prestige-7-places-en-version-jdm\/\" \/>\n<meta property=\"og:site_name\" content=\"All cars news\" \/>\n<meta property=\"article:published_time\" content=\"2023-08-07T13:12:52+00:00\" \/>\n<meta property=\"og:image\" content=\"https:\/\/autorai.nl\/wp-content\/uploads\/2023\/08\/Honda-Odyssey-V6-Prestige-marktplaats-3-1140x855.jpg\" \/>\n<meta name=\"twitter:card\" content=\"summary_large_image\" \/>\n<meta name=\"twitter:label1\" content=\"Dur\u00e9e de lecture estim\u00e9e\" \/>\n\t<meta name=\"twitter:data1\" content=\"2 minutes\" \/>\n<script type=\"application\/ld+json\" class=\"yoast-schema-graph\">{\"@context\":\"https:\/\/schema.org\",\"@graph\":[{\"@type\":\"Article\",\"@id\":\"https:\/\/all-car-news.com\/fr\/la-voiture-ideale-pour-les-vacances-de-derniere-minute-honda-odyssey-v6-prestige-7-places-en-version-jdm\/#article\",\"isPartOf\":{\"@id\":\"https:\/\/all-car-news.com\/fr\/la-voiture-ideale-pour-les-vacances-de-derniere-minute-honda-odyssey-v6-prestige-7-places-en-version-jdm\/\"},\"author\":{\"name\":\"\",\"@id\":\"\"},\"headline\":\"La voiture id\u00e9ale pour les vacances de derni\u00e8re minute : Honda Odyssey V6 Prestige 7 places en version JDM\",\"datePublished\":\"2023-08-07T13:12:52+00:00\",\"dateModified\":\"2023-08-07T13:12:52+00:00\",\"mainEntityOfPage\":{\"@id\":\"https:\/\/all-car-news.com\/fr\/la-voiture-ideale-pour-les-vacances-de-derniere-minute-honda-odyssey-v6-prestige-7-places-en-version-jdm\/\"},\"wordCount\":326,\"publisher\":{\"@id\":\"https:\/\/all-car-news.com\/fr\/#organization\"},\"articleSection\":[\"nouvelles de voiture\"],\"inLanguage\":\"fr-FR\"},{\"@type\":\"WebPage\",\"@id\":\"https:\/\/all-car-news.com\/fr\/la-voiture-ideale-pour-les-vacances-de-derniere-minute-honda-odyssey-v6-prestige-7-places-en-version-jdm\/\",\"url\":\"https:\/\/all-car-news.com\/fr\/la-voiture-ideale-pour-les-vacances-de-derniere-minute-honda-odyssey-v6-prestige-7-places-en-version-jdm\/\",\"name\":\"La voiture id\u00e9ale pour les vacances de derni\u00e8re minute : Honda Odyssey V6 Prestige 7 places en version JDM - All cars news\",\"isPartOf\":{\"@id\":\"https:\/\/all-car-news.com\/fr\/#website\"},\"datePublished\":\"2023-08-07T13:12:52+00:00\",\"dateModified\":\"2023-08-07T13:12:52+00:00\",\"breadcrumb\":{\"@id\":\"https:\/\/all-car-news.com\/fr\/la-voiture-ideale-pour-les-vacances-de-derniere-minute-honda-odyssey-v6-prestige-7-places-en-version-jdm\/#breadcrumb\"},\"inLanguage\":\"fr-FR\",\"potentialAction\":[{\"@type\":\"ReadAction\",\"target\":[\"https:\/\/all-car-news.com\/fr\/la-voiture-ideale-pour-les-vacances-de-derniere-minute-honda-odyssey-v6-prestige-7-places-en-version-jdm\/\"]}]},{\"@type\":\"BreadcrumbList\",\"@id\":\"https:\/\/all-car-news.com\/fr\/la-voiture-ideale-pour-les-vacances-de-derniere-minute-honda-odyssey-v6-prestige-7-places-en-version-jdm\/#breadcrumb\",\"itemListElement\":[{\"@type\":\"ListItem\",\"position\":1,\"name\":\"Home\",\"item\":\"https:\/\/all-car-news.com\/fr\/\"},{\"@type\":\"ListItem\",\"position\":2,\"name\":\"La voiture id\u00e9ale pour les vacances de derni\u00e8re minute : Honda Odyssey V6 Prestige 7 places en version JDM\"}]},{\"@type\":\"WebSite\",\"@id\":\"https:\/\/all-car-news.com\/fr\/#website\",\"url\":\"https:\/\/all-car-news.com\/fr\/\",\"name\":\"All cars news\",\"description\":\"\",\"publisher\":{\"@id\":\"https:\/\/all-car-news.com\/fr\/#organization\"},\"potentialAction\":[{\"@type\":\"SearchAction\",\"target\":{\"@type\":\"EntryPoint\",\"urlTemplate\":\"https:\/\/all-car-news.com\/fr\/?s={search_term_string}\"},\"query-input\":\"required name=search_term_string\"}],\"inLanguage\":\"fr-FR\"},{\"@type\":\"Organization\",\"@id\":\"https:\/\/all-car-news.com\/fr\/#organization\",\"name\":\"All cars news\",\"url\":\"https:\/\/all-car-news.com\/fr\/\",\"logo\":{\"@type\":\"ImageObject\",\"inLanguage\":\"fr-FR\",\"@id\":\"https:\/\/all-car-news.com\/fr\/#\/schema\/logo\/image\/\",\"url\":\"https:\/\/all-car-news.com\/wp-content\/uploads\/2022\/02\/CMYK-AllCarNews_LANDSCAPE_300px-1.png\",\"contentUrl\":\"https:\/\/all-car-news.com\/wp-content\/uploads\/2022\/02\/CMYK-AllCarNews_LANDSCAPE_300px-1.png\",\"width\":300,\"height\":100,\"caption\":\"All cars news\"},\"image\":{\"@id\":\"https:\/\/all-car-news.com\/fr\/#\/schema\/logo\/image\/\"}}]}<\/script>\n<!-- \/ Yoast SEO plugin. -->","yoast_head_json":{"title":"La voiture id\u00e9ale pour les vacances de derni\u00e8re minute : Honda Odyssey V6 Prestige 7 places en version JDM - All cars news","robots":{"index":"index","follow":"follow","max-snippet":"max-snippet:-1","max-image-preview":"max-image-preview:large","max-video-preview":"max-video-preview:-1"},"canonical":"https:\/\/all-car-news.com\/fr\/la-voiture-ideale-pour-les-vacances-de-derniere-minute-honda-odyssey-v6-prestige-7-places-en-version-jdm\/","og_locale":"fr_FR","og_type":"article","og_title":"La voiture id\u00e9ale pour les vacances de derni\u00e8re minute : Honda Odyssey V6 Prestige 7 places en version JDM - All cars news","og_description":"Honda Odyssey V6 Prestige Vous ne serez pas le seul N\u00e9erlandais \u00e0 en avoir assez du climat estival typique des Pays-Bas. Presque tous les vols de derni\u00e8re minute vers le soleil sont donc complets. Vous devrez donc prendre la voiture si vous souffrez d'une carence en vitamine D. Nous avons trouv\u00e9 une voiture qui vous permettra de conduire avec [...] demain.","og_url":"https:\/\/all-car-news.com\/fr\/la-voiture-ideale-pour-les-vacances-de-derniere-minute-honda-odyssey-v6-prestige-7-places-en-version-jdm\/","og_site_name":"All cars news","article_published_time":"2023-08-07T13:12:52+00:00","og_image":[{"url":"https:\/\/autorai.nl\/wp-content\/uploads\/2023\/08\/Honda-Odyssey-V6-Prestige-marktplaats-3-1140x855.jpg"}],"twitter_card":"summary_large_image","twitter_misc":{"Dur\u00e9e de lecture estim\u00e9e":"2 minutes"},"schema":{"@context":"https:\/\/schema.org","@graph":[{"@type":"Article","@id":"https:\/\/all-car-news.com\/fr\/la-voiture-ideale-pour-les-vacances-de-derniere-minute-honda-odyssey-v6-prestige-7-places-en-version-jdm\/#article","isPartOf":{"@id":"https:\/\/all-car-news.com\/fr\/la-voiture-ideale-pour-les-vacances-de-derniere-minute-honda-odyssey-v6-prestige-7-places-en-version-jdm\/"},"author":{"name":"","@id":""},"headline":"La voiture id\u00e9ale pour les vacances de derni\u00e8re minute : Honda Odyssey V6 Prestige 7 places en version JDM","datePublished":"2023-08-07T13:12:52+00:00","dateModified":"2023-08-07T13:12:52+00:00","mainEntityOfPage":{"@id":"https:\/\/all-car-news.com\/fr\/la-voiture-ideale-pour-les-vacances-de-derniere-minute-honda-odyssey-v6-prestige-7-places-en-version-jdm\/"},"wordCount":326,"publisher":{"@id":"https:\/\/all-car-news.com\/fr\/#organization"},"articleSection":["nouvelles de voiture"],"inLanguage":"fr-FR"},{"@type":"WebPage","@id":"https:\/\/all-car-news.com\/fr\/la-voiture-ideale-pour-les-vacances-de-derniere-minute-honda-odyssey-v6-prestige-7-places-en-version-jdm\/","url":"https:\/\/all-car-news.com\/fr\/la-voiture-ideale-pour-les-vacances-de-derniere-minute-honda-odyssey-v6-prestige-7-places-en-version-jdm\/","name":"La voiture id\u00e9ale pour les vacances de derni\u00e8re minute : Honda Odyssey V6 Prestige 7 places en version JDM - All cars news","isPartOf":{"@id":"https:\/\/all-car-news.com\/fr\/#website"},"datePublished":"2023-08-07T13:12:52+00:00","dateModified":"2023-08-07T13:12:52+00:00","breadcrumb":{"@id":"https:\/\/all-car-news.com\/fr\/la-voiture-ideale-pour-les-vacances-de-derniere-minute-honda-odyssey-v6-prestige-7-places-en-version-jdm\/#breadcrumb"},"inLanguage":"fr-FR","potentialAction":[{"@type":"ReadAction","target":["https:\/\/all-car-news.com\/fr\/la-voiture-ideale-pour-les-vacances-de-derniere-minute-honda-odyssey-v6-prestige-7-places-en-version-jdm\/"]}]},{"@type":"BreadcrumbList","@id":"https:\/\/all-car-news.com\/fr\/la-voiture-ideale-pour-les-vacances-de-derniere-minute-honda-odyssey-v6-prestige-7-places-en-version-jdm\/#breadcrumb","itemListElement":[{"@type":"ListItem","position":1,"name":"Home","item":"https:\/\/all-car-news.com\/fr\/"},{"@type":"ListItem","position":2,"name":"La voiture id\u00e9ale pour les vacances de derni\u00e8re minute : Honda Odyssey V6 Prestige 7 places en version JDM"}]},{"@type":"WebSite","@id":"https:\/\/all-car-news.com\/fr\/#website","url":"https:\/\/all-car-news.com\/fr\/","name":"All cars news","description":"","publisher":{"@id":"https:\/\/all-car-news.com\/fr\/#organization"},"potentialAction":[{"@type":"SearchAction","target":{"@type":"EntryPoint","urlTemplate":"https:\/\/all-car-news.com\/fr\/?s={search_term_string}"},"query-input":"required name=search_term_string"}],"inLanguage":"fr-FR"},{"@type":"Organization","@id":"https:\/\/all-car-news.com\/fr\/#organization","name":"All cars news","url":"https:\/\/all-car-news.com\/fr\/","logo":{"@type":"ImageObject","inLanguage":"fr-FR","@id":"https:\/\/all-car-news.com\/fr\/#\/schema\/logo\/image\/","url":"https:\/\/all-car-news.com\/wp-content\/uploads\/2022\/02\/CMYK-AllCarNews_LANDSCAPE_300px-1.png","contentUrl":"https:\/\/all-car-news.com\/wp-content\/uploads\/2022\/02\/CMYK-AllCarNews_LANDSCAPE_300px-1.png","width":300,"height":100,"caption":"All cars news"},"image":{"@id":"https:\/\/all-car-news.com\/fr\/#\/schema\/logo\/image\/"}}]}},"_links":{"self":[{"href":"https:\/\/all-car-news.com\/fr\/wp-json\/wp\/v2\/posts\/137800","targetHints":{"allow":["GET"]}}],"collection":[{"href":"https:\/\/all-car-news.com\/fr\/wp-json\/wp\/v2\/posts"}],"about":[{"href":"https:\/\/all-car-news.com\/fr\/wp-json\/wp\/v2\/types\/post"}],"replies":[{"embeddable":true,"href":"https:\/\/all-car-news.com\/fr\/wp-json\/wp\/v2\/comments?post=137800"}],"version-history":[{"count":0,"href":"https:\/\/all-car-news.com\/fr\/wp-json\/wp\/v2\/posts\/137800\/revisions"}],"wp:featuredmedia":[{"embeddable":true,"href":"https:\/\/all-car-news.com\/fr\/wp-json\/wp\/v2\/media\/137759"}],"wp:attachment":[{"href":"https:\/\/all-car-news.com\/fr\/wp-json\/wp\/v2\/media?parent=137800"}],"wp:term":[{"taxonomy":"category","embeddable":true,"href":"https:\/\/all-car-news.com\/fr\/wp-json\/wp\/v2\/categories?post=137800"},{"taxonomy":"post_tag","embeddable":true,"href":"https:\/\/all-car-news.com\/fr\/wp-json\/wp\/v2\/tags?post=137800"}],"curies":[{"name":"wp","href":"https:\/\/api.w.org\/{rel}","templated":true}]}}