{"id":137664,"date":"2023-08-01T10:11:01","date_gmt":"2023-08-01T10:11:01","guid":{"rendered":"https:\/\/all-car-news.com\/en-images-les-skoda-scala-et-kamiq-revisitees\/"},"modified":"2023-08-01T10:11:01","modified_gmt":"2023-08-01T10:11:01","slug":"en-images-les-skoda-scala-et-kamiq-revisitees","status":"publish","type":"post","link":"https:\/\/all-car-news.com\/fr\/en-images-les-skoda-scala-et-kamiq-revisitees\/","title":{"rendered":"En images : les \u0160koda Scala et Kamiq revisit\u00e9es"},"content":{"rendered":"<h2>Scala et Kamiq<\/h2>\n<p>Le Scala a \u00e9t\u00e9 pr\u00e9sent\u00e9 pour la premi\u00e8re fois en 2019. Malgr\u00e9 ses dimensions compactes, il offre beaucoup d&rsquo;espace et de commodit\u00e9. Plus de 230 000 Scala ont d\u00e9j\u00e0 \u00e9t\u00e9 vendues dans le monde. Peu apr\u00e8s l&rsquo;introduction du Scala, le Kamiq est apparu. Vous reconna\u00eetrez ce SUV compact \u00e0 ses caract\u00e9ristiques typiques, telles qu&rsquo;une entr\u00e9e et une sortie sur\u00e9lev\u00e9es, une position d&rsquo;assise haute et une bonne visibilit\u00e9 sur la route. Le Kamiq s&rsquo;est d\u00e9j\u00e0 vendu \u00e0 351 000 exemplaires dans le monde.<\/p>\n<figure class=\"wp-block-image size-content\"><img decoding=\"async\" loading=\"lazy\" width=\"1140\" height=\"760\" src=\"https:\/\/autorai.nl\/wp-content\/uploads\/2023\/08\/skodakamiq3-1140x760.jpg\" alt=\"\" class=\"wp-image-163577\"><\/figure>\n<h2>Quoi de neuf ?<\/h2>\n<p>La Scala actualis\u00e9e est d\u00e9sormais plus dynamique, gr\u00e2ce \u00e0 une nouvelle calandre, de nouveaux phares et de nouveaux pare-chocs avant et arri\u00e8re. Des rideaux d&rsquo;air sont \u00e9galement disponibles. Toutes ces modifications s&rsquo;inspirent du design de la voiture conceptuelle \u0160koda Vision RS.<\/p>\n<figure class=\"wp-block-image size-content\"><img decoding=\"async\" loading=\"lazy\" width=\"1140\" height=\"760\" src=\"https:\/\/autorai.nl\/wp-content\/uploads\/2023\/08\/skodascala1-2-1140x760.jpg\" alt=\"\" class=\"wp-image-163581\"><\/figure>\n<p>Au lieu de cela, le Kamiq actualis\u00e9 semble un peu plus robuste, avec une calandre plus verticale et des diffuseurs int\u00e9gr\u00e9s dans les pare-chocs. Les phares ont \u00e9galement chang\u00e9 : l&rsquo;\u00e9l\u00e9ment lumineux sup\u00e9rieur est devenu plus plat, tandis que les unit\u00e9s inf\u00e9rieures sont devenues plus grandes.<\/p>\n<p>Les deux mod\u00e8les, le Scala et le Kamiq, sont disponibles avec des phares Matrix LED, dot\u00e9s de modules Matrix hexagonaux. Les modules LED ont un aspect cristallin, rappelant les gla\u00e7ons \u00e9tincelants ou les pierres pr\u00e9cieuses, selon la marque.<\/p>\n<figure class=\"wp-block-image size-content\"><img decoding=\"async\" loading=\"lazy\" width=\"1140\" height=\"760\" src=\"https:\/\/autorai.nl\/wp-content\/uploads\/2023\/08\/skodakamiq1-1140x760.jpg\" alt=\"\" class=\"wp-image-163580\"><\/figure>\n<h2><strong>Durabilit\u00e9<\/strong><\/h2>\n<p>Des mat\u00e9riaux plus durables ont \u00e9t\u00e9 utilis\u00e9s dans les deux mod\u00e8les. Par exemple, le r\u00e9servoir d&rsquo;eau situ\u00e9 sous le pare-brise, l&rsquo;enjoliveur de passage de roue, divers mat\u00e9riaux d&rsquo;habillage int\u00e9rieur, les rev\u00eatements de sol et les tapis de sol sont fabriqu\u00e9s \u00e0 partir de plastiques recycl\u00e9s. Des fibres issues de mat\u00e9riaux naturels tels que le chanvre et le kenaf sont utilis\u00e9es dans plusieurs panneaux de garniture et dans la structure de la garniture de toit.&nbsp;<\/p>\n<figure class=\"wp-block-image size-content\"><img decoding=\"async\" loading=\"lazy\" width=\"1140\" height=\"760\" src=\"https:\/\/autorai.nl\/wp-content\/uploads\/2023\/08\/skodakamiq2-1140x760.jpg\" alt=\"\" class=\"wp-image-163583\"><\/figure>\n<p>Le Scala est disponible en option avec une suspension \u00ab\u00a0tout-terrain\u00a0\u00bb offrant une garde au sol suppl\u00e9mentaire de 15 mm. Le contr\u00f4le du ch\u00e2ssis sportif est disponible pour la Scala et la Kamiq. Il permet de choisir entre deux r\u00e9glages de l&rsquo;amortisseur. Le ch\u00e2ssis de la Scala est ainsi abaiss\u00e9 de 15 mm et celui de la Kamiq de 10 mm.&nbsp;&nbsp;<\/p>\n<figure class=\"wp-block-image size-content\"><img decoding=\"async\" loading=\"lazy\" width=\"1140\" height=\"760\" src=\"https:\/\/autorai.nl\/wp-content\/uploads\/2023\/08\/skodascala3-2-1140x760.jpg\" alt=\"\" class=\"wp-image-163582\"><\/figure>\n<h2>Int\u00e9rieur<\/h2>\n<p>A l&rsquo;int\u00e9rieur, nous d\u00e9couvrons peu de choses nouvelles. D&rsquo;autres mat\u00e9riaux sont disponibles et l&rsquo;unit\u00e9 de commande de la climatisation a \u00e9t\u00e9 dot\u00e9e de deux boutons physiques suppl\u00e9mentaires &#8211; pour la vitesse de ventilation. Tous les nouveaux Scala et Kamiq sont \u00e9quip\u00e9s de s\u00e9rie d&rsquo;un tableau de bord num\u00e9rique de 8 pouces et d&rsquo;un \u00e9cran d&rsquo;infodivertissement de 8,25 pouces en position centrale. Les mod\u00e8les Monte Carlo pr\u00e9sentent des touches de noir et des d\u00e9tails en \u00ab\u00a0cuir de carbone\u00a0\u00bb faits \u00e0 la main dans l&rsquo;habitacle, en r\u00e9f\u00e9rence aux succ\u00e8s de \u0160koda au Rallye Monte Carlo.<\/p>\n<figure class=\"wp-block-embed is-type-video is-provider-youtube wp-block-embed-youtube wp-embed-aspect-16-9 wp-has-aspect-ratio\">\n<div class=\"wp-block-embed__wrapper\">\n<\/div>\n<\/figure>\n","protected":false},"excerpt":{"rendered":"Scala et Kamiq Le Scala a \u00e9t\u00e9 pr\u00e9sent\u00e9 pour la premi\u00e8re fois en 2019. Malgr\u00e9 ses dimensions compactes, il offre\u2026","protected":false},"author":0,"featured_media":137646,"comment_status":"","ping_status":"open","sticky":false,"template":"","format":"standard","meta":{"footnotes":""},"categories":[127],"tags":[],"class_list":["post-137664","post","type-post","status-publish","format-standard","has-post-thumbnail","hentry","category-nouvelles-de-voiture"],"acf":[],"yoast_head":"<!-- This site is optimized with the Yoast SEO plugin v21.2 - https:\/\/yoast.com\/wordpress\/plugins\/seo\/ -->\n<title>En images : les \u0160koda Scala et Kamiq revisit\u00e9es - All cars news<\/title>\n<meta name=\"robots\" content=\"index, follow, max-snippet:-1, max-image-preview:large, max-video-preview:-1\" \/>\n<link rel=\"canonical\" href=\"https:\/\/all-car-news.com\/fr\/en-images-les-skoda-scala-et-kamiq-revisitees\/\" \/>\n<meta property=\"og:locale\" content=\"fr_FR\" \/>\n<meta property=\"og:type\" content=\"article\" \/>\n<meta property=\"og:title\" content=\"En images : les \u0160koda Scala et Kamiq revisit\u00e9es - All cars news\" \/>\n<meta property=\"og:description\" content=\"Scala et Kamiq Le Scala a \u00e9t\u00e9 pr\u00e9sent\u00e9 pour la premi\u00e8re fois en 2019. Malgr\u00e9 ses dimensions compactes, il offre beaucoup d&#039;espace et de commodit\u00e9. Plus de 230 000 Scala ont d\u00e9j\u00e0 \u00e9t\u00e9 vendues dans le monde. Peu apr\u00e8s l&#039;introduction du Scala, le Kamiq est apparu. Ce SUV compact se distingue par des caract\u00e9ristiques typiques des SUV, telles qu&#039;une entr\u00e9e et une sortie sur\u00e9lev\u00e9es, un [...]\" \/>\n<meta property=\"og:url\" content=\"https:\/\/all-car-news.com\/fr\/en-images-les-skoda-scala-et-kamiq-revisitees\/\" \/>\n<meta property=\"og:site_name\" content=\"All cars news\" \/>\n<meta property=\"article:published_time\" content=\"2023-08-01T10:11:01+00:00\" \/>\n<meta property=\"og:image\" content=\"https:\/\/autorai.nl\/wp-content\/uploads\/2023\/08\/skodakamiq3-1140x760.jpg\" \/>\n<meta name=\"twitter:card\" content=\"summary_large_image\" \/>\n<meta name=\"twitter:label1\" content=\"Dur\u00e9e de lecture estim\u00e9e\" \/>\n\t<meta name=\"twitter:data1\" content=\"2 minutes\" \/>\n<script type=\"application\/ld+json\" class=\"yoast-schema-graph\">{\"@context\":\"https:\/\/schema.org\",\"@graph\":[{\"@type\":\"Article\",\"@id\":\"https:\/\/all-car-news.com\/fr\/en-images-les-skoda-scala-et-kamiq-revisitees\/#article\",\"isPartOf\":{\"@id\":\"https:\/\/all-car-news.com\/fr\/en-images-les-skoda-scala-et-kamiq-revisitees\/\"},\"author\":{\"name\":\"\",\"@id\":\"\"},\"headline\":\"En images : les \u0160koda Scala et Kamiq revisit\u00e9es\",\"datePublished\":\"2023-08-01T10:11:01+00:00\",\"dateModified\":\"2023-08-01T10:11:01+00:00\",\"mainEntityOfPage\":{\"@id\":\"https:\/\/all-car-news.com\/fr\/en-images-les-skoda-scala-et-kamiq-revisitees\/\"},\"wordCount\":494,\"publisher\":{\"@id\":\"https:\/\/all-car-news.com\/fr\/#organization\"},\"articleSection\":[\"nouvelles de voiture\"],\"inLanguage\":\"fr-FR\"},{\"@type\":\"WebPage\",\"@id\":\"https:\/\/all-car-news.com\/fr\/en-images-les-skoda-scala-et-kamiq-revisitees\/\",\"url\":\"https:\/\/all-car-news.com\/fr\/en-images-les-skoda-scala-et-kamiq-revisitees\/\",\"name\":\"En images : les \u0160koda Scala et Kamiq revisit\u00e9es - All cars news\",\"isPartOf\":{\"@id\":\"https:\/\/all-car-news.com\/fr\/#website\"},\"datePublished\":\"2023-08-01T10:11:01+00:00\",\"dateModified\":\"2023-08-01T10:11:01+00:00\",\"breadcrumb\":{\"@id\":\"https:\/\/all-car-news.com\/fr\/en-images-les-skoda-scala-et-kamiq-revisitees\/#breadcrumb\"},\"inLanguage\":\"fr-FR\",\"potentialAction\":[{\"@type\":\"ReadAction\",\"target\":[\"https:\/\/all-car-news.com\/fr\/en-images-les-skoda-scala-et-kamiq-revisitees\/\"]}]},{\"@type\":\"BreadcrumbList\",\"@id\":\"https:\/\/all-car-news.com\/fr\/en-images-les-skoda-scala-et-kamiq-revisitees\/#breadcrumb\",\"itemListElement\":[{\"@type\":\"ListItem\",\"position\":1,\"name\":\"Home\",\"item\":\"https:\/\/all-car-news.com\/fr\/\"},{\"@type\":\"ListItem\",\"position\":2,\"name\":\"En images : les \u0160koda Scala et Kamiq revisit\u00e9es\"}]},{\"@type\":\"WebSite\",\"@id\":\"https:\/\/all-car-news.com\/fr\/#website\",\"url\":\"https:\/\/all-car-news.com\/fr\/\",\"name\":\"All cars news\",\"description\":\"\",\"publisher\":{\"@id\":\"https:\/\/all-car-news.com\/fr\/#organization\"},\"potentialAction\":[{\"@type\":\"SearchAction\",\"target\":{\"@type\":\"EntryPoint\",\"urlTemplate\":\"https:\/\/all-car-news.com\/fr\/?s={search_term_string}\"},\"query-input\":\"required name=search_term_string\"}],\"inLanguage\":\"fr-FR\"},{\"@type\":\"Organization\",\"@id\":\"https:\/\/all-car-news.com\/fr\/#organization\",\"name\":\"All cars news\",\"url\":\"https:\/\/all-car-news.com\/fr\/\",\"logo\":{\"@type\":\"ImageObject\",\"inLanguage\":\"fr-FR\",\"@id\":\"https:\/\/all-car-news.com\/fr\/#\/schema\/logo\/image\/\",\"url\":\"https:\/\/all-car-news.com\/wp-content\/uploads\/2022\/02\/CMYK-AllCarNews_LANDSCAPE_300px-1.png\",\"contentUrl\":\"https:\/\/all-car-news.com\/wp-content\/uploads\/2022\/02\/CMYK-AllCarNews_LANDSCAPE_300px-1.png\",\"width\":300,\"height\":100,\"caption\":\"All cars news\"},\"image\":{\"@id\":\"https:\/\/all-car-news.com\/fr\/#\/schema\/logo\/image\/\"}}]}<\/script>\n<!-- \/ Yoast SEO plugin. -->","yoast_head_json":{"title":"En images : les \u0160koda Scala et Kamiq revisit\u00e9es - All cars news","robots":{"index":"index","follow":"follow","max-snippet":"max-snippet:-1","max-image-preview":"max-image-preview:large","max-video-preview":"max-video-preview:-1"},"canonical":"https:\/\/all-car-news.com\/fr\/en-images-les-skoda-scala-et-kamiq-revisitees\/","og_locale":"fr_FR","og_type":"article","og_title":"En images : les \u0160koda Scala et Kamiq revisit\u00e9es - All cars news","og_description":"Scala et Kamiq Le Scala a \u00e9t\u00e9 pr\u00e9sent\u00e9 pour la premi\u00e8re fois en 2019. Malgr\u00e9 ses dimensions compactes, il offre beaucoup d'espace et de commodit\u00e9. Plus de 230 000 Scala ont d\u00e9j\u00e0 \u00e9t\u00e9 vendues dans le monde. Peu apr\u00e8s l'introduction du Scala, le Kamiq est apparu. Ce SUV compact se distingue par des caract\u00e9ristiques typiques des SUV, telles qu'une entr\u00e9e et une sortie sur\u00e9lev\u00e9es, un [...]","og_url":"https:\/\/all-car-news.com\/fr\/en-images-les-skoda-scala-et-kamiq-revisitees\/","og_site_name":"All cars news","article_published_time":"2023-08-01T10:11:01+00:00","og_image":[{"url":"https:\/\/autorai.nl\/wp-content\/uploads\/2023\/08\/skodakamiq3-1140x760.jpg"}],"twitter_card":"summary_large_image","twitter_misc":{"Dur\u00e9e de lecture estim\u00e9e":"2 minutes"},"schema":{"@context":"https:\/\/schema.org","@graph":[{"@type":"Article","@id":"https:\/\/all-car-news.com\/fr\/en-images-les-skoda-scala-et-kamiq-revisitees\/#article","isPartOf":{"@id":"https:\/\/all-car-news.com\/fr\/en-images-les-skoda-scala-et-kamiq-revisitees\/"},"author":{"name":"","@id":""},"headline":"En images : les \u0160koda Scala et Kamiq revisit\u00e9es","datePublished":"2023-08-01T10:11:01+00:00","dateModified":"2023-08-01T10:11:01+00:00","mainEntityOfPage":{"@id":"https:\/\/all-car-news.com\/fr\/en-images-les-skoda-scala-et-kamiq-revisitees\/"},"wordCount":494,"publisher":{"@id":"https:\/\/all-car-news.com\/fr\/#organization"},"articleSection":["nouvelles de voiture"],"inLanguage":"fr-FR"},{"@type":"WebPage","@id":"https:\/\/all-car-news.com\/fr\/en-images-les-skoda-scala-et-kamiq-revisitees\/","url":"https:\/\/all-car-news.com\/fr\/en-images-les-skoda-scala-et-kamiq-revisitees\/","name":"En images : les \u0160koda Scala et Kamiq revisit\u00e9es - All cars news","isPartOf":{"@id":"https:\/\/all-car-news.com\/fr\/#website"},"datePublished":"2023-08-01T10:11:01+00:00","dateModified":"2023-08-01T10:11:01+00:00","breadcrumb":{"@id":"https:\/\/all-car-news.com\/fr\/en-images-les-skoda-scala-et-kamiq-revisitees\/#breadcrumb"},"inLanguage":"fr-FR","potentialAction":[{"@type":"ReadAction","target":["https:\/\/all-car-news.com\/fr\/en-images-les-skoda-scala-et-kamiq-revisitees\/"]}]},{"@type":"BreadcrumbList","@id":"https:\/\/all-car-news.com\/fr\/en-images-les-skoda-scala-et-kamiq-revisitees\/#breadcrumb","itemListElement":[{"@type":"ListItem","position":1,"name":"Home","item":"https:\/\/all-car-news.com\/fr\/"},{"@type":"ListItem","position":2,"name":"En images : les \u0160koda Scala et Kamiq revisit\u00e9es"}]},{"@type":"WebSite","@id":"https:\/\/all-car-news.com\/fr\/#website","url":"https:\/\/all-car-news.com\/fr\/","name":"All cars news","description":"","publisher":{"@id":"https:\/\/all-car-news.com\/fr\/#organization"},"potentialAction":[{"@type":"SearchAction","target":{"@type":"EntryPoint","urlTemplate":"https:\/\/all-car-news.com\/fr\/?s={search_term_string}"},"query-input":"required name=search_term_string"}],"inLanguage":"fr-FR"},{"@type":"Organization","@id":"https:\/\/all-car-news.com\/fr\/#organization","name":"All cars news","url":"https:\/\/all-car-news.com\/fr\/","logo":{"@type":"ImageObject","inLanguage":"fr-FR","@id":"https:\/\/all-car-news.com\/fr\/#\/schema\/logo\/image\/","url":"https:\/\/all-car-news.com\/wp-content\/uploads\/2022\/02\/CMYK-AllCarNews_LANDSCAPE_300px-1.png","contentUrl":"https:\/\/all-car-news.com\/wp-content\/uploads\/2022\/02\/CMYK-AllCarNews_LANDSCAPE_300px-1.png","width":300,"height":100,"caption":"All cars news"},"image":{"@id":"https:\/\/all-car-news.com\/fr\/#\/schema\/logo\/image\/"}}]}},"_links":{"self":[{"href":"https:\/\/all-car-news.com\/fr\/wp-json\/wp\/v2\/posts\/137664","targetHints":{"allow":["GET"]}}],"collection":[{"href":"https:\/\/all-car-news.com\/fr\/wp-json\/wp\/v2\/posts"}],"about":[{"href":"https:\/\/all-car-news.com\/fr\/wp-json\/wp\/v2\/types\/post"}],"replies":[{"embeddable":true,"href":"https:\/\/all-car-news.com\/fr\/wp-json\/wp\/v2\/comments?post=137664"}],"version-history":[{"count":0,"href":"https:\/\/all-car-news.com\/fr\/wp-json\/wp\/v2\/posts\/137664\/revisions"}],"wp:featuredmedia":[{"embeddable":true,"href":"https:\/\/all-car-news.com\/fr\/wp-json\/wp\/v2\/media\/137646"}],"wp:attachment":[{"href":"https:\/\/all-car-news.com\/fr\/wp-json\/wp\/v2\/media?parent=137664"}],"wp:term":[{"taxonomy":"category","embeddable":true,"href":"https:\/\/all-car-news.com\/fr\/wp-json\/wp\/v2\/categories?post=137664"},{"taxonomy":"post_tag","embeddable":true,"href":"https:\/\/all-car-news.com\/fr\/wp-json\/wp\/v2\/tags?post=137664"}],"curies":[{"name":"wp","href":"https:\/\/api.w.org\/{rel}","templated":true}]}}