{"id":137660,"date":"2023-08-01T08:03:42","date_gmt":"2023-08-01T08:03:42","guid":{"rendered":"https:\/\/all-car-news.com\/deuxieme-chance-pour-lightyear-une-entreprise-brabanconne-et-des-investisseurs-sud-coreens\/"},"modified":"2023-08-01T08:03:42","modified_gmt":"2023-08-01T08:03:42","slug":"deuxieme-chance-pour-lightyear-une-entreprise-brabanconne-et-des-investisseurs-sud-coreens","status":"publish","type":"post","link":"https:\/\/all-car-news.com\/fr\/deuxieme-chance-pour-lightyear-une-entreprise-brabanconne-et-des-investisseurs-sud-coreens\/","title":{"rendered":"Deuxi\u00e8me chance pour Lightyear, une entreprise braban\u00e7onne, et des investisseurs sud-cor\u00e9ens"},"content":{"rendered":"<h2>Bernd Martens et John Heller<\/h2>\n<p>Lightyear annonce la nomination de Bernd Martens et John Heller en tant que nouveaux membres de son conseil de surveillance. Lightyear s&rsquo;attend \u00e0 ce que l&rsquo;arriv\u00e9e de ces deux leaders exp\u00e9riment\u00e9s de l&rsquo;industrie renforce ses activit\u00e9s et contribue \u00e0 la mission de l&rsquo;entreprise, qui est de rendre la mobilit\u00e9 plus durable.<\/p>\n<h2>Bernd Martens<\/h2>\n<p>M. Bernd Martens, ancien membre du conseil d&rsquo;administration d&rsquo;Audi AG, poss\u00e8de un vaste CV dans l&rsquo;industrie automobile.  &nbsp;M. Martens a d\u00e9j\u00e0 contribu\u00e9 \u00e0 Lightyear en tant que conseiller principal, mais il a commenc\u00e9 sa carri\u00e8re dans l&rsquo;industrie automobile il y a plus de 30 ans chez Mercedes-Benz. Au fil des ans, M. Martens a occup\u00e9 divers postes de direction chez Volkswagen et Audi, entre autres, dans le monde entier, notamment en Allemagne, au Br\u00e9sil, au Mexique et en Italie. \u00ab\u00a0Son exp\u00e9rience dans les domaines de la finance, des achats et de l&rsquo;informatique fait de lui un conseiller de confiance dans l&rsquo;industrie automobile. Il a \u00e9t\u00e9 nomm\u00e9 au conseil de surveillance et apportera son expertise aux op\u00e9rations et \u00e0 la planification strat\u00e9gique\u00a0\u00bb, a d\u00e9clar\u00e9 Lightyear dans le communiqu\u00e9 de presse officiel.<\/p>\n<h2>John Heller<\/h2>\n<p>Outre M. Martens, M. John Heller rejoint le conseil de surveillance. Il s&rsquo;agit d&rsquo;un directeur exp\u00e9riment\u00e9 qui poss\u00e8de une solide exp\u00e9rience en mati\u00e8re de gouvernance d&rsquo;entreprise. De 2017 jusqu&rsquo;\u00e0 r\u00e9cemment, Heller \u00e9tait PDG du groupe Louwman, une entreprise familiale active dans divers produits et services de mobilit\u00e9 depuis 100 ans. Avant de rejoindre le groupe Louwman, M. Heller a occup\u00e9 des postes de directeur g\u00e9n\u00e9ral et de PDG dans le secteur de la banque et de l&rsquo;assurance, notamment au sein de Nationale Nederlanden et du groupe ING. La nomination de M. Heller renforce l&rsquo;engagement de Lightyear en faveur d&rsquo;une surveillance et d&rsquo;une gouvernance efficaces.<\/p>\n<figure class=\"wp-block-image size-content\"><img decoding=\"async\" loading=\"lazy\" width=\"1140\" height=\"767\" src=\"https:\/\/autorai.nl\/wp-content\/uploads\/2023\/08\/Bernd-Martens-en-John-Heller-van-Lightyear-1140x767.jpg\" alt=\"Bernd Martens et John Heller de Lightyear\" class=\"wp-image-163569\"><\/figure>\n<h2>Lex Hoefsloot, PDG de Lightyear<\/h2>\n<p>Lex Hoefsloot, PDG de Lightyear, a d\u00e9clar\u00e9 : \u00ab\u00a0Nous sommes heureux d&rsquo;accueillir Bernd Martens et John Heller au sein de notre conseil de surveillance. Leur connaissance approfondie du secteur, leurs qualit\u00e9s de dirigeant et leur exp\u00e9rience op\u00e9rationnelle en font des atouts pr\u00e9cieux pour Lightyear. \u00ab\u00a0Leur expertise en mati\u00e8re de cr\u00e9ation et de direction d&rsquo;organisations jouera un r\u00f4le important dans l&rsquo;orientation de Lightyear au cours de la phase \u00e0 venir.<\/p>\n<h2>Couche de l&rsquo;ann\u00e9e l\u00e9g\u00e8re<\/h2>\n<p>L&rsquo;objectif ultime de Lightyear est de mettre en production le Lightyear 2, mais l&rsquo;entreprise investit \u00e9galement dans le Lightyear Layer. Elle offre des solutions solaires qui r\u00e9duisent l&rsquo;impact de la mobilit\u00e9 sur les \u00e9missions de CO2 et la d\u00e9pendance \u00e0 l&rsquo;\u00e9gard de la recharge, tout en augmentant la libert\u00e9 et la commodit\u00e9 d&rsquo;utilisation. En exploitant la puissance du soleil, l&rsquo;offre de Lightyear Layer contribue \u00e0 un avenir plus durable et r\u00e9duit la d\u00e9pendance \u00e0 l&rsquo;\u00e9gard des sources d&rsquo;\u00e9nergie traditionnelles. On ne conna\u00eet pas encore d&rsquo;autres informations sur Lightyear Layer.<\/p>\n<h2>Solaire<\/h2>\n<p>La mission de Lightyear est de permettre la conduite sur la plus grande source d&rsquo;\u00e9nergie de la nature, le soleil. Un r\u00f4le important est jou\u00e9 par la voiture \u00e9lectrique \u00e0 batterie Lightyear 2, qui peut \u00e9galement recharger de l&rsquo;\u00e9nergie suppl\u00e9mentaire gr\u00e2ce \u00e0 des panneaux solaires.<\/p>\n<figure class=\"wp-block-image size-content\"><img decoding=\"async\" loading=\"lazy\" width=\"1140\" height=\"713\" src=\"https:\/\/autorai.nl\/wp-content\/uploads\/2023\/01\/lightyear-2-teaser-2025-foto6-1140x713.jpg\" alt=\"Lightyear 2\" class=\"wp-image-146053\"><\/figure>\n<h2>Fin de l&rsquo;ann\u00e9e 2025<\/h2>\n<p>Le lancement de la production de Lightyear 2 est pr\u00e9vu pour la fin de l&rsquo;ann\u00e9e 2025. La voiture devrait pouvoir fonctionner \u00e0 l&rsquo;\u00e9nergie solaire seule pendant \u00ab\u00a0des mois\u00a0\u00bb, selon ses fabricants. Mais cela n&rsquo;est possible que dans des conditions favorables. Les cr\u00e9ateurs de l&rsquo;entreprise citent \u00e9galement une consommation d&rsquo;\u00e9nergie exceptionnellement faible de 100 Wh\/km, soit deux \u00e0 trois fois moins d&rsquo;\u00e9nergie que n&rsquo;importe quel autre v\u00e9hicule \u00e9lectrique sur le march\u00e9 aujourd&rsquo;hui. Sur le papier, le Lightyear 2 a une port\u00e9e d&rsquo;environ 700 kilom\u00e8tres. Selon Lightyear, la voiture devrait pouvoir parcourir entre 7 000 et 20 000 kilom\u00e8tres par an en utilisant uniquement l&rsquo;\u00e9nergie solaire. On peut supposer que Lightyear s&rsquo;associe \u00e0 une soci\u00e9t\u00e9 sud-cor\u00e9enne pour faire du Lightyear 2 une r\u00e9alit\u00e9. Des images ont fait surface sur KNN News, montrant le PDG Lex Hoefsloot en train de signer un \u00ab\u00a0accord d&rsquo;investissement\u00a0\u00bb avec Sunbo Angel Partners et Lighthouse Combined Investment Co, Ltd.<\/p>\n<h2>Sunbo Angel Partners et Lighthouse Combined Investment Co.<\/h2>\n<p>Sunbo Angel Partners est une soci\u00e9t\u00e9 mondiale de capital-risque qui investit dans des start-ups, mais aussi les encadre et les met en relation avec des acteurs cl\u00e9s. Lighthouse est une soci\u00e9t\u00e9 de capital-risque fond\u00e9e par des entreprises de taille moyenne de l&rsquo;industrie manufacturi\u00e8re du sud-est. On ne sait pas exactement combien d&rsquo;argent les deux parties injectent dans le programme Lightyear.<\/p>\n<\/p>\n<figure class=\"wp-block-embed is-type-video is-provider-youtube wp-block-embed-youtube wp-embed-aspect-16-9 wp-has-aspect-ratio\">\n<div class=\"wp-block-embed__wrapper\">\n<\/div>\n<\/figure>\n","protected":false},"excerpt":{"rendered":"Bernd Martens et John Heller Lightyear annonce la nomination de Bernd Martens et John Heller en tant que nouveaux membres\u2026","protected":false},"author":0,"featured_media":129947,"comment_status":"","ping_status":"open","sticky":false,"template":"","format":"standard","meta":{"footnotes":""},"categories":[131,127],"tags":[],"class_list":["post-137660","post","type-post","status-publish","format-standard","has-post-thumbnail","hentry","category-fond","category-nouvelles-de-voiture"],"acf":[],"yoast_head":"<!-- This site is optimized with the Yoast SEO plugin v21.2 - https:\/\/yoast.com\/wordpress\/plugins\/seo\/ -->\n<title>Deuxi\u00e8me chance pour Lightyear, une entreprise braban\u00e7onne, et des investisseurs sud-cor\u00e9ens - All cars news<\/title>\n<meta name=\"robots\" content=\"index, follow, max-snippet:-1, max-image-preview:large, max-video-preview:-1\" \/>\n<link rel=\"canonical\" href=\"https:\/\/all-car-news.com\/fr\/deuxieme-chance-pour-lightyear-une-entreprise-brabanconne-et-des-investisseurs-sud-coreens\/\" \/>\n<meta property=\"og:locale\" content=\"fr_FR\" \/>\n<meta property=\"og:type\" content=\"article\" \/>\n<meta property=\"og:title\" content=\"Deuxi\u00e8me chance pour Lightyear, une entreprise braban\u00e7onne, et des investisseurs sud-cor\u00e9ens - All cars news\" \/>\n<meta property=\"og:description\" content=\"Bernd Martens et John Heller Lightyear annonce la nomination de Bernd Martens et John Heller en tant que nouveaux membres de son conseil de surveillance. Lightyear s&#039;attend \u00e0 ce que l&#039;arriv\u00e9e de ces deux leaders exp\u00e9riment\u00e9s de l&#039;industrie renforce ses activit\u00e9s et contribue \u00e0 la mission de l&#039;entreprise, qui est de rendre la mobilit\u00e9 plus durable. Bernd [...]\" \/>\n<meta property=\"og:url\" content=\"https:\/\/all-car-news.com\/fr\/deuxieme-chance-pour-lightyear-une-entreprise-brabanconne-et-des-investisseurs-sud-coreens\/\" \/>\n<meta property=\"og:site_name\" content=\"All cars news\" \/>\n<meta property=\"article:published_time\" content=\"2023-08-01T08:03:42+00:00\" \/>\n<meta property=\"og:image\" content=\"https:\/\/autorai.nl\/wp-content\/uploads\/2023\/08\/Bernd-Martens-en-John-Heller-van-Lightyear-1140x767.jpg\" \/>\n<meta name=\"twitter:card\" content=\"summary_large_image\" \/>\n<meta name=\"twitter:label1\" content=\"Dur\u00e9e de lecture estim\u00e9e\" \/>\n\t<meta name=\"twitter:data1\" content=\"4 minutes\" \/>\n<script type=\"application\/ld+json\" class=\"yoast-schema-graph\">{\"@context\":\"https:\/\/schema.org\",\"@graph\":[{\"@type\":\"Article\",\"@id\":\"https:\/\/all-car-news.com\/fr\/deuxieme-chance-pour-lightyear-une-entreprise-brabanconne-et-des-investisseurs-sud-coreens\/#article\",\"isPartOf\":{\"@id\":\"https:\/\/all-car-news.com\/fr\/deuxieme-chance-pour-lightyear-une-entreprise-brabanconne-et-des-investisseurs-sud-coreens\/\"},\"author\":{\"name\":\"\",\"@id\":\"\"},\"headline\":\"Deuxi\u00e8me chance pour Lightyear, une entreprise braban\u00e7onne, et des investisseurs sud-cor\u00e9ens\",\"datePublished\":\"2023-08-01T08:03:42+00:00\",\"dateModified\":\"2023-08-01T08:03:42+00:00\",\"mainEntityOfPage\":{\"@id\":\"https:\/\/all-car-news.com\/fr\/deuxieme-chance-pour-lightyear-une-entreprise-brabanconne-et-des-investisseurs-sud-coreens\/\"},\"wordCount\":779,\"publisher\":{\"@id\":\"https:\/\/all-car-news.com\/fr\/#organization\"},\"articleSection\":[\"Fond\",\"nouvelles de voiture\"],\"inLanguage\":\"fr-FR\"},{\"@type\":\"WebPage\",\"@id\":\"https:\/\/all-car-news.com\/fr\/deuxieme-chance-pour-lightyear-une-entreprise-brabanconne-et-des-investisseurs-sud-coreens\/\",\"url\":\"https:\/\/all-car-news.com\/fr\/deuxieme-chance-pour-lightyear-une-entreprise-brabanconne-et-des-investisseurs-sud-coreens\/\",\"name\":\"Deuxi\u00e8me chance pour Lightyear, une entreprise braban\u00e7onne, et des investisseurs sud-cor\u00e9ens - All cars news\",\"isPartOf\":{\"@id\":\"https:\/\/all-car-news.com\/fr\/#website\"},\"datePublished\":\"2023-08-01T08:03:42+00:00\",\"dateModified\":\"2023-08-01T08:03:42+00:00\",\"breadcrumb\":{\"@id\":\"https:\/\/all-car-news.com\/fr\/deuxieme-chance-pour-lightyear-une-entreprise-brabanconne-et-des-investisseurs-sud-coreens\/#breadcrumb\"},\"inLanguage\":\"fr-FR\",\"potentialAction\":[{\"@type\":\"ReadAction\",\"target\":[\"https:\/\/all-car-news.com\/fr\/deuxieme-chance-pour-lightyear-une-entreprise-brabanconne-et-des-investisseurs-sud-coreens\/\"]}]},{\"@type\":\"BreadcrumbList\",\"@id\":\"https:\/\/all-car-news.com\/fr\/deuxieme-chance-pour-lightyear-une-entreprise-brabanconne-et-des-investisseurs-sud-coreens\/#breadcrumb\",\"itemListElement\":[{\"@type\":\"ListItem\",\"position\":1,\"name\":\"Home\",\"item\":\"https:\/\/all-car-news.com\/fr\/\"},{\"@type\":\"ListItem\",\"position\":2,\"name\":\"Deuxi\u00e8me chance pour Lightyear, une entreprise braban\u00e7onne, et des investisseurs sud-cor\u00e9ens\"}]},{\"@type\":\"WebSite\",\"@id\":\"https:\/\/all-car-news.com\/fr\/#website\",\"url\":\"https:\/\/all-car-news.com\/fr\/\",\"name\":\"All cars news\",\"description\":\"\",\"publisher\":{\"@id\":\"https:\/\/all-car-news.com\/fr\/#organization\"},\"potentialAction\":[{\"@type\":\"SearchAction\",\"target\":{\"@type\":\"EntryPoint\",\"urlTemplate\":\"https:\/\/all-car-news.com\/fr\/?s={search_term_string}\"},\"query-input\":\"required name=search_term_string\"}],\"inLanguage\":\"fr-FR\"},{\"@type\":\"Organization\",\"@id\":\"https:\/\/all-car-news.com\/fr\/#organization\",\"name\":\"All cars news\",\"url\":\"https:\/\/all-car-news.com\/fr\/\",\"logo\":{\"@type\":\"ImageObject\",\"inLanguage\":\"fr-FR\",\"@id\":\"https:\/\/all-car-news.com\/fr\/#\/schema\/logo\/image\/\",\"url\":\"https:\/\/all-car-news.com\/wp-content\/uploads\/2022\/02\/CMYK-AllCarNews_LANDSCAPE_300px-1.png\",\"contentUrl\":\"https:\/\/all-car-news.com\/wp-content\/uploads\/2022\/02\/CMYK-AllCarNews_LANDSCAPE_300px-1.png\",\"width\":300,\"height\":100,\"caption\":\"All cars news\"},\"image\":{\"@id\":\"https:\/\/all-car-news.com\/fr\/#\/schema\/logo\/image\/\"}}]}<\/script>\n<!-- \/ Yoast SEO plugin. -->","yoast_head_json":{"title":"Deuxi\u00e8me chance pour Lightyear, une entreprise braban\u00e7onne, et des investisseurs sud-cor\u00e9ens - All cars news","robots":{"index":"index","follow":"follow","max-snippet":"max-snippet:-1","max-image-preview":"max-image-preview:large","max-video-preview":"max-video-preview:-1"},"canonical":"https:\/\/all-car-news.com\/fr\/deuxieme-chance-pour-lightyear-une-entreprise-brabanconne-et-des-investisseurs-sud-coreens\/","og_locale":"fr_FR","og_type":"article","og_title":"Deuxi\u00e8me chance pour Lightyear, une entreprise braban\u00e7onne, et des investisseurs sud-cor\u00e9ens - All cars news","og_description":"Bernd Martens et John Heller Lightyear annonce la nomination de Bernd Martens et John Heller en tant que nouveaux membres de son conseil de surveillance. Lightyear s'attend \u00e0 ce que l'arriv\u00e9e de ces deux leaders exp\u00e9riment\u00e9s de l'industrie renforce ses activit\u00e9s et contribue \u00e0 la mission de l'entreprise, qui est de rendre la mobilit\u00e9 plus durable. Bernd [...]","og_url":"https:\/\/all-car-news.com\/fr\/deuxieme-chance-pour-lightyear-une-entreprise-brabanconne-et-des-investisseurs-sud-coreens\/","og_site_name":"All cars news","article_published_time":"2023-08-01T08:03:42+00:00","og_image":[{"url":"https:\/\/autorai.nl\/wp-content\/uploads\/2023\/08\/Bernd-Martens-en-John-Heller-van-Lightyear-1140x767.jpg"}],"twitter_card":"summary_large_image","twitter_misc":{"Dur\u00e9e de lecture estim\u00e9e":"4 minutes"},"schema":{"@context":"https:\/\/schema.org","@graph":[{"@type":"Article","@id":"https:\/\/all-car-news.com\/fr\/deuxieme-chance-pour-lightyear-une-entreprise-brabanconne-et-des-investisseurs-sud-coreens\/#article","isPartOf":{"@id":"https:\/\/all-car-news.com\/fr\/deuxieme-chance-pour-lightyear-une-entreprise-brabanconne-et-des-investisseurs-sud-coreens\/"},"author":{"name":"","@id":""},"headline":"Deuxi\u00e8me chance pour Lightyear, une entreprise braban\u00e7onne, et des investisseurs sud-cor\u00e9ens","datePublished":"2023-08-01T08:03:42+00:00","dateModified":"2023-08-01T08:03:42+00:00","mainEntityOfPage":{"@id":"https:\/\/all-car-news.com\/fr\/deuxieme-chance-pour-lightyear-une-entreprise-brabanconne-et-des-investisseurs-sud-coreens\/"},"wordCount":779,"publisher":{"@id":"https:\/\/all-car-news.com\/fr\/#organization"},"articleSection":["Fond","nouvelles de voiture"],"inLanguage":"fr-FR"},{"@type":"WebPage","@id":"https:\/\/all-car-news.com\/fr\/deuxieme-chance-pour-lightyear-une-entreprise-brabanconne-et-des-investisseurs-sud-coreens\/","url":"https:\/\/all-car-news.com\/fr\/deuxieme-chance-pour-lightyear-une-entreprise-brabanconne-et-des-investisseurs-sud-coreens\/","name":"Deuxi\u00e8me chance pour Lightyear, une entreprise braban\u00e7onne, et des investisseurs sud-cor\u00e9ens - All cars news","isPartOf":{"@id":"https:\/\/all-car-news.com\/fr\/#website"},"datePublished":"2023-08-01T08:03:42+00:00","dateModified":"2023-08-01T08:03:42+00:00","breadcrumb":{"@id":"https:\/\/all-car-news.com\/fr\/deuxieme-chance-pour-lightyear-une-entreprise-brabanconne-et-des-investisseurs-sud-coreens\/#breadcrumb"},"inLanguage":"fr-FR","potentialAction":[{"@type":"ReadAction","target":["https:\/\/all-car-news.com\/fr\/deuxieme-chance-pour-lightyear-une-entreprise-brabanconne-et-des-investisseurs-sud-coreens\/"]}]},{"@type":"BreadcrumbList","@id":"https:\/\/all-car-news.com\/fr\/deuxieme-chance-pour-lightyear-une-entreprise-brabanconne-et-des-investisseurs-sud-coreens\/#breadcrumb","itemListElement":[{"@type":"ListItem","position":1,"name":"Home","item":"https:\/\/all-car-news.com\/fr\/"},{"@type":"ListItem","position":2,"name":"Deuxi\u00e8me chance pour Lightyear, une entreprise braban\u00e7onne, et des investisseurs sud-cor\u00e9ens"}]},{"@type":"WebSite","@id":"https:\/\/all-car-news.com\/fr\/#website","url":"https:\/\/all-car-news.com\/fr\/","name":"All cars news","description":"","publisher":{"@id":"https:\/\/all-car-news.com\/fr\/#organization"},"potentialAction":[{"@type":"SearchAction","target":{"@type":"EntryPoint","urlTemplate":"https:\/\/all-car-news.com\/fr\/?s={search_term_string}"},"query-input":"required name=search_term_string"}],"inLanguage":"fr-FR"},{"@type":"Organization","@id":"https:\/\/all-car-news.com\/fr\/#organization","name":"All cars news","url":"https:\/\/all-car-news.com\/fr\/","logo":{"@type":"ImageObject","inLanguage":"fr-FR","@id":"https:\/\/all-car-news.com\/fr\/#\/schema\/logo\/image\/","url":"https:\/\/all-car-news.com\/wp-content\/uploads\/2022\/02\/CMYK-AllCarNews_LANDSCAPE_300px-1.png","contentUrl":"https:\/\/all-car-news.com\/wp-content\/uploads\/2022\/02\/CMYK-AllCarNews_LANDSCAPE_300px-1.png","width":300,"height":100,"caption":"All cars news"},"image":{"@id":"https:\/\/all-car-news.com\/fr\/#\/schema\/logo\/image\/"}}]}},"_links":{"self":[{"href":"https:\/\/all-car-news.com\/fr\/wp-json\/wp\/v2\/posts\/137660","targetHints":{"allow":["GET"]}}],"collection":[{"href":"https:\/\/all-car-news.com\/fr\/wp-json\/wp\/v2\/posts"}],"about":[{"href":"https:\/\/all-car-news.com\/fr\/wp-json\/wp\/v2\/types\/post"}],"replies":[{"embeddable":true,"href":"https:\/\/all-car-news.com\/fr\/wp-json\/wp\/v2\/comments?post=137660"}],"version-history":[{"count":0,"href":"https:\/\/all-car-news.com\/fr\/wp-json\/wp\/v2\/posts\/137660\/revisions"}],"wp:featuredmedia":[{"embeddable":true,"href":"https:\/\/all-car-news.com\/fr\/wp-json\/wp\/v2\/media\/129947"}],"wp:attachment":[{"href":"https:\/\/all-car-news.com\/fr\/wp-json\/wp\/v2\/media?parent=137660"}],"wp:term":[{"taxonomy":"category","embeddable":true,"href":"https:\/\/all-car-news.com\/fr\/wp-json\/wp\/v2\/categories?post=137660"},{"taxonomy":"post_tag","embeddable":true,"href":"https:\/\/all-car-news.com\/fr\/wp-json\/wp\/v2\/tags?post=137660"}],"curies":[{"name":"wp","href":"https:\/\/api.w.org\/{rel}","templated":true}]}}