{"id":137620,"date":"2023-07-31T09:58:11","date_gmt":"2023-07-31T09:58:11","guid":{"rendered":"https:\/\/all-car-news.com\/quel-type-de-voitures-y-a-t-il-a-bord-du-cargo-fremantle-highway\/"},"modified":"2023-07-31T09:58:11","modified_gmt":"2023-07-31T09:58:11","slug":"quel-type-de-voitures-y-a-t-il-a-bord-du-cargo-fremantle-highway","status":"publish","type":"post","link":"https:\/\/all-car-news.com\/fr\/quel-type-de-voitures-y-a-t-il-a-bord-du-cargo-fremantle-highway\/","title":{"rendered":"Quel type de voitures y a-t-il \u00e0 bord du cargo Fremantle Highway ?"},"content":{"rendered":"<h2>Ameland<\/h2>\n<p>La Fremantle Highway reliait Bremerhaven, en Allemagne, \u00e0 l&rsquo;entr\u00e9e du canal de Suez, Port Sa\u00efd, en \u00c9gypte. Selon le programme de navigation de la compagnie maritime K Line, la destination finale du cargo \u00e9tait Singapour, Ta\u00efwan et le Japon. Dans la nuit du mardi 25 au mercredi 26 juillet, les choses ont mal tourn\u00e9. L&rsquo;incendie s&rsquo;est d\u00e9clar\u00e9 \u00e0 bord du cargo au large de la c\u00f4te au nord d&rsquo;Ameland, qui fait partie des \u00eeles n\u00e9erlandaises des Wadden.<\/p>\n<h2>Op\u00e9ration de sauvetage \u00e0 grande \u00e9chelle<\/h2>\n<p>Comment cet incendie a-t-il pu se d\u00e9clarer ? On peut supposer qu&rsquo;une voiture \u00e9lectrique \u00e0 batterie a pris feu, puis d&rsquo;autres voitures ont \u00e9galement pris feu. Une op\u00e9ration de sauvetage de grande envergure a \u00e9t\u00e9 lanc\u00e9e pour \u00e9vacuer les 23 membres d&rsquo;\u00e9quipage, dont 21 \u00e9taient originaires d&rsquo;Inde. L&rsquo;un d&rsquo;entre eux est malheureusement d\u00e9c\u00e9d\u00e9. Les autres membres de l&rsquo;\u00e9quipage ont \u00e9galement eu besoin d&rsquo;aide en raison de l&rsquo;intensit\u00e9 de la fum\u00e9e et du feu. Ils ont \u00e9t\u00e9 transf\u00e9r\u00e9s dans diff\u00e9rents h\u00f4pitaux des Pays-Bas.<\/p>\n<blockquote class=\"twitter-tweet\">\n<p dir=\"ltr\" lang=\"nl\">En raison du vent de sud-ouest actuel, il n&rsquo;est pas possible de remorquer la <a href=\"https:\/\/twitter.com\/hashtag\/FremantleHighway?src=hash&amp;ref_src=twsrc%5Etfw\">#FremantleHighway<\/a>. Lire l&rsquo;int\u00e9gralit\u00e9 de la mise \u00e0 jour dans notre fil d&rsquo;actualit\u00e9<a href=\"https:\/\/t.co\/YMYDwNV82c\">\ud83d\udc49https:\/\/t.co\/YMYDwNV82c<\/a> <\/p>\n<p><a href=\"https:\/\/twitter.com\/Kustwacht_nl?ref_src=twsrc%5Etfw\">\ud83d\udcf8@coastguard_NL<\/a> <a href=\"https:\/\/t.co\/SEwEzONn99\">pic.twitter.com\/SEwEzONn99<\/a><\/p>\n<p>&#8211; Rijkswaterstaat (@Rijkswaterstaat) <a href=\"https:\/\/twitter.com\/Rijkswaterstaat\/status\/1685376818491064320?ref_src=twsrc%5Etfw\">29 juillet 2023<\/a><\/p>\n<\/blockquote>\n<h2>3 783 voitures \u00e0 bord<\/h2>\n<p>Le Fremantle Highway a un total de 3 783 voitures \u00e0 bord, rapporte la compagnie maritime japonaise K-Line. Service de presse&nbsp;<a href=\"https:\/\/www.bloomberg.com\/news\/newsletters\/2023-07-27\/supply-chain-latest-latest-on-the-fremantle-highway-fire?srnd=premium\" target=\"_blank\" rel=\"noreferrer noopener\">Bloomberg<\/a>&nbsp;rapporte qu&rsquo;au moins les mod\u00e8les BMW et Mercedes-Benz sont concern\u00e9s. Au total, environ 500 voitures \u00e9lectriques seraient \u00e0 bord, mais il n&rsquo;est pas clair si ce nombre inclut les mod\u00e8les hybrides. Le choix des mannequins reste secret. En effet, K Line d\u00e9tient des secrets commerciaux et n&rsquo;est pas autoris\u00e9e \u00e0 dire quoi que ce soit sur les marques pr\u00e9sentes \u00e0 bord du cargo.<\/p>\n<h2>Remorquage jusqu&rsquo;\u00e0 un lieu s\u00fbr<\/h2>\n<p>Le Rijkswaterstaat et les garde-c\u00f4tes surveillent en permanence le cargo. L&rsquo;objectif est de remorquer la Fremantle Highway jusqu&rsquo;\u00e0 un endroit plus s\u00fbr au large de la c\u00f4te d&rsquo;Ameland. Le remorquage de la Fremantle Highway a commenc\u00e9 le dimanche 30 juillet. La fum\u00e9e du cargo s&rsquo;est consid\u00e9rablement r\u00e9duite, et les \u00e9quipes de sauvetage Multraship et Smit Salvage en ont imm\u00e9diatement profit\u00e9.  <\/p>\n<h2>Mesures de suivi<\/h2>\n<p>L&rsquo;autoroute Fremantle sera remorqu\u00e9e jusqu&rsquo;\u00e0 un emplacement temporaire situ\u00e9 \u00e0 environ 16 kilom\u00e8tres au nord de Schiermonnikoog et d&rsquo;Ameland. C&rsquo;est extr\u00eamement lent, avec seulement 5,5 kilom\u00e8tres \u00e0 l&rsquo;\u00e9tat pur. Au nouvel emplacement, le navire est mieux abrit\u00e9 lorsque les conditions m\u00e9t\u00e9orologiques se d\u00e9t\u00e9riorent et le trafic maritime n&rsquo;est pas affect\u00e9. Les prochaines \u00e9tapes ne sont pas encore connues. Dans tous les cas, l&rsquo;objectif est d&rsquo;\u00e9viter le naufrage.<\/p>\n<p><strong>Photo via <a href=\"https:\/\/twitter.com\/Rijkswaterstaat\" target=\"_blank\" rel=\"noreferrer noopener\">Twitter.com\/rijkswaterstaat<\/a><\/strong><\/p>\n","protected":false},"excerpt":{"rendered":"Ameland La Fremantle Highway reliait Bremerhaven, en Allemagne, \u00e0 l'entr\u00e9e du canal de Suez, Port Sa\u00efd, en \u00c9gypte. Selon le\u2026","protected":false},"author":0,"featured_media":137612,"comment_status":"","ping_status":"open","sticky":false,"template":"","format":"standard","meta":{"footnotes":""},"categories":[127],"tags":[],"class_list":["post-137620","post","type-post","status-publish","format-standard","has-post-thumbnail","hentry","category-nouvelles-de-voiture"],"acf":[],"yoast_head":"<!-- This site is optimized with the Yoast SEO plugin v21.2 - https:\/\/yoast.com\/wordpress\/plugins\/seo\/ -->\n<title>Quel type de voitures y a-t-il \u00e0 bord du cargo Fremantle Highway ? - All cars news<\/title>\n<meta name=\"robots\" content=\"index, follow, max-snippet:-1, max-image-preview:large, max-video-preview:-1\" \/>\n<link rel=\"canonical\" href=\"https:\/\/all-car-news.com\/fr\/quel-type-de-voitures-y-a-t-il-a-bord-du-cargo-fremantle-highway\/\" \/>\n<meta property=\"og:locale\" content=\"fr_FR\" \/>\n<meta property=\"og:type\" content=\"article\" \/>\n<meta property=\"og:title\" content=\"Quel type de voitures y a-t-il \u00e0 bord du cargo Fremantle Highway ? - All cars news\" \/>\n<meta property=\"og:description\" content=\"Ameland La Fremantle Highway reliait Bremerhaven, en Allemagne, \u00e0 l&#039;entr\u00e9e du canal de Suez, Port Sa\u00efd, en \u00c9gypte. Selon le programme de navigation de la compagnie maritime K Line, la destination finale du cargo \u00e9tait Singapour, Ta\u00efwan et le Japon. Dans la nuit du mardi 25 au mercredi 26 juillet, les choses ont mal tourn\u00e9. Un incendie s&#039;est d\u00e9clar\u00e9 \u00e0 [...]\" \/>\n<meta property=\"og:url\" content=\"https:\/\/all-car-news.com\/fr\/quel-type-de-voitures-y-a-t-il-a-bord-du-cargo-fremantle-highway\/\" \/>\n<meta property=\"og:site_name\" content=\"All cars news\" \/>\n<meta property=\"article:published_time\" content=\"2023-07-31T09:58:11+00:00\" \/>\n<meta name=\"twitter:card\" content=\"summary_large_image\" \/>\n<meta name=\"twitter:label1\" content=\"Dur\u00e9e de lecture estim\u00e9e\" \/>\n\t<meta name=\"twitter:data1\" content=\"2 minutes\" \/>\n<script type=\"application\/ld+json\" class=\"yoast-schema-graph\">{\"@context\":\"https:\/\/schema.org\",\"@graph\":[{\"@type\":\"Article\",\"@id\":\"https:\/\/all-car-news.com\/fr\/quel-type-de-voitures-y-a-t-il-a-bord-du-cargo-fremantle-highway\/#article\",\"isPartOf\":{\"@id\":\"https:\/\/all-car-news.com\/fr\/quel-type-de-voitures-y-a-t-il-a-bord-du-cargo-fremantle-highway\/\"},\"author\":{\"name\":\"\",\"@id\":\"\"},\"headline\":\"Quel type de voitures y a-t-il \u00e0 bord du cargo Fremantle Highway ?\",\"datePublished\":\"2023-07-31T09:58:11+00:00\",\"dateModified\":\"2023-07-31T09:58:11+00:00\",\"mainEntityOfPage\":{\"@id\":\"https:\/\/all-car-news.com\/fr\/quel-type-de-voitures-y-a-t-il-a-bord-du-cargo-fremantle-highway\/\"},\"wordCount\":469,\"publisher\":{\"@id\":\"https:\/\/all-car-news.com\/fr\/#organization\"},\"articleSection\":[\"nouvelles de voiture\"],\"inLanguage\":\"fr-FR\"},{\"@type\":\"WebPage\",\"@id\":\"https:\/\/all-car-news.com\/fr\/quel-type-de-voitures-y-a-t-il-a-bord-du-cargo-fremantle-highway\/\",\"url\":\"https:\/\/all-car-news.com\/fr\/quel-type-de-voitures-y-a-t-il-a-bord-du-cargo-fremantle-highway\/\",\"name\":\"Quel type de voitures y a-t-il \u00e0 bord du cargo Fremantle Highway ? - All cars news\",\"isPartOf\":{\"@id\":\"https:\/\/all-car-news.com\/fr\/#website\"},\"datePublished\":\"2023-07-31T09:58:11+00:00\",\"dateModified\":\"2023-07-31T09:58:11+00:00\",\"breadcrumb\":{\"@id\":\"https:\/\/all-car-news.com\/fr\/quel-type-de-voitures-y-a-t-il-a-bord-du-cargo-fremantle-highway\/#breadcrumb\"},\"inLanguage\":\"fr-FR\",\"potentialAction\":[{\"@type\":\"ReadAction\",\"target\":[\"https:\/\/all-car-news.com\/fr\/quel-type-de-voitures-y-a-t-il-a-bord-du-cargo-fremantle-highway\/\"]}]},{\"@type\":\"BreadcrumbList\",\"@id\":\"https:\/\/all-car-news.com\/fr\/quel-type-de-voitures-y-a-t-il-a-bord-du-cargo-fremantle-highway\/#breadcrumb\",\"itemListElement\":[{\"@type\":\"ListItem\",\"position\":1,\"name\":\"Home\",\"item\":\"https:\/\/all-car-news.com\/fr\/\"},{\"@type\":\"ListItem\",\"position\":2,\"name\":\"Quel type de voitures y a-t-il \u00e0 bord du cargo Fremantle Highway ?\"}]},{\"@type\":\"WebSite\",\"@id\":\"https:\/\/all-car-news.com\/fr\/#website\",\"url\":\"https:\/\/all-car-news.com\/fr\/\",\"name\":\"All cars news\",\"description\":\"\",\"publisher\":{\"@id\":\"https:\/\/all-car-news.com\/fr\/#organization\"},\"potentialAction\":[{\"@type\":\"SearchAction\",\"target\":{\"@type\":\"EntryPoint\",\"urlTemplate\":\"https:\/\/all-car-news.com\/fr\/?s={search_term_string}\"},\"query-input\":\"required name=search_term_string\"}],\"inLanguage\":\"fr-FR\"},{\"@type\":\"Organization\",\"@id\":\"https:\/\/all-car-news.com\/fr\/#organization\",\"name\":\"All cars news\",\"url\":\"https:\/\/all-car-news.com\/fr\/\",\"logo\":{\"@type\":\"ImageObject\",\"inLanguage\":\"fr-FR\",\"@id\":\"https:\/\/all-car-news.com\/fr\/#\/schema\/logo\/image\/\",\"url\":\"https:\/\/all-car-news.com\/wp-content\/uploads\/2022\/02\/CMYK-AllCarNews_LANDSCAPE_300px-1.png\",\"contentUrl\":\"https:\/\/all-car-news.com\/wp-content\/uploads\/2022\/02\/CMYK-AllCarNews_LANDSCAPE_300px-1.png\",\"width\":300,\"height\":100,\"caption\":\"All cars news\"},\"image\":{\"@id\":\"https:\/\/all-car-news.com\/fr\/#\/schema\/logo\/image\/\"}}]}<\/script>\n<!-- \/ Yoast SEO plugin. -->","yoast_head_json":{"title":"Quel type de voitures y a-t-il \u00e0 bord du cargo Fremantle Highway ? - All cars news","robots":{"index":"index","follow":"follow","max-snippet":"max-snippet:-1","max-image-preview":"max-image-preview:large","max-video-preview":"max-video-preview:-1"},"canonical":"https:\/\/all-car-news.com\/fr\/quel-type-de-voitures-y-a-t-il-a-bord-du-cargo-fremantle-highway\/","og_locale":"fr_FR","og_type":"article","og_title":"Quel type de voitures y a-t-il \u00e0 bord du cargo Fremantle Highway ? - All cars news","og_description":"Ameland La Fremantle Highway reliait Bremerhaven, en Allemagne, \u00e0 l'entr\u00e9e du canal de Suez, Port Sa\u00efd, en \u00c9gypte. Selon le programme de navigation de la compagnie maritime K Line, la destination finale du cargo \u00e9tait Singapour, Ta\u00efwan et le Japon. Dans la nuit du mardi 25 au mercredi 26 juillet, les choses ont mal tourn\u00e9. Un incendie s'est d\u00e9clar\u00e9 \u00e0 [...]","og_url":"https:\/\/all-car-news.com\/fr\/quel-type-de-voitures-y-a-t-il-a-bord-du-cargo-fremantle-highway\/","og_site_name":"All cars news","article_published_time":"2023-07-31T09:58:11+00:00","twitter_card":"summary_large_image","twitter_misc":{"Dur\u00e9e de lecture estim\u00e9e":"2 minutes"},"schema":{"@context":"https:\/\/schema.org","@graph":[{"@type":"Article","@id":"https:\/\/all-car-news.com\/fr\/quel-type-de-voitures-y-a-t-il-a-bord-du-cargo-fremantle-highway\/#article","isPartOf":{"@id":"https:\/\/all-car-news.com\/fr\/quel-type-de-voitures-y-a-t-il-a-bord-du-cargo-fremantle-highway\/"},"author":{"name":"","@id":""},"headline":"Quel type de voitures y a-t-il \u00e0 bord du cargo Fremantle Highway ?","datePublished":"2023-07-31T09:58:11+00:00","dateModified":"2023-07-31T09:58:11+00:00","mainEntityOfPage":{"@id":"https:\/\/all-car-news.com\/fr\/quel-type-de-voitures-y-a-t-il-a-bord-du-cargo-fremantle-highway\/"},"wordCount":469,"publisher":{"@id":"https:\/\/all-car-news.com\/fr\/#organization"},"articleSection":["nouvelles de voiture"],"inLanguage":"fr-FR"},{"@type":"WebPage","@id":"https:\/\/all-car-news.com\/fr\/quel-type-de-voitures-y-a-t-il-a-bord-du-cargo-fremantle-highway\/","url":"https:\/\/all-car-news.com\/fr\/quel-type-de-voitures-y-a-t-il-a-bord-du-cargo-fremantle-highway\/","name":"Quel type de voitures y a-t-il \u00e0 bord du cargo Fremantle Highway ? - All cars news","isPartOf":{"@id":"https:\/\/all-car-news.com\/fr\/#website"},"datePublished":"2023-07-31T09:58:11+00:00","dateModified":"2023-07-31T09:58:11+00:00","breadcrumb":{"@id":"https:\/\/all-car-news.com\/fr\/quel-type-de-voitures-y-a-t-il-a-bord-du-cargo-fremantle-highway\/#breadcrumb"},"inLanguage":"fr-FR","potentialAction":[{"@type":"ReadAction","target":["https:\/\/all-car-news.com\/fr\/quel-type-de-voitures-y-a-t-il-a-bord-du-cargo-fremantle-highway\/"]}]},{"@type":"BreadcrumbList","@id":"https:\/\/all-car-news.com\/fr\/quel-type-de-voitures-y-a-t-il-a-bord-du-cargo-fremantle-highway\/#breadcrumb","itemListElement":[{"@type":"ListItem","position":1,"name":"Home","item":"https:\/\/all-car-news.com\/fr\/"},{"@type":"ListItem","position":2,"name":"Quel type de voitures y a-t-il \u00e0 bord du cargo Fremantle Highway ?"}]},{"@type":"WebSite","@id":"https:\/\/all-car-news.com\/fr\/#website","url":"https:\/\/all-car-news.com\/fr\/","name":"All cars news","description":"","publisher":{"@id":"https:\/\/all-car-news.com\/fr\/#organization"},"potentialAction":[{"@type":"SearchAction","target":{"@type":"EntryPoint","urlTemplate":"https:\/\/all-car-news.com\/fr\/?s={search_term_string}"},"query-input":"required name=search_term_string"}],"inLanguage":"fr-FR"},{"@type":"Organization","@id":"https:\/\/all-car-news.com\/fr\/#organization","name":"All cars news","url":"https:\/\/all-car-news.com\/fr\/","logo":{"@type":"ImageObject","inLanguage":"fr-FR","@id":"https:\/\/all-car-news.com\/fr\/#\/schema\/logo\/image\/","url":"https:\/\/all-car-news.com\/wp-content\/uploads\/2022\/02\/CMYK-AllCarNews_LANDSCAPE_300px-1.png","contentUrl":"https:\/\/all-car-news.com\/wp-content\/uploads\/2022\/02\/CMYK-AllCarNews_LANDSCAPE_300px-1.png","width":300,"height":100,"caption":"All cars news"},"image":{"@id":"https:\/\/all-car-news.com\/fr\/#\/schema\/logo\/image\/"}}]}},"_links":{"self":[{"href":"https:\/\/all-car-news.com\/fr\/wp-json\/wp\/v2\/posts\/137620","targetHints":{"allow":["GET"]}}],"collection":[{"href":"https:\/\/all-car-news.com\/fr\/wp-json\/wp\/v2\/posts"}],"about":[{"href":"https:\/\/all-car-news.com\/fr\/wp-json\/wp\/v2\/types\/post"}],"replies":[{"embeddable":true,"href":"https:\/\/all-car-news.com\/fr\/wp-json\/wp\/v2\/comments?post=137620"}],"version-history":[{"count":0,"href":"https:\/\/all-car-news.com\/fr\/wp-json\/wp\/v2\/posts\/137620\/revisions"}],"wp:featuredmedia":[{"embeddable":true,"href":"https:\/\/all-car-news.com\/fr\/wp-json\/wp\/v2\/media\/137612"}],"wp:attachment":[{"href":"https:\/\/all-car-news.com\/fr\/wp-json\/wp\/v2\/media?parent=137620"}],"wp:term":[{"taxonomy":"category","embeddable":true,"href":"https:\/\/all-car-news.com\/fr\/wp-json\/wp\/v2\/categories?post=137620"},{"taxonomy":"post_tag","embeddable":true,"href":"https:\/\/all-car-news.com\/fr\/wp-json\/wp\/v2\/tags?post=137620"}],"curies":[{"name":"wp","href":"https:\/\/api.w.org\/{rel}","templated":true}]}}