{"id":137226,"date":"2023-07-17T17:30:41","date_gmt":"2023-07-17T17:30:41","guid":{"rendered":"https:\/\/all-car-news.com\/la-renault-clio-entierement-renovee-a-un-prix\/"},"modified":"2023-07-17T17:30:41","modified_gmt":"2023-07-17T17:30:41","slug":"la-renault-clio-entierement-renovee-a-un-prix","status":"publish","type":"post","link":"https:\/\/all-car-news.com\/fr\/la-renault-clio-entierement-renovee-a-un-prix\/","title":{"rendered":"La Renault Clio enti\u00e8rement r\u00e9nov\u00e9e a un prix"},"content":{"rendered":"<h2>Renault Clio 2023<\/h2>\n<p>Avec son nouveau style, la Renault Clio est encore plus s\u00e9duisante et \u00e9l\u00e9gante, tandis que l&rsquo;int\u00e9rieur chic et distingu\u00e9 repr\u00e9sente le nouveau langage stylistique de la marque, \u00e9crit la marque fran\u00e7aise dans le communiqu\u00e9 de presse de la Clio relook\u00e9e. Il n&rsquo;y a pas un mot de menti, si vous voulez notre avis. Gr\u00e2ce \u00e0 la face avant redessin\u00e9e, la Clio s&rsquo;est dot\u00e9e d&rsquo;un museau saisissant et s\u00e9duisant. Outre son nouveau design, la Clio actualis\u00e9e embarque \u00e9galement de nouvelles technologies, notamment un combin\u00e9 d&rsquo;instruments num\u00e9rique de 7 ou 10 pouces.<\/p>\n<figure class=\"wp-block-embed is-type-video is-provider-youtube wp-block-embed-youtube wp-embed-aspect-16-9 wp-has-aspect-ratio\">\n<div class=\"wp-block-embed__wrapper\">\n<\/div>\n<\/figure>\n<h2>Trois versions<\/h2>\n<p>Renault propose la nouvelle Clio en trois versions, \u00e0 commencer par la version Evolution. L&rsquo;\u00e9quipement de s\u00e9rie complet comprend la climatisation (automatique sur la Techno), un combin\u00e9 d&rsquo;instruments num\u00e9rique de 7 pouces, un \u00e9cran tactile central de 7 pouces et l&rsquo;int\u00e9gration sans fil des smartphones via Android Auto et Apple CarPlay. La Renault Clio en version Evolution est disponible \u00e0 partir de 22 950 \u20ac.<\/p>\n<p>L&rsquo;Evolution est suivie par la version Techno, qui comprend une cam\u00e9ra de recul, une carte mains libres, des jantes en alliage de 16 pouces, une antenne avec aileron de requin et un chargeur de smartphone sans fil. En outre, les si\u00e8ges, les panneaux de porte et le tableau de bord sont recouverts d&rsquo;un tissu durable sp\u00e9cialement con\u00e7u, compos\u00e9 \u00e0 60 % de TENCEL Modal, une fibre de cellulose biomat\u00e9rielle mise au point par le groupe Lenzing. Contribuant \u00e0 la strat\u00e9gie de r\u00e9duction des \u00e9missions de carbone de Renault, la nouvelle Clio est le premier mod\u00e8le de la marque \u00e0 utiliser des fibres TENCEL Modal. La <a href=\"https:\/\/youtu.be\/3my4GFo_VtU\" target=\"_blank\" rel=\"noreferrer noopener\">Renault Clio<\/a> en finition Techno est disponible \u00e0 partir de 24 950 \u20ac.<\/p>\n<h2>Esprit Alpine<\/h2>\n<p>L&rsquo;Esprit Alpine est la version sup\u00e9rieure. Apr\u00e8s la Renault Austral et la nouvelle Renault Espace, cette version sportive, \u00e9l\u00e9gante et techniquement sophistiqu\u00e9e fait son apparition dans la gamme de la nouvelle Clio. Cette version associe les caract\u00e9ristiques de la marque Alpine au nouveau langage stylistique de Renault. L&rsquo;Esprit Alpine se reconna\u00eet, entre autres, \u00e0 son aile avant en Gris Schiste, \u00e0 ses jantes en alliage de 17 pouces et \u00e0 ses si\u00e8ges sp\u00e9cifiques avec des surpiq\u00fbres bleues et la lettre A embl\u00e9matique de la marque Alpine. Dans l&rsquo;Esprit Alpine \u00e9galement, les si\u00e8ges sont fabriqu\u00e9s \u00e0 partir de mat\u00e9riaux durables, notamment un tissu compos\u00e9 \u00e0 65 % de PET (poly\u00e9thyl\u00e8ne) recycl\u00e9 pour l&rsquo;assise et le dossier, et un tissu grain\u00e9 et enduit recycl\u00e9 \u00e0 13 % sur les c\u00f4t\u00e9s des si\u00e8ges. La Renault Clio Esprit Alpine est disponible \u00e0 partir de 27 250 euros.<\/p>\n<h2>Deux variantes de moteur<\/h2>\n<p>La version la plus performante de la gamme de moteurs de la Clio est la forte E-Tech Full Hybrid 145 de 107 kW (145 ch), compos\u00e9e d&rsquo;un moteur \u00e0 essence quatre cylindres de 1,6 litre, de deux moteurs \u00e9lectriques, d&rsquo;une transmission automatique multimode intelligente sans embrayage et d&rsquo;une batterie de 1,2 kWh. Ce groupe motopropulseur contient plus de 150 brevets et toute l&rsquo;expertise acquise par Renault en Formule 1, notamment en mati\u00e8re de r\u00e9cup\u00e9ration d&rsquo;\u00e9nergie. L&rsquo;E-Tech Full Hybrid 145 est syst\u00e9matiquement d\u00e9marr\u00e9 par le moteur \u00e9lectrique principal et peut rouler en mode enti\u00e8rement \u00e9lectrique jusqu&rsquo;\u00e0 80 % de son temps de conduite en zone urbaine. Cela permet d&rsquo;\u00e9conomiser jusqu&rsquo;\u00e0 40 % de carburant par rapport \u00e0 un moteur \u00e0 essence classique. La consommation moyenne est fix\u00e9e \u00e0 4,2 l\/100 km, avec des<sub>\u00e9missions de CO2 de<\/sub> 95 g\/km (WLTP).<\/p>\n<p>En outre, la nouvelle Clio est disponible avec le TCe 90. Ce moteur trois cylindres turbo essence d\u00e9livre 66 kW (90 ch) et 160 Nm de couple et est associ\u00e9 \u00e0 une bo\u00eete de vitesses manuelle \u00e0 six rapports. La consommation moyenne est fix\u00e9e \u00e0 5,2 l\/100 km et les<sub>\u00e9missions de CO2<\/sub> \u00e0 118 g\/km (WLTP).<\/p>\n<figure class=\"wp-block-embed is-type-video is-provider-youtube wp-block-embed-youtube wp-embed-aspect-16-9 wp-has-aspect-ratio\">\n<div class=\"wp-block-embed__wrapper\">\n<\/div>\n<\/figure>\n","protected":false},"excerpt":{"rendered":"Renault Clio 2023 Avec son nouveau design, la Renault Clio est encore plus s\u00e9duisante et \u00e9l\u00e9gante, tandis que l'int\u00e9rieur chic\u2026","protected":false},"author":0,"featured_media":137213,"comment_status":"","ping_status":"open","sticky":false,"template":"","format":"standard","meta":{"footnotes":""},"categories":[127],"tags":[],"class_list":["post-137226","post","type-post","status-publish","format-standard","has-post-thumbnail","hentry","category-nouvelles-de-voiture"],"acf":[],"yoast_head":"<!-- This site is optimized with the Yoast SEO plugin v21.2 - https:\/\/yoast.com\/wordpress\/plugins\/seo\/ -->\n<title>La Renault Clio enti\u00e8rement r\u00e9nov\u00e9e a un prix - All cars news<\/title>\n<meta name=\"robots\" content=\"index, follow, max-snippet:-1, max-image-preview:large, max-video-preview:-1\" \/>\n<link rel=\"canonical\" href=\"https:\/\/all-car-news.com\/fr\/la-renault-clio-entierement-renovee-a-un-prix\/\" \/>\n<meta property=\"og:locale\" content=\"fr_FR\" \/>\n<meta property=\"og:type\" content=\"article\" \/>\n<meta property=\"og:title\" content=\"La Renault Clio enti\u00e8rement r\u00e9nov\u00e9e a un prix - All cars news\" \/>\n<meta property=\"og:description\" content=\"Renault Clio 2023 Avec son nouveau design, la Renault Clio est encore plus s\u00e9duisante et \u00e9l\u00e9gante, tandis que l&#039;int\u00e9rieur chic et distingu\u00e9 repr\u00e9sente le nouveau langage stylistique de la marque, \u00e9crit la marque fran\u00e7aise dans le communiqu\u00e9 de presse de la Clio r\u00e9nov\u00e9e. Il n&#039;y a pas un mot de menti, si vous voulez notre avis. Gr\u00e2ce \u00e0 sa nouvelle face avant, le [...]\" \/>\n<meta property=\"og:url\" content=\"https:\/\/all-car-news.com\/fr\/la-renault-clio-entierement-renovee-a-un-prix\/\" \/>\n<meta property=\"og:site_name\" content=\"All cars news\" \/>\n<meta property=\"article:published_time\" content=\"2023-07-17T17:30:41+00:00\" \/>\n<meta name=\"twitter:card\" content=\"summary_large_image\" \/>\n<meta name=\"twitter:label1\" content=\"Dur\u00e9e de lecture estim\u00e9e\" \/>\n\t<meta name=\"twitter:data1\" content=\"3 minutes\" \/>\n<script type=\"application\/ld+json\" class=\"yoast-schema-graph\">{\"@context\":\"https:\/\/schema.org\",\"@graph\":[{\"@type\":\"Article\",\"@id\":\"https:\/\/all-car-news.com\/fr\/la-renault-clio-entierement-renovee-a-un-prix\/#article\",\"isPartOf\":{\"@id\":\"https:\/\/all-car-news.com\/fr\/la-renault-clio-entierement-renovee-a-un-prix\/\"},\"author\":{\"name\":\"\",\"@id\":\"\"},\"headline\":\"La Renault Clio enti\u00e8rement r\u00e9nov\u00e9e a un prix\",\"datePublished\":\"2023-07-17T17:30:41+00:00\",\"dateModified\":\"2023-07-17T17:30:41+00:00\",\"mainEntityOfPage\":{\"@id\":\"https:\/\/all-car-news.com\/fr\/la-renault-clio-entierement-renovee-a-un-prix\/\"},\"wordCount\":628,\"publisher\":{\"@id\":\"https:\/\/all-car-news.com\/fr\/#organization\"},\"articleSection\":[\"nouvelles de voiture\"],\"inLanguage\":\"fr-FR\"},{\"@type\":\"WebPage\",\"@id\":\"https:\/\/all-car-news.com\/fr\/la-renault-clio-entierement-renovee-a-un-prix\/\",\"url\":\"https:\/\/all-car-news.com\/fr\/la-renault-clio-entierement-renovee-a-un-prix\/\",\"name\":\"La Renault Clio enti\u00e8rement r\u00e9nov\u00e9e a un prix - All cars news\",\"isPartOf\":{\"@id\":\"https:\/\/all-car-news.com\/fr\/#website\"},\"datePublished\":\"2023-07-17T17:30:41+00:00\",\"dateModified\":\"2023-07-17T17:30:41+00:00\",\"breadcrumb\":{\"@id\":\"https:\/\/all-car-news.com\/fr\/la-renault-clio-entierement-renovee-a-un-prix\/#breadcrumb\"},\"inLanguage\":\"fr-FR\",\"potentialAction\":[{\"@type\":\"ReadAction\",\"target\":[\"https:\/\/all-car-news.com\/fr\/la-renault-clio-entierement-renovee-a-un-prix\/\"]}]},{\"@type\":\"BreadcrumbList\",\"@id\":\"https:\/\/all-car-news.com\/fr\/la-renault-clio-entierement-renovee-a-un-prix\/#breadcrumb\",\"itemListElement\":[{\"@type\":\"ListItem\",\"position\":1,\"name\":\"Home\",\"item\":\"https:\/\/all-car-news.com\/fr\/\"},{\"@type\":\"ListItem\",\"position\":2,\"name\":\"La Renault Clio enti\u00e8rement r\u00e9nov\u00e9e a un prix\"}]},{\"@type\":\"WebSite\",\"@id\":\"https:\/\/all-car-news.com\/fr\/#website\",\"url\":\"https:\/\/all-car-news.com\/fr\/\",\"name\":\"All cars news\",\"description\":\"\",\"publisher\":{\"@id\":\"https:\/\/all-car-news.com\/fr\/#organization\"},\"potentialAction\":[{\"@type\":\"SearchAction\",\"target\":{\"@type\":\"EntryPoint\",\"urlTemplate\":\"https:\/\/all-car-news.com\/fr\/?s={search_term_string}\"},\"query-input\":\"required name=search_term_string\"}],\"inLanguage\":\"fr-FR\"},{\"@type\":\"Organization\",\"@id\":\"https:\/\/all-car-news.com\/fr\/#organization\",\"name\":\"All cars news\",\"url\":\"https:\/\/all-car-news.com\/fr\/\",\"logo\":{\"@type\":\"ImageObject\",\"inLanguage\":\"fr-FR\",\"@id\":\"https:\/\/all-car-news.com\/fr\/#\/schema\/logo\/image\/\",\"url\":\"https:\/\/all-car-news.com\/wp-content\/uploads\/2022\/02\/CMYK-AllCarNews_LANDSCAPE_300px-1.png\",\"contentUrl\":\"https:\/\/all-car-news.com\/wp-content\/uploads\/2022\/02\/CMYK-AllCarNews_LANDSCAPE_300px-1.png\",\"width\":300,\"height\":100,\"caption\":\"All cars news\"},\"image\":{\"@id\":\"https:\/\/all-car-news.com\/fr\/#\/schema\/logo\/image\/\"}}]}<\/script>\n<!-- \/ Yoast SEO plugin. -->","yoast_head_json":{"title":"La Renault Clio enti\u00e8rement r\u00e9nov\u00e9e a un prix - All cars news","robots":{"index":"index","follow":"follow","max-snippet":"max-snippet:-1","max-image-preview":"max-image-preview:large","max-video-preview":"max-video-preview:-1"},"canonical":"https:\/\/all-car-news.com\/fr\/la-renault-clio-entierement-renovee-a-un-prix\/","og_locale":"fr_FR","og_type":"article","og_title":"La Renault Clio enti\u00e8rement r\u00e9nov\u00e9e a un prix - All cars news","og_description":"Renault Clio 2023 Avec son nouveau design, la Renault Clio est encore plus s\u00e9duisante et \u00e9l\u00e9gante, tandis que l'int\u00e9rieur chic et distingu\u00e9 repr\u00e9sente le nouveau langage stylistique de la marque, \u00e9crit la marque fran\u00e7aise dans le communiqu\u00e9 de presse de la Clio r\u00e9nov\u00e9e. Il n'y a pas un mot de menti, si vous voulez notre avis. Gr\u00e2ce \u00e0 sa nouvelle face avant, le [...]","og_url":"https:\/\/all-car-news.com\/fr\/la-renault-clio-entierement-renovee-a-un-prix\/","og_site_name":"All cars news","article_published_time":"2023-07-17T17:30:41+00:00","twitter_card":"summary_large_image","twitter_misc":{"Dur\u00e9e de lecture estim\u00e9e":"3 minutes"},"schema":{"@context":"https:\/\/schema.org","@graph":[{"@type":"Article","@id":"https:\/\/all-car-news.com\/fr\/la-renault-clio-entierement-renovee-a-un-prix\/#article","isPartOf":{"@id":"https:\/\/all-car-news.com\/fr\/la-renault-clio-entierement-renovee-a-un-prix\/"},"author":{"name":"","@id":""},"headline":"La Renault Clio enti\u00e8rement r\u00e9nov\u00e9e a un prix","datePublished":"2023-07-17T17:30:41+00:00","dateModified":"2023-07-17T17:30:41+00:00","mainEntityOfPage":{"@id":"https:\/\/all-car-news.com\/fr\/la-renault-clio-entierement-renovee-a-un-prix\/"},"wordCount":628,"publisher":{"@id":"https:\/\/all-car-news.com\/fr\/#organization"},"articleSection":["nouvelles de voiture"],"inLanguage":"fr-FR"},{"@type":"WebPage","@id":"https:\/\/all-car-news.com\/fr\/la-renault-clio-entierement-renovee-a-un-prix\/","url":"https:\/\/all-car-news.com\/fr\/la-renault-clio-entierement-renovee-a-un-prix\/","name":"La Renault Clio enti\u00e8rement r\u00e9nov\u00e9e a un prix - All cars news","isPartOf":{"@id":"https:\/\/all-car-news.com\/fr\/#website"},"datePublished":"2023-07-17T17:30:41+00:00","dateModified":"2023-07-17T17:30:41+00:00","breadcrumb":{"@id":"https:\/\/all-car-news.com\/fr\/la-renault-clio-entierement-renovee-a-un-prix\/#breadcrumb"},"inLanguage":"fr-FR","potentialAction":[{"@type":"ReadAction","target":["https:\/\/all-car-news.com\/fr\/la-renault-clio-entierement-renovee-a-un-prix\/"]}]},{"@type":"BreadcrumbList","@id":"https:\/\/all-car-news.com\/fr\/la-renault-clio-entierement-renovee-a-un-prix\/#breadcrumb","itemListElement":[{"@type":"ListItem","position":1,"name":"Home","item":"https:\/\/all-car-news.com\/fr\/"},{"@type":"ListItem","position":2,"name":"La Renault Clio enti\u00e8rement r\u00e9nov\u00e9e a un prix"}]},{"@type":"WebSite","@id":"https:\/\/all-car-news.com\/fr\/#website","url":"https:\/\/all-car-news.com\/fr\/","name":"All cars news","description":"","publisher":{"@id":"https:\/\/all-car-news.com\/fr\/#organization"},"potentialAction":[{"@type":"SearchAction","target":{"@type":"EntryPoint","urlTemplate":"https:\/\/all-car-news.com\/fr\/?s={search_term_string}"},"query-input":"required name=search_term_string"}],"inLanguage":"fr-FR"},{"@type":"Organization","@id":"https:\/\/all-car-news.com\/fr\/#organization","name":"All cars news","url":"https:\/\/all-car-news.com\/fr\/","logo":{"@type":"ImageObject","inLanguage":"fr-FR","@id":"https:\/\/all-car-news.com\/fr\/#\/schema\/logo\/image\/","url":"https:\/\/all-car-news.com\/wp-content\/uploads\/2022\/02\/CMYK-AllCarNews_LANDSCAPE_300px-1.png","contentUrl":"https:\/\/all-car-news.com\/wp-content\/uploads\/2022\/02\/CMYK-AllCarNews_LANDSCAPE_300px-1.png","width":300,"height":100,"caption":"All cars news"},"image":{"@id":"https:\/\/all-car-news.com\/fr\/#\/schema\/logo\/image\/"}}]}},"_links":{"self":[{"href":"https:\/\/all-car-news.com\/fr\/wp-json\/wp\/v2\/posts\/137226","targetHints":{"allow":["GET"]}}],"collection":[{"href":"https:\/\/all-car-news.com\/fr\/wp-json\/wp\/v2\/posts"}],"about":[{"href":"https:\/\/all-car-news.com\/fr\/wp-json\/wp\/v2\/types\/post"}],"replies":[{"embeddable":true,"href":"https:\/\/all-car-news.com\/fr\/wp-json\/wp\/v2\/comments?post=137226"}],"version-history":[{"count":0,"href":"https:\/\/all-car-news.com\/fr\/wp-json\/wp\/v2\/posts\/137226\/revisions"}],"wp:featuredmedia":[{"embeddable":true,"href":"https:\/\/all-car-news.com\/fr\/wp-json\/wp\/v2\/media\/137213"}],"wp:attachment":[{"href":"https:\/\/all-car-news.com\/fr\/wp-json\/wp\/v2\/media?parent=137226"}],"wp:term":[{"taxonomy":"category","embeddable":true,"href":"https:\/\/all-car-news.com\/fr\/wp-json\/wp\/v2\/categories?post=137226"},{"taxonomy":"post_tag","embeddable":true,"href":"https:\/\/all-car-news.com\/fr\/wp-json\/wp\/v2\/tags?post=137226"}],"curies":[{"name":"wp","href":"https:\/\/api.w.org\/{rel}","templated":true}]}}