{"id":137119,"date":"2023-07-13T08:40:13","date_gmt":"2023-07-13T08:40:13","guid":{"rendered":"https:\/\/all-car-news.com\/la-neuvieme-generation-de-volkswagen-passat-est-presque-prete-premiers-details\/"},"modified":"2023-07-13T08:40:13","modified_gmt":"2023-07-13T08:40:13","slug":"la-neuvieme-generation-de-volkswagen-passat-est-presque-prete-premiers-details","status":"publish","type":"post","link":"https:\/\/all-car-news.com\/fr\/la-neuvieme-generation-de-volkswagen-passat-est-presque-prete-premiers-details\/","title":{"rendered":"La neuvi\u00e8me g\u00e9n\u00e9ration de Volkswagen Passat est presque pr\u00eate : premiers d\u00e9tails"},"content":{"rendered":"<h2>La Volkswagen Passat millionnaire<\/h2>\n<p>Avec plus de 30 millions d&rsquo;unit\u00e9s vendues, la Volkswagen Passat est l&rsquo;un des mod\u00e8les les plus importants de la gamme Volkswagen.<strong>&nbsp;<\/strong>Lors du d\u00e9veloppement de la nouvelle Passat Variant, la marque n&rsquo;a donc pas l\u00e9sin\u00e9 sur les moyens et a exploit\u00e9 tout le potentiel de la nouvelle plateforme MQB Evo. La nouvelle plateforme permet d&rsquo;ajouter de nouveaux syst\u00e8mes. Elle sera notamment disponible sur&nbsp;, un nouveau ch\u00e2ssis adaptatif&nbsp;&nbsp; et en version hybride rechargeable avec une autonomie \u00e9lectrique pouvant atteindre 100 kilom\u00e8tres.  <\/p>\n<h2>La Passat conna\u00eet une forte croissance<\/h2>\n<p>La nouvelle Volkswagen Passat Variant s&rsquo;est consid\u00e9rablement agrandie par rapport \u00e0 sa devanci\u00e8re. La longueur totale augmente de 14 centim\u00e8tres, ce qui permet de gagner 5 centim\u00e8tres d&rsquo;espace pour les jambes \u00e0 l&rsquo;arri\u00e8re. La longueur accrue a \u00e9galement permis d&rsquo;augmenter le volume du coffre de 40 litres : il mesure d\u00e9sormais 690 litres avec les si\u00e8ges arri\u00e8re relev\u00e9s, et lorsque les si\u00e8ges arri\u00e8re sont rabattus, l&rsquo;espace disponible atteint le chiffre impressionnant de 1 920 litres. En d&rsquo;autres termes, un espace de rangement \u00ab\u00a0Full HD\u00a0\u00bb.<\/p>\n<p>L&rsquo;int\u00e9rieur de la nouvelle Passat Variant se caract\u00e9rise par des mat\u00e9riaux de haute qualit\u00e9 et une bonne isolation phonique. Les si\u00e8ges avant ergoActive, disponibles en option, offrent diverses fonctions de massage et de climatisation.<\/p>\n<figure class=\"wp-block-image size-full\"><img decoding=\"async\" loading=\"lazy\" width=\"1920\" height=\"1280\" src=\"https:\/\/autorai.nl\/wp-content\/uploads\/2023\/07\/volkswagen-passat-variant-2024-camouflage-foto5.jpg\" alt=\"Volkswagen Passat Variant 2024\" class=\"wp-image-162485\"><\/figure>\n<h2>Infotainment<\/h2>\n<p>Volkswagen a \u00e9cout\u00e9 les r\u00e9actions des conducteurs de Volkswagen. L&rsquo;un des souhaits \u00e9tait d&rsquo;avoir un grand \u00e9cran tactile dans la voiture. La neuvi\u00e8me g\u00e9n\u00e9ration de Volkswagen Passat est \u00e9quip\u00e9e de s\u00e9rie d&rsquo;un \u00e9cran de 32 cm (12,9 pouces). Un \u00e9cran de 38 cm (15 pouces) peut \u00e9galement \u00eatre choisi. Les curseurs tactiles \u00e9clair\u00e9s sont situ\u00e9s sous l&rsquo;\u00e9cran du syst\u00e8me d&rsquo;info-divertissement et permettent au conducteur de r\u00e9gler la temp\u00e9rature et le volume de l&rsquo;habitacle, sans perdre la route de vue. L&rsquo;affichage t\u00eate haute en option projette des informations sur le pare-brise pour am\u00e9liorer encore la s\u00e9curit\u00e9 du conducteur. Enfin, le volant multifonctions est \u00e0 nouveau \u00e9quip\u00e9 de boutons &#8211; pour faciliter l&rsquo;utilisation.&nbsp;<\/p>\n<figure class=\"wp-block-image size-content\"><img decoding=\"async\" loading=\"lazy\" width=\"1140\" height=\"760\" src=\"https:\/\/autorai.nl\/wp-content\/uploads\/2023\/07\/volkswagen-passat-variant-2024-camouflage-foto8-1-1140x760.jpg\" alt=\"Int\u00e9rieur Volkswagen Passat 2024\" class=\"wp-image-162492\"><\/figure>\n<h2>Amortisseurs adaptatifs<a href=\"https:\/\/content.presspage.com\/uploads\/1397\/f5f98e1c-ecff-4b72-b60c-ebcc0704e8f2\/1920_db2023au00819-large.jpg?10000\"><\/a><\/h2>\n<p>La nouvelle Passat Variant est disponible avec des amortisseurs adaptatifs qui r\u00e9agissent \u00e0 la surface de la route et \u00e0 la situation de conduite de mani\u00e8re totalement autonome, mais qui peuvent \u00eatre r\u00e9gl\u00e9s par le conducteur en fonction de ses pr\u00e9f\u00e9rences individuelles. Le syst\u00e8me DCC Pro en option calcule l&rsquo;amortissement par roue et r\u00e8gle les amortisseurs en une fraction de seconde. Un syst\u00e8me de gestion de la dynamique du v\u00e9hicule fait partie de l&rsquo;\u00e9quipement de s\u00e9rie &#8211; ce syst\u00e8me a fait ses d\u00e9buts dans l&rsquo;actuelle Golf GTI et fait partie de la plateforme MQB.  <\/p>\n<h2>moteurs<\/h2>\n<p>La nouvelle Passat Variant sera disponible avec une large gamme&nbsp;de moteurs, dont&nbsp;une&nbsp;hybride rechargeable (eHybrid). L&rsquo;autonomie \u00e9lectrique de l&rsquo;eHybrid est de 100 kilom\u00e8tres, un grand pas en avant par rapport \u00e0 la version pr\u00e9c\u00e9dente.&nbsp;Rechargez cet hybride avec 11 kW en courant alternatif ou 50 kW sur un chargeur rapide en courant continu.<\/p>\n<div class=\"galery shuffle galery-0\">\n<figure>\n\t\t\t\t\t<span style=\"cursor: pointer\" data-src=\"https:\/\/autorai.nl\/wp-content\/uploads\/2023\/07\/volkswagen-passat-variant-2024-camouflage-foto9-1-1600x1067.jpg\" data-fancybox=\"galery-0\" title=\"\"><br \/>\n\t\t\t\t\t\t\t<img decoding=\"async\" width=\"640\" height=\"480\" src=\"https:\/\/autorai.nl\/wp-content\/uploads\/2023\/07\/volkswagen-passat-variant-2024-camouflage-foto9-1-640x480.jpg\" class=\"attachment-medium size-medium\" alt=\"\" loading=\"lazy\"><i class=\"fa fa-search-plus\" aria-hidden=\"true\"><\/i><br \/>\n\t\t\t\t\t\t<\/span><br \/>\n\t\t\t\t\t<\/figure>\n<figure>\n\t\t\t\t\t<span style=\"cursor: pointer\" data-src=\"https:\/\/autorai.nl\/wp-content\/uploads\/2023\/07\/volkswagen-passat-variant-2024-camouflage-foto10-1-1600x900.jpg\" data-fancybox=\"galery-0\" title=\"\"><br \/>\n\t\t\t\t\t\t\t<img decoding=\"async\" width=\"360\" height=\"270\" src=\"https:\/\/autorai.nl\/wp-content\/uploads\/2023\/07\/volkswagen-passat-variant-2024-camouflage-foto10-1-360x270.jpg\" class=\"attachment-small size-small\" alt=\"\" loading=\"lazy\"><i class=\"fa fa-search-plus\" aria-hidden=\"true\"><\/i><br \/>\n\t\t\t\t\t\t<\/span><br \/>\n\t\t\t\t\t<\/figure>\n<figure>\n\t\t\t\t\t<span style=\"cursor: pointer\" data-src=\"https:\/\/autorai.nl\/wp-content\/uploads\/2023\/07\/volkswagen-passat-variant-2024-camouflage-foto8-1-1600x1067.jpg\" data-fancybox=\"galery-0\" title=\"\"><br \/>\n\t\t\t\t\t\t\t<img decoding=\"async\" width=\"360\" height=\"270\" src=\"https:\/\/autorai.nl\/wp-content\/uploads\/2023\/07\/volkswagen-passat-variant-2024-camouflage-foto8-1-360x270.jpg\" class=\"attachment-small size-small\" alt=\"Int\u00e9rieur Volkswagen Passat 2024\" loading=\"lazy\"><i class=\"fa fa-search-plus\" aria-hidden=\"true\"><\/i><br \/>\n\t\t\t\t\t\t<\/span><br \/>\n\t\t\t\t\t<\/figure>\n<figure>\n\t\t\t\t\t<span style=\"cursor: pointer\" data-src=\"https:\/\/autorai.nl\/wp-content\/uploads\/2023\/07\/volkswagen-passat-variant-2024-camouflage-foto7-1-1600x1067.jpg\" data-fancybox=\"galery-0\" title=\"\"><br \/>\n\t\t\t\t\t\t\t<img decoding=\"async\" width=\"640\" height=\"480\" src=\"https:\/\/autorai.nl\/wp-content\/uploads\/2023\/07\/volkswagen-passat-variant-2024-camouflage-foto7-1-640x480.jpg\" class=\"attachment-medium size-medium\" alt=\"\" loading=\"lazy\"><i class=\"fa fa-search-plus\" aria-hidden=\"true\"><\/i><br \/>\n\t\t\t\t\t\t<\/span><br \/>\n\t\t\t\t\t<\/figure>\n<figure>\n\t\t\t\t\t<span style=\"cursor: pointer\" data-src=\"https:\/\/autorai.nl\/wp-content\/uploads\/2023\/07\/volkswagen-passat-variant-2024-camouflage-foto6-1600x1067.jpg\" data-fancybox=\"galery-0\" title=\"\"><br \/>\n\t\t\t\t\t\t\t<img decoding=\"async\" width=\"360\" height=\"270\" src=\"https:\/\/autorai.nl\/wp-content\/uploads\/2023\/07\/volkswagen-passat-variant-2024-camouflage-foto6-360x270.jpg\" class=\"attachment-small size-small\" alt=\"\" loading=\"lazy\"><i class=\"fa fa-search-plus\" aria-hidden=\"true\"><\/i><br \/>\n\t\t\t\t\t\t<\/span><br \/>\n\t\t\t\t\t<\/figure>\n<figure>\n\t\t\t\t\t<span style=\"cursor: pointer\" data-src=\"https:\/\/autorai.nl\/wp-content\/uploads\/2023\/07\/volkswagen-passat-variant-2024-camouflage-foto4-1600x1067.jpg\" data-fancybox=\"galery-0\" title=\"\"><br \/>\n\t\t\t\t\t\t\t<img decoding=\"async\" width=\"360\" height=\"270\" src=\"https:\/\/autorai.nl\/wp-content\/uploads\/2023\/07\/volkswagen-passat-variant-2024-camouflage-foto4-360x270.jpg\" class=\"attachment-small size-small\" alt=\"\" loading=\"lazy\"><i class=\"fa fa-search-plus\" aria-hidden=\"true\"><\/i><br \/>\n\t\t\t\t\t\t<\/span><br \/>\n\t\t\t\t\t<\/figure>\n<figure>\n\t\t\t\t\t<span style=\"cursor: pointer\" data-src=\"https:\/\/autorai.nl\/wp-content\/uploads\/2023\/07\/volkswagen-passat-variant-2024-camouflage-foto3-1600x1067.jpg\" data-fancybox=\"galery-0\" title=\"\"><br \/>\n\t\t\t\t\t\t\t<img decoding=\"async\" width=\"640\" height=\"480\" src=\"https:\/\/autorai.nl\/wp-content\/uploads\/2023\/07\/volkswagen-passat-variant-2024-camouflage-foto3-640x480.jpg\" class=\"attachment-medium size-medium\" alt=\"Volkswagen Passat 2024\" loading=\"lazy\"><i class=\"fa fa-search-plus\" aria-hidden=\"true\"><\/i><br \/>\n\t\t\t\t\t\t<\/span><br \/>\n\t\t\t\t\t<\/figure>\n<figure>\n\t\t\t\t\t<span style=\"cursor: pointer\" data-src=\"https:\/\/autorai.nl\/wp-content\/uploads\/2023\/07\/volkswagen-passat-variant-2024-camouflage-foto2-1600x1067.jpg\" data-fancybox=\"galery-0\" title=\"\"><br \/>\n\t\t\t\t\t\t\t<img decoding=\"async\" width=\"360\" height=\"270\" src=\"https:\/\/autorai.nl\/wp-content\/uploads\/2023\/07\/volkswagen-passat-variant-2024-camouflage-foto2-360x270.jpg\" class=\"attachment-small size-small\" alt=\"\" loading=\"lazy\"><i class=\"fa fa-search-plus\" aria-hidden=\"true\"><\/i><br \/>\n\t\t\t\t\t\t<\/span><br \/>\n\t\t\t\t\t<\/figure>\n<figure>\n\t\t\t\t\t<span style=\"cursor: pointer\" data-src=\"https:\/\/autorai.nl\/wp-content\/uploads\/2023\/07\/volkswagen-passat-variant-2024-camouflage-foto1-1600x1067.jpg\" data-fancybox=\"galery-0\" title=\"\"><br \/>\n\t\t\t\t\t\t\t<img decoding=\"async\" width=\"360\" height=\"270\" src=\"https:\/\/autorai.nl\/wp-content\/uploads\/2023\/07\/volkswagen-passat-variant-2024-camouflage-foto1-360x270.jpg\" class=\"attachment-small size-small\" alt=\"\" loading=\"lazy\"><i class=\"fa fa-search-plus\" aria-hidden=\"true\"><\/i><br \/>\n\t\t\t\t\t\t<\/span><br \/>\n\t\t\t\t\t<\/figure>\n<div class=\"clear\"><\/div>\n<\/div>\n","protected":false},"excerpt":{"rendered":"La Volkswagen Passat, un millionnaire Avec plus de 30 millions d'unit\u00e9s vendues, la Volkswagen Passat est l'un des mod\u00e8les les\u2026","protected":false},"author":0,"featured_media":137115,"comment_status":"","ping_status":"open","sticky":false,"template":"","format":"standard","meta":{"footnotes":""},"categories":[127],"tags":[],"class_list":["post-137119","post","type-post","status-publish","format-standard","has-post-thumbnail","hentry","category-nouvelles-de-voiture"],"acf":[],"yoast_head":"<!-- This site is optimized with the Yoast SEO plugin v21.2 - https:\/\/yoast.com\/wordpress\/plugins\/seo\/ -->\n<title>La neuvi\u00e8me g\u00e9n\u00e9ration de Volkswagen Passat est presque pr\u00eate : premiers d\u00e9tails - All cars news<\/title>\n<meta name=\"robots\" content=\"index, follow, max-snippet:-1, max-image-preview:large, max-video-preview:-1\" \/>\n<link rel=\"canonical\" href=\"https:\/\/all-car-news.com\/fr\/la-neuvieme-generation-de-volkswagen-passat-est-presque-prete-premiers-details\/\" \/>\n<meta property=\"og:locale\" content=\"fr_FR\" \/>\n<meta property=\"og:type\" content=\"article\" \/>\n<meta property=\"og:title\" content=\"La neuvi\u00e8me g\u00e9n\u00e9ration de Volkswagen Passat est presque pr\u00eate : premiers d\u00e9tails - All cars news\" \/>\n<meta property=\"og:description\" content=\"La Volkswagen Passat, un millionnaire Avec plus de 30 millions d&#039;unit\u00e9s vendues, la Volkswagen Passat est l&#039;un des mod\u00e8les les plus importants de la gamme Volkswagen.&nbsp;Lors du d\u00e9veloppement de la nouvelle Passat Variant, la marque n&#039;a donc pas l\u00e9sin\u00e9 sur les moyens et a exploit\u00e9 tout le potentiel de la nouvelle plateforme MQB Evo. Ce [\u2026]\" \/>\n<meta property=\"og:url\" content=\"https:\/\/all-car-news.com\/fr\/la-neuvieme-generation-de-volkswagen-passat-est-presque-prete-premiers-details\/\" \/>\n<meta property=\"og:site_name\" content=\"All cars news\" \/>\n<meta property=\"article:published_time\" content=\"2023-07-13T08:40:13+00:00\" \/>\n<meta property=\"og:image\" content=\"https:\/\/autorai.nl\/wp-content\/uploads\/2023\/07\/volkswagen-passat-variant-2024-camouflage-foto5.jpg\" \/>\n<meta name=\"twitter:card\" content=\"summary_large_image\" \/>\n<meta name=\"twitter:label1\" content=\"Dur\u00e9e de lecture estim\u00e9e\" \/>\n\t<meta name=\"twitter:data1\" content=\"3 minutes\" \/>\n<script type=\"application\/ld+json\" class=\"yoast-schema-graph\">{\"@context\":\"https:\/\/schema.org\",\"@graph\":[{\"@type\":\"Article\",\"@id\":\"https:\/\/all-car-news.com\/fr\/la-neuvieme-generation-de-volkswagen-passat-est-presque-prete-premiers-details\/#article\",\"isPartOf\":{\"@id\":\"https:\/\/all-car-news.com\/fr\/la-neuvieme-generation-de-volkswagen-passat-est-presque-prete-premiers-details\/\"},\"author\":{\"name\":\"\",\"@id\":\"\"},\"headline\":\"La neuvi\u00e8me g\u00e9n\u00e9ration de Volkswagen Passat est presque pr\u00eate : premiers d\u00e9tails\",\"datePublished\":\"2023-07-13T08:40:13+00:00\",\"dateModified\":\"2023-07-13T08:40:13+00:00\",\"mainEntityOfPage\":{\"@id\":\"https:\/\/all-car-news.com\/fr\/la-neuvieme-generation-de-volkswagen-passat-est-presque-prete-premiers-details\/\"},\"wordCount\":530,\"publisher\":{\"@id\":\"https:\/\/all-car-news.com\/fr\/#organization\"},\"articleSection\":[\"nouvelles de voiture\"],\"inLanguage\":\"fr-FR\"},{\"@type\":\"WebPage\",\"@id\":\"https:\/\/all-car-news.com\/fr\/la-neuvieme-generation-de-volkswagen-passat-est-presque-prete-premiers-details\/\",\"url\":\"https:\/\/all-car-news.com\/fr\/la-neuvieme-generation-de-volkswagen-passat-est-presque-prete-premiers-details\/\",\"name\":\"La neuvi\u00e8me g\u00e9n\u00e9ration de Volkswagen Passat est presque pr\u00eate : premiers d\u00e9tails - All cars news\",\"isPartOf\":{\"@id\":\"https:\/\/all-car-news.com\/fr\/#website\"},\"datePublished\":\"2023-07-13T08:40:13+00:00\",\"dateModified\":\"2023-07-13T08:40:13+00:00\",\"breadcrumb\":{\"@id\":\"https:\/\/all-car-news.com\/fr\/la-neuvieme-generation-de-volkswagen-passat-est-presque-prete-premiers-details\/#breadcrumb\"},\"inLanguage\":\"fr-FR\",\"potentialAction\":[{\"@type\":\"ReadAction\",\"target\":[\"https:\/\/all-car-news.com\/fr\/la-neuvieme-generation-de-volkswagen-passat-est-presque-prete-premiers-details\/\"]}]},{\"@type\":\"BreadcrumbList\",\"@id\":\"https:\/\/all-car-news.com\/fr\/la-neuvieme-generation-de-volkswagen-passat-est-presque-prete-premiers-details\/#breadcrumb\",\"itemListElement\":[{\"@type\":\"ListItem\",\"position\":1,\"name\":\"Home\",\"item\":\"https:\/\/all-car-news.com\/fr\/\"},{\"@type\":\"ListItem\",\"position\":2,\"name\":\"La neuvi\u00e8me g\u00e9n\u00e9ration de Volkswagen Passat est presque pr\u00eate : premiers d\u00e9tails\"}]},{\"@type\":\"WebSite\",\"@id\":\"https:\/\/all-car-news.com\/fr\/#website\",\"url\":\"https:\/\/all-car-news.com\/fr\/\",\"name\":\"All cars news\",\"description\":\"\",\"publisher\":{\"@id\":\"https:\/\/all-car-news.com\/fr\/#organization\"},\"potentialAction\":[{\"@type\":\"SearchAction\",\"target\":{\"@type\":\"EntryPoint\",\"urlTemplate\":\"https:\/\/all-car-news.com\/fr\/?s={search_term_string}\"},\"query-input\":\"required name=search_term_string\"}],\"inLanguage\":\"fr-FR\"},{\"@type\":\"Organization\",\"@id\":\"https:\/\/all-car-news.com\/fr\/#organization\",\"name\":\"All cars news\",\"url\":\"https:\/\/all-car-news.com\/fr\/\",\"logo\":{\"@type\":\"ImageObject\",\"inLanguage\":\"fr-FR\",\"@id\":\"https:\/\/all-car-news.com\/fr\/#\/schema\/logo\/image\/\",\"url\":\"https:\/\/all-car-news.com\/wp-content\/uploads\/2022\/02\/CMYK-AllCarNews_LANDSCAPE_300px-1.png\",\"contentUrl\":\"https:\/\/all-car-news.com\/wp-content\/uploads\/2022\/02\/CMYK-AllCarNews_LANDSCAPE_300px-1.png\",\"width\":300,\"height\":100,\"caption\":\"All cars news\"},\"image\":{\"@id\":\"https:\/\/all-car-news.com\/fr\/#\/schema\/logo\/image\/\"}}]}<\/script>\n<!-- \/ Yoast SEO plugin. -->","yoast_head_json":{"title":"La neuvi\u00e8me g\u00e9n\u00e9ration de Volkswagen Passat est presque pr\u00eate : premiers d\u00e9tails - All cars news","robots":{"index":"index","follow":"follow","max-snippet":"max-snippet:-1","max-image-preview":"max-image-preview:large","max-video-preview":"max-video-preview:-1"},"canonical":"https:\/\/all-car-news.com\/fr\/la-neuvieme-generation-de-volkswagen-passat-est-presque-prete-premiers-details\/","og_locale":"fr_FR","og_type":"article","og_title":"La neuvi\u00e8me g\u00e9n\u00e9ration de Volkswagen Passat est presque pr\u00eate : premiers d\u00e9tails - All cars news","og_description":"La Volkswagen Passat, un millionnaire Avec plus de 30 millions d'unit\u00e9s vendues, la Volkswagen Passat est l'un des mod\u00e8les les plus importants de la gamme Volkswagen.&nbsp;Lors du d\u00e9veloppement de la nouvelle Passat Variant, la marque n'a donc pas l\u00e9sin\u00e9 sur les moyens et a exploit\u00e9 tout le potentiel de la nouvelle plateforme MQB Evo. Ce [\u2026]","og_url":"https:\/\/all-car-news.com\/fr\/la-neuvieme-generation-de-volkswagen-passat-est-presque-prete-premiers-details\/","og_site_name":"All cars news","article_published_time":"2023-07-13T08:40:13+00:00","og_image":[{"url":"https:\/\/autorai.nl\/wp-content\/uploads\/2023\/07\/volkswagen-passat-variant-2024-camouflage-foto5.jpg"}],"twitter_card":"summary_large_image","twitter_misc":{"Dur\u00e9e de lecture estim\u00e9e":"3 minutes"},"schema":{"@context":"https:\/\/schema.org","@graph":[{"@type":"Article","@id":"https:\/\/all-car-news.com\/fr\/la-neuvieme-generation-de-volkswagen-passat-est-presque-prete-premiers-details\/#article","isPartOf":{"@id":"https:\/\/all-car-news.com\/fr\/la-neuvieme-generation-de-volkswagen-passat-est-presque-prete-premiers-details\/"},"author":{"name":"","@id":""},"headline":"La neuvi\u00e8me g\u00e9n\u00e9ration de Volkswagen Passat est presque pr\u00eate : premiers d\u00e9tails","datePublished":"2023-07-13T08:40:13+00:00","dateModified":"2023-07-13T08:40:13+00:00","mainEntityOfPage":{"@id":"https:\/\/all-car-news.com\/fr\/la-neuvieme-generation-de-volkswagen-passat-est-presque-prete-premiers-details\/"},"wordCount":530,"publisher":{"@id":"https:\/\/all-car-news.com\/fr\/#organization"},"articleSection":["nouvelles de voiture"],"inLanguage":"fr-FR"},{"@type":"WebPage","@id":"https:\/\/all-car-news.com\/fr\/la-neuvieme-generation-de-volkswagen-passat-est-presque-prete-premiers-details\/","url":"https:\/\/all-car-news.com\/fr\/la-neuvieme-generation-de-volkswagen-passat-est-presque-prete-premiers-details\/","name":"La neuvi\u00e8me g\u00e9n\u00e9ration de Volkswagen Passat est presque pr\u00eate : premiers d\u00e9tails - All cars news","isPartOf":{"@id":"https:\/\/all-car-news.com\/fr\/#website"},"datePublished":"2023-07-13T08:40:13+00:00","dateModified":"2023-07-13T08:40:13+00:00","breadcrumb":{"@id":"https:\/\/all-car-news.com\/fr\/la-neuvieme-generation-de-volkswagen-passat-est-presque-prete-premiers-details\/#breadcrumb"},"inLanguage":"fr-FR","potentialAction":[{"@type":"ReadAction","target":["https:\/\/all-car-news.com\/fr\/la-neuvieme-generation-de-volkswagen-passat-est-presque-prete-premiers-details\/"]}]},{"@type":"BreadcrumbList","@id":"https:\/\/all-car-news.com\/fr\/la-neuvieme-generation-de-volkswagen-passat-est-presque-prete-premiers-details\/#breadcrumb","itemListElement":[{"@type":"ListItem","position":1,"name":"Home","item":"https:\/\/all-car-news.com\/fr\/"},{"@type":"ListItem","position":2,"name":"La neuvi\u00e8me g\u00e9n\u00e9ration de Volkswagen Passat est presque pr\u00eate : premiers d\u00e9tails"}]},{"@type":"WebSite","@id":"https:\/\/all-car-news.com\/fr\/#website","url":"https:\/\/all-car-news.com\/fr\/","name":"All cars news","description":"","publisher":{"@id":"https:\/\/all-car-news.com\/fr\/#organization"},"potentialAction":[{"@type":"SearchAction","target":{"@type":"EntryPoint","urlTemplate":"https:\/\/all-car-news.com\/fr\/?s={search_term_string}"},"query-input":"required name=search_term_string"}],"inLanguage":"fr-FR"},{"@type":"Organization","@id":"https:\/\/all-car-news.com\/fr\/#organization","name":"All cars news","url":"https:\/\/all-car-news.com\/fr\/","logo":{"@type":"ImageObject","inLanguage":"fr-FR","@id":"https:\/\/all-car-news.com\/fr\/#\/schema\/logo\/image\/","url":"https:\/\/all-car-news.com\/wp-content\/uploads\/2022\/02\/CMYK-AllCarNews_LANDSCAPE_300px-1.png","contentUrl":"https:\/\/all-car-news.com\/wp-content\/uploads\/2022\/02\/CMYK-AllCarNews_LANDSCAPE_300px-1.png","width":300,"height":100,"caption":"All cars news"},"image":{"@id":"https:\/\/all-car-news.com\/fr\/#\/schema\/logo\/image\/"}}]}},"_links":{"self":[{"href":"https:\/\/all-car-news.com\/fr\/wp-json\/wp\/v2\/posts\/137119","targetHints":{"allow":["GET"]}}],"collection":[{"href":"https:\/\/all-car-news.com\/fr\/wp-json\/wp\/v2\/posts"}],"about":[{"href":"https:\/\/all-car-news.com\/fr\/wp-json\/wp\/v2\/types\/post"}],"replies":[{"embeddable":true,"href":"https:\/\/all-car-news.com\/fr\/wp-json\/wp\/v2\/comments?post=137119"}],"version-history":[{"count":0,"href":"https:\/\/all-car-news.com\/fr\/wp-json\/wp\/v2\/posts\/137119\/revisions"}],"wp:featuredmedia":[{"embeddable":true,"href":"https:\/\/all-car-news.com\/fr\/wp-json\/wp\/v2\/media\/137115"}],"wp:attachment":[{"href":"https:\/\/all-car-news.com\/fr\/wp-json\/wp\/v2\/media?parent=137119"}],"wp:term":[{"taxonomy":"category","embeddable":true,"href":"https:\/\/all-car-news.com\/fr\/wp-json\/wp\/v2\/categories?post=137119"},{"taxonomy":"post_tag","embeddable":true,"href":"https:\/\/all-car-news.com\/fr\/wp-json\/wp\/v2\/tags?post=137119"}],"curies":[{"name":"wp","href":"https:\/\/api.w.org\/{rel}","templated":true}]}}