{"id":137088,"date":"2023-07-10T14:35:39","date_gmt":"2023-07-10T14:35:39","guid":{"rendered":"https:\/\/all-car-news.com\/volvo-ex90-beaucoup-moins-cher-comment-est-ce-possible\/"},"modified":"2023-07-10T14:35:39","modified_gmt":"2023-07-10T14:35:39","slug":"volvo-ex90-beaucoup-moins-cher-comment-est-ce-possible","status":"publish","type":"post","link":"https:\/\/all-car-news.com\/fr\/volvo-ex90-beaucoup-moins-cher-comment-est-ce-possible\/","title":{"rendered":"Volvo EX90 beaucoup moins cher, comment est-ce possible ?"},"content":{"rendered":"<h2>Volvo EX90 Moteur simple  <\/h2>\n<p>Le moteur unique fait ses d\u00e9buts dans le Volvo EX90 et sera disponible pour les versions Core et Plus. Le Single Motor est \u00e9quip\u00e9 d&rsquo;un moteur \u00e9lectrique sur l&rsquo;essieu arri\u00e8re. La puissance du moteur unique est de 208 kW\/279 ch avec un couple de 490 Nm. La capacit\u00e9 de la batterie est de 104 kWh. La consommation attendue est de 19,9 kWh\/100 km avec une autonomie pouvant atteindre 580 km (WLTP). Le Single Motor a un poids de remorquage frein\u00e9 de 1 200 kg. Les variantes \u00e0 deux moteurs peuvent tracter jusqu&rsquo;\u00e0 2 200 kg.<\/p>\n<h2>Ext\u00e9rieur Volvo EX90<\/h2>\n<p>L&rsquo;ext\u00e9rieur du Core diff\u00e8re de celui des versions Plus et Ultra. Le dessous des pare-chocs avant et arri\u00e8re, les seuils et le diffuseur sont de couleur anthracite mat au lieu du noir brillant des mod\u00e8les Plus et Ultra. En revanche, le contour des vitres, les coques de r\u00e9troviseurs, le dessous de la calandre, le couvercle du lidar et la garniture du hayon sont en noir brillant. En outre, les barres de toit int\u00e9gr\u00e9es de la Core sont noires mates au lieu d&rsquo;\u00eatre noires brillantes sur les mod\u00e8les Plus et Ultra.<\/p>\n<p>Les mod\u00e8les Core et Plus sont \u00e9quip\u00e9s de s\u00e9rie de jantes Aero de 20 pouces \u00e0 5 branches et le mod\u00e8le Ultra de jantes Aero de 21 pouces \u00e0 8 branches. Les jantes de 21 pouces sont toutefois disponibles en option pour les mod\u00e8les Core et Plus. Des jantes Aero de 22 pouces \u00e0 5 branches sont \u00e9galement disponibles en option pour les mod\u00e8les Plus et Ultra. Des couleurs ext\u00e9rieures sont disponibles pour chaque variante, la couleur standard \u00e9tant toujours le gris vapeur m\u00e9tallis\u00e9. En outre, une nouvelle couleur ext\u00e9rieure, le rouge m\u00fbrier m\u00e9tallis\u00e9, a \u00e9t\u00e9 ajout\u00e9e.<\/p>\n<figure class=\"wp-block-image size-content\"><img decoding=\"async\" loading=\"lazy\" width=\"1140\" height=\"855\" src=\"https:\/\/autorai.nl\/wp-content\/uploads\/2023\/07\/volvo-ex90-2023-basis-foto1-1140x855.jpg\" alt=\"\" class=\"wp-image-162364\"><figcaption>Int\u00e9rieur du Volvo EX90<\/figcaption><\/figure>\n<h2>Int\u00e9rieur<\/h2>\n<p>Le Volvo EX90 est \u00e9quip\u00e9 de s\u00e9rie de sept si\u00e8ges et d&rsquo;un toit panoramique. L&rsquo;int\u00e9rieur du Core est \u00e9quip\u00e9 d&rsquo;une sellerie Nordico de couleur anthracite, de deux supports lombaires \u00e0 r\u00e9glage \u00e9lectrique et d&rsquo;une incrustation \u00ab\u00a0Dark Matter\u00a0\u00bb dans l&rsquo;habitacle. Dans la version Plus, les supports lombaires sont r\u00e9glables \u00e9lectriquement dans quatre directions et il y a une incrustation en bois de bouleau avec r\u00e9tro\u00e9clairage. La colonne de direction du Volvo EX90 Core est r\u00e9glable manuellement. Les versions Plus et Ultra sont dot\u00e9es d&rsquo;une colonne de direction \u00e0 r\u00e9glage \u00e9lectrique.  <\/p>\n<h2>LED SunLike<\/h2>\n<p>Dans le nouveau Volvo EX90, l&rsquo;int\u00e9rieur de la voiture est \u00e9clair\u00e9 en \u00e9mulant la lumi\u00e8re du soleil gr\u00e2ce \u00e0 un ensemble complet de LED SunLike. Le Core est \u00e9quip\u00e9 du Lighting Pack 1, le Plus et l&rsquo;Ultra du Lighting Pack 2, qui ajoute des surfaces de porte \u00e9clair\u00e9es et des feux d&#8217;embarquement.<\/p>\n<p>L&rsquo;\u00e9cran tactile de 14,5 pouces et l&rsquo;\u00e9cran conducteur de 9 pouces avec Apple CarPlay sans fil sont \u00e9galement de s\u00e9rie. \u00c0 partir du mod\u00e8le Plus, l&rsquo;EX90 est \u00e9quip\u00e9 d&rsquo;un affichage t\u00eate haute graphique. Le Core est \u00e9quip\u00e9 de s\u00e9rie d&rsquo;un syst\u00e8me audio haute performance avec un amplificateur de 325 W et 10 haut-parleurs haute performance. Les mod\u00e8les Plus et Ultra sont \u00e9quip\u00e9s du syst\u00e8me audio Bose Premium Sound System d&rsquo;une puissance de 940 W et de 14 haut-parleurs. Le syst\u00e8me audio hi-fi Bowers &amp; Wilkins est disponible en option \u00e0 partir de Plus.<\/p>\n<div class=\"galery shuffle galery-0\">\n<figure>\n\t\t\t\t\t<span style=\"cursor: pointer\" data-src=\"https:\/\/autorai.nl\/wp-content\/uploads\/2023\/07\/volvo-ex90-2023-basis-foto5-1600x1200.jpg\" data-fancybox=\"galery-0\" title=\"L'ext\u00e9rieur du Volvo EX90\"><br \/>\n\t\t\t\t\t\t\t<img decoding=\"async\" width=\"640\" height=\"480\" src=\"https:\/\/autorai.nl\/wp-content\/uploads\/2023\/07\/volvo-ex90-2023-basis-foto5-640x480.jpg\" class=\"attachment-medium size-medium\" alt=\"\" loading=\"lazy\"><i class=\"fa fa-search-plus\" aria-hidden=\"true\"><\/i><br \/>\n\t\t\t\t\t\t<\/span><br \/>\n\t\t\t\t\t<\/figure>\n<figure>\n\t\t\t\t\t<span style=\"cursor: pointer\" data-src=\"https:\/\/autorai.nl\/wp-content\/uploads\/2023\/07\/volvo-ex90-2023-basis-foto4-1600x1200.jpg\" data-fancybox=\"galery-0\" title=\"L'ext\u00e9rieur du Volvo EX90\"><br \/>\n\t\t\t\t\t\t\t<img decoding=\"async\" width=\"360\" height=\"270\" src=\"https:\/\/autorai.nl\/wp-content\/uploads\/2023\/07\/volvo-ex90-2023-basis-foto4-360x270.jpg\" class=\"attachment-small size-small\" alt=\"\" loading=\"lazy\"><i class=\"fa fa-search-plus\" aria-hidden=\"true\"><\/i><br \/>\n\t\t\t\t\t\t<\/span><br \/>\n\t\t\t\t\t<\/figure>\n<figure>\n\t\t\t\t\t<span style=\"cursor: pointer\" data-src=\"https:\/\/autorai.nl\/wp-content\/uploads\/2023\/07\/volvo-ex90-2023-basis-foto2-1600x1200.jpg\" data-fancybox=\"galery-0\" title=\"L'ext\u00e9rieur du Volvo EX90\"><br \/>\n\t\t\t\t\t\t\t<img decoding=\"async\" width=\"360\" height=\"270\" src=\"https:\/\/autorai.nl\/wp-content\/uploads\/2023\/07\/volvo-ex90-2023-basis-foto2-360x270.jpg\" class=\"attachment-small size-small\" alt=\"\" loading=\"lazy\"><i class=\"fa fa-search-plus\" aria-hidden=\"true\"><\/i><br \/>\n\t\t\t\t\t\t<\/span><br \/>\n\t\t\t\t\t<\/figure>\n<div class=\"clear\"><\/div>\n<\/div>\n<h2>S\u00e9curit\u00e9<strong><em> <\/em><\/strong><\/h2>\n<p>Le syst\u00e8me d&rsquo;aide \u00e0 la conduite, les cam\u00e9ras et le lidar sont de s\u00e9rie sur les versions Core et Plus. L&rsquo;Ultra est \u00e9quip\u00e9 de s\u00e9rie de l&rsquo;aide visuelle au stationnement avec cam\u00e9ras \u00e0 360\u00b0. Cette fonctionnalit\u00e9 est disponible en option pour le Plus. La cam\u00e9ra de recul peut \u00e9galement \u00eatre commut\u00e9e sur une vue zoom\u00e9e \u00e0 proximit\u00e9 de la voiture, ce qui peut s&rsquo;av\u00e9rer utile lors de l&rsquo;attelage d&rsquo;une remorque.<\/p>\n<p>Les Volvo EX90 Core, Plus et Ultra continuent de d\u00e9finir les normes de s\u00e9curit\u00e9 les plus \u00e9lev\u00e9es. L&rsquo;arriv\u00e9e des nouvelles variantes Core et Plus rend \u00e9galement le fleuron \u00e9lectrique de Volvo plus accessible \u00e0 un public plus large. Les variantes, ainsi que l&rsquo;arriv\u00e9e de la nouvelle transmission \u00e0 moteur unique, r\u00e9pondent aux diff\u00e9rents besoins des clients.<\/p>\n<h2>Liste de prix Volvo EX90<\/h2>\n<\/p>\n<figure class=\"wp-block-table\">\n<table>\n<tbody>\n<tr>\n<td><strong>&nbsp;<\/strong><\/td>\n<td>\n  <strong><br \/>\n    <u>Noyau<\/u><br \/>\n  <\/strong>\n<\/td>\n<td>\n  <strong>Plus<\/strong>\n<\/td>\n<td>\n  <strong>Plus<\/strong>\n<\/td>\n<\/tr>\n<tr>\n<td>EX90 Moteur simple<\/td>\n<td>\u20ac 83.495<\/td>\n<td>\u20ac 87.995<\/td>\n<td>\n  <strong><br \/>\n    &nbsp;<br \/>\n  <\/strong>\n<\/td>\n<\/tr>\n<tr>\n<td>EX90 Twin Engine<\/td>\n<td>\u20ac 88.995<\/td>\n<td>\u20ac 93.495<\/td>\n<td>\u20ac 99.195<\/td>\n<\/tr>\n<tr>\n<td>EX90 Twin Motor Performance<\/td>\n<td>\n  <strong><br \/>\n    &nbsp;<br \/>\n  <\/strong>\n<\/td>\n<td>\u20ac 98.495<\/td>\n<td>\u20ac 104.195<\/td>\n<\/tr>\n<\/tbody>\n<\/table>\n<\/figure>\n<p>Tarifs mensuels Care by Volvo (48 mois\/10 000 km pour Fixed et 3 mois pour Flex)<\/p>\n<figure class=\"wp-block-table\">\n<table>\n<tbody>\n<tr>\n<td><strong>&nbsp;<\/strong><\/td>\n<td>\n  <strong>Fixe<\/strong>\n<\/td>\n<td>\n  <strong>Flexibles<\/strong>\n<\/td>\n<\/tr>\n<tr>\n<td>EX90 Noyau moteur simple<\/td>\n<td>\u20ac 1.249<\/td>\n<td>\u20ac 1.379<\/td>\n<\/tr>\n<tr>\n<td>EX90 Single Motor Plus<\/td>\n<td>\u20ac 1.319<\/td>\n<td>\u20ac 1.449<\/td>\n<\/tr>\n<tr>\n<td>EX90 Twin Motor Core<\/td>\n<td>\u20ac 1.329<\/td>\n<td>\u20ac 1.459<\/td>\n<\/tr>\n<tr>\n<td>EX90 Twin Motor Plus<\/td>\n<td>\u20ac 1.399<\/td>\n<td>\u20ac 1.529<\/td>\n<\/tr>\n<tr>\n<td>EX90 Twin Motor Ultra<\/td>\n<td>\u20ac 1.489<\/td>\n<td>\u20ac 1.619<\/td>\n<\/tr>\n<tr>\n<td>EX90 Twin Motor Performance Plus<\/td>\n<td>\u20ac 1.459<\/td>\n<td>\u20ac 1.589<\/td>\n<\/tr>\n<tr>\n<td>EX90 Twin Motor Performance Ultra&nbsp;&nbsp;&nbsp;&nbsp;&nbsp;<\/td>\n<td>\u20ac 1.549<\/td>\n<td>\u20ac 1.679<\/td>\n<\/tr>\n<\/tbody>\n<\/table>\n<\/figure>\n","protected":false},"excerpt":{"rendered":"Volvo EX90 Single Motor Le Single Motor fait ses d\u00e9buts dans le Volvo EX90 et est disponible pour les variantes\u2026","protected":false},"author":0,"featured_media":137055,"comment_status":"","ping_status":"open","sticky":false,"template":"","format":"standard","meta":{"footnotes":""},"categories":[127],"tags":[],"class_list":["post-137088","post","type-post","status-publish","format-standard","has-post-thumbnail","hentry","category-nouvelles-de-voiture"],"acf":[],"yoast_head":"<!-- This site is optimized with the Yoast SEO plugin v21.2 - https:\/\/yoast.com\/wordpress\/plugins\/seo\/ -->\n<title>Volvo EX90 beaucoup moins cher, comment est-ce possible ? - All cars news<\/title>\n<meta name=\"robots\" content=\"index, follow, max-snippet:-1, max-image-preview:large, max-video-preview:-1\" \/>\n<link rel=\"canonical\" href=\"https:\/\/all-car-news.com\/fr\/volvo-ex90-beaucoup-moins-cher-comment-est-ce-possible\/\" \/>\n<meta property=\"og:locale\" content=\"fr_FR\" \/>\n<meta property=\"og:type\" content=\"article\" \/>\n<meta property=\"og:title\" content=\"Volvo EX90 beaucoup moins cher, comment est-ce possible ? - All cars news\" \/>\n<meta property=\"og:description\" content=\"Volvo EX90 Single Motor Le Single Motor fait ses d\u00e9buts dans le Volvo EX90 et est disponible pour les variantes Core et Plus. Le Single Motor est \u00e9quip\u00e9 d&#039;un moteur \u00e9lectrique sur l&#039;essieu arri\u00e8re. La puissance du moteur unique est de 208 kW\/279 ch avec un couple de 490 Nm. La capacit\u00e9 de la batterie est de 104 kWh. Ce [\u2026]\" \/>\n<meta property=\"og:url\" content=\"https:\/\/all-car-news.com\/fr\/volvo-ex90-beaucoup-moins-cher-comment-est-ce-possible\/\" \/>\n<meta property=\"og:site_name\" content=\"All cars news\" \/>\n<meta property=\"article:published_time\" content=\"2023-07-10T14:35:39+00:00\" \/>\n<meta property=\"og:image\" content=\"https:\/\/autorai.nl\/wp-content\/uploads\/2023\/07\/volvo-ex90-2023-basis-foto1-1140x855.jpg\" \/>\n<meta name=\"twitter:card\" content=\"summary_large_image\" \/>\n<meta name=\"twitter:label1\" content=\"Dur\u00e9e de lecture estim\u00e9e\" \/>\n\t<meta name=\"twitter:data1\" content=\"4 minutes\" \/>\n<script type=\"application\/ld+json\" class=\"yoast-schema-graph\">{\"@context\":\"https:\/\/schema.org\",\"@graph\":[{\"@type\":\"Article\",\"@id\":\"https:\/\/all-car-news.com\/fr\/volvo-ex90-beaucoup-moins-cher-comment-est-ce-possible\/#article\",\"isPartOf\":{\"@id\":\"https:\/\/all-car-news.com\/fr\/volvo-ex90-beaucoup-moins-cher-comment-est-ce-possible\/\"},\"author\":{\"name\":\"\",\"@id\":\"\"},\"headline\":\"Volvo EX90 beaucoup moins cher, comment est-ce possible ?\",\"datePublished\":\"2023-07-10T14:35:39+00:00\",\"dateModified\":\"2023-07-10T14:35:39+00:00\",\"mainEntityOfPage\":{\"@id\":\"https:\/\/all-car-news.com\/fr\/volvo-ex90-beaucoup-moins-cher-comment-est-ce-possible\/\"},\"wordCount\":766,\"publisher\":{\"@id\":\"https:\/\/all-car-news.com\/fr\/#organization\"},\"articleSection\":[\"nouvelles de voiture\"],\"inLanguage\":\"fr-FR\"},{\"@type\":\"WebPage\",\"@id\":\"https:\/\/all-car-news.com\/fr\/volvo-ex90-beaucoup-moins-cher-comment-est-ce-possible\/\",\"url\":\"https:\/\/all-car-news.com\/fr\/volvo-ex90-beaucoup-moins-cher-comment-est-ce-possible\/\",\"name\":\"Volvo EX90 beaucoup moins cher, comment est-ce possible ? - All cars news\",\"isPartOf\":{\"@id\":\"https:\/\/all-car-news.com\/fr\/#website\"},\"datePublished\":\"2023-07-10T14:35:39+00:00\",\"dateModified\":\"2023-07-10T14:35:39+00:00\",\"breadcrumb\":{\"@id\":\"https:\/\/all-car-news.com\/fr\/volvo-ex90-beaucoup-moins-cher-comment-est-ce-possible\/#breadcrumb\"},\"inLanguage\":\"fr-FR\",\"potentialAction\":[{\"@type\":\"ReadAction\",\"target\":[\"https:\/\/all-car-news.com\/fr\/volvo-ex90-beaucoup-moins-cher-comment-est-ce-possible\/\"]}]},{\"@type\":\"BreadcrumbList\",\"@id\":\"https:\/\/all-car-news.com\/fr\/volvo-ex90-beaucoup-moins-cher-comment-est-ce-possible\/#breadcrumb\",\"itemListElement\":[{\"@type\":\"ListItem\",\"position\":1,\"name\":\"Home\",\"item\":\"https:\/\/all-car-news.com\/fr\/\"},{\"@type\":\"ListItem\",\"position\":2,\"name\":\"Volvo EX90 beaucoup moins cher, comment est-ce possible ?\"}]},{\"@type\":\"WebSite\",\"@id\":\"https:\/\/all-car-news.com\/fr\/#website\",\"url\":\"https:\/\/all-car-news.com\/fr\/\",\"name\":\"All cars news\",\"description\":\"\",\"publisher\":{\"@id\":\"https:\/\/all-car-news.com\/fr\/#organization\"},\"potentialAction\":[{\"@type\":\"SearchAction\",\"target\":{\"@type\":\"EntryPoint\",\"urlTemplate\":\"https:\/\/all-car-news.com\/fr\/?s={search_term_string}\"},\"query-input\":\"required name=search_term_string\"}],\"inLanguage\":\"fr-FR\"},{\"@type\":\"Organization\",\"@id\":\"https:\/\/all-car-news.com\/fr\/#organization\",\"name\":\"All cars news\",\"url\":\"https:\/\/all-car-news.com\/fr\/\",\"logo\":{\"@type\":\"ImageObject\",\"inLanguage\":\"fr-FR\",\"@id\":\"https:\/\/all-car-news.com\/fr\/#\/schema\/logo\/image\/\",\"url\":\"https:\/\/all-car-news.com\/wp-content\/uploads\/2022\/02\/CMYK-AllCarNews_LANDSCAPE_300px-1.png\",\"contentUrl\":\"https:\/\/all-car-news.com\/wp-content\/uploads\/2022\/02\/CMYK-AllCarNews_LANDSCAPE_300px-1.png\",\"width\":300,\"height\":100,\"caption\":\"All cars news\"},\"image\":{\"@id\":\"https:\/\/all-car-news.com\/fr\/#\/schema\/logo\/image\/\"}}]}<\/script>\n<!-- \/ Yoast SEO plugin. -->","yoast_head_json":{"title":"Volvo EX90 beaucoup moins cher, comment est-ce possible ? - All cars news","robots":{"index":"index","follow":"follow","max-snippet":"max-snippet:-1","max-image-preview":"max-image-preview:large","max-video-preview":"max-video-preview:-1"},"canonical":"https:\/\/all-car-news.com\/fr\/volvo-ex90-beaucoup-moins-cher-comment-est-ce-possible\/","og_locale":"fr_FR","og_type":"article","og_title":"Volvo EX90 beaucoup moins cher, comment est-ce possible ? - All cars news","og_description":"Volvo EX90 Single Motor Le Single Motor fait ses d\u00e9buts dans le Volvo EX90 et est disponible pour les variantes Core et Plus. Le Single Motor est \u00e9quip\u00e9 d'un moteur \u00e9lectrique sur l'essieu arri\u00e8re. La puissance du moteur unique est de 208 kW\/279 ch avec un couple de 490 Nm. La capacit\u00e9 de la batterie est de 104 kWh. Ce [\u2026]","og_url":"https:\/\/all-car-news.com\/fr\/volvo-ex90-beaucoup-moins-cher-comment-est-ce-possible\/","og_site_name":"All cars news","article_published_time":"2023-07-10T14:35:39+00:00","og_image":[{"url":"https:\/\/autorai.nl\/wp-content\/uploads\/2023\/07\/volvo-ex90-2023-basis-foto1-1140x855.jpg"}],"twitter_card":"summary_large_image","twitter_misc":{"Dur\u00e9e de lecture estim\u00e9e":"4 minutes"},"schema":{"@context":"https:\/\/schema.org","@graph":[{"@type":"Article","@id":"https:\/\/all-car-news.com\/fr\/volvo-ex90-beaucoup-moins-cher-comment-est-ce-possible\/#article","isPartOf":{"@id":"https:\/\/all-car-news.com\/fr\/volvo-ex90-beaucoup-moins-cher-comment-est-ce-possible\/"},"author":{"name":"","@id":""},"headline":"Volvo EX90 beaucoup moins cher, comment est-ce possible ?","datePublished":"2023-07-10T14:35:39+00:00","dateModified":"2023-07-10T14:35:39+00:00","mainEntityOfPage":{"@id":"https:\/\/all-car-news.com\/fr\/volvo-ex90-beaucoup-moins-cher-comment-est-ce-possible\/"},"wordCount":766,"publisher":{"@id":"https:\/\/all-car-news.com\/fr\/#organization"},"articleSection":["nouvelles de voiture"],"inLanguage":"fr-FR"},{"@type":"WebPage","@id":"https:\/\/all-car-news.com\/fr\/volvo-ex90-beaucoup-moins-cher-comment-est-ce-possible\/","url":"https:\/\/all-car-news.com\/fr\/volvo-ex90-beaucoup-moins-cher-comment-est-ce-possible\/","name":"Volvo EX90 beaucoup moins cher, comment est-ce possible ? - All cars news","isPartOf":{"@id":"https:\/\/all-car-news.com\/fr\/#website"},"datePublished":"2023-07-10T14:35:39+00:00","dateModified":"2023-07-10T14:35:39+00:00","breadcrumb":{"@id":"https:\/\/all-car-news.com\/fr\/volvo-ex90-beaucoup-moins-cher-comment-est-ce-possible\/#breadcrumb"},"inLanguage":"fr-FR","potentialAction":[{"@type":"ReadAction","target":["https:\/\/all-car-news.com\/fr\/volvo-ex90-beaucoup-moins-cher-comment-est-ce-possible\/"]}]},{"@type":"BreadcrumbList","@id":"https:\/\/all-car-news.com\/fr\/volvo-ex90-beaucoup-moins-cher-comment-est-ce-possible\/#breadcrumb","itemListElement":[{"@type":"ListItem","position":1,"name":"Home","item":"https:\/\/all-car-news.com\/fr\/"},{"@type":"ListItem","position":2,"name":"Volvo EX90 beaucoup moins cher, comment est-ce possible ?"}]},{"@type":"WebSite","@id":"https:\/\/all-car-news.com\/fr\/#website","url":"https:\/\/all-car-news.com\/fr\/","name":"All cars news","description":"","publisher":{"@id":"https:\/\/all-car-news.com\/fr\/#organization"},"potentialAction":[{"@type":"SearchAction","target":{"@type":"EntryPoint","urlTemplate":"https:\/\/all-car-news.com\/fr\/?s={search_term_string}"},"query-input":"required name=search_term_string"}],"inLanguage":"fr-FR"},{"@type":"Organization","@id":"https:\/\/all-car-news.com\/fr\/#organization","name":"All cars news","url":"https:\/\/all-car-news.com\/fr\/","logo":{"@type":"ImageObject","inLanguage":"fr-FR","@id":"https:\/\/all-car-news.com\/fr\/#\/schema\/logo\/image\/","url":"https:\/\/all-car-news.com\/wp-content\/uploads\/2022\/02\/CMYK-AllCarNews_LANDSCAPE_300px-1.png","contentUrl":"https:\/\/all-car-news.com\/wp-content\/uploads\/2022\/02\/CMYK-AllCarNews_LANDSCAPE_300px-1.png","width":300,"height":100,"caption":"All cars news"},"image":{"@id":"https:\/\/all-car-news.com\/fr\/#\/schema\/logo\/image\/"}}]}},"_links":{"self":[{"href":"https:\/\/all-car-news.com\/fr\/wp-json\/wp\/v2\/posts\/137088","targetHints":{"allow":["GET"]}}],"collection":[{"href":"https:\/\/all-car-news.com\/fr\/wp-json\/wp\/v2\/posts"}],"about":[{"href":"https:\/\/all-car-news.com\/fr\/wp-json\/wp\/v2\/types\/post"}],"replies":[{"embeddable":true,"href":"https:\/\/all-car-news.com\/fr\/wp-json\/wp\/v2\/comments?post=137088"}],"version-history":[{"count":0,"href":"https:\/\/all-car-news.com\/fr\/wp-json\/wp\/v2\/posts\/137088\/revisions"}],"wp:featuredmedia":[{"embeddable":true,"href":"https:\/\/all-car-news.com\/fr\/wp-json\/wp\/v2\/media\/137055"}],"wp:attachment":[{"href":"https:\/\/all-car-news.com\/fr\/wp-json\/wp\/v2\/media?parent=137088"}],"wp:term":[{"taxonomy":"category","embeddable":true,"href":"https:\/\/all-car-news.com\/fr\/wp-json\/wp\/v2\/categories?post=137088"},{"taxonomy":"post_tag","embeddable":true,"href":"https:\/\/all-car-news.com\/fr\/wp-json\/wp\/v2\/tags?post=137088"}],"curies":[{"name":"wp","href":"https:\/\/api.w.org\/{rel}","templated":true}]}}