{"id":137043,"date":"2023-07-07T15:25:00","date_gmt":"2023-07-07T15:25:00","guid":{"rendered":"https:\/\/all-car-news.com\/reperee-une-nissan-altima\/"},"modified":"2023-07-07T15:25:00","modified_gmt":"2023-07-07T15:25:00","slug":"reperee-une-nissan-altima","status":"publish","type":"post","link":"https:\/\/all-car-news.com\/fr\/reperee-une-nissan-altima\/","title":{"rendered":"Rep\u00e9r\u00e9e : une Nissan Altima"},"content":{"rendered":"<h2><strong>Entre le segment C et le segment D<\/strong><\/h2>\n<p>\u00c0 l&rsquo;\u00e9chelle internationale, la gamme de mod\u00e8les de Nissan est beaucoup plus \u00e9tendue qu&rsquo;en Europe. Ainsi, la marque propose \u00e9galement un mod\u00e8le de berline dans presque tous les segments. La Nissan Altima, par exemple. Elle se situe entre la Sentra et la Maxima. La premi\u00e8re peut \u00eatre consid\u00e9r\u00e9e comme une berline du segment C, tandis que la Maxima se situe dans le segment D sup\u00e9rieur. L&rsquo;Altima se situe un peu entre les deux, disons dans le segment D inf\u00e9rieur. Il s&rsquo;agit en fait d&rsquo;un positionnement que nous ne connaissons pas vraiment ici : la taille d&rsquo;un segment D, mais avec l&rsquo;\u00e9quipement et le prix du segment C.<\/p>\n<div class=\"galery galery-0\">\n<figure>\n\t\t\t\t\t<span style=\"cursor: pointer\" data-src=\"https:\/\/autorai.nl\/wp-content\/uploads\/2023\/07\/Nissan-Altima-1-1600x1200.jpg\" data-fancybox=\"galery-0\" title=\"\"><br \/>\n\t\t\t\t\t\t\t<img decoding=\"async\" width=\"360\" height=\"270\" src=\"https:\/\/autorai.nl\/wp-content\/uploads\/2023\/07\/Nissan-Altima-1-360x270.jpg\" class=\"attachment-small size-small\" alt=\"\" loading=\"lazy\"><i class=\"fa fa-search-plus\" aria-hidden=\"true\"><\/i><br \/>\n\t\t\t\t\t\t<\/span><br \/>\n\t\t\t\t\t<\/figure>\n<figure>\n\t\t\t\t\t<span style=\"cursor: pointer\" data-src=\"https:\/\/autorai.nl\/wp-content\/uploads\/2023\/07\/Nissan-Altima-2-1600x1200.jpg\" data-fancybox=\"galery-0\" title=\"\"><br \/>\n\t\t\t\t\t\t\t<img decoding=\"async\" width=\"360\" height=\"270\" src=\"https:\/\/autorai.nl\/wp-content\/uploads\/2023\/07\/Nissan-Altima-2-360x270.jpg\" class=\"attachment-small size-small\" alt=\"\" loading=\"lazy\"><i class=\"fa fa-search-plus\" aria-hidden=\"true\"><\/i><br \/>\n\t\t\t\t\t\t<\/span><br \/>\n\t\t\t\t\t<\/figure>\n<div class=\"clear\"><\/div>\n<\/div>\n<h2><strong>La Nissan Altima a grandi<\/strong><\/h2>\n<p>La Nissan Altima de premi\u00e8re g\u00e9n\u00e9ration. Pour le march\u00e9 nord-am\u00e9ricain, entre autres, il s&rsquo;agissait du successeur de la Bluebird\/Stanza, une ligne de mod\u00e8les que nous avions encore en Europe. Au fil des ans, la voiture a gagn\u00e9 en luxe, en taille et en apparence. La sixi\u00e8me g\u00e9n\u00e9ration que nous voyons ici \u00e9tait plus que jamais une alternative abordable \u00e0 la Maxima et est tr\u00e8s similaire \u00e0 sa grande s\u0153ur.<\/p>\n<p>En effet, si vous ne rencontrez pas ces deux mod\u00e8les tous les jours, surtout vus de l&rsquo;arri\u00e8re, vous devez vraiment regarder de pr\u00e8s lequel des deux vous avez devant vous. Les deux mod\u00e8les ont \u00e9galement atteint presque la m\u00eame taille : ils mesurent presque exactement 4,9 m\u00e8tres de long et l&#8217;empattement de la Maxima est m\u00eame inf\u00e9rieur de quelques centim\u00e8tres \u00e0 celui de l&rsquo;Altima.<\/p>\n<div class=\"galery galery-1\">\n<figure>\n\t\t\t\t\t<span style=\"cursor: pointer\" data-src=\"https:\/\/autorai.nl\/wp-content\/uploads\/2023\/07\/Nissan-Altima-3-1600x1200.jpg\" data-fancybox=\"galery-1\" title=\"\"><br \/>\n\t\t\t\t\t\t\t<img decoding=\"async\" width=\"360\" height=\"270\" src=\"https:\/\/autorai.nl\/wp-content\/uploads\/2023\/07\/Nissan-Altima-3-360x270.jpg\" class=\"attachment-small size-small\" alt=\"\" loading=\"lazy\"><i class=\"fa fa-search-plus\" aria-hidden=\"true\"><\/i><br \/>\n\t\t\t\t\t\t<\/span><br \/>\n\t\t\t\t\t<\/figure>\n<figure>\n\t\t\t\t\t<span style=\"cursor: pointer\" data-src=\"https:\/\/autorai.nl\/wp-content\/uploads\/2023\/07\/Nissan-Altima-4-1600x1200.jpg\" data-fancybox=\"galery-1\" title=\"\"><br \/>\n\t\t\t\t\t\t\t<img decoding=\"async\" width=\"360\" height=\"270\" src=\"https:\/\/autorai.nl\/wp-content\/uploads\/2023\/07\/Nissan-Altima-4-360x270.jpg\" class=\"attachment-small size-small\" alt=\"\" loading=\"lazy\"><i class=\"fa fa-search-plus\" aria-hidden=\"true\"><\/i><br \/>\n\t\t\t\t\t\t<\/span><br \/>\n\t\t\t\t\t<\/figure>\n<figure>\n\t\t\t\t\t<span style=\"cursor: pointer\" data-src=\"https:\/\/autorai.nl\/wp-content\/uploads\/2023\/07\/Nissan-Maxima-1-1600x1200.jpg\" data-fancybox=\"galery-1\" title=\"\"><br \/>\n\t\t\t\t\t\t\t<img decoding=\"async\" width=\"360\" height=\"270\" src=\"https:\/\/autorai.nl\/wp-content\/uploads\/2023\/07\/Nissan-Maxima-1-360x270.jpg\" class=\"attachment-small size-small\" alt=\"\" loading=\"lazy\"><i class=\"fa fa-search-plus\" aria-hidden=\"true\"><\/i><br \/>\n\t\t\t\t\t\t<\/span><br \/>\n\t\t\t\t\t<\/figure>\n<figure>\n\t\t\t\t\t<span style=\"cursor: pointer\" data-src=\"https:\/\/autorai.nl\/wp-content\/uploads\/2023\/07\/Nissan-Maxima-2-1600x1200.jpg\" data-fancybox=\"galery-1\" title=\"\"><br \/>\n\t\t\t\t\t\t\t<img decoding=\"async\" width=\"360\" height=\"270\" src=\"https:\/\/autorai.nl\/wp-content\/uploads\/2023\/07\/Nissan-Maxima-2-360x270.jpg\" class=\"attachment-small size-small\" alt=\"\" loading=\"lazy\"><i class=\"fa fa-search-plus\" aria-hidden=\"true\"><\/i><br \/>\n\t\t\t\t\t\t<\/span><br \/>\n\t\t\t\t\t<\/figure>\n<div class=\"clear\"><\/div>\n<\/div>\n<h2><strong>La Nissan Altima doit se contenter de moins<\/strong><\/h2>\n<p>Cependant, il existe encore des distinctions claires entre les deux mod\u00e8les. En termes de luxe suppl\u00e9mentaire \u00e0 bord de la Maxima, mais surtout sous le capot. La Nissan Altima devra d\u00e9sormais se passer de moteur V6. Il existe un choix de quatre cylindres de 2,0 ou 2,5 litres. En revanche, la Maxima est livr\u00e9e (en Am\u00e9rique) exclusivement avec un V6 de 3,5 litres.<\/p>\n<h2><strong>Le sp\u00e9cimen tachet\u00e9<\/strong><\/h2>\n<p>La Nissan Maxima est un mod\u00e8le de berline assez moyen dans les pays o\u00f9 elle est livr\u00e9e, de sorte que peu de gens voudront en importer une en Europe par enthousiasme. C&rsquo;est donc avec une certaine surprise que j&rsquo;ai d\u00e9couvert une Nissan Altima dans le village de Driebruggen, en Hollande m\u00e9ridionale. Il s&rsquo;agit d&rsquo;une Altima de l&rsquo;ann\u00e9e mod\u00e8le 2019, ou de la version pr\u00e9facelift de la g\u00e9n\u00e9ration actuelle. Pour l&rsquo;ann\u00e9e mod\u00e8le 2023, le mod\u00e8le a subi un lifting.<\/p>\n<p>Celui qui a \u00e9t\u00e9 rep\u00e9r\u00e9 porte des plaques d&rsquo;immatriculation ukrainiennes, de la r\u00e9gion de Kiev. Pour autant que nous puissions en juger, la <a href=\"https:\/\/www.nissan.ua\/\" target=\"_blank\" rel=\"noreferrer noopener\">gamme de mod\u00e8les ukrainiens de<\/a> Nissan ne diff\u00e8re pas sensiblement de celle que la marque propose ici, de sorte que la Nissan Altima y est \u00e9galement import\u00e9e en gris. \u00c0 en juger par les r\u00e9sultats, la Nissan Altima semble \u00eatre un mod\u00e8le d&rsquo;importation gris assez populaire en Ukraine. Comme beaucoup d&rsquo;autres voitures en soi ordinaires pour le march\u00e9 am\u00e9ricain.<\/p>\n<div class=\"galery shuffle galery-2\">\n<figure>\n\t\t\t\t\t<span style=\"cursor: pointer\" data-src=\"https:\/\/autorai.nl\/wp-content\/uploads\/2023\/07\/AutoRAI-Gespot-7-juni-Nissan-Altima-1-1600x1200.jpg\" data-fancybox=\"galery-2\" title=\"\"><br \/>\n\t\t\t\t\t\t\t<img decoding=\"async\" width=\"640\" height=\"480\" src=\"https:\/\/autorai.nl\/wp-content\/uploads\/2023\/07\/AutoRAI-Gespot-7-juni-Nissan-Altima-1-640x480.jpg\" class=\"attachment-medium size-medium\" alt=\"\" loading=\"lazy\"><i class=\"fa fa-search-plus\" aria-hidden=\"true\"><\/i><br \/>\n\t\t\t\t\t\t<\/span><br \/>\n\t\t\t\t\t<\/figure>\n<figure>\n\t\t\t\t\t<span style=\"cursor: pointer\" data-src=\"https:\/\/autorai.nl\/wp-content\/uploads\/2023\/07\/AutoRAI-Gespot-7-juni-Nissan-Altima-2-1600x1200.jpg\" data-fancybox=\"galery-2\" title=\"\"><br \/>\n\t\t\t\t\t\t\t<img decoding=\"async\" width=\"360\" height=\"270\" src=\"https:\/\/autorai.nl\/wp-content\/uploads\/2023\/07\/AutoRAI-Gespot-7-juni-Nissan-Altima-2-360x270.jpg\" class=\"attachment-small size-small\" alt=\"\" loading=\"lazy\"><i class=\"fa fa-search-plus\" aria-hidden=\"true\"><\/i><br \/>\n\t\t\t\t\t\t<\/span><br \/>\n\t\t\t\t\t<\/figure>\n<figure>\n\t\t\t\t\t<span style=\"cursor: pointer\" data-src=\"https:\/\/autorai.nl\/wp-content\/uploads\/2023\/07\/AutoRAI-Gespot-7-juni-Nissan-Altima-3-1600x1200.jpg\" data-fancybox=\"galery-2\" title=\"\"><br \/>\n\t\t\t\t\t\t\t<img decoding=\"async\" width=\"360\" height=\"270\" src=\"https:\/\/autorai.nl\/wp-content\/uploads\/2023\/07\/AutoRAI-Gespot-7-juni-Nissan-Altima-3-360x270.jpg\" class=\"attachment-small size-small\" alt=\"\" loading=\"lazy\"><i class=\"fa fa-search-plus\" aria-hidden=\"true\"><\/i><br \/>\n\t\t\t\t\t\t<\/span><br \/>\n\t\t\t\t\t<\/figure>\n<div class=\"clear\"><\/div>\n<\/div>\n","protected":false},"excerpt":{"rendered":"Entre les segments C et D \u00e0 l'international, la gamme de mod\u00e8les de Nissan est beaucoup plus large qu'en Europe.\u2026","protected":false},"author":0,"featured_media":137039,"comment_status":"","ping_status":"open","sticky":false,"template":"","format":"standard","meta":{"footnotes":""},"categories":[177,127],"tags":[],"class_list":["post-137043","post","type-post","status-publish","format-standard","has-post-thumbnail","hentry","category-fun-fr","category-nouvelles-de-voiture"],"acf":[],"yoast_head":"<!-- This site is optimized with the Yoast SEO plugin v21.2 - https:\/\/yoast.com\/wordpress\/plugins\/seo\/ -->\n<title>Rep\u00e9r\u00e9e : une Nissan Altima - All cars news<\/title>\n<meta name=\"robots\" content=\"index, follow, max-snippet:-1, max-image-preview:large, max-video-preview:-1\" \/>\n<link rel=\"canonical\" href=\"https:\/\/all-car-news.com\/fr\/reperee-une-nissan-altima\/\" \/>\n<meta property=\"og:locale\" content=\"fr_FR\" \/>\n<meta property=\"og:type\" content=\"article\" \/>\n<meta property=\"og:title\" content=\"Rep\u00e9r\u00e9e : une Nissan Altima - All cars news\" \/>\n<meta property=\"og:description\" content=\"Entre les segments C et D \u00e0 l&#039;international, la gamme de mod\u00e8les de Nissan est beaucoup plus large qu&#039;en Europe. Ainsi, la marque propose \u00e9galement un mod\u00e8le de berline dans presque tous les segments. La Nissan Altima, par exemple. Elle se situe entre la Sentra et la Maxima. La premi\u00e8re peut \u00eatre consid\u00e9r\u00e9e comme une berline du segment C, la [...]\" \/>\n<meta property=\"og:url\" content=\"https:\/\/all-car-news.com\/fr\/reperee-une-nissan-altima\/\" \/>\n<meta property=\"og:site_name\" content=\"All cars news\" \/>\n<meta property=\"article:published_time\" content=\"2023-07-07T15:25:00+00:00\" \/>\n<meta property=\"og:image\" content=\"https:\/\/autorai.nl\/wp-content\/uploads\/2023\/07\/Nissan-Altima-1-360x270.jpg\" \/>\n<meta name=\"twitter:card\" content=\"summary_large_image\" \/>\n<meta name=\"twitter:label1\" content=\"Dur\u00e9e de lecture estim\u00e9e\" \/>\n\t<meta name=\"twitter:data1\" content=\"3 minutes\" \/>\n<script type=\"application\/ld+json\" class=\"yoast-schema-graph\">{\"@context\":\"https:\/\/schema.org\",\"@graph\":[{\"@type\":\"Article\",\"@id\":\"https:\/\/all-car-news.com\/fr\/reperee-une-nissan-altima\/#article\",\"isPartOf\":{\"@id\":\"https:\/\/all-car-news.com\/fr\/reperee-une-nissan-altima\/\"},\"author\":{\"name\":\"\",\"@id\":\"\"},\"headline\":\"Rep\u00e9r\u00e9e : une Nissan Altima\",\"datePublished\":\"2023-07-07T15:25:00+00:00\",\"dateModified\":\"2023-07-07T15:25:00+00:00\",\"mainEntityOfPage\":{\"@id\":\"https:\/\/all-car-news.com\/fr\/reperee-une-nissan-altima\/\"},\"wordCount\":534,\"publisher\":{\"@id\":\"https:\/\/all-car-news.com\/fr\/#organization\"},\"articleSection\":[\"Fun\",\"nouvelles de voiture\"],\"inLanguage\":\"fr-FR\"},{\"@type\":\"WebPage\",\"@id\":\"https:\/\/all-car-news.com\/fr\/reperee-une-nissan-altima\/\",\"url\":\"https:\/\/all-car-news.com\/fr\/reperee-une-nissan-altima\/\",\"name\":\"Rep\u00e9r\u00e9e : une Nissan Altima - All cars news\",\"isPartOf\":{\"@id\":\"https:\/\/all-car-news.com\/fr\/#website\"},\"datePublished\":\"2023-07-07T15:25:00+00:00\",\"dateModified\":\"2023-07-07T15:25:00+00:00\",\"breadcrumb\":{\"@id\":\"https:\/\/all-car-news.com\/fr\/reperee-une-nissan-altima\/#breadcrumb\"},\"inLanguage\":\"fr-FR\",\"potentialAction\":[{\"@type\":\"ReadAction\",\"target\":[\"https:\/\/all-car-news.com\/fr\/reperee-une-nissan-altima\/\"]}]},{\"@type\":\"BreadcrumbList\",\"@id\":\"https:\/\/all-car-news.com\/fr\/reperee-une-nissan-altima\/#breadcrumb\",\"itemListElement\":[{\"@type\":\"ListItem\",\"position\":1,\"name\":\"Home\",\"item\":\"https:\/\/all-car-news.com\/fr\/\"},{\"@type\":\"ListItem\",\"position\":2,\"name\":\"Rep\u00e9r\u00e9e : une Nissan Altima\"}]},{\"@type\":\"WebSite\",\"@id\":\"https:\/\/all-car-news.com\/fr\/#website\",\"url\":\"https:\/\/all-car-news.com\/fr\/\",\"name\":\"All cars news\",\"description\":\"\",\"publisher\":{\"@id\":\"https:\/\/all-car-news.com\/fr\/#organization\"},\"potentialAction\":[{\"@type\":\"SearchAction\",\"target\":{\"@type\":\"EntryPoint\",\"urlTemplate\":\"https:\/\/all-car-news.com\/fr\/?s={search_term_string}\"},\"query-input\":\"required name=search_term_string\"}],\"inLanguage\":\"fr-FR\"},{\"@type\":\"Organization\",\"@id\":\"https:\/\/all-car-news.com\/fr\/#organization\",\"name\":\"All cars news\",\"url\":\"https:\/\/all-car-news.com\/fr\/\",\"logo\":{\"@type\":\"ImageObject\",\"inLanguage\":\"fr-FR\",\"@id\":\"https:\/\/all-car-news.com\/fr\/#\/schema\/logo\/image\/\",\"url\":\"https:\/\/all-car-news.com\/wp-content\/uploads\/2022\/02\/CMYK-AllCarNews_LANDSCAPE_300px-1.png\",\"contentUrl\":\"https:\/\/all-car-news.com\/wp-content\/uploads\/2022\/02\/CMYK-AllCarNews_LANDSCAPE_300px-1.png\",\"width\":300,\"height\":100,\"caption\":\"All cars news\"},\"image\":{\"@id\":\"https:\/\/all-car-news.com\/fr\/#\/schema\/logo\/image\/\"}}]}<\/script>\n<!-- \/ Yoast SEO plugin. -->","yoast_head_json":{"title":"Rep\u00e9r\u00e9e : une Nissan Altima - All cars news","robots":{"index":"index","follow":"follow","max-snippet":"max-snippet:-1","max-image-preview":"max-image-preview:large","max-video-preview":"max-video-preview:-1"},"canonical":"https:\/\/all-car-news.com\/fr\/reperee-une-nissan-altima\/","og_locale":"fr_FR","og_type":"article","og_title":"Rep\u00e9r\u00e9e : une Nissan Altima - All cars news","og_description":"Entre les segments C et D \u00e0 l'international, la gamme de mod\u00e8les de Nissan est beaucoup plus large qu'en Europe. Ainsi, la marque propose \u00e9galement un mod\u00e8le de berline dans presque tous les segments. La Nissan Altima, par exemple. Elle se situe entre la Sentra et la Maxima. La premi\u00e8re peut \u00eatre consid\u00e9r\u00e9e comme une berline du segment C, la [...]","og_url":"https:\/\/all-car-news.com\/fr\/reperee-une-nissan-altima\/","og_site_name":"All cars news","article_published_time":"2023-07-07T15:25:00+00:00","og_image":[{"url":"https:\/\/autorai.nl\/wp-content\/uploads\/2023\/07\/Nissan-Altima-1-360x270.jpg"}],"twitter_card":"summary_large_image","twitter_misc":{"Dur\u00e9e de lecture estim\u00e9e":"3 minutes"},"schema":{"@context":"https:\/\/schema.org","@graph":[{"@type":"Article","@id":"https:\/\/all-car-news.com\/fr\/reperee-une-nissan-altima\/#article","isPartOf":{"@id":"https:\/\/all-car-news.com\/fr\/reperee-une-nissan-altima\/"},"author":{"name":"","@id":""},"headline":"Rep\u00e9r\u00e9e : une Nissan Altima","datePublished":"2023-07-07T15:25:00+00:00","dateModified":"2023-07-07T15:25:00+00:00","mainEntityOfPage":{"@id":"https:\/\/all-car-news.com\/fr\/reperee-une-nissan-altima\/"},"wordCount":534,"publisher":{"@id":"https:\/\/all-car-news.com\/fr\/#organization"},"articleSection":["Fun","nouvelles de voiture"],"inLanguage":"fr-FR"},{"@type":"WebPage","@id":"https:\/\/all-car-news.com\/fr\/reperee-une-nissan-altima\/","url":"https:\/\/all-car-news.com\/fr\/reperee-une-nissan-altima\/","name":"Rep\u00e9r\u00e9e : une Nissan Altima - All cars news","isPartOf":{"@id":"https:\/\/all-car-news.com\/fr\/#website"},"datePublished":"2023-07-07T15:25:00+00:00","dateModified":"2023-07-07T15:25:00+00:00","breadcrumb":{"@id":"https:\/\/all-car-news.com\/fr\/reperee-une-nissan-altima\/#breadcrumb"},"inLanguage":"fr-FR","potentialAction":[{"@type":"ReadAction","target":["https:\/\/all-car-news.com\/fr\/reperee-une-nissan-altima\/"]}]},{"@type":"BreadcrumbList","@id":"https:\/\/all-car-news.com\/fr\/reperee-une-nissan-altima\/#breadcrumb","itemListElement":[{"@type":"ListItem","position":1,"name":"Home","item":"https:\/\/all-car-news.com\/fr\/"},{"@type":"ListItem","position":2,"name":"Rep\u00e9r\u00e9e : une Nissan Altima"}]},{"@type":"WebSite","@id":"https:\/\/all-car-news.com\/fr\/#website","url":"https:\/\/all-car-news.com\/fr\/","name":"All cars news","description":"","publisher":{"@id":"https:\/\/all-car-news.com\/fr\/#organization"},"potentialAction":[{"@type":"SearchAction","target":{"@type":"EntryPoint","urlTemplate":"https:\/\/all-car-news.com\/fr\/?s={search_term_string}"},"query-input":"required name=search_term_string"}],"inLanguage":"fr-FR"},{"@type":"Organization","@id":"https:\/\/all-car-news.com\/fr\/#organization","name":"All cars news","url":"https:\/\/all-car-news.com\/fr\/","logo":{"@type":"ImageObject","inLanguage":"fr-FR","@id":"https:\/\/all-car-news.com\/fr\/#\/schema\/logo\/image\/","url":"https:\/\/all-car-news.com\/wp-content\/uploads\/2022\/02\/CMYK-AllCarNews_LANDSCAPE_300px-1.png","contentUrl":"https:\/\/all-car-news.com\/wp-content\/uploads\/2022\/02\/CMYK-AllCarNews_LANDSCAPE_300px-1.png","width":300,"height":100,"caption":"All cars news"},"image":{"@id":"https:\/\/all-car-news.com\/fr\/#\/schema\/logo\/image\/"}}]}},"_links":{"self":[{"href":"https:\/\/all-car-news.com\/fr\/wp-json\/wp\/v2\/posts\/137043","targetHints":{"allow":["GET"]}}],"collection":[{"href":"https:\/\/all-car-news.com\/fr\/wp-json\/wp\/v2\/posts"}],"about":[{"href":"https:\/\/all-car-news.com\/fr\/wp-json\/wp\/v2\/types\/post"}],"replies":[{"embeddable":true,"href":"https:\/\/all-car-news.com\/fr\/wp-json\/wp\/v2\/comments?post=137043"}],"version-history":[{"count":0,"href":"https:\/\/all-car-news.com\/fr\/wp-json\/wp\/v2\/posts\/137043\/revisions"}],"wp:featuredmedia":[{"embeddable":true,"href":"https:\/\/all-car-news.com\/fr\/wp-json\/wp\/v2\/media\/137039"}],"wp:attachment":[{"href":"https:\/\/all-car-news.com\/fr\/wp-json\/wp\/v2\/media?parent=137043"}],"wp:term":[{"taxonomy":"category","embeddable":true,"href":"https:\/\/all-car-news.com\/fr\/wp-json\/wp\/v2\/categories?post=137043"},{"taxonomy":"post_tag","embeddable":true,"href":"https:\/\/all-car-news.com\/fr\/wp-json\/wp\/v2\/tags?post=137043"}],"curies":[{"name":"wp","href":"https:\/\/api.w.org\/{rel}","templated":true}]}}