{"id":136889,"date":"2023-06-30T15:59:00","date_gmt":"2023-06-30T15:59:00","guid":{"rendered":"https:\/\/all-car-news.com\/reperee-une-renault-5-gts-de-1988\/"},"modified":"2023-06-30T15:59:00","modified_gmt":"2023-06-30T15:59:00","slug":"reperee-une-renault-5-gts-de-1988","status":"publish","type":"post","link":"https:\/\/all-car-news.com\/fr\/reperee-une-renault-5-gts-de-1988\/","title":{"rendered":"Rep\u00e9r\u00e9e : une Renault 5 GTS de 1988"},"content":{"rendered":"<p>La Renault 5 originale est arriv\u00e9e sur le march\u00e9 en 1972. \u00c0 l&rsquo;\u00e9poque, c&rsquo;\u00e9tait une voiture tout \u00e0 fait r\u00e9volutionnaire. Les voitures \u00e0 hayon existaient d\u00e9j\u00e0, mais pas sous une forme aussi compacte et pratique. Les pare-chocs \u00e9taient \u00e9galement sp\u00e9ciaux. Pas de barres chrom\u00e9es sur la voiture, mais des pi\u00e8ces en plastique joliment int\u00e9gr\u00e9es \u00e0 la carrosserie. \u00c0 propos, saviez-vous que le design d\u00e9sormais embl\u00e9matique de la R5 \u00e9tait \u00e0 l&rsquo;origine un projet de loisir du concepteur ? Malgr\u00e9 son num\u00e9ro de successeur, la R5 n&rsquo;a pas succ\u00e9d\u00e9 \u00e0 la Renault 4, mais a \u00e9t\u00e9 livr\u00e9e \u00e0 c\u00f4t\u00e9 d&rsquo;elle comme une alternative plus luxueuse. La petite Renault a rapidement connu un grand succ\u00e8s et plus de 5,5 millions d&rsquo;unit\u00e9s de ce premier mod\u00e8le ont \u00e9t\u00e9 vendues.<\/p>\n<div class=\"galery galery-0\">\n<figure>\n\t\t\t\t\t<span style=\"cursor: pointer\" data-src=\"https:\/\/autorai.nl\/wp-content\/uploads\/2023\/06\/Renault-5-1-1600x1200.jpg\" data-fancybox=\"galery-0\" title=\"\"><br \/>\n\t\t\t\t\t\t\t<img decoding=\"async\" width=\"360\" height=\"270\" src=\"https:\/\/autorai.nl\/wp-content\/uploads\/2023\/06\/Renault-5-1-360x270.jpg\" class=\"attachment-small size-small\" alt=\"\" loading=\"lazy\"><i class=\"fa fa-search-plus\" aria-hidden=\"true\"><\/i><br \/>\n\t\t\t\t\t\t<\/span><br \/>\n\t\t\t\t\t<\/figure>\n<figure>\n\t\t\t\t\t<span style=\"cursor: pointer\" data-src=\"https:\/\/autorai.nl\/wp-content\/uploads\/2023\/06\/Renault-5-2-1600x1200.jpg\" data-fancybox=\"galery-0\" title=\"\"><br \/>\n\t\t\t\t\t\t\t<img decoding=\"async\" width=\"360\" height=\"270\" src=\"https:\/\/autorai.nl\/wp-content\/uploads\/2023\/06\/Renault-5-2-360x270.jpg\" class=\"attachment-small size-small\" alt=\"\" loading=\"lazy\"><i class=\"fa fa-search-plus\" aria-hidden=\"true\"><\/i><br \/>\n\t\t\t\t\t\t<\/span><br \/>\n\t\t\t\t\t<\/figure>\n<div class=\"clear\"><\/div>\n<\/div>\n<h2><strong>Renault 5 dans toutes les formes et toutes les tailles<\/strong><\/h2>\n<p>L&rsquo;offre du R5 a continu\u00e9 \u00e0 s&rsquo;\u00e9toffer au fil des ans. \u00c0 l&rsquo;origine, la voiture n&rsquo;\u00e9tait disponible qu&rsquo;en version trois portes, mais une variante cinq portes a \u00e9t\u00e9 ajout\u00e9e \u00e0 la gamme en 1979. Sous la forme de la Renault 7, il existait \u00e9galement une version berline \u00e0 quatre portes \u00e0 partir de 1974, mais elle n&rsquo;a \u00e9t\u00e9 vendue que dans un nombre limit\u00e9 de pays. Sous la forme de la Renault LeCar, la R5 a m\u00eame connu une modeste carri\u00e8re am\u00e9ricaine.<\/p>\n<p>Cette voiture \u00e0 hayon, fondamentalement \u00e9conomique et agr\u00e9able \u00e0 conduire, a \u00e9galement constitu\u00e9 une excellente base pour les variantes sportives. Des versions sportives Alpine et Gordini ont vu le jour, mais le summum est la d\u00e9sormais l\u00e9gendaire Renault 5 Turbo, avec sa carrosserie consid\u00e9rablement \u00e9largie et son moteur central \u00e0 la place des si\u00e8ges arri\u00e8re. La Turbo \u00e9tait un mod\u00e8le d&rsquo;homologation pour le rallye.<\/p>\n<div class=\"galery galery-1\">\n<figure>\n\t\t\t\t\t<span style=\"cursor: pointer\" data-src=\"https:\/\/autorai.nl\/wp-content\/uploads\/2023\/06\/Renault-5-3.jpg\" data-fancybox=\"galery-1\" title=\"\"><br \/>\n\t\t\t\t\t\t\t<img decoding=\"async\" width=\"360\" height=\"270\" src=\"https:\/\/autorai.nl\/wp-content\/uploads\/2023\/06\/Renault-5-3-360x270.jpg\" class=\"attachment-small size-small\" alt=\"\" loading=\"lazy\"><i class=\"fa fa-search-plus\" aria-hidden=\"true\"><\/i><br \/>\n\t\t\t\t\t\t<\/span><br \/>\n\t\t\t\t\t<\/figure>\n<figure>\n\t\t\t\t\t<span style=\"cursor: pointer\" data-src=\"https:\/\/autorai.nl\/wp-content\/uploads\/2023\/06\/Renault-5-4.jpg\" data-fancybox=\"galery-1\" title=\"\"><br \/>\n\t\t\t\t\t\t\t<img decoding=\"async\" width=\"360\" height=\"270\" src=\"https:\/\/autorai.nl\/wp-content\/uploads\/2023\/06\/Renault-5-4-360x270.jpg\" class=\"attachment-small size-small\" alt=\"\" loading=\"lazy\"><i class=\"fa fa-search-plus\" aria-hidden=\"true\"><\/i><br \/>\n\t\t\t\t\t\t<\/span><br \/>\n\t\t\t\t\t<\/figure>\n<figure>\n\t\t\t\t\t<span style=\"cursor: pointer\" data-src=\"https:\/\/autorai.nl\/wp-content\/uploads\/2023\/06\/Renault-7.jpg\" data-fancybox=\"galery-1\" title=\"\"><br \/>\n\t\t\t\t\t\t\t<img decoding=\"async\" width=\"360\" height=\"270\" src=\"https:\/\/autorai.nl\/wp-content\/uploads\/2023\/06\/Renault-7-360x270.jpg\" class=\"attachment-small size-small\" alt=\"\" loading=\"lazy\"><i class=\"fa fa-search-plus\" aria-hidden=\"true\"><\/i><br \/>\n\t\t\t\t\t\t<\/span><br \/>\n\t\t\t\t\t<\/figure>\n<figure>\n\t\t\t\t\t<span style=\"cursor: pointer\" data-src=\"https:\/\/autorai.nl\/wp-content\/uploads\/2023\/06\/Renault-Le-Car.jpg\" data-fancybox=\"galery-1\" title=\"\"><br \/>\n\t\t\t\t\t\t\t<img decoding=\"async\" width=\"360\" height=\"270\" src=\"https:\/\/autorai.nl\/wp-content\/uploads\/2023\/06\/Renault-Le-Car-360x270.jpg\" class=\"attachment-small size-small\" alt=\"\" loading=\"lazy\"><i class=\"fa fa-search-plus\" aria-hidden=\"true\"><\/i><br \/>\n\t\t\t\t\t\t<\/span><br \/>\n\t\t\t\t\t<\/figure>\n<div class=\"clear\"><\/div>\n<\/div>\n<h2><strong>Renault 5, chapitre deux<\/strong><\/h2>\n<p>Le succ\u00e8s de la R5 a incit\u00e9 d&rsquo;autres fabricants \u00e0 proposer des produits similaires. En 1984, Renault riposte avec la R5 de deuxi\u00e8me g\u00e9n\u00e9ration. La carrosserie trap\u00e9zo\u00efdale famili\u00e8re a \u00e9t\u00e9 conserv\u00e9e, mais le design a \u00e9t\u00e9 compl\u00e8tement resserr\u00e9 pour les ann\u00e9es 1980. Pour souligner les progr\u00e8s r\u00e9alis\u00e9s par rapport au premier mod\u00e8le, la nouvelle Renault 5 est \u00e9galement appel\u00e9e Supercinq, ou Superfive.<\/p>\n<p>La nouvelle Renault 5 se d\u00e9cline \u00e0 nouveau en version trois et cinq portes \u00e0 hayon. Faute de demande, il n&rsquo;y a plus de version berline, mais Renault fournit l&rsquo;Express. Une fourgonnette bas\u00e9e sur la R5 pour remplacer la Renault 4 Van. La version sportive extr\u00eame de la Turbo originale n&rsquo;a pas vu le jour, mais sous la forme de la Renault 5 GT Turbo, la marque a propos\u00e9 une voiture \u00e0 hayon tr\u00e8s performante.<\/p>\n<div class=\"galery shuffle galery-2\">\n<figure>\n\t\t\t\t\t<span style=\"cursor: pointer\" data-src=\"https:\/\/autorai.nl\/wp-content\/uploads\/2023\/06\/Renault-5-5-1600x1200.jpg\" data-fancybox=\"galery-2\" title=\"\"><br \/>\n\t\t\t\t\t\t\t<img decoding=\"async\" width=\"640\" height=\"480\" src=\"https:\/\/autorai.nl\/wp-content\/uploads\/2023\/06\/Renault-5-5-640x480.jpg\" class=\"attachment-medium size-medium\" alt=\"\" loading=\"lazy\"><i class=\"fa fa-search-plus\" aria-hidden=\"true\"><\/i><br \/>\n\t\t\t\t\t\t<\/span><br \/>\n\t\t\t\t\t<\/figure>\n<figure>\n\t\t\t\t\t<span style=\"cursor: pointer\" data-src=\"https:\/\/autorai.nl\/wp-content\/uploads\/2023\/06\/Renault-5-7-1600x1200.jpg\" data-fancybox=\"galery-2\" title=\"\"><br \/>\n\t\t\t\t\t\t\t<img decoding=\"async\" width=\"360\" height=\"270\" src=\"https:\/\/autorai.nl\/wp-content\/uploads\/2023\/06\/Renault-5-7-360x270.jpg\" class=\"attachment-small size-small\" alt=\"\" loading=\"lazy\"><i class=\"fa fa-search-plus\" aria-hidden=\"true\"><\/i><br \/>\n\t\t\t\t\t\t<\/span><br \/>\n\t\t\t\t\t<\/figure>\n<figure>\n\t\t\t\t\t<span style=\"cursor: pointer\" data-src=\"https:\/\/autorai.nl\/wp-content\/uploads\/2023\/06\/Renault-5-6.jpg\" data-fancybox=\"galery-2\" title=\"\"><br \/>\n\t\t\t\t\t\t\t<img decoding=\"async\" width=\"360\" height=\"270\" src=\"https:\/\/autorai.nl\/wp-content\/uploads\/2023\/06\/Renault-5-6-360x270.jpg\" class=\"attachment-small size-small\" alt=\"\" loading=\"lazy\"><i class=\"fa fa-search-plus\" aria-hidden=\"true\"><\/i><br \/>\n\t\t\t\t\t\t<\/span><br \/>\n\t\t\t\t\t<\/figure>\n<div class=\"clear\"><\/div>\n<\/div>\n<h2><strong>Le sp\u00e9cimen tachet\u00e9<\/strong><\/h2>\n<p>La R5 de deuxi\u00e8me g\u00e9n\u00e9ration n&rsquo;a pas connu le m\u00eame succ\u00e8s commercial que le premier mod\u00e8le, mais elle est rest\u00e9e tr\u00e8s populaire. M\u00eame ici, aux Pays-Bas, il y en avait litt\u00e9ralement \u00e0 chaque coin de rue. Anno 2023, c&rsquo;est malheureusement une singularit\u00e9 de rencontrer le Fran\u00e7ais compact, alors quand nous sommes tomb\u00e9s sur celui-ci dans le village de Driebruggen l&rsquo;autre jour, nous avons imm\u00e9diatement fait une halte photo.<\/p>\n<p>Pour \u00eatre pr\u00e9cis, il s&rsquo;agit ici d&rsquo;une Renault 5 GTS n\u00e9erlandaise originale de 1988. La GTS \u00e9tait l&rsquo;une des versions les plus luxueuses, avec un moteur \u00e0 essence 1,4 litre de 50 kW (68 ch) sous le capot. Le propri\u00e9taire actuel le poss\u00e8de depuis un peu moins d&rsquo;un an. Ce doit \u00eatre un amoureux, ne serait-ce que parce que l&rsquo;int\u00e9rieur est bien prot\u00e9g\u00e9 du soleil. Et ce n&rsquo;\u00e9tait m\u00eame pas pendant l&rsquo;une des journ\u00e9es tr\u00e8s chaudes que nous venons de vivre. En outre, ce R5 est tout simplement tr\u00e8s beau. La couche sup\u00e9rieure de plastique qui s&rsquo;\u00e9caille \u00e0 l&rsquo;arri\u00e8re constitue donc un contraste frappant avec le reste de la voiture, qui semble presque neuve.<\/p>\n<p>Nous souhaitons \u00e0 son propri\u00e9taire de nombreux autres kilom\u00e8tres de bonheur. Esp\u00e9rons que cette Renault 5 continuera d&rsquo;\u00e9gayer les rues n\u00e9erlandaises pendant longtemps.<\/p>\n<div class=\"galery galery-3\">\n<figure>\n\t\t\t\t\t<span style=\"cursor: pointer\" data-src=\"https:\/\/autorai.nl\/wp-content\/uploads\/2023\/06\/AutoRAI-Gespot-7-juni-Renault-5-GTS-1-1600x1200.jpg\" data-fancybox=\"galery-3\" title=\"\"><br \/>\n\t\t\t\t\t\t\t<img decoding=\"async\" width=\"360\" height=\"270\" src=\"https:\/\/autorai.nl\/wp-content\/uploads\/2023\/06\/AutoRAI-Gespot-7-juni-Renault-5-GTS-1-360x270.jpg\" class=\"attachment-small size-small\" alt=\"\" loading=\"lazy\"><i class=\"fa fa-search-plus\" aria-hidden=\"true\"><\/i><br \/>\n\t\t\t\t\t\t<\/span><br \/>\n\t\t\t\t\t<\/figure>\n<figure>\n\t\t\t\t\t<span style=\"cursor: pointer\" data-src=\"https:\/\/autorai.nl\/wp-content\/uploads\/2023\/06\/AutoRAI-Gespot-7-juni-Renault-5-GTS-4-1600x1200.jpg\" data-fancybox=\"galery-3\" title=\"\"><br \/>\n\t\t\t\t\t\t\t<img decoding=\"async\" width=\"360\" height=\"270\" src=\"https:\/\/autorai.nl\/wp-content\/uploads\/2023\/06\/AutoRAI-Gespot-7-juni-Renault-5-GTS-4-360x270.jpg\" class=\"attachment-small size-small\" alt=\"\" loading=\"lazy\"><i class=\"fa fa-search-plus\" aria-hidden=\"true\"><\/i><br \/>\n\t\t\t\t\t\t<\/span><br \/>\n\t\t\t\t\t<\/figure>\n<figure>\n\t\t\t\t\t<span style=\"cursor: pointer\" data-src=\"https:\/\/autorai.nl\/wp-content\/uploads\/2023\/06\/AutoRAI-Gespot-7-juni-Renault-5-GTS-2-1600x1200.jpg\" data-fancybox=\"galery-3\" title=\"\"><br \/>\n\t\t\t\t\t\t\t<img decoding=\"async\" width=\"360\" height=\"270\" src=\"https:\/\/autorai.nl\/wp-content\/uploads\/2023\/06\/AutoRAI-Gespot-7-juni-Renault-5-GTS-2-360x270.jpg\" class=\"attachment-small size-small\" alt=\"\" loading=\"lazy\"><i class=\"fa fa-search-plus\" aria-hidden=\"true\"><\/i><br \/>\n\t\t\t\t\t\t<\/span><br \/>\n\t\t\t\t\t<\/figure>\n<figure>\n\t\t\t\t\t<span style=\"cursor: pointer\" data-src=\"https:\/\/autorai.nl\/wp-content\/uploads\/2023\/06\/AutoRAI-Gespot-7-juni-Renault-5-GTS-3-1600x1200.jpg\" data-fancybox=\"galery-3\" title=\"\"><br \/>\n\t\t\t\t\t\t\t<img decoding=\"async\" width=\"360\" height=\"270\" src=\"https:\/\/autorai.nl\/wp-content\/uploads\/2023\/06\/AutoRAI-Gespot-7-juni-Renault-5-GTS-3-360x270.jpg\" class=\"attachment-small size-small\" alt=\"\" loading=\"lazy\"><i class=\"fa fa-search-plus\" aria-hidden=\"true\"><\/i><br \/>\n\t\t\t\t\t\t<\/span><br \/>\n\t\t\t\t\t<\/figure>\n<div class=\"clear\"><\/div>\n<\/div>\n<h2><strong>Une nouvelle Renault 5 ?<\/strong><\/h2>\n<p>Dans quelques ann\u00e9es, y aura-t-il une autre Renault 5 \u00e0 chaque coin de rue ? C&rsquo;est possible. <a href=\"https:\/\/www.renault.nl\/\" target=\"_blank\" rel=\"noreferrer noopener\">Renault<\/a> travaille sur une troisi\u00e8me g\u00e9n\u00e9ration du mod\u00e8le, qui devrait entrer en production en 2024 apr\u00e8s une \u00ab\u00a0pause\u00a0\u00bb de 28 ans. Il s&rsquo;agira d&rsquo;une voiture \u00e0 hayon enti\u00e8rement \u00e9lectrique qui portera le nom de Renault 5 EV et qui, surtout, restera fid\u00e8le \u00e0 la forme originale de sa carrosserie. La Renault 5 Protoype (concept car) donne d\u00e9j\u00e0 un aper\u00e7u concret. Gr\u00e2ce \u00e0 nous, il peut entrer en production sans modification !<\/p>\n<div class=\"galery galery-4\">\n<figure>\n\t\t\t\t\t<span style=\"cursor: pointer\" data-src=\"https:\/\/autorai.nl\/wp-content\/uploads\/2023\/06\/Renault-5-8-1600x1200.jpg\" data-fancybox=\"galery-4\" title=\"\"><br \/>\n\t\t\t\t\t\t\t<img decoding=\"async\" width=\"360\" height=\"270\" src=\"https:\/\/autorai.nl\/wp-content\/uploads\/2023\/06\/Renault-5-8-360x270.jpg\" class=\"attachment-small size-small\" alt=\"\" loading=\"lazy\"><i class=\"fa fa-search-plus\" aria-hidden=\"true\"><\/i><br \/>\n\t\t\t\t\t\t<\/span><br \/>\n\t\t\t\t\t<\/figure>\n<figure>\n\t\t\t\t\t<span style=\"cursor: pointer\" data-src=\"https:\/\/autorai.nl\/wp-content\/uploads\/2023\/06\/Renault-5-9-1600x1200.jpg\" data-fancybox=\"galery-4\" title=\"\"><br \/>\n\t\t\t\t\t\t\t<img decoding=\"async\" width=\"360\" height=\"270\" src=\"https:\/\/autorai.nl\/wp-content\/uploads\/2023\/06\/Renault-5-9-360x270.jpg\" class=\"attachment-small size-small\" alt=\"\" loading=\"lazy\"><i class=\"fa fa-search-plus\" aria-hidden=\"true\"><\/i><br \/>\n\t\t\t\t\t\t<\/span><br \/>\n\t\t\t\t\t<\/figure>\n<figure>\n\t\t\t\t\t<span style=\"cursor: pointer\" data-src=\"https:\/\/autorai.nl\/wp-content\/uploads\/2023\/06\/Renault-5-10-1600x1200.jpg\" data-fancybox=\"galery-4\" title=\"\"><br \/>\n\t\t\t\t\t\t\t<img decoding=\"async\" width=\"360\" height=\"270\" src=\"https:\/\/autorai.nl\/wp-content\/uploads\/2023\/06\/Renault-5-10-360x270.jpg\" class=\"attachment-small size-small\" alt=\"\" loading=\"lazy\"><i class=\"fa fa-search-plus\" aria-hidden=\"true\"><\/i><br \/>\n\t\t\t\t\t\t<\/span><br \/>\n\t\t\t\t\t<\/figure>\n<figure>\n\t\t\t\t\t<span style=\"cursor: pointer\" data-src=\"https:\/\/autorai.nl\/wp-content\/uploads\/2023\/06\/Renault-5-11-1600x1200.jpg\" data-fancybox=\"galery-4\" title=\"\"><br \/>\n\t\t\t\t\t\t\t<img decoding=\"async\" width=\"360\" height=\"270\" src=\"https:\/\/autorai.nl\/wp-content\/uploads\/2023\/06\/Renault-5-11-360x270.jpg\" class=\"attachment-small size-small\" alt=\"\" loading=\"lazy\"><i class=\"fa fa-search-plus\" aria-hidden=\"true\"><\/i><br \/>\n\t\t\t\t\t\t<\/span><br \/>\n\t\t\t\t\t<\/figure>\n<div class=\"clear\"><\/div>\n<\/div>\n","protected":false},"excerpt":{"rendered":"La Renault 5 originale est arriv\u00e9e sur le march\u00e9 en 1972. \u00c0 l'\u00e9poque, c'\u00e9tait une voiture tout \u00e0 fait r\u00e9volutionnaire.\u2026","protected":false},"author":0,"featured_media":136884,"comment_status":"","ping_status":"open","sticky":false,"template":"","format":"standard","meta":{"footnotes":""},"categories":[177,127],"tags":[],"class_list":["post-136889","post","type-post","status-publish","format-standard","has-post-thumbnail","hentry","category-fun-fr","category-nouvelles-de-voiture"],"acf":[],"yoast_head":"<!-- This site is optimized with the Yoast SEO plugin v21.2 - https:\/\/yoast.com\/wordpress\/plugins\/seo\/ -->\n<title>Rep\u00e9r\u00e9e : une Renault 5 GTS de 1988 - All cars news<\/title>\n<meta name=\"robots\" content=\"index, follow, max-snippet:-1, max-image-preview:large, max-video-preview:-1\" \/>\n<link rel=\"canonical\" href=\"https:\/\/all-car-news.com\/fr\/reperee-une-renault-5-gts-de-1988\/\" \/>\n<meta property=\"og:locale\" content=\"fr_FR\" \/>\n<meta property=\"og:type\" content=\"article\" \/>\n<meta property=\"og:title\" content=\"Rep\u00e9r\u00e9e : une Renault 5 GTS de 1988 - All cars news\" \/>\n<meta property=\"og:description\" content=\"La Renault 5 originale est arriv\u00e9e sur le march\u00e9 en 1972. \u00c0 l&#039;\u00e9poque, c&#039;\u00e9tait une voiture tout \u00e0 fait r\u00e9volutionnaire. Les voitures \u00e0 hayon existaient d\u00e9j\u00e0, mais pas sous une forme aussi compacte et pratique. Les pare-chocs \u00e9taient \u00e9galement sp\u00e9ciaux. Pas de barres chrom\u00e9es sur la voiture, mais des pi\u00e8ces en plastique joliment int\u00e9gr\u00e9es \u00e0 la carrosserie. Est-ce que [...]\" \/>\n<meta property=\"og:url\" content=\"https:\/\/all-car-news.com\/fr\/reperee-une-renault-5-gts-de-1988\/\" \/>\n<meta property=\"og:site_name\" content=\"All cars news\" \/>\n<meta property=\"article:published_time\" content=\"2023-06-30T15:59:00+00:00\" \/>\n<meta property=\"og:image\" content=\"https:\/\/autorai.nl\/wp-content\/uploads\/2023\/06\/Renault-5-1-360x270.jpg\" \/>\n<meta name=\"twitter:card\" content=\"summary_large_image\" \/>\n<meta name=\"twitter:label1\" content=\"Dur\u00e9e de lecture estim\u00e9e\" \/>\n\t<meta name=\"twitter:data1\" content=\"4 minutes\" \/>\n<script type=\"application\/ld+json\" class=\"yoast-schema-graph\">{\"@context\":\"https:\/\/schema.org\",\"@graph\":[{\"@type\":\"Article\",\"@id\":\"https:\/\/all-car-news.com\/fr\/reperee-une-renault-5-gts-de-1988\/#article\",\"isPartOf\":{\"@id\":\"https:\/\/all-car-news.com\/fr\/reperee-une-renault-5-gts-de-1988\/\"},\"author\":{\"name\":\"\",\"@id\":\"\"},\"headline\":\"Rep\u00e9r\u00e9e : une Renault 5 GTS de 1988\",\"datePublished\":\"2023-06-30T15:59:00+00:00\",\"dateModified\":\"2023-06-30T15:59:00+00:00\",\"mainEntityOfPage\":{\"@id\":\"https:\/\/all-car-news.com\/fr\/reperee-une-renault-5-gts-de-1988\/\"},\"wordCount\":765,\"publisher\":{\"@id\":\"https:\/\/all-car-news.com\/fr\/#organization\"},\"articleSection\":[\"Fun\",\"nouvelles de voiture\"],\"inLanguage\":\"fr-FR\"},{\"@type\":\"WebPage\",\"@id\":\"https:\/\/all-car-news.com\/fr\/reperee-une-renault-5-gts-de-1988\/\",\"url\":\"https:\/\/all-car-news.com\/fr\/reperee-une-renault-5-gts-de-1988\/\",\"name\":\"Rep\u00e9r\u00e9e : une Renault 5 GTS de 1988 - All cars news\",\"isPartOf\":{\"@id\":\"https:\/\/all-car-news.com\/fr\/#website\"},\"datePublished\":\"2023-06-30T15:59:00+00:00\",\"dateModified\":\"2023-06-30T15:59:00+00:00\",\"breadcrumb\":{\"@id\":\"https:\/\/all-car-news.com\/fr\/reperee-une-renault-5-gts-de-1988\/#breadcrumb\"},\"inLanguage\":\"fr-FR\",\"potentialAction\":[{\"@type\":\"ReadAction\",\"target\":[\"https:\/\/all-car-news.com\/fr\/reperee-une-renault-5-gts-de-1988\/\"]}]},{\"@type\":\"BreadcrumbList\",\"@id\":\"https:\/\/all-car-news.com\/fr\/reperee-une-renault-5-gts-de-1988\/#breadcrumb\",\"itemListElement\":[{\"@type\":\"ListItem\",\"position\":1,\"name\":\"Home\",\"item\":\"https:\/\/all-car-news.com\/fr\/\"},{\"@type\":\"ListItem\",\"position\":2,\"name\":\"Rep\u00e9r\u00e9e : une Renault 5 GTS de 1988\"}]},{\"@type\":\"WebSite\",\"@id\":\"https:\/\/all-car-news.com\/fr\/#website\",\"url\":\"https:\/\/all-car-news.com\/fr\/\",\"name\":\"All cars news\",\"description\":\"\",\"publisher\":{\"@id\":\"https:\/\/all-car-news.com\/fr\/#organization\"},\"potentialAction\":[{\"@type\":\"SearchAction\",\"target\":{\"@type\":\"EntryPoint\",\"urlTemplate\":\"https:\/\/all-car-news.com\/fr\/?s={search_term_string}\"},\"query-input\":\"required name=search_term_string\"}],\"inLanguage\":\"fr-FR\"},{\"@type\":\"Organization\",\"@id\":\"https:\/\/all-car-news.com\/fr\/#organization\",\"name\":\"All cars news\",\"url\":\"https:\/\/all-car-news.com\/fr\/\",\"logo\":{\"@type\":\"ImageObject\",\"inLanguage\":\"fr-FR\",\"@id\":\"https:\/\/all-car-news.com\/fr\/#\/schema\/logo\/image\/\",\"url\":\"https:\/\/all-car-news.com\/wp-content\/uploads\/2022\/02\/CMYK-AllCarNews_LANDSCAPE_300px-1.png\",\"contentUrl\":\"https:\/\/all-car-news.com\/wp-content\/uploads\/2022\/02\/CMYK-AllCarNews_LANDSCAPE_300px-1.png\",\"width\":300,\"height\":100,\"caption\":\"All cars news\"},\"image\":{\"@id\":\"https:\/\/all-car-news.com\/fr\/#\/schema\/logo\/image\/\"}}]}<\/script>\n<!-- \/ Yoast SEO plugin. -->","yoast_head_json":{"title":"Rep\u00e9r\u00e9e : une Renault 5 GTS de 1988 - All cars news","robots":{"index":"index","follow":"follow","max-snippet":"max-snippet:-1","max-image-preview":"max-image-preview:large","max-video-preview":"max-video-preview:-1"},"canonical":"https:\/\/all-car-news.com\/fr\/reperee-une-renault-5-gts-de-1988\/","og_locale":"fr_FR","og_type":"article","og_title":"Rep\u00e9r\u00e9e : une Renault 5 GTS de 1988 - All cars news","og_description":"La Renault 5 originale est arriv\u00e9e sur le march\u00e9 en 1972. \u00c0 l'\u00e9poque, c'\u00e9tait une voiture tout \u00e0 fait r\u00e9volutionnaire. Les voitures \u00e0 hayon existaient d\u00e9j\u00e0, mais pas sous une forme aussi compacte et pratique. Les pare-chocs \u00e9taient \u00e9galement sp\u00e9ciaux. Pas de barres chrom\u00e9es sur la voiture, mais des pi\u00e8ces en plastique joliment int\u00e9gr\u00e9es \u00e0 la carrosserie. Est-ce que [...]","og_url":"https:\/\/all-car-news.com\/fr\/reperee-une-renault-5-gts-de-1988\/","og_site_name":"All cars news","article_published_time":"2023-06-30T15:59:00+00:00","og_image":[{"url":"https:\/\/autorai.nl\/wp-content\/uploads\/2023\/06\/Renault-5-1-360x270.jpg"}],"twitter_card":"summary_large_image","twitter_misc":{"Dur\u00e9e de lecture estim\u00e9e":"4 minutes"},"schema":{"@context":"https:\/\/schema.org","@graph":[{"@type":"Article","@id":"https:\/\/all-car-news.com\/fr\/reperee-une-renault-5-gts-de-1988\/#article","isPartOf":{"@id":"https:\/\/all-car-news.com\/fr\/reperee-une-renault-5-gts-de-1988\/"},"author":{"name":"","@id":""},"headline":"Rep\u00e9r\u00e9e : une Renault 5 GTS de 1988","datePublished":"2023-06-30T15:59:00+00:00","dateModified":"2023-06-30T15:59:00+00:00","mainEntityOfPage":{"@id":"https:\/\/all-car-news.com\/fr\/reperee-une-renault-5-gts-de-1988\/"},"wordCount":765,"publisher":{"@id":"https:\/\/all-car-news.com\/fr\/#organization"},"articleSection":["Fun","nouvelles de voiture"],"inLanguage":"fr-FR"},{"@type":"WebPage","@id":"https:\/\/all-car-news.com\/fr\/reperee-une-renault-5-gts-de-1988\/","url":"https:\/\/all-car-news.com\/fr\/reperee-une-renault-5-gts-de-1988\/","name":"Rep\u00e9r\u00e9e : une Renault 5 GTS de 1988 - All cars news","isPartOf":{"@id":"https:\/\/all-car-news.com\/fr\/#website"},"datePublished":"2023-06-30T15:59:00+00:00","dateModified":"2023-06-30T15:59:00+00:00","breadcrumb":{"@id":"https:\/\/all-car-news.com\/fr\/reperee-une-renault-5-gts-de-1988\/#breadcrumb"},"inLanguage":"fr-FR","potentialAction":[{"@type":"ReadAction","target":["https:\/\/all-car-news.com\/fr\/reperee-une-renault-5-gts-de-1988\/"]}]},{"@type":"BreadcrumbList","@id":"https:\/\/all-car-news.com\/fr\/reperee-une-renault-5-gts-de-1988\/#breadcrumb","itemListElement":[{"@type":"ListItem","position":1,"name":"Home","item":"https:\/\/all-car-news.com\/fr\/"},{"@type":"ListItem","position":2,"name":"Rep\u00e9r\u00e9e : une Renault 5 GTS de 1988"}]},{"@type":"WebSite","@id":"https:\/\/all-car-news.com\/fr\/#website","url":"https:\/\/all-car-news.com\/fr\/","name":"All cars news","description":"","publisher":{"@id":"https:\/\/all-car-news.com\/fr\/#organization"},"potentialAction":[{"@type":"SearchAction","target":{"@type":"EntryPoint","urlTemplate":"https:\/\/all-car-news.com\/fr\/?s={search_term_string}"},"query-input":"required name=search_term_string"}],"inLanguage":"fr-FR"},{"@type":"Organization","@id":"https:\/\/all-car-news.com\/fr\/#organization","name":"All cars news","url":"https:\/\/all-car-news.com\/fr\/","logo":{"@type":"ImageObject","inLanguage":"fr-FR","@id":"https:\/\/all-car-news.com\/fr\/#\/schema\/logo\/image\/","url":"https:\/\/all-car-news.com\/wp-content\/uploads\/2022\/02\/CMYK-AllCarNews_LANDSCAPE_300px-1.png","contentUrl":"https:\/\/all-car-news.com\/wp-content\/uploads\/2022\/02\/CMYK-AllCarNews_LANDSCAPE_300px-1.png","width":300,"height":100,"caption":"All cars news"},"image":{"@id":"https:\/\/all-car-news.com\/fr\/#\/schema\/logo\/image\/"}}]}},"_links":{"self":[{"href":"https:\/\/all-car-news.com\/fr\/wp-json\/wp\/v2\/posts\/136889","targetHints":{"allow":["GET"]}}],"collection":[{"href":"https:\/\/all-car-news.com\/fr\/wp-json\/wp\/v2\/posts"}],"about":[{"href":"https:\/\/all-car-news.com\/fr\/wp-json\/wp\/v2\/types\/post"}],"replies":[{"embeddable":true,"href":"https:\/\/all-car-news.com\/fr\/wp-json\/wp\/v2\/comments?post=136889"}],"version-history":[{"count":0,"href":"https:\/\/all-car-news.com\/fr\/wp-json\/wp\/v2\/posts\/136889\/revisions"}],"wp:featuredmedia":[{"embeddable":true,"href":"https:\/\/all-car-news.com\/fr\/wp-json\/wp\/v2\/media\/136884"}],"wp:attachment":[{"href":"https:\/\/all-car-news.com\/fr\/wp-json\/wp\/v2\/media?parent=136889"}],"wp:term":[{"taxonomy":"category","embeddable":true,"href":"https:\/\/all-car-news.com\/fr\/wp-json\/wp\/v2\/categories?post=136889"},{"taxonomy":"post_tag","embeddable":true,"href":"https:\/\/all-car-news.com\/fr\/wp-json\/wp\/v2\/tags?post=136889"}],"curies":[{"name":"wp","href":"https:\/\/api.w.org\/{rel}","templated":true}]}}