{"id":136860,"date":"2023-06-29T07:51:12","date_gmt":"2023-06-29T07:51:12","guid":{"rendered":"https:\/\/all-car-news.com\/fiat-refuse-de-produire-dautres-voitures-grises\/"},"modified":"2023-06-29T07:51:12","modified_gmt":"2023-06-29T07:51:12","slug":"fiat-refuse-de-produire-dautres-voitures-grises","status":"publish","type":"post","link":"https:\/\/all-car-news.com\/fr\/fiat-refuse-de-produire-dautres-voitures-grises\/","title":{"rendered":"Fiat refuse de produire d&rsquo;autres voitures grises"},"content":{"rendered":"<h2>L&rsquo;Italie color\u00e9e<\/h2>\n<p>L&rsquo;Italie se caract\u00e9rise par des couleurs vives. Pensez \u00e0 la mer d&rsquo;Italie, au soleil d&rsquo;Italie, \u00e0 la terre d&rsquo;Italie et au ciel d&rsquo;Italie. C&rsquo;est dans la diversit\u00e9 des paysages italiens &#8211; et tout ce qui va avec &#8211; que Fiat puise son inspiration pour donner de la couleur aux voitures.<\/p>\n<h2>Plus de voitures grises<\/h2>\n<p>\u00ab\u00a0Nous avons d\u00e9cid\u00e9 d&rsquo;arr\u00eater la production de voitures Fiat grises. C&rsquo;est un d\u00e9fi et une rupture qui vise \u00e0 renforcer le leadership de Fiat en tant que marque de la joie, des couleurs et de l&rsquo;optimisme\u00a0\u00bb, a d\u00e9clar\u00e9 Olivier Fran\u00e7ois, pr\u00e9sident-directeur g\u00e9n\u00e9ral de Fiat et directeur g\u00e9n\u00e9ral du marketing mondial chez Stellantis.<\/p>\n<div class=\"galery shuffle galery-0\">\n<figure>\n\t\t\t\t\t<span style=\"cursor: pointer\" data-src=\"https:\/\/autorai.nl\/wp-content\/uploads\/2023\/06\/fiat-600e-grijs-oranje-foto2-1600x1000.jpg\" data-fancybox=\"galery-0\" title=\"\"><br \/>\n\t\t\t\t\t\t\t<img decoding=\"async\" width=\"640\" height=\"480\" src=\"https:\/\/autorai.nl\/wp-content\/uploads\/2023\/06\/fiat-600e-grijs-oranje-foto2-640x480.jpg\" class=\"attachment-medium size-medium\" alt=\"\" loading=\"lazy\"><i class=\"fa fa-search-plus\" aria-hidden=\"true\"><\/i><br \/>\n\t\t\t\t\t\t<\/span><br \/>\n\t\t\t\t\t<\/figure>\n<figure>\n\t\t\t\t\t<span style=\"cursor: pointer\" data-src=\"https:\/\/autorai.nl\/wp-content\/uploads\/2023\/06\/fiat-600e-grijs-oranje-foto4-1600x1000.jpg\" data-fancybox=\"galery-0\" title=\"\"><br \/>\n\t\t\t\t\t\t\t<img decoding=\"async\" width=\"360\" height=\"270\" src=\"https:\/\/autorai.nl\/wp-content\/uploads\/2023\/06\/fiat-600e-grijs-oranje-foto4-360x270.jpg\" class=\"attachment-small size-small\" alt=\"\" loading=\"lazy\"><i class=\"fa fa-search-plus\" aria-hidden=\"true\"><\/i><br \/>\n\t\t\t\t\t\t<\/span><br \/>\n\t\t\t\t\t<\/figure>\n<figure>\n\t\t\t\t\t<span style=\"cursor: pointer\" data-src=\"https:\/\/autorai.nl\/wp-content\/uploads\/2023\/06\/fiat-600e-grijs-oranje-foto1-1600x1000.jpg\" data-fancybox=\"galery-0\" title=\"\"><br \/>\n\t\t\t\t\t\t\t<img decoding=\"async\" width=\"360\" height=\"270\" src=\"https:\/\/autorai.nl\/wp-content\/uploads\/2023\/06\/fiat-600e-grijs-oranje-foto1-360x270.jpg\" class=\"attachment-small size-small\" alt=\"\" loading=\"lazy\"><i class=\"fa fa-search-plus\" aria-hidden=\"true\"><\/i><br \/>\n\t\t\t\t\t\t<\/span><br \/>\n\t\t\t\t\t<\/figure>\n<div class=\"clear\"><\/div>\n<\/div>\n<h2>Dolce Vita<\/h2>\n<p>\u00ab\u00a0L&rsquo;Italie est le pays des couleurs et, \u00e0 partir d&rsquo;aujourd&rsquo;hui, les voitures Fiat le sont aussi. Ce choix permet de transmettre au public les valeurs de la nouvelle Dolce Vita et l&rsquo;ADN italien de la marque. Fiat veut inspirer les gens \u00e0 vivre avec optimisme et positivit\u00e9.<\/p>\n<h2>Diverses couleurs, mais pas de gris<\/h2>\n<p>La gamme actuelle de Fiat &#8211; 500e, 500 Hybrid, 500X, Panda et Tipo &#8211; est disponible en plusieurs couleurs, notamment : Gelato white, Sicilia orange, Paprika orange, Passione red, Blu Dipinto di Blu, Italia blue, Venezia blue, Rugiada green, Foresta green, Rose gold et Cinema black &#8211; toutes portent des noms \u00e9vocateurs qui rappellent les magnifiques paysages italiens et l&rsquo;ambiance dolce vita. Mais gris, non. Fiat ne le fait plus. M\u00eame la nouvelle Fiat 600e, un crossover enti\u00e8rement \u00e9lectrique, ne sera pas propos\u00e9e en gris. La pr\u00e9sentation de la Fiat 600e aura lieu le 4 juillet.<\/p>\n<h2>Nombre de mod\u00e8les Fiat gris aux Pays-Bas<\/h2>\n<p>Nous nous demandons \u00e0 quoi ressemblera la palette de couleurs de Fiat dans quelques ann\u00e9es. En 2023, 21,4 % de tous les mod\u00e8les Fiat immatricul\u00e9s aux Pays-Bas seront encore gris, selon les donn\u00e9es de RDW. Dans ce cas, l&rsquo;argent est \u00e9galement enregistr\u00e9 comme gris.<\/p>\n<\/p>\n<figure class=\"wp-block-embed is-type-video is-provider-youtube wp-block-embed-youtube wp-embed-aspect-16-9 wp-has-aspect-ratio\">\n<div class=\"wp-block-embed__wrapper\">\n<\/div>\n<\/figure>\n","protected":false},"excerpt":{"rendered":"L'Italie color\u00e9e L'Italie se caract\u00e9rise par des couleurs \u00e9clatantes. Pensez \u00e0 la mer d'Italie, au soleil d'Italie, \u00e0 la terre\u2026","protected":false},"author":0,"featured_media":136837,"comment_status":"","ping_status":"open","sticky":false,"template":"","format":"standard","meta":{"footnotes":""},"categories":[127],"tags":[],"class_list":["post-136860","post","type-post","status-publish","format-standard","has-post-thumbnail","hentry","category-nouvelles-de-voiture"],"acf":[],"yoast_head":"<!-- This site is optimized with the Yoast SEO plugin v21.2 - https:\/\/yoast.com\/wordpress\/plugins\/seo\/ -->\n<title>Fiat refuse de produire d&#039;autres voitures grises - All cars news<\/title>\n<meta name=\"robots\" content=\"index, follow, max-snippet:-1, max-image-preview:large, max-video-preview:-1\" \/>\n<link rel=\"canonical\" href=\"https:\/\/all-car-news.com\/fr\/fiat-refuse-de-produire-dautres-voitures-grises\/\" \/>\n<meta property=\"og:locale\" content=\"fr_FR\" \/>\n<meta property=\"og:type\" content=\"article\" \/>\n<meta property=\"og:title\" content=\"Fiat refuse de produire d&#039;autres voitures grises - All cars news\" \/>\n<meta property=\"og:description\" content=\"L&#039;Italie color\u00e9e L&#039;Italie se caract\u00e9rise par des couleurs \u00e9clatantes. Pensez \u00e0 la mer d&#039;Italie, au soleil d&#039;Italie, \u00e0 la terre d&#039;Italie et au ciel d&#039;Italie. C&#039;est dans la diversit\u00e9 des paysages italiens - et tout ce qui va avec - que Fiat puise son inspiration pour donner de la couleur aux voitures. Finies les voitures grises &quot;Nous [...]\" \/>\n<meta property=\"og:url\" content=\"https:\/\/all-car-news.com\/fr\/fiat-refuse-de-produire-dautres-voitures-grises\/\" \/>\n<meta property=\"og:site_name\" content=\"All cars news\" \/>\n<meta property=\"article:published_time\" content=\"2023-06-29T07:51:12+00:00\" \/>\n<meta property=\"og:image\" content=\"https:\/\/autorai.nl\/wp-content\/uploads\/2023\/06\/fiat-600e-grijs-oranje-foto2-640x480.jpg\" \/>\n<meta name=\"twitter:card\" content=\"summary_large_image\" \/>\n<meta name=\"twitter:label1\" content=\"Dur\u00e9e de lecture estim\u00e9e\" \/>\n\t<meta name=\"twitter:data1\" content=\"2 minutes\" \/>\n<script type=\"application\/ld+json\" class=\"yoast-schema-graph\">{\"@context\":\"https:\/\/schema.org\",\"@graph\":[{\"@type\":\"Article\",\"@id\":\"https:\/\/all-car-news.com\/fr\/fiat-refuse-de-produire-dautres-voitures-grises\/#article\",\"isPartOf\":{\"@id\":\"https:\/\/all-car-news.com\/fr\/fiat-refuse-de-produire-dautres-voitures-grises\/\"},\"author\":{\"name\":\"\",\"@id\":\"\"},\"headline\":\"Fiat refuse de produire d&rsquo;autres voitures grises\",\"datePublished\":\"2023-06-29T07:51:12+00:00\",\"dateModified\":\"2023-06-29T07:51:12+00:00\",\"mainEntityOfPage\":{\"@id\":\"https:\/\/all-car-news.com\/fr\/fiat-refuse-de-produire-dautres-voitures-grises\/\"},\"wordCount\":326,\"publisher\":{\"@id\":\"https:\/\/all-car-news.com\/fr\/#organization\"},\"articleSection\":[\"nouvelles de voiture\"],\"inLanguage\":\"fr-FR\"},{\"@type\":\"WebPage\",\"@id\":\"https:\/\/all-car-news.com\/fr\/fiat-refuse-de-produire-dautres-voitures-grises\/\",\"url\":\"https:\/\/all-car-news.com\/fr\/fiat-refuse-de-produire-dautres-voitures-grises\/\",\"name\":\"Fiat refuse de produire d'autres voitures grises - All cars news\",\"isPartOf\":{\"@id\":\"https:\/\/all-car-news.com\/fr\/#website\"},\"datePublished\":\"2023-06-29T07:51:12+00:00\",\"dateModified\":\"2023-06-29T07:51:12+00:00\",\"breadcrumb\":{\"@id\":\"https:\/\/all-car-news.com\/fr\/fiat-refuse-de-produire-dautres-voitures-grises\/#breadcrumb\"},\"inLanguage\":\"fr-FR\",\"potentialAction\":[{\"@type\":\"ReadAction\",\"target\":[\"https:\/\/all-car-news.com\/fr\/fiat-refuse-de-produire-dautres-voitures-grises\/\"]}]},{\"@type\":\"BreadcrumbList\",\"@id\":\"https:\/\/all-car-news.com\/fr\/fiat-refuse-de-produire-dautres-voitures-grises\/#breadcrumb\",\"itemListElement\":[{\"@type\":\"ListItem\",\"position\":1,\"name\":\"Home\",\"item\":\"https:\/\/all-car-news.com\/fr\/\"},{\"@type\":\"ListItem\",\"position\":2,\"name\":\"Fiat refuse de produire d&rsquo;autres voitures grises\"}]},{\"@type\":\"WebSite\",\"@id\":\"https:\/\/all-car-news.com\/fr\/#website\",\"url\":\"https:\/\/all-car-news.com\/fr\/\",\"name\":\"All cars news\",\"description\":\"\",\"publisher\":{\"@id\":\"https:\/\/all-car-news.com\/fr\/#organization\"},\"potentialAction\":[{\"@type\":\"SearchAction\",\"target\":{\"@type\":\"EntryPoint\",\"urlTemplate\":\"https:\/\/all-car-news.com\/fr\/?s={search_term_string}\"},\"query-input\":\"required name=search_term_string\"}],\"inLanguage\":\"fr-FR\"},{\"@type\":\"Organization\",\"@id\":\"https:\/\/all-car-news.com\/fr\/#organization\",\"name\":\"All cars news\",\"url\":\"https:\/\/all-car-news.com\/fr\/\",\"logo\":{\"@type\":\"ImageObject\",\"inLanguage\":\"fr-FR\",\"@id\":\"https:\/\/all-car-news.com\/fr\/#\/schema\/logo\/image\/\",\"url\":\"https:\/\/all-car-news.com\/wp-content\/uploads\/2022\/02\/CMYK-AllCarNews_LANDSCAPE_300px-1.png\",\"contentUrl\":\"https:\/\/all-car-news.com\/wp-content\/uploads\/2022\/02\/CMYK-AllCarNews_LANDSCAPE_300px-1.png\",\"width\":300,\"height\":100,\"caption\":\"All cars news\"},\"image\":{\"@id\":\"https:\/\/all-car-news.com\/fr\/#\/schema\/logo\/image\/\"}}]}<\/script>\n<!-- \/ Yoast SEO plugin. -->","yoast_head_json":{"title":"Fiat refuse de produire d'autres voitures grises - All cars news","robots":{"index":"index","follow":"follow","max-snippet":"max-snippet:-1","max-image-preview":"max-image-preview:large","max-video-preview":"max-video-preview:-1"},"canonical":"https:\/\/all-car-news.com\/fr\/fiat-refuse-de-produire-dautres-voitures-grises\/","og_locale":"fr_FR","og_type":"article","og_title":"Fiat refuse de produire d'autres voitures grises - All cars news","og_description":"L'Italie color\u00e9e L'Italie se caract\u00e9rise par des couleurs \u00e9clatantes. Pensez \u00e0 la mer d'Italie, au soleil d'Italie, \u00e0 la terre d'Italie et au ciel d'Italie. C'est dans la diversit\u00e9 des paysages italiens - et tout ce qui va avec - que Fiat puise son inspiration pour donner de la couleur aux voitures. Finies les voitures grises \"Nous [...]","og_url":"https:\/\/all-car-news.com\/fr\/fiat-refuse-de-produire-dautres-voitures-grises\/","og_site_name":"All cars news","article_published_time":"2023-06-29T07:51:12+00:00","og_image":[{"url":"https:\/\/autorai.nl\/wp-content\/uploads\/2023\/06\/fiat-600e-grijs-oranje-foto2-640x480.jpg"}],"twitter_card":"summary_large_image","twitter_misc":{"Dur\u00e9e de lecture estim\u00e9e":"2 minutes"},"schema":{"@context":"https:\/\/schema.org","@graph":[{"@type":"Article","@id":"https:\/\/all-car-news.com\/fr\/fiat-refuse-de-produire-dautres-voitures-grises\/#article","isPartOf":{"@id":"https:\/\/all-car-news.com\/fr\/fiat-refuse-de-produire-dautres-voitures-grises\/"},"author":{"name":"","@id":""},"headline":"Fiat refuse de produire d&rsquo;autres voitures grises","datePublished":"2023-06-29T07:51:12+00:00","dateModified":"2023-06-29T07:51:12+00:00","mainEntityOfPage":{"@id":"https:\/\/all-car-news.com\/fr\/fiat-refuse-de-produire-dautres-voitures-grises\/"},"wordCount":326,"publisher":{"@id":"https:\/\/all-car-news.com\/fr\/#organization"},"articleSection":["nouvelles de voiture"],"inLanguage":"fr-FR"},{"@type":"WebPage","@id":"https:\/\/all-car-news.com\/fr\/fiat-refuse-de-produire-dautres-voitures-grises\/","url":"https:\/\/all-car-news.com\/fr\/fiat-refuse-de-produire-dautres-voitures-grises\/","name":"Fiat refuse de produire d'autres voitures grises - All cars news","isPartOf":{"@id":"https:\/\/all-car-news.com\/fr\/#website"},"datePublished":"2023-06-29T07:51:12+00:00","dateModified":"2023-06-29T07:51:12+00:00","breadcrumb":{"@id":"https:\/\/all-car-news.com\/fr\/fiat-refuse-de-produire-dautres-voitures-grises\/#breadcrumb"},"inLanguage":"fr-FR","potentialAction":[{"@type":"ReadAction","target":["https:\/\/all-car-news.com\/fr\/fiat-refuse-de-produire-dautres-voitures-grises\/"]}]},{"@type":"BreadcrumbList","@id":"https:\/\/all-car-news.com\/fr\/fiat-refuse-de-produire-dautres-voitures-grises\/#breadcrumb","itemListElement":[{"@type":"ListItem","position":1,"name":"Home","item":"https:\/\/all-car-news.com\/fr\/"},{"@type":"ListItem","position":2,"name":"Fiat refuse de produire d&rsquo;autres voitures grises"}]},{"@type":"WebSite","@id":"https:\/\/all-car-news.com\/fr\/#website","url":"https:\/\/all-car-news.com\/fr\/","name":"All cars news","description":"","publisher":{"@id":"https:\/\/all-car-news.com\/fr\/#organization"},"potentialAction":[{"@type":"SearchAction","target":{"@type":"EntryPoint","urlTemplate":"https:\/\/all-car-news.com\/fr\/?s={search_term_string}"},"query-input":"required name=search_term_string"}],"inLanguage":"fr-FR"},{"@type":"Organization","@id":"https:\/\/all-car-news.com\/fr\/#organization","name":"All cars news","url":"https:\/\/all-car-news.com\/fr\/","logo":{"@type":"ImageObject","inLanguage":"fr-FR","@id":"https:\/\/all-car-news.com\/fr\/#\/schema\/logo\/image\/","url":"https:\/\/all-car-news.com\/wp-content\/uploads\/2022\/02\/CMYK-AllCarNews_LANDSCAPE_300px-1.png","contentUrl":"https:\/\/all-car-news.com\/wp-content\/uploads\/2022\/02\/CMYK-AllCarNews_LANDSCAPE_300px-1.png","width":300,"height":100,"caption":"All cars news"},"image":{"@id":"https:\/\/all-car-news.com\/fr\/#\/schema\/logo\/image\/"}}]}},"_links":{"self":[{"href":"https:\/\/all-car-news.com\/fr\/wp-json\/wp\/v2\/posts\/136860","targetHints":{"allow":["GET"]}}],"collection":[{"href":"https:\/\/all-car-news.com\/fr\/wp-json\/wp\/v2\/posts"}],"about":[{"href":"https:\/\/all-car-news.com\/fr\/wp-json\/wp\/v2\/types\/post"}],"replies":[{"embeddable":true,"href":"https:\/\/all-car-news.com\/fr\/wp-json\/wp\/v2\/comments?post=136860"}],"version-history":[{"count":0,"href":"https:\/\/all-car-news.com\/fr\/wp-json\/wp\/v2\/posts\/136860\/revisions"}],"wp:featuredmedia":[{"embeddable":true,"href":"https:\/\/all-car-news.com\/fr\/wp-json\/wp\/v2\/media\/136837"}],"wp:attachment":[{"href":"https:\/\/all-car-news.com\/fr\/wp-json\/wp\/v2\/media?parent=136860"}],"wp:term":[{"taxonomy":"category","embeddable":true,"href":"https:\/\/all-car-news.com\/fr\/wp-json\/wp\/v2\/categories?post=136860"},{"taxonomy":"post_tag","embeddable":true,"href":"https:\/\/all-car-news.com\/fr\/wp-json\/wp\/v2\/tags?post=136860"}],"curies":[{"name":"wp","href":"https:\/\/api.w.org\/{rel}","templated":true}]}}