{"id":136764,"date":"2023-06-27T07:07:19","date_gmt":"2023-06-27T07:07:19","guid":{"rendered":"https:\/\/all-car-news.com\/opel-presente-son-nouveau-logo\/"},"modified":"2023-06-27T07:07:19","modified_gmt":"2023-06-27T07:07:19","slug":"opel-presente-son-nouveau-logo","status":"publish","type":"post","link":"https:\/\/all-car-news.com\/fr\/opel-presente-son-nouveau-logo\/","title":{"rendered":"Opel pr\u00e9sente son nouveau logo"},"content":{"rendered":"<h2>Transition de l&rsquo;EV<\/h2>\n<p>Le nouveau logo d&rsquo;Opel reste un \u00e9l\u00e9ment central de l&rsquo;Opel Vizor, l&rsquo;un des \u00e9l\u00e9ments cl\u00e9s du design des mod\u00e8les Opel. L&rsquo;\u00e9clair &#8211; connu sous le nom de \u00ab\u00a0Blitz\u00a0\u00bb en allemand &#8211; est \u00e9troitement li\u00e9 \u00e0 l&rsquo;\u00e9lectricit\u00e9 et constitue le logo id\u00e9al pour symboliser la transition d&rsquo;Opel vers une mobilit\u00e9 100 % \u00e9lectrique.<\/p>\n<h2>Le Blitz<\/h2>\n<p>Notre \u00ab\u00a0Blitz\u00a0\u00bb est plus pertinent que jamais. Il symbolise non seulement notre engagement en faveur de la d\u00e9mocratisation de l&rsquo;innovation et de la mobilit\u00e9, mais il d\u00e9montre \u00e9galement notre volont\u00e9 de devenir une marque enti\u00e8rement \u00e9lectrique en Europe d&rsquo;ici 2028. D&rsquo;ici 2023, nous aurons d\u00e9j\u00e0 15 mod\u00e8les \u00e9lectrifi\u00e9s dans notre portefeuille et nous pourrons dire avec fiert\u00e9 qu&rsquo;Opel est \u00e9lectrique,\u00a0\u00bb a d\u00e9clar\u00e9 Florian Huettl, PDG d&rsquo;Opel.<\/p>\n<figure class=\"wp-block-image size-content\"><img decoding=\"async\" loading=\"lazy\" width=\"1140\" height=\"806\" src=\"https:\/\/autorai.nl\/wp-content\/uploads\/2023\/06\/opel-nieuw-merklogo-foto2-1140x806.jpg\" alt=\"\" class=\"wp-image-161576\"><\/figure>\n<h2>Premier mod\u00e8le de production<\/h2>\n<p>Opel introduira progressivement le nouveau \u00ab\u00a0Blitz\u00a0\u00bb dans l&rsquo;ensemble de son portefeuille de produits au cours des prochaines ann\u00e9es. D\u00e8s 2024, le premier mod\u00e8le de production portera le nouveau logo. Cependant, le logo agira \u00e9galement d\u00e8s 2023, a annonc\u00e9 Florian Huettl, PDG d&rsquo;Opel.  <\/p>\n<p>Le dirigeant d\u00e9clare : \u00ab\u00a0L&rsquo;IAA Mobility est l&rsquo;un des plus grands salons automobiles au monde et donc l&rsquo;endroit id\u00e9al pour pr\u00e9senter fi\u00e8rement notre nouveau \u00ab\u00a0Blitz\u00a0\u00bb \u00e0 un large public international. De plus, nous avons pr\u00e9vu une surprise. Les visiteurs de cet \u00e9v\u00e9nement \u00e0 Munich seront ravis\u00a0\u00bb.<\/p>\n<h2>Mobilit\u00e9 de l&rsquo;AAI<\/h2>\n<p>L&rsquo;IAA Mobility 2023 se tiendra \u00e0 Munich du 5 au 10 septembre. Opel pr\u00e9sentera au total trois premi\u00e8res mondiales lors de l&rsquo;\u00e9v\u00e9nement : la nouvelle Opel Astra Sports Tourer Electric, la nouvelle Opel Corsa Electric et une autre surprise.<\/p>\n<figure class=\"wp-block-image size-content\"><img decoding=\"async\" loading=\"lazy\" width=\"1140\" height=\"806\" src=\"https:\/\/autorai.nl\/wp-content\/uploads\/2023\/06\/opel-nieuw-merklogo-foto4-1140x806.jpg\" alt=\"\" class=\"wp-image-161578\"><\/figure>\n<figure class=\"wp-block-image size-content\"><img decoding=\"async\" loading=\"lazy\" width=\"1140\" height=\"806\" src=\"https:\/\/autorai.nl\/wp-content\/uploads\/2023\/06\/opel-nieuw-merklogo-foto3-1140x806.jpg\" alt=\"\" class=\"wp-image-161577\"><\/figure>\n","protected":false},"excerpt":{"rendered":"EV transition Le nouveau logo d'Opel reste un \u00e9l\u00e9ment central de l'Opel Vizor, l'un des \u00e9l\u00e9ments cl\u00e9s du design des\u2026","protected":false},"author":0,"featured_media":136745,"comment_status":"","ping_status":"open","sticky":false,"template":"","format":"standard","meta":{"footnotes":""},"categories":[131,127],"tags":[],"class_list":["post-136764","post","type-post","status-publish","format-standard","has-post-thumbnail","hentry","category-fond","category-nouvelles-de-voiture"],"acf":[],"yoast_head":"<!-- This site is optimized with the Yoast SEO plugin v21.2 - https:\/\/yoast.com\/wordpress\/plugins\/seo\/ -->\n<title>Opel pr\u00e9sente son nouveau logo - All cars news<\/title>\n<meta name=\"robots\" content=\"index, follow, max-snippet:-1, max-image-preview:large, max-video-preview:-1\" \/>\n<link rel=\"canonical\" href=\"https:\/\/all-car-news.com\/fr\/opel-presente-son-nouveau-logo\/\" \/>\n<meta property=\"og:locale\" content=\"fr_FR\" \/>\n<meta property=\"og:type\" content=\"article\" \/>\n<meta property=\"og:title\" content=\"Opel pr\u00e9sente son nouveau logo - All cars news\" \/>\n<meta property=\"og:description\" content=\"EV transition Le nouveau logo d&#039;Opel reste un \u00e9l\u00e9ment central de l&#039;Opel Vizor, l&#039;un des \u00e9l\u00e9ments cl\u00e9s du design des mod\u00e8les Opel. L&#039;\u00e9clair - connu sous le nom de &quot;Blitz&quot; en allemand - est \u00e9troitement li\u00e9 \u00e0 l&#039;\u00e9lectricit\u00e9 et constitue le logo id\u00e9al pour symboliser la transition d&#039;Opel vers une mobilit\u00e9 100 % \u00e9lectrique. Le Blitz &quot;Notre [...]\" \/>\n<meta property=\"og:url\" content=\"https:\/\/all-car-news.com\/fr\/opel-presente-son-nouveau-logo\/\" \/>\n<meta property=\"og:site_name\" content=\"All cars news\" \/>\n<meta property=\"article:published_time\" content=\"2023-06-27T07:07:19+00:00\" \/>\n<meta property=\"og:image\" content=\"https:\/\/autorai.nl\/wp-content\/uploads\/2023\/06\/opel-nieuw-merklogo-foto2-1140x806.jpg\" \/>\n<meta name=\"twitter:card\" content=\"summary_large_image\" \/>\n<meta name=\"twitter:label1\" content=\"Dur\u00e9e de lecture estim\u00e9e\" \/>\n\t<meta name=\"twitter:data1\" content=\"1 minute\" \/>\n<script type=\"application\/ld+json\" class=\"yoast-schema-graph\">{\"@context\":\"https:\/\/schema.org\",\"@graph\":[{\"@type\":\"Article\",\"@id\":\"https:\/\/all-car-news.com\/fr\/opel-presente-son-nouveau-logo\/#article\",\"isPartOf\":{\"@id\":\"https:\/\/all-car-news.com\/fr\/opel-presente-son-nouveau-logo\/\"},\"author\":{\"name\":\"\",\"@id\":\"\"},\"headline\":\"Opel pr\u00e9sente son nouveau logo\",\"datePublished\":\"2023-06-27T07:07:19+00:00\",\"dateModified\":\"2023-06-27T07:07:19+00:00\",\"mainEntityOfPage\":{\"@id\":\"https:\/\/all-car-news.com\/fr\/opel-presente-son-nouveau-logo\/\"},\"wordCount\":276,\"publisher\":{\"@id\":\"https:\/\/all-car-news.com\/fr\/#organization\"},\"articleSection\":[\"Fond\",\"nouvelles de voiture\"],\"inLanguage\":\"fr-FR\"},{\"@type\":\"WebPage\",\"@id\":\"https:\/\/all-car-news.com\/fr\/opel-presente-son-nouveau-logo\/\",\"url\":\"https:\/\/all-car-news.com\/fr\/opel-presente-son-nouveau-logo\/\",\"name\":\"Opel pr\u00e9sente son nouveau logo - All cars news\",\"isPartOf\":{\"@id\":\"https:\/\/all-car-news.com\/fr\/#website\"},\"datePublished\":\"2023-06-27T07:07:19+00:00\",\"dateModified\":\"2023-06-27T07:07:19+00:00\",\"breadcrumb\":{\"@id\":\"https:\/\/all-car-news.com\/fr\/opel-presente-son-nouveau-logo\/#breadcrumb\"},\"inLanguage\":\"fr-FR\",\"potentialAction\":[{\"@type\":\"ReadAction\",\"target\":[\"https:\/\/all-car-news.com\/fr\/opel-presente-son-nouveau-logo\/\"]}]},{\"@type\":\"BreadcrumbList\",\"@id\":\"https:\/\/all-car-news.com\/fr\/opel-presente-son-nouveau-logo\/#breadcrumb\",\"itemListElement\":[{\"@type\":\"ListItem\",\"position\":1,\"name\":\"Home\",\"item\":\"https:\/\/all-car-news.com\/fr\/\"},{\"@type\":\"ListItem\",\"position\":2,\"name\":\"Opel pr\u00e9sente son nouveau logo\"}]},{\"@type\":\"WebSite\",\"@id\":\"https:\/\/all-car-news.com\/fr\/#website\",\"url\":\"https:\/\/all-car-news.com\/fr\/\",\"name\":\"All cars news\",\"description\":\"\",\"publisher\":{\"@id\":\"https:\/\/all-car-news.com\/fr\/#organization\"},\"potentialAction\":[{\"@type\":\"SearchAction\",\"target\":{\"@type\":\"EntryPoint\",\"urlTemplate\":\"https:\/\/all-car-news.com\/fr\/?s={search_term_string}\"},\"query-input\":\"required name=search_term_string\"}],\"inLanguage\":\"fr-FR\"},{\"@type\":\"Organization\",\"@id\":\"https:\/\/all-car-news.com\/fr\/#organization\",\"name\":\"All cars news\",\"url\":\"https:\/\/all-car-news.com\/fr\/\",\"logo\":{\"@type\":\"ImageObject\",\"inLanguage\":\"fr-FR\",\"@id\":\"https:\/\/all-car-news.com\/fr\/#\/schema\/logo\/image\/\",\"url\":\"https:\/\/all-car-news.com\/wp-content\/uploads\/2022\/02\/CMYK-AllCarNews_LANDSCAPE_300px-1.png\",\"contentUrl\":\"https:\/\/all-car-news.com\/wp-content\/uploads\/2022\/02\/CMYK-AllCarNews_LANDSCAPE_300px-1.png\",\"width\":300,\"height\":100,\"caption\":\"All cars news\"},\"image\":{\"@id\":\"https:\/\/all-car-news.com\/fr\/#\/schema\/logo\/image\/\"}}]}<\/script>\n<!-- \/ Yoast SEO plugin. -->","yoast_head_json":{"title":"Opel pr\u00e9sente son nouveau logo - All cars news","robots":{"index":"index","follow":"follow","max-snippet":"max-snippet:-1","max-image-preview":"max-image-preview:large","max-video-preview":"max-video-preview:-1"},"canonical":"https:\/\/all-car-news.com\/fr\/opel-presente-son-nouveau-logo\/","og_locale":"fr_FR","og_type":"article","og_title":"Opel pr\u00e9sente son nouveau logo - All cars news","og_description":"EV transition Le nouveau logo d'Opel reste un \u00e9l\u00e9ment central de l'Opel Vizor, l'un des \u00e9l\u00e9ments cl\u00e9s du design des mod\u00e8les Opel. L'\u00e9clair - connu sous le nom de \"Blitz\" en allemand - est \u00e9troitement li\u00e9 \u00e0 l'\u00e9lectricit\u00e9 et constitue le logo id\u00e9al pour symboliser la transition d'Opel vers une mobilit\u00e9 100 % \u00e9lectrique. Le Blitz \"Notre [...]","og_url":"https:\/\/all-car-news.com\/fr\/opel-presente-son-nouveau-logo\/","og_site_name":"All cars news","article_published_time":"2023-06-27T07:07:19+00:00","og_image":[{"url":"https:\/\/autorai.nl\/wp-content\/uploads\/2023\/06\/opel-nieuw-merklogo-foto2-1140x806.jpg"}],"twitter_card":"summary_large_image","twitter_misc":{"Dur\u00e9e de lecture estim\u00e9e":"1 minute"},"schema":{"@context":"https:\/\/schema.org","@graph":[{"@type":"Article","@id":"https:\/\/all-car-news.com\/fr\/opel-presente-son-nouveau-logo\/#article","isPartOf":{"@id":"https:\/\/all-car-news.com\/fr\/opel-presente-son-nouveau-logo\/"},"author":{"name":"","@id":""},"headline":"Opel pr\u00e9sente son nouveau logo","datePublished":"2023-06-27T07:07:19+00:00","dateModified":"2023-06-27T07:07:19+00:00","mainEntityOfPage":{"@id":"https:\/\/all-car-news.com\/fr\/opel-presente-son-nouveau-logo\/"},"wordCount":276,"publisher":{"@id":"https:\/\/all-car-news.com\/fr\/#organization"},"articleSection":["Fond","nouvelles de voiture"],"inLanguage":"fr-FR"},{"@type":"WebPage","@id":"https:\/\/all-car-news.com\/fr\/opel-presente-son-nouveau-logo\/","url":"https:\/\/all-car-news.com\/fr\/opel-presente-son-nouveau-logo\/","name":"Opel pr\u00e9sente son nouveau logo - All cars news","isPartOf":{"@id":"https:\/\/all-car-news.com\/fr\/#website"},"datePublished":"2023-06-27T07:07:19+00:00","dateModified":"2023-06-27T07:07:19+00:00","breadcrumb":{"@id":"https:\/\/all-car-news.com\/fr\/opel-presente-son-nouveau-logo\/#breadcrumb"},"inLanguage":"fr-FR","potentialAction":[{"@type":"ReadAction","target":["https:\/\/all-car-news.com\/fr\/opel-presente-son-nouveau-logo\/"]}]},{"@type":"BreadcrumbList","@id":"https:\/\/all-car-news.com\/fr\/opel-presente-son-nouveau-logo\/#breadcrumb","itemListElement":[{"@type":"ListItem","position":1,"name":"Home","item":"https:\/\/all-car-news.com\/fr\/"},{"@type":"ListItem","position":2,"name":"Opel pr\u00e9sente son nouveau logo"}]},{"@type":"WebSite","@id":"https:\/\/all-car-news.com\/fr\/#website","url":"https:\/\/all-car-news.com\/fr\/","name":"All cars news","description":"","publisher":{"@id":"https:\/\/all-car-news.com\/fr\/#organization"},"potentialAction":[{"@type":"SearchAction","target":{"@type":"EntryPoint","urlTemplate":"https:\/\/all-car-news.com\/fr\/?s={search_term_string}"},"query-input":"required name=search_term_string"}],"inLanguage":"fr-FR"},{"@type":"Organization","@id":"https:\/\/all-car-news.com\/fr\/#organization","name":"All cars news","url":"https:\/\/all-car-news.com\/fr\/","logo":{"@type":"ImageObject","inLanguage":"fr-FR","@id":"https:\/\/all-car-news.com\/fr\/#\/schema\/logo\/image\/","url":"https:\/\/all-car-news.com\/wp-content\/uploads\/2022\/02\/CMYK-AllCarNews_LANDSCAPE_300px-1.png","contentUrl":"https:\/\/all-car-news.com\/wp-content\/uploads\/2022\/02\/CMYK-AllCarNews_LANDSCAPE_300px-1.png","width":300,"height":100,"caption":"All cars news"},"image":{"@id":"https:\/\/all-car-news.com\/fr\/#\/schema\/logo\/image\/"}}]}},"_links":{"self":[{"href":"https:\/\/all-car-news.com\/fr\/wp-json\/wp\/v2\/posts\/136764","targetHints":{"allow":["GET"]}}],"collection":[{"href":"https:\/\/all-car-news.com\/fr\/wp-json\/wp\/v2\/posts"}],"about":[{"href":"https:\/\/all-car-news.com\/fr\/wp-json\/wp\/v2\/types\/post"}],"replies":[{"embeddable":true,"href":"https:\/\/all-car-news.com\/fr\/wp-json\/wp\/v2\/comments?post=136764"}],"version-history":[{"count":0,"href":"https:\/\/all-car-news.com\/fr\/wp-json\/wp\/v2\/posts\/136764\/revisions"}],"wp:featuredmedia":[{"embeddable":true,"href":"https:\/\/all-car-news.com\/fr\/wp-json\/wp\/v2\/media\/136745"}],"wp:attachment":[{"href":"https:\/\/all-car-news.com\/fr\/wp-json\/wp\/v2\/media?parent=136764"}],"wp:term":[{"taxonomy":"category","embeddable":true,"href":"https:\/\/all-car-news.com\/fr\/wp-json\/wp\/v2\/categories?post=136764"},{"taxonomy":"post_tag","embeddable":true,"href":"https:\/\/all-car-news.com\/fr\/wp-json\/wp\/v2\/tags?post=136764"}],"curies":[{"name":"wp","href":"https:\/\/api.w.org\/{rel}","templated":true}]}}