{"id":136695,"date":"2023-06-23T08:35:04","date_gmt":"2023-06-23T08:35:04","guid":{"rendered":"https:\/\/all-car-news.com\/portrait-de-voiture-delorean-dmc-12-derik\/"},"modified":"2023-06-23T08:35:04","modified_gmt":"2023-06-23T08:35:04","slug":"portrait-de-voiture-delorean-dmc-12-derik","status":"publish","type":"post","link":"https:\/\/all-car-news.com\/fr\/portrait-de-voiture-delorean-dmc-12-derik\/","title":{"rendered":"Portrait de voiture : DeLorean DMC-12 d&rsquo;Erik"},"content":{"rendered":"<h2>Retour vers le futur&#8230;<\/h2>\n<p>La DeLorean DMC-12 est une voiture de sport embl\u00e9matique qui a acquis une renomm\u00e9e mondiale gr\u00e2ce \u00e0 son r\u00f4le dans la l\u00e9gendaire s\u00e9rie de films <em>Retour vers le<\/em> futur. La DeLorean DMC-12, con\u00e7ue par John DeLorean et produite entre 1981 et 1983, s&rsquo;est imm\u00e9diatement distingu\u00e9e par sa carrosserie en acier inoxydable et ses portes papillon. Ce n&rsquo;est que lorsque la voiture a \u00e9t\u00e9 utilis\u00e9e comme \u00ab\u00a0machine \u00e0 remonter le temps\u00a0\u00bb dans la c\u00e9l\u00e8bre <em>trilogie de films \u00ab\u00a0Retour vers le futur<\/em>\u00a0\u00bb que la DeLorean a acquis un statut culte. L&rsquo;image de la DeLorean traversant le temps avec une tra\u00een\u00e9e de feu est encore grav\u00e9e dans l&rsquo;esprit de millions de personnes.<\/p>\n<figure class=\"wp-block-image size-content\"><img decoding=\"async\" loading=\"lazy\" width=\"1140\" height=\"760\" src=\"https:\/\/autorai.nl\/wp-content\/uploads\/2023\/06\/dedelorean-dmc-12-autoportret-erik-foto-yn-automotive-foto19-1140x760.jpg\" alt=\"\" class=\"wp-image-161473\"><\/figure>\n<h2>Moteur PRV<\/h2>\n<p>Sous l&rsquo;\u00e9tonnante carrosserie en acier inoxydable se cache un moteur V6 de 2,8 litres produit par Peugeot-Renault-Volvo (PRV). Ce moteur produit environ 130 ch. La DeLorean \u00e9tait \u00e9quip\u00e9e d&rsquo;une bo\u00eete de vitesses manuelle \u00e0 cinq rapports (une bo\u00eete de vitesses automatique \u00e9tait disponible en option). Bien que les performances de la DeLorean ne soient pas spectaculaires par rapport aux autres voitures de sport de l&rsquo;\u00e9poque, elle n&rsquo;est pas lente pour autant. Le DMC-12 est \u00e9galement dot\u00e9 d&rsquo;une traction arri\u00e8re. Assez parl\u00e9 des sp\u00e9cifications, il est temps de laisser Erik parler !<\/p>\n<figure class=\"wp-block-image size-content\"><img decoding=\"async\" loading=\"lazy\" width=\"1140\" height=\"760\" src=\"https:\/\/autorai.nl\/wp-content\/uploads\/2023\/06\/dedelorean-dmc-12-autoportret-erik-foto-yn-automotive-foto3-1140x760.jpg\" alt=\"\" class=\"wp-image-161457\"><\/figure>\n<h3>Comment avez-vous obtenu la DeLorean et y aura-t-il un jour un successeur ?<\/h3>\n<p>\u00ab\u00a0J&rsquo;ai h\u00e9rit\u00e9 de la DeLorean de mon p\u00e8re en 2018. Il avait achet\u00e9 la voiture en 2004 apr\u00e8s avoir subi une h\u00e9morragie c\u00e9r\u00e9brale. Il avait d\u00e9cid\u00e9 de profiter davantage de ce moment d\u00e9sagr\u00e9able, ce qu&rsquo;il a fait en achetant la voiture de ses r\u00eaves. L&rsquo;avantage de poss\u00e9der une DeLorean, c&rsquo;est qu&rsquo;elle vous donne acc\u00e8s \u00e0 toute une communaut\u00e9. Il existe un club aux Pays-Bas qui compte une quarantaine de voitures, dont la moiti\u00e9 est conduite r\u00e9guli\u00e8rement. J&rsquo;appr\u00e9cie cette voiture non seulement \u00e0 cause de mon p\u00e8re, mais aussi parce que c&rsquo;est une tr\u00e8s belle voiture ancienne. Si je devais moi-m\u00eame choisir une voiture, je choisirais une Honda NSX classique.<\/p>\n<p>Lorsqu&rsquo;on lui a demand\u00e9 s&rsquo;il \u00e9changerait sa DeLorean contre une Honda NSX, Erik a r\u00e9pondu avec fermet\u00e9 : \u00ab\u00a0Non, la DeLorean ne dispara\u00eetra jamais. J&rsquo;aimerais bien conduire une Honda NSX un jour. La DeLorean restera dans la famille et si cela d\u00e9pend de moi, elle ne partira jamais.<\/p>\n<figure class=\"wp-block-image size-content\"><img decoding=\"async\" loading=\"lazy\" width=\"1140\" height=\"760\" src=\"https:\/\/autorai.nl\/wp-content\/uploads\/2023\/06\/dedelorean-dmc-12-autoportret-erik-foto-yn-automotive-foto22-1140x760.jpg\" alt=\"\" class=\"wp-image-161476\"><\/figure>\n<h3>Quel est votre meilleur souvenir de la voiture ?<\/h3>\n<p>\u00ab\u00a0Le meilleur souvenir est un \u00e9v\u00e9nement DeLorean auquel j&rsquo;ai assist\u00e9 avec mon p\u00e8re. Tous les cinq ans, il y a un grand \u00e9v\u00e9nement \u00e0 Belfast, o\u00f9 la voiture a \u00e9t\u00e9 fabriqu\u00e9e. Mon p\u00e8re s&rsquo;est rendu \u00e0 Belfast en 2006 avec mon fr\u00e8re, en 2011 avec ma s\u0153ur et en 2016 avec moi. Un h\u00f4tel est alors lou\u00e9 et une quarantaine de DeLorean sont pr\u00e9sentes. Nous visitons ensuite quelques mus\u00e9es et l&rsquo;ancienne usine DeLorean o\u00f9 sont actuellement fabriqu\u00e9es les pi\u00e8ces Peugeot. Nous aurons \u00e9galement l&rsquo;occasion de faire quelques tours d&rsquo;essai sur la piste. Je suis tr\u00e8s reconnaissant d&rsquo;avoir pu vivre cette exp\u00e9rience avec mon p\u00e8re et je n&rsquo;oublierai jamais ce souvenir.<\/p>\n<figure class=\"wp-block-image size-content\"><img decoding=\"async\" loading=\"lazy\" width=\"1140\" height=\"760\" src=\"https:\/\/autorai.nl\/wp-content\/uploads\/2023\/06\/dedelorean-dmc-12-autoportret-erik-foto-yn-automotive-foto24-1140x760.jpg\" alt=\"\" class=\"wp-image-161478\"><\/figure>\n<h3>Que pr\u00e9voyez-vous de faire (ou de faire faire) d&rsquo;autre \u00e0 votre voiture ?<\/h3>\n<p>\u00ab\u00a0Je n&rsquo;ai pas l&rsquo;intention de faire grand-chose. Dans le pass\u00e9, j&rsquo;ai effectu\u00e9 des mises \u00e0 jour de s\u00e9curit\u00e9, comme l&rsquo;am\u00e9lioration de la suspension, donc certaines choses ont \u00e9t\u00e9 faites. Pour l&rsquo;avenir, je l&rsquo;entretiens bien et je continuerai \u00e0 le faire. Ce qui pourrait me plaire, c&rsquo;est un kit d&rsquo;abaissement. La voiture serait alors un peu plus basse. Mais j&rsquo;ai encore des doutes \u00e0 ce sujet, car il est actuellement assez facile de franchir les seuils en douceur. De plus, l&rsquo;acier inoxydable pourrait avoir besoin d&rsquo;\u00eatre bross\u00e9, mais c&rsquo;est plut\u00f4t une id\u00e9e pour l&rsquo;avenir. Je consid\u00e8re qu&rsquo;il est de mon devoir d&rsquo;entretenir la voiture. Je trouve aussi que c&rsquo;est bien de partager ma passion avec d&rsquo;autres. J&rsquo;ai r\u00e9guli\u00e8rement des passionn\u00e9s qui se tiennent pr\u00e8s de ma voiture et j&rsquo;aime bien laisser les gens s&rsquo;asseoir dans ma voiture.<\/p>\n<h3>D&rsquo;o\u00f9 vient votre passion pour l&rsquo;automobile ?<\/h3>\n<p>\u00ab\u00a0La passion pour les voitures, je ne la tiens pas tellement de mon p\u00e8re. Nous allions parfois voir des courses au Circuitpark Zandvoort et au salon AutoRAI, mais il n&rsquo;\u00e9tait pas vraiment un passionn\u00e9 de voitures. Un ancien coll\u00e8gue de mon p\u00e8re poss\u00e9dait une tr\u00e8s belle Porsche 911 verte. Mes parents empruntaient parfois cette Porsche. Ils ont alors pr\u00e9tendu que la Porsche leur appartenait et m&rsquo;ont dit que si je r\u00e9ussissais bien \u00e0 l&rsquo;\u00e9cole, je pourrais m&rsquo;acheter une aussi belle voiture. C&rsquo;est peut-\u00eatre \u00e0 ce moment-l\u00e0 qu&rsquo;une graine a \u00e9t\u00e9 plant\u00e9e\u00a0\u00bb, explique Erik en riant.<\/p>\n<p><strong>Photographie : <a href=\"https:\/\/www.instagram.com\/yn.automotive\/\" target=\"_blank\" rel=\"noreferrer noopener\">YN Automotive<\/a><\/strong><\/p>\n<div class=\"galery shuffle galery-0\">\n<figure>\n\t\t\t\t\t<span style=\"cursor: pointer\" data-src=\"https:\/\/autorai.nl\/wp-content\/uploads\/2023\/06\/dedelorean-dmc-12-autoportret-erik-foto-yn-automotive-foto23-1600x1067.jpg\" data-fancybox=\"galery-0\" title=\"\"><br \/>\n\t\t\t\t\t\t\t<img decoding=\"async\" width=\"640\" height=\"480\" src=\"https:\/\/autorai.nl\/wp-content\/uploads\/2023\/06\/dedelorean-dmc-12-autoportret-erik-foto-yn-automotive-foto23-640x480.jpg\" class=\"attachment-medium size-medium\" alt=\"\" loading=\"lazy\"><i class=\"fa fa-search-plus\" aria-hidden=\"true\"><\/i><br \/>\n\t\t\t\t\t\t<\/span><br \/>\n\t\t\t\t\t<\/figure>\n<figure>\n\t\t\t\t\t<span style=\"cursor: pointer\" data-src=\"https:\/\/autorai.nl\/wp-content\/uploads\/2023\/06\/dedelorean-dmc-12-autoportret-erik-foto-yn-automotive-foto21-1600x1067.jpg\" data-fancybox=\"galery-0\" title=\"\"><br \/>\n\t\t\t\t\t\t\t<img decoding=\"async\" width=\"360\" height=\"270\" src=\"https:\/\/autorai.nl\/wp-content\/uploads\/2023\/06\/dedelorean-dmc-12-autoportret-erik-foto-yn-automotive-foto21-360x270.jpg\" class=\"attachment-small size-small\" alt=\"\" loading=\"lazy\"><i class=\"fa fa-search-plus\" aria-hidden=\"true\"><\/i><br \/>\n\t\t\t\t\t\t<\/span><br \/>\n\t\t\t\t\t<\/figure>\n<figure>\n\t\t\t\t\t<span style=\"cursor: pointer\" data-src=\"https:\/\/autorai.nl\/wp-content\/uploads\/2023\/06\/dedelorean-dmc-12-autoportret-erik-foto-yn-automotive-foto20-1600x1067.jpg\" data-fancybox=\"galery-0\" title=\"\"><br \/>\n\t\t\t\t\t\t\t<img decoding=\"async\" width=\"360\" height=\"270\" src=\"https:\/\/autorai.nl\/wp-content\/uploads\/2023\/06\/dedelorean-dmc-12-autoportret-erik-foto-yn-automotive-foto20-360x270.jpg\" class=\"attachment-small size-small\" alt=\"\" loading=\"lazy\"><i class=\"fa fa-search-plus\" aria-hidden=\"true\"><\/i><br \/>\n\t\t\t\t\t\t<\/span><br \/>\n\t\t\t\t\t<\/figure>\n<figure>\n\t\t\t\t\t<span style=\"cursor: pointer\" data-src=\"https:\/\/autorai.nl\/wp-content\/uploads\/2023\/06\/dedelorean-dmc-12-autoportret-erik-foto-yn-automotive-foto19-1600x1067.jpg\" data-fancybox=\"galery-0\" title=\"\"><br \/>\n\t\t\t\t\t\t\t<img decoding=\"async\" width=\"640\" height=\"480\" src=\"https:\/\/autorai.nl\/wp-content\/uploads\/2023\/06\/dedelorean-dmc-12-autoportret-erik-foto-yn-automotive-foto19-640x480.jpg\" class=\"attachment-medium size-medium\" alt=\"\" loading=\"lazy\"><i class=\"fa fa-search-plus\" aria-hidden=\"true\"><\/i><br \/>\n\t\t\t\t\t\t<\/span><br \/>\n\t\t\t\t\t<\/figure>\n<figure>\n\t\t\t\t\t<span style=\"cursor: pointer\" data-src=\"https:\/\/autorai.nl\/wp-content\/uploads\/2023\/06\/dedelorean-dmc-12-autoportret-erik-foto-yn-automotive-foto18-1600x1067.jpg\" data-fancybox=\"galery-0\" title=\"\"><br \/>\n\t\t\t\t\t\t\t<img decoding=\"async\" width=\"360\" height=\"270\" src=\"https:\/\/autorai.nl\/wp-content\/uploads\/2023\/06\/dedelorean-dmc-12-autoportret-erik-foto-yn-automotive-foto18-360x270.jpg\" class=\"attachment-small size-small\" alt=\"\" loading=\"lazy\"><i class=\"fa fa-search-plus\" aria-hidden=\"true\"><\/i><br \/>\n\t\t\t\t\t\t<\/span><br \/>\n\t\t\t\t\t<\/figure>\n<figure>\n\t\t\t\t\t<span style=\"cursor: pointer\" data-src=\"https:\/\/autorai.nl\/wp-content\/uploads\/2023\/06\/dedelorean-dmc-12-autoportret-erik-foto-yn-automotive-foto17-1600x1067.jpg\" data-fancybox=\"galery-0\" title=\"\"><br \/>\n\t\t\t\t\t\t\t<img decoding=\"async\" width=\"360\" height=\"270\" src=\"https:\/\/autorai.nl\/wp-content\/uploads\/2023\/06\/dedelorean-dmc-12-autoportret-erik-foto-yn-automotive-foto17-360x270.jpg\" class=\"attachment-small size-small\" alt=\"\" loading=\"lazy\"><i class=\"fa fa-search-plus\" aria-hidden=\"true\"><\/i><br \/>\n\t\t\t\t\t\t<\/span><br \/>\n\t\t\t\t\t<\/figure>\n<figure>\n\t\t\t\t\t<span style=\"cursor: pointer\" data-src=\"https:\/\/autorai.nl\/wp-content\/uploads\/2023\/06\/dedelorean-dmc-12-autoportret-erik-foto-yn-automotive-foto16-1600x1067.jpg\" data-fancybox=\"galery-0\" title=\"\"><br \/>\n\t\t\t\t\t\t\t<img decoding=\"async\" width=\"640\" height=\"480\" src=\"https:\/\/autorai.nl\/wp-content\/uploads\/2023\/06\/dedelorean-dmc-12-autoportret-erik-foto-yn-automotive-foto16-640x480.jpg\" class=\"attachment-medium size-medium\" alt=\"\" loading=\"lazy\"><i class=\"fa fa-search-plus\" aria-hidden=\"true\"><\/i><br \/>\n\t\t\t\t\t\t<\/span><br \/>\n\t\t\t\t\t<\/figure>\n<figure>\n\t\t\t\t\t<span style=\"cursor: pointer\" data-src=\"https:\/\/autorai.nl\/wp-content\/uploads\/2023\/06\/dedelorean-dmc-12-autoportret-erik-foto-yn-automotive-foto15-1600x1067.jpg\" data-fancybox=\"galery-0\" title=\"\"><br \/>\n\t\t\t\t\t\t\t<img decoding=\"async\" width=\"360\" height=\"270\" src=\"https:\/\/autorai.nl\/wp-content\/uploads\/2023\/06\/dedelorean-dmc-12-autoportret-erik-foto-yn-automotive-foto15-360x270.jpg\" class=\"attachment-small size-small\" alt=\"\" loading=\"lazy\"><i class=\"fa fa-search-plus\" aria-hidden=\"true\"><\/i><br \/>\n\t\t\t\t\t\t<\/span><br \/>\n\t\t\t\t\t<\/figure>\n<figure>\n\t\t\t\t\t<span style=\"cursor: pointer\" data-src=\"https:\/\/autorai.nl\/wp-content\/uploads\/2023\/06\/dedelorean-dmc-12-autoportret-erik-foto-yn-automotive-foto14-1600x1067.jpg\" data-fancybox=\"galery-0\" title=\"\"><br \/>\n\t\t\t\t\t\t\t<img decoding=\"async\" width=\"360\" height=\"270\" src=\"https:\/\/autorai.nl\/wp-content\/uploads\/2023\/06\/dedelorean-dmc-12-autoportret-erik-foto-yn-automotive-foto14-360x270.jpg\" class=\"attachment-small size-small\" alt=\"\" loading=\"lazy\"><i class=\"fa fa-search-plus\" aria-hidden=\"true\"><\/i><br \/>\n\t\t\t\t\t\t<\/span><br \/>\n\t\t\t\t\t<\/figure>\n<figure>\n\t\t\t\t\t<span style=\"cursor: pointer\" data-src=\"https:\/\/autorai.nl\/wp-content\/uploads\/2023\/06\/dedelorean-dmc-12-autoportret-erik-foto-yn-automotive-foto13-1600x1067.jpg\" data-fancybox=\"galery-0\" title=\"\"><br \/>\n\t\t\t\t\t\t\t<img decoding=\"async\" width=\"640\" height=\"480\" src=\"https:\/\/autorai.nl\/wp-content\/uploads\/2023\/06\/dedelorean-dmc-12-autoportret-erik-foto-yn-automotive-foto13-640x480.jpg\" class=\"attachment-medium size-medium\" alt=\"\" loading=\"lazy\"><i class=\"fa fa-search-plus\" aria-hidden=\"true\"><\/i><br \/>\n\t\t\t\t\t\t<\/span><br \/>\n\t\t\t\t\t<\/figure>\n<figure>\n\t\t\t\t\t<span style=\"cursor: pointer\" data-src=\"https:\/\/autorai.nl\/wp-content\/uploads\/2023\/06\/dedelorean-dmc-12-autoportret-erik-foto-yn-automotive-foto12-1600x1067.jpg\" data-fancybox=\"galery-0\" title=\"\"><br \/>\n\t\t\t\t\t\t\t<img decoding=\"async\" width=\"360\" height=\"270\" src=\"https:\/\/autorai.nl\/wp-content\/uploads\/2023\/06\/dedelorean-dmc-12-autoportret-erik-foto-yn-automotive-foto12-360x270.jpg\" class=\"attachment-small size-small\" alt=\"\" loading=\"lazy\"><i class=\"fa fa-search-plus\" aria-hidden=\"true\"><\/i><br \/>\n\t\t\t\t\t\t<\/span><br \/>\n\t\t\t\t\t<\/figure>\n<figure>\n\t\t\t\t\t<span style=\"cursor: pointer\" data-src=\"https:\/\/autorai.nl\/wp-content\/uploads\/2023\/06\/dedelorean-dmc-12-autoportret-erik-foto-yn-automotive-foto11-1600x1067.jpg\" data-fancybox=\"galery-0\" title=\"\"><br \/>\n\t\t\t\t\t\t\t<img decoding=\"async\" width=\"360\" height=\"270\" src=\"https:\/\/autorai.nl\/wp-content\/uploads\/2023\/06\/dedelorean-dmc-12-autoportret-erik-foto-yn-automotive-foto11-360x270.jpg\" class=\"attachment-small size-small\" alt=\"\" loading=\"lazy\"><i class=\"fa fa-search-plus\" aria-hidden=\"true\"><\/i><br \/>\n\t\t\t\t\t\t<\/span><br \/>\n\t\t\t\t\t<\/figure>\n<figure>\n\t\t\t\t\t<span style=\"cursor: pointer\" data-src=\"https:\/\/autorai.nl\/wp-content\/uploads\/2023\/06\/dedelorean-dmc-12-autoportret-erik-foto-yn-automotive-foto10-1600x1067.jpg\" data-fancybox=\"galery-0\" title=\"\"><br \/>\n\t\t\t\t\t\t\t<img decoding=\"async\" width=\"640\" height=\"480\" src=\"https:\/\/autorai.nl\/wp-content\/uploads\/2023\/06\/dedelorean-dmc-12-autoportret-erik-foto-yn-automotive-foto10-640x480.jpg\" class=\"attachment-medium size-medium\" alt=\"\" loading=\"lazy\"><i class=\"fa fa-search-plus\" aria-hidden=\"true\"><\/i><br \/>\n\t\t\t\t\t\t<\/span><br \/>\n\t\t\t\t\t<\/figure>\n<figure>\n\t\t\t\t\t<span style=\"cursor: pointer\" data-src=\"https:\/\/autorai.nl\/wp-content\/uploads\/2023\/06\/dedelorean-dmc-12-autoportret-erik-foto-yn-automotive-foto9-1600x1067.jpg\" data-fancybox=\"galery-0\" title=\"\"><br \/>\n\t\t\t\t\t\t\t<img decoding=\"async\" width=\"360\" height=\"270\" src=\"https:\/\/autorai.nl\/wp-content\/uploads\/2023\/06\/dedelorean-dmc-12-autoportret-erik-foto-yn-automotive-foto9-360x270.jpg\" class=\"attachment-small size-small\" alt=\"\" loading=\"lazy\"><i class=\"fa fa-search-plus\" aria-hidden=\"true\"><\/i><br \/>\n\t\t\t\t\t\t<\/span><br \/>\n\t\t\t\t\t<\/figure>\n<figure>\n\t\t\t\t\t<span style=\"cursor: pointer\" data-src=\"https:\/\/autorai.nl\/wp-content\/uploads\/2023\/06\/dedelorean-dmc-12-autoportret-erik-foto-yn-automotive-foto8-1600x1067.jpg\" data-fancybox=\"galery-0\" title=\"\"><br \/>\n\t\t\t\t\t\t\t<img decoding=\"async\" width=\"360\" height=\"270\" src=\"https:\/\/autorai.nl\/wp-content\/uploads\/2023\/06\/dedelorean-dmc-12-autoportret-erik-foto-yn-automotive-foto8-360x270.jpg\" class=\"attachment-small size-small\" alt=\"\" loading=\"lazy\"><i class=\"fa fa-search-plus\" aria-hidden=\"true\"><\/i><br \/>\n\t\t\t\t\t\t<\/span><br \/>\n\t\t\t\t\t<\/figure>\n<figure>\n\t\t\t\t\t<span style=\"cursor: pointer\" data-src=\"https:\/\/autorai.nl\/wp-content\/uploads\/2023\/06\/dedelorean-dmc-12-autoportret-erik-foto-yn-automotive-foto5-1600x1067.jpg\" data-fancybox=\"galery-0\" title=\"\"><br \/>\n\t\t\t\t\t\t\t<img decoding=\"async\" width=\"640\" height=\"480\" src=\"https:\/\/autorai.nl\/wp-content\/uploads\/2023\/06\/dedelorean-dmc-12-autoportret-erik-foto-yn-automotive-foto5-640x480.jpg\" class=\"attachment-medium size-medium\" alt=\"\" loading=\"lazy\"><i class=\"fa fa-search-plus\" aria-hidden=\"true\"><\/i><br \/>\n\t\t\t\t\t\t<\/span><br \/>\n\t\t\t\t\t<\/figure>\n<figure>\n\t\t\t\t\t<span style=\"cursor: pointer\" data-src=\"https:\/\/autorai.nl\/wp-content\/uploads\/2023\/06\/dedelorean-dmc-12-autoportret-erik-foto-yn-automotive-foto1-1600x1067.jpg\" data-fancybox=\"galery-0\" title=\"\"><br \/>\n\t\t\t\t\t\t\t<img decoding=\"async\" width=\"360\" height=\"270\" src=\"https:\/\/autorai.nl\/wp-content\/uploads\/2023\/06\/dedelorean-dmc-12-autoportret-erik-foto-yn-automotive-foto1-360x270.jpg\" class=\"attachment-small size-small\" alt=\"\" loading=\"lazy\"><i class=\"fa fa-search-plus\" aria-hidden=\"true\"><\/i><br \/>\n\t\t\t\t\t\t<\/span><br \/>\n\t\t\t\t\t<\/figure>\n<figure>\n\t\t\t\t\t<span style=\"cursor: pointer\" data-src=\"https:\/\/autorai.nl\/wp-content\/uploads\/2023\/06\/dedelorean-dmc-12-autoportret-erik-foto-yn-automotive-foto2-1600x1067.jpg\" data-fancybox=\"galery-0\" title=\"\"><br \/>\n\t\t\t\t\t\t\t<img decoding=\"async\" width=\"360\" height=\"270\" src=\"https:\/\/autorai.nl\/wp-content\/uploads\/2023\/06\/dedelorean-dmc-12-autoportret-erik-foto-yn-automotive-foto2-360x270.jpg\" class=\"attachment-small size-small\" alt=\"\" loading=\"lazy\"><i class=\"fa fa-search-plus\" aria-hidden=\"true\"><\/i><br \/>\n\t\t\t\t\t\t<\/span><br \/>\n\t\t\t\t\t<\/figure>\n<div class=\"clear\"><\/div>\n<\/div>\n","protected":false},"excerpt":{"rendered":"Retour vers le futur... La DeLorean DMC-12 est une voiture de sport embl\u00e9matique qui a acquis une renomm\u00e9e mondiale gr\u00e2ce\u2026","protected":false},"author":0,"featured_media":136690,"comment_status":"","ping_status":"open","sticky":false,"template":"","format":"standard","meta":{"footnotes":""},"categories":[127],"tags":[],"class_list":["post-136695","post","type-post","status-publish","format-standard","has-post-thumbnail","hentry","category-nouvelles-de-voiture"],"acf":[],"yoast_head":"<!-- This site is optimized with the Yoast SEO plugin v21.2 - https:\/\/yoast.com\/wordpress\/plugins\/seo\/ -->\n<title>Portrait de voiture : DeLorean DMC-12 d&#039;Erik - All cars news<\/title>\n<meta name=\"robots\" content=\"index, follow, max-snippet:-1, max-image-preview:large, max-video-preview:-1\" \/>\n<link rel=\"canonical\" href=\"https:\/\/all-car-news.com\/fr\/portrait-de-voiture-delorean-dmc-12-derik\/\" \/>\n<meta property=\"og:locale\" content=\"fr_FR\" \/>\n<meta property=\"og:type\" content=\"article\" \/>\n<meta property=\"og:title\" content=\"Portrait de voiture : DeLorean DMC-12 d&#039;Erik - All cars news\" \/>\n<meta property=\"og:description\" content=\"Retour vers le futur... La DeLorean DMC-12 est une voiture de sport embl\u00e9matique qui a acquis une renomm\u00e9e mondiale gr\u00e2ce \u00e0 son r\u00f4le dans la l\u00e9gendaire s\u00e9rie de films Retour vers le futur. La DeLorean DMC-12, con\u00e7ue par John DeLorean et produite entre 1981 et 1983, s&#039;est imm\u00e9diatement distingu\u00e9e par sa carrosserie en acier inoxydable et ses portes papillon. Ce n&#039;est que lorsque le [...]\" \/>\n<meta property=\"og:url\" content=\"https:\/\/all-car-news.com\/fr\/portrait-de-voiture-delorean-dmc-12-derik\/\" \/>\n<meta property=\"og:site_name\" content=\"All cars news\" \/>\n<meta property=\"article:published_time\" content=\"2023-06-23T08:35:04+00:00\" \/>\n<meta property=\"og:image\" content=\"https:\/\/autorai.nl\/wp-content\/uploads\/2023\/06\/dedelorean-dmc-12-autoportret-erik-foto-yn-automotive-foto19-1140x760.jpg\" \/>\n<meta name=\"twitter:card\" content=\"summary_large_image\" \/>\n<meta name=\"twitter:label1\" content=\"Dur\u00e9e de lecture estim\u00e9e\" \/>\n\t<meta name=\"twitter:data1\" content=\"4 minutes\" \/>\n<script type=\"application\/ld+json\" class=\"yoast-schema-graph\">{\"@context\":\"https:\/\/schema.org\",\"@graph\":[{\"@type\":\"Article\",\"@id\":\"https:\/\/all-car-news.com\/fr\/portrait-de-voiture-delorean-dmc-12-derik\/#article\",\"isPartOf\":{\"@id\":\"https:\/\/all-car-news.com\/fr\/portrait-de-voiture-delorean-dmc-12-derik\/\"},\"author\":{\"name\":\"\",\"@id\":\"\"},\"headline\":\"Portrait de voiture : DeLorean DMC-12 d&rsquo;Erik\",\"datePublished\":\"2023-06-23T08:35:04+00:00\",\"dateModified\":\"2023-06-23T08:35:04+00:00\",\"mainEntityOfPage\":{\"@id\":\"https:\/\/all-car-news.com\/fr\/portrait-de-voiture-delorean-dmc-12-derik\/\"},\"wordCount\":806,\"publisher\":{\"@id\":\"https:\/\/all-car-news.com\/fr\/#organization\"},\"articleSection\":[\"nouvelles de voiture\"],\"inLanguage\":\"fr-FR\"},{\"@type\":\"WebPage\",\"@id\":\"https:\/\/all-car-news.com\/fr\/portrait-de-voiture-delorean-dmc-12-derik\/\",\"url\":\"https:\/\/all-car-news.com\/fr\/portrait-de-voiture-delorean-dmc-12-derik\/\",\"name\":\"Portrait de voiture : DeLorean DMC-12 d'Erik - All cars news\",\"isPartOf\":{\"@id\":\"https:\/\/all-car-news.com\/fr\/#website\"},\"datePublished\":\"2023-06-23T08:35:04+00:00\",\"dateModified\":\"2023-06-23T08:35:04+00:00\",\"breadcrumb\":{\"@id\":\"https:\/\/all-car-news.com\/fr\/portrait-de-voiture-delorean-dmc-12-derik\/#breadcrumb\"},\"inLanguage\":\"fr-FR\",\"potentialAction\":[{\"@type\":\"ReadAction\",\"target\":[\"https:\/\/all-car-news.com\/fr\/portrait-de-voiture-delorean-dmc-12-derik\/\"]}]},{\"@type\":\"BreadcrumbList\",\"@id\":\"https:\/\/all-car-news.com\/fr\/portrait-de-voiture-delorean-dmc-12-derik\/#breadcrumb\",\"itemListElement\":[{\"@type\":\"ListItem\",\"position\":1,\"name\":\"Home\",\"item\":\"https:\/\/all-car-news.com\/fr\/\"},{\"@type\":\"ListItem\",\"position\":2,\"name\":\"Portrait de voiture : DeLorean DMC-12 d&rsquo;Erik\"}]},{\"@type\":\"WebSite\",\"@id\":\"https:\/\/all-car-news.com\/fr\/#website\",\"url\":\"https:\/\/all-car-news.com\/fr\/\",\"name\":\"All cars news\",\"description\":\"\",\"publisher\":{\"@id\":\"https:\/\/all-car-news.com\/fr\/#organization\"},\"potentialAction\":[{\"@type\":\"SearchAction\",\"target\":{\"@type\":\"EntryPoint\",\"urlTemplate\":\"https:\/\/all-car-news.com\/fr\/?s={search_term_string}\"},\"query-input\":\"required name=search_term_string\"}],\"inLanguage\":\"fr-FR\"},{\"@type\":\"Organization\",\"@id\":\"https:\/\/all-car-news.com\/fr\/#organization\",\"name\":\"All cars news\",\"url\":\"https:\/\/all-car-news.com\/fr\/\",\"logo\":{\"@type\":\"ImageObject\",\"inLanguage\":\"fr-FR\",\"@id\":\"https:\/\/all-car-news.com\/fr\/#\/schema\/logo\/image\/\",\"url\":\"https:\/\/all-car-news.com\/wp-content\/uploads\/2022\/02\/CMYK-AllCarNews_LANDSCAPE_300px-1.png\",\"contentUrl\":\"https:\/\/all-car-news.com\/wp-content\/uploads\/2022\/02\/CMYK-AllCarNews_LANDSCAPE_300px-1.png\",\"width\":300,\"height\":100,\"caption\":\"All cars news\"},\"image\":{\"@id\":\"https:\/\/all-car-news.com\/fr\/#\/schema\/logo\/image\/\"}}]}<\/script>\n<!-- \/ Yoast SEO plugin. -->","yoast_head_json":{"title":"Portrait de voiture : DeLorean DMC-12 d'Erik - All cars news","robots":{"index":"index","follow":"follow","max-snippet":"max-snippet:-1","max-image-preview":"max-image-preview:large","max-video-preview":"max-video-preview:-1"},"canonical":"https:\/\/all-car-news.com\/fr\/portrait-de-voiture-delorean-dmc-12-derik\/","og_locale":"fr_FR","og_type":"article","og_title":"Portrait de voiture : DeLorean DMC-12 d'Erik - All cars news","og_description":"Retour vers le futur... La DeLorean DMC-12 est une voiture de sport embl\u00e9matique qui a acquis une renomm\u00e9e mondiale gr\u00e2ce \u00e0 son r\u00f4le dans la l\u00e9gendaire s\u00e9rie de films Retour vers le futur. La DeLorean DMC-12, con\u00e7ue par John DeLorean et produite entre 1981 et 1983, s'est imm\u00e9diatement distingu\u00e9e par sa carrosserie en acier inoxydable et ses portes papillon. Ce n'est que lorsque le [...]","og_url":"https:\/\/all-car-news.com\/fr\/portrait-de-voiture-delorean-dmc-12-derik\/","og_site_name":"All cars news","article_published_time":"2023-06-23T08:35:04+00:00","og_image":[{"url":"https:\/\/autorai.nl\/wp-content\/uploads\/2023\/06\/dedelorean-dmc-12-autoportret-erik-foto-yn-automotive-foto19-1140x760.jpg"}],"twitter_card":"summary_large_image","twitter_misc":{"Dur\u00e9e de lecture estim\u00e9e":"4 minutes"},"schema":{"@context":"https:\/\/schema.org","@graph":[{"@type":"Article","@id":"https:\/\/all-car-news.com\/fr\/portrait-de-voiture-delorean-dmc-12-derik\/#article","isPartOf":{"@id":"https:\/\/all-car-news.com\/fr\/portrait-de-voiture-delorean-dmc-12-derik\/"},"author":{"name":"","@id":""},"headline":"Portrait de voiture : DeLorean DMC-12 d&rsquo;Erik","datePublished":"2023-06-23T08:35:04+00:00","dateModified":"2023-06-23T08:35:04+00:00","mainEntityOfPage":{"@id":"https:\/\/all-car-news.com\/fr\/portrait-de-voiture-delorean-dmc-12-derik\/"},"wordCount":806,"publisher":{"@id":"https:\/\/all-car-news.com\/fr\/#organization"},"articleSection":["nouvelles de voiture"],"inLanguage":"fr-FR"},{"@type":"WebPage","@id":"https:\/\/all-car-news.com\/fr\/portrait-de-voiture-delorean-dmc-12-derik\/","url":"https:\/\/all-car-news.com\/fr\/portrait-de-voiture-delorean-dmc-12-derik\/","name":"Portrait de voiture : DeLorean DMC-12 d'Erik - All cars news","isPartOf":{"@id":"https:\/\/all-car-news.com\/fr\/#website"},"datePublished":"2023-06-23T08:35:04+00:00","dateModified":"2023-06-23T08:35:04+00:00","breadcrumb":{"@id":"https:\/\/all-car-news.com\/fr\/portrait-de-voiture-delorean-dmc-12-derik\/#breadcrumb"},"inLanguage":"fr-FR","potentialAction":[{"@type":"ReadAction","target":["https:\/\/all-car-news.com\/fr\/portrait-de-voiture-delorean-dmc-12-derik\/"]}]},{"@type":"BreadcrumbList","@id":"https:\/\/all-car-news.com\/fr\/portrait-de-voiture-delorean-dmc-12-derik\/#breadcrumb","itemListElement":[{"@type":"ListItem","position":1,"name":"Home","item":"https:\/\/all-car-news.com\/fr\/"},{"@type":"ListItem","position":2,"name":"Portrait de voiture : DeLorean DMC-12 d&rsquo;Erik"}]},{"@type":"WebSite","@id":"https:\/\/all-car-news.com\/fr\/#website","url":"https:\/\/all-car-news.com\/fr\/","name":"All cars news","description":"","publisher":{"@id":"https:\/\/all-car-news.com\/fr\/#organization"},"potentialAction":[{"@type":"SearchAction","target":{"@type":"EntryPoint","urlTemplate":"https:\/\/all-car-news.com\/fr\/?s={search_term_string}"},"query-input":"required name=search_term_string"}],"inLanguage":"fr-FR"},{"@type":"Organization","@id":"https:\/\/all-car-news.com\/fr\/#organization","name":"All cars news","url":"https:\/\/all-car-news.com\/fr\/","logo":{"@type":"ImageObject","inLanguage":"fr-FR","@id":"https:\/\/all-car-news.com\/fr\/#\/schema\/logo\/image\/","url":"https:\/\/all-car-news.com\/wp-content\/uploads\/2022\/02\/CMYK-AllCarNews_LANDSCAPE_300px-1.png","contentUrl":"https:\/\/all-car-news.com\/wp-content\/uploads\/2022\/02\/CMYK-AllCarNews_LANDSCAPE_300px-1.png","width":300,"height":100,"caption":"All cars news"},"image":{"@id":"https:\/\/all-car-news.com\/fr\/#\/schema\/logo\/image\/"}}]}},"_links":{"self":[{"href":"https:\/\/all-car-news.com\/fr\/wp-json\/wp\/v2\/posts\/136695","targetHints":{"allow":["GET"]}}],"collection":[{"href":"https:\/\/all-car-news.com\/fr\/wp-json\/wp\/v2\/posts"}],"about":[{"href":"https:\/\/all-car-news.com\/fr\/wp-json\/wp\/v2\/types\/post"}],"replies":[{"embeddable":true,"href":"https:\/\/all-car-news.com\/fr\/wp-json\/wp\/v2\/comments?post=136695"}],"version-history":[{"count":0,"href":"https:\/\/all-car-news.com\/fr\/wp-json\/wp\/v2\/posts\/136695\/revisions"}],"wp:featuredmedia":[{"embeddable":true,"href":"https:\/\/all-car-news.com\/fr\/wp-json\/wp\/v2\/media\/136690"}],"wp:attachment":[{"href":"https:\/\/all-car-news.com\/fr\/wp-json\/wp\/v2\/media?parent=136695"}],"wp:term":[{"taxonomy":"category","embeddable":true,"href":"https:\/\/all-car-news.com\/fr\/wp-json\/wp\/v2\/categories?post=136695"},{"taxonomy":"post_tag","embeddable":true,"href":"https:\/\/all-car-news.com\/fr\/wp-json\/wp\/v2\/tags?post=136695"}],"curies":[{"name":"wp","href":"https:\/\/api.w.org\/{rel}","templated":true}]}}