{"id":136669,"date":"2023-06-22T08:05:17","date_gmt":"2023-06-22T08:05:17","guid":{"rendered":"https:\/\/all-car-news.com\/les-pays-bas-et-la-belgique-travaillent-sur-le-projet-light-vehicle-2025-de-quoi-sagit-il\/"},"modified":"2023-06-22T08:05:17","modified_gmt":"2023-06-22T08:05:17","slug":"les-pays-bas-et-la-belgique-travaillent-sur-le-projet-light-vehicle-2025-de-quoi-sagit-il","status":"publish","type":"post","link":"https:\/\/all-car-news.com\/fr\/les-pays-bas-et-la-belgique-travaillent-sur-le-projet-light-vehicle-2025-de-quoi-sagit-il\/","title":{"rendered":"Les Pays-Bas et la Belgique travaillent sur le projet Light Vehicle 2025, de quoi s&rsquo;agit-il ?"},"content":{"rendered":"<h2>\u00c0 propos du projet \u00ab\u00a0V\u00e9hicule l\u00e9ger 2025<\/h2>\n<p>Le projet \u00ab\u00a0V\u00e9hicule l\u00e9ger 2025\u00a0\u00bb est un projet de mobilit\u00e9 durable financ\u00e9 par l&rsquo;UE qui vise \u00e0 r\u00e9duire davantage les \u00e9missions de CO2. Le projet innove activement dans l&rsquo;application de mat\u00e9riaux plus l\u00e9gers et plus circulaires pour les v\u00e9hicules commerciaux et les voitures particuli\u00e8res. Le projet de coop\u00e9ration est compos\u00e9 d&rsquo;entreprises n\u00e9erlandaises et belges, flamandes et wallonnes : Flanders Make (Leader), RAI Automotive Industry NL, AMAC GmbH, Technifutur et l&rsquo;Universit\u00e9 de Li\u00e8ge.&nbsp;<\/p>\n<p>La mission \u00e9conomique et commerciale se d\u00e9roule parall\u00e8lement \u00e0 la visite d&rsquo;\u00c9tat du couple royal n\u00e9erlandais en Belgique. Pour cette mission, le gouvernement n\u00e9erlandais a s\u00e9lectionn\u00e9 sept projets durables \u00e0 pr\u00e9senter aux couples royaux. La s\u00e9lection des projets s&rsquo;est faite en fonction du taux de r\u00e9ussite et de leur ad\u00e9quation avec le th\u00e8me de la durabilit\u00e9.<\/p>\n<p>\u00ab\u00a0Je suis extr\u00eamement fier que nous ayons pu pr\u00e9senter Light Vehicle 2025, ce qui est un grand honneur\u00a0\u00bb, d\u00e9clare Jean Pierre Heijster, directeur du programme Materials &amp; Manufacturing de RAI Automotive Industry NL. \u00ab\u00a0Le v\u00e9hicule l\u00e9ger 2025 est une solution intelligente, durable et rentable, qui peut d\u00e9finitivement faire progresser la mobilit\u00e9 durable.  <\/p>\n<h3>R\u00e9duction du poids total des v\u00e9hicules de tourisme et des v\u00e9hicules utilitaires<\/h3>\n<p>L&rsquo;objectif du projet \u00ab\u00a0V\u00e9hicule l\u00e9ger 2025\u00a0\u00bb est d\u00e9j\u00e0 connu : il s&rsquo;agit de r\u00e9duire encore le poids total des v\u00e9hicules de tourisme et des v\u00e9hicules utilitaires. Pour ce faire, des mat\u00e9riaux l\u00e9gers et plus circulaires sont utilis\u00e9s. \u00ab\u00a0Avec les mat\u00e9riaux l\u00e9gers, nous cr\u00e9ons un avenir durable pour l&rsquo;industrie automobile. Plus s\u00fbr, plus l\u00e9ger et plus respectueux de l&rsquo;environnement gr\u00e2ce aux \u00e9conomies de mat\u00e9riaux, \u00e0 la baisse de la consommation de carburant et, surtout, \u00e0 la r\u00e9duction des \u00e9missions de CO2\u00a0\u00bb, ajoute M. Heijster.<\/p>\n<h2>Composants l\u00e9gers<\/h2>\n<p>Aujourd&rsquo;hui d\u00e9j\u00e0, les technologies l\u00e9g\u00e8res permettent de fabriquer jusqu&rsquo;\u00e0 70 % d&rsquo;une voiture particuli\u00e8re. Les prototypes d\u00e9velopp\u00e9s dans le cadre de l&rsquo;initiative V\u00e9hicule l\u00e9ger 2025 montrent que ce pourcentage peut encore augmenter. Dans le cadre de ce projet, quatre prototypes de composants l\u00e9gers ont \u00e9t\u00e9 d\u00e9velopp\u00e9s : un r\u00e9servoir d&rsquo;hydrog\u00e8ne (-17% de poids), une partie de la bo\u00eete de vitesses du groupe motopropulseur (-30% de poids), une partie de la suspension des roues (-5% de poids) et une porte de cabine de camion (-5% de poids). Ces composants l\u00e9gers peuvent d\u00e9j\u00e0 \u00eatre utilis\u00e9s dans les v\u00e9hicules. \u00ab\u00a0Avec ce projet, nous voulons d\u00e9montrer que les conceptions et les mat\u00e9riaux l\u00e9gers peuvent \u00e9galement \u00eatre rentables\u00a0\u00bb.<\/p>\n<h2>Mission \u00e9conomique Climat Technologie<\/h2>\n<p>Le Rijksdienst voor Ondernemend Nederland (RVO) organise cette mission en collaboration avec le minist\u00e8re des affaires \u00e9trang\u00e8res, l&rsquo;ambassade des Pays-Bas \u00e0 Bruxelles et le consulat g\u00e9n\u00e9ral des Pays-Bas \u00e0 Anvers. L&rsquo;objectif de cette mission est de renforcer la coop\u00e9ration et l&rsquo;\u00e9change de connaissances entre la Belgique et les Pays-Bas pour un avenir durable.<\/p>\n<p><a href=\"https:\/\/www.lightvehicle2025.eu\/\" target=\"_blank\" rel=\"noreferrer noopener\">Un site web<\/a> a \u00e9galement \u00e9t\u00e9 cr\u00e9\u00e9 pour ce projet.<\/p>\n","protected":false},"excerpt":{"rendered":"\u00c0 propos du projet V\u00e9hicule l\u00e9ger 2025 Le projet V\u00e9hicule l\u00e9ger 2025 est un projet de mobilit\u00e9 durable financ\u00e9 par\u2026","protected":false},"author":0,"featured_media":136658,"comment_status":"","ping_status":"open","sticky":false,"template":"","format":"standard","meta":{"footnotes":""},"categories":[127],"tags":[],"class_list":["post-136669","post","type-post","status-publish","format-standard","has-post-thumbnail","hentry","category-nouvelles-de-voiture"],"acf":[],"yoast_head":"<!-- This site is optimized with the Yoast SEO plugin v21.2 - https:\/\/yoast.com\/wordpress\/plugins\/seo\/ -->\n<title>Les Pays-Bas et la Belgique travaillent sur le projet Light Vehicle 2025, de quoi s&#039;agit-il ? - All cars news<\/title>\n<meta name=\"robots\" content=\"index, follow, max-snippet:-1, max-image-preview:large, max-video-preview:-1\" \/>\n<link rel=\"canonical\" href=\"https:\/\/all-car-news.com\/fr\/les-pays-bas-et-la-belgique-travaillent-sur-le-projet-light-vehicle-2025-de-quoi-sagit-il\/\" \/>\n<meta property=\"og:locale\" content=\"fr_FR\" \/>\n<meta property=\"og:type\" content=\"article\" \/>\n<meta property=\"og:title\" content=\"Les Pays-Bas et la Belgique travaillent sur le projet Light Vehicle 2025, de quoi s&#039;agit-il ? - All cars news\" \/>\n<meta property=\"og:description\" content=\"\u00c0 propos du projet V\u00e9hicule l\u00e9ger 2025 Le projet V\u00e9hicule l\u00e9ger 2025 est un projet de mobilit\u00e9 durable financ\u00e9 par l&#039;UE, qui vise \u00e0 r\u00e9duire davantage les \u00e9missions de CO2. Le projet innove activement dans l&#039;application de mat\u00e9riaux plus l\u00e9gers et plus circulaires pour les v\u00e9hicules commerciaux et les voitures particuli\u00e8res. Le projet collaboratif est compos\u00e9 de N\u00e9erlandais et de Belges, de Flamands et de Wallons [...]\" \/>\n<meta property=\"og:url\" content=\"https:\/\/all-car-news.com\/fr\/les-pays-bas-et-la-belgique-travaillent-sur-le-projet-light-vehicle-2025-de-quoi-sagit-il\/\" \/>\n<meta property=\"og:site_name\" content=\"All cars news\" \/>\n<meta property=\"article:published_time\" content=\"2023-06-22T08:05:17+00:00\" \/>\n<meta name=\"twitter:card\" content=\"summary_large_image\" \/>\n<meta name=\"twitter:label1\" content=\"Dur\u00e9e de lecture estim\u00e9e\" \/>\n\t<meta name=\"twitter:data1\" content=\"3 minutes\" \/>\n<script type=\"application\/ld+json\" class=\"yoast-schema-graph\">{\"@context\":\"https:\/\/schema.org\",\"@graph\":[{\"@type\":\"Article\",\"@id\":\"https:\/\/all-car-news.com\/fr\/les-pays-bas-et-la-belgique-travaillent-sur-le-projet-light-vehicle-2025-de-quoi-sagit-il\/#article\",\"isPartOf\":{\"@id\":\"https:\/\/all-car-news.com\/fr\/les-pays-bas-et-la-belgique-travaillent-sur-le-projet-light-vehicle-2025-de-quoi-sagit-il\/\"},\"author\":{\"name\":\"\",\"@id\":\"\"},\"headline\":\"Les Pays-Bas et la Belgique travaillent sur le projet Light Vehicle 2025, de quoi s&rsquo;agit-il ?\",\"datePublished\":\"2023-06-22T08:05:17+00:00\",\"dateModified\":\"2023-06-22T08:05:17+00:00\",\"mainEntityOfPage\":{\"@id\":\"https:\/\/all-car-news.com\/fr\/les-pays-bas-et-la-belgique-travaillent-sur-le-projet-light-vehicle-2025-de-quoi-sagit-il\/\"},\"wordCount\":537,\"publisher\":{\"@id\":\"https:\/\/all-car-news.com\/fr\/#organization\"},\"articleSection\":[\"nouvelles de voiture\"],\"inLanguage\":\"fr-FR\"},{\"@type\":\"WebPage\",\"@id\":\"https:\/\/all-car-news.com\/fr\/les-pays-bas-et-la-belgique-travaillent-sur-le-projet-light-vehicle-2025-de-quoi-sagit-il\/\",\"url\":\"https:\/\/all-car-news.com\/fr\/les-pays-bas-et-la-belgique-travaillent-sur-le-projet-light-vehicle-2025-de-quoi-sagit-il\/\",\"name\":\"Les Pays-Bas et la Belgique travaillent sur le projet Light Vehicle 2025, de quoi s'agit-il ? - All cars news\",\"isPartOf\":{\"@id\":\"https:\/\/all-car-news.com\/fr\/#website\"},\"datePublished\":\"2023-06-22T08:05:17+00:00\",\"dateModified\":\"2023-06-22T08:05:17+00:00\",\"breadcrumb\":{\"@id\":\"https:\/\/all-car-news.com\/fr\/les-pays-bas-et-la-belgique-travaillent-sur-le-projet-light-vehicle-2025-de-quoi-sagit-il\/#breadcrumb\"},\"inLanguage\":\"fr-FR\",\"potentialAction\":[{\"@type\":\"ReadAction\",\"target\":[\"https:\/\/all-car-news.com\/fr\/les-pays-bas-et-la-belgique-travaillent-sur-le-projet-light-vehicle-2025-de-quoi-sagit-il\/\"]}]},{\"@type\":\"BreadcrumbList\",\"@id\":\"https:\/\/all-car-news.com\/fr\/les-pays-bas-et-la-belgique-travaillent-sur-le-projet-light-vehicle-2025-de-quoi-sagit-il\/#breadcrumb\",\"itemListElement\":[{\"@type\":\"ListItem\",\"position\":1,\"name\":\"Home\",\"item\":\"https:\/\/all-car-news.com\/fr\/\"},{\"@type\":\"ListItem\",\"position\":2,\"name\":\"Les Pays-Bas et la Belgique travaillent sur le projet Light Vehicle 2025, de quoi s&rsquo;agit-il ?\"}]},{\"@type\":\"WebSite\",\"@id\":\"https:\/\/all-car-news.com\/fr\/#website\",\"url\":\"https:\/\/all-car-news.com\/fr\/\",\"name\":\"All cars news\",\"description\":\"\",\"publisher\":{\"@id\":\"https:\/\/all-car-news.com\/fr\/#organization\"},\"potentialAction\":[{\"@type\":\"SearchAction\",\"target\":{\"@type\":\"EntryPoint\",\"urlTemplate\":\"https:\/\/all-car-news.com\/fr\/?s={search_term_string}\"},\"query-input\":\"required name=search_term_string\"}],\"inLanguage\":\"fr-FR\"},{\"@type\":\"Organization\",\"@id\":\"https:\/\/all-car-news.com\/fr\/#organization\",\"name\":\"All cars news\",\"url\":\"https:\/\/all-car-news.com\/fr\/\",\"logo\":{\"@type\":\"ImageObject\",\"inLanguage\":\"fr-FR\",\"@id\":\"https:\/\/all-car-news.com\/fr\/#\/schema\/logo\/image\/\",\"url\":\"https:\/\/all-car-news.com\/wp-content\/uploads\/2022\/02\/CMYK-AllCarNews_LANDSCAPE_300px-1.png\",\"contentUrl\":\"https:\/\/all-car-news.com\/wp-content\/uploads\/2022\/02\/CMYK-AllCarNews_LANDSCAPE_300px-1.png\",\"width\":300,\"height\":100,\"caption\":\"All cars news\"},\"image\":{\"@id\":\"https:\/\/all-car-news.com\/fr\/#\/schema\/logo\/image\/\"}}]}<\/script>\n<!-- \/ Yoast SEO plugin. -->","yoast_head_json":{"title":"Les Pays-Bas et la Belgique travaillent sur le projet Light Vehicle 2025, de quoi s'agit-il ? - All cars news","robots":{"index":"index","follow":"follow","max-snippet":"max-snippet:-1","max-image-preview":"max-image-preview:large","max-video-preview":"max-video-preview:-1"},"canonical":"https:\/\/all-car-news.com\/fr\/les-pays-bas-et-la-belgique-travaillent-sur-le-projet-light-vehicle-2025-de-quoi-sagit-il\/","og_locale":"fr_FR","og_type":"article","og_title":"Les Pays-Bas et la Belgique travaillent sur le projet Light Vehicle 2025, de quoi s'agit-il ? - All cars news","og_description":"\u00c0 propos du projet V\u00e9hicule l\u00e9ger 2025 Le projet V\u00e9hicule l\u00e9ger 2025 est un projet de mobilit\u00e9 durable financ\u00e9 par l'UE, qui vise \u00e0 r\u00e9duire davantage les \u00e9missions de CO2. Le projet innove activement dans l'application de mat\u00e9riaux plus l\u00e9gers et plus circulaires pour les v\u00e9hicules commerciaux et les voitures particuli\u00e8res. Le projet collaboratif est compos\u00e9 de N\u00e9erlandais et de Belges, de Flamands et de Wallons [...]","og_url":"https:\/\/all-car-news.com\/fr\/les-pays-bas-et-la-belgique-travaillent-sur-le-projet-light-vehicle-2025-de-quoi-sagit-il\/","og_site_name":"All cars news","article_published_time":"2023-06-22T08:05:17+00:00","twitter_card":"summary_large_image","twitter_misc":{"Dur\u00e9e de lecture estim\u00e9e":"3 minutes"},"schema":{"@context":"https:\/\/schema.org","@graph":[{"@type":"Article","@id":"https:\/\/all-car-news.com\/fr\/les-pays-bas-et-la-belgique-travaillent-sur-le-projet-light-vehicle-2025-de-quoi-sagit-il\/#article","isPartOf":{"@id":"https:\/\/all-car-news.com\/fr\/les-pays-bas-et-la-belgique-travaillent-sur-le-projet-light-vehicle-2025-de-quoi-sagit-il\/"},"author":{"name":"","@id":""},"headline":"Les Pays-Bas et la Belgique travaillent sur le projet Light Vehicle 2025, de quoi s&rsquo;agit-il ?","datePublished":"2023-06-22T08:05:17+00:00","dateModified":"2023-06-22T08:05:17+00:00","mainEntityOfPage":{"@id":"https:\/\/all-car-news.com\/fr\/les-pays-bas-et-la-belgique-travaillent-sur-le-projet-light-vehicle-2025-de-quoi-sagit-il\/"},"wordCount":537,"publisher":{"@id":"https:\/\/all-car-news.com\/fr\/#organization"},"articleSection":["nouvelles de voiture"],"inLanguage":"fr-FR"},{"@type":"WebPage","@id":"https:\/\/all-car-news.com\/fr\/les-pays-bas-et-la-belgique-travaillent-sur-le-projet-light-vehicle-2025-de-quoi-sagit-il\/","url":"https:\/\/all-car-news.com\/fr\/les-pays-bas-et-la-belgique-travaillent-sur-le-projet-light-vehicle-2025-de-quoi-sagit-il\/","name":"Les Pays-Bas et la Belgique travaillent sur le projet Light Vehicle 2025, de quoi s'agit-il ? - All cars news","isPartOf":{"@id":"https:\/\/all-car-news.com\/fr\/#website"},"datePublished":"2023-06-22T08:05:17+00:00","dateModified":"2023-06-22T08:05:17+00:00","breadcrumb":{"@id":"https:\/\/all-car-news.com\/fr\/les-pays-bas-et-la-belgique-travaillent-sur-le-projet-light-vehicle-2025-de-quoi-sagit-il\/#breadcrumb"},"inLanguage":"fr-FR","potentialAction":[{"@type":"ReadAction","target":["https:\/\/all-car-news.com\/fr\/les-pays-bas-et-la-belgique-travaillent-sur-le-projet-light-vehicle-2025-de-quoi-sagit-il\/"]}]},{"@type":"BreadcrumbList","@id":"https:\/\/all-car-news.com\/fr\/les-pays-bas-et-la-belgique-travaillent-sur-le-projet-light-vehicle-2025-de-quoi-sagit-il\/#breadcrumb","itemListElement":[{"@type":"ListItem","position":1,"name":"Home","item":"https:\/\/all-car-news.com\/fr\/"},{"@type":"ListItem","position":2,"name":"Les Pays-Bas et la Belgique travaillent sur le projet Light Vehicle 2025, de quoi s&rsquo;agit-il ?"}]},{"@type":"WebSite","@id":"https:\/\/all-car-news.com\/fr\/#website","url":"https:\/\/all-car-news.com\/fr\/","name":"All cars news","description":"","publisher":{"@id":"https:\/\/all-car-news.com\/fr\/#organization"},"potentialAction":[{"@type":"SearchAction","target":{"@type":"EntryPoint","urlTemplate":"https:\/\/all-car-news.com\/fr\/?s={search_term_string}"},"query-input":"required name=search_term_string"}],"inLanguage":"fr-FR"},{"@type":"Organization","@id":"https:\/\/all-car-news.com\/fr\/#organization","name":"All cars news","url":"https:\/\/all-car-news.com\/fr\/","logo":{"@type":"ImageObject","inLanguage":"fr-FR","@id":"https:\/\/all-car-news.com\/fr\/#\/schema\/logo\/image\/","url":"https:\/\/all-car-news.com\/wp-content\/uploads\/2022\/02\/CMYK-AllCarNews_LANDSCAPE_300px-1.png","contentUrl":"https:\/\/all-car-news.com\/wp-content\/uploads\/2022\/02\/CMYK-AllCarNews_LANDSCAPE_300px-1.png","width":300,"height":100,"caption":"All cars news"},"image":{"@id":"https:\/\/all-car-news.com\/fr\/#\/schema\/logo\/image\/"}}]}},"_links":{"self":[{"href":"https:\/\/all-car-news.com\/fr\/wp-json\/wp\/v2\/posts\/136669","targetHints":{"allow":["GET"]}}],"collection":[{"href":"https:\/\/all-car-news.com\/fr\/wp-json\/wp\/v2\/posts"}],"about":[{"href":"https:\/\/all-car-news.com\/fr\/wp-json\/wp\/v2\/types\/post"}],"replies":[{"embeddable":true,"href":"https:\/\/all-car-news.com\/fr\/wp-json\/wp\/v2\/comments?post=136669"}],"version-history":[{"count":0,"href":"https:\/\/all-car-news.com\/fr\/wp-json\/wp\/v2\/posts\/136669\/revisions"}],"wp:featuredmedia":[{"embeddable":true,"href":"https:\/\/all-car-news.com\/fr\/wp-json\/wp\/v2\/media\/136658"}],"wp:attachment":[{"href":"https:\/\/all-car-news.com\/fr\/wp-json\/wp\/v2\/media?parent=136669"}],"wp:term":[{"taxonomy":"category","embeddable":true,"href":"https:\/\/all-car-news.com\/fr\/wp-json\/wp\/v2\/categories?post=136669"},{"taxonomy":"post_tag","embeddable":true,"href":"https:\/\/all-car-news.com\/fr\/wp-json\/wp\/v2\/tags?post=136669"}],"curies":[{"name":"wp","href":"https:\/\/api.w.org\/{rel}","templated":true}]}}