{"id":136495,"date":"2023-06-13T08:11:42","date_gmt":"2023-06-13T08:11:42","guid":{"rendered":"https:\/\/all-car-news.com\/la-ford-mustang-gt3-entre-en-action-dans-la-categorie-fia-gt3-en-2024\/"},"modified":"2023-06-13T08:11:42","modified_gmt":"2023-06-13T08:11:42","slug":"la-ford-mustang-gt3-entre-en-action-dans-la-categorie-fia-gt3-en-2024","status":"publish","type":"post","link":"https:\/\/all-car-news.com\/fr\/la-ford-mustang-gt3-entre-en-action-dans-la-categorie-fia-gt3-en-2024\/","title":{"rendered":"La Ford Mustang GT3 entre en action dans la cat\u00e9gorie FIA GT3 en 2024"},"content":{"rendered":"<h2>Cat\u00e9gorie FIA GT3<\/h2>\n<p>Ford entre officiellement dans la cat\u00e9gorie mondiale FIA GT3 avec la nouvelle Mustang GT3, avec laquelle la marque pr\u00e9voit de participer aux 24 heures du Mans, entre autres. La derni\u00e8re victoire de Ford aux 24 heures du Mans remonte \u00e0 2016 avec la Ford GT.<\/p>\n<p>\u00ab\u00a0Nous sommes fiers de participer \u00e0 la course de la nouvelle Mustang GT3 bas\u00e9e sur Dark Horse\u00a0\u00bb, a d\u00e9clar\u00e9 Jim Farley, PDG de Ford Motor Company. \u00ab\u00a0Nous sommes heureux de partager ce projet de longue date avec la communaut\u00e9 Mustang, la communaut\u00e9 des pilotes et tous nos partenaires qui ont contribu\u00e9 \u00e0 sa r\u00e9alisation. Ford et Le Mans sont li\u00e9s par l&rsquo;histoire. Nous revenons maintenant \u00e0 la course la plus importante au monde. Cela marque pour nous le d\u00e9but de la construction d&rsquo;une entreprise mondiale de sport automobile avec Mustang, tout comme nous le faisons avec Bronco et Raptor offroad.\u00a0\u00bb<\/p>\n<figure class=\"wp-block-image size-content\"><img decoding=\"async\" loading=\"lazy\" width=\"1140\" height=\"760\" src=\"https:\/\/autorai.nl\/wp-content\/uploads\/2023\/06\/ford-mustang-gt3-2024-foto20-1140x760.jpg\" alt=\"Ford Mustang GT3 2024\" class=\"wp-image-160914\"><\/figure>\n<h2>Nouvelle image de marque, nouveau logo<\/h2>\n<p>Ford Performance profite \u00e9galement du lancement de la Mustang GT3 pour introduire une nouvelle image de marque pour la marque de sport automobile. Le design appliqu\u00e9 \u00e0 la GT3 est d\u00e9sormais visible sur toutes les voitures de course de l&rsquo;\u00e9curie Ford.<\/p>\n<p>Avec cette nouvelle identit\u00e9 de marque expressive, Ford Performance vise \u00e0 se positionner comme une marque de style de vie distinctive avec un \u00e9tat d&rsquo;esprit sportif. La nouvelle marque de Ford Performance sera appliqu\u00e9e \u00e0 la livr\u00e9e des voitures de course, au merchandising, aux v\u00eatements, aux pr\u00e9sentoirs, aux pi\u00e8ces\/accessoires et \u00e0 la communication, entre autres.<\/p>\n<h2>Relations permanentes avec deux partenaires \u00e0 long terme<\/h2>\n<p>Pour ce projet, Ford Performance a renouvel\u00e9 sa collaboration avec ses deux partenaires de confiance Multimatic et M-Sport. Multimatic, le sp\u00e9cialiste qui a construit l&#8217;embl\u00e9matique Ford GT, a \u00e9galement \u00e9t\u00e9 impliqu\u00e9 dans le programme de course de la Ford GT et apportera son soutien \u00e0 la construction et \u00e0 l&rsquo;entretien de la Mustang GT3. M-Sport, le partenaire de longue date de Ford Performance pour le championnat du monde des rallyes, se concentre sur l&rsquo;assemblage du moteur sp\u00e9cial de 5,4 litres bas\u00e9 sur le V8 Coyote qui \u00e9quipera ce nouveau poney puissant.<\/p>\n<figure class=\"wp-block-image size-content\"><img decoding=\"async\" loading=\"lazy\" width=\"1140\" height=\"760\" src=\"https:\/\/autorai.nl\/wp-content\/uploads\/2023\/06\/ford-mustang-gt3-2024-foto16-1140x760.jpg\" alt=\"Ford Mustang GT3 2024\" class=\"wp-image-160910\"><\/figure>\n<h2>Suspension sur mesure<\/h2>\n<p>La Mustang GT3 est dot\u00e9e d&rsquo;une suspension sp\u00e9cifique au mod\u00e8le, avec des bras courts et longs, d&rsquo;une bo\u00eete de vitesses \u00e0 transaxe mont\u00e9e \u00e0 l&rsquo;arri\u00e8re, de panneaux de carrosserie en fibre de carbone et d&rsquo;une carrosserie a\u00e9rodynamique unique, con\u00e7ue pour r\u00e9pondre aux exigences de la GT3.<\/p>\n<h2>Proton Competition, premi\u00e8re \u00e9quipe client du WEC avec la Mustang GT3<\/h2>\n<p>Avant que Ford ne revienne au Mans en 2024, plusieurs \u00e9quipes clientes concourront avec le nouveau bolide dans diverses s\u00e9ries GT3 \u00e0 travers le monde. La premi\u00e8re \u00e9quipe de clients annonc\u00e9e aujourd&rsquo;hui est Proton Competition. Proton, bas\u00e9 \u00e0 Ehingen, en Allemagne, pr\u00e9voit d&rsquo;engager plusieurs exemplaires de la Mustang GT3 dans le Championnat du monde d&rsquo;endurance de la FIA \u00e0 partir de 2024.<\/p>\n<p>\u00ab\u00a0Il s&rsquo;agit d&rsquo;un programme tr\u00e8s important et d&rsquo;un moment passionnant pour notre organisation\u00a0\u00bb, a d\u00e9clar\u00e9 Christian Ried, chef d&rsquo;\u00e9quipe de Proton Competition. \u00ab\u00a0La Mustang est une grande ic\u00f4ne et c&rsquo;est une \u00e9tape importante pour notre \u00e9quipe. Nous sommes impatients de piloter la Mustang GT3 \u00e0 partir de 2024.\u00a0\u00bb<\/p>\n<p>Ford Performance m\u00e8nera \u00e9galement un programme de course d&rsquo;usine avec deux Mustangs GT3 dans la classe IMSA GTD Pro. Ce programme est g\u00e9r\u00e9 par Multimatic Motorsports et la premi\u00e8re course \u00e0 laquelle la GT3 participera en 2024 sera la Rolex 24 \u00e0 Daytona.<\/p>\n<div class=\"galery shuffle galery-0\">\n<figure>\n\t\t\t\t\t<span style=\"cursor: pointer\" data-src=\"https:\/\/autorai.nl\/wp-content\/uploads\/2023\/06\/ford-mustang-gt3-2024-foto25-1600x1067.jpg\" data-fancybox=\"galery-0\" title=\"Ford Mustang GT3 Le Mans, France 6 juin 2023 Photo : Drew Gibson\"><br \/>\n\t\t\t\t\t\t\t<img decoding=\"async\" width=\"640\" height=\"480\" src=\"https:\/\/autorai.nl\/wp-content\/uploads\/2023\/06\/ford-mustang-gt3-2024-foto25-640x480.jpg\" class=\"attachment-medium size-medium\" alt=\"\" loading=\"lazy\"><i class=\"fa fa-search-plus\" aria-hidden=\"true\"><\/i><br \/>\n\t\t\t\t\t\t<\/span><br \/>\n\t\t\t\t\t<\/figure>\n<figure>\n\t\t\t\t\t<span style=\"cursor: pointer\" data-src=\"https:\/\/autorai.nl\/wp-content\/uploads\/2023\/06\/ford-mustang-gt3-2024-foto24-1600x1067.jpg\" data-fancybox=\"galery-0\" title=\"Ford Mustang GT3 Le Mans, France 6 juin 2023 Photo : Drew Gibson\"><br \/>\n\t\t\t\t\t\t\t<img decoding=\"async\" width=\"360\" height=\"270\" src=\"https:\/\/autorai.nl\/wp-content\/uploads\/2023\/06\/ford-mustang-gt3-2024-foto24-360x270.jpg\" class=\"attachment-small size-small\" alt=\"\" loading=\"lazy\"><i class=\"fa fa-search-plus\" aria-hidden=\"true\"><\/i><br \/>\n\t\t\t\t\t\t<\/span><br \/>\n\t\t\t\t\t<\/figure>\n<figure>\n\t\t\t\t\t<span style=\"cursor: pointer\" data-src=\"https:\/\/autorai.nl\/wp-content\/uploads\/2023\/06\/ford-mustang-gt3-2024-foto23-1600x1067.jpg\" data-fancybox=\"galery-0\" title=\"Ford Mustang GT3 Le Mans, France 6 juin 2023 Photo : Drew Gibson\"><br \/>\n\t\t\t\t\t\t\t<img decoding=\"async\" width=\"360\" height=\"270\" src=\"https:\/\/autorai.nl\/wp-content\/uploads\/2023\/06\/ford-mustang-gt3-2024-foto23-360x270.jpg\" class=\"attachment-small size-small\" alt=\"\" loading=\"lazy\"><i class=\"fa fa-search-plus\" aria-hidden=\"true\"><\/i><br \/>\n\t\t\t\t\t\t<\/span><br \/>\n\t\t\t\t\t<\/figure>\n<figure>\n\t\t\t\t\t<span style=\"cursor: pointer\" data-src=\"https:\/\/autorai.nl\/wp-content\/uploads\/2023\/06\/ford-mustang-gt3-2024-foto22-1600x1067.jpg\" data-fancybox=\"galery-0\" title=\"\"><br \/>\n\t\t\t\t\t\t\t<img decoding=\"async\" width=\"640\" height=\"480\" src=\"https:\/\/autorai.nl\/wp-content\/uploads\/2023\/06\/ford-mustang-gt3-2024-foto22-640x480.jpg\" class=\"attachment-medium size-medium\" alt=\"\" loading=\"lazy\"><i class=\"fa fa-search-plus\" aria-hidden=\"true\"><\/i><br \/>\n\t\t\t\t\t\t<\/span><br \/>\n\t\t\t\t\t<\/figure>\n<figure>\n\t\t\t\t\t<span style=\"cursor: pointer\" data-src=\"https:\/\/autorai.nl\/wp-content\/uploads\/2023\/06\/ford-mustang-gt3-2024-foto21-1600x1067.jpg\" data-fancybox=\"galery-0\" title=\"\"><br \/>\n\t\t\t\t\t\t\t<img decoding=\"async\" width=\"360\" height=\"270\" src=\"https:\/\/autorai.nl\/wp-content\/uploads\/2023\/06\/ford-mustang-gt3-2024-foto21-360x270.jpg\" class=\"attachment-small size-small\" alt=\"\" loading=\"lazy\"><i class=\"fa fa-search-plus\" aria-hidden=\"true\"><\/i><br \/>\n\t\t\t\t\t\t<\/span><br \/>\n\t\t\t\t\t<\/figure>\n<figure>\n\t\t\t\t\t<span style=\"cursor: pointer\" data-src=\"https:\/\/autorai.nl\/wp-content\/uploads\/2023\/06\/ford-mustang-gt3-2024-foto20-1600x1067.jpg\" data-fancybox=\"galery-0\" title=\"\"><br \/>\n\t\t\t\t\t\t\t<img decoding=\"async\" width=\"360\" height=\"270\" src=\"https:\/\/autorai.nl\/wp-content\/uploads\/2023\/06\/ford-mustang-gt3-2024-foto20-360x270.jpg\" class=\"attachment-small size-small\" alt=\"Ford Mustang GT3 2024\" loading=\"lazy\"><i class=\"fa fa-search-plus\" aria-hidden=\"true\"><\/i><br \/>\n\t\t\t\t\t\t<\/span><br \/>\n\t\t\t\t\t<\/figure>\n<figure>\n\t\t\t\t\t<span style=\"cursor: pointer\" data-src=\"https:\/\/autorai.nl\/wp-content\/uploads\/2023\/06\/ford-mustang-gt3-2024-foto19-1600x1067.jpg\" data-fancybox=\"galery-0\" title=\"\"><br \/>\n\t\t\t\t\t\t\t<img decoding=\"async\" width=\"640\" height=\"480\" src=\"https:\/\/autorai.nl\/wp-content\/uploads\/2023\/06\/ford-mustang-gt3-2024-foto19-640x480.jpg\" class=\"attachment-medium size-medium\" alt=\"\" loading=\"lazy\"><i class=\"fa fa-search-plus\" aria-hidden=\"true\"><\/i><br \/>\n\t\t\t\t\t\t<\/span><br \/>\n\t\t\t\t\t<\/figure>\n<figure>\n\t\t\t\t\t<span style=\"cursor: pointer\" data-src=\"https:\/\/autorai.nl\/wp-content\/uploads\/2023\/06\/ford-mustang-gt3-2024-foto18-1600x1067.jpg\" data-fancybox=\"galery-0\" title=\"\"><br \/>\n\t\t\t\t\t\t\t<img decoding=\"async\" width=\"360\" height=\"270\" src=\"https:\/\/autorai.nl\/wp-content\/uploads\/2023\/06\/ford-mustang-gt3-2024-foto18-360x270.jpg\" class=\"attachment-small size-small\" alt=\"\" loading=\"lazy\"><i class=\"fa fa-search-plus\" aria-hidden=\"true\"><\/i><br \/>\n\t\t\t\t\t\t<\/span><br \/>\n\t\t\t\t\t<\/figure>\n<figure>\n\t\t\t\t\t<span style=\"cursor: pointer\" data-src=\"https:\/\/autorai.nl\/wp-content\/uploads\/2023\/06\/ford-mustang-gt3-2024-foto17-1600x1067.jpg\" data-fancybox=\"galery-0\" title=\"\"><br \/>\n\t\t\t\t\t\t\t<img decoding=\"async\" width=\"360\" height=\"270\" src=\"https:\/\/autorai.nl\/wp-content\/uploads\/2023\/06\/ford-mustang-gt3-2024-foto17-360x270.jpg\" class=\"attachment-small size-small\" alt=\"\" loading=\"lazy\"><i class=\"fa fa-search-plus\" aria-hidden=\"true\"><\/i><br \/>\n\t\t\t\t\t\t<\/span><br \/>\n\t\t\t\t\t<\/figure>\n<figure>\n\t\t\t\t\t<span style=\"cursor: pointer\" data-src=\"https:\/\/autorai.nl\/wp-content\/uploads\/2023\/06\/ford-mustang-gt3-2024-foto16-1600x1067.jpg\" data-fancybox=\"galery-0\" title=\"\"><br \/>\n\t\t\t\t\t\t\t<img decoding=\"async\" width=\"640\" height=\"480\" src=\"https:\/\/autorai.nl\/wp-content\/uploads\/2023\/06\/ford-mustang-gt3-2024-foto16-640x480.jpg\" class=\"attachment-medium size-medium\" alt=\"Ford Mustang GT3 2024\" loading=\"lazy\"><i class=\"fa fa-search-plus\" aria-hidden=\"true\"><\/i><br \/>\n\t\t\t\t\t\t<\/span><br \/>\n\t\t\t\t\t<\/figure>\n<figure>\n\t\t\t\t\t<span style=\"cursor: pointer\" data-src=\"https:\/\/autorai.nl\/wp-content\/uploads\/2023\/06\/ford-mustang-gt3-2024-foto15-1600x1067.jpg\" data-fancybox=\"galery-0\" title=\"\"><br \/>\n\t\t\t\t\t\t\t<img decoding=\"async\" width=\"360\" height=\"270\" src=\"https:\/\/autorai.nl\/wp-content\/uploads\/2023\/06\/ford-mustang-gt3-2024-foto15-360x270.jpg\" class=\"attachment-small size-small\" alt=\"\" loading=\"lazy\"><i class=\"fa fa-search-plus\" aria-hidden=\"true\"><\/i><br \/>\n\t\t\t\t\t\t<\/span><br \/>\n\t\t\t\t\t<\/figure>\n<figure>\n\t\t\t\t\t<span style=\"cursor: pointer\" data-src=\"https:\/\/autorai.nl\/wp-content\/uploads\/2023\/06\/ford-mustang-gt3-2024-foto14-1600x1067.jpg\" data-fancybox=\"galery-0\" title=\"\"><br \/>\n\t\t\t\t\t\t\t<img decoding=\"async\" width=\"360\" height=\"270\" src=\"https:\/\/autorai.nl\/wp-content\/uploads\/2023\/06\/ford-mustang-gt3-2024-foto14-360x270.jpg\" class=\"attachment-small size-small\" alt=\"\" loading=\"lazy\"><i class=\"fa fa-search-plus\" aria-hidden=\"true\"><\/i><br \/>\n\t\t\t\t\t\t<\/span><br \/>\n\t\t\t\t\t<\/figure>\n<figure>\n\t\t\t\t\t<span style=\"cursor: pointer\" data-src=\"https:\/\/autorai.nl\/wp-content\/uploads\/2023\/06\/ford-mustang-gt3-2024-foto13-1600x1067.jpg\" data-fancybox=\"galery-0\" title=\"\"><br \/>\n\t\t\t\t\t\t\t<img decoding=\"async\" width=\"640\" height=\"480\" src=\"https:\/\/autorai.nl\/wp-content\/uploads\/2023\/06\/ford-mustang-gt3-2024-foto13-640x480.jpg\" class=\"attachment-medium size-medium\" alt=\"\" loading=\"lazy\"><i class=\"fa fa-search-plus\" aria-hidden=\"true\"><\/i><br \/>\n\t\t\t\t\t\t<\/span><br \/>\n\t\t\t\t\t<\/figure>\n<figure>\n\t\t\t\t\t<span style=\"cursor: pointer\" data-src=\"https:\/\/autorai.nl\/wp-content\/uploads\/2023\/06\/ford-mustang-gt3-2024-foto12-1600x1067.jpg\" data-fancybox=\"galery-0\" title=\"\"><br \/>\n\t\t\t\t\t\t\t<img decoding=\"async\" width=\"360\" height=\"270\" src=\"https:\/\/autorai.nl\/wp-content\/uploads\/2023\/06\/ford-mustang-gt3-2024-foto12-360x270.jpg\" class=\"attachment-small size-small\" alt=\"\" loading=\"lazy\"><i class=\"fa fa-search-plus\" aria-hidden=\"true\"><\/i><br \/>\n\t\t\t\t\t\t<\/span><br \/>\n\t\t\t\t\t<\/figure>\n<figure>\n\t\t\t\t\t<span style=\"cursor: pointer\" data-src=\"https:\/\/autorai.nl\/wp-content\/uploads\/2023\/06\/ford-mustang-gt3-2024-foto10-1600x1067.jpg\" data-fancybox=\"galery-0\" title=\"\"><br \/>\n\t\t\t\t\t\t\t<img decoding=\"async\" width=\"360\" height=\"270\" src=\"https:\/\/autorai.nl\/wp-content\/uploads\/2023\/06\/ford-mustang-gt3-2024-foto10-360x270.jpg\" class=\"attachment-small size-small\" alt=\"\" loading=\"lazy\"><i class=\"fa fa-search-plus\" aria-hidden=\"true\"><\/i><br \/>\n\t\t\t\t\t\t<\/span><br \/>\n\t\t\t\t\t<\/figure>\n<figure>\n\t\t\t\t\t<span style=\"cursor: pointer\" data-src=\"https:\/\/autorai.nl\/wp-content\/uploads\/2023\/06\/ford-mustang-gt3-2024-foto9-1600x1067.jpg\" data-fancybox=\"galery-0\" title=\"\"><br \/>\n\t\t\t\t\t\t\t<img decoding=\"async\" width=\"640\" height=\"480\" src=\"https:\/\/autorai.nl\/wp-content\/uploads\/2023\/06\/ford-mustang-gt3-2024-foto9-640x480.jpg\" class=\"attachment-medium size-medium\" alt=\"\" loading=\"lazy\"><i class=\"fa fa-search-plus\" aria-hidden=\"true\"><\/i><br \/>\n\t\t\t\t\t\t<\/span><br \/>\n\t\t\t\t\t<\/figure>\n<figure>\n\t\t\t\t\t<span style=\"cursor: pointer\" data-src=\"https:\/\/autorai.nl\/wp-content\/uploads\/2023\/06\/ford-mustang-gt3-2024-foto8-1600x1067.jpg\" data-fancybox=\"galery-0\" title=\"Ford Mustang GT3 Le Mans, France 6 juin 2023 Photo : Drew Gibson\"><br \/>\n\t\t\t\t\t\t\t<img decoding=\"async\" width=\"360\" height=\"270\" src=\"https:\/\/autorai.nl\/wp-content\/uploads\/2023\/06\/ford-mustang-gt3-2024-foto8-360x270.jpg\" class=\"attachment-small size-small\" alt=\"\" loading=\"lazy\"><i class=\"fa fa-search-plus\" aria-hidden=\"true\"><\/i><br \/>\n\t\t\t\t\t\t<\/span><br \/>\n\t\t\t\t\t<\/figure>\n<figure>\n\t\t\t\t\t<span style=\"cursor: pointer\" data-src=\"https:\/\/autorai.nl\/wp-content\/uploads\/2023\/06\/ford-mustang-gt3-2024-foto7-1600x1067.jpg\" data-fancybox=\"galery-0\" title=\"Ford Mustang GT3 Le Mans, France 6 juin 2023 Photo : Drew Gibson\"><br \/>\n\t\t\t\t\t\t\t<img decoding=\"async\" width=\"360\" height=\"270\" src=\"https:\/\/autorai.nl\/wp-content\/uploads\/2023\/06\/ford-mustang-gt3-2024-foto7-360x270.jpg\" class=\"attachment-small size-small\" alt=\"\" loading=\"lazy\"><i class=\"fa fa-search-plus\" aria-hidden=\"true\"><\/i><br \/>\n\t\t\t\t\t\t<\/span><br \/>\n\t\t\t\t\t<\/figure>\n<figure>\n\t\t\t\t\t<span style=\"cursor: pointer\" data-src=\"https:\/\/autorai.nl\/wp-content\/uploads\/2023\/06\/ford-mustang-gt3-2024-foto6-1600x1067.jpg\" data-fancybox=\"galery-0\" title=\"Ford Mustang GT3 Le Mans, France 6 juin 2023 Photo : Drew Gibson\"><br \/>\n\t\t\t\t\t\t\t<img decoding=\"async\" width=\"640\" height=\"480\" src=\"https:\/\/autorai.nl\/wp-content\/uploads\/2023\/06\/ford-mustang-gt3-2024-foto6-640x480.jpg\" class=\"attachment-medium size-medium\" alt=\"\" loading=\"lazy\"><i class=\"fa fa-search-plus\" aria-hidden=\"true\"><\/i><br \/>\n\t\t\t\t\t\t<\/span><br \/>\n\t\t\t\t\t<\/figure>\n<figure>\n\t\t\t\t\t<span style=\"cursor: pointer\" data-src=\"https:\/\/autorai.nl\/wp-content\/uploads\/2023\/06\/ford-mustang-gt3-2024-foto5-1600x1067.jpg\" data-fancybox=\"galery-0\" title=\"Ford Mustang GT3 Le Mans, France 6 juin 2023 Photo : Drew Gibson\"><br \/>\n\t\t\t\t\t\t\t<img decoding=\"async\" width=\"360\" height=\"270\" src=\"https:\/\/autorai.nl\/wp-content\/uploads\/2023\/06\/ford-mustang-gt3-2024-foto5-360x270.jpg\" class=\"attachment-small size-small\" alt=\"\" loading=\"lazy\"><i class=\"fa fa-search-plus\" aria-hidden=\"true\"><\/i><br \/>\n\t\t\t\t\t\t<\/span><br \/>\n\t\t\t\t\t<\/figure>\n<figure>\n\t\t\t\t\t<span style=\"cursor: pointer\" data-src=\"https:\/\/autorai.nl\/wp-content\/uploads\/2023\/06\/ford-mustang-gt3-2024-foto4-1600x1067.jpg\" data-fancybox=\"galery-0\" title=\"Ford Mustang GT3 Le Mans, France 6 juin 2023 Photo : Drew Gibson\"><br \/>\n\t\t\t\t\t\t\t<img decoding=\"async\" width=\"360\" height=\"270\" src=\"https:\/\/autorai.nl\/wp-content\/uploads\/2023\/06\/ford-mustang-gt3-2024-foto4-360x270.jpg\" class=\"attachment-small size-small\" alt=\"\" loading=\"lazy\"><i class=\"fa fa-search-plus\" aria-hidden=\"true\"><\/i><br \/>\n\t\t\t\t\t\t<\/span><br \/>\n\t\t\t\t\t<\/figure>\n<figure>\n\t\t\t\t\t<span style=\"cursor: pointer\" data-src=\"https:\/\/autorai.nl\/wp-content\/uploads\/2023\/06\/ford-mustang-gt3-2024-foto3-1600x1067.jpg\" data-fancybox=\"galery-0\" title=\"Ford Mustang GT3 Le Mans, France 6 juin 2023 Photo : Drew Gibson\"><br \/>\n\t\t\t\t\t\t\t<img decoding=\"async\" width=\"640\" height=\"480\" src=\"https:\/\/autorai.nl\/wp-content\/uploads\/2023\/06\/ford-mustang-gt3-2024-foto3-640x480.jpg\" class=\"attachment-medium size-medium\" alt=\"\" loading=\"lazy\"><i class=\"fa fa-search-plus\" aria-hidden=\"true\"><\/i><br \/>\n\t\t\t\t\t\t<\/span><br \/>\n\t\t\t\t\t<\/figure>\n<figure>\n\t\t\t\t\t<span style=\"cursor: pointer\" data-src=\"https:\/\/autorai.nl\/wp-content\/uploads\/2023\/06\/ford-mustang-gt3-2024-foto2-1600x1067.jpg\" data-fancybox=\"galery-0\" title=\"\"><br \/>\n\t\t\t\t\t\t\t<img decoding=\"async\" width=\"360\" height=\"270\" src=\"https:\/\/autorai.nl\/wp-content\/uploads\/2023\/06\/ford-mustang-gt3-2024-foto2-360x270.jpg\" class=\"attachment-small size-small\" alt=\"\" loading=\"lazy\"><i class=\"fa fa-search-plus\" aria-hidden=\"true\"><\/i><br \/>\n\t\t\t\t\t\t<\/span><br \/>\n\t\t\t\t\t<\/figure>\n<figure>\n\t\t\t\t\t<span style=\"cursor: pointer\" data-src=\"https:\/\/autorai.nl\/wp-content\/uploads\/2023\/06\/ford-mustang-gt3-2024-foto1-1600x1067.jpg\" data-fancybox=\"galery-0\" title=\"\"><br \/>\n\t\t\t\t\t\t\t<img decoding=\"async\" width=\"360\" height=\"270\" src=\"https:\/\/autorai.nl\/wp-content\/uploads\/2023\/06\/ford-mustang-gt3-2024-foto1-360x270.jpg\" class=\"attachment-small size-small\" alt=\"\" loading=\"lazy\"><i class=\"fa fa-search-plus\" aria-hidden=\"true\"><\/i><br \/>\n\t\t\t\t\t\t<\/span><br \/>\n\t\t\t\t\t<\/figure>\n<div class=\"clear\"><\/div>\n<\/div>\n","protected":false},"excerpt":{"rendered":"Cat\u00e9gorie FIA GT3 Ford rejoint officiellement la cat\u00e9gorie mondiale FIA GT3 avec la nouvelle Mustang GT3, avec laquelle la marque\u2026","protected":false},"author":0,"featured_media":136467,"comment_status":"","ping_status":"open","sticky":false,"template":"","format":"standard","meta":{"footnotes":""},"categories":[131,127,133],"tags":[],"class_list":["post-136495","post","type-post","status-publish","format-standard","has-post-thumbnail","hentry","category-fond","category-nouvelles-de-voiture","category-sport-automobile"],"acf":[],"yoast_head":"<!-- This site is optimized with the Yoast SEO plugin v21.2 - https:\/\/yoast.com\/wordpress\/plugins\/seo\/ -->\n<title>La Ford Mustang GT3 entre en action dans la cat\u00e9gorie FIA GT3 en 2024 - All cars news<\/title>\n<meta name=\"robots\" content=\"index, follow, max-snippet:-1, max-image-preview:large, max-video-preview:-1\" \/>\n<link rel=\"canonical\" href=\"https:\/\/all-car-news.com\/fr\/la-ford-mustang-gt3-entre-en-action-dans-la-categorie-fia-gt3-en-2024\/\" \/>\n<meta property=\"og:locale\" content=\"fr_FR\" \/>\n<meta property=\"og:type\" content=\"article\" \/>\n<meta property=\"og:title\" content=\"La Ford Mustang GT3 entre en action dans la cat\u00e9gorie FIA GT3 en 2024 - All cars news\" \/>\n<meta property=\"og:description\" content=\"Cat\u00e9gorie FIA GT3 Ford rejoint officiellement la cat\u00e9gorie mondiale FIA GT3 avec la nouvelle Mustang GT3, avec laquelle la marque pr\u00e9voit de participer aux 24 Heures du Mans, entre autres. La derni\u00e8re victoire de Ford aux 24 heures du Mans remonte \u00e0 2016 avec la Ford GT. &quot;Nous sommes fiers de travailler avec [...]\" \/>\n<meta property=\"og:url\" content=\"https:\/\/all-car-news.com\/fr\/la-ford-mustang-gt3-entre-en-action-dans-la-categorie-fia-gt3-en-2024\/\" \/>\n<meta property=\"og:site_name\" content=\"All cars news\" \/>\n<meta property=\"article:published_time\" content=\"2023-06-13T08:11:42+00:00\" \/>\n<meta property=\"og:image\" content=\"https:\/\/autorai.nl\/wp-content\/uploads\/2023\/06\/ford-mustang-gt3-2024-foto20-1140x760.jpg\" \/>\n<meta name=\"twitter:card\" content=\"summary_large_image\" \/>\n<meta name=\"twitter:label1\" content=\"Dur\u00e9e de lecture estim\u00e9e\" \/>\n\t<meta name=\"twitter:data1\" content=\"3 minutes\" \/>\n<script type=\"application\/ld+json\" class=\"yoast-schema-graph\">{\"@context\":\"https:\/\/schema.org\",\"@graph\":[{\"@type\":\"Article\",\"@id\":\"https:\/\/all-car-news.com\/fr\/la-ford-mustang-gt3-entre-en-action-dans-la-categorie-fia-gt3-en-2024\/#article\",\"isPartOf\":{\"@id\":\"https:\/\/all-car-news.com\/fr\/la-ford-mustang-gt3-entre-en-action-dans-la-categorie-fia-gt3-en-2024\/\"},\"author\":{\"name\":\"\",\"@id\":\"\"},\"headline\":\"La Ford Mustang GT3 entre en action dans la cat\u00e9gorie FIA GT3 en 2024\",\"datePublished\":\"2023-06-13T08:11:42+00:00\",\"dateModified\":\"2023-06-13T08:11:42+00:00\",\"mainEntityOfPage\":{\"@id\":\"https:\/\/all-car-news.com\/fr\/la-ford-mustang-gt3-entre-en-action-dans-la-categorie-fia-gt3-en-2024\/\"},\"wordCount\":589,\"publisher\":{\"@id\":\"https:\/\/all-car-news.com\/fr\/#organization\"},\"articleSection\":[\"Fond\",\"nouvelles de voiture\",\"Sport automobile\"],\"inLanguage\":\"fr-FR\"},{\"@type\":\"WebPage\",\"@id\":\"https:\/\/all-car-news.com\/fr\/la-ford-mustang-gt3-entre-en-action-dans-la-categorie-fia-gt3-en-2024\/\",\"url\":\"https:\/\/all-car-news.com\/fr\/la-ford-mustang-gt3-entre-en-action-dans-la-categorie-fia-gt3-en-2024\/\",\"name\":\"La Ford Mustang GT3 entre en action dans la cat\u00e9gorie FIA GT3 en 2024 - All cars news\",\"isPartOf\":{\"@id\":\"https:\/\/all-car-news.com\/fr\/#website\"},\"datePublished\":\"2023-06-13T08:11:42+00:00\",\"dateModified\":\"2023-06-13T08:11:42+00:00\",\"breadcrumb\":{\"@id\":\"https:\/\/all-car-news.com\/fr\/la-ford-mustang-gt3-entre-en-action-dans-la-categorie-fia-gt3-en-2024\/#breadcrumb\"},\"inLanguage\":\"fr-FR\",\"potentialAction\":[{\"@type\":\"ReadAction\",\"target\":[\"https:\/\/all-car-news.com\/fr\/la-ford-mustang-gt3-entre-en-action-dans-la-categorie-fia-gt3-en-2024\/\"]}]},{\"@type\":\"BreadcrumbList\",\"@id\":\"https:\/\/all-car-news.com\/fr\/la-ford-mustang-gt3-entre-en-action-dans-la-categorie-fia-gt3-en-2024\/#breadcrumb\",\"itemListElement\":[{\"@type\":\"ListItem\",\"position\":1,\"name\":\"Home\",\"item\":\"https:\/\/all-car-news.com\/fr\/\"},{\"@type\":\"ListItem\",\"position\":2,\"name\":\"La Ford Mustang GT3 entre en action dans la cat\u00e9gorie FIA GT3 en 2024\"}]},{\"@type\":\"WebSite\",\"@id\":\"https:\/\/all-car-news.com\/fr\/#website\",\"url\":\"https:\/\/all-car-news.com\/fr\/\",\"name\":\"All cars news\",\"description\":\"\",\"publisher\":{\"@id\":\"https:\/\/all-car-news.com\/fr\/#organization\"},\"potentialAction\":[{\"@type\":\"SearchAction\",\"target\":{\"@type\":\"EntryPoint\",\"urlTemplate\":\"https:\/\/all-car-news.com\/fr\/?s={search_term_string}\"},\"query-input\":\"required name=search_term_string\"}],\"inLanguage\":\"fr-FR\"},{\"@type\":\"Organization\",\"@id\":\"https:\/\/all-car-news.com\/fr\/#organization\",\"name\":\"All cars news\",\"url\":\"https:\/\/all-car-news.com\/fr\/\",\"logo\":{\"@type\":\"ImageObject\",\"inLanguage\":\"fr-FR\",\"@id\":\"https:\/\/all-car-news.com\/fr\/#\/schema\/logo\/image\/\",\"url\":\"https:\/\/all-car-news.com\/wp-content\/uploads\/2022\/02\/CMYK-AllCarNews_LANDSCAPE_300px-1.png\",\"contentUrl\":\"https:\/\/all-car-news.com\/wp-content\/uploads\/2022\/02\/CMYK-AllCarNews_LANDSCAPE_300px-1.png\",\"width\":300,\"height\":100,\"caption\":\"All cars news\"},\"image\":{\"@id\":\"https:\/\/all-car-news.com\/fr\/#\/schema\/logo\/image\/\"}}]}<\/script>\n<!-- \/ Yoast SEO plugin. -->","yoast_head_json":{"title":"La Ford Mustang GT3 entre en action dans la cat\u00e9gorie FIA GT3 en 2024 - All cars news","robots":{"index":"index","follow":"follow","max-snippet":"max-snippet:-1","max-image-preview":"max-image-preview:large","max-video-preview":"max-video-preview:-1"},"canonical":"https:\/\/all-car-news.com\/fr\/la-ford-mustang-gt3-entre-en-action-dans-la-categorie-fia-gt3-en-2024\/","og_locale":"fr_FR","og_type":"article","og_title":"La Ford Mustang GT3 entre en action dans la cat\u00e9gorie FIA GT3 en 2024 - All cars news","og_description":"Cat\u00e9gorie FIA GT3 Ford rejoint officiellement la cat\u00e9gorie mondiale FIA GT3 avec la nouvelle Mustang GT3, avec laquelle la marque pr\u00e9voit de participer aux 24 Heures du Mans, entre autres. La derni\u00e8re victoire de Ford aux 24 heures du Mans remonte \u00e0 2016 avec la Ford GT. \"Nous sommes fiers de travailler avec [...]","og_url":"https:\/\/all-car-news.com\/fr\/la-ford-mustang-gt3-entre-en-action-dans-la-categorie-fia-gt3-en-2024\/","og_site_name":"All cars news","article_published_time":"2023-06-13T08:11:42+00:00","og_image":[{"url":"https:\/\/autorai.nl\/wp-content\/uploads\/2023\/06\/ford-mustang-gt3-2024-foto20-1140x760.jpg"}],"twitter_card":"summary_large_image","twitter_misc":{"Dur\u00e9e de lecture estim\u00e9e":"3 minutes"},"schema":{"@context":"https:\/\/schema.org","@graph":[{"@type":"Article","@id":"https:\/\/all-car-news.com\/fr\/la-ford-mustang-gt3-entre-en-action-dans-la-categorie-fia-gt3-en-2024\/#article","isPartOf":{"@id":"https:\/\/all-car-news.com\/fr\/la-ford-mustang-gt3-entre-en-action-dans-la-categorie-fia-gt3-en-2024\/"},"author":{"name":"","@id":""},"headline":"La Ford Mustang GT3 entre en action dans la cat\u00e9gorie FIA GT3 en 2024","datePublished":"2023-06-13T08:11:42+00:00","dateModified":"2023-06-13T08:11:42+00:00","mainEntityOfPage":{"@id":"https:\/\/all-car-news.com\/fr\/la-ford-mustang-gt3-entre-en-action-dans-la-categorie-fia-gt3-en-2024\/"},"wordCount":589,"publisher":{"@id":"https:\/\/all-car-news.com\/fr\/#organization"},"articleSection":["Fond","nouvelles de voiture","Sport automobile"],"inLanguage":"fr-FR"},{"@type":"WebPage","@id":"https:\/\/all-car-news.com\/fr\/la-ford-mustang-gt3-entre-en-action-dans-la-categorie-fia-gt3-en-2024\/","url":"https:\/\/all-car-news.com\/fr\/la-ford-mustang-gt3-entre-en-action-dans-la-categorie-fia-gt3-en-2024\/","name":"La Ford Mustang GT3 entre en action dans la cat\u00e9gorie FIA GT3 en 2024 - All cars news","isPartOf":{"@id":"https:\/\/all-car-news.com\/fr\/#website"},"datePublished":"2023-06-13T08:11:42+00:00","dateModified":"2023-06-13T08:11:42+00:00","breadcrumb":{"@id":"https:\/\/all-car-news.com\/fr\/la-ford-mustang-gt3-entre-en-action-dans-la-categorie-fia-gt3-en-2024\/#breadcrumb"},"inLanguage":"fr-FR","potentialAction":[{"@type":"ReadAction","target":["https:\/\/all-car-news.com\/fr\/la-ford-mustang-gt3-entre-en-action-dans-la-categorie-fia-gt3-en-2024\/"]}]},{"@type":"BreadcrumbList","@id":"https:\/\/all-car-news.com\/fr\/la-ford-mustang-gt3-entre-en-action-dans-la-categorie-fia-gt3-en-2024\/#breadcrumb","itemListElement":[{"@type":"ListItem","position":1,"name":"Home","item":"https:\/\/all-car-news.com\/fr\/"},{"@type":"ListItem","position":2,"name":"La Ford Mustang GT3 entre en action dans la cat\u00e9gorie FIA GT3 en 2024"}]},{"@type":"WebSite","@id":"https:\/\/all-car-news.com\/fr\/#website","url":"https:\/\/all-car-news.com\/fr\/","name":"All cars news","description":"","publisher":{"@id":"https:\/\/all-car-news.com\/fr\/#organization"},"potentialAction":[{"@type":"SearchAction","target":{"@type":"EntryPoint","urlTemplate":"https:\/\/all-car-news.com\/fr\/?s={search_term_string}"},"query-input":"required name=search_term_string"}],"inLanguage":"fr-FR"},{"@type":"Organization","@id":"https:\/\/all-car-news.com\/fr\/#organization","name":"All cars news","url":"https:\/\/all-car-news.com\/fr\/","logo":{"@type":"ImageObject","inLanguage":"fr-FR","@id":"https:\/\/all-car-news.com\/fr\/#\/schema\/logo\/image\/","url":"https:\/\/all-car-news.com\/wp-content\/uploads\/2022\/02\/CMYK-AllCarNews_LANDSCAPE_300px-1.png","contentUrl":"https:\/\/all-car-news.com\/wp-content\/uploads\/2022\/02\/CMYK-AllCarNews_LANDSCAPE_300px-1.png","width":300,"height":100,"caption":"All cars news"},"image":{"@id":"https:\/\/all-car-news.com\/fr\/#\/schema\/logo\/image\/"}}]}},"_links":{"self":[{"href":"https:\/\/all-car-news.com\/fr\/wp-json\/wp\/v2\/posts\/136495","targetHints":{"allow":["GET"]}}],"collection":[{"href":"https:\/\/all-car-news.com\/fr\/wp-json\/wp\/v2\/posts"}],"about":[{"href":"https:\/\/all-car-news.com\/fr\/wp-json\/wp\/v2\/types\/post"}],"replies":[{"embeddable":true,"href":"https:\/\/all-car-news.com\/fr\/wp-json\/wp\/v2\/comments?post=136495"}],"version-history":[{"count":0,"href":"https:\/\/all-car-news.com\/fr\/wp-json\/wp\/v2\/posts\/136495\/revisions"}],"wp:featuredmedia":[{"embeddable":true,"href":"https:\/\/all-car-news.com\/fr\/wp-json\/wp\/v2\/media\/136467"}],"wp:attachment":[{"href":"https:\/\/all-car-news.com\/fr\/wp-json\/wp\/v2\/media?parent=136495"}],"wp:term":[{"taxonomy":"category","embeddable":true,"href":"https:\/\/all-car-news.com\/fr\/wp-json\/wp\/v2\/categories?post=136495"},{"taxonomy":"post_tag","embeddable":true,"href":"https:\/\/all-car-news.com\/fr\/wp-json\/wp\/v2\/tags?post=136495"}],"curies":[{"name":"wp","href":"https:\/\/api.w.org\/{rel}","templated":true}]}}