{"id":135888,"date":"2023-05-23T15:46:55","date_gmt":"2023-05-23T15:46:55","guid":{"rendered":"https:\/\/all-car-news.com\/le-bmw-concept-touring-coupe-pourrait-etre-produit-en-serie-selon-nous\/"},"modified":"2023-05-23T15:46:55","modified_gmt":"2023-05-23T15:46:55","slug":"le-bmw-concept-touring-coupe-pourrait-etre-produit-en-serie-selon-nous","status":"publish","type":"post","link":"https:\/\/all-car-news.com\/fr\/le-bmw-concept-touring-coupe-pourrait-etre-produit-en-serie-selon-nous\/","title":{"rendered":"Le BMW Concept Touring Coup\u00e9 pourrait \u00eatre produit en s\u00e9rie, selon nous."},"content":{"rendered":"<h2>BMW Concept Touring Coup\u00e9<\/h2>\n<p>Le BMW Concept Touring Coup\u00e9 est ce qu&rsquo;on appelle une pi\u00e8ce unique. Il s&rsquo;agit d&rsquo;un v\u00e9hicule \u00e0 deux places qui, selon le fabricant, est un symbole intemporel de la libert\u00e9 sur quatre roues et de la joie de voyager ensemble.<\/p>\n<p>Le shooting brake concept \u00e0 six lignes est dot\u00e9 d&rsquo;un int\u00e9rieur dont les garnitures en cuir proviennent du fabricant italien Poltrona Frau. Le compartiment situ\u00e9 derri\u00e8re les si\u00e8ges offre suffisamment d&rsquo;espace pour ranger les bagages. Le bagage lui-m\u00eame a \u00e9galement \u00e9t\u00e9 fabriqu\u00e9 exclusivement sur mesure dans l&rsquo;atelier de cuir Schedoni \u00e0 Mod\u00e8ne.<\/p>\n<h2>Plaisir de conduire<\/h2>\n<p>\u00ab\u00a0Le BMW Concept Touring Coup\u00e9 c\u00e9l\u00e8bre le plaisir de conduire \u00e0 l&rsquo;\u00e9tat pur\u00a0\u00bb, d\u00e9clare Domagoj Dukec, directeur du design BMW. \u00ab\u00a0Une voiture aussi \u00e9mouvante montre que la passion de la conduite a \u00e9t\u00e9 essentielle \u00e0 travers les \u00e2ges et qu&rsquo;elle le restera \u00e0 l&rsquo;avenir. Ses proportions et son nom rappellent la BMW 328 Touring Coup\u00e9 qui a remport\u00e9 la course d&rsquo;endurance des Mille Miglia en 1940\u00a0\u00bb.<\/p>\n<div class=\"galery galery-0\">\n<figure>\n\t\t\t\t\t<span style=\"cursor: pointer\" data-src=\"https:\/\/autorai.nl\/wp-content\/uploads\/2023\/05\/bmw-concept-touring-coupe\u0301-2023-foto17-1600x1067.jpg\" data-fancybox=\"galery-0\" title=\"\"><br \/>\n\t\t\t\t\t\t\t<img decoding=\"async\" width=\"360\" height=\"270\" src=\"https:\/\/autorai.nl\/wp-content\/uploads\/2023\/05\/bmw-concept-touring-coupe%CC%81-2023-foto17-360x270.jpg\" class=\"attachment-small size-small\" alt=\"\" loading=\"lazy\"><i class=\"fa fa-search-plus\" aria-hidden=\"true\"><\/i><br \/>\n\t\t\t\t\t\t<\/span><br \/>\n\t\t\t\t\t<\/figure>\n<figure>\n\t\t\t\t\t<span style=\"cursor: pointer\" data-src=\"https:\/\/autorai.nl\/wp-content\/uploads\/2023\/05\/bmw-concept-touring-coupe\u0301-2023-foto16-1600x1067.jpg\" data-fancybox=\"galery-0\" title=\"\"><br \/>\n\t\t\t\t\t\t\t<img decoding=\"async\" width=\"360\" height=\"270\" src=\"https:\/\/autorai.nl\/wp-content\/uploads\/2023\/05\/bmw-concept-touring-coupe%CC%81-2023-foto16-360x270.jpg\" class=\"attachment-small size-small\" alt=\"\" loading=\"lazy\"><i class=\"fa fa-search-plus\" aria-hidden=\"true\"><\/i><br \/>\n\t\t\t\t\t\t<\/span><br \/>\n\t\t\t\t\t<\/figure>\n<figure>\n\t\t\t\t\t<span style=\"cursor: pointer\" data-src=\"https:\/\/autorai.nl\/wp-content\/uploads\/2023\/05\/bmw-concept-touring-coupe\u0301-2023-foto15-1067x1600.jpg\" data-fancybox=\"galery-0\" title=\"\"><br \/>\n\t\t\t\t\t\t\t<img decoding=\"async\" width=\"360\" height=\"270\" src=\"https:\/\/autorai.nl\/wp-content\/uploads\/2023\/05\/bmw-concept-touring-coupe%CC%81-2023-foto15-360x270.jpg\" class=\"attachment-small size-small\" alt=\"\" loading=\"lazy\"><i class=\"fa fa-search-plus\" aria-hidden=\"true\"><\/i><br \/>\n\t\t\t\t\t\t<\/span><br \/>\n\t\t\t\t\t<\/figure>\n<figure>\n\t\t\t\t\t<span style=\"cursor: pointer\" data-src=\"https:\/\/autorai.nl\/wp-content\/uploads\/2023\/05\/bmw-concept-touring-coupe\u0301-2023-foto14-1013x1600.jpg\" data-fancybox=\"galery-0\" title=\"\"><br \/>\n\t\t\t\t\t\t\t<img decoding=\"async\" width=\"360\" height=\"270\" src=\"https:\/\/autorai.nl\/wp-content\/uploads\/2023\/05\/bmw-concept-touring-coupe%CC%81-2023-foto14-360x270.jpg\" class=\"attachment-small size-small\" alt=\"\" loading=\"lazy\"><i class=\"fa fa-search-plus\" aria-hidden=\"true\"><\/i><br \/>\n\t\t\t\t\t\t<\/span><br \/>\n\t\t\t\t\t<\/figure>\n<figure>\n\t\t\t\t\t<span style=\"cursor: pointer\" data-src=\"https:\/\/autorai.nl\/wp-content\/uploads\/2023\/05\/bmw-concept-touring-coupe\u0301-2023-foto13-1600x1067.jpg\" data-fancybox=\"galery-0\" title=\"\"><br \/>\n\t\t\t\t\t\t\t<img decoding=\"async\" width=\"360\" height=\"270\" src=\"https:\/\/autorai.nl\/wp-content\/uploads\/2023\/05\/bmw-concept-touring-coupe%CC%81-2023-foto13-360x270.jpg\" class=\"attachment-small size-small\" alt=\"\" loading=\"lazy\"><i class=\"fa fa-search-plus\" aria-hidden=\"true\"><\/i><br \/>\n\t\t\t\t\t\t<\/span><br \/>\n\t\t\t\t\t<\/figure>\n<figure>\n\t\t\t\t\t<span style=\"cursor: pointer\" data-src=\"https:\/\/autorai.nl\/wp-content\/uploads\/2023\/05\/bmw-concept-touring-coupe\u0301-2023-foto12-1600x1067.jpg\" data-fancybox=\"galery-0\" title=\"\"><br \/>\n\t\t\t\t\t\t\t<img decoding=\"async\" width=\"360\" height=\"270\" src=\"https:\/\/autorai.nl\/wp-content\/uploads\/2023\/05\/bmw-concept-touring-coupe%CC%81-2023-foto12-360x270.jpg\" class=\"attachment-small size-small\" alt=\"\" loading=\"lazy\"><i class=\"fa fa-search-plus\" aria-hidden=\"true\"><\/i><br \/>\n\t\t\t\t\t\t<\/span><br \/>\n\t\t\t\t\t<\/figure>\n<figure>\n\t\t\t\t\t<span style=\"cursor: pointer\" data-src=\"https:\/\/autorai.nl\/wp-content\/uploads\/2023\/05\/bmw-concept-touring-coupe\u0301-2023-foto11-1600x1068.jpg\" data-fancybox=\"galery-0\" title=\"\"><br \/>\n\t\t\t\t\t\t\t<img decoding=\"async\" width=\"360\" height=\"270\" src=\"https:\/\/autorai.nl\/wp-content\/uploads\/2023\/05\/bmw-concept-touring-coupe%CC%81-2023-foto11-360x270.jpg\" class=\"attachment-small size-small\" alt=\"\" loading=\"lazy\"><i class=\"fa fa-search-plus\" aria-hidden=\"true\"><\/i><br \/>\n\t\t\t\t\t\t<\/span><br \/>\n\t\t\t\t\t<\/figure>\n<figure>\n\t\t\t\t\t<span style=\"cursor: pointer\" data-src=\"https:\/\/autorai.nl\/wp-content\/uploads\/2023\/05\/bmw-concept-touring-coupe\u0301-2023-foto10-1600x1067.jpg\" data-fancybox=\"galery-0\" title=\"\"><br \/>\n\t\t\t\t\t\t\t<img decoding=\"async\" width=\"360\" height=\"270\" src=\"https:\/\/autorai.nl\/wp-content\/uploads\/2023\/05\/bmw-concept-touring-coupe%CC%81-2023-foto10-360x270.jpg\" class=\"attachment-small size-small\" alt=\"\" loading=\"lazy\"><i class=\"fa fa-search-plus\" aria-hidden=\"true\"><\/i><br \/>\n\t\t\t\t\t\t<\/span><br \/>\n\t\t\t\t\t<\/figure>\n<figure>\n\t\t\t\t\t<span style=\"cursor: pointer\" data-src=\"https:\/\/autorai.nl\/wp-content\/uploads\/2023\/05\/bmw-concept-touring-coupe\u0301-2023-foto9-1600x1067.jpg\" data-fancybox=\"galery-0\" title=\"\"><br \/>\n\t\t\t\t\t\t\t<img decoding=\"async\" width=\"360\" height=\"270\" src=\"https:\/\/autorai.nl\/wp-content\/uploads\/2023\/05\/bmw-concept-touring-coupe%CC%81-2023-foto9-360x270.jpg\" class=\"attachment-small size-small\" alt=\"\" loading=\"lazy\"><i class=\"fa fa-search-plus\" aria-hidden=\"true\"><\/i><br \/>\n\t\t\t\t\t\t<\/span><br \/>\n\t\t\t\t\t<\/figure>\n<figure>\n\t\t\t\t\t<span style=\"cursor: pointer\" data-src=\"https:\/\/autorai.nl\/wp-content\/uploads\/2023\/05\/bmw-concept-touring-coupe\u0301-2023-foto8-1600x1067.jpg\" data-fancybox=\"galery-0\" title=\"\"><br \/>\n\t\t\t\t\t\t\t<img decoding=\"async\" width=\"360\" height=\"270\" src=\"https:\/\/autorai.nl\/wp-content\/uploads\/2023\/05\/bmw-concept-touring-coupe%CC%81-2023-foto8-360x270.jpg\" class=\"attachment-small size-small\" alt=\"\" loading=\"lazy\"><i class=\"fa fa-search-plus\" aria-hidden=\"true\"><\/i><br \/>\n\t\t\t\t\t\t<\/span><br \/>\n\t\t\t\t\t<\/figure>\n<figure>\n\t\t\t\t\t<span style=\"cursor: pointer\" data-src=\"https:\/\/autorai.nl\/wp-content\/uploads\/2023\/05\/bmw-concept-touring-coupe\u0301-2023-foto7-1600x1200.jpg\" data-fancybox=\"galery-0\" title=\"\"><br \/>\n\t\t\t\t\t\t\t<img decoding=\"async\" width=\"360\" height=\"270\" src=\"https:\/\/autorai.nl\/wp-content\/uploads\/2023\/05\/bmw-concept-touring-coupe%CC%81-2023-foto7-360x270.jpg\" class=\"attachment-small size-small\" alt=\"\" loading=\"lazy\"><i class=\"fa fa-search-plus\" aria-hidden=\"true\"><\/i><br \/>\n\t\t\t\t\t\t<\/span><br \/>\n\t\t\t\t\t<\/figure>\n<figure>\n\t\t\t\t\t<span style=\"cursor: pointer\" data-src=\"https:\/\/autorai.nl\/wp-content\/uploads\/2023\/05\/bmw-concept-touring-coupe\u0301-2023-foto6-1600x1067.jpg\" data-fancybox=\"galery-0\" title=\"\"><br \/>\n\t\t\t\t\t\t\t<img decoding=\"async\" width=\"360\" height=\"270\" src=\"https:\/\/autorai.nl\/wp-content\/uploads\/2023\/05\/bmw-concept-touring-coupe%CC%81-2023-foto6-360x270.jpg\" class=\"attachment-small size-small\" alt=\"\" loading=\"lazy\"><i class=\"fa fa-search-plus\" aria-hidden=\"true\"><\/i><br \/>\n\t\t\t\t\t\t<\/span><br \/>\n\t\t\t\t\t<\/figure>\n<figure>\n\t\t\t\t\t<span style=\"cursor: pointer\" data-src=\"https:\/\/autorai.nl\/wp-content\/uploads\/2023\/05\/bmw-concept-touring-coupe\u0301-2023-foto5-1600x925.jpg\" data-fancybox=\"galery-0\" title=\"\"><br \/>\n\t\t\t\t\t\t\t<img decoding=\"async\" width=\"360\" height=\"270\" src=\"https:\/\/autorai.nl\/wp-content\/uploads\/2023\/05\/bmw-concept-touring-coupe%CC%81-2023-foto5-360x270.jpg\" class=\"attachment-small size-small\" alt=\"\" loading=\"lazy\"><i class=\"fa fa-search-plus\" aria-hidden=\"true\"><\/i><br \/>\n\t\t\t\t\t\t<\/span><br \/>\n\t\t\t\t\t<\/figure>\n<figure>\n\t\t\t\t\t<span style=\"cursor: pointer\" data-src=\"https:\/\/autorai.nl\/wp-content\/uploads\/2023\/05\/bmw-concept-touring-coupe\u0301-2023-foto4.jpg\" data-fancybox=\"galery-0\" title=\"\"><br \/>\n\t\t\t\t\t\t\t<img decoding=\"async\" width=\"360\" height=\"270\" src=\"https:\/\/autorai.nl\/wp-content\/uploads\/2023\/05\/bmw-concept-touring-coupe%CC%81-2023-foto4-360x270.jpg\" class=\"attachment-small size-small\" alt=\"\" loading=\"lazy\"><i class=\"fa fa-search-plus\" aria-hidden=\"true\"><\/i><br \/>\n\t\t\t\t\t\t<\/span><br \/>\n\t\t\t\t\t<\/figure>\n<figure>\n\t\t\t\t\t<span style=\"cursor: pointer\" data-src=\"https:\/\/autorai.nl\/wp-content\/uploads\/2023\/05\/bmw-concept-touring-coupe\u0301-2023-foto3-1600x1067.jpg\" data-fancybox=\"galery-0\" title=\"\"><br \/>\n\t\t\t\t\t\t\t<img decoding=\"async\" width=\"360\" height=\"270\" src=\"https:\/\/autorai.nl\/wp-content\/uploads\/2023\/05\/bmw-concept-touring-coupe%CC%81-2023-foto3-360x270.jpg\" class=\"attachment-small size-small\" alt=\"\" loading=\"lazy\"><i class=\"fa fa-search-plus\" aria-hidden=\"true\"><\/i><br \/>\n\t\t\t\t\t\t<\/span><br \/>\n\t\t\t\t\t<\/figure>\n<figure>\n\t\t\t\t\t<span style=\"cursor: pointer\" data-src=\"https:\/\/autorai.nl\/wp-content\/uploads\/2023\/05\/bmw-concept-touring-coupe\u0301-2023-foto2-1600x1067.jpg\" data-fancybox=\"galery-0\" title=\"\"><br \/>\n\t\t\t\t\t\t\t<img decoding=\"async\" width=\"360\" height=\"270\" src=\"https:\/\/autorai.nl\/wp-content\/uploads\/2023\/05\/bmw-concept-touring-coupe%CC%81-2023-foto2-360x270.jpg\" class=\"attachment-small size-small\" alt=\"\" loading=\"lazy\"><i class=\"fa fa-search-plus\" aria-hidden=\"true\"><\/i><br \/>\n\t\t\t\t\t\t<\/span><br \/>\n\t\t\t\t\t<\/figure>\n<figure>\n\t\t\t\t\t<span style=\"cursor: pointer\" data-src=\"https:\/\/autorai.nl\/wp-content\/uploads\/2023\/05\/bmw-concept-touring-coupe\u0301-2023-foto1-1600x1107.jpg\" data-fancybox=\"galery-0\" title=\"\"><br \/>\n\t\t\t\t\t\t\t<img decoding=\"async\" width=\"360\" height=\"270\" src=\"https:\/\/autorai.nl\/wp-content\/uploads\/2023\/05\/bmw-concept-touring-coupe%CC%81-2023-foto1-360x270.jpg\" class=\"attachment-small size-small\" alt=\"\" loading=\"lazy\"><i class=\"fa fa-search-plus\" aria-hidden=\"true\"><\/i><br \/>\n\t\t\t\t\t\t<\/span><br \/>\n\t\t\t\t\t<\/figure>\n<div class=\"clear\"><\/div>\n<\/div>\n","protected":false},"excerpt":{"rendered":"BMW Concept Touring Coup\u00e9 Le BMW Concept Touring Coup\u00e9 est ce que l'on pourrait appeler une pi\u00e8ce unique. Il s'agit\u2026","protected":false},"author":0,"featured_media":135868,"comment_status":"","ping_status":"open","sticky":false,"template":"","format":"standard","meta":{"footnotes":""},"categories":[127],"tags":[],"class_list":["post-135888","post","type-post","status-publish","format-standard","has-post-thumbnail","hentry","category-nouvelles-de-voiture"],"acf":[],"yoast_head":"<!-- This site is optimized with the Yoast SEO plugin v21.2 - https:\/\/yoast.com\/wordpress\/plugins\/seo\/ -->\n<title>Le BMW Concept Touring Coup\u00e9 pourrait \u00eatre produit en s\u00e9rie, selon nous. - All cars news<\/title>\n<meta name=\"robots\" content=\"index, follow, max-snippet:-1, max-image-preview:large, max-video-preview:-1\" \/>\n<link rel=\"canonical\" href=\"https:\/\/all-car-news.com\/fr\/le-bmw-concept-touring-coupe-pourrait-etre-produit-en-serie-selon-nous\/\" \/>\n<meta property=\"og:locale\" content=\"fr_FR\" \/>\n<meta property=\"og:type\" content=\"article\" \/>\n<meta property=\"og:title\" content=\"Le BMW Concept Touring Coup\u00e9 pourrait \u00eatre produit en s\u00e9rie, selon nous. - All cars news\" \/>\n<meta property=\"og:description\" content=\"BMW Concept Touring Coup\u00e9 Le BMW Concept Touring Coup\u00e9 est ce que l&#039;on pourrait appeler une pi\u00e8ce unique. Il s&#039;agit d&#039;un v\u00e9hicule \u00e0 deux places qui, selon le fabricant, est un symbole intemporel de la libert\u00e9 sur quatre roues et de la joie de voyager ensemble. Le shooting brake concept \u00e0 six lignes est dot\u00e9 d&#039;un int\u00e9rieur dont les garnitures en cuir proviennent du fabricant italien Poltrona Frau. \u2020\" \/>\n<meta property=\"og:url\" content=\"https:\/\/all-car-news.com\/fr\/le-bmw-concept-touring-coupe-pourrait-etre-produit-en-serie-selon-nous\/\" \/>\n<meta property=\"og:site_name\" content=\"All cars news\" \/>\n<meta property=\"article:published_time\" content=\"2023-05-23T15:46:55+00:00\" \/>\n<meta property=\"og:image\" content=\"https:\/\/autorai.nl\/wp-content\/uploads\/2023\/05\/bmw-concept-touring-coupe%CC%81-2023-foto17-360x270.jpg\" \/>\n<meta name=\"twitter:card\" content=\"summary_large_image\" \/>\n<meta name=\"twitter:label1\" content=\"Dur\u00e9e de lecture estim\u00e9e\" \/>\n\t<meta name=\"twitter:data1\" content=\"1 minute\" \/>\n<script type=\"application\/ld+json\" class=\"yoast-schema-graph\">{\"@context\":\"https:\/\/schema.org\",\"@graph\":[{\"@type\":\"Article\",\"@id\":\"https:\/\/all-car-news.com\/fr\/le-bmw-concept-touring-coupe-pourrait-etre-produit-en-serie-selon-nous\/#article\",\"isPartOf\":{\"@id\":\"https:\/\/all-car-news.com\/fr\/le-bmw-concept-touring-coupe-pourrait-etre-produit-en-serie-selon-nous\/\"},\"author\":{\"name\":\"\",\"@id\":\"\"},\"headline\":\"Le BMW Concept Touring Coup\u00e9 pourrait \u00eatre produit en s\u00e9rie, selon nous.\",\"datePublished\":\"2023-05-23T15:46:55+00:00\",\"dateModified\":\"2023-05-23T15:46:55+00:00\",\"mainEntityOfPage\":{\"@id\":\"https:\/\/all-car-news.com\/fr\/le-bmw-concept-touring-coupe-pourrait-etre-produit-en-serie-selon-nous\/\"},\"wordCount\":181,\"publisher\":{\"@id\":\"https:\/\/all-car-news.com\/fr\/#organization\"},\"articleSection\":[\"nouvelles de voiture\"],\"inLanguage\":\"fr-FR\"},{\"@type\":\"WebPage\",\"@id\":\"https:\/\/all-car-news.com\/fr\/le-bmw-concept-touring-coupe-pourrait-etre-produit-en-serie-selon-nous\/\",\"url\":\"https:\/\/all-car-news.com\/fr\/le-bmw-concept-touring-coupe-pourrait-etre-produit-en-serie-selon-nous\/\",\"name\":\"Le BMW Concept Touring Coup\u00e9 pourrait \u00eatre produit en s\u00e9rie, selon nous. - All cars news\",\"isPartOf\":{\"@id\":\"https:\/\/all-car-news.com\/fr\/#website\"},\"datePublished\":\"2023-05-23T15:46:55+00:00\",\"dateModified\":\"2023-05-23T15:46:55+00:00\",\"breadcrumb\":{\"@id\":\"https:\/\/all-car-news.com\/fr\/le-bmw-concept-touring-coupe-pourrait-etre-produit-en-serie-selon-nous\/#breadcrumb\"},\"inLanguage\":\"fr-FR\",\"potentialAction\":[{\"@type\":\"ReadAction\",\"target\":[\"https:\/\/all-car-news.com\/fr\/le-bmw-concept-touring-coupe-pourrait-etre-produit-en-serie-selon-nous\/\"]}]},{\"@type\":\"BreadcrumbList\",\"@id\":\"https:\/\/all-car-news.com\/fr\/le-bmw-concept-touring-coupe-pourrait-etre-produit-en-serie-selon-nous\/#breadcrumb\",\"itemListElement\":[{\"@type\":\"ListItem\",\"position\":1,\"name\":\"Home\",\"item\":\"https:\/\/all-car-news.com\/fr\/\"},{\"@type\":\"ListItem\",\"position\":2,\"name\":\"Le BMW Concept Touring Coup\u00e9 pourrait \u00eatre produit en s\u00e9rie, selon nous.\"}]},{\"@type\":\"WebSite\",\"@id\":\"https:\/\/all-car-news.com\/fr\/#website\",\"url\":\"https:\/\/all-car-news.com\/fr\/\",\"name\":\"All cars news\",\"description\":\"\",\"publisher\":{\"@id\":\"https:\/\/all-car-news.com\/fr\/#organization\"},\"potentialAction\":[{\"@type\":\"SearchAction\",\"target\":{\"@type\":\"EntryPoint\",\"urlTemplate\":\"https:\/\/all-car-news.com\/fr\/?s={search_term_string}\"},\"query-input\":\"required name=search_term_string\"}],\"inLanguage\":\"fr-FR\"},{\"@type\":\"Organization\",\"@id\":\"https:\/\/all-car-news.com\/fr\/#organization\",\"name\":\"All cars news\",\"url\":\"https:\/\/all-car-news.com\/fr\/\",\"logo\":{\"@type\":\"ImageObject\",\"inLanguage\":\"fr-FR\",\"@id\":\"https:\/\/all-car-news.com\/fr\/#\/schema\/logo\/image\/\",\"url\":\"https:\/\/all-car-news.com\/wp-content\/uploads\/2022\/02\/CMYK-AllCarNews_LANDSCAPE_300px-1.png\",\"contentUrl\":\"https:\/\/all-car-news.com\/wp-content\/uploads\/2022\/02\/CMYK-AllCarNews_LANDSCAPE_300px-1.png\",\"width\":300,\"height\":100,\"caption\":\"All cars news\"},\"image\":{\"@id\":\"https:\/\/all-car-news.com\/fr\/#\/schema\/logo\/image\/\"}}]}<\/script>\n<!-- \/ Yoast SEO plugin. -->","yoast_head_json":{"title":"Le BMW Concept Touring Coup\u00e9 pourrait \u00eatre produit en s\u00e9rie, selon nous. - All cars news","robots":{"index":"index","follow":"follow","max-snippet":"max-snippet:-1","max-image-preview":"max-image-preview:large","max-video-preview":"max-video-preview:-1"},"canonical":"https:\/\/all-car-news.com\/fr\/le-bmw-concept-touring-coupe-pourrait-etre-produit-en-serie-selon-nous\/","og_locale":"fr_FR","og_type":"article","og_title":"Le BMW Concept Touring Coup\u00e9 pourrait \u00eatre produit en s\u00e9rie, selon nous. - All cars news","og_description":"BMW Concept Touring Coup\u00e9 Le BMW Concept Touring Coup\u00e9 est ce que l'on pourrait appeler une pi\u00e8ce unique. Il s'agit d'un v\u00e9hicule \u00e0 deux places qui, selon le fabricant, est un symbole intemporel de la libert\u00e9 sur quatre roues et de la joie de voyager ensemble. Le shooting brake concept \u00e0 six lignes est dot\u00e9 d'un int\u00e9rieur dont les garnitures en cuir proviennent du fabricant italien Poltrona Frau. \u2020","og_url":"https:\/\/all-car-news.com\/fr\/le-bmw-concept-touring-coupe-pourrait-etre-produit-en-serie-selon-nous\/","og_site_name":"All cars news","article_published_time":"2023-05-23T15:46:55+00:00","og_image":[{"url":"https:\/\/autorai.nl\/wp-content\/uploads\/2023\/05\/bmw-concept-touring-coupe%CC%81-2023-foto17-360x270.jpg"}],"twitter_card":"summary_large_image","twitter_misc":{"Dur\u00e9e de lecture estim\u00e9e":"1 minute"},"schema":{"@context":"https:\/\/schema.org","@graph":[{"@type":"Article","@id":"https:\/\/all-car-news.com\/fr\/le-bmw-concept-touring-coupe-pourrait-etre-produit-en-serie-selon-nous\/#article","isPartOf":{"@id":"https:\/\/all-car-news.com\/fr\/le-bmw-concept-touring-coupe-pourrait-etre-produit-en-serie-selon-nous\/"},"author":{"name":"","@id":""},"headline":"Le BMW Concept Touring Coup\u00e9 pourrait \u00eatre produit en s\u00e9rie, selon nous.","datePublished":"2023-05-23T15:46:55+00:00","dateModified":"2023-05-23T15:46:55+00:00","mainEntityOfPage":{"@id":"https:\/\/all-car-news.com\/fr\/le-bmw-concept-touring-coupe-pourrait-etre-produit-en-serie-selon-nous\/"},"wordCount":181,"publisher":{"@id":"https:\/\/all-car-news.com\/fr\/#organization"},"articleSection":["nouvelles de voiture"],"inLanguage":"fr-FR"},{"@type":"WebPage","@id":"https:\/\/all-car-news.com\/fr\/le-bmw-concept-touring-coupe-pourrait-etre-produit-en-serie-selon-nous\/","url":"https:\/\/all-car-news.com\/fr\/le-bmw-concept-touring-coupe-pourrait-etre-produit-en-serie-selon-nous\/","name":"Le BMW Concept Touring Coup\u00e9 pourrait \u00eatre produit en s\u00e9rie, selon nous. - All cars news","isPartOf":{"@id":"https:\/\/all-car-news.com\/fr\/#website"},"datePublished":"2023-05-23T15:46:55+00:00","dateModified":"2023-05-23T15:46:55+00:00","breadcrumb":{"@id":"https:\/\/all-car-news.com\/fr\/le-bmw-concept-touring-coupe-pourrait-etre-produit-en-serie-selon-nous\/#breadcrumb"},"inLanguage":"fr-FR","potentialAction":[{"@type":"ReadAction","target":["https:\/\/all-car-news.com\/fr\/le-bmw-concept-touring-coupe-pourrait-etre-produit-en-serie-selon-nous\/"]}]},{"@type":"BreadcrumbList","@id":"https:\/\/all-car-news.com\/fr\/le-bmw-concept-touring-coupe-pourrait-etre-produit-en-serie-selon-nous\/#breadcrumb","itemListElement":[{"@type":"ListItem","position":1,"name":"Home","item":"https:\/\/all-car-news.com\/fr\/"},{"@type":"ListItem","position":2,"name":"Le BMW Concept Touring Coup\u00e9 pourrait \u00eatre produit en s\u00e9rie, selon nous."}]},{"@type":"WebSite","@id":"https:\/\/all-car-news.com\/fr\/#website","url":"https:\/\/all-car-news.com\/fr\/","name":"All cars news","description":"","publisher":{"@id":"https:\/\/all-car-news.com\/fr\/#organization"},"potentialAction":[{"@type":"SearchAction","target":{"@type":"EntryPoint","urlTemplate":"https:\/\/all-car-news.com\/fr\/?s={search_term_string}"},"query-input":"required name=search_term_string"}],"inLanguage":"fr-FR"},{"@type":"Organization","@id":"https:\/\/all-car-news.com\/fr\/#organization","name":"All cars news","url":"https:\/\/all-car-news.com\/fr\/","logo":{"@type":"ImageObject","inLanguage":"fr-FR","@id":"https:\/\/all-car-news.com\/fr\/#\/schema\/logo\/image\/","url":"https:\/\/all-car-news.com\/wp-content\/uploads\/2022\/02\/CMYK-AllCarNews_LANDSCAPE_300px-1.png","contentUrl":"https:\/\/all-car-news.com\/wp-content\/uploads\/2022\/02\/CMYK-AllCarNews_LANDSCAPE_300px-1.png","width":300,"height":100,"caption":"All cars news"},"image":{"@id":"https:\/\/all-car-news.com\/fr\/#\/schema\/logo\/image\/"}}]}},"_links":{"self":[{"href":"https:\/\/all-car-news.com\/fr\/wp-json\/wp\/v2\/posts\/135888","targetHints":{"allow":["GET"]}}],"collection":[{"href":"https:\/\/all-car-news.com\/fr\/wp-json\/wp\/v2\/posts"}],"about":[{"href":"https:\/\/all-car-news.com\/fr\/wp-json\/wp\/v2\/types\/post"}],"replies":[{"embeddable":true,"href":"https:\/\/all-car-news.com\/fr\/wp-json\/wp\/v2\/comments?post=135888"}],"version-history":[{"count":0,"href":"https:\/\/all-car-news.com\/fr\/wp-json\/wp\/v2\/posts\/135888\/revisions"}],"wp:featuredmedia":[{"embeddable":true,"href":"https:\/\/all-car-news.com\/fr\/wp-json\/wp\/v2\/media\/135868"}],"wp:attachment":[{"href":"https:\/\/all-car-news.com\/fr\/wp-json\/wp\/v2\/media?parent=135888"}],"wp:term":[{"taxonomy":"category","embeddable":true,"href":"https:\/\/all-car-news.com\/fr\/wp-json\/wp\/v2\/categories?post=135888"},{"taxonomy":"post_tag","embeddable":true,"href":"https:\/\/all-car-news.com\/fr\/wp-json\/wp\/v2\/tags?post=135888"}],"curies":[{"name":"wp","href":"https:\/\/api.w.org\/{rel}","templated":true}]}}