{"id":135739,"date":"2023-05-17T11:31:43","date_gmt":"2023-05-17T11:31:43","guid":{"rendered":"https:\/\/all-car-news.com\/un-belge-veut-battre-le-record-du-monde-de-tourisme-visiter-15-pays-en-un-jour\/"},"modified":"2023-05-17T11:31:43","modified_gmt":"2023-05-17T11:31:43","slug":"un-belge-veut-battre-le-record-du-monde-de-tourisme-visiter-15-pays-en-un-jour","status":"publish","type":"post","link":"https:\/\/all-car-news.com\/fr\/un-belge-veut-battre-le-record-du-monde-de-tourisme-visiter-15-pays-en-un-jour\/","title":{"rendered":"Un Belge veut battre le record du monde de tourisme : visiter 15 pays en un jour"},"content":{"rendered":"<h2>Record du monde actuel<\/h2>\n<p>Le record du monde du plus grand nombre de pays en une journ\u00e9e \u00e9tait d\u00e9tenu par l&rsquo;Italien Valerio Boni jusqu&rsquo;\u00e0 l&rsquo;ann\u00e9e derni\u00e8re. Celui-ci a visit\u00e9 11 pays en moins de 24 heures. L&rsquo;ann\u00e9e derni\u00e8re, Thierry Sarasyn a battu ce record en visitant 13 pays en une journ\u00e9e. \u00ab\u00a0Cela aurait pu \u00eatre 14\u00a0\u00bb, se souvient Sarasyn.<\/p>\n<p>\u00ab\u00a0En cours de route, on a le temps de r\u00e9fl\u00e9chir. L&rsquo;objectif \u00e9tait bien de faire 14 pays, mais lorsque je suis entr\u00e9 en Belgique apr\u00e8s moins de 20 heures, j&rsquo;ai r\u00e9alis\u00e9 que 15 pays \u00e9taient \u00e9galement possibles. J&rsquo;ai laiss\u00e9 tomber la derni\u00e8re ligne droite jusqu&rsquo;aux Pays-Bas, sachant que j&rsquo;avais d\u00e9j\u00e0 le record en main et qu&rsquo;il ne servait \u00e0 rien de faire 14 pays s&rsquo;il \u00e9tait possible d&rsquo;en faire un de plus. Plus n&rsquo;est pas possible \u00e0 mon avis. \u00c0 moins qu&rsquo;ils ne reconnaissent officiellement Disneyland.<\/p>\n<p><img decoding=\"async\" loading=\"lazy\" width=\"1140\" height=\"760\" class=\"alignnone size-medium wp-image-27182\" src=\"https:\/\/motorrai.nl\/wp-content\/uploads\/2023\/05\/thierry-sarasyn-kawasaki-foto5-1140x760.jpg\" alt=\"\"><\/p>\n<h2>Ne jamais dire jamais<\/h2>\n<p>Pourtant, pendant longtemps, il ne semblait pas que ce serait Thierry Sarasyn qui tenterait de battre son propre record. \u00ab\u00a0Apr\u00e8s cette tentative, je n&rsquo;en pouvais plus. Pour officialiser le record, le v\u00e9lo doit \u00eatre \u00e9quip\u00e9 d&rsquo;un syst\u00e8me de suivi. Ce syst\u00e8me enregistre tout ce que vous faites, y compris votre vitesse. Je ne veux pas et je ne dois pas transformer cette course en un boulet de canon moderne. Tout se fait dans le respect du code de la route. Donc pas de vitesse excessive. L&rsquo;ann\u00e9e derni\u00e8re, j&rsquo;ai eu une vitesse moyenne d&rsquo;un peu plus de 90 km \u00e0 l&rsquo;heure. Mais j&rsquo;\u00e9tais d\u00e9vast\u00e9. Mentalement et physiquement. Et il faut rester prudent. Je n&rsquo;\u00e9tais donc pas encore descendu du v\u00e9lo \u00e0 l&rsquo;arriv\u00e9e \u00e0 Arlon que j&rsquo;ai annonc\u00e9 que je ne recommencerais plus jamais.<\/p>\n<h2>Kawasaki Versys 1000<\/h2>\n<p>Mais il ne faut jamais dire jamais. \u00ab\u00a0Avec la Kawasaki Versys 1000, j&rsquo;ai une moto beaucoup plus confortable que l&rsquo;ann\u00e9e derni\u00e8re. Je connais les routes, je sais o\u00f9 se trouvent les pi\u00e8ges et je suis aussi pr\u00e9par\u00e9 que possible. J&rsquo;ai \u00e9vit\u00e9 les endroits o\u00f9 j&rsquo;ai perdu (trop) de temps l&rsquo;ann\u00e9e derni\u00e8re dans l&rsquo;itin\u00e9raire que j&rsquo;avais trac\u00e9. Mais m\u00eame dans ce cas, le trafic intense, les d\u00e9viations de routes, les erreurs de navigation, le mauvais temps et une foule d&rsquo;autres probl\u00e8mes restent possibles. M\u00eame si tout se passe bien, il y a toujours un probl\u00e8me. Samedi soir vers 22h30 &#8211; et de pr\u00e9f\u00e9rence un peu plus t\u00f4t &#8211; nous saurons si tout s&rsquo;est bien pass\u00e9. Le comit\u00e9 d&rsquo;accueil attend Thierry avec impatience sur la ligne d&rsquo;arriv\u00e9e \u00e0 Eijsden, dans le sud du Limbourg.<\/p>\n<h2>L&rsquo;itin\u00e9raire<\/h2>\n<p>Pologne, R\u00e9publique tch\u00e8que, Slovaquie, Hongrie, Croatie, Slov\u00e9nie, Italie, Autriche, Allemagne, Liechtenstein, Suisse, France, Luxembourg, Belgique, Pays-Bas.<\/p>\n<ul>\n<li><strong>Longueur totale : <\/strong>2 300 km<\/li>\n<li><strong>D\u00e9part : <\/strong>vendredi soir 19 avril, 22h30<\/li>\n<li><strong>Arriv\u00e9e : <\/strong>?<\/li>\n<\/ul>\n<div class=\"galery shuffle galery-27174\">\n<figure>\n\t\t\t<a href=\"https:\/\/motorrai.nl\/wp-content\/uploads\/2023\/05\/thierry-sarasyn-kawasaki-foto22-1600x1067.jpg\" data-fancybox=\"galery-27174\" title=\"\"><br \/>\n\t\t\t\t<img decoding=\"async\" src=\"https:\/\/motorrai.nl\/wp-content\/uploads\/2023\/05\/thierry-sarasyn-kawasaki-foto22-640x480.jpg\" alt=\"\"><i class=\"fa fa-search-plus\" aria-hidden=\"true\"><\/i><br \/>\n\t\t\t<\/a><br \/>\n\t\t<\/figure>\n<figure>\n\t\t\t<a href=\"https:\/\/motorrai.nl\/wp-content\/uploads\/2023\/05\/thierry-sarasyn-kawasaki-foto21-1600x1067.jpg\" data-fancybox=\"galery-27174\" title=\"\"><br \/>\n\t\t\t\t<img decoding=\"async\" src=\"https:\/\/motorrai.nl\/wp-content\/uploads\/2023\/05\/thierry-sarasyn-kawasaki-foto21-360x270.jpg\" alt=\"\"><i class=\"fa fa-search-plus\" aria-hidden=\"true\"><\/i><br \/>\n\t\t\t<\/a><br \/>\n\t\t<\/figure>\n<figure>\n\t\t\t<a href=\"https:\/\/motorrai.nl\/wp-content\/uploads\/2023\/05\/thierry-sarasyn-kawasaki-foto20-1600x1157.jpg\" data-fancybox=\"galery-27174\" title=\"\"><br \/>\n\t\t\t\t<img decoding=\"async\" src=\"https:\/\/motorrai.nl\/wp-content\/uploads\/2023\/05\/thierry-sarasyn-kawasaki-foto20-360x270.jpg\" alt=\"\"><i class=\"fa fa-search-plus\" aria-hidden=\"true\"><\/i><br \/>\n\t\t\t<\/a><br \/>\n\t\t<\/figure>\n<figure>\n\t\t\t<a href=\"https:\/\/motorrai.nl\/wp-content\/uploads\/2023\/05\/thierry-sarasyn-kawasaki-foto19-1600x1067.jpg\" data-fancybox=\"galery-27174\" title=\"\"><br \/>\n\t\t\t\t<img decoding=\"async\" src=\"https:\/\/motorrai.nl\/wp-content\/uploads\/2023\/05\/thierry-sarasyn-kawasaki-foto19-640x480.jpg\" alt=\"\"><i class=\"fa fa-search-plus\" aria-hidden=\"true\"><\/i><br \/>\n\t\t\t<\/a><br \/>\n\t\t<\/figure>\n<figure>\n\t\t\t<a href=\"https:\/\/motorrai.nl\/wp-content\/uploads\/2023\/05\/thierry-sarasyn-kawasaki-foto17-1600x1067.jpg\" data-fancybox=\"galery-27174\" title=\"\"><br \/>\n\t\t\t\t<img decoding=\"async\" src=\"https:\/\/motorrai.nl\/wp-content\/uploads\/2023\/05\/thierry-sarasyn-kawasaki-foto17-360x270.jpg\" alt=\"\"><i class=\"fa fa-search-plus\" aria-hidden=\"true\"><\/i><br \/>\n\t\t\t<\/a><br \/>\n\t\t<\/figure>\n<figure>\n\t\t\t<a href=\"https:\/\/motorrai.nl\/wp-content\/uploads\/2023\/05\/thierry-sarasyn-kawasaki-foto16-1600x1067.jpg\" data-fancybox=\"galery-27174\" title=\"\"><br \/>\n\t\t\t\t<img decoding=\"async\" src=\"https:\/\/motorrai.nl\/wp-content\/uploads\/2023\/05\/thierry-sarasyn-kawasaki-foto16-360x270.jpg\" alt=\"\"><i class=\"fa fa-search-plus\" aria-hidden=\"true\"><\/i><br \/>\n\t\t\t<\/a><br \/>\n\t\t<\/figure>\n<figure>\n\t\t\t<a href=\"https:\/\/motorrai.nl\/wp-content\/uploads\/2023\/05\/thierry-sarasyn-kawasaki-foto15-1600x1067.jpg\" data-fancybox=\"galery-27174\" title=\"\"><br \/>\n\t\t\t\t<img decoding=\"async\" src=\"https:\/\/motorrai.nl\/wp-content\/uploads\/2023\/05\/thierry-sarasyn-kawasaki-foto15-640x480.jpg\" alt=\"\"><i class=\"fa fa-search-plus\" aria-hidden=\"true\"><\/i><br \/>\n\t\t\t<\/a><br \/>\n\t\t<\/figure>\n<figure>\n\t\t\t<a href=\"https:\/\/motorrai.nl\/wp-content\/uploads\/2023\/05\/thierry-sarasyn-kawasaki-foto14-1600x1067.jpg\" data-fancybox=\"galery-27174\" title=\"\"><br \/>\n\t\t\t\t<img decoding=\"async\" src=\"https:\/\/motorrai.nl\/wp-content\/uploads\/2023\/05\/thierry-sarasyn-kawasaki-foto14-360x270.jpg\" alt=\"\"><i class=\"fa fa-search-plus\" aria-hidden=\"true\"><\/i><br \/>\n\t\t\t<\/a><br \/>\n\t\t<\/figure>\n<figure>\n\t\t\t<a href=\"https:\/\/motorrai.nl\/wp-content\/uploads\/2023\/05\/thierry-sarasyn-kawasaki-foto13-1600x1067.jpg\" data-fancybox=\"galery-27174\" title=\"\"><br \/>\n\t\t\t\t<img decoding=\"async\" src=\"https:\/\/motorrai.nl\/wp-content\/uploads\/2023\/05\/thierry-sarasyn-kawasaki-foto13-360x270.jpg\" alt=\"\"><i class=\"fa fa-search-plus\" aria-hidden=\"true\"><\/i><br \/>\n\t\t\t<\/a><br \/>\n\t\t<\/figure>\n<figure>\n\t\t\t<a href=\"https:\/\/motorrai.nl\/wp-content\/uploads\/2023\/05\/thierry-sarasyn-kawasaki-foto12-1600x1067.jpg\" data-fancybox=\"galery-27174\" title=\"\"><br \/>\n\t\t\t\t<img decoding=\"async\" src=\"https:\/\/motorrai.nl\/wp-content\/uploads\/2023\/05\/thierry-sarasyn-kawasaki-foto12-640x480.jpg\" alt=\"\"><i class=\"fa fa-search-plus\" aria-hidden=\"true\"><\/i><br \/>\n\t\t\t<\/a><br \/>\n\t\t<\/figure>\n<figure>\n\t\t\t<a href=\"https:\/\/motorrai.nl\/wp-content\/uploads\/2023\/05\/thierry-sarasyn-kawasaki-foto11-1600x1067.jpg\" data-fancybox=\"galery-27174\" title=\"\"><br \/>\n\t\t\t\t<img decoding=\"async\" src=\"https:\/\/motorrai.nl\/wp-content\/uploads\/2023\/05\/thierry-sarasyn-kawasaki-foto11-360x270.jpg\" alt=\"\"><i class=\"fa fa-search-plus\" aria-hidden=\"true\"><\/i><br \/>\n\t\t\t<\/a><br \/>\n\t\t<\/figure>\n<figure>\n\t\t\t<a href=\"https:\/\/motorrai.nl\/wp-content\/uploads\/2023\/05\/thierry-sarasyn-kawasaki-foto10-1600x1067.jpg\" data-fancybox=\"galery-27174\" title=\"\"><br \/>\n\t\t\t\t<img decoding=\"async\" src=\"https:\/\/motorrai.nl\/wp-content\/uploads\/2023\/05\/thierry-sarasyn-kawasaki-foto10-360x270.jpg\" alt=\"\"><i class=\"fa fa-search-plus\" aria-hidden=\"true\"><\/i><br \/>\n\t\t\t<\/a><br \/>\n\t\t<\/figure>\n<figure>\n\t\t\t<a href=\"https:\/\/motorrai.nl\/wp-content\/uploads\/2023\/05\/thierry-sarasyn-kawasaki-foto9-1600x1067.jpg\" data-fancybox=\"galery-27174\" title=\"\"><br \/>\n\t\t\t\t<img decoding=\"async\" src=\"https:\/\/motorrai.nl\/wp-content\/uploads\/2023\/05\/thierry-sarasyn-kawasaki-foto9-640x480.jpg\" alt=\"\"><i class=\"fa fa-search-plus\" aria-hidden=\"true\"><\/i><br \/>\n\t\t\t<\/a><br \/>\n\t\t<\/figure>\n<figure>\n\t\t\t<a href=\"https:\/\/motorrai.nl\/wp-content\/uploads\/2023\/05\/thierry-sarasyn-kawasaki-foto8-1600x1067.jpg\" data-fancybox=\"galery-27174\" title=\"\"><br \/>\n\t\t\t\t<img decoding=\"async\" src=\"https:\/\/motorrai.nl\/wp-content\/uploads\/2023\/05\/thierry-sarasyn-kawasaki-foto8-360x270.jpg\" alt=\"\"><i class=\"fa fa-search-plus\" aria-hidden=\"true\"><\/i><br \/>\n\t\t\t<\/a><br \/>\n\t\t<\/figure>\n<figure>\n\t\t\t<a href=\"https:\/\/motorrai.nl\/wp-content\/uploads\/2023\/05\/thierry-sarasyn-kawasaki-foto7-1600x1067.jpg\" data-fancybox=\"galery-27174\" title=\"\"><br \/>\n\t\t\t\t<img decoding=\"async\" src=\"https:\/\/motorrai.nl\/wp-content\/uploads\/2023\/05\/thierry-sarasyn-kawasaki-foto7-360x270.jpg\" alt=\"\"><i class=\"fa fa-search-plus\" aria-hidden=\"true\"><\/i><br \/>\n\t\t\t<\/a><br \/>\n\t\t<\/figure>\n<figure>\n\t\t\t<a href=\"https:\/\/motorrai.nl\/wp-content\/uploads\/2023\/05\/thierry-sarasyn-kawasaki-foto6-1600x1067.jpg\" data-fancybox=\"galery-27174\" title=\"\"><br \/>\n\t\t\t\t<img decoding=\"async\" src=\"https:\/\/motorrai.nl\/wp-content\/uploads\/2023\/05\/thierry-sarasyn-kawasaki-foto6-640x480.jpg\" alt=\"\"><i class=\"fa fa-search-plus\" aria-hidden=\"true\"><\/i><br \/>\n\t\t\t<\/a><br \/>\n\t\t<\/figure>\n<figure>\n\t\t\t<a href=\"https:\/\/motorrai.nl\/wp-content\/uploads\/2023\/05\/thierry-sarasyn-kawasaki-foto5-1600x1067.jpg\" data-fancybox=\"galery-27174\" title=\"\"><br \/>\n\t\t\t\t<img decoding=\"async\" src=\"https:\/\/motorrai.nl\/wp-content\/uploads\/2023\/05\/thierry-sarasyn-kawasaki-foto5-360x270.jpg\" alt=\"\"><i class=\"fa fa-search-plus\" aria-hidden=\"true\"><\/i><br \/>\n\t\t\t<\/a><br \/>\n\t\t<\/figure>\n<figure>\n\t\t\t<a href=\"https:\/\/motorrai.nl\/wp-content\/uploads\/2023\/05\/thierry-sarasyn-kawasaki-foto4-1600x1067.jpg\" data-fancybox=\"galery-27174\" title=\"\"><br \/>\n\t\t\t\t<img decoding=\"async\" src=\"https:\/\/motorrai.nl\/wp-content\/uploads\/2023\/05\/thierry-sarasyn-kawasaki-foto4-360x270.jpg\" alt=\"\"><i class=\"fa fa-search-plus\" aria-hidden=\"true\"><\/i><br \/>\n\t\t\t<\/a><br \/>\n\t\t<\/figure>\n<figure>\n\t\t\t<a href=\"https:\/\/motorrai.nl\/wp-content\/uploads\/2023\/05\/thierry-sarasyn-kawasaki-foto3-1600x1067.jpg\" data-fancybox=\"galery-27174\" title=\"\"><br \/>\n\t\t\t\t<img decoding=\"async\" src=\"https:\/\/motorrai.nl\/wp-content\/uploads\/2023\/05\/thierry-sarasyn-kawasaki-foto3-640x480.jpg\" alt=\"\"><i class=\"fa fa-search-plus\" aria-hidden=\"true\"><\/i><br \/>\n\t\t\t<\/a><br \/>\n\t\t<\/figure>\n<figure>\n\t\t\t<a href=\"https:\/\/motorrai.nl\/wp-content\/uploads\/2023\/05\/thierry-sarasyn-kawasaki-foto2-1600x1067.jpg\" data-fancybox=\"galery-27174\" title=\"\"><br \/>\n\t\t\t\t<img decoding=\"async\" src=\"https:\/\/motorrai.nl\/wp-content\/uploads\/2023\/05\/thierry-sarasyn-kawasaki-foto2-360x270.jpg\" alt=\"\"><i class=\"fa fa-search-plus\" aria-hidden=\"true\"><\/i><br \/>\n\t\t\t<\/a><br \/>\n\t\t<\/figure>\n<figure>\n\t\t\t<a href=\"https:\/\/motorrai.nl\/wp-content\/uploads\/2023\/05\/thierry-sarasyn-kawasaki-foto1-1600x1224.jpg\" data-fancybox=\"galery-27174\" title=\"\"><br \/>\n\t\t\t\t<img decoding=\"async\" src=\"https:\/\/motorrai.nl\/wp-content\/uploads\/2023\/05\/thierry-sarasyn-kawasaki-foto1-360x270.jpg\" alt=\"\"><i class=\"fa fa-search-plus\" aria-hidden=\"true\"><\/i><br \/>\n\t\t\t<\/a><br \/>\n\t\t<\/figure>\n<div class=\"clear\"><\/div>\n<\/div>\n","protected":false},"excerpt":{"rendered":"Record du monde actuel Le record du monde du plus grand nombre de pays en une journ\u00e9e \u00e9tait d\u00e9tenu par\u2026","protected":false},"author":0,"featured_media":135725,"comment_status":"","ping_status":"open","sticky":false,"template":"","format":"standard","meta":{"footnotes":""},"categories":[127],"tags":[],"class_list":["post-135739","post","type-post","status-publish","format-standard","has-post-thumbnail","hentry","category-nouvelles-de-voiture"],"acf":[],"yoast_head":"<!-- This site is optimized with the Yoast SEO plugin v21.2 - https:\/\/yoast.com\/wordpress\/plugins\/seo\/ -->\n<title>Un Belge veut battre le record du monde de tourisme : visiter 15 pays en un jour - All cars news<\/title>\n<meta name=\"robots\" content=\"index, follow, max-snippet:-1, max-image-preview:large, max-video-preview:-1\" \/>\n<link rel=\"canonical\" href=\"https:\/\/all-car-news.com\/fr\/un-belge-veut-battre-le-record-du-monde-de-tourisme-visiter-15-pays-en-un-jour\/\" \/>\n<meta property=\"og:locale\" content=\"fr_FR\" \/>\n<meta property=\"og:type\" content=\"article\" \/>\n<meta property=\"og:title\" content=\"Un Belge veut battre le record du monde de tourisme : visiter 15 pays en un jour - All cars news\" \/>\n<meta property=\"og:description\" content=\"Record du monde actuel Le record du monde du plus grand nombre de pays en une journ\u00e9e \u00e9tait d\u00e9tenu par l&#039;Italien Valerio Boni jusqu&#039;\u00e0 l&#039;ann\u00e9e derni\u00e8re. Celui-ci a visit\u00e9 11 pays en moins de 24 heures. L&#039;ann\u00e9e derni\u00e8re, Thierry Sarasyn a battu ce record en visitant 13 pays en une journ\u00e9e. &quot;Cela aurait pu \u00eatre 14&quot;, se souvient [...]\" \/>\n<meta property=\"og:url\" content=\"https:\/\/all-car-news.com\/fr\/un-belge-veut-battre-le-record-du-monde-de-tourisme-visiter-15-pays-en-un-jour\/\" \/>\n<meta property=\"og:site_name\" content=\"All cars news\" \/>\n<meta property=\"article:published_time\" content=\"2023-05-17T11:31:43+00:00\" \/>\n<meta property=\"og:image\" content=\"https:\/\/motorrai.nl\/wp-content\/uploads\/2023\/05\/thierry-sarasyn-kawasaki-foto5-1140x760.jpg\" \/>\n<meta name=\"twitter:card\" content=\"summary_large_image\" \/>\n<meta name=\"twitter:label1\" content=\"Dur\u00e9e de lecture estim\u00e9e\" \/>\n\t<meta name=\"twitter:data1\" content=\"2 minutes\" \/>\n<script type=\"application\/ld+json\" class=\"yoast-schema-graph\">{\"@context\":\"https:\/\/schema.org\",\"@graph\":[{\"@type\":\"Article\",\"@id\":\"https:\/\/all-car-news.com\/fr\/un-belge-veut-battre-le-record-du-monde-de-tourisme-visiter-15-pays-en-un-jour\/#article\",\"isPartOf\":{\"@id\":\"https:\/\/all-car-news.com\/fr\/un-belge-veut-battre-le-record-du-monde-de-tourisme-visiter-15-pays-en-un-jour\/\"},\"author\":{\"name\":\"\",\"@id\":\"\"},\"headline\":\"Un Belge veut battre le record du monde de tourisme : visiter 15 pays en un jour\",\"datePublished\":\"2023-05-17T11:31:43+00:00\",\"dateModified\":\"2023-05-17T11:31:43+00:00\",\"mainEntityOfPage\":{\"@id\":\"https:\/\/all-car-news.com\/fr\/un-belge-veut-battre-le-record-du-monde-de-tourisme-visiter-15-pays-en-un-jour\/\"},\"wordCount\":485,\"publisher\":{\"@id\":\"https:\/\/all-car-news.com\/fr\/#organization\"},\"articleSection\":[\"nouvelles de voiture\"],\"inLanguage\":\"fr-FR\"},{\"@type\":\"WebPage\",\"@id\":\"https:\/\/all-car-news.com\/fr\/un-belge-veut-battre-le-record-du-monde-de-tourisme-visiter-15-pays-en-un-jour\/\",\"url\":\"https:\/\/all-car-news.com\/fr\/un-belge-veut-battre-le-record-du-monde-de-tourisme-visiter-15-pays-en-un-jour\/\",\"name\":\"Un Belge veut battre le record du monde de tourisme : visiter 15 pays en un jour - All cars news\",\"isPartOf\":{\"@id\":\"https:\/\/all-car-news.com\/fr\/#website\"},\"datePublished\":\"2023-05-17T11:31:43+00:00\",\"dateModified\":\"2023-05-17T11:31:43+00:00\",\"breadcrumb\":{\"@id\":\"https:\/\/all-car-news.com\/fr\/un-belge-veut-battre-le-record-du-monde-de-tourisme-visiter-15-pays-en-un-jour\/#breadcrumb\"},\"inLanguage\":\"fr-FR\",\"potentialAction\":[{\"@type\":\"ReadAction\",\"target\":[\"https:\/\/all-car-news.com\/fr\/un-belge-veut-battre-le-record-du-monde-de-tourisme-visiter-15-pays-en-un-jour\/\"]}]},{\"@type\":\"BreadcrumbList\",\"@id\":\"https:\/\/all-car-news.com\/fr\/un-belge-veut-battre-le-record-du-monde-de-tourisme-visiter-15-pays-en-un-jour\/#breadcrumb\",\"itemListElement\":[{\"@type\":\"ListItem\",\"position\":1,\"name\":\"Home\",\"item\":\"https:\/\/all-car-news.com\/fr\/\"},{\"@type\":\"ListItem\",\"position\":2,\"name\":\"Un Belge veut battre le record du monde de tourisme : visiter 15 pays en un jour\"}]},{\"@type\":\"WebSite\",\"@id\":\"https:\/\/all-car-news.com\/fr\/#website\",\"url\":\"https:\/\/all-car-news.com\/fr\/\",\"name\":\"All cars news\",\"description\":\"\",\"publisher\":{\"@id\":\"https:\/\/all-car-news.com\/fr\/#organization\"},\"potentialAction\":[{\"@type\":\"SearchAction\",\"target\":{\"@type\":\"EntryPoint\",\"urlTemplate\":\"https:\/\/all-car-news.com\/fr\/?s={search_term_string}\"},\"query-input\":\"required name=search_term_string\"}],\"inLanguage\":\"fr-FR\"},{\"@type\":\"Organization\",\"@id\":\"https:\/\/all-car-news.com\/fr\/#organization\",\"name\":\"All cars news\",\"url\":\"https:\/\/all-car-news.com\/fr\/\",\"logo\":{\"@type\":\"ImageObject\",\"inLanguage\":\"fr-FR\",\"@id\":\"https:\/\/all-car-news.com\/fr\/#\/schema\/logo\/image\/\",\"url\":\"https:\/\/all-car-news.com\/wp-content\/uploads\/2022\/02\/CMYK-AllCarNews_LANDSCAPE_300px-1.png\",\"contentUrl\":\"https:\/\/all-car-news.com\/wp-content\/uploads\/2022\/02\/CMYK-AllCarNews_LANDSCAPE_300px-1.png\",\"width\":300,\"height\":100,\"caption\":\"All cars news\"},\"image\":{\"@id\":\"https:\/\/all-car-news.com\/fr\/#\/schema\/logo\/image\/\"}}]}<\/script>\n<!-- \/ Yoast SEO plugin. -->","yoast_head_json":{"title":"Un Belge veut battre le record du monde de tourisme : visiter 15 pays en un jour - All cars news","robots":{"index":"index","follow":"follow","max-snippet":"max-snippet:-1","max-image-preview":"max-image-preview:large","max-video-preview":"max-video-preview:-1"},"canonical":"https:\/\/all-car-news.com\/fr\/un-belge-veut-battre-le-record-du-monde-de-tourisme-visiter-15-pays-en-un-jour\/","og_locale":"fr_FR","og_type":"article","og_title":"Un Belge veut battre le record du monde de tourisme : visiter 15 pays en un jour - All cars news","og_description":"Record du monde actuel Le record du monde du plus grand nombre de pays en une journ\u00e9e \u00e9tait d\u00e9tenu par l'Italien Valerio Boni jusqu'\u00e0 l'ann\u00e9e derni\u00e8re. Celui-ci a visit\u00e9 11 pays en moins de 24 heures. L'ann\u00e9e derni\u00e8re, Thierry Sarasyn a battu ce record en visitant 13 pays en une journ\u00e9e. \"Cela aurait pu \u00eatre 14\", se souvient [...]","og_url":"https:\/\/all-car-news.com\/fr\/un-belge-veut-battre-le-record-du-monde-de-tourisme-visiter-15-pays-en-un-jour\/","og_site_name":"All cars news","article_published_time":"2023-05-17T11:31:43+00:00","og_image":[{"url":"https:\/\/motorrai.nl\/wp-content\/uploads\/2023\/05\/thierry-sarasyn-kawasaki-foto5-1140x760.jpg"}],"twitter_card":"summary_large_image","twitter_misc":{"Dur\u00e9e de lecture estim\u00e9e":"2 minutes"},"schema":{"@context":"https:\/\/schema.org","@graph":[{"@type":"Article","@id":"https:\/\/all-car-news.com\/fr\/un-belge-veut-battre-le-record-du-monde-de-tourisme-visiter-15-pays-en-un-jour\/#article","isPartOf":{"@id":"https:\/\/all-car-news.com\/fr\/un-belge-veut-battre-le-record-du-monde-de-tourisme-visiter-15-pays-en-un-jour\/"},"author":{"name":"","@id":""},"headline":"Un Belge veut battre le record du monde de tourisme : visiter 15 pays en un jour","datePublished":"2023-05-17T11:31:43+00:00","dateModified":"2023-05-17T11:31:43+00:00","mainEntityOfPage":{"@id":"https:\/\/all-car-news.com\/fr\/un-belge-veut-battre-le-record-du-monde-de-tourisme-visiter-15-pays-en-un-jour\/"},"wordCount":485,"publisher":{"@id":"https:\/\/all-car-news.com\/fr\/#organization"},"articleSection":["nouvelles de voiture"],"inLanguage":"fr-FR"},{"@type":"WebPage","@id":"https:\/\/all-car-news.com\/fr\/un-belge-veut-battre-le-record-du-monde-de-tourisme-visiter-15-pays-en-un-jour\/","url":"https:\/\/all-car-news.com\/fr\/un-belge-veut-battre-le-record-du-monde-de-tourisme-visiter-15-pays-en-un-jour\/","name":"Un Belge veut battre le record du monde de tourisme : visiter 15 pays en un jour - All cars news","isPartOf":{"@id":"https:\/\/all-car-news.com\/fr\/#website"},"datePublished":"2023-05-17T11:31:43+00:00","dateModified":"2023-05-17T11:31:43+00:00","breadcrumb":{"@id":"https:\/\/all-car-news.com\/fr\/un-belge-veut-battre-le-record-du-monde-de-tourisme-visiter-15-pays-en-un-jour\/#breadcrumb"},"inLanguage":"fr-FR","potentialAction":[{"@type":"ReadAction","target":["https:\/\/all-car-news.com\/fr\/un-belge-veut-battre-le-record-du-monde-de-tourisme-visiter-15-pays-en-un-jour\/"]}]},{"@type":"BreadcrumbList","@id":"https:\/\/all-car-news.com\/fr\/un-belge-veut-battre-le-record-du-monde-de-tourisme-visiter-15-pays-en-un-jour\/#breadcrumb","itemListElement":[{"@type":"ListItem","position":1,"name":"Home","item":"https:\/\/all-car-news.com\/fr\/"},{"@type":"ListItem","position":2,"name":"Un Belge veut battre le record du monde de tourisme : visiter 15 pays en un jour"}]},{"@type":"WebSite","@id":"https:\/\/all-car-news.com\/fr\/#website","url":"https:\/\/all-car-news.com\/fr\/","name":"All cars news","description":"","publisher":{"@id":"https:\/\/all-car-news.com\/fr\/#organization"},"potentialAction":[{"@type":"SearchAction","target":{"@type":"EntryPoint","urlTemplate":"https:\/\/all-car-news.com\/fr\/?s={search_term_string}"},"query-input":"required name=search_term_string"}],"inLanguage":"fr-FR"},{"@type":"Organization","@id":"https:\/\/all-car-news.com\/fr\/#organization","name":"All cars news","url":"https:\/\/all-car-news.com\/fr\/","logo":{"@type":"ImageObject","inLanguage":"fr-FR","@id":"https:\/\/all-car-news.com\/fr\/#\/schema\/logo\/image\/","url":"https:\/\/all-car-news.com\/wp-content\/uploads\/2022\/02\/CMYK-AllCarNews_LANDSCAPE_300px-1.png","contentUrl":"https:\/\/all-car-news.com\/wp-content\/uploads\/2022\/02\/CMYK-AllCarNews_LANDSCAPE_300px-1.png","width":300,"height":100,"caption":"All cars news"},"image":{"@id":"https:\/\/all-car-news.com\/fr\/#\/schema\/logo\/image\/"}}]}},"_links":{"self":[{"href":"https:\/\/all-car-news.com\/fr\/wp-json\/wp\/v2\/posts\/135739","targetHints":{"allow":["GET"]}}],"collection":[{"href":"https:\/\/all-car-news.com\/fr\/wp-json\/wp\/v2\/posts"}],"about":[{"href":"https:\/\/all-car-news.com\/fr\/wp-json\/wp\/v2\/types\/post"}],"replies":[{"embeddable":true,"href":"https:\/\/all-car-news.com\/fr\/wp-json\/wp\/v2\/comments?post=135739"}],"version-history":[{"count":0,"href":"https:\/\/all-car-news.com\/fr\/wp-json\/wp\/v2\/posts\/135739\/revisions"}],"wp:featuredmedia":[{"embeddable":true,"href":"https:\/\/all-car-news.com\/fr\/wp-json\/wp\/v2\/media\/135725"}],"wp:attachment":[{"href":"https:\/\/all-car-news.com\/fr\/wp-json\/wp\/v2\/media?parent=135739"}],"wp:term":[{"taxonomy":"category","embeddable":true,"href":"https:\/\/all-car-news.com\/fr\/wp-json\/wp\/v2\/categories?post=135739"},{"taxonomy":"post_tag","embeddable":true,"href":"https:\/\/all-car-news.com\/fr\/wp-json\/wp\/v2\/tags?post=135739"}],"curies":[{"name":"wp","href":"https:\/\/api.w.org\/{rel}","templated":true}]}}