{"id":135570,"date":"2023-05-12T15:03:00","date_gmt":"2023-05-12T15:03:00","guid":{"rendered":"https:\/\/all-car-news.com\/repere-un-volkswagen-atlas\/"},"modified":"2023-05-12T15:03:00","modified_gmt":"2023-05-12T15:03:00","slug":"repere-un-volkswagen-atlas","status":"publish","type":"post","link":"https:\/\/all-car-news.com\/fr\/repere-un-volkswagen-atlas\/","title":{"rendered":"Rep\u00e9r\u00e9 : un Volkswagen Atlas"},"content":{"rendered":"<p>Pendant longtemps, le plus grand SUV de <a href=\"https:\/\/autorai.nl\/autozoeker\/volkswagen\/\" target=\"_blank\" rel=\"noreferrer noopener\">Volkswagen<\/a> \u00e9tait le Touareg. Cela a chang\u00e9 en 2017 (pour l&rsquo;ann\u00e9e mod\u00e8le 2018). Volkswagen a ensuite lanc\u00e9 l&rsquo;Atlas, un grand SUV destin\u00e9 principalement \u00e0 l&rsquo;Am\u00e9rique du Nord, \u00e0 la Chine et \u00e0 quelques autres march\u00e9s o\u00f9 les grands SUV sont tr\u00e8s demand\u00e9s. Malgr\u00e9 sa taille plus importante, le Volkswagen Atlas se classe en dessous du Touareg. Alors que le Touareg reste le mod\u00e8le SUV phare en termes de luxe, l&rsquo;Atlas est principalement destin\u00e9 \u00e0 offrir beaucoup d&rsquo;espace int\u00e9rieur. Par ailleurs, le nom de type Atlas n&rsquo;est utilis\u00e9 qu&rsquo;en Am\u00e9rique du Nord. Sur d&rsquo;autres march\u00e9s, le mod\u00e8le s&rsquo;appelle Teramont.<\/p>\n<h2><strong>Plus d&rsquo;inconnues<\/strong><\/h2>\n<p>Comme beaucoup d&rsquo;autres mod\u00e8les Volkswagen, l&rsquo;Atlas est bas\u00e9 sur la plateforme MQB. Sur la version la plus grande, cependant. D&rsquo;un point de vue technique, la Volkswagen est particuli\u00e8rement proche des Volkswagen Viloran, Talagon et Tavendor et de l&rsquo;Audi Q6. Autant de mod\u00e8les que nous ne connaissons pas en Europe. Ces mod\u00e8les sont destin\u00e9s au march\u00e9 chinois.<\/p>\n<div class=\"galery galery-0\">\n<figure>\n\t\t\t\t\t<span style=\"cursor: pointer\" data-src=\"https:\/\/autorai.nl\/wp-content\/uploads\/2023\/05\/Volkswagen-Viloran-1600x1200.jpg\" data-fancybox=\"galery-0\" title=\"\"><br \/>\n\t\t\t\t\t\t\t<img decoding=\"async\" width=\"360\" height=\"270\" src=\"https:\/\/autorai.nl\/wp-content\/uploads\/2023\/05\/Volkswagen-Viloran-360x270.jpg\" class=\"attachment-small size-small\" alt=\"\" loading=\"lazy\"><i class=\"fa fa-search-plus\" aria-hidden=\"true\"><\/i><br \/>\n\t\t\t\t\t\t<\/span><br \/>\n\t\t\t\t\t<\/figure>\n<figure>\n\t\t\t\t\t<span style=\"cursor: pointer\" data-src=\"https:\/\/autorai.nl\/wp-content\/uploads\/2023\/05\/Volkswagen-Talagon-1600x1200.jpg\" data-fancybox=\"galery-0\" title=\"\"><br \/>\n\t\t\t\t\t\t\t<img decoding=\"async\" width=\"360\" height=\"270\" src=\"https:\/\/autorai.nl\/wp-content\/uploads\/2023\/05\/Volkswagen-Talagon-360x270.jpg\" class=\"attachment-small size-small\" alt=\"\" loading=\"lazy\"><i class=\"fa fa-search-plus\" aria-hidden=\"true\"><\/i><br \/>\n\t\t\t\t\t\t<\/span><br \/>\n\t\t\t\t\t<\/figure>\n<figure>\n\t\t\t\t\t<span style=\"cursor: pointer\" data-src=\"https:\/\/autorai.nl\/wp-content\/uploads\/2023\/05\/Volkswagen-Tavendor-1600x900.jpg\" data-fancybox=\"galery-0\" title=\"\"><br \/>\n\t\t\t\t\t\t\t<img decoding=\"async\" width=\"360\" height=\"270\" src=\"https:\/\/autorai.nl\/wp-content\/uploads\/2023\/05\/Volkswagen-Tavendor-360x270.jpg\" class=\"attachment-small size-small\" alt=\"\" loading=\"lazy\"><i class=\"fa fa-search-plus\" aria-hidden=\"true\"><\/i><br \/>\n\t\t\t\t\t\t<\/span><br \/>\n\t\t\t\t\t<\/figure>\n<figure>\n\t\t\t\t\t<span style=\"cursor: pointer\" data-src=\"https:\/\/autorai.nl\/wp-content\/uploads\/2023\/05\/Audi-Q6-1600x1200.jpg\" data-fancybox=\"galery-0\" title=\"\"><br \/>\n\t\t\t\t\t\t\t<img decoding=\"async\" width=\"360\" height=\"270\" src=\"https:\/\/autorai.nl\/wp-content\/uploads\/2023\/05\/Audi-Q6-360x270.jpg\" class=\"attachment-small size-small\" alt=\"\" loading=\"lazy\"><i class=\"fa fa-search-plus\" aria-hidden=\"true\"><\/i><br \/>\n\t\t\t\t\t\t<\/span><br \/>\n\t\t\t\t\t<\/figure>\n<div class=\"clear\"><\/div>\n<\/div>\n<h2><strong>Groupes motopropulseurs Volkswagen Atlas<\/strong><\/h2>\n<p>Le premier signe avant-coureur de l&rsquo;Atlas Volkswagen est apparu en 2013, sous la forme du CrossBlue Concept. Visuellement, peu de choses ont \u00e9t\u00e9 modifi\u00e9es pour la version de s\u00e9rie. En dessous, la diff\u00e9rence est plus importante. En fait, le concept car \u00e9tait dot\u00e9 d&rsquo;un groupe motopropulseur hybride rechargeable avec moteur diesel. La version de s\u00e9rie offre le choix entre un moteur \u00e0 essence quatre cylindres de 2,0 litres dans plusieurs variantes de puissance (en partie en fonction du march\u00e9), un moteur \u00e0 essence V6 de 3,6 litres (Am\u00e9rique) et\/ou un V6 de 2,5 litres (Chine). La version am\u00e9ricaine est toujours \u00e9quip\u00e9e d&rsquo;une bo\u00eete automatique \u00e0 huit vitesses, la version chinoise d&rsquo;une bo\u00eete automatique \u00e0 sept vitesses. Selon la version, l&rsquo;entra\u00eenement se fait sur les roues avant ou sur les quatre roues.<\/p>\n<div class=\"galery galery-1\">\n<figure>\n\t\t\t\t\t<span style=\"cursor: pointer\" data-src=\"https:\/\/autorai.nl\/wp-content\/uploads\/2023\/05\/Volkswagen-Atlas-1-1600x1200.jpg\" data-fancybox=\"galery-1\" title=\"\"><br \/>\n\t\t\t\t\t\t\t<img decoding=\"async\" width=\"360\" height=\"270\" src=\"https:\/\/autorai.nl\/wp-content\/uploads\/2023\/05\/Volkswagen-Atlas-1-360x270.jpg\" class=\"attachment-small size-small\" alt=\"\" loading=\"lazy\"><i class=\"fa fa-search-plus\" aria-hidden=\"true\"><\/i><br \/>\n\t\t\t\t\t\t<\/span><br \/>\n\t\t\t\t\t<\/figure>\n<figure>\n\t\t\t\t\t<span style=\"cursor: pointer\" data-src=\"https:\/\/autorai.nl\/wp-content\/uploads\/2023\/05\/Volkswagen-Atlas-2-1600x1200.jpg\" data-fancybox=\"galery-1\" title=\"\"><br \/>\n\t\t\t\t\t\t\t<img decoding=\"async\" width=\"360\" height=\"270\" src=\"https:\/\/autorai.nl\/wp-content\/uploads\/2023\/05\/Volkswagen-Atlas-2-360x270.jpg\" class=\"attachment-small size-small\" alt=\"\" loading=\"lazy\"><i class=\"fa fa-search-plus\" aria-hidden=\"true\"><\/i><br \/>\n\t\t\t\t\t\t<\/span><br \/>\n\t\t\t\t\t<\/figure>\n<div class=\"clear\"><\/div>\n<\/div>\n<h2><strong>Dix-sept porte-gobelets<\/strong><\/h2>\n<p>Pour le reste, le Volkswagen Atlas offre avant tout un espace int\u00e9rieur g\u00e9n\u00e9reux. Selon la disposition des si\u00e8ges choisie, il y a de la place pour six \u00e0 sept personnes. La troisi\u00e8me rang\u00e9e de si\u00e8ges peut m\u00eame \u00eatre atteinte sans rabattre les si\u00e8ges arri\u00e8re. Avec pas moins de dix-sept porte-gobelets, il y a toujours de la place pour votre boisson. En outre, l&rsquo;Atlas offre tout simplement tout ce que l&rsquo;on peut attendre d&rsquo;une voiture de cette \u00e9poque en termes de syst\u00e8mes d&rsquo;infodivertissement et d&rsquo;aide \u00e0 la conduite.<\/p>\n<h2><strong>Egalement une \u00ab\u00a0version coup\u00e9<\/strong><\/h2>\n<p>En 2019, la gamme s&rsquo;est \u00e9largie en Chine avec le Teramont X, une version sans troisi\u00e8me rang\u00e9e de si\u00e8ges et avec une ligne de toit inclin\u00e9e. Le Teramont X avait \u00e9galement un pare-chocs l\u00e9g\u00e8rement diff\u00e9rent. Pour l&rsquo;ann\u00e9e mod\u00e8le 2020, ce mod\u00e8le est \u00e9galement arriv\u00e9 en Am\u00e9rique, sous le nom de Volkswagen Atlas Cross Sport. La version am\u00e9ricaine pr\u00e9sentait des pare-chocs encore plus fortement diff\u00e9rents.<\/p>\n<div class=\"galery galery-2\">\n<figure>\n\t\t\t\t\t<span style=\"cursor: pointer\" data-src=\"https:\/\/autorai.nl\/wp-content\/uploads\/2023\/05\/Volkswagen-Atlas-3-1600x1200.jpg\" data-fancybox=\"galery-2\" title=\"\"><br \/>\n\t\t\t\t\t\t\t<img decoding=\"async\" width=\"360\" height=\"270\" src=\"https:\/\/autorai.nl\/wp-content\/uploads\/2023\/05\/Volkswagen-Atlas-3-360x270.jpg\" class=\"attachment-small size-small\" alt=\"\" loading=\"lazy\"><i class=\"fa fa-search-plus\" aria-hidden=\"true\"><\/i><br \/>\n\t\t\t\t\t\t<\/span><br \/>\n\t\t\t\t\t<\/figure>\n<figure>\n\t\t\t\t\t<span style=\"cursor: pointer\" data-src=\"https:\/\/autorai.nl\/wp-content\/uploads\/2023\/05\/Volkswagen-Atlas-4-1600x1200.jpg\" data-fancybox=\"galery-2\" title=\"\"><br \/>\n\t\t\t\t\t\t\t<img decoding=\"async\" width=\"360\" height=\"270\" src=\"https:\/\/autorai.nl\/wp-content\/uploads\/2023\/05\/Volkswagen-Atlas-4-360x270.jpg\" class=\"attachment-small size-small\" alt=\"\" loading=\"lazy\"><i class=\"fa fa-search-plus\" aria-hidden=\"true\"><\/i><br \/>\n\t\t\t\t\t\t<\/span><br \/>\n\t\t\t\t\t<\/figure>\n<figure>\n\t\t\t\t\t<span style=\"cursor: pointer\" data-src=\"https:\/\/autorai.nl\/wp-content\/uploads\/2023\/05\/Volkswagen-Atlas-5-1600x900.jpg\" data-fancybox=\"galery-2\" title=\"\"><br \/>\n\t\t\t\t\t\t\t<img decoding=\"async\" width=\"360\" height=\"270\" src=\"https:\/\/autorai.nl\/wp-content\/uploads\/2023\/05\/Volkswagen-Atlas-5-360x270.jpg\" class=\"attachment-small size-small\" alt=\"\" loading=\"lazy\"><i class=\"fa fa-search-plus\" aria-hidden=\"true\"><\/i><br \/>\n\t\t\t\t\t\t<\/span><br \/>\n\t\t\t\t\t<\/figure>\n<figure>\n\t\t\t\t\t<span style=\"cursor: pointer\" data-src=\"https:\/\/autorai.nl\/wp-content\/uploads\/2023\/05\/Volkswagen-Atlas-6-1600x900.jpg\" data-fancybox=\"galery-2\" title=\"\"><br \/>\n\t\t\t\t\t\t\t<img decoding=\"async\" width=\"360\" height=\"270\" src=\"https:\/\/autorai.nl\/wp-content\/uploads\/2023\/05\/Volkswagen-Atlas-6-360x270.jpg\" class=\"attachment-small size-small\" alt=\"\" loading=\"lazy\"><i class=\"fa fa-search-plus\" aria-hidden=\"true\"><\/i><br \/>\n\t\t\t\t\t\t<\/span><br \/>\n\t\t\t\t\t<\/figure>\n<div class=\"clear\"><\/div>\n<\/div>\n<h2><strong>Lifting pour le Volkswagen Atlas<\/strong><\/h2>\n<p>Pour l&rsquo;ann\u00e9e mod\u00e8le 2021, le Volkswagen Atlas a subi un lifting. Cela a \u00e9galement cr\u00e9\u00e9 une plus grande diff\u00e9rence (visuelle) entre les versions am\u00e9ricaine et chinoise. Pour la version am\u00e9ricaine, Volkswagen a opt\u00e9 pour une approche subtile. Ce dernier a simplement re\u00e7u le m\u00eame travail sur le pare-chocs que l&rsquo;Atlas Cross Sport. La version chinoise est dot\u00e9e d&rsquo;une face avant consid\u00e9rablement modifi\u00e9e et, surtout, d&rsquo;une \u00e9norme barre lumineuse arri\u00e8re sur toute la largeur.<\/p>\n<div class=\"galery galery-3\">\n<figure>\n\t\t\t\t\t<span style=\"cursor: pointer\" data-src=\"https:\/\/autorai.nl\/wp-content\/uploads\/2023\/05\/Volkswagen-Atlas-7-1600x1200.jpg\" data-fancybox=\"galery-3\" title=\"\"><br \/>\n\t\t\t\t\t\t\t<img decoding=\"async\" width=\"360\" height=\"270\" src=\"https:\/\/autorai.nl\/wp-content\/uploads\/2023\/05\/Volkswagen-Atlas-7-360x270.jpg\" class=\"attachment-small size-small\" alt=\"\" loading=\"lazy\"><i class=\"fa fa-search-plus\" aria-hidden=\"true\"><\/i><br \/>\n\t\t\t\t\t\t<\/span><br \/>\n\t\t\t\t\t<\/figure>\n<figure>\n\t\t\t\t\t<span style=\"cursor: pointer\" data-src=\"https:\/\/autorai.nl\/wp-content\/uploads\/2023\/05\/Volkswagen-Atlas-8-1600x1200.jpg\" data-fancybox=\"galery-3\" title=\"\"><br \/>\n\t\t\t\t\t\t\t<img decoding=\"async\" width=\"360\" height=\"270\" src=\"https:\/\/autorai.nl\/wp-content\/uploads\/2023\/05\/Volkswagen-Atlas-8-360x270.jpg\" class=\"attachment-small size-small\" alt=\"\" loading=\"lazy\"><i class=\"fa fa-search-plus\" aria-hidden=\"true\"><\/i><br \/>\n\t\t\t\t\t\t<\/span><br \/>\n\t\t\t\t\t<\/figure>\n<figure>\n\t\t\t\t\t<span style=\"cursor: pointer\" data-src=\"https:\/\/autorai.nl\/wp-content\/uploads\/2023\/05\/Volkswagen-Atlas-9-1600x1200.jpg\" data-fancybox=\"galery-3\" title=\"\"><br \/>\n\t\t\t\t\t\t\t<img decoding=\"async\" width=\"360\" height=\"270\" src=\"https:\/\/autorai.nl\/wp-content\/uploads\/2023\/05\/Volkswagen-Atlas-9-360x270.jpg\" class=\"attachment-small size-small\" alt=\"\" loading=\"lazy\"><i class=\"fa fa-search-plus\" aria-hidden=\"true\"><\/i><br \/>\n\t\t\t\t\t\t<\/span><br \/>\n\t\t\t\t\t<\/figure>\n<figure>\n\t\t\t\t\t<span style=\"cursor: pointer\" data-src=\"https:\/\/autorai.nl\/wp-content\/uploads\/2023\/05\/Volkswagen-Atlas-10-1600x1200.jpg\" data-fancybox=\"galery-3\" title=\"\"><br \/>\n\t\t\t\t\t\t\t<img decoding=\"async\" width=\"360\" height=\"270\" src=\"https:\/\/autorai.nl\/wp-content\/uploads\/2023\/05\/Volkswagen-Atlas-10-360x270.jpg\" class=\"attachment-small size-small\" alt=\"\" loading=\"lazy\"><i class=\"fa fa-search-plus\" aria-hidden=\"true\"><\/i><br \/>\n\t\t\t\t\t\t<\/span><br \/>\n\t\t\t\t\t<\/figure>\n<div class=\"clear\"><\/div>\n<\/div>\n<p>R\u00e9cemment, Volkswagen a d\u00e9voil\u00e9 un nouveau lifting pour le march\u00e9 am\u00e9ricain, pour l&rsquo;ann\u00e9e mod\u00e8le 2024. \u00c0 l&rsquo;avant, nous voyons principalement une plus grande calandre et \u00e0 l&rsquo;arri\u00e8re, la version am\u00e9ricaine re\u00e7oit maintenant un de ces grands feux arri\u00e8re.<\/p>\n<div class=\"galery galery-4\">\n<figure>\n\t\t\t\t\t<span style=\"cursor: pointer\" data-src=\"https:\/\/autorai.nl\/wp-content\/uploads\/2023\/05\/Volkswagen-Atlas-11-1600x1200.jpg\" data-fancybox=\"galery-4\" title=\"\"><br \/>\n\t\t\t\t\t\t\t<img decoding=\"async\" width=\"360\" height=\"270\" src=\"https:\/\/autorai.nl\/wp-content\/uploads\/2023\/05\/Volkswagen-Atlas-11-360x270.jpg\" class=\"attachment-small size-small\" alt=\"\" loading=\"lazy\"><i class=\"fa fa-search-plus\" aria-hidden=\"true\"><\/i><br \/>\n\t\t\t\t\t\t<\/span><br \/>\n\t\t\t\t\t<\/figure>\n<figure>\n\t\t\t\t\t<span style=\"cursor: pointer\" data-src=\"https:\/\/autorai.nl\/wp-content\/uploads\/2023\/05\/Volkswagen-Atlas-12-1600x1200.jpg\" data-fancybox=\"galery-4\" title=\"\"><br \/>\n\t\t\t\t\t\t\t<img decoding=\"async\" width=\"360\" height=\"270\" src=\"https:\/\/autorai.nl\/wp-content\/uploads\/2023\/05\/Volkswagen-Atlas-12-360x270.jpg\" class=\"attachment-small size-small\" alt=\"\" loading=\"lazy\"><i class=\"fa fa-search-plus\" aria-hidden=\"true\"><\/i><br \/>\n\t\t\t\t\t\t<\/span><br \/>\n\t\t\t\t\t<\/figure>\n<figure>\n\t\t\t\t\t<span style=\"cursor: pointer\" data-src=\"https:\/\/autorai.nl\/wp-content\/uploads\/2023\/05\/Volkswagen-Atlas-13-1600x1200.jpg\" data-fancybox=\"galery-4\" title=\"\"><br \/>\n\t\t\t\t\t\t\t<img decoding=\"async\" width=\"360\" height=\"270\" src=\"https:\/\/autorai.nl\/wp-content\/uploads\/2023\/05\/Volkswagen-Atlas-13-360x270.jpg\" class=\"attachment-small size-small\" alt=\"\" loading=\"lazy\"><i class=\"fa fa-search-plus\" aria-hidden=\"true\"><\/i><br \/>\n\t\t\t\t\t\t<\/span><br \/>\n\t\t\t\t\t<\/figure>\n<figure>\n\t\t\t\t\t<span style=\"cursor: pointer\" data-src=\"https:\/\/autorai.nl\/wp-content\/uploads\/2023\/05\/Volkswagen-Atlas-14-1600x1200.jpg\" data-fancybox=\"galery-4\" title=\"\"><br \/>\n\t\t\t\t\t\t\t<img decoding=\"async\" width=\"360\" height=\"270\" src=\"https:\/\/autorai.nl\/wp-content\/uploads\/2023\/05\/Volkswagen-Atlas-14-360x270.jpg\" class=\"attachment-small size-small\" alt=\"\" loading=\"lazy\"><i class=\"fa fa-search-plus\" aria-hidden=\"true\"><\/i><br \/>\n\t\t\t\t\t\t<\/span><br \/>\n\t\t\t\t\t<\/figure>\n<div class=\"clear\"><\/div>\n<\/div>\n<h2><strong>Le sp\u00e9cimen tachet\u00e9<\/strong><\/h2>\n<p>Le <a href=\"https:\/\/www.volkswagen.nl\/\" target=\"_blank\" rel=\"noreferrer noopener\">Volkswagen<\/a> Atlas que nous avons r\u00e9cemment rencontr\u00e9 \u00e0 La Haye est l&rsquo;un des premiers mod\u00e8les. Un V6 4Motion pour \u00eatre pr\u00e9cis, du moins en termes de motorisation, la version la plus grasse, produisant 206 kW (280 ch) et 361 Nm de couple. Comme vous pouvez le constater, l&rsquo;exemple rep\u00e9r\u00e9 ne porte pas de plaques d&rsquo;immatriculation n\u00e9erlandaises, mais des plaques ukrainiennes, de la r\u00e9gion de Kiev. Les deux premi\u00e8res lettres du num\u00e9ro d&rsquo;immatriculation permettent de le reconna\u00eetre.<\/p>\n<div class=\"galery galery-5\">\n<figure>\n\t\t\t\t\t<span style=\"cursor: pointer\" data-src=\"https:\/\/autorai.nl\/wp-content\/uploads\/2023\/05\/Gespot-Volkswagen-Atlas-V6-4Motion-1-1600x1200.jpg\" data-fancybox=\"galery-5\" title=\"\"><br \/>\n\t\t\t\t\t\t\t<img decoding=\"async\" width=\"360\" height=\"270\" src=\"https:\/\/autorai.nl\/wp-content\/uploads\/2023\/05\/Gespot-Volkswagen-Atlas-V6-4Motion-1-360x270.jpg\" class=\"attachment-small size-small\" alt=\"\" loading=\"lazy\"><i class=\"fa fa-search-plus\" aria-hidden=\"true\"><\/i><br \/>\n\t\t\t\t\t\t<\/span><br \/>\n\t\t\t\t\t<\/figure>\n<figure>\n\t\t\t\t\t<span style=\"cursor: pointer\" data-src=\"https:\/\/autorai.nl\/wp-content\/uploads\/2023\/05\/Gespot-Volkswagen-Atlas-V6-4Motion-2-1600x1200.jpg\" data-fancybox=\"galery-5\" title=\"\"><br \/>\n\t\t\t\t\t\t\t<img decoding=\"async\" width=\"360\" height=\"270\" src=\"https:\/\/autorai.nl\/wp-content\/uploads\/2023\/05\/Gespot-Volkswagen-Atlas-V6-4Motion-2-360x270.jpg\" class=\"attachment-small size-small\" alt=\"\" loading=\"lazy\"><i class=\"fa fa-search-plus\" aria-hidden=\"true\"><\/i><br \/>\n\t\t\t\t\t\t<\/span><br \/>\n\t\t\t\t\t<\/figure>\n<div class=\"clear\"><\/div>\n<\/div>\n","protected":false},"excerpt":{"rendered":"Pendant longtemps, le plus grand SUV de Volkswagen \u00e9tait le Touareg. Cela a chang\u00e9 en 2017 (pour l'ann\u00e9e mod\u00e8le 2018).\u2026","protected":false},"author":0,"featured_media":135545,"comment_status":"","ping_status":"open","sticky":false,"template":"","format":"standard","meta":{"footnotes":""},"categories":[177,127],"tags":[],"class_list":["post-135570","post","type-post","status-publish","format-standard","has-post-thumbnail","hentry","category-fun-fr","category-nouvelles-de-voiture"],"acf":[],"yoast_head":"<!-- This site is optimized with the Yoast SEO plugin v21.2 - https:\/\/yoast.com\/wordpress\/plugins\/seo\/ -->\n<title>Rep\u00e9r\u00e9 : un Volkswagen Atlas - All cars news<\/title>\n<meta name=\"robots\" content=\"index, follow, max-snippet:-1, max-image-preview:large, max-video-preview:-1\" \/>\n<link rel=\"canonical\" href=\"https:\/\/all-car-news.com\/fr\/repere-un-volkswagen-atlas\/\" \/>\n<meta property=\"og:locale\" content=\"fr_FR\" \/>\n<meta property=\"og:type\" content=\"article\" \/>\n<meta property=\"og:title\" content=\"Rep\u00e9r\u00e9 : un Volkswagen Atlas - All cars news\" \/>\n<meta property=\"og:description\" content=\"Pendant longtemps, le plus grand SUV de Volkswagen \u00e9tait le Touareg. Cela a chang\u00e9 en 2017 (pour l&#039;ann\u00e9e mod\u00e8le 2018). Volkswagen a ensuite lanc\u00e9 l&#039;Atlas, un grand SUV destin\u00e9 principalement \u00e0 l&#039;Am\u00e9rique du Nord, \u00e0 la Chine et \u00e0 quelques autres march\u00e9s o\u00f9 les grands SUV sont tr\u00e8s demand\u00e9s. Malgr\u00e9 sa taille plus importante, le Volkswagen Atlas [...]\" \/>\n<meta property=\"og:url\" content=\"https:\/\/all-car-news.com\/fr\/repere-un-volkswagen-atlas\/\" \/>\n<meta property=\"og:site_name\" content=\"All cars news\" \/>\n<meta property=\"article:published_time\" content=\"2023-05-12T15:03:00+00:00\" \/>\n<meta property=\"og:image\" content=\"https:\/\/autorai.nl\/wp-content\/uploads\/2023\/05\/Volkswagen-Viloran-360x270.jpg\" \/>\n<meta name=\"twitter:card\" content=\"summary_large_image\" \/>\n<meta name=\"twitter:label1\" content=\"Dur\u00e9e de lecture estim\u00e9e\" \/>\n\t<meta name=\"twitter:data1\" content=\"4 minutes\" \/>\n<script type=\"application\/ld+json\" class=\"yoast-schema-graph\">{\"@context\":\"https:\/\/schema.org\",\"@graph\":[{\"@type\":\"Article\",\"@id\":\"https:\/\/all-car-news.com\/fr\/repere-un-volkswagen-atlas\/#article\",\"isPartOf\":{\"@id\":\"https:\/\/all-car-news.com\/fr\/repere-un-volkswagen-atlas\/\"},\"author\":{\"name\":\"\",\"@id\":\"\"},\"headline\":\"Rep\u00e9r\u00e9 : un Volkswagen Atlas\",\"datePublished\":\"2023-05-12T15:03:00+00:00\",\"dateModified\":\"2023-05-12T15:03:00+00:00\",\"mainEntityOfPage\":{\"@id\":\"https:\/\/all-car-news.com\/fr\/repere-un-volkswagen-atlas\/\"},\"wordCount\":712,\"publisher\":{\"@id\":\"https:\/\/all-car-news.com\/fr\/#organization\"},\"articleSection\":[\"Fun\",\"nouvelles de voiture\"],\"inLanguage\":\"fr-FR\"},{\"@type\":\"WebPage\",\"@id\":\"https:\/\/all-car-news.com\/fr\/repere-un-volkswagen-atlas\/\",\"url\":\"https:\/\/all-car-news.com\/fr\/repere-un-volkswagen-atlas\/\",\"name\":\"Rep\u00e9r\u00e9 : un Volkswagen Atlas - All cars news\",\"isPartOf\":{\"@id\":\"https:\/\/all-car-news.com\/fr\/#website\"},\"datePublished\":\"2023-05-12T15:03:00+00:00\",\"dateModified\":\"2023-05-12T15:03:00+00:00\",\"breadcrumb\":{\"@id\":\"https:\/\/all-car-news.com\/fr\/repere-un-volkswagen-atlas\/#breadcrumb\"},\"inLanguage\":\"fr-FR\",\"potentialAction\":[{\"@type\":\"ReadAction\",\"target\":[\"https:\/\/all-car-news.com\/fr\/repere-un-volkswagen-atlas\/\"]}]},{\"@type\":\"BreadcrumbList\",\"@id\":\"https:\/\/all-car-news.com\/fr\/repere-un-volkswagen-atlas\/#breadcrumb\",\"itemListElement\":[{\"@type\":\"ListItem\",\"position\":1,\"name\":\"Home\",\"item\":\"https:\/\/all-car-news.com\/fr\/\"},{\"@type\":\"ListItem\",\"position\":2,\"name\":\"Rep\u00e9r\u00e9 : un Volkswagen Atlas\"}]},{\"@type\":\"WebSite\",\"@id\":\"https:\/\/all-car-news.com\/fr\/#website\",\"url\":\"https:\/\/all-car-news.com\/fr\/\",\"name\":\"All cars news\",\"description\":\"\",\"publisher\":{\"@id\":\"https:\/\/all-car-news.com\/fr\/#organization\"},\"potentialAction\":[{\"@type\":\"SearchAction\",\"target\":{\"@type\":\"EntryPoint\",\"urlTemplate\":\"https:\/\/all-car-news.com\/fr\/?s={search_term_string}\"},\"query-input\":\"required name=search_term_string\"}],\"inLanguage\":\"fr-FR\"},{\"@type\":\"Organization\",\"@id\":\"https:\/\/all-car-news.com\/fr\/#organization\",\"name\":\"All cars news\",\"url\":\"https:\/\/all-car-news.com\/fr\/\",\"logo\":{\"@type\":\"ImageObject\",\"inLanguage\":\"fr-FR\",\"@id\":\"https:\/\/all-car-news.com\/fr\/#\/schema\/logo\/image\/\",\"url\":\"https:\/\/all-car-news.com\/wp-content\/uploads\/2022\/02\/CMYK-AllCarNews_LANDSCAPE_300px-1.png\",\"contentUrl\":\"https:\/\/all-car-news.com\/wp-content\/uploads\/2022\/02\/CMYK-AllCarNews_LANDSCAPE_300px-1.png\",\"width\":300,\"height\":100,\"caption\":\"All cars news\"},\"image\":{\"@id\":\"https:\/\/all-car-news.com\/fr\/#\/schema\/logo\/image\/\"}}]}<\/script>\n<!-- \/ Yoast SEO plugin. -->","yoast_head_json":{"title":"Rep\u00e9r\u00e9 : un Volkswagen Atlas - All cars news","robots":{"index":"index","follow":"follow","max-snippet":"max-snippet:-1","max-image-preview":"max-image-preview:large","max-video-preview":"max-video-preview:-1"},"canonical":"https:\/\/all-car-news.com\/fr\/repere-un-volkswagen-atlas\/","og_locale":"fr_FR","og_type":"article","og_title":"Rep\u00e9r\u00e9 : un Volkswagen Atlas - All cars news","og_description":"Pendant longtemps, le plus grand SUV de Volkswagen \u00e9tait le Touareg. Cela a chang\u00e9 en 2017 (pour l'ann\u00e9e mod\u00e8le 2018). Volkswagen a ensuite lanc\u00e9 l'Atlas, un grand SUV destin\u00e9 principalement \u00e0 l'Am\u00e9rique du Nord, \u00e0 la Chine et \u00e0 quelques autres march\u00e9s o\u00f9 les grands SUV sont tr\u00e8s demand\u00e9s. Malgr\u00e9 sa taille plus importante, le Volkswagen Atlas [...]","og_url":"https:\/\/all-car-news.com\/fr\/repere-un-volkswagen-atlas\/","og_site_name":"All cars news","article_published_time":"2023-05-12T15:03:00+00:00","og_image":[{"url":"https:\/\/autorai.nl\/wp-content\/uploads\/2023\/05\/Volkswagen-Viloran-360x270.jpg"}],"twitter_card":"summary_large_image","twitter_misc":{"Dur\u00e9e de lecture estim\u00e9e":"4 minutes"},"schema":{"@context":"https:\/\/schema.org","@graph":[{"@type":"Article","@id":"https:\/\/all-car-news.com\/fr\/repere-un-volkswagen-atlas\/#article","isPartOf":{"@id":"https:\/\/all-car-news.com\/fr\/repere-un-volkswagen-atlas\/"},"author":{"name":"","@id":""},"headline":"Rep\u00e9r\u00e9 : un Volkswagen Atlas","datePublished":"2023-05-12T15:03:00+00:00","dateModified":"2023-05-12T15:03:00+00:00","mainEntityOfPage":{"@id":"https:\/\/all-car-news.com\/fr\/repere-un-volkswagen-atlas\/"},"wordCount":712,"publisher":{"@id":"https:\/\/all-car-news.com\/fr\/#organization"},"articleSection":["Fun","nouvelles de voiture"],"inLanguage":"fr-FR"},{"@type":"WebPage","@id":"https:\/\/all-car-news.com\/fr\/repere-un-volkswagen-atlas\/","url":"https:\/\/all-car-news.com\/fr\/repere-un-volkswagen-atlas\/","name":"Rep\u00e9r\u00e9 : un Volkswagen Atlas - All cars news","isPartOf":{"@id":"https:\/\/all-car-news.com\/fr\/#website"},"datePublished":"2023-05-12T15:03:00+00:00","dateModified":"2023-05-12T15:03:00+00:00","breadcrumb":{"@id":"https:\/\/all-car-news.com\/fr\/repere-un-volkswagen-atlas\/#breadcrumb"},"inLanguage":"fr-FR","potentialAction":[{"@type":"ReadAction","target":["https:\/\/all-car-news.com\/fr\/repere-un-volkswagen-atlas\/"]}]},{"@type":"BreadcrumbList","@id":"https:\/\/all-car-news.com\/fr\/repere-un-volkswagen-atlas\/#breadcrumb","itemListElement":[{"@type":"ListItem","position":1,"name":"Home","item":"https:\/\/all-car-news.com\/fr\/"},{"@type":"ListItem","position":2,"name":"Rep\u00e9r\u00e9 : un Volkswagen Atlas"}]},{"@type":"WebSite","@id":"https:\/\/all-car-news.com\/fr\/#website","url":"https:\/\/all-car-news.com\/fr\/","name":"All cars news","description":"","publisher":{"@id":"https:\/\/all-car-news.com\/fr\/#organization"},"potentialAction":[{"@type":"SearchAction","target":{"@type":"EntryPoint","urlTemplate":"https:\/\/all-car-news.com\/fr\/?s={search_term_string}"},"query-input":"required name=search_term_string"}],"inLanguage":"fr-FR"},{"@type":"Organization","@id":"https:\/\/all-car-news.com\/fr\/#organization","name":"All cars news","url":"https:\/\/all-car-news.com\/fr\/","logo":{"@type":"ImageObject","inLanguage":"fr-FR","@id":"https:\/\/all-car-news.com\/fr\/#\/schema\/logo\/image\/","url":"https:\/\/all-car-news.com\/wp-content\/uploads\/2022\/02\/CMYK-AllCarNews_LANDSCAPE_300px-1.png","contentUrl":"https:\/\/all-car-news.com\/wp-content\/uploads\/2022\/02\/CMYK-AllCarNews_LANDSCAPE_300px-1.png","width":300,"height":100,"caption":"All cars news"},"image":{"@id":"https:\/\/all-car-news.com\/fr\/#\/schema\/logo\/image\/"}}]}},"_links":{"self":[{"href":"https:\/\/all-car-news.com\/fr\/wp-json\/wp\/v2\/posts\/135570","targetHints":{"allow":["GET"]}}],"collection":[{"href":"https:\/\/all-car-news.com\/fr\/wp-json\/wp\/v2\/posts"}],"about":[{"href":"https:\/\/all-car-news.com\/fr\/wp-json\/wp\/v2\/types\/post"}],"replies":[{"embeddable":true,"href":"https:\/\/all-car-news.com\/fr\/wp-json\/wp\/v2\/comments?post=135570"}],"version-history":[{"count":0,"href":"https:\/\/all-car-news.com\/fr\/wp-json\/wp\/v2\/posts\/135570\/revisions"}],"wp:featuredmedia":[{"embeddable":true,"href":"https:\/\/all-car-news.com\/fr\/wp-json\/wp\/v2\/media\/135545"}],"wp:attachment":[{"href":"https:\/\/all-car-news.com\/fr\/wp-json\/wp\/v2\/media?parent=135570"}],"wp:term":[{"taxonomy":"category","embeddable":true,"href":"https:\/\/all-car-news.com\/fr\/wp-json\/wp\/v2\/categories?post=135570"},{"taxonomy":"post_tag","embeddable":true,"href":"https:\/\/all-car-news.com\/fr\/wp-json\/wp\/v2\/tags?post=135570"}],"curies":[{"name":"wp","href":"https:\/\/api.w.org\/{rel}","templated":true}]}}