{"id":134761,"date":"2023-04-21T07:02:00","date_gmt":"2023-04-21T07:02:00","guid":{"rendered":"https:\/\/all-car-news.com\/les-modeles-electrifies-de-renault\/"},"modified":"2023-04-21T07:02:00","modified_gmt":"2023-04-21T07:02:00","slug":"les-modeles-electrifies-de-renault","status":"publish","type":"post","link":"https:\/\/all-car-news.com\/fr\/les-modeles-electrifies-de-renault\/","title":{"rendered":"Les mod\u00e8les \u00e9lectrifi\u00e9s de Renault"},"content":{"rendered":"<p>Renault a lanc\u00e9 la Zoe en 2012, devenant ainsi l&rsquo;un des premiers constructeurs automobiles \u00e0 proposer une voiture enti\u00e8rement \u00e9lectrique pour le \u00ab\u00a0grand public\u00a0\u00bb. Plus d&rsquo;une d\u00e9cennie s&rsquo;est \u00e9coul\u00e9e depuis. Le march\u00e9 des voitures \u00e9lectrifi\u00e9es s&rsquo;est consid\u00e9rablement d\u00e9velopp\u00e9 et la technologie des groupes motopropulseurs a \u00e9galement progress\u00e9. Renault propose d\u00e9sormais une gamme compl\u00e8te de mod\u00e8les \u00e9lectrifi\u00e9s. En effet, presque toutes les Renault actuelles sont disponibles avec au moins une forme d&rsquo;\u00e9lectrification. Dans cet article, nous dressons la liste de ces mod\u00e8les \u00e9lectrifi\u00e9s en un coup d&rsquo;\u0153il.<\/p>\n<h2><strong>Mod\u00e8les hybrides l\u00e9gers de Renault<\/strong><\/h2>\n<p>Les mod\u00e8les Renault dot\u00e9s de la technologie mild hybrid sont le Captur, l&rsquo;Arkana et l&rsquo;Austral. Ou la plupart des mod\u00e8les SUV de la marque. La technologie hybride l\u00e9g\u00e8re signifie que le moteur \u00e0 essence est assist\u00e9 par une sorte de d\u00e9marreur extra-large. Par exemple, le moteur \u00e0 essence ne doit pas travailler aussi fort lorsqu&rsquo;il d\u00e9marre \u00e0 l&rsquo;arr\u00eat. Cela permet d&rsquo;\u00e9conomiser du carburant. La technologie hybride douce n&rsquo;existe donc que pour soutenir le moteur \u00e0 essence. Ici, les roues ne sont jamais entra\u00een\u00e9es \u00e9lectriquement.<\/p>\n<p>Dans le Captur, la technologie Mild Hybrid d\u00e9livre 103 kW (140 ch) ou 116 kW (158 ch), dans l&rsquo;Arkana toujours 117 kW (160 ch). Sur l&rsquo;Austral, la variante hybride douce d\u00e9livre alors 96 kW (130 ch). Le prix de d\u00e9part de ces mod\u00e8les en version mild-hybrid est de 32 925 euros (Captur), 38 585 euros (Arkana) et \u00e0 partir de 37 330 euros pour la <a href=\"https:\/\/www.hansjongerius.nl\/renault\/renault-austral\" target=\"_blank\" rel=\"noreferrer noopener\">Renault Austral<\/a>.<\/p>\n<h2><strong>Mod\u00e8les hybrides Renault<\/strong><\/h2>\n<p>La gamme de mod\u00e8les Renault enti\u00e8rement hybrides est beaucoup plus large avec les Clio, Captur, Arkana, Austral et Espace. Dans un hybride complet, les roues sont aliment\u00e9es en \u00e9lectricit\u00e9. Dans le cas de Renault, le moteur \u00e0 essence est principalement l\u00e0 pour soutenir le moteur \u00e9lectrique, et non l&rsquo;inverse. La conduite hors route repose toujours sur le moteur \u00e9lectrique, et un v\u00e9hicule hybride peut \u00e9galement rouler en mode tout \u00e9lectrique sur de petites distances.<\/p>\n<p>Sur les Clio, Captur et Arkana, le groupe motopropulseur hybride d\u00e9livre une puissance de 105 kW (143 ch). Dans l&rsquo;Austral et l&rsquo;Espace, vous disposez de 148 kW (200 ch). Le prix de d\u00e9part de ces mod\u00e8les en version hybride est de 25 665 euros (Clio), 32 695 euros (Captur), 35 985 euros (Arkana), 43 830 euros (Austral) et 46 830 euros (Espace).<\/p>\n<h2><strong>Mod\u00e8les Renault hybrides rechargeables<\/strong><\/h2>\n<p>Par ailleurs, la gamme de mod\u00e8les hybrides rechargeables de Renault est beaucoup plus restreinte : il ne s&rsquo;agit que du Captur et de la M\u00e9gane Estate. Un v\u00e9hicule hybride rechargeable est fondamentalement le m\u00eame qu&rsquo;un v\u00e9hicule hybride classique, mais il est dot\u00e9 d&rsquo;une batterie beaucoup plus importante qui peut \u00e9galement \u00eatre recharg\u00e9e \u00e0 l&rsquo;ext\u00e9rieur \u00e0 l&rsquo;aide d&rsquo;une prise de courant. D&rsquo;o\u00f9 le nom d&rsquo;hybride rechargeable. La batterie plus importante permet \u00e0 la voiture de rouler sur des tron\u00e7ons beaucoup plus larges en mode enti\u00e8rement \u00e9lectrique. En g\u00e9n\u00e9ral, elle est m\u00eame de l&rsquo;ordre de 50 km (WLTP).<\/p>\n<p>Sur le Captur et la M\u00e9gane Estate, le groupe motopropulseur hybride rechargeable de Renault d\u00e9livre une puissance de 117 kW (160 ch). Le prix de d\u00e9part de ces mod\u00e8les en version hybride est de 38 095 euros (Captur) et de 37 845 euros (M\u00e9gane Estate).<\/p>\n<h2><strong>Mod\u00e8les tout \u00e9lectriques de Renault<\/strong><\/h2>\n<p>La conduite tout \u00e9lectrique est d\u00e9sormais possible chez Renault, non seulement avec la Zo\u00e9 susmentionn\u00e9e, mais aussi avec la petite Twingo et la grande M\u00e9gane E-Tech Electric. La Zoe a une puissance syst\u00e8me de 60 kW (82 ch), la Zoe a le choix entre 80 kW (108 ch) ou 100 kW (136 ch) et la M\u00e9gane E-Tech Electric entre 96 kW (130 ch) et 160 kW (220 ch). L&rsquo;autonomie de ces mod\u00e8les est de 190 km (Twingo), 385-395 km (Zoe) et 300-470 km (M\u00e9gane E-Tech Electric) selon les versions.<\/p>\n","protected":false},"excerpt":{"rendered":"Renault a lanc\u00e9 la Zoe en 2012, devenant ainsi l'un des premiers constructeurs automobiles \u00e0 proposer une voiture enti\u00e8rement \u00e9lectrique\u2026","protected":false},"author":0,"featured_media":134745,"comment_status":"","ping_status":"open","sticky":false,"template":"","format":"standard","meta":{"footnotes":""},"categories":[127],"tags":[],"class_list":["post-134761","post","type-post","status-publish","format-standard","has-post-thumbnail","hentry","category-nouvelles-de-voiture"],"acf":[],"yoast_head":"<!-- This site is optimized with the Yoast SEO plugin v21.2 - https:\/\/yoast.com\/wordpress\/plugins\/seo\/ -->\n<title>Les mod\u00e8les \u00e9lectrifi\u00e9s de Renault - All cars news<\/title>\n<meta name=\"robots\" content=\"index, follow, max-snippet:-1, max-image-preview:large, max-video-preview:-1\" \/>\n<link rel=\"canonical\" href=\"https:\/\/all-car-news.com\/fr\/les-modeles-electrifies-de-renault\/\" \/>\n<meta property=\"og:locale\" content=\"fr_FR\" \/>\n<meta property=\"og:type\" content=\"article\" \/>\n<meta property=\"og:title\" content=\"Les mod\u00e8les \u00e9lectrifi\u00e9s de Renault - All cars news\" \/>\n<meta property=\"og:description\" content=\"Renault a lanc\u00e9 la Zoe en 2012, devenant ainsi l&#039;un des premiers constructeurs automobiles \u00e0 proposer une voiture enti\u00e8rement \u00e9lectrique pour le &quot;grand public&quot;. Plus d&#039;une d\u00e9cennie s&#039;est \u00e9coul\u00e9e depuis. Le march\u00e9 des voitures \u00e9lectrifi\u00e9es s&#039;est consid\u00e9rablement d\u00e9velopp\u00e9 et la technologie des groupes motopropulseurs a \u00e9galement progress\u00e9. Renault propose d\u00e9sormais une gamme compl\u00e8te de mod\u00e8les \u00e9lectrifi\u00e9s. En effet, presque [...]\" \/>\n<meta property=\"og:url\" content=\"https:\/\/all-car-news.com\/fr\/les-modeles-electrifies-de-renault\/\" \/>\n<meta property=\"og:site_name\" content=\"All cars news\" \/>\n<meta property=\"article:published_time\" content=\"2023-04-21T07:02:00+00:00\" \/>\n<meta name=\"twitter:card\" content=\"summary_large_image\" \/>\n<meta name=\"twitter:label1\" content=\"Dur\u00e9e de lecture estim\u00e9e\" \/>\n\t<meta name=\"twitter:data1\" content=\"3 minutes\" \/>\n<script type=\"application\/ld+json\" class=\"yoast-schema-graph\">{\"@context\":\"https:\/\/schema.org\",\"@graph\":[{\"@type\":\"Article\",\"@id\":\"https:\/\/all-car-news.com\/fr\/les-modeles-electrifies-de-renault\/#article\",\"isPartOf\":{\"@id\":\"https:\/\/all-car-news.com\/fr\/les-modeles-electrifies-de-renault\/\"},\"author\":{\"name\":\"\",\"@id\":\"\"},\"headline\":\"Les mod\u00e8les \u00e9lectrifi\u00e9s de Renault\",\"datePublished\":\"2023-04-21T07:02:00+00:00\",\"dateModified\":\"2023-04-21T07:02:00+00:00\",\"mainEntityOfPage\":{\"@id\":\"https:\/\/all-car-news.com\/fr\/les-modeles-electrifies-de-renault\/\"},\"wordCount\":634,\"publisher\":{\"@id\":\"https:\/\/all-car-news.com\/fr\/#organization\"},\"articleSection\":[\"nouvelles de voiture\"],\"inLanguage\":\"fr-FR\"},{\"@type\":\"WebPage\",\"@id\":\"https:\/\/all-car-news.com\/fr\/les-modeles-electrifies-de-renault\/\",\"url\":\"https:\/\/all-car-news.com\/fr\/les-modeles-electrifies-de-renault\/\",\"name\":\"Les mod\u00e8les \u00e9lectrifi\u00e9s de Renault - All cars news\",\"isPartOf\":{\"@id\":\"https:\/\/all-car-news.com\/fr\/#website\"},\"datePublished\":\"2023-04-21T07:02:00+00:00\",\"dateModified\":\"2023-04-21T07:02:00+00:00\",\"breadcrumb\":{\"@id\":\"https:\/\/all-car-news.com\/fr\/les-modeles-electrifies-de-renault\/#breadcrumb\"},\"inLanguage\":\"fr-FR\",\"potentialAction\":[{\"@type\":\"ReadAction\",\"target\":[\"https:\/\/all-car-news.com\/fr\/les-modeles-electrifies-de-renault\/\"]}]},{\"@type\":\"BreadcrumbList\",\"@id\":\"https:\/\/all-car-news.com\/fr\/les-modeles-electrifies-de-renault\/#breadcrumb\",\"itemListElement\":[{\"@type\":\"ListItem\",\"position\":1,\"name\":\"Home\",\"item\":\"https:\/\/all-car-news.com\/fr\/\"},{\"@type\":\"ListItem\",\"position\":2,\"name\":\"Les mod\u00e8les \u00e9lectrifi\u00e9s de Renault\"}]},{\"@type\":\"WebSite\",\"@id\":\"https:\/\/all-car-news.com\/fr\/#website\",\"url\":\"https:\/\/all-car-news.com\/fr\/\",\"name\":\"All cars news\",\"description\":\"\",\"publisher\":{\"@id\":\"https:\/\/all-car-news.com\/fr\/#organization\"},\"potentialAction\":[{\"@type\":\"SearchAction\",\"target\":{\"@type\":\"EntryPoint\",\"urlTemplate\":\"https:\/\/all-car-news.com\/fr\/?s={search_term_string}\"},\"query-input\":\"required name=search_term_string\"}],\"inLanguage\":\"fr-FR\"},{\"@type\":\"Organization\",\"@id\":\"https:\/\/all-car-news.com\/fr\/#organization\",\"name\":\"All cars news\",\"url\":\"https:\/\/all-car-news.com\/fr\/\",\"logo\":{\"@type\":\"ImageObject\",\"inLanguage\":\"fr-FR\",\"@id\":\"https:\/\/all-car-news.com\/fr\/#\/schema\/logo\/image\/\",\"url\":\"https:\/\/all-car-news.com\/wp-content\/uploads\/2022\/02\/CMYK-AllCarNews_LANDSCAPE_300px-1.png\",\"contentUrl\":\"https:\/\/all-car-news.com\/wp-content\/uploads\/2022\/02\/CMYK-AllCarNews_LANDSCAPE_300px-1.png\",\"width\":300,\"height\":100,\"caption\":\"All cars news\"},\"image\":{\"@id\":\"https:\/\/all-car-news.com\/fr\/#\/schema\/logo\/image\/\"}}]}<\/script>\n<!-- \/ Yoast SEO plugin. -->","yoast_head_json":{"title":"Les mod\u00e8les \u00e9lectrifi\u00e9s de Renault - All cars news","robots":{"index":"index","follow":"follow","max-snippet":"max-snippet:-1","max-image-preview":"max-image-preview:large","max-video-preview":"max-video-preview:-1"},"canonical":"https:\/\/all-car-news.com\/fr\/les-modeles-electrifies-de-renault\/","og_locale":"fr_FR","og_type":"article","og_title":"Les mod\u00e8les \u00e9lectrifi\u00e9s de Renault - All cars news","og_description":"Renault a lanc\u00e9 la Zoe en 2012, devenant ainsi l'un des premiers constructeurs automobiles \u00e0 proposer une voiture enti\u00e8rement \u00e9lectrique pour le \"grand public\". Plus d'une d\u00e9cennie s'est \u00e9coul\u00e9e depuis. Le march\u00e9 des voitures \u00e9lectrifi\u00e9es s'est consid\u00e9rablement d\u00e9velopp\u00e9 et la technologie des groupes motopropulseurs a \u00e9galement progress\u00e9. Renault propose d\u00e9sormais une gamme compl\u00e8te de mod\u00e8les \u00e9lectrifi\u00e9s. En effet, presque [...]","og_url":"https:\/\/all-car-news.com\/fr\/les-modeles-electrifies-de-renault\/","og_site_name":"All cars news","article_published_time":"2023-04-21T07:02:00+00:00","twitter_card":"summary_large_image","twitter_misc":{"Dur\u00e9e de lecture estim\u00e9e":"3 minutes"},"schema":{"@context":"https:\/\/schema.org","@graph":[{"@type":"Article","@id":"https:\/\/all-car-news.com\/fr\/les-modeles-electrifies-de-renault\/#article","isPartOf":{"@id":"https:\/\/all-car-news.com\/fr\/les-modeles-electrifies-de-renault\/"},"author":{"name":"","@id":""},"headline":"Les mod\u00e8les \u00e9lectrifi\u00e9s de Renault","datePublished":"2023-04-21T07:02:00+00:00","dateModified":"2023-04-21T07:02:00+00:00","mainEntityOfPage":{"@id":"https:\/\/all-car-news.com\/fr\/les-modeles-electrifies-de-renault\/"},"wordCount":634,"publisher":{"@id":"https:\/\/all-car-news.com\/fr\/#organization"},"articleSection":["nouvelles de voiture"],"inLanguage":"fr-FR"},{"@type":"WebPage","@id":"https:\/\/all-car-news.com\/fr\/les-modeles-electrifies-de-renault\/","url":"https:\/\/all-car-news.com\/fr\/les-modeles-electrifies-de-renault\/","name":"Les mod\u00e8les \u00e9lectrifi\u00e9s de Renault - All cars news","isPartOf":{"@id":"https:\/\/all-car-news.com\/fr\/#website"},"datePublished":"2023-04-21T07:02:00+00:00","dateModified":"2023-04-21T07:02:00+00:00","breadcrumb":{"@id":"https:\/\/all-car-news.com\/fr\/les-modeles-electrifies-de-renault\/#breadcrumb"},"inLanguage":"fr-FR","potentialAction":[{"@type":"ReadAction","target":["https:\/\/all-car-news.com\/fr\/les-modeles-electrifies-de-renault\/"]}]},{"@type":"BreadcrumbList","@id":"https:\/\/all-car-news.com\/fr\/les-modeles-electrifies-de-renault\/#breadcrumb","itemListElement":[{"@type":"ListItem","position":1,"name":"Home","item":"https:\/\/all-car-news.com\/fr\/"},{"@type":"ListItem","position":2,"name":"Les mod\u00e8les \u00e9lectrifi\u00e9s de Renault"}]},{"@type":"WebSite","@id":"https:\/\/all-car-news.com\/fr\/#website","url":"https:\/\/all-car-news.com\/fr\/","name":"All cars news","description":"","publisher":{"@id":"https:\/\/all-car-news.com\/fr\/#organization"},"potentialAction":[{"@type":"SearchAction","target":{"@type":"EntryPoint","urlTemplate":"https:\/\/all-car-news.com\/fr\/?s={search_term_string}"},"query-input":"required name=search_term_string"}],"inLanguage":"fr-FR"},{"@type":"Organization","@id":"https:\/\/all-car-news.com\/fr\/#organization","name":"All cars news","url":"https:\/\/all-car-news.com\/fr\/","logo":{"@type":"ImageObject","inLanguage":"fr-FR","@id":"https:\/\/all-car-news.com\/fr\/#\/schema\/logo\/image\/","url":"https:\/\/all-car-news.com\/wp-content\/uploads\/2022\/02\/CMYK-AllCarNews_LANDSCAPE_300px-1.png","contentUrl":"https:\/\/all-car-news.com\/wp-content\/uploads\/2022\/02\/CMYK-AllCarNews_LANDSCAPE_300px-1.png","width":300,"height":100,"caption":"All cars news"},"image":{"@id":"https:\/\/all-car-news.com\/fr\/#\/schema\/logo\/image\/"}}]}},"_links":{"self":[{"href":"https:\/\/all-car-news.com\/fr\/wp-json\/wp\/v2\/posts\/134761","targetHints":{"allow":["GET"]}}],"collection":[{"href":"https:\/\/all-car-news.com\/fr\/wp-json\/wp\/v2\/posts"}],"about":[{"href":"https:\/\/all-car-news.com\/fr\/wp-json\/wp\/v2\/types\/post"}],"replies":[{"embeddable":true,"href":"https:\/\/all-car-news.com\/fr\/wp-json\/wp\/v2\/comments?post=134761"}],"version-history":[{"count":0,"href":"https:\/\/all-car-news.com\/fr\/wp-json\/wp\/v2\/posts\/134761\/revisions"}],"wp:featuredmedia":[{"embeddable":true,"href":"https:\/\/all-car-news.com\/fr\/wp-json\/wp\/v2\/media\/134745"}],"wp:attachment":[{"href":"https:\/\/all-car-news.com\/fr\/wp-json\/wp\/v2\/media?parent=134761"}],"wp:term":[{"taxonomy":"category","embeddable":true,"href":"https:\/\/all-car-news.com\/fr\/wp-json\/wp\/v2\/categories?post=134761"},{"taxonomy":"post_tag","embeddable":true,"href":"https:\/\/all-car-news.com\/fr\/wp-json\/wp\/v2\/tags?post=134761"}],"curies":[{"name":"wp","href":"https:\/\/api.w.org\/{rel}","templated":true}]}}