{"id":134437,"date":"2023-04-14T12:01:00","date_gmt":"2023-04-14T12:01:00","guid":{"rendered":"https:\/\/all-car-news.com\/reperee-une-citroen-visa-1985\/"},"modified":"2023-04-14T12:01:00","modified_gmt":"2023-04-14T12:01:00","slug":"reperee-une-citroen-visa-1985","status":"publish","type":"post","link":"https:\/\/all-car-news.com\/fr\/reperee-une-citroen-visa-1985\/","title":{"rendered":"Rep\u00e9r\u00e9e : une Citro\u00ebn Visa 1985"},"content":{"rendered":"<p>Tous ceux qui participent r\u00e9guli\u00e8rement \u00e0 un \u00e9v\u00e9nement automobile le reconna\u00eetront : il y a presque autant de choses int\u00e9ressantes \u00e0 voir dans le parking que lors de l&rsquo;\u00e9v\u00e9nement lui-m\u00eame. Il en va de m\u00eame pour le Noordhollands Oldtimer Festival \u00e0 Hem, qui se d\u00e9roulait traditionnellement le week-end de P\u00e2ques dernier. De nombreux classiques et youngtimers rares et sp\u00e9ciaux \u00e9taient expos\u00e9s dans les halls de l&rsquo;\u00e9v\u00e9nement (y compris des motos et des camions), mais nous nous sommes \u00e9galement r\u00e9gal\u00e9s sur le parking des visiteurs. Au cours des prochaines semaines, nous s\u00e9lectionnerons quelques favoris de <em>Gespot<\/em>. Cette fois-ci, il s&rsquo;agit d&rsquo;une Citro\u00ebn Visa.<\/p>\n<h2><strong>Le sp\u00e9cimen tachet\u00e9<\/strong><\/h2>\n<p>Nous avons d\u00e9j\u00e0 parl\u00e9 en d\u00e9tail de la Citro\u00ebn Visa dans la rubrique <em><br \/>\n  <a href=\"https:\/\/autorai.nl\/autos-van-toen-citroen-visa\/\" target=\"_blank\" rel=\"noreferrer noopener\">Voitures d&rsquo;antan<\/a><br \/>\n<\/em>. Nous pouvons donc aller directement au rep\u00e9r\u00e9 cette fois-ci. Cette Citro\u00ebn Visa, toujours aussi neuve, est d&rsquo;origine n\u00e9erlandaise et date de 1985. Avec cette ann\u00e9e de construction, il date de bien apr\u00e8s le lifting. Ainsi, le \u00ab\u00a0nez de cochon\u00a0\u00bb a c\u00e9d\u00e9 la place \u00e0 l&rsquo;anneau de plastique distinctif qui entoure tout le nez.<\/p>\n<div class=\"galery galery-0\">\n<figure>\n\t\t\t\t\t<span style=\"cursor: pointer\" data-src=\"https:\/\/autorai.nl\/wp-content\/uploads\/2023\/04\/Gespot-Citroen-Visa-1-1600x900.jpg\" data-fancybox=\"galery-0\" title=\"\"><br \/>\n\t\t\t\t\t\t\t<img decoding=\"async\" width=\"360\" height=\"270\" src=\"https:\/\/autorai.nl\/wp-content\/uploads\/2023\/04\/Gespot-Citroen-Visa-1-360x270.jpg\" class=\"attachment-small size-small\" alt=\"\" loading=\"lazy\"><i class=\"fa fa-search-plus\" aria-hidden=\"true\"><\/i><br \/>\n\t\t\t\t\t\t<\/span><br \/>\n\t\t\t\t\t<\/figure>\n<figure>\n\t\t\t\t\t<span style=\"cursor: pointer\" data-src=\"https:\/\/autorai.nl\/wp-content\/uploads\/2023\/04\/Gespot-Citroen-Visa-2-1600x900.jpg\" data-fancybox=\"galery-0\" title=\"\"><br \/>\n\t\t\t\t\t\t\t<img decoding=\"async\" width=\"360\" height=\"270\" src=\"https:\/\/autorai.nl\/wp-content\/uploads\/2023\/04\/Gespot-Citroen-Visa-2-360x270.jpg\" class=\"attachment-small size-small\" alt=\"\" loading=\"lazy\"><i class=\"fa fa-search-plus\" aria-hidden=\"true\"><\/i><br \/>\n\t\t\t\t\t\t<\/span><br \/>\n\t\t\t\t\t<\/figure>\n<div class=\"clear\"><\/div>\n<\/div>\n<h2><strong>Moteur boxer \u00e0 deux cylindres<\/strong><\/h2>\n<p>En outre, il s&rsquo;agit ici d&rsquo;une version plut\u00f4t simple, mais c&rsquo;est ce qui la rend amusante et tr\u00e8s sp\u00e9ciale. La Citro\u00ebn Visa \u00e9tait principalement disponible avec des moteurs \u00e0 quatre cylindres, mais cet exemplaire poss\u00e8de le moteur le plus modeste sous le capot : un moteur boxer bicylindre de 652 cm3 ! Ce moteur \u00e9tait toujours d\u00e9riv\u00e9 du bicylindre de l&#8217;embl\u00e9matique Citro\u00ebn 2CV. Le bicylindre boxer \u00e9tait \u00e9galement le seul moteur longitudinal de la Visa.<\/p>\n<h2><strong>Celui qui n&rsquo;honore pas les petits<\/strong><\/h2>\n<p>Il s&rsquo;av\u00e8re que tous les passionn\u00e9s d&rsquo;automobile ne se soucient pas d&rsquo;une puissance \u00e9lev\u00e9e. Le propri\u00e9taire de cette Citro\u00ebn Visa est tr\u00e8s satisfait de sa petite voiture. Comment pouvons-nous en \u00eatre s\u00fbrs ? La voiture appartient \u00e0 l&rsquo;actuel propri\u00e9taire depuis 1987 ! Pouvez-vous imaginer que vous achetiez aujourd&rsquo;hui une citadine de deux ans et que vous la conduisiez encore dans 36 ans ? Cependant, \u00e9tant donn\u00e9 son \u00e9tat de propret\u00e9, celui-ci ne fera pas beaucoup de kilom\u00e8tres et dormira probablement \u00e0 l&rsquo;int\u00e9rieur. C&rsquo;est bien qu&rsquo;il y ait aussi des passionn\u00e9s qui ch\u00e9rissent ce type de voiture autrefois ordinaire.<\/p>\n<h2><strong>Pour ceux qui en veulent plus<\/strong><\/h2>\n<p>Vous aimez la Citro\u00ebn Visa, mais un bicylindre ne vous convient pas ? Plus t\u00f4t dans cette section, nous avons vu un c\u00f4t\u00e9 compl\u00e8tement diff\u00e9rent du spectre de la Visa : la <a href=\"https:\/\/autorai.nl\/gespot-een-citroen-visa-chrono\/\" target=\"_blank\" rel=\"noreferrer noopener\">version<\/a> sportive <a href=\"https:\/\/autorai.nl\/gespot-een-citroen-visa-chrono\/\" target=\"_blank\" rel=\"noreferrer noopener\">Chrono<\/a>. C&rsquo;\u00e9tait d\u00e9j\u00e0 rare \u00e0 son \u00e9poque. Aujourd&rsquo;hui, chaque <a href=\"https:\/\/www.citroen.nl\/\" target=\"_blank\" rel=\"noreferrer noopener\">Citro\u00ebn<\/a> Visa est une raret\u00e9 dans les rues. Pourtant, il y en a encore 418 sur les plaques d&rsquo;immatriculation n\u00e9erlandaises. Apr\u00e8s tout, notre pays compte de nombreux amateurs de voitures.<\/p>\n","protected":false},"excerpt":{"rendered":"Tous ceux qui participent r\u00e9guli\u00e8rement \u00e0 un \u00e9v\u00e9nement automobile le reconnaissent : il y a presque autant de choses int\u00e9ressantes\u2026","protected":false},"author":0,"featured_media":134406,"comment_status":"","ping_status":"open","sticky":false,"template":"","format":"standard","meta":{"footnotes":""},"categories":[177,127],"tags":[],"class_list":["post-134437","post","type-post","status-publish","format-standard","has-post-thumbnail","hentry","category-fun-fr","category-nouvelles-de-voiture"],"acf":[],"yoast_head":"<!-- This site is optimized with the Yoast SEO plugin v21.2 - https:\/\/yoast.com\/wordpress\/plugins\/seo\/ -->\n<title>Rep\u00e9r\u00e9e : une Citro\u00ebn Visa 1985 - All cars news<\/title>\n<meta name=\"robots\" content=\"index, follow, max-snippet:-1, max-image-preview:large, max-video-preview:-1\" \/>\n<link rel=\"canonical\" href=\"https:\/\/all-car-news.com\/fr\/reperee-une-citroen-visa-1985\/\" \/>\n<meta property=\"og:locale\" content=\"fr_FR\" \/>\n<meta property=\"og:type\" content=\"article\" \/>\n<meta property=\"og:title\" content=\"Rep\u00e9r\u00e9e : une Citro\u00ebn Visa 1985 - All cars news\" \/>\n<meta property=\"og:description\" content=\"Tous ceux qui participent r\u00e9guli\u00e8rement \u00e0 un \u00e9v\u00e9nement automobile le reconnaissent : il y a presque autant de choses int\u00e9ressantes \u00e0 voir dans le parking que lors de l&#039;\u00e9v\u00e9nement lui-m\u00eame. Il en va de m\u00eame pour le Noordhollands Oldtimer Festival \u00e0 Hem, qui se d\u00e9roulait traditionnellement le week-end de P\u00e2ques dernier. De nombreux classiques et youngtimers rares et sp\u00e9ciaux \u00e9taient expos\u00e9s dans les halls de l&#039;\u00e9v\u00e9nement (y compris des motos et des [...]\" \/>\n<meta property=\"og:url\" content=\"https:\/\/all-car-news.com\/fr\/reperee-une-citroen-visa-1985\/\" \/>\n<meta property=\"og:site_name\" content=\"All cars news\" \/>\n<meta property=\"article:published_time\" content=\"2023-04-14T12:01:00+00:00\" \/>\n<meta property=\"og:image\" content=\"https:\/\/autorai.nl\/wp-content\/uploads\/2023\/04\/Gespot-Citroen-Visa-1-360x270.jpg\" \/>\n<meta name=\"twitter:card\" content=\"summary_large_image\" \/>\n<meta name=\"twitter:label1\" content=\"Dur\u00e9e de lecture estim\u00e9e\" \/>\n\t<meta name=\"twitter:data1\" content=\"2 minutes\" \/>\n<script type=\"application\/ld+json\" class=\"yoast-schema-graph\">{\"@context\":\"https:\/\/schema.org\",\"@graph\":[{\"@type\":\"Article\",\"@id\":\"https:\/\/all-car-news.com\/fr\/reperee-une-citroen-visa-1985\/#article\",\"isPartOf\":{\"@id\":\"https:\/\/all-car-news.com\/fr\/reperee-une-citroen-visa-1985\/\"},\"author\":{\"name\":\"\",\"@id\":\"\"},\"headline\":\"Rep\u00e9r\u00e9e : une Citro\u00ebn Visa 1985\",\"datePublished\":\"2023-04-14T12:01:00+00:00\",\"dateModified\":\"2023-04-14T12:01:00+00:00\",\"mainEntityOfPage\":{\"@id\":\"https:\/\/all-car-news.com\/fr\/reperee-une-citroen-visa-1985\/\"},\"wordCount\":480,\"publisher\":{\"@id\":\"https:\/\/all-car-news.com\/fr\/#organization\"},\"articleSection\":[\"Fun\",\"nouvelles de voiture\"],\"inLanguage\":\"fr-FR\"},{\"@type\":\"WebPage\",\"@id\":\"https:\/\/all-car-news.com\/fr\/reperee-une-citroen-visa-1985\/\",\"url\":\"https:\/\/all-car-news.com\/fr\/reperee-une-citroen-visa-1985\/\",\"name\":\"Rep\u00e9r\u00e9e : une Citro\u00ebn Visa 1985 - All cars news\",\"isPartOf\":{\"@id\":\"https:\/\/all-car-news.com\/fr\/#website\"},\"datePublished\":\"2023-04-14T12:01:00+00:00\",\"dateModified\":\"2023-04-14T12:01:00+00:00\",\"breadcrumb\":{\"@id\":\"https:\/\/all-car-news.com\/fr\/reperee-une-citroen-visa-1985\/#breadcrumb\"},\"inLanguage\":\"fr-FR\",\"potentialAction\":[{\"@type\":\"ReadAction\",\"target\":[\"https:\/\/all-car-news.com\/fr\/reperee-une-citroen-visa-1985\/\"]}]},{\"@type\":\"BreadcrumbList\",\"@id\":\"https:\/\/all-car-news.com\/fr\/reperee-une-citroen-visa-1985\/#breadcrumb\",\"itemListElement\":[{\"@type\":\"ListItem\",\"position\":1,\"name\":\"Home\",\"item\":\"https:\/\/all-car-news.com\/fr\/\"},{\"@type\":\"ListItem\",\"position\":2,\"name\":\"Rep\u00e9r\u00e9e : une Citro\u00ebn Visa 1985\"}]},{\"@type\":\"WebSite\",\"@id\":\"https:\/\/all-car-news.com\/fr\/#website\",\"url\":\"https:\/\/all-car-news.com\/fr\/\",\"name\":\"All cars news\",\"description\":\"\",\"publisher\":{\"@id\":\"https:\/\/all-car-news.com\/fr\/#organization\"},\"potentialAction\":[{\"@type\":\"SearchAction\",\"target\":{\"@type\":\"EntryPoint\",\"urlTemplate\":\"https:\/\/all-car-news.com\/fr\/?s={search_term_string}\"},\"query-input\":\"required name=search_term_string\"}],\"inLanguage\":\"fr-FR\"},{\"@type\":\"Organization\",\"@id\":\"https:\/\/all-car-news.com\/fr\/#organization\",\"name\":\"All cars news\",\"url\":\"https:\/\/all-car-news.com\/fr\/\",\"logo\":{\"@type\":\"ImageObject\",\"inLanguage\":\"fr-FR\",\"@id\":\"https:\/\/all-car-news.com\/fr\/#\/schema\/logo\/image\/\",\"url\":\"https:\/\/all-car-news.com\/wp-content\/uploads\/2022\/02\/CMYK-AllCarNews_LANDSCAPE_300px-1.png\",\"contentUrl\":\"https:\/\/all-car-news.com\/wp-content\/uploads\/2022\/02\/CMYK-AllCarNews_LANDSCAPE_300px-1.png\",\"width\":300,\"height\":100,\"caption\":\"All cars news\"},\"image\":{\"@id\":\"https:\/\/all-car-news.com\/fr\/#\/schema\/logo\/image\/\"}}]}<\/script>\n<!-- \/ Yoast SEO plugin. -->","yoast_head_json":{"title":"Rep\u00e9r\u00e9e : une Citro\u00ebn Visa 1985 - All cars news","robots":{"index":"index","follow":"follow","max-snippet":"max-snippet:-1","max-image-preview":"max-image-preview:large","max-video-preview":"max-video-preview:-1"},"canonical":"https:\/\/all-car-news.com\/fr\/reperee-une-citroen-visa-1985\/","og_locale":"fr_FR","og_type":"article","og_title":"Rep\u00e9r\u00e9e : une Citro\u00ebn Visa 1985 - All cars news","og_description":"Tous ceux qui participent r\u00e9guli\u00e8rement \u00e0 un \u00e9v\u00e9nement automobile le reconnaissent : il y a presque autant de choses int\u00e9ressantes \u00e0 voir dans le parking que lors de l'\u00e9v\u00e9nement lui-m\u00eame. Il en va de m\u00eame pour le Noordhollands Oldtimer Festival \u00e0 Hem, qui se d\u00e9roulait traditionnellement le week-end de P\u00e2ques dernier. De nombreux classiques et youngtimers rares et sp\u00e9ciaux \u00e9taient expos\u00e9s dans les halls de l'\u00e9v\u00e9nement (y compris des motos et des [...]","og_url":"https:\/\/all-car-news.com\/fr\/reperee-une-citroen-visa-1985\/","og_site_name":"All cars news","article_published_time":"2023-04-14T12:01:00+00:00","og_image":[{"url":"https:\/\/autorai.nl\/wp-content\/uploads\/2023\/04\/Gespot-Citroen-Visa-1-360x270.jpg"}],"twitter_card":"summary_large_image","twitter_misc":{"Dur\u00e9e de lecture estim\u00e9e":"2 minutes"},"schema":{"@context":"https:\/\/schema.org","@graph":[{"@type":"Article","@id":"https:\/\/all-car-news.com\/fr\/reperee-une-citroen-visa-1985\/#article","isPartOf":{"@id":"https:\/\/all-car-news.com\/fr\/reperee-une-citroen-visa-1985\/"},"author":{"name":"","@id":""},"headline":"Rep\u00e9r\u00e9e : une Citro\u00ebn Visa 1985","datePublished":"2023-04-14T12:01:00+00:00","dateModified":"2023-04-14T12:01:00+00:00","mainEntityOfPage":{"@id":"https:\/\/all-car-news.com\/fr\/reperee-une-citroen-visa-1985\/"},"wordCount":480,"publisher":{"@id":"https:\/\/all-car-news.com\/fr\/#organization"},"articleSection":["Fun","nouvelles de voiture"],"inLanguage":"fr-FR"},{"@type":"WebPage","@id":"https:\/\/all-car-news.com\/fr\/reperee-une-citroen-visa-1985\/","url":"https:\/\/all-car-news.com\/fr\/reperee-une-citroen-visa-1985\/","name":"Rep\u00e9r\u00e9e : une Citro\u00ebn Visa 1985 - All cars news","isPartOf":{"@id":"https:\/\/all-car-news.com\/fr\/#website"},"datePublished":"2023-04-14T12:01:00+00:00","dateModified":"2023-04-14T12:01:00+00:00","breadcrumb":{"@id":"https:\/\/all-car-news.com\/fr\/reperee-une-citroen-visa-1985\/#breadcrumb"},"inLanguage":"fr-FR","potentialAction":[{"@type":"ReadAction","target":["https:\/\/all-car-news.com\/fr\/reperee-une-citroen-visa-1985\/"]}]},{"@type":"BreadcrumbList","@id":"https:\/\/all-car-news.com\/fr\/reperee-une-citroen-visa-1985\/#breadcrumb","itemListElement":[{"@type":"ListItem","position":1,"name":"Home","item":"https:\/\/all-car-news.com\/fr\/"},{"@type":"ListItem","position":2,"name":"Rep\u00e9r\u00e9e : une Citro\u00ebn Visa 1985"}]},{"@type":"WebSite","@id":"https:\/\/all-car-news.com\/fr\/#website","url":"https:\/\/all-car-news.com\/fr\/","name":"All cars news","description":"","publisher":{"@id":"https:\/\/all-car-news.com\/fr\/#organization"},"potentialAction":[{"@type":"SearchAction","target":{"@type":"EntryPoint","urlTemplate":"https:\/\/all-car-news.com\/fr\/?s={search_term_string}"},"query-input":"required name=search_term_string"}],"inLanguage":"fr-FR"},{"@type":"Organization","@id":"https:\/\/all-car-news.com\/fr\/#organization","name":"All cars news","url":"https:\/\/all-car-news.com\/fr\/","logo":{"@type":"ImageObject","inLanguage":"fr-FR","@id":"https:\/\/all-car-news.com\/fr\/#\/schema\/logo\/image\/","url":"https:\/\/all-car-news.com\/wp-content\/uploads\/2022\/02\/CMYK-AllCarNews_LANDSCAPE_300px-1.png","contentUrl":"https:\/\/all-car-news.com\/wp-content\/uploads\/2022\/02\/CMYK-AllCarNews_LANDSCAPE_300px-1.png","width":300,"height":100,"caption":"All cars news"},"image":{"@id":"https:\/\/all-car-news.com\/fr\/#\/schema\/logo\/image\/"}}]}},"_links":{"self":[{"href":"https:\/\/all-car-news.com\/fr\/wp-json\/wp\/v2\/posts\/134437","targetHints":{"allow":["GET"]}}],"collection":[{"href":"https:\/\/all-car-news.com\/fr\/wp-json\/wp\/v2\/posts"}],"about":[{"href":"https:\/\/all-car-news.com\/fr\/wp-json\/wp\/v2\/types\/post"}],"replies":[{"embeddable":true,"href":"https:\/\/all-car-news.com\/fr\/wp-json\/wp\/v2\/comments?post=134437"}],"version-history":[{"count":0,"href":"https:\/\/all-car-news.com\/fr\/wp-json\/wp\/v2\/posts\/134437\/revisions"}],"wp:featuredmedia":[{"embeddable":true,"href":"https:\/\/all-car-news.com\/fr\/wp-json\/wp\/v2\/media\/134406"}],"wp:attachment":[{"href":"https:\/\/all-car-news.com\/fr\/wp-json\/wp\/v2\/media?parent=134437"}],"wp:term":[{"taxonomy":"category","embeddable":true,"href":"https:\/\/all-car-news.com\/fr\/wp-json\/wp\/v2\/categories?post=134437"},{"taxonomy":"post_tag","embeddable":true,"href":"https:\/\/all-car-news.com\/fr\/wp-json\/wp\/v2\/tags?post=134437"}],"curies":[{"name":"wp","href":"https:\/\/api.w.org\/{rel}","templated":true}]}}