{"id":134163,"date":"2023-04-05T17:34:35","date_gmt":"2023-04-05T17:34:35","guid":{"rendered":"https:\/\/all-car-news.com\/bizarre-la-plus-petite-batterie-dune-ram-electrique-a-une-taille-de-168-kwh\/"},"modified":"2023-04-05T17:34:35","modified_gmt":"2023-04-05T17:34:35","slug":"bizarre-la-plus-petite-batterie-dune-ram-electrique-a-une-taille-de-168-kwh","status":"publish","type":"post","link":"https:\/\/all-car-news.com\/fr\/bizarre-la-plus-petite-batterie-dune-ram-electrique-a-une-taille-de-168-kwh\/","title":{"rendered":"Bizarre : la \u00ab\u00a0plus petite\u00a0\u00bb batterie d&rsquo;une RAM \u00e9lectrique a une taille de 168 kWh"},"content":{"rendered":"<h2>RAM 1500 REV<\/h2>\n<p>Nous comprenons vraiment que l&rsquo;Am\u00e9rique est un grand pays et qu&rsquo;il faut parfois passer une heure dans la voiture pour emprunter une tasse de sucre \u00e0 son voisin. Une grande voiture confortable serait alors la bienvenue. C&rsquo;est pourquoi les Am\u00e9ricains optent en masse pour un pick-up, ce que nous ne comprenons pas en Europe. Qu&rsquo;y a-t-il de mal \u00e0 opter pour une berline imposante ou un grand break ? Pourtant, les Yankees \u00e9voluent avec leur temps. Chez Ford, la F-150 Lightning est enti\u00e8rement \u00e9lectrique et Ram lancera le 1500 REV \u00e9lectrique en 2025.<\/p>\n<figure class=\"wp-block-image size-content\"><img decoding=\"async\" loading=\"lazy\" width=\"1140\" height=\"601\" src=\"https:\/\/autorai.nl\/wp-content\/uploads\/2023\/04\/RAM-1500-REV-3-1140x601.jpg\" alt=\"\" class=\"wp-image-155743\"><figcaption> <\/figcaption><\/figure>\n<h2>229 kWh<\/h2>\n<p>Stellantis, la soci\u00e9t\u00e9 m\u00e8re de Ram, vient d&rsquo;annoncer les caract\u00e9ristiques du 1500 REV. Ces derniers ne sont pas tendres, nous pouvons vous le dire. Les personnes int\u00e9ress\u00e9es peuvent choisir entre deux packs de batteries g\u00e9ants : 168 kWh et 229 kWh. La \u00ab\u00a0petite\u00a0\u00bb batterie permet au pick-up de parcourir 563 kilom\u00e8tres. En comparaison, une Volkswagen ID.5 &#8211; un VE europ\u00e9en ordinaire &#8211; parcourt 50 kilom\u00e8tres de moins avec seulement 77 kWh.  <\/p>\n<figure class=\"wp-block-image size-content\"><img decoding=\"async\" loading=\"lazy\" width=\"1140\" height=\"601\" src=\"https:\/\/autorai.nl\/wp-content\/uploads\/2023\/04\/RAM-1500-REV-2-1140x601.jpg\" alt=\"\" class=\"wp-image-155744\"><\/figure>\n<h2>805 kilom\u00e8tres<\/h2>\n<p>Gr\u00e2ce \u00e0 sa grande batterie, le v\u00e9hicule peut parcourir jusqu&rsquo;\u00e0 805 kilom\u00e8tres. Avec un chargeur rapide, vous parcourrez 177 kilom\u00e8tres avec la batterie en 10 minutes, selon le fabricant. En effet, la charge peut atteindre 350 kW. On ne sait pas exactement combien de temps il doit rester \u00e0 la station de recharge \u00e0 domicile pour \u00eatre compl\u00e8tement recharg\u00e9. \u00c0 notre avis, tr\u00e8s longtemps. Nous pensons qu&rsquo;il faudra plusieurs semaines pour recharger une simple prise de courant domestique avec le r\u00e9seau am\u00e9ricain de 110 volts.  <\/p>\n<figure class=\"wp-block-image size-content\"><img decoding=\"async\" loading=\"lazy\" width=\"1140\" height=\"601\" src=\"https:\/\/autorai.nl\/wp-content\/uploads\/2023\/04\/RAM-1500-REV-4-1140x601.jpg\" alt=\"\" class=\"wp-image-155745\"><\/figure>\n<h2>6 350 kg<\/h2>\n<p>Les moteurs du Ram d\u00e9veloppent une puissance de 654 ch et un couple de 840 Nm. En seulement 4,5 secondes, le mastodonte passe de 0 \u00e0 100 km\/h. La charge utile maximale est de 1 225 kilogrammes et &#8211; ne vous inqui\u00e9tez pas &#8211; il peut remorquer jusqu&rsquo;\u00e0 6 350 kilogrammes. Nous attendons avec impatience que les premiers entrepreneurs n\u00e9erlandais l&rsquo;<a href=\"https:\/\/youtu.be\/y-nlDELquXg\">introduisent aux Pays-Bas<\/a>.  <\/p>\n<p>Lire aussi : La <a href=\"https:\/\/autorai.nl\/elektrische-mercedes-benz-haalt-1-000-kilometer-op-zijn-sloffen\/\">Mercedes-Benz \u00e9lectrique parcourt 1 000 kilom\u00e8tres en pantoufles<\/a><\/p>\n<figure class=\"wp-block-embed is-type-wp-embed is-provider-autorai-nl wp-block-embed-autorai-nl\">\n<div class=\"wp-block-embed__wrapper\">\n<blockquote class=\"wp-embedded-content\" data-secret=\"0Gj3jCOcqo\"><p><a href=\"https:\/\/autorai.nl\/elektrische-mercedes-benz-haalt-1-000-kilometer-op-zijn-sloffen\/\">Mercedes-Benz \u00e9lectrique obtient 1 000 kilom\u00e8tres sur ses pantoufles<\/a><\/p><\/blockquote>\n<\/div>\n<\/figure>\n","protected":false},"excerpt":{"rendered":"RAM 1500 REV Nous comprenons vraiment : l'Am\u00e9rique est un grand pays et il vous arrive de passer une heure\u2026","protected":false},"author":0,"featured_media":134133,"comment_status":"","ping_status":"open","sticky":false,"template":"","format":"standard","meta":{"footnotes":""},"categories":[127],"tags":[],"class_list":["post-134163","post","type-post","status-publish","format-standard","has-post-thumbnail","hentry","category-nouvelles-de-voiture"],"acf":[],"yoast_head":"<!-- This site is optimized with the Yoast SEO plugin v21.2 - https:\/\/yoast.com\/wordpress\/plugins\/seo\/ -->\n<title>Bizarre : la &quot;plus petite&quot; batterie d&#039;une RAM \u00e9lectrique a une taille de 168 kWh - All cars news<\/title>\n<meta name=\"robots\" content=\"index, follow, max-snippet:-1, max-image-preview:large, max-video-preview:-1\" \/>\n<link rel=\"canonical\" href=\"https:\/\/all-car-news.com\/fr\/bizarre-la-plus-petite-batterie-dune-ram-electrique-a-une-taille-de-168-kwh\/\" \/>\n<meta property=\"og:locale\" content=\"fr_FR\" \/>\n<meta property=\"og:type\" content=\"article\" \/>\n<meta property=\"og:title\" content=\"Bizarre : la &quot;plus petite&quot; batterie d&#039;une RAM \u00e9lectrique a une taille de 168 kWh - All cars news\" \/>\n<meta property=\"og:description\" content=\"RAM 1500 REV Nous comprenons vraiment : l&#039;Am\u00e9rique est un grand pays et il vous arrive de passer une heure dans la voiture pour emprunter une tasse de sucre \u00e0 votre voisin. Une grande voiture confortable serait alors la bienvenue. C&#039;est pourquoi les Am\u00e9ricains optent en masse pour un pick-up, ce que nous ne comprenons pas en Europe. Qu&#039;est-ce que [...]\" \/>\n<meta property=\"og:url\" content=\"https:\/\/all-car-news.com\/fr\/bizarre-la-plus-petite-batterie-dune-ram-electrique-a-une-taille-de-168-kwh\/\" \/>\n<meta property=\"og:site_name\" content=\"All cars news\" \/>\n<meta property=\"article:published_time\" content=\"2023-04-05T17:34:35+00:00\" \/>\n<meta property=\"og:image\" content=\"https:\/\/autorai.nl\/wp-content\/uploads\/2023\/04\/RAM-1500-REV-3-1140x601.jpg\" \/>\n<meta name=\"twitter:card\" content=\"summary_large_image\" \/>\n<meta name=\"twitter:label1\" content=\"Dur\u00e9e de lecture estim\u00e9e\" \/>\n\t<meta name=\"twitter:data1\" content=\"2 minutes\" \/>\n<script type=\"application\/ld+json\" class=\"yoast-schema-graph\">{\"@context\":\"https:\/\/schema.org\",\"@graph\":[{\"@type\":\"Article\",\"@id\":\"https:\/\/all-car-news.com\/fr\/bizarre-la-plus-petite-batterie-dune-ram-electrique-a-une-taille-de-168-kwh\/#article\",\"isPartOf\":{\"@id\":\"https:\/\/all-car-news.com\/fr\/bizarre-la-plus-petite-batterie-dune-ram-electrique-a-une-taille-de-168-kwh\/\"},\"author\":{\"name\":\"\",\"@id\":\"\"},\"headline\":\"Bizarre : la \u00ab\u00a0plus petite\u00a0\u00bb batterie d&rsquo;une RAM \u00e9lectrique a une taille de 168 kWh\",\"datePublished\":\"2023-04-05T17:34:35+00:00\",\"dateModified\":\"2023-04-05T17:34:35+00:00\",\"mainEntityOfPage\":{\"@id\":\"https:\/\/all-car-news.com\/fr\/bizarre-la-plus-petite-batterie-dune-ram-electrique-a-une-taille-de-168-kwh\/\"},\"wordCount\":342,\"publisher\":{\"@id\":\"https:\/\/all-car-news.com\/fr\/#organization\"},\"articleSection\":[\"nouvelles de voiture\"],\"inLanguage\":\"fr-FR\"},{\"@type\":\"WebPage\",\"@id\":\"https:\/\/all-car-news.com\/fr\/bizarre-la-plus-petite-batterie-dune-ram-electrique-a-une-taille-de-168-kwh\/\",\"url\":\"https:\/\/all-car-news.com\/fr\/bizarre-la-plus-petite-batterie-dune-ram-electrique-a-une-taille-de-168-kwh\/\",\"name\":\"Bizarre : la \\\"plus petite\\\" batterie d'une RAM \u00e9lectrique a une taille de 168 kWh - All cars news\",\"isPartOf\":{\"@id\":\"https:\/\/all-car-news.com\/fr\/#website\"},\"datePublished\":\"2023-04-05T17:34:35+00:00\",\"dateModified\":\"2023-04-05T17:34:35+00:00\",\"breadcrumb\":{\"@id\":\"https:\/\/all-car-news.com\/fr\/bizarre-la-plus-petite-batterie-dune-ram-electrique-a-une-taille-de-168-kwh\/#breadcrumb\"},\"inLanguage\":\"fr-FR\",\"potentialAction\":[{\"@type\":\"ReadAction\",\"target\":[\"https:\/\/all-car-news.com\/fr\/bizarre-la-plus-petite-batterie-dune-ram-electrique-a-une-taille-de-168-kwh\/\"]}]},{\"@type\":\"BreadcrumbList\",\"@id\":\"https:\/\/all-car-news.com\/fr\/bizarre-la-plus-petite-batterie-dune-ram-electrique-a-une-taille-de-168-kwh\/#breadcrumb\",\"itemListElement\":[{\"@type\":\"ListItem\",\"position\":1,\"name\":\"Home\",\"item\":\"https:\/\/all-car-news.com\/fr\/\"},{\"@type\":\"ListItem\",\"position\":2,\"name\":\"Bizarre : la \u00ab\u00a0plus petite\u00a0\u00bb batterie d&rsquo;une RAM \u00e9lectrique a une taille de 168 kWh\"}]},{\"@type\":\"WebSite\",\"@id\":\"https:\/\/all-car-news.com\/fr\/#website\",\"url\":\"https:\/\/all-car-news.com\/fr\/\",\"name\":\"All cars news\",\"description\":\"\",\"publisher\":{\"@id\":\"https:\/\/all-car-news.com\/fr\/#organization\"},\"potentialAction\":[{\"@type\":\"SearchAction\",\"target\":{\"@type\":\"EntryPoint\",\"urlTemplate\":\"https:\/\/all-car-news.com\/fr\/?s={search_term_string}\"},\"query-input\":\"required name=search_term_string\"}],\"inLanguage\":\"fr-FR\"},{\"@type\":\"Organization\",\"@id\":\"https:\/\/all-car-news.com\/fr\/#organization\",\"name\":\"All cars news\",\"url\":\"https:\/\/all-car-news.com\/fr\/\",\"logo\":{\"@type\":\"ImageObject\",\"inLanguage\":\"fr-FR\",\"@id\":\"https:\/\/all-car-news.com\/fr\/#\/schema\/logo\/image\/\",\"url\":\"https:\/\/all-car-news.com\/wp-content\/uploads\/2022\/02\/CMYK-AllCarNews_LANDSCAPE_300px-1.png\",\"contentUrl\":\"https:\/\/all-car-news.com\/wp-content\/uploads\/2022\/02\/CMYK-AllCarNews_LANDSCAPE_300px-1.png\",\"width\":300,\"height\":100,\"caption\":\"All cars news\"},\"image\":{\"@id\":\"https:\/\/all-car-news.com\/fr\/#\/schema\/logo\/image\/\"}}]}<\/script>\n<!-- \/ Yoast SEO plugin. -->","yoast_head_json":{"title":"Bizarre : la \"plus petite\" batterie d'une RAM \u00e9lectrique a une taille de 168 kWh - All cars news","robots":{"index":"index","follow":"follow","max-snippet":"max-snippet:-1","max-image-preview":"max-image-preview:large","max-video-preview":"max-video-preview:-1"},"canonical":"https:\/\/all-car-news.com\/fr\/bizarre-la-plus-petite-batterie-dune-ram-electrique-a-une-taille-de-168-kwh\/","og_locale":"fr_FR","og_type":"article","og_title":"Bizarre : la \"plus petite\" batterie d'une RAM \u00e9lectrique a une taille de 168 kWh - All cars news","og_description":"RAM 1500 REV Nous comprenons vraiment : l'Am\u00e9rique est un grand pays et il vous arrive de passer une heure dans la voiture pour emprunter une tasse de sucre \u00e0 votre voisin. Une grande voiture confortable serait alors la bienvenue. C'est pourquoi les Am\u00e9ricains optent en masse pour un pick-up, ce que nous ne comprenons pas en Europe. Qu'est-ce que [...]","og_url":"https:\/\/all-car-news.com\/fr\/bizarre-la-plus-petite-batterie-dune-ram-electrique-a-une-taille-de-168-kwh\/","og_site_name":"All cars news","article_published_time":"2023-04-05T17:34:35+00:00","og_image":[{"url":"https:\/\/autorai.nl\/wp-content\/uploads\/2023\/04\/RAM-1500-REV-3-1140x601.jpg"}],"twitter_card":"summary_large_image","twitter_misc":{"Dur\u00e9e de lecture estim\u00e9e":"2 minutes"},"schema":{"@context":"https:\/\/schema.org","@graph":[{"@type":"Article","@id":"https:\/\/all-car-news.com\/fr\/bizarre-la-plus-petite-batterie-dune-ram-electrique-a-une-taille-de-168-kwh\/#article","isPartOf":{"@id":"https:\/\/all-car-news.com\/fr\/bizarre-la-plus-petite-batterie-dune-ram-electrique-a-une-taille-de-168-kwh\/"},"author":{"name":"","@id":""},"headline":"Bizarre : la \u00ab\u00a0plus petite\u00a0\u00bb batterie d&rsquo;une RAM \u00e9lectrique a une taille de 168 kWh","datePublished":"2023-04-05T17:34:35+00:00","dateModified":"2023-04-05T17:34:35+00:00","mainEntityOfPage":{"@id":"https:\/\/all-car-news.com\/fr\/bizarre-la-plus-petite-batterie-dune-ram-electrique-a-une-taille-de-168-kwh\/"},"wordCount":342,"publisher":{"@id":"https:\/\/all-car-news.com\/fr\/#organization"},"articleSection":["nouvelles de voiture"],"inLanguage":"fr-FR"},{"@type":"WebPage","@id":"https:\/\/all-car-news.com\/fr\/bizarre-la-plus-petite-batterie-dune-ram-electrique-a-une-taille-de-168-kwh\/","url":"https:\/\/all-car-news.com\/fr\/bizarre-la-plus-petite-batterie-dune-ram-electrique-a-une-taille-de-168-kwh\/","name":"Bizarre : la \"plus petite\" batterie d'une RAM \u00e9lectrique a une taille de 168 kWh - All cars news","isPartOf":{"@id":"https:\/\/all-car-news.com\/fr\/#website"},"datePublished":"2023-04-05T17:34:35+00:00","dateModified":"2023-04-05T17:34:35+00:00","breadcrumb":{"@id":"https:\/\/all-car-news.com\/fr\/bizarre-la-plus-petite-batterie-dune-ram-electrique-a-une-taille-de-168-kwh\/#breadcrumb"},"inLanguage":"fr-FR","potentialAction":[{"@type":"ReadAction","target":["https:\/\/all-car-news.com\/fr\/bizarre-la-plus-petite-batterie-dune-ram-electrique-a-une-taille-de-168-kwh\/"]}]},{"@type":"BreadcrumbList","@id":"https:\/\/all-car-news.com\/fr\/bizarre-la-plus-petite-batterie-dune-ram-electrique-a-une-taille-de-168-kwh\/#breadcrumb","itemListElement":[{"@type":"ListItem","position":1,"name":"Home","item":"https:\/\/all-car-news.com\/fr\/"},{"@type":"ListItem","position":2,"name":"Bizarre : la \u00ab\u00a0plus petite\u00a0\u00bb batterie d&rsquo;une RAM \u00e9lectrique a une taille de 168 kWh"}]},{"@type":"WebSite","@id":"https:\/\/all-car-news.com\/fr\/#website","url":"https:\/\/all-car-news.com\/fr\/","name":"All cars news","description":"","publisher":{"@id":"https:\/\/all-car-news.com\/fr\/#organization"},"potentialAction":[{"@type":"SearchAction","target":{"@type":"EntryPoint","urlTemplate":"https:\/\/all-car-news.com\/fr\/?s={search_term_string}"},"query-input":"required name=search_term_string"}],"inLanguage":"fr-FR"},{"@type":"Organization","@id":"https:\/\/all-car-news.com\/fr\/#organization","name":"All cars news","url":"https:\/\/all-car-news.com\/fr\/","logo":{"@type":"ImageObject","inLanguage":"fr-FR","@id":"https:\/\/all-car-news.com\/fr\/#\/schema\/logo\/image\/","url":"https:\/\/all-car-news.com\/wp-content\/uploads\/2022\/02\/CMYK-AllCarNews_LANDSCAPE_300px-1.png","contentUrl":"https:\/\/all-car-news.com\/wp-content\/uploads\/2022\/02\/CMYK-AllCarNews_LANDSCAPE_300px-1.png","width":300,"height":100,"caption":"All cars news"},"image":{"@id":"https:\/\/all-car-news.com\/fr\/#\/schema\/logo\/image\/"}}]}},"_links":{"self":[{"href":"https:\/\/all-car-news.com\/fr\/wp-json\/wp\/v2\/posts\/134163","targetHints":{"allow":["GET"]}}],"collection":[{"href":"https:\/\/all-car-news.com\/fr\/wp-json\/wp\/v2\/posts"}],"about":[{"href":"https:\/\/all-car-news.com\/fr\/wp-json\/wp\/v2\/types\/post"}],"replies":[{"embeddable":true,"href":"https:\/\/all-car-news.com\/fr\/wp-json\/wp\/v2\/comments?post=134163"}],"version-history":[{"count":0,"href":"https:\/\/all-car-news.com\/fr\/wp-json\/wp\/v2\/posts\/134163\/revisions"}],"wp:featuredmedia":[{"embeddable":true,"href":"https:\/\/all-car-news.com\/fr\/wp-json\/wp\/v2\/media\/134133"}],"wp:attachment":[{"href":"https:\/\/all-car-news.com\/fr\/wp-json\/wp\/v2\/media?parent=134163"}],"wp:term":[{"taxonomy":"category","embeddable":true,"href":"https:\/\/all-car-news.com\/fr\/wp-json\/wp\/v2\/categories?post=134163"},{"taxonomy":"post_tag","embeddable":true,"href":"https:\/\/all-car-news.com\/fr\/wp-json\/wp\/v2\/tags?post=134163"}],"curies":[{"name":"wp","href":"https:\/\/api.w.org\/{rel}","templated":true}]}}