{"id":134149,"date":"2023-04-06T10:05:23","date_gmt":"2023-04-06T10:05:23","guid":{"rendered":"https:\/\/all-car-news.com\/psst-ces-groupes-motopropulseurs-equipent-le-mini-countryman-electrique\/"},"modified":"2023-04-06T10:05:23","modified_gmt":"2023-04-06T10:05:23","slug":"psst-ces-groupes-motopropulseurs-equipent-le-mini-countryman-electrique","status":"publish","type":"post","link":"https:\/\/all-car-news.com\/fr\/psst-ces-groupes-motopropulseurs-equipent-le-mini-countryman-electrique\/","title":{"rendered":"Psst, ces groupes motopropulseurs \u00e9quipent le MINI Countryman \u00e9lectrique"},"content":{"rendered":"<h2>Deux versions du MINI Countryman \u00e9lectrique<\/h2>\n<p>La nouvelle g\u00e9n\u00e9ration de MINI Countryman sera enti\u00e8rement \u00e9lectrique. Cela ne vous surprendra pas. Mais le fait que la MINI soit propos\u00e9e avec deux groupes motopropulseurs est une nouvelle information. La version de base &#8211; baptis\u00e9e MINI Countryman E &#8211; est dot\u00e9e d&rsquo;un groupe motopropulseur d&rsquo;une puissance de 191 ch (140 kW). Il y aura \u00e9galement une variante \u00e0 transmission int\u00e9grale : le MINI Countryman SE ALL4. Il s&rsquo;agit de la premi\u00e8re voiture enti\u00e8rement \u00e9lectrique et \u00e0 transmission int\u00e9grale de la marque.<\/p>\n<h2>Groupe motopropulseur MINI Countryman SE ALL4 2023<\/h2>\n<p>Le Countryman SE ALL4 est \u00e9quip\u00e9 de deux moteurs \u00e9lectriques, l&rsquo;un sur l&rsquo;essieu avant et l&rsquo;autre sur l&rsquo;essieu arri\u00e8re. L&rsquo;ensemble permet d&rsquo;obtenir 230 kW\/313 ch, y compris une augmentation de la puissance en r\u00e9gime transitoire. Les deux variantes du mod\u00e8le sont \u00e9quip\u00e9es d&rsquo;une batterie d&rsquo;une capacit\u00e9 de 64,7 kWh. L&rsquo;autonomie estim\u00e9e est d&rsquo;environ 450 kilom\u00e8tres. La voiture partage sa base technique avec la <a href=\"https:\/\/autorai.nl\/review-bmw-x1-ix1-2022-rijden-op-een-gletsjer\/\">BMW iX1 \u00e9lectrique<\/a>.<\/p>\n<h2>Dimensions du MINI Countryman<\/h2>\n<p>La longueur du nouveau MINI Countryman est de 4 429 mm, soit 13 centim\u00e8tres de plus que la g\u00e9n\u00e9ration actuelle. La hauteur a augment\u00e9 de pr\u00e8s de six centim\u00e8tres pour atteindre 1 613 mm, ce qui a permis d&rsquo;accro\u00eetre encore la garde au toit. Le nouveau Countryman n&rsquo;est donc pas vraiment \u00ab\u00a0mini\u00a0\u00bb. C&rsquo;est la plus grande MINI jamais r\u00e9alis\u00e9e.<\/p>\n<figure class=\"wp-block-image size-content\"><img decoding=\"async\" loading=\"lazy\" width=\"1140\" height=\"760\" src=\"https:\/\/autorai.nl\/wp-content\/uploads\/2023\/04\/mini-countryman-elektrisch-prototype-2023-foto34-1140x760.jpg\" alt=\"MINI Countryman\" class=\"wp-image-155804\"><\/figure>\n<h2>Joli \u00ab\u00a0\u00e9co\u00a0\u00bb !<\/h2>\n<p>Le Countryman est cependant plus \u00ab\u00a0\u00e9cologique\u00a0\u00bb que jamais. Les jantes en alliage coul\u00e9 sont compos\u00e9es \u00e0 70 % d&rsquo;aluminium recycl\u00e9. Les surfaces du tableau de bord, du volant, du pavillon et du plancher de la voiture ainsi que les tapis de sol sont en polyester recycl\u00e9 obtenu \u00e0 partir de bouteilles en PET et de restes de moquette.<\/p>\n<h2>Histoire du MINI Countryman<\/h2>\n<p>Le d\u00e9but de la production en novembre 2023 \u00e0 l&rsquo;usine BMW Group de Leipzig sera la premi\u00e8re fois qu&rsquo;une MINI sera produite en Allemagne. La marque s&rsquo;attend \u00e0 ce que le mod\u00e8le poursuive le succ\u00e8s des g\u00e9n\u00e9rations pr\u00e9c\u00e9dentes. La premi\u00e8re g\u00e9n\u00e9ration du MINI Countryman a \u00e9t\u00e9 un succ\u00e8s imm\u00e9diat pour MINI et, \u00e0 partir de 2010, elle a \u00e9largi la famille de mod\u00e8les avec un SUV compact \u00e0 quatre roues motrices, cinq portes et, pour la premi\u00e8re fois pour un mod\u00e8le MINI, une longueur de plus de quatre m\u00e8tres. \u00c0 partir de 2017, la MINI Countryman de deuxi\u00e8me g\u00e9n\u00e9ration \u00e9tait \u00e9galement disponible en tant que MINI Cooper SE Countryman ALL4, le premier mod\u00e8le MINI hybride rechargeable avec un moteur \u00e9lectrique suppl\u00e9mentaire de 65 kW\/88 ch sur l&rsquo;essieu arri\u00e8re. Aujourd&rsquo;hui, la marque passe \u00e0 un Countryman enti\u00e8rement \u00e9lectrique.<\/p>\n<div class=\"galery shuffle galery-0\">\n<figure>\n\t\t\t\t\t<span style=\"cursor: pointer\" data-src=\"https:\/\/autorai.nl\/wp-content\/uploads\/2023\/04\/mini-countryman-elektrisch-prototype-2023-foto33-1600x1067.jpg\" data-fancybox=\"galery-0\" title=\"\"><br \/>\n\t\t\t\t\t\t\t<img decoding=\"async\" width=\"640\" height=\"480\" src=\"https:\/\/autorai.nl\/wp-content\/uploads\/2023\/04\/mini-countryman-elektrisch-prototype-2023-foto33-640x480.jpg\" class=\"attachment-medium size-medium\" alt=\"\" loading=\"lazy\"><i class=\"fa fa-search-plus\" aria-hidden=\"true\"><\/i><br \/>\n\t\t\t\t\t\t<\/span><br \/>\n\t\t\t\t\t<\/figure>\n<figure>\n\t\t\t\t\t<span style=\"cursor: pointer\" data-src=\"https:\/\/autorai.nl\/wp-content\/uploads\/2023\/04\/mini-countryman-elektrisch-prototype-2023-foto35-1600x1067.jpg\" data-fancybox=\"galery-0\" title=\"\"><br \/>\n\t\t\t\t\t\t\t<img decoding=\"async\" width=\"360\" height=\"270\" src=\"https:\/\/autorai.nl\/wp-content\/uploads\/2023\/04\/mini-countryman-elektrisch-prototype-2023-foto35-360x270.jpg\" class=\"attachment-small size-small\" alt=\"\" loading=\"lazy\"><i class=\"fa fa-search-plus\" aria-hidden=\"true\"><\/i><br \/>\n\t\t\t\t\t\t<\/span><br \/>\n\t\t\t\t\t<\/figure>\n<figure>\n\t\t\t\t\t<span style=\"cursor: pointer\" data-src=\"https:\/\/autorai.nl\/wp-content\/uploads\/2023\/04\/mini-countryman-elektrisch-prototype-2023-foto28-1600x1067.jpg\" data-fancybox=\"galery-0\" title=\"\"><br \/>\n\t\t\t\t\t\t\t<img decoding=\"async\" width=\"360\" height=\"270\" src=\"https:\/\/autorai.nl\/wp-content\/uploads\/2023\/04\/mini-countryman-elektrisch-prototype-2023-foto28-360x270.jpg\" class=\"attachment-small size-small\" alt=\"\" loading=\"lazy\"><i class=\"fa fa-search-plus\" aria-hidden=\"true\"><\/i><br \/>\n\t\t\t\t\t\t<\/span><br \/>\n\t\t\t\t\t<\/figure>\n<figure>\n\t\t\t\t\t<span style=\"cursor: pointer\" data-src=\"https:\/\/autorai.nl\/wp-content\/uploads\/2023\/04\/mini-countryman-elektrisch-prototype-2023-foto23-1600x1067.jpg\" data-fancybox=\"galery-0\" title=\"\"><br \/>\n\t\t\t\t\t\t\t<img decoding=\"async\" width=\"640\" height=\"480\" src=\"https:\/\/autorai.nl\/wp-content\/uploads\/2023\/04\/mini-countryman-elektrisch-prototype-2023-foto23-640x480.jpg\" class=\"attachment-medium size-medium\" alt=\"\" loading=\"lazy\"><i class=\"fa fa-search-plus\" aria-hidden=\"true\"><\/i><br \/>\n\t\t\t\t\t\t<\/span><br \/>\n\t\t\t\t\t<\/figure>\n<figure>\n\t\t\t\t\t<span style=\"cursor: pointer\" data-src=\"https:\/\/autorai.nl\/wp-content\/uploads\/2023\/04\/mini-countryman-elektrisch-prototype-2023-foto22-1600x1067.jpg\" data-fancybox=\"galery-0\" title=\"\"><br \/>\n\t\t\t\t\t\t\t<img decoding=\"async\" width=\"360\" height=\"270\" src=\"https:\/\/autorai.nl\/wp-content\/uploads\/2023\/04\/mini-countryman-elektrisch-prototype-2023-foto22-360x270.jpg\" class=\"attachment-small size-small\" alt=\"\" loading=\"lazy\"><i class=\"fa fa-search-plus\" aria-hidden=\"true\"><\/i><br \/>\n\t\t\t\t\t\t<\/span><br \/>\n\t\t\t\t\t<\/figure>\n<figure>\n\t\t\t\t\t<span style=\"cursor: pointer\" data-src=\"https:\/\/autorai.nl\/wp-content\/uploads\/2023\/04\/mini-countryman-elektrisch-prototype-2023-foto19-1600x1067.jpg\" data-fancybox=\"galery-0\" title=\"\"><br \/>\n\t\t\t\t\t\t\t<img decoding=\"async\" width=\"360\" height=\"270\" src=\"https:\/\/autorai.nl\/wp-content\/uploads\/2023\/04\/mini-countryman-elektrisch-prototype-2023-foto19-360x270.jpg\" class=\"attachment-small size-small\" alt=\"\" loading=\"lazy\"><i class=\"fa fa-search-plus\" aria-hidden=\"true\"><\/i><br \/>\n\t\t\t\t\t\t<\/span><br \/>\n\t\t\t\t\t<\/figure>\n<figure>\n\t\t\t\t\t<span style=\"cursor: pointer\" data-src=\"https:\/\/autorai.nl\/wp-content\/uploads\/2023\/04\/mini-countryman-elektrisch-prototype-2023-foto17-1600x1067.jpg\" data-fancybox=\"galery-0\" title=\"\"><br \/>\n\t\t\t\t\t\t\t<img decoding=\"async\" width=\"640\" height=\"480\" src=\"https:\/\/autorai.nl\/wp-content\/uploads\/2023\/04\/mini-countryman-elektrisch-prototype-2023-foto17-640x480.jpg\" class=\"attachment-medium size-medium\" alt=\"\" loading=\"lazy\"><i class=\"fa fa-search-plus\" aria-hidden=\"true\"><\/i><br \/>\n\t\t\t\t\t\t<\/span><br \/>\n\t\t\t\t\t<\/figure>\n<figure>\n\t\t\t\t\t<span style=\"cursor: pointer\" data-src=\"https:\/\/autorai.nl\/wp-content\/uploads\/2023\/04\/mini-countryman-elektrisch-prototype-2023-foto15-1600x1067.jpg\" data-fancybox=\"galery-0\" title=\"\"><br \/>\n\t\t\t\t\t\t\t<img decoding=\"async\" width=\"360\" height=\"270\" src=\"https:\/\/autorai.nl\/wp-content\/uploads\/2023\/04\/mini-countryman-elektrisch-prototype-2023-foto15-360x270.jpg\" class=\"attachment-small size-small\" alt=\"\" loading=\"lazy\"><i class=\"fa fa-search-plus\" aria-hidden=\"true\"><\/i><br \/>\n\t\t\t\t\t\t<\/span><br \/>\n\t\t\t\t\t<\/figure>\n<figure>\n\t\t\t\t\t<span style=\"cursor: pointer\" data-src=\"https:\/\/autorai.nl\/wp-content\/uploads\/2023\/04\/mini-countryman-elektrisch-prototype-2023-foto11-1600x1067.jpg\" data-fancybox=\"galery-0\" title=\"\"><br \/>\n\t\t\t\t\t\t\t<img decoding=\"async\" width=\"360\" height=\"270\" src=\"https:\/\/autorai.nl\/wp-content\/uploads\/2023\/04\/mini-countryman-elektrisch-prototype-2023-foto11-360x270.jpg\" class=\"attachment-small size-small\" alt=\"\" loading=\"lazy\"><i class=\"fa fa-search-plus\" aria-hidden=\"true\"><\/i><br \/>\n\t\t\t\t\t\t<\/span><br \/>\n\t\t\t\t\t<\/figure>\n<figure>\n\t\t\t\t\t<span style=\"cursor: pointer\" data-src=\"https:\/\/autorai.nl\/wp-content\/uploads\/2023\/04\/mini-countryman-elektrisch-prototype-2023-foto8-1600x1067.jpg\" data-fancybox=\"galery-0\" title=\"\"><br \/>\n\t\t\t\t\t\t\t<img decoding=\"async\" width=\"640\" height=\"480\" src=\"https:\/\/autorai.nl\/wp-content\/uploads\/2023\/04\/mini-countryman-elektrisch-prototype-2023-foto8-640x480.jpg\" class=\"attachment-medium size-medium\" alt=\"\" loading=\"lazy\"><i class=\"fa fa-search-plus\" aria-hidden=\"true\"><\/i><br \/>\n\t\t\t\t\t\t<\/span><br \/>\n\t\t\t\t\t<\/figure>\n<figure>\n\t\t\t\t\t<span style=\"cursor: pointer\" data-src=\"https:\/\/autorai.nl\/wp-content\/uploads\/2023\/04\/mini-countryman-elektrisch-prototype-2023-foto5-1600x1067.jpg\" data-fancybox=\"galery-0\" title=\"\"><br \/>\n\t\t\t\t\t\t\t<img decoding=\"async\" width=\"360\" height=\"270\" src=\"https:\/\/autorai.nl\/wp-content\/uploads\/2023\/04\/mini-countryman-elektrisch-prototype-2023-foto5-360x270.jpg\" class=\"attachment-small size-small\" alt=\"\" loading=\"lazy\"><i class=\"fa fa-search-plus\" aria-hidden=\"true\"><\/i><br \/>\n\t\t\t\t\t\t<\/span><br \/>\n\t\t\t\t\t<\/figure>\n<figure>\n\t\t\t\t\t<span style=\"cursor: pointer\" data-src=\"https:\/\/autorai.nl\/wp-content\/uploads\/2023\/04\/mini-countryman-elektrisch-prototype-2023-foto1-1600x1067.jpg\" data-fancybox=\"galery-0\" title=\"\"><br \/>\n\t\t\t\t\t\t\t<img decoding=\"async\" width=\"360\" height=\"270\" src=\"https:\/\/autorai.nl\/wp-content\/uploads\/2023\/04\/mini-countryman-elektrisch-prototype-2023-foto1-360x270.jpg\" class=\"attachment-small size-small\" alt=\"MINI Countryman 2023\" loading=\"lazy\"><i class=\"fa fa-search-plus\" aria-hidden=\"true\"><\/i><br \/>\n\t\t\t\t\t\t<\/span><br \/>\n\t\t\t\t\t<\/figure>\n<div class=\"clear\"><\/div>\n<\/div>\n","protected":false},"excerpt":{"rendered":"Deux versions \u00e9lectriques du MINI Countryman La nouvelle g\u00e9n\u00e9ration du MINI Countryman sera enti\u00e8rement \u00e9lectrique. Cela ne vous surprendra pas.\u2026","protected":false},"author":0,"featured_media":134109,"comment_status":"","ping_status":"open","sticky":false,"template":"","format":"standard","meta":{"footnotes":""},"categories":[127],"tags":[],"class_list":["post-134149","post","type-post","status-publish","format-standard","has-post-thumbnail","hentry","category-nouvelles-de-voiture"],"acf":[],"yoast_head":"<!-- This site is optimized with the Yoast SEO plugin v21.2 - https:\/\/yoast.com\/wordpress\/plugins\/seo\/ -->\n<title>Psst, ces groupes motopropulseurs \u00e9quipent le MINI Countryman \u00e9lectrique - All cars news<\/title>\n<meta name=\"robots\" content=\"index, follow, max-snippet:-1, max-image-preview:large, max-video-preview:-1\" \/>\n<link rel=\"canonical\" href=\"https:\/\/all-car-news.com\/fr\/psst-ces-groupes-motopropulseurs-equipent-le-mini-countryman-electrique\/\" \/>\n<meta property=\"og:locale\" content=\"fr_FR\" \/>\n<meta property=\"og:type\" content=\"article\" \/>\n<meta property=\"og:title\" content=\"Psst, ces groupes motopropulseurs \u00e9quipent le MINI Countryman \u00e9lectrique - All cars news\" \/>\n<meta property=\"og:description\" content=\"Deux versions \u00e9lectriques du MINI Countryman La nouvelle g\u00e9n\u00e9ration du MINI Countryman sera enti\u00e8rement \u00e9lectrique. Cela ne vous surprendra pas. Mais le fait que la MINI soit propos\u00e9e avec deux groupes motopropulseurs est une nouvelle information. La version de base - baptis\u00e9e MINI Countryman E - est dot\u00e9e d&#039;un groupe motopropulseur d&#039;une puissance de 191 ch (140 kW). Il y aura \u00e9galement une variante avec [...]\" \/>\n<meta property=\"og:url\" content=\"https:\/\/all-car-news.com\/fr\/psst-ces-groupes-motopropulseurs-equipent-le-mini-countryman-electrique\/\" \/>\n<meta property=\"og:site_name\" content=\"All cars news\" \/>\n<meta property=\"article:published_time\" content=\"2023-04-06T10:05:23+00:00\" \/>\n<meta property=\"og:image\" content=\"https:\/\/autorai.nl\/wp-content\/uploads\/2023\/04\/mini-countryman-elektrisch-prototype-2023-foto34-1140x760.jpg\" \/>\n<meta name=\"twitter:card\" content=\"summary_large_image\" \/>\n<meta name=\"twitter:label1\" content=\"Dur\u00e9e de lecture estim\u00e9e\" \/>\n\t<meta name=\"twitter:data1\" content=\"2 minutes\" \/>\n<script type=\"application\/ld+json\" class=\"yoast-schema-graph\">{\"@context\":\"https:\/\/schema.org\",\"@graph\":[{\"@type\":\"Article\",\"@id\":\"https:\/\/all-car-news.com\/fr\/psst-ces-groupes-motopropulseurs-equipent-le-mini-countryman-electrique\/#article\",\"isPartOf\":{\"@id\":\"https:\/\/all-car-news.com\/fr\/psst-ces-groupes-motopropulseurs-equipent-le-mini-countryman-electrique\/\"},\"author\":{\"name\":\"\",\"@id\":\"\"},\"headline\":\"Psst, ces groupes motopropulseurs \u00e9quipent le MINI Countryman \u00e9lectrique\",\"datePublished\":\"2023-04-06T10:05:23+00:00\",\"dateModified\":\"2023-04-06T10:05:23+00:00\",\"mainEntityOfPage\":{\"@id\":\"https:\/\/all-car-news.com\/fr\/psst-ces-groupes-motopropulseurs-equipent-le-mini-countryman-electrique\/\"},\"wordCount\":455,\"publisher\":{\"@id\":\"https:\/\/all-car-news.com\/fr\/#organization\"},\"articleSection\":[\"nouvelles de voiture\"],\"inLanguage\":\"fr-FR\"},{\"@type\":\"WebPage\",\"@id\":\"https:\/\/all-car-news.com\/fr\/psst-ces-groupes-motopropulseurs-equipent-le-mini-countryman-electrique\/\",\"url\":\"https:\/\/all-car-news.com\/fr\/psst-ces-groupes-motopropulseurs-equipent-le-mini-countryman-electrique\/\",\"name\":\"Psst, ces groupes motopropulseurs \u00e9quipent le MINI Countryman \u00e9lectrique - All cars news\",\"isPartOf\":{\"@id\":\"https:\/\/all-car-news.com\/fr\/#website\"},\"datePublished\":\"2023-04-06T10:05:23+00:00\",\"dateModified\":\"2023-04-06T10:05:23+00:00\",\"breadcrumb\":{\"@id\":\"https:\/\/all-car-news.com\/fr\/psst-ces-groupes-motopropulseurs-equipent-le-mini-countryman-electrique\/#breadcrumb\"},\"inLanguage\":\"fr-FR\",\"potentialAction\":[{\"@type\":\"ReadAction\",\"target\":[\"https:\/\/all-car-news.com\/fr\/psst-ces-groupes-motopropulseurs-equipent-le-mini-countryman-electrique\/\"]}]},{\"@type\":\"BreadcrumbList\",\"@id\":\"https:\/\/all-car-news.com\/fr\/psst-ces-groupes-motopropulseurs-equipent-le-mini-countryman-electrique\/#breadcrumb\",\"itemListElement\":[{\"@type\":\"ListItem\",\"position\":1,\"name\":\"Home\",\"item\":\"https:\/\/all-car-news.com\/fr\/\"},{\"@type\":\"ListItem\",\"position\":2,\"name\":\"Psst, ces groupes motopropulseurs \u00e9quipent le MINI Countryman \u00e9lectrique\"}]},{\"@type\":\"WebSite\",\"@id\":\"https:\/\/all-car-news.com\/fr\/#website\",\"url\":\"https:\/\/all-car-news.com\/fr\/\",\"name\":\"All cars news\",\"description\":\"\",\"publisher\":{\"@id\":\"https:\/\/all-car-news.com\/fr\/#organization\"},\"potentialAction\":[{\"@type\":\"SearchAction\",\"target\":{\"@type\":\"EntryPoint\",\"urlTemplate\":\"https:\/\/all-car-news.com\/fr\/?s={search_term_string}\"},\"query-input\":\"required name=search_term_string\"}],\"inLanguage\":\"fr-FR\"},{\"@type\":\"Organization\",\"@id\":\"https:\/\/all-car-news.com\/fr\/#organization\",\"name\":\"All cars news\",\"url\":\"https:\/\/all-car-news.com\/fr\/\",\"logo\":{\"@type\":\"ImageObject\",\"inLanguage\":\"fr-FR\",\"@id\":\"https:\/\/all-car-news.com\/fr\/#\/schema\/logo\/image\/\",\"url\":\"https:\/\/all-car-news.com\/wp-content\/uploads\/2022\/02\/CMYK-AllCarNews_LANDSCAPE_300px-1.png\",\"contentUrl\":\"https:\/\/all-car-news.com\/wp-content\/uploads\/2022\/02\/CMYK-AllCarNews_LANDSCAPE_300px-1.png\",\"width\":300,\"height\":100,\"caption\":\"All cars news\"},\"image\":{\"@id\":\"https:\/\/all-car-news.com\/fr\/#\/schema\/logo\/image\/\"}}]}<\/script>\n<!-- \/ Yoast SEO plugin. -->","yoast_head_json":{"title":"Psst, ces groupes motopropulseurs \u00e9quipent le MINI Countryman \u00e9lectrique - All cars news","robots":{"index":"index","follow":"follow","max-snippet":"max-snippet:-1","max-image-preview":"max-image-preview:large","max-video-preview":"max-video-preview:-1"},"canonical":"https:\/\/all-car-news.com\/fr\/psst-ces-groupes-motopropulseurs-equipent-le-mini-countryman-electrique\/","og_locale":"fr_FR","og_type":"article","og_title":"Psst, ces groupes motopropulseurs \u00e9quipent le MINI Countryman \u00e9lectrique - All cars news","og_description":"Deux versions \u00e9lectriques du MINI Countryman La nouvelle g\u00e9n\u00e9ration du MINI Countryman sera enti\u00e8rement \u00e9lectrique. Cela ne vous surprendra pas. Mais le fait que la MINI soit propos\u00e9e avec deux groupes motopropulseurs est une nouvelle information. La version de base - baptis\u00e9e MINI Countryman E - est dot\u00e9e d'un groupe motopropulseur d'une puissance de 191 ch (140 kW). Il y aura \u00e9galement une variante avec [...]","og_url":"https:\/\/all-car-news.com\/fr\/psst-ces-groupes-motopropulseurs-equipent-le-mini-countryman-electrique\/","og_site_name":"All cars news","article_published_time":"2023-04-06T10:05:23+00:00","og_image":[{"url":"https:\/\/autorai.nl\/wp-content\/uploads\/2023\/04\/mini-countryman-elektrisch-prototype-2023-foto34-1140x760.jpg"}],"twitter_card":"summary_large_image","twitter_misc":{"Dur\u00e9e de lecture estim\u00e9e":"2 minutes"},"schema":{"@context":"https:\/\/schema.org","@graph":[{"@type":"Article","@id":"https:\/\/all-car-news.com\/fr\/psst-ces-groupes-motopropulseurs-equipent-le-mini-countryman-electrique\/#article","isPartOf":{"@id":"https:\/\/all-car-news.com\/fr\/psst-ces-groupes-motopropulseurs-equipent-le-mini-countryman-electrique\/"},"author":{"name":"","@id":""},"headline":"Psst, ces groupes motopropulseurs \u00e9quipent le MINI Countryman \u00e9lectrique","datePublished":"2023-04-06T10:05:23+00:00","dateModified":"2023-04-06T10:05:23+00:00","mainEntityOfPage":{"@id":"https:\/\/all-car-news.com\/fr\/psst-ces-groupes-motopropulseurs-equipent-le-mini-countryman-electrique\/"},"wordCount":455,"publisher":{"@id":"https:\/\/all-car-news.com\/fr\/#organization"},"articleSection":["nouvelles de voiture"],"inLanguage":"fr-FR"},{"@type":"WebPage","@id":"https:\/\/all-car-news.com\/fr\/psst-ces-groupes-motopropulseurs-equipent-le-mini-countryman-electrique\/","url":"https:\/\/all-car-news.com\/fr\/psst-ces-groupes-motopropulseurs-equipent-le-mini-countryman-electrique\/","name":"Psst, ces groupes motopropulseurs \u00e9quipent le MINI Countryman \u00e9lectrique - All cars news","isPartOf":{"@id":"https:\/\/all-car-news.com\/fr\/#website"},"datePublished":"2023-04-06T10:05:23+00:00","dateModified":"2023-04-06T10:05:23+00:00","breadcrumb":{"@id":"https:\/\/all-car-news.com\/fr\/psst-ces-groupes-motopropulseurs-equipent-le-mini-countryman-electrique\/#breadcrumb"},"inLanguage":"fr-FR","potentialAction":[{"@type":"ReadAction","target":["https:\/\/all-car-news.com\/fr\/psst-ces-groupes-motopropulseurs-equipent-le-mini-countryman-electrique\/"]}]},{"@type":"BreadcrumbList","@id":"https:\/\/all-car-news.com\/fr\/psst-ces-groupes-motopropulseurs-equipent-le-mini-countryman-electrique\/#breadcrumb","itemListElement":[{"@type":"ListItem","position":1,"name":"Home","item":"https:\/\/all-car-news.com\/fr\/"},{"@type":"ListItem","position":2,"name":"Psst, ces groupes motopropulseurs \u00e9quipent le MINI Countryman \u00e9lectrique"}]},{"@type":"WebSite","@id":"https:\/\/all-car-news.com\/fr\/#website","url":"https:\/\/all-car-news.com\/fr\/","name":"All cars news","description":"","publisher":{"@id":"https:\/\/all-car-news.com\/fr\/#organization"},"potentialAction":[{"@type":"SearchAction","target":{"@type":"EntryPoint","urlTemplate":"https:\/\/all-car-news.com\/fr\/?s={search_term_string}"},"query-input":"required name=search_term_string"}],"inLanguage":"fr-FR"},{"@type":"Organization","@id":"https:\/\/all-car-news.com\/fr\/#organization","name":"All cars news","url":"https:\/\/all-car-news.com\/fr\/","logo":{"@type":"ImageObject","inLanguage":"fr-FR","@id":"https:\/\/all-car-news.com\/fr\/#\/schema\/logo\/image\/","url":"https:\/\/all-car-news.com\/wp-content\/uploads\/2022\/02\/CMYK-AllCarNews_LANDSCAPE_300px-1.png","contentUrl":"https:\/\/all-car-news.com\/wp-content\/uploads\/2022\/02\/CMYK-AllCarNews_LANDSCAPE_300px-1.png","width":300,"height":100,"caption":"All cars news"},"image":{"@id":"https:\/\/all-car-news.com\/fr\/#\/schema\/logo\/image\/"}}]}},"_links":{"self":[{"href":"https:\/\/all-car-news.com\/fr\/wp-json\/wp\/v2\/posts\/134149","targetHints":{"allow":["GET"]}}],"collection":[{"href":"https:\/\/all-car-news.com\/fr\/wp-json\/wp\/v2\/posts"}],"about":[{"href":"https:\/\/all-car-news.com\/fr\/wp-json\/wp\/v2\/types\/post"}],"replies":[{"embeddable":true,"href":"https:\/\/all-car-news.com\/fr\/wp-json\/wp\/v2\/comments?post=134149"}],"version-history":[{"count":0,"href":"https:\/\/all-car-news.com\/fr\/wp-json\/wp\/v2\/posts\/134149\/revisions"}],"wp:featuredmedia":[{"embeddable":true,"href":"https:\/\/all-car-news.com\/fr\/wp-json\/wp\/v2\/media\/134109"}],"wp:attachment":[{"href":"https:\/\/all-car-news.com\/fr\/wp-json\/wp\/v2\/media?parent=134149"}],"wp:term":[{"taxonomy":"category","embeddable":true,"href":"https:\/\/all-car-news.com\/fr\/wp-json\/wp\/v2\/categories?post=134149"},{"taxonomy":"post_tag","embeddable":true,"href":"https:\/\/all-car-news.com\/fr\/wp-json\/wp\/v2\/tags?post=134149"}],"curies":[{"name":"wp","href":"https:\/\/api.w.org\/{rel}","templated":true}]}}