{"id":133765,"date":"2023-03-29T14:47:00","date_gmt":"2023-03-29T14:47:00","guid":{"rendered":"https:\/\/all-car-news.com\/seuls-20-exemplaires-de-cette-volkswagen-cabrio-seront-commercialises-aux-pays-bas\/"},"modified":"2023-03-29T14:47:00","modified_gmt":"2023-03-29T14:47:00","slug":"seuls-20-exemplaires-de-cette-volkswagen-cabrio-seront-commercialises-aux-pays-bas","status":"publish","type":"post","link":"https:\/\/all-car-news.com\/fr\/seuls-20-exemplaires-de-cette-volkswagen-cabrio-seront-commercialises-aux-pays-bas\/","title":{"rendered":"Seuls 20 exemplaires de cette Volkswagen Cabrio seront commercialis\u00e9s aux Pays-Bas."},"content":{"rendered":"<h2>Volkswagen T-Roc Cabriolet<\/h2>\n<p>Il n&rsquo;est pas question de cinquante nuances de gris. Volkswagen ne fournit qu&rsquo;une seule teinte : le gris indium mat. Le Volkswagen T-Roc Cabrio R-Line \u00ab\u00a0Edition Grey\u00a0\u00bb a des accents noirs en plus de cette couleur grise. Les exemples incluent la capote, les jantes en alliage \u00ab\u00a0Suzuka\u00a0\u00bb de 19 pouces et les coques de r\u00e9troviseurs ext\u00e9rieurs noires. Associ\u00e9s au design ext\u00e9rieur R-Line, ils soulignent l&rsquo;exclusivit\u00e9 et la sportivit\u00e9 de cette voiture ouverte \u00e0 quatre places.&nbsp;<\/p>\n<h2>Equipement du T-Roc Cabrio R-Line \u00ab\u00a0Edition Grey<\/h2>\n<p>Le T-Roc Cabrio R-Line \u00ab\u00a0Edition Grey\u00a0\u00bb est \u00e9quip\u00e9 d&rsquo;une climatisation automatique \u00e0 deux zones et d&rsquo;un Digital Cockpit de 26 centim\u00e8tres. L'\u00a0\u00bbEdition Grey\u00a0\u00bb est \u00e9galement \u00e9quip\u00e9e de phares matriciels \u00e0 LED (IQ.Light), du Travel Assist (y compris le r\u00e9gulateur de vitesse adaptatif), du syst\u00e8me de navigation \u00ab\u00a0Discover Pro\u00a0\u00bb (23,4 cm), du syst\u00e8me audio haut de gamme Beats, d&rsquo;une cam\u00e9ra de recul (Rear View), du chargement sans fil des smartphones (Wireless Charging), de si\u00e8ges avant chauffants et d&rsquo;un volant chauffant, du syst\u00e8me de verrouillage et de d\u00e9marrage sans cl\u00e9 \u00ab\u00a0Keyless Access\u00a0\u00bb et du capteur d&rsquo;angle mort \u00ab\u00a0Side Assist\u00a0\u00bb.<\/p>\n<h2>Variante de moteur<\/h2>\n<p>Cette \u00e9dition limit\u00e9e de la Volkswagen T-Roc Cabrio est uniquement disponible avec le moteur 1.5 TSI de 110 kW\/150 ch et la bo\u00eete de vitesses automatique DSG. \u00c7a co\u00fbte \u00e7a ? Minimum 58 490 euros. Seulement 20 pi\u00e8ces pour les Pays-Bas, alors n&rsquo;attendez pas trop longtemps.<\/p>\n<div class=\"galery galery-0\">\n<figure>\n\t\t\t\t\t<span style=\"cursor: pointer\" data-src=\"https:\/\/autorai.nl\/wp-content\/uploads\/2023\/03\/volkswagen-t-roc-cabrio-r-line-edition-grey-foto11-1600x1068.jpg\" data-fancybox=\"galery-0\" title=\"\"><br \/>\n\t\t\t\t\t\t\t<img decoding=\"async\" width=\"360\" height=\"270\" src=\"https:\/\/autorai.nl\/wp-content\/uploads\/2023\/03\/volkswagen-t-roc-cabrio-r-line-edition-grey-foto11-360x270.jpg\" class=\"attachment-small size-small\" alt=\"\" loading=\"lazy\"><i class=\"fa fa-search-plus\" aria-hidden=\"true\"><\/i><br \/>\n\t\t\t\t\t\t<\/span><br \/>\n\t\t\t\t\t<\/figure>\n<figure>\n\t\t\t\t\t<span style=\"cursor: pointer\" data-src=\"https:\/\/autorai.nl\/wp-content\/uploads\/2023\/03\/volkswagen-t-roc-cabrio-r-line-edition-grey-foto9-1600x1068.jpg\" data-fancybox=\"galery-0\" title=\"\"><br \/>\n\t\t\t\t\t\t\t<img decoding=\"async\" width=\"360\" height=\"270\" src=\"https:\/\/autorai.nl\/wp-content\/uploads\/2023\/03\/volkswagen-t-roc-cabrio-r-line-edition-grey-foto9-360x270.jpg\" class=\"attachment-small size-small\" alt=\"\" loading=\"lazy\"><i class=\"fa fa-search-plus\" aria-hidden=\"true\"><\/i><br \/>\n\t\t\t\t\t\t<\/span><br \/>\n\t\t\t\t\t<\/figure>\n<figure>\n\t\t\t\t\t<span style=\"cursor: pointer\" data-src=\"https:\/\/autorai.nl\/wp-content\/uploads\/2023\/03\/volkswagen-t-roc-cabrio-r-line-edition-grey-foto8-1600x1068.jpg\" data-fancybox=\"galery-0\" title=\"\"><br \/>\n\t\t\t\t\t\t\t<img decoding=\"async\" width=\"360\" height=\"270\" src=\"https:\/\/autorai.nl\/wp-content\/uploads\/2023\/03\/volkswagen-t-roc-cabrio-r-line-edition-grey-foto8-360x270.jpg\" class=\"attachment-small size-small\" alt=\"\" loading=\"lazy\"><i class=\"fa fa-search-plus\" aria-hidden=\"true\"><\/i><br \/>\n\t\t\t\t\t\t<\/span><br \/>\n\t\t\t\t\t<\/figure>\n<figure>\n\t\t\t\t\t<span style=\"cursor: pointer\" data-src=\"https:\/\/autorai.nl\/wp-content\/uploads\/2023\/03\/volkswagen-t-roc-cabrio-r-line-edition-grey-foto7-1600x1068.jpg\" data-fancybox=\"galery-0\" title=\"\"><br \/>\n\t\t\t\t\t\t\t<img decoding=\"async\" width=\"360\" height=\"270\" src=\"https:\/\/autorai.nl\/wp-content\/uploads\/2023\/03\/volkswagen-t-roc-cabrio-r-line-edition-grey-foto7-360x270.jpg\" class=\"attachment-small size-small\" alt=\"\" loading=\"lazy\"><i class=\"fa fa-search-plus\" aria-hidden=\"true\"><\/i><br \/>\n\t\t\t\t\t\t<\/span><br \/>\n\t\t\t\t\t<\/figure>\n<figure>\n\t\t\t\t\t<span style=\"cursor: pointer\" data-src=\"https:\/\/autorai.nl\/wp-content\/uploads\/2023\/03\/volkswagen-t-roc-cabrio-r-line-edition-grey-foto6-1600x1068.jpg\" data-fancybox=\"galery-0\" title=\"\"><br \/>\n\t\t\t\t\t\t\t<img decoding=\"async\" width=\"360\" height=\"270\" src=\"https:\/\/autorai.nl\/wp-content\/uploads\/2023\/03\/volkswagen-t-roc-cabrio-r-line-edition-grey-foto6-360x270.jpg\" class=\"attachment-small size-small\" alt=\"\" loading=\"lazy\"><i class=\"fa fa-search-plus\" aria-hidden=\"true\"><\/i><br \/>\n\t\t\t\t\t\t<\/span><br \/>\n\t\t\t\t\t<\/figure>\n<figure>\n\t\t\t\t\t<span style=\"cursor: pointer\" data-src=\"https:\/\/autorai.nl\/wp-content\/uploads\/2023\/03\/volkswagen-t-roc-cabrio-r-line-edition-grey-foto5-1600x1068.jpg\" data-fancybox=\"galery-0\" title=\"\"><br \/>\n\t\t\t\t\t\t\t<img decoding=\"async\" width=\"360\" height=\"270\" src=\"https:\/\/autorai.nl\/wp-content\/uploads\/2023\/03\/volkswagen-t-roc-cabrio-r-line-edition-grey-foto5-360x270.jpg\" class=\"attachment-small size-small\" alt=\"\" loading=\"lazy\"><i class=\"fa fa-search-plus\" aria-hidden=\"true\"><\/i><br \/>\n\t\t\t\t\t\t<\/span><br \/>\n\t\t\t\t\t<\/figure>\n<figure>\n\t\t\t\t\t<span style=\"cursor: pointer\" data-src=\"https:\/\/autorai.nl\/wp-content\/uploads\/2023\/03\/volkswagen-t-roc-cabrio-r-line-edition-grey-foto4-1600x1068.jpg\" data-fancybox=\"galery-0\" title=\"\"><br \/>\n\t\t\t\t\t\t\t<img decoding=\"async\" width=\"360\" height=\"270\" src=\"https:\/\/autorai.nl\/wp-content\/uploads\/2023\/03\/volkswagen-t-roc-cabrio-r-line-edition-grey-foto4-360x270.jpg\" class=\"attachment-small size-small\" alt=\"\" loading=\"lazy\"><i class=\"fa fa-search-plus\" aria-hidden=\"true\"><\/i><br \/>\n\t\t\t\t\t\t<\/span><br \/>\n\t\t\t\t\t<\/figure>\n<figure>\n\t\t\t\t\t<span style=\"cursor: pointer\" data-src=\"https:\/\/autorai.nl\/wp-content\/uploads\/2023\/03\/volkswagen-t-roc-cabrio-r-line-edition-grey-foto3-1600x1068.jpg\" data-fancybox=\"galery-0\" title=\"\"><br \/>\n\t\t\t\t\t\t\t<img decoding=\"async\" width=\"360\" height=\"270\" src=\"https:\/\/autorai.nl\/wp-content\/uploads\/2023\/03\/volkswagen-t-roc-cabrio-r-line-edition-grey-foto3-360x270.jpg\" class=\"attachment-small size-small\" alt=\"\" loading=\"lazy\"><i class=\"fa fa-search-plus\" aria-hidden=\"true\"><\/i><br \/>\n\t\t\t\t\t\t<\/span><br \/>\n\t\t\t\t\t<\/figure>\n<figure>\n\t\t\t\t\t<span style=\"cursor: pointer\" data-src=\"https:\/\/autorai.nl\/wp-content\/uploads\/2023\/03\/volkswagen-t-roc-cabrio-r-line-edition-grey-foto2-1600x1068.jpg\" data-fancybox=\"galery-0\" title=\"\"><br \/>\n\t\t\t\t\t\t\t<img decoding=\"async\" width=\"360\" height=\"270\" src=\"https:\/\/autorai.nl\/wp-content\/uploads\/2023\/03\/volkswagen-t-roc-cabrio-r-line-edition-grey-foto2-360x270.jpg\" class=\"attachment-small size-small\" alt=\"\" loading=\"lazy\"><i class=\"fa fa-search-plus\" aria-hidden=\"true\"><\/i><br \/>\n\t\t\t\t\t\t<\/span><br \/>\n\t\t\t\t\t<\/figure>\n<figure>\n\t\t\t\t\t<span style=\"cursor: pointer\" data-src=\"https:\/\/autorai.nl\/wp-content\/uploads\/2023\/03\/volkswagen-t-roc-cabrio-r-line-edition-grey-foto1-1600x900.jpg\" data-fancybox=\"galery-0\" title=\"\"><br \/>\n\t\t\t\t\t\t\t<img decoding=\"async\" width=\"360\" height=\"270\" src=\"https:\/\/autorai.nl\/wp-content\/uploads\/2023\/03\/volkswagen-t-roc-cabrio-r-line-edition-grey-foto1-360x270.jpg\" class=\"attachment-small size-small\" alt=\"\" loading=\"lazy\"><i class=\"fa fa-search-plus\" aria-hidden=\"true\"><\/i><br \/>\n\t\t\t\t\t\t<\/span><br \/>\n\t\t\t\t\t<\/figure>\n<div class=\"clear\"><\/div>\n<\/div>\n<p><a href=\"https:\/\/content.presspage.com\/uploads\/1397\/2e8887e6-3e1b-4e98-9410-2b098c6e3a2b\/800_db2022au00951-large.jpg?10000\"><br \/><\/a><\/p>\n","protected":false},"excerpt":{"rendered":"Volkswagen T-Roc Cabrio Il n'est pas question de cinquante nuances de gris. Volkswagen ne fournit qu'une seule teinte : le\u2026","protected":false},"author":0,"featured_media":133670,"comment_status":"","ping_status":"open","sticky":false,"template":"","format":"standard","meta":{"footnotes":""},"categories":[127],"tags":[],"class_list":["post-133765","post","type-post","status-publish","format-standard","has-post-thumbnail","hentry","category-nouvelles-de-voiture"],"acf":[],"yoast_head":"<!-- This site is optimized with the Yoast SEO plugin v21.2 - https:\/\/yoast.com\/wordpress\/plugins\/seo\/ -->\n<title>Seuls 20 exemplaires de cette Volkswagen Cabrio seront commercialis\u00e9s aux Pays-Bas. - All cars news<\/title>\n<meta name=\"robots\" content=\"index, follow, max-snippet:-1, max-image-preview:large, max-video-preview:-1\" \/>\n<link rel=\"canonical\" href=\"https:\/\/all-car-news.com\/fr\/seuls-20-exemplaires-de-cette-volkswagen-cabrio-seront-commercialises-aux-pays-bas\/\" \/>\n<meta property=\"og:locale\" content=\"fr_FR\" \/>\n<meta property=\"og:type\" content=\"article\" \/>\n<meta property=\"og:title\" content=\"Seuls 20 exemplaires de cette Volkswagen Cabrio seront commercialis\u00e9s aux Pays-Bas. - All cars news\" \/>\n<meta property=\"og:description\" content=\"Volkswagen T-Roc Cabrio Il n&#039;est pas question de cinquante nuances de gris. Volkswagen ne fournit qu&#039;une seule teinte : le gris indium mat. Le Volkswagen T-Roc Cabrio R-Line &quot;Edition Grey&quot; a des accents noirs en plus de cette couleur grise. Les exemples incluent la capote, les jantes en alliage &quot;Suzuka&quot; de 19 pouces et les coques de r\u00e9troviseurs ext\u00e9rieurs noires. Associ\u00e9s au design ext\u00e9rieur R-Line, ils soulignent l&#039;exclusivit\u00e9 [...]\" \/>\n<meta property=\"og:url\" content=\"https:\/\/all-car-news.com\/fr\/seuls-20-exemplaires-de-cette-volkswagen-cabrio-seront-commercialises-aux-pays-bas\/\" \/>\n<meta property=\"og:site_name\" content=\"All cars news\" \/>\n<meta property=\"article:published_time\" content=\"2023-03-29T14:47:00+00:00\" \/>\n<meta property=\"og:image\" content=\"https:\/\/autorai.nl\/wp-content\/uploads\/2023\/03\/volkswagen-t-roc-cabrio-r-line-edition-grey-foto11-360x270.jpg\" \/>\n<meta name=\"twitter:card\" content=\"summary_large_image\" \/>\n<meta name=\"twitter:label1\" content=\"Dur\u00e9e de lecture estim\u00e9e\" \/>\n\t<meta name=\"twitter:data1\" content=\"1 minute\" \/>\n<script type=\"application\/ld+json\" class=\"yoast-schema-graph\">{\"@context\":\"https:\/\/schema.org\",\"@graph\":[{\"@type\":\"Article\",\"@id\":\"https:\/\/all-car-news.com\/fr\/seuls-20-exemplaires-de-cette-volkswagen-cabrio-seront-commercialises-aux-pays-bas\/#article\",\"isPartOf\":{\"@id\":\"https:\/\/all-car-news.com\/fr\/seuls-20-exemplaires-de-cette-volkswagen-cabrio-seront-commercialises-aux-pays-bas\/\"},\"author\":{\"name\":\"\",\"@id\":\"\"},\"headline\":\"Seuls 20 exemplaires de cette Volkswagen Cabrio seront commercialis\u00e9s aux Pays-Bas.\",\"datePublished\":\"2023-03-29T14:47:00+00:00\",\"dateModified\":\"2023-03-29T14:47:00+00:00\",\"mainEntityOfPage\":{\"@id\":\"https:\/\/all-car-news.com\/fr\/seuls-20-exemplaires-de-cette-volkswagen-cabrio-seront-commercialises-aux-pays-bas\/\"},\"wordCount\":249,\"publisher\":{\"@id\":\"https:\/\/all-car-news.com\/fr\/#organization\"},\"articleSection\":[\"nouvelles de voiture\"],\"inLanguage\":\"fr-FR\"},{\"@type\":\"WebPage\",\"@id\":\"https:\/\/all-car-news.com\/fr\/seuls-20-exemplaires-de-cette-volkswagen-cabrio-seront-commercialises-aux-pays-bas\/\",\"url\":\"https:\/\/all-car-news.com\/fr\/seuls-20-exemplaires-de-cette-volkswagen-cabrio-seront-commercialises-aux-pays-bas\/\",\"name\":\"Seuls 20 exemplaires de cette Volkswagen Cabrio seront commercialis\u00e9s aux Pays-Bas. - All cars news\",\"isPartOf\":{\"@id\":\"https:\/\/all-car-news.com\/fr\/#website\"},\"datePublished\":\"2023-03-29T14:47:00+00:00\",\"dateModified\":\"2023-03-29T14:47:00+00:00\",\"breadcrumb\":{\"@id\":\"https:\/\/all-car-news.com\/fr\/seuls-20-exemplaires-de-cette-volkswagen-cabrio-seront-commercialises-aux-pays-bas\/#breadcrumb\"},\"inLanguage\":\"fr-FR\",\"potentialAction\":[{\"@type\":\"ReadAction\",\"target\":[\"https:\/\/all-car-news.com\/fr\/seuls-20-exemplaires-de-cette-volkswagen-cabrio-seront-commercialises-aux-pays-bas\/\"]}]},{\"@type\":\"BreadcrumbList\",\"@id\":\"https:\/\/all-car-news.com\/fr\/seuls-20-exemplaires-de-cette-volkswagen-cabrio-seront-commercialises-aux-pays-bas\/#breadcrumb\",\"itemListElement\":[{\"@type\":\"ListItem\",\"position\":1,\"name\":\"Home\",\"item\":\"https:\/\/all-car-news.com\/fr\/\"},{\"@type\":\"ListItem\",\"position\":2,\"name\":\"Seuls 20 exemplaires de cette Volkswagen Cabrio seront commercialis\u00e9s aux Pays-Bas.\"}]},{\"@type\":\"WebSite\",\"@id\":\"https:\/\/all-car-news.com\/fr\/#website\",\"url\":\"https:\/\/all-car-news.com\/fr\/\",\"name\":\"All cars news\",\"description\":\"\",\"publisher\":{\"@id\":\"https:\/\/all-car-news.com\/fr\/#organization\"},\"potentialAction\":[{\"@type\":\"SearchAction\",\"target\":{\"@type\":\"EntryPoint\",\"urlTemplate\":\"https:\/\/all-car-news.com\/fr\/?s={search_term_string}\"},\"query-input\":\"required name=search_term_string\"}],\"inLanguage\":\"fr-FR\"},{\"@type\":\"Organization\",\"@id\":\"https:\/\/all-car-news.com\/fr\/#organization\",\"name\":\"All cars news\",\"url\":\"https:\/\/all-car-news.com\/fr\/\",\"logo\":{\"@type\":\"ImageObject\",\"inLanguage\":\"fr-FR\",\"@id\":\"https:\/\/all-car-news.com\/fr\/#\/schema\/logo\/image\/\",\"url\":\"https:\/\/all-car-news.com\/wp-content\/uploads\/2022\/02\/CMYK-AllCarNews_LANDSCAPE_300px-1.png\",\"contentUrl\":\"https:\/\/all-car-news.com\/wp-content\/uploads\/2022\/02\/CMYK-AllCarNews_LANDSCAPE_300px-1.png\",\"width\":300,\"height\":100,\"caption\":\"All cars news\"},\"image\":{\"@id\":\"https:\/\/all-car-news.com\/fr\/#\/schema\/logo\/image\/\"}}]}<\/script>\n<!-- \/ Yoast SEO plugin. -->","yoast_head_json":{"title":"Seuls 20 exemplaires de cette Volkswagen Cabrio seront commercialis\u00e9s aux Pays-Bas. - All cars news","robots":{"index":"index","follow":"follow","max-snippet":"max-snippet:-1","max-image-preview":"max-image-preview:large","max-video-preview":"max-video-preview:-1"},"canonical":"https:\/\/all-car-news.com\/fr\/seuls-20-exemplaires-de-cette-volkswagen-cabrio-seront-commercialises-aux-pays-bas\/","og_locale":"fr_FR","og_type":"article","og_title":"Seuls 20 exemplaires de cette Volkswagen Cabrio seront commercialis\u00e9s aux Pays-Bas. - All cars news","og_description":"Volkswagen T-Roc Cabrio Il n'est pas question de cinquante nuances de gris. Volkswagen ne fournit qu'une seule teinte : le gris indium mat. Le Volkswagen T-Roc Cabrio R-Line \"Edition Grey\" a des accents noirs en plus de cette couleur grise. Les exemples incluent la capote, les jantes en alliage \"Suzuka\" de 19 pouces et les coques de r\u00e9troviseurs ext\u00e9rieurs noires. Associ\u00e9s au design ext\u00e9rieur R-Line, ils soulignent l'exclusivit\u00e9 [...]","og_url":"https:\/\/all-car-news.com\/fr\/seuls-20-exemplaires-de-cette-volkswagen-cabrio-seront-commercialises-aux-pays-bas\/","og_site_name":"All cars news","article_published_time":"2023-03-29T14:47:00+00:00","og_image":[{"url":"https:\/\/autorai.nl\/wp-content\/uploads\/2023\/03\/volkswagen-t-roc-cabrio-r-line-edition-grey-foto11-360x270.jpg"}],"twitter_card":"summary_large_image","twitter_misc":{"Dur\u00e9e de lecture estim\u00e9e":"1 minute"},"schema":{"@context":"https:\/\/schema.org","@graph":[{"@type":"Article","@id":"https:\/\/all-car-news.com\/fr\/seuls-20-exemplaires-de-cette-volkswagen-cabrio-seront-commercialises-aux-pays-bas\/#article","isPartOf":{"@id":"https:\/\/all-car-news.com\/fr\/seuls-20-exemplaires-de-cette-volkswagen-cabrio-seront-commercialises-aux-pays-bas\/"},"author":{"name":"","@id":""},"headline":"Seuls 20 exemplaires de cette Volkswagen Cabrio seront commercialis\u00e9s aux Pays-Bas.","datePublished":"2023-03-29T14:47:00+00:00","dateModified":"2023-03-29T14:47:00+00:00","mainEntityOfPage":{"@id":"https:\/\/all-car-news.com\/fr\/seuls-20-exemplaires-de-cette-volkswagen-cabrio-seront-commercialises-aux-pays-bas\/"},"wordCount":249,"publisher":{"@id":"https:\/\/all-car-news.com\/fr\/#organization"},"articleSection":["nouvelles de voiture"],"inLanguage":"fr-FR"},{"@type":"WebPage","@id":"https:\/\/all-car-news.com\/fr\/seuls-20-exemplaires-de-cette-volkswagen-cabrio-seront-commercialises-aux-pays-bas\/","url":"https:\/\/all-car-news.com\/fr\/seuls-20-exemplaires-de-cette-volkswagen-cabrio-seront-commercialises-aux-pays-bas\/","name":"Seuls 20 exemplaires de cette Volkswagen Cabrio seront commercialis\u00e9s aux Pays-Bas. - All cars news","isPartOf":{"@id":"https:\/\/all-car-news.com\/fr\/#website"},"datePublished":"2023-03-29T14:47:00+00:00","dateModified":"2023-03-29T14:47:00+00:00","breadcrumb":{"@id":"https:\/\/all-car-news.com\/fr\/seuls-20-exemplaires-de-cette-volkswagen-cabrio-seront-commercialises-aux-pays-bas\/#breadcrumb"},"inLanguage":"fr-FR","potentialAction":[{"@type":"ReadAction","target":["https:\/\/all-car-news.com\/fr\/seuls-20-exemplaires-de-cette-volkswagen-cabrio-seront-commercialises-aux-pays-bas\/"]}]},{"@type":"BreadcrumbList","@id":"https:\/\/all-car-news.com\/fr\/seuls-20-exemplaires-de-cette-volkswagen-cabrio-seront-commercialises-aux-pays-bas\/#breadcrumb","itemListElement":[{"@type":"ListItem","position":1,"name":"Home","item":"https:\/\/all-car-news.com\/fr\/"},{"@type":"ListItem","position":2,"name":"Seuls 20 exemplaires de cette Volkswagen Cabrio seront commercialis\u00e9s aux Pays-Bas."}]},{"@type":"WebSite","@id":"https:\/\/all-car-news.com\/fr\/#website","url":"https:\/\/all-car-news.com\/fr\/","name":"All cars news","description":"","publisher":{"@id":"https:\/\/all-car-news.com\/fr\/#organization"},"potentialAction":[{"@type":"SearchAction","target":{"@type":"EntryPoint","urlTemplate":"https:\/\/all-car-news.com\/fr\/?s={search_term_string}"},"query-input":"required name=search_term_string"}],"inLanguage":"fr-FR"},{"@type":"Organization","@id":"https:\/\/all-car-news.com\/fr\/#organization","name":"All cars news","url":"https:\/\/all-car-news.com\/fr\/","logo":{"@type":"ImageObject","inLanguage":"fr-FR","@id":"https:\/\/all-car-news.com\/fr\/#\/schema\/logo\/image\/","url":"https:\/\/all-car-news.com\/wp-content\/uploads\/2022\/02\/CMYK-AllCarNews_LANDSCAPE_300px-1.png","contentUrl":"https:\/\/all-car-news.com\/wp-content\/uploads\/2022\/02\/CMYK-AllCarNews_LANDSCAPE_300px-1.png","width":300,"height":100,"caption":"All cars news"},"image":{"@id":"https:\/\/all-car-news.com\/fr\/#\/schema\/logo\/image\/"}}]}},"_links":{"self":[{"href":"https:\/\/all-car-news.com\/fr\/wp-json\/wp\/v2\/posts\/133765","targetHints":{"allow":["GET"]}}],"collection":[{"href":"https:\/\/all-car-news.com\/fr\/wp-json\/wp\/v2\/posts"}],"about":[{"href":"https:\/\/all-car-news.com\/fr\/wp-json\/wp\/v2\/types\/post"}],"replies":[{"embeddable":true,"href":"https:\/\/all-car-news.com\/fr\/wp-json\/wp\/v2\/comments?post=133765"}],"version-history":[{"count":0,"href":"https:\/\/all-car-news.com\/fr\/wp-json\/wp\/v2\/posts\/133765\/revisions"}],"wp:featuredmedia":[{"embeddable":true,"href":"https:\/\/all-car-news.com\/fr\/wp-json\/wp\/v2\/media\/133670"}],"wp:attachment":[{"href":"https:\/\/all-car-news.com\/fr\/wp-json\/wp\/v2\/media?parent=133765"}],"wp:term":[{"taxonomy":"category","embeddable":true,"href":"https:\/\/all-car-news.com\/fr\/wp-json\/wp\/v2\/categories?post=133765"},{"taxonomy":"post_tag","embeddable":true,"href":"https:\/\/all-car-news.com\/fr\/wp-json\/wp\/v2\/tags?post=133765"}],"curies":[{"name":"wp","href":"https:\/\/api.w.org\/{rel}","templated":true}]}}