{"id":133738,"date":"2023-03-29T09:01:00","date_gmt":"2023-03-29T09:01:00","guid":{"rendered":"https:\/\/all-car-news.com\/118-collector-cet-autrichien-possede-des-centaines-de-voitures\/"},"modified":"2023-03-29T09:01:00","modified_gmt":"2023-03-29T09:01:00","slug":"118-collector-cet-autrichien-possede-des-centaines-de-voitures","status":"publish","type":"post","link":"https:\/\/all-car-news.com\/fr\/118-collector-cet-autrichien-possede-des-centaines-de-voitures\/","title":{"rendered":"118.Collector : cet Autrichien poss\u00e8de des centaines de voitures"},"content":{"rendered":"<h2>Des millions d&rsquo;euros, ou pas du tout ?<\/h2>\n<p>Une Nissan Skyline R34, une Lamborghini Aventador SVJ, une Porsche 911 GT2 RS, une Ferrari 812 Superfast Novitec N-Largo, une Bugatti Chiron Super Sport, une Porsche 911 GT3 et aussi plusieurs Nissan GT-R, 118.Collector a une collection \u00e0 vous mettre l&rsquo;eau \u00e0 la bouche. Qu&rsquo;est-ce que tout cela ne co\u00fbte pas ? Quelques centaines d&rsquo;euros. R\u00e9p\u00e9ter ? Oui, vous avez bien lu. En effet, les voitures de cette collection sont toutes \u00e0 l&rsquo;\u00e9chelle 1:18.<\/p>\n<h2>Pas de doigts gras<\/h2>\n<p>Typique pour <a href=\"https:\/\/www.instagram.com\/118.collector\/\" target=\"_blank\" rel=\"noreferrer noopener\"><br \/>\n  <strong>118.Collecteur<\/strong><br \/>\n<\/a>? Un garage aux lignes \u00e9pur\u00e9es avec un sol en marbre et les incontournables gants noirs, parce que laisser ses doigts gras sur des voitures exclusives est, bien s\u00fbr, un p\u00e9ch\u00e9 mortel. L&rsquo;Instagrammeur parvient \u00e0 repr\u00e9senter les voitures de mani\u00e8re parfaite sur les m\u00e9dias sociaux, vous donnant l&rsquo;impression, en tant que spectateur, qu&rsquo;il s&rsquo;agit d&rsquo;une vraie voiture.<\/p>\n<figure class=\"wp-block-image size-content\"><img decoding=\"async\" loading=\"lazy\" width=\"1140\" height=\"713\" src=\"https:\/\/autorai.nl\/wp-content\/uploads\/2023\/04\/118-collector-artikel-foto7-1140x713.jpg\" alt=\"118.Collecteur\" class=\"wp-image-154893\"><\/figure>\n<h2>Atelier<\/h2>\n<p>Parfois, les mod\u00e8les r\u00e9duits posent \u00e0 l&rsquo;ext\u00e9rieur, mais plus souvent encore, les voitures se trouvent dans l&rsquo;atelier de 118.Collector, o\u00f9 m\u00eame tous les outils sont r\u00e9alis\u00e9s \u00e0 l&rsquo;\u00e9chelle. R\u00e9paration d&rsquo;une jante sur une Mercedes-Maybach Classe S ? Bien s\u00fbr, il a une solution \u00e0 cela sous la forme d&rsquo;un mini-syst\u00e8me de changement de pneus.<\/p>\n<blockquote class=\"instagram-media\" data-instgrm-captioned=\"\" data-instgrm-permalink=\"https:\/\/www.instagram.com\/reel\/CqLaq84oq5-\/?utm_source=ig_embed&amp;utm_campaign=loading\" data-instgrm-version=\"14\" style=\"background:#FFF;border:0;border-radius:3px;margin: 1px;max-width:540px;min-width:326px;padding:0;width:99.375%;width:-webkit-calc(100% - 2px);width:calc(100% - 2px)\">\n<div style=\"padding:16px\"> <a href=\"https:\/\/www.instagram.com\/reel\/CqLaq84oq5-\/?utm_source=ig_embed&amp;utm_campaign=loading\" style=\"background:#FFFFFF;line-height:0;padding:0 0;text-align:center;text-decoration:none;width:100%\" target=\"_blank\" rel=\"noopener\"> <\/p>\n<div style=\"flex-direction: row;align-items: center\">\n<div style=\"background-color: #F4F4F4;border-radius: 50%;flex-grow: 0;height: 40px;margin-right: 14px;width: 40px\"><\/div>\n<div style=\"flex-direction: column;flex-grow: 1;justify-content: center\">\n<div style=\"background-color: #F4F4F4;border-radius: 4px;flex-grow: 0;height: 14px;margin-bottom: 6px;width: 100px\"><\/div>\n<div style=\"background-color: #F4F4F4;border-radius: 4px;flex-grow: 0;height: 14px;width: 60px\"><\/div>\n<\/div>\n<\/div>\n<div style=\"padding: 19% 0\"><\/div>\n<div style=\"height:50px;margin:0 auto 12px;width:50px\"><\/div>\n<div style=\"padding-top: 8px\">\n<div style=\"color:#3897f0;font-family:Arial,sans-serif;font-size:14px;font-style:normal;font-weight:550;line-height:18px\">Voir ce message sur Instagram<\/div>\n<\/div>\n<div style=\"padding: 12.5% 0\"><\/div>\n<div style=\"flex-direction: row;margin-bottom: 14px;align-items: center\">\n<div>\n<div style=\"background-color: #F4F4F4;border-radius: 50%;height: 12.5px;width: 12.5px\"><\/div>\n<div style=\"background-color: #F4F4F4;height: 12.5px;width: 12.5px;flex-grow: 0;margin-right: 14px;margin-left: 2px\"><\/div>\n<div style=\"background-color: #F4F4F4;border-radius: 50%;height: 12.5px;width: 12.5px\"><\/div>\n<\/div>\n<div style=\"margin-left: 8px\">\n<div style=\"background-color: #F4F4F4;border-radius: 50%;flex-grow: 0;height: 20px;width: 20px\"><\/div>\n<div style=\"width: 0;height: 0;border-top: 2px solid transparent;border-left: 6px solid #f4f4f4;border-bottom: 2px solid transparent\"><\/div>\n<\/div>\n<div style=\"margin-left: auto\">\n<div style=\"width: 0px;border-top: 8px solid #F4F4F4;border-right: 8px solid transparent\"><\/div>\n<div style=\"background-color: #F4F4F4;flex-grow: 0;height: 12px;width: 16px\"><\/div>\n<div style=\"width: 0;height: 0;border-top: 8px solid #F4F4F4;border-left: 8px solid transparent\"><\/div>\n<\/div>\n<\/div>\n<div style=\"flex-direction: column;flex-grow: 1;justify-content: center;margin-bottom: 24px\">\n<div style=\"background-color: #F4F4F4;border-radius: 4px;flex-grow: 0;height: 14px;margin-bottom: 6px;width: 224px\"><\/div>\n<div style=\"background-color: #F4F4F4;border-radius: 4px;flex-grow: 0;height: 14px;width: 144px\"><\/div>\n<\/div>\n<p><\/a><\/p>\n<p style=\"color:#c9c8cd;font-family:Arial,sans-serif;font-size:14px;line-height:17px;margin-bottom:0;margin-top:8px;overflow:hidden;padding:8px 0 7px;text-align:center\"><a href=\"https:\/\/www.instagram.com\/reel\/CqLaq84oq5-\/?utm_source=ig_embed&amp;utm_campaign=loading\" style=\"color:#c9c8cd;font-family:Arial,sans-serif;font-size:14px;font-style:normal;font-weight:normal;line-height:17px;text-decoration:none\" target=\"_blank\" rel=\"noopener\">A post shared by 118.COLLECTOR\u00a9 (@118.collector)<\/a><\/p>\n<\/div>\n<\/blockquote>\n<h2>Autrichien<\/h2>\n<p>L&rsquo;identit\u00e9 de la personne qui se cache derri\u00e8re 118.Collector reste secr\u00e8te. Le propri\u00e9taire autrichien de toute cette beaut\u00e9 pr\u00e9f\u00e8re rester dans l&rsquo;ombre et laisser ses voitures faire le travail. Apr\u00e8s tout, tout le monde a le droit de les voir. Nous avons bien s\u00fbr contact\u00e9 le 118.Collector, mais il pr\u00e9f\u00e8re laisser parler les voitures. Quoi qu&rsquo;il en soit, la visite de cette vaste collection de voitures en vaut vraiment la peine. En outre, c&rsquo;est un changement agr\u00e9able par rapport aux choses r\u00e9elles qui passent quotidiennement sur les m\u00e9dias sociaux. C&rsquo;est ce qu&rsquo;on appelle un angle original. Les spectateurs sont de plus en plus nombreux, car au moment de la r\u00e9daction de cet article, le passionn\u00e9 de miniatures compte d\u00e9j\u00e0 plus de 130 000 followers sur Instagram.<\/p>\n<p><span style=\"text-decoration: underline\"><br \/>\n  <strong>Merci \u00e0 <a href=\"https:\/\/www.instagram.com\/118.collector\/\" target=\"_blank\" rel=\"noreferrer noopener\">118.Collector<\/a> pour les photos<\/strong><br \/>\n<\/span>!<\/p>\n<div class=\"galery shuffle galery-0\">\n<figure>\n\t\t\t\t\t<span style=\"cursor: pointer\" data-src=\"https:\/\/autorai.nl\/wp-content\/uploads\/2023\/04\/118-collector-artikel-foto6-1600x1000.jpg\" data-fancybox=\"galery-0\" title=\"\"><br \/>\n\t\t\t\t\t\t\t<img decoding=\"async\" width=\"640\" height=\"480\" src=\"https:\/\/autorai.nl\/wp-content\/uploads\/2023\/04\/118-collector-artikel-foto6-640x480.jpg\" class=\"attachment-medium size-medium\" alt=\"\" loading=\"lazy\"><i class=\"fa fa-search-plus\" aria-hidden=\"true\"><\/i><br \/>\n\t\t\t\t\t\t<\/span><br \/>\n\t\t\t\t\t<\/figure>\n<figure>\n\t\t\t\t\t<span style=\"cursor: pointer\" data-src=\"https:\/\/autorai.nl\/wp-content\/uploads\/2023\/04\/118-collector-artikel-foto3-1600x1000.jpg\" data-fancybox=\"galery-0\" title=\"\"><br \/>\n\t\t\t\t\t\t\t<img decoding=\"async\" width=\"360\" height=\"270\" src=\"https:\/\/autorai.nl\/wp-content\/uploads\/2023\/04\/118-collector-artikel-foto3-360x270.jpg\" class=\"attachment-small size-small\" alt=\"\" loading=\"lazy\"><i class=\"fa fa-search-plus\" aria-hidden=\"true\"><\/i><br \/>\n\t\t\t\t\t\t<\/span><br \/>\n\t\t\t\t\t<\/figure>\n<figure>\n\t\t\t\t\t<span style=\"cursor: pointer\" data-src=\"https:\/\/autorai.nl\/wp-content\/uploads\/2023\/04\/118-collector-artikel-foto5-1600x1000.jpg\" data-fancybox=\"galery-0\" title=\"\"><br \/>\n\t\t\t\t\t\t\t<img decoding=\"async\" width=\"360\" height=\"270\" src=\"https:\/\/autorai.nl\/wp-content\/uploads\/2023\/04\/118-collector-artikel-foto5-360x270.jpg\" class=\"attachment-small size-small\" alt=\"\" loading=\"lazy\"><i class=\"fa fa-search-plus\" aria-hidden=\"true\"><\/i><br \/>\n\t\t\t\t\t\t<\/span><br \/>\n\t\t\t\t\t<\/figure>\n<figure>\n\t\t\t\t\t<span style=\"cursor: pointer\" data-src=\"https:\/\/autorai.nl\/wp-content\/uploads\/2023\/04\/118-collector-artikel-foto1-1600x1000.jpg\" data-fancybox=\"galery-0\" title=\"\"><br \/>\n\t\t\t\t\t\t\t<img decoding=\"async\" width=\"640\" height=\"480\" src=\"https:\/\/autorai.nl\/wp-content\/uploads\/2023\/04\/118-collector-artikel-foto1-640x480.jpg\" class=\"attachment-medium size-medium\" alt=\"\" loading=\"lazy\"><i class=\"fa fa-search-plus\" aria-hidden=\"true\"><\/i><br \/>\n\t\t\t\t\t\t<\/span><br \/>\n\t\t\t\t\t<\/figure>\n<figure>\n\t\t\t\t\t<span style=\"cursor: pointer\" data-src=\"https:\/\/autorai.nl\/wp-content\/uploads\/2023\/04\/118-collector-artikel-foto4-1600x1000.jpg\" data-fancybox=\"galery-0\" title=\"\"><br \/>\n\t\t\t\t\t\t\t<img decoding=\"async\" width=\"360\" height=\"270\" src=\"https:\/\/autorai.nl\/wp-content\/uploads\/2023\/04\/118-collector-artikel-foto4-360x270.jpg\" class=\"attachment-small size-small\" alt=\"\" loading=\"lazy\"><i class=\"fa fa-search-plus\" aria-hidden=\"true\"><\/i><br \/>\n\t\t\t\t\t\t<\/span><br \/>\n\t\t\t\t\t<\/figure>\n<figure>\n\t\t\t\t\t<span style=\"cursor: pointer\" data-src=\"https:\/\/autorai.nl\/wp-content\/uploads\/2023\/04\/118-collector-artikel-foto2-1600x1000.jpg\" data-fancybox=\"galery-0\" title=\"\"><br \/>\n\t\t\t\t\t\t\t<img decoding=\"async\" width=\"360\" height=\"270\" src=\"https:\/\/autorai.nl\/wp-content\/uploads\/2023\/04\/118-collector-artikel-foto2-360x270.jpg\" class=\"attachment-small size-small\" alt=\"118.Collecteur - Bugatti\" loading=\"lazy\"><i class=\"fa fa-search-plus\" aria-hidden=\"true\"><\/i><br \/>\n\t\t\t\t\t\t<\/span><br \/>\n\t\t\t\t\t<\/figure>\n<div class=\"clear\"><\/div>\n<\/div>\n<blockquote class=\"instagram-media\" data-instgrm-captioned=\"\" data-instgrm-permalink=\"https:\/\/www.instagram.com\/reel\/CpTM3SAo0Zl\/?utm_source=ig_embed&amp;utm_campaign=loading\" data-instgrm-version=\"14\" style=\"background:#FFF;border:0;border-radius:3px;margin: 1px;max-width:540px;min-width:326px;padding:0;width:99.375%;width:-webkit-calc(100% - 2px);width:calc(100% - 2px)\">\n<div style=\"padding:16px\"> <a href=\"https:\/\/www.instagram.com\/reel\/CpTM3SAo0Zl\/?utm_source=ig_embed&amp;utm_campaign=loading\" style=\"background:#FFFFFF;line-height:0;padding:0 0;text-align:center;text-decoration:none;width:100%\" target=\"_blank\" rel=\"noopener\"> <\/p>\n<div style=\"flex-direction: row;align-items: center\">\n<div style=\"background-color: #F4F4F4;border-radius: 50%;flex-grow: 0;height: 40px;margin-right: 14px;width: 40px\"><\/div>\n<div style=\"flex-direction: column;flex-grow: 1;justify-content: center\">\n<div style=\"background-color: #F4F4F4;border-radius: 4px;flex-grow: 0;height: 14px;margin-bottom: 6px;width: 100px\"><\/div>\n<div style=\"background-color: #F4F4F4;border-radius: 4px;flex-grow: 0;height: 14px;width: 60px\"><\/div>\n<\/div>\n<\/div>\n<div style=\"padding: 19% 0\"><\/div>\n<div style=\"height:50px;margin:0 auto 12px;width:50px\"><\/div>\n<div style=\"padding-top: 8px\">\n<div style=\"color:#3897f0;font-family:Arial,sans-serif;font-size:14px;font-style:normal;font-weight:550;line-height:18px\">Voir ce message sur Instagram<\/div>\n<\/div>\n<div style=\"padding: 12.5% 0\"><\/div>\n<div style=\"flex-direction: row;margin-bottom: 14px;align-items: center\">\n<div>\n<div style=\"background-color: #F4F4F4;border-radius: 50%;height: 12.5px;width: 12.5px\"><\/div>\n<div style=\"background-color: #F4F4F4;height: 12.5px;width: 12.5px;flex-grow: 0;margin-right: 14px;margin-left: 2px\"><\/div>\n<div style=\"background-color: #F4F4F4;border-radius: 50%;height: 12.5px;width: 12.5px\"><\/div>\n<\/div>\n<div style=\"margin-left: 8px\">\n<div style=\"background-color: #F4F4F4;border-radius: 50%;flex-grow: 0;height: 20px;width: 20px\"><\/div>\n<div style=\"width: 0;height: 0;border-top: 2px solid transparent;border-left: 6px solid #f4f4f4;border-bottom: 2px solid transparent\"><\/div>\n<\/div>\n<div style=\"margin-left: auto\">\n<div style=\"width: 0px;border-top: 8px solid #F4F4F4;border-right: 8px solid transparent\"><\/div>\n<div style=\"background-color: #F4F4F4;flex-grow: 0;height: 12px;width: 16px\"><\/div>\n<div style=\"width: 0;height: 0;border-top: 8px solid #F4F4F4;border-left: 8px solid transparent\"><\/div>\n<\/div>\n<\/div>\n<div style=\"flex-direction: column;flex-grow: 1;justify-content: center;margin-bottom: 24px\">\n<div style=\"background-color: #F4F4F4;border-radius: 4px;flex-grow: 0;height: 14px;margin-bottom: 6px;width: 224px\"><\/div>\n<div style=\"background-color: #F4F4F4;border-radius: 4px;flex-grow: 0;height: 14px;width: 144px\"><\/div>\n<\/div>\n<p><\/a><\/p>\n<p style=\"color:#c9c8cd;font-family:Arial,sans-serif;font-size:14px;line-height:17px;margin-bottom:0;margin-top:8px;overflow:hidden;padding:8px 0 7px;text-align:center\"><a href=\"https:\/\/www.instagram.com\/reel\/CpTM3SAo0Zl\/?utm_source=ig_embed&amp;utm_campaign=loading\" style=\"color:#c9c8cd;font-family:Arial,sans-serif;font-size:14px;font-style:normal;font-weight:normal;line-height:17px;text-decoration:none\" target=\"_blank\" rel=\"noopener\">A post shared by 118.COLLECTOR\u00a9 (@118.collector)<\/a><\/p>\n<\/div>\n<\/blockquote>\n","protected":false},"excerpt":{"rendered":"Des millions d'euros, ou pas du tout ? Une Nissan Skyline R34, une Lamborghini Aventador SVJ, une Porsche 911 GT2\u2026","protected":false},"author":0,"featured_media":133706,"comment_status":"","ping_status":"open","sticky":false,"template":"","format":"standard","meta":{"footnotes":""},"categories":[131,177,127],"tags":[],"class_list":["post-133738","post","type-post","status-publish","format-standard","has-post-thumbnail","hentry","category-fond","category-fun-fr","category-nouvelles-de-voiture"],"acf":[],"yoast_head":"<!-- This site is optimized with the Yoast SEO plugin v21.2 - https:\/\/yoast.com\/wordpress\/plugins\/seo\/ -->\n<title>118.Collector : cet Autrichien poss\u00e8de des centaines de voitures - All cars news<\/title>\n<meta name=\"robots\" content=\"index, follow, max-snippet:-1, max-image-preview:large, max-video-preview:-1\" \/>\n<link rel=\"canonical\" href=\"https:\/\/all-car-news.com\/fr\/118-collector-cet-autrichien-possede-des-centaines-de-voitures\/\" \/>\n<meta property=\"og:locale\" content=\"fr_FR\" \/>\n<meta property=\"og:type\" content=\"article\" \/>\n<meta property=\"og:title\" content=\"118.Collector : cet Autrichien poss\u00e8de des centaines de voitures - All cars news\" \/>\n<meta property=\"og:description\" content=\"Des millions d&#039;euros, ou pas du tout ? Une Nissan Skyline R34, une Lamborghini Aventador SVJ, une Porsche 911 GT2 RS, une Ferrari 812 Superfast Novitec N-Largo, une Bugatti Chiron Super Sport, une Porsche 911 GT3 et aussi plusieurs Nissan GT-R, 118.Collector a une collection \u00e0 vous mettre l&#039;eau \u00e0 la bouche. Qu&#039;est-ce que tout cela ne co\u00fbte pas ? Quelques centaines d&#039;euros. R\u00e9p\u00e9ter ? Oui, vous avez lu [...]\" \/>\n<meta property=\"og:url\" content=\"https:\/\/all-car-news.com\/fr\/118-collector-cet-autrichien-possede-des-centaines-de-voitures\/\" \/>\n<meta property=\"og:site_name\" content=\"All cars news\" \/>\n<meta property=\"article:published_time\" content=\"2023-03-29T09:01:00+00:00\" \/>\n<meta property=\"og:image\" content=\"https:\/\/autorai.nl\/wp-content\/uploads\/2023\/04\/118-collector-artikel-foto7-1140x713.jpg\" \/>\n<meta name=\"twitter:card\" content=\"summary_large_image\" \/>\n<meta name=\"twitter:label1\" content=\"Dur\u00e9e de lecture estim\u00e9e\" \/>\n\t<meta name=\"twitter:data1\" content=\"2 minutes\" \/>\n<script type=\"application\/ld+json\" class=\"yoast-schema-graph\">{\"@context\":\"https:\/\/schema.org\",\"@graph\":[{\"@type\":\"Article\",\"@id\":\"https:\/\/all-car-news.com\/fr\/118-collector-cet-autrichien-possede-des-centaines-de-voitures\/#article\",\"isPartOf\":{\"@id\":\"https:\/\/all-car-news.com\/fr\/118-collector-cet-autrichien-possede-des-centaines-de-voitures\/\"},\"author\":{\"name\":\"\",\"@id\":\"\"},\"headline\":\"118.Collector : cet Autrichien poss\u00e8de des centaines de voitures\",\"datePublished\":\"2023-03-29T09:01:00+00:00\",\"dateModified\":\"2023-03-29T09:01:00+00:00\",\"mainEntityOfPage\":{\"@id\":\"https:\/\/all-car-news.com\/fr\/118-collector-cet-autrichien-possede-des-centaines-de-voitures\/\"},\"wordCount\":380,\"publisher\":{\"@id\":\"https:\/\/all-car-news.com\/fr\/#organization\"},\"articleSection\":[\"Fond\",\"Fun\",\"nouvelles de voiture\"],\"inLanguage\":\"fr-FR\"},{\"@type\":\"WebPage\",\"@id\":\"https:\/\/all-car-news.com\/fr\/118-collector-cet-autrichien-possede-des-centaines-de-voitures\/\",\"url\":\"https:\/\/all-car-news.com\/fr\/118-collector-cet-autrichien-possede-des-centaines-de-voitures\/\",\"name\":\"118.Collector : cet Autrichien poss\u00e8de des centaines de voitures - All cars news\",\"isPartOf\":{\"@id\":\"https:\/\/all-car-news.com\/fr\/#website\"},\"datePublished\":\"2023-03-29T09:01:00+00:00\",\"dateModified\":\"2023-03-29T09:01:00+00:00\",\"breadcrumb\":{\"@id\":\"https:\/\/all-car-news.com\/fr\/118-collector-cet-autrichien-possede-des-centaines-de-voitures\/#breadcrumb\"},\"inLanguage\":\"fr-FR\",\"potentialAction\":[{\"@type\":\"ReadAction\",\"target\":[\"https:\/\/all-car-news.com\/fr\/118-collector-cet-autrichien-possede-des-centaines-de-voitures\/\"]}]},{\"@type\":\"BreadcrumbList\",\"@id\":\"https:\/\/all-car-news.com\/fr\/118-collector-cet-autrichien-possede-des-centaines-de-voitures\/#breadcrumb\",\"itemListElement\":[{\"@type\":\"ListItem\",\"position\":1,\"name\":\"Home\",\"item\":\"https:\/\/all-car-news.com\/fr\/\"},{\"@type\":\"ListItem\",\"position\":2,\"name\":\"118.Collector : cet Autrichien poss\u00e8de des centaines de voitures\"}]},{\"@type\":\"WebSite\",\"@id\":\"https:\/\/all-car-news.com\/fr\/#website\",\"url\":\"https:\/\/all-car-news.com\/fr\/\",\"name\":\"All cars news\",\"description\":\"\",\"publisher\":{\"@id\":\"https:\/\/all-car-news.com\/fr\/#organization\"},\"potentialAction\":[{\"@type\":\"SearchAction\",\"target\":{\"@type\":\"EntryPoint\",\"urlTemplate\":\"https:\/\/all-car-news.com\/fr\/?s={search_term_string}\"},\"query-input\":\"required name=search_term_string\"}],\"inLanguage\":\"fr-FR\"},{\"@type\":\"Organization\",\"@id\":\"https:\/\/all-car-news.com\/fr\/#organization\",\"name\":\"All cars news\",\"url\":\"https:\/\/all-car-news.com\/fr\/\",\"logo\":{\"@type\":\"ImageObject\",\"inLanguage\":\"fr-FR\",\"@id\":\"https:\/\/all-car-news.com\/fr\/#\/schema\/logo\/image\/\",\"url\":\"https:\/\/all-car-news.com\/wp-content\/uploads\/2022\/02\/CMYK-AllCarNews_LANDSCAPE_300px-1.png\",\"contentUrl\":\"https:\/\/all-car-news.com\/wp-content\/uploads\/2022\/02\/CMYK-AllCarNews_LANDSCAPE_300px-1.png\",\"width\":300,\"height\":100,\"caption\":\"All cars news\"},\"image\":{\"@id\":\"https:\/\/all-car-news.com\/fr\/#\/schema\/logo\/image\/\"}}]}<\/script>\n<!-- \/ Yoast SEO plugin. -->","yoast_head_json":{"title":"118.Collector : cet Autrichien poss\u00e8de des centaines de voitures - All cars news","robots":{"index":"index","follow":"follow","max-snippet":"max-snippet:-1","max-image-preview":"max-image-preview:large","max-video-preview":"max-video-preview:-1"},"canonical":"https:\/\/all-car-news.com\/fr\/118-collector-cet-autrichien-possede-des-centaines-de-voitures\/","og_locale":"fr_FR","og_type":"article","og_title":"118.Collector : cet Autrichien poss\u00e8de des centaines de voitures - All cars news","og_description":"Des millions d'euros, ou pas du tout ? Une Nissan Skyline R34, une Lamborghini Aventador SVJ, une Porsche 911 GT2 RS, une Ferrari 812 Superfast Novitec N-Largo, une Bugatti Chiron Super Sport, une Porsche 911 GT3 et aussi plusieurs Nissan GT-R, 118.Collector a une collection \u00e0 vous mettre l'eau \u00e0 la bouche. Qu'est-ce que tout cela ne co\u00fbte pas ? Quelques centaines d'euros. R\u00e9p\u00e9ter ? Oui, vous avez lu [...]","og_url":"https:\/\/all-car-news.com\/fr\/118-collector-cet-autrichien-possede-des-centaines-de-voitures\/","og_site_name":"All cars news","article_published_time":"2023-03-29T09:01:00+00:00","og_image":[{"url":"https:\/\/autorai.nl\/wp-content\/uploads\/2023\/04\/118-collector-artikel-foto7-1140x713.jpg"}],"twitter_card":"summary_large_image","twitter_misc":{"Dur\u00e9e de lecture estim\u00e9e":"2 minutes"},"schema":{"@context":"https:\/\/schema.org","@graph":[{"@type":"Article","@id":"https:\/\/all-car-news.com\/fr\/118-collector-cet-autrichien-possede-des-centaines-de-voitures\/#article","isPartOf":{"@id":"https:\/\/all-car-news.com\/fr\/118-collector-cet-autrichien-possede-des-centaines-de-voitures\/"},"author":{"name":"","@id":""},"headline":"118.Collector : cet Autrichien poss\u00e8de des centaines de voitures","datePublished":"2023-03-29T09:01:00+00:00","dateModified":"2023-03-29T09:01:00+00:00","mainEntityOfPage":{"@id":"https:\/\/all-car-news.com\/fr\/118-collector-cet-autrichien-possede-des-centaines-de-voitures\/"},"wordCount":380,"publisher":{"@id":"https:\/\/all-car-news.com\/fr\/#organization"},"articleSection":["Fond","Fun","nouvelles de voiture"],"inLanguage":"fr-FR"},{"@type":"WebPage","@id":"https:\/\/all-car-news.com\/fr\/118-collector-cet-autrichien-possede-des-centaines-de-voitures\/","url":"https:\/\/all-car-news.com\/fr\/118-collector-cet-autrichien-possede-des-centaines-de-voitures\/","name":"118.Collector : cet Autrichien poss\u00e8de des centaines de voitures - All cars news","isPartOf":{"@id":"https:\/\/all-car-news.com\/fr\/#website"},"datePublished":"2023-03-29T09:01:00+00:00","dateModified":"2023-03-29T09:01:00+00:00","breadcrumb":{"@id":"https:\/\/all-car-news.com\/fr\/118-collector-cet-autrichien-possede-des-centaines-de-voitures\/#breadcrumb"},"inLanguage":"fr-FR","potentialAction":[{"@type":"ReadAction","target":["https:\/\/all-car-news.com\/fr\/118-collector-cet-autrichien-possede-des-centaines-de-voitures\/"]}]},{"@type":"BreadcrumbList","@id":"https:\/\/all-car-news.com\/fr\/118-collector-cet-autrichien-possede-des-centaines-de-voitures\/#breadcrumb","itemListElement":[{"@type":"ListItem","position":1,"name":"Home","item":"https:\/\/all-car-news.com\/fr\/"},{"@type":"ListItem","position":2,"name":"118.Collector : cet Autrichien poss\u00e8de des centaines de voitures"}]},{"@type":"WebSite","@id":"https:\/\/all-car-news.com\/fr\/#website","url":"https:\/\/all-car-news.com\/fr\/","name":"All cars news","description":"","publisher":{"@id":"https:\/\/all-car-news.com\/fr\/#organization"},"potentialAction":[{"@type":"SearchAction","target":{"@type":"EntryPoint","urlTemplate":"https:\/\/all-car-news.com\/fr\/?s={search_term_string}"},"query-input":"required name=search_term_string"}],"inLanguage":"fr-FR"},{"@type":"Organization","@id":"https:\/\/all-car-news.com\/fr\/#organization","name":"All cars news","url":"https:\/\/all-car-news.com\/fr\/","logo":{"@type":"ImageObject","inLanguage":"fr-FR","@id":"https:\/\/all-car-news.com\/fr\/#\/schema\/logo\/image\/","url":"https:\/\/all-car-news.com\/wp-content\/uploads\/2022\/02\/CMYK-AllCarNews_LANDSCAPE_300px-1.png","contentUrl":"https:\/\/all-car-news.com\/wp-content\/uploads\/2022\/02\/CMYK-AllCarNews_LANDSCAPE_300px-1.png","width":300,"height":100,"caption":"All cars news"},"image":{"@id":"https:\/\/all-car-news.com\/fr\/#\/schema\/logo\/image\/"}}]}},"_links":{"self":[{"href":"https:\/\/all-car-news.com\/fr\/wp-json\/wp\/v2\/posts\/133738","targetHints":{"allow":["GET"]}}],"collection":[{"href":"https:\/\/all-car-news.com\/fr\/wp-json\/wp\/v2\/posts"}],"about":[{"href":"https:\/\/all-car-news.com\/fr\/wp-json\/wp\/v2\/types\/post"}],"replies":[{"embeddable":true,"href":"https:\/\/all-car-news.com\/fr\/wp-json\/wp\/v2\/comments?post=133738"}],"version-history":[{"count":0,"href":"https:\/\/all-car-news.com\/fr\/wp-json\/wp\/v2\/posts\/133738\/revisions"}],"wp:featuredmedia":[{"embeddable":true,"href":"https:\/\/all-car-news.com\/fr\/wp-json\/wp\/v2\/media\/133706"}],"wp:attachment":[{"href":"https:\/\/all-car-news.com\/fr\/wp-json\/wp\/v2\/media?parent=133738"}],"wp:term":[{"taxonomy":"category","embeddable":true,"href":"https:\/\/all-car-news.com\/fr\/wp-json\/wp\/v2\/categories?post=133738"},{"taxonomy":"post_tag","embeddable":true,"href":"https:\/\/all-car-news.com\/fr\/wp-json\/wp\/v2\/tags?post=133738"}],"curies":[{"name":"wp","href":"https:\/\/api.w.org\/{rel}","templated":true}]}}