{"id":132742,"date":"2023-03-08T08:46:28","date_gmt":"2023-03-08T08:46:28","guid":{"rendered":"https:\/\/all-car-news.com\/cette-opel-zafira-de-6-metres-est-parfaite-pour-le-carnaval\/"},"modified":"2023-03-08T08:46:28","modified_gmt":"2023-03-08T08:46:28","slug":"cette-opel-zafira-de-6-metres-est-parfaite-pour-le-carnaval","status":"publish","type":"post","link":"https:\/\/all-car-news.com\/fr\/cette-opel-zafira-de-6-metres-est-parfaite-pour-le-carnaval\/","title":{"rendered":"Cette Opel Zafira de 6 m\u00e8tres est parfaite pour le carnaval"},"content":{"rendered":"<h2>Opel Zafira de six m\u00e8tres<\/h2>\n<p>La recherche d&rsquo;occasions donne parfois lieu \u00e0 des d\u00e9couvertes surprenantes. Prenez cette Vauxhall Zafira 2000, \u00e9quip\u00e9e d&rsquo;un moteur \u00e0 essence quatre cylindres de 1,6 litre d\u00e9veloppant 101 ch (74 kW), qui permet de passer de 0 \u00e0 100 en 13,5 secondes et d&rsquo;atteindre une vitesse de pointe de 176 km\/h. D&rsquo;ailleurs, ce Zafira n&rsquo;est plus tout \u00e0 fait de s\u00e9rie, comme en t\u00e9moigne l&#8217;empattement extr\u00eamement long. En cons\u00e9quence, cette Opel familiale mesure d\u00e9sormais plus de six m\u00e8tres de long.  <\/p>\n<h2>Id\u00e9al pour le carnaval ?<\/h2>\n<p>Selon le propri\u00e9taire actuel, la voiture est id\u00e9ale pour faire de la publicit\u00e9 lors d&rsquo;\u00e9v\u00e9nements ou pour servir de food truck. Dans ce dernier cas, la Vauxhall a encore besoin de quelques travaux. Nous voyons plut\u00f4t l&rsquo;avenir de cette Vauxhall comme la voiture de carnaval par excellence. <a href=\"https:\/\/www.marktplaats.nl\/v\/auto-s\/opel\/m1945959797-opel-zafira-1-6-16v-comfort\" target=\"_blank\" rel=\"noreferrer noopener\">Pour 8 750 euros<\/a>, vous serez l&rsquo;heureux propri\u00e9taire de cette Vauxhall Zafira avec des ailes.<\/p>\n<div class=\"galery galery-0\">\n<figure>\n\t\t\t\t\t<span style=\"cursor: pointer\" data-src=\"https:\/\/autorai.nl\/wp-content\/uploads\/2023\/03\/opel-zafira-geel-foto1-1600x1000.jpg\" data-fancybox=\"galery-0\" title=\"\"><br \/>\n\t\t\t\t\t\t\t<img decoding=\"async\" width=\"360\" height=\"270\" src=\"https:\/\/autorai.nl\/wp-content\/uploads\/2023\/03\/opel-zafira-geel-foto1-360x270.jpg\" class=\"attachment-small size-small\" alt=\"\" loading=\"lazy\"><i class=\"fa fa-search-plus\" aria-hidden=\"true\"><\/i><br \/>\n\t\t\t\t\t\t<\/span><br \/>\n\t\t\t\t\t<\/figure>\n<figure>\n\t\t\t\t\t<span style=\"cursor: pointer\" data-src=\"https:\/\/autorai.nl\/wp-content\/uploads\/2023\/03\/opel-zafira-geel-foto8-1600x1000.jpg\" data-fancybox=\"galery-0\" title=\"\"><br \/>\n\t\t\t\t\t\t\t<img decoding=\"async\" width=\"360\" height=\"270\" src=\"https:\/\/autorai.nl\/wp-content\/uploads\/2023\/03\/opel-zafira-geel-foto8-360x270.jpg\" class=\"attachment-small size-small\" alt=\"Opel Zafira\" loading=\"lazy\"><i class=\"fa fa-search-plus\" aria-hidden=\"true\"><\/i><br \/>\n\t\t\t\t\t\t<\/span><br \/>\n\t\t\t\t\t<\/figure>\n<figure>\n\t\t\t\t\t<span style=\"cursor: pointer\" data-src=\"https:\/\/autorai.nl\/wp-content\/uploads\/2023\/03\/opel-zafira-geel-foto7-1600x1000.jpg\" data-fancybox=\"galery-0\" title=\"\"><br \/>\n\t\t\t\t\t\t\t<img decoding=\"async\" width=\"360\" height=\"270\" src=\"https:\/\/autorai.nl\/wp-content\/uploads\/2023\/03\/opel-zafira-geel-foto7-360x270.jpg\" class=\"attachment-small size-small\" alt=\"\" loading=\"lazy\"><i class=\"fa fa-search-plus\" aria-hidden=\"true\"><\/i><br \/>\n\t\t\t\t\t\t<\/span><br \/>\n\t\t\t\t\t<\/figure>\n<figure>\n\t\t\t\t\t<span style=\"cursor: pointer\" data-src=\"https:\/\/autorai.nl\/wp-content\/uploads\/2023\/03\/opel-zafira-geel-foto6-1600x1000.jpg\" data-fancybox=\"galery-0\" title=\"\"><br \/>\n\t\t\t\t\t\t\t<img decoding=\"async\" width=\"360\" height=\"270\" src=\"https:\/\/autorai.nl\/wp-content\/uploads\/2023\/03\/opel-zafira-geel-foto6-360x270.jpg\" class=\"attachment-small size-small\" alt=\"\" loading=\"lazy\"><i class=\"fa fa-search-plus\" aria-hidden=\"true\"><\/i><br \/>\n\t\t\t\t\t\t<\/span><br \/>\n\t\t\t\t\t<\/figure>\n<figure>\n\t\t\t\t\t<span style=\"cursor: pointer\" data-src=\"https:\/\/autorai.nl\/wp-content\/uploads\/2023\/03\/opel-zafira-geel-foto5-1600x1000.jpg\" data-fancybox=\"galery-0\" title=\"\"><br \/>\n\t\t\t\t\t\t\t<img decoding=\"async\" width=\"360\" height=\"270\" src=\"https:\/\/autorai.nl\/wp-content\/uploads\/2023\/03\/opel-zafira-geel-foto5-360x270.jpg\" class=\"attachment-small size-small\" alt=\"\" loading=\"lazy\"><i class=\"fa fa-search-plus\" aria-hidden=\"true\"><\/i><br \/>\n\t\t\t\t\t\t<\/span><br \/>\n\t\t\t\t\t<\/figure>\n<figure>\n\t\t\t\t\t<span style=\"cursor: pointer\" data-src=\"https:\/\/autorai.nl\/wp-content\/uploads\/2023\/03\/opel-zafira-geel-foto4-1600x1000.jpg\" data-fancybox=\"galery-0\" title=\"\"><br \/>\n\t\t\t\t\t\t\t<img decoding=\"async\" width=\"360\" height=\"270\" src=\"https:\/\/autorai.nl\/wp-content\/uploads\/2023\/03\/opel-zafira-geel-foto4-360x270.jpg\" class=\"attachment-small size-small\" alt=\"\" loading=\"lazy\"><i class=\"fa fa-search-plus\" aria-hidden=\"true\"><\/i><br \/>\n\t\t\t\t\t\t<\/span><br \/>\n\t\t\t\t\t<\/figure>\n<figure>\n\t\t\t\t\t<span style=\"cursor: pointer\" data-src=\"https:\/\/autorai.nl\/wp-content\/uploads\/2023\/03\/opel-zafira-geel-foto3-1600x1000.jpg\" data-fancybox=\"galery-0\" title=\"\"><br \/>\n\t\t\t\t\t\t\t<img decoding=\"async\" width=\"360\" height=\"270\" src=\"https:\/\/autorai.nl\/wp-content\/uploads\/2023\/03\/opel-zafira-geel-foto3-360x270.jpg\" class=\"attachment-small size-small\" alt=\"\" loading=\"lazy\"><i class=\"fa fa-search-plus\" aria-hidden=\"true\"><\/i><br \/>\n\t\t\t\t\t\t<\/span><br \/>\n\t\t\t\t\t<\/figure>\n<figure>\n\t\t\t\t\t<span style=\"cursor: pointer\" data-src=\"https:\/\/autorai.nl\/wp-content\/uploads\/2023\/03\/opel-zafira-geel-foto2-1600x1000.jpg\" data-fancybox=\"galery-0\" title=\"\"><br \/>\n\t\t\t\t\t\t\t<img decoding=\"async\" width=\"360\" height=\"270\" src=\"https:\/\/autorai.nl\/wp-content\/uploads\/2023\/03\/opel-zafira-geel-foto2-360x270.jpg\" class=\"attachment-small size-small\" alt=\"\" loading=\"lazy\"><i class=\"fa fa-search-plus\" aria-hidden=\"true\"><\/i><br \/>\n\t\t\t\t\t\t<\/span><br \/>\n\t\t\t\t\t<\/figure>\n<div class=\"clear\"><\/div>\n<\/div>\n","protected":false},"excerpt":{"rendered":"Vauxhall Zafira de six m\u00e8tres La recherche de voitures d'occasion permet parfois de faire des d\u00e9couvertes surprenantes. Prenez cette Vauxhall\u2026","protected":false},"author":0,"featured_media":132725,"comment_status":"","ping_status":"open","sticky":false,"template":"","format":"standard","meta":{"footnotes":""},"categories":[127],"tags":[],"class_list":["post-132742","post","type-post","status-publish","format-standard","has-post-thumbnail","hentry","category-nouvelles-de-voiture"],"acf":[],"yoast_head":"<!-- This site is optimized with the Yoast SEO plugin v21.2 - https:\/\/yoast.com\/wordpress\/plugins\/seo\/ -->\n<title>Cette Opel Zafira de 6 m\u00e8tres est parfaite pour le carnaval - All cars news<\/title>\n<meta name=\"robots\" content=\"index, follow, max-snippet:-1, max-image-preview:large, max-video-preview:-1\" \/>\n<link rel=\"canonical\" href=\"https:\/\/all-car-news.com\/fr\/cette-opel-zafira-de-6-metres-est-parfaite-pour-le-carnaval\/\" \/>\n<meta property=\"og:locale\" content=\"fr_FR\" \/>\n<meta property=\"og:type\" content=\"article\" \/>\n<meta property=\"og:title\" content=\"Cette Opel Zafira de 6 m\u00e8tres est parfaite pour le carnaval - All cars news\" \/>\n<meta property=\"og:description\" content=\"Vauxhall Zafira de six m\u00e8tres La recherche de voitures d&#039;occasion permet parfois de faire des d\u00e9couvertes surprenantes. Prenez cette Vauxhall Zafira 2000, \u00e9quip\u00e9e d&#039;un moteur \u00e0 essence quatre cylindres de 1,6 litre d\u00e9veloppant 101 ch (74 kW), qui permet de passer de 0 \u00e0 100 en 13,5 secondes et d&#039;atteindre une vitesse de pointe de 176 km\/h. D&#039;ailleurs, ce Zafira n&#039;est plus tout \u00e0 fait de s\u00e9rie, comme en t\u00e9moigne la tr\u00e8s longue [...]\" \/>\n<meta property=\"og:url\" content=\"https:\/\/all-car-news.com\/fr\/cette-opel-zafira-de-6-metres-est-parfaite-pour-le-carnaval\/\" \/>\n<meta property=\"og:site_name\" content=\"All cars news\" \/>\n<meta property=\"article:published_time\" content=\"2023-03-08T08:46:28+00:00\" \/>\n<meta property=\"og:image\" content=\"https:\/\/autorai.nl\/wp-content\/uploads\/2023\/03\/opel-zafira-geel-foto1-360x270.jpg\" \/>\n<meta name=\"twitter:card\" content=\"summary_large_image\" \/>\n<meta name=\"twitter:label1\" content=\"Dur\u00e9e de lecture estim\u00e9e\" \/>\n\t<meta name=\"twitter:data1\" content=\"1 minute\" \/>\n<script type=\"application\/ld+json\" class=\"yoast-schema-graph\">{\"@context\":\"https:\/\/schema.org\",\"@graph\":[{\"@type\":\"Article\",\"@id\":\"https:\/\/all-car-news.com\/fr\/cette-opel-zafira-de-6-metres-est-parfaite-pour-le-carnaval\/#article\",\"isPartOf\":{\"@id\":\"https:\/\/all-car-news.com\/fr\/cette-opel-zafira-de-6-metres-est-parfaite-pour-le-carnaval\/\"},\"author\":{\"name\":\"\",\"@id\":\"\"},\"headline\":\"Cette Opel Zafira de 6 m\u00e8tres est parfaite pour le carnaval\",\"datePublished\":\"2023-03-08T08:46:28+00:00\",\"dateModified\":\"2023-03-08T08:46:28+00:00\",\"mainEntityOfPage\":{\"@id\":\"https:\/\/all-car-news.com\/fr\/cette-opel-zafira-de-6-metres-est-parfaite-pour-le-carnaval\/\"},\"wordCount\":165,\"publisher\":{\"@id\":\"https:\/\/all-car-news.com\/fr\/#organization\"},\"articleSection\":[\"nouvelles de voiture\"],\"inLanguage\":\"fr-FR\"},{\"@type\":\"WebPage\",\"@id\":\"https:\/\/all-car-news.com\/fr\/cette-opel-zafira-de-6-metres-est-parfaite-pour-le-carnaval\/\",\"url\":\"https:\/\/all-car-news.com\/fr\/cette-opel-zafira-de-6-metres-est-parfaite-pour-le-carnaval\/\",\"name\":\"Cette Opel Zafira de 6 m\u00e8tres est parfaite pour le carnaval - All cars news\",\"isPartOf\":{\"@id\":\"https:\/\/all-car-news.com\/fr\/#website\"},\"datePublished\":\"2023-03-08T08:46:28+00:00\",\"dateModified\":\"2023-03-08T08:46:28+00:00\",\"breadcrumb\":{\"@id\":\"https:\/\/all-car-news.com\/fr\/cette-opel-zafira-de-6-metres-est-parfaite-pour-le-carnaval\/#breadcrumb\"},\"inLanguage\":\"fr-FR\",\"potentialAction\":[{\"@type\":\"ReadAction\",\"target\":[\"https:\/\/all-car-news.com\/fr\/cette-opel-zafira-de-6-metres-est-parfaite-pour-le-carnaval\/\"]}]},{\"@type\":\"BreadcrumbList\",\"@id\":\"https:\/\/all-car-news.com\/fr\/cette-opel-zafira-de-6-metres-est-parfaite-pour-le-carnaval\/#breadcrumb\",\"itemListElement\":[{\"@type\":\"ListItem\",\"position\":1,\"name\":\"Home\",\"item\":\"https:\/\/all-car-news.com\/fr\/\"},{\"@type\":\"ListItem\",\"position\":2,\"name\":\"Cette Opel Zafira de 6 m\u00e8tres est parfaite pour le carnaval\"}]},{\"@type\":\"WebSite\",\"@id\":\"https:\/\/all-car-news.com\/fr\/#website\",\"url\":\"https:\/\/all-car-news.com\/fr\/\",\"name\":\"All cars news\",\"description\":\"\",\"publisher\":{\"@id\":\"https:\/\/all-car-news.com\/fr\/#organization\"},\"potentialAction\":[{\"@type\":\"SearchAction\",\"target\":{\"@type\":\"EntryPoint\",\"urlTemplate\":\"https:\/\/all-car-news.com\/fr\/?s={search_term_string}\"},\"query-input\":\"required name=search_term_string\"}],\"inLanguage\":\"fr-FR\"},{\"@type\":\"Organization\",\"@id\":\"https:\/\/all-car-news.com\/fr\/#organization\",\"name\":\"All cars news\",\"url\":\"https:\/\/all-car-news.com\/fr\/\",\"logo\":{\"@type\":\"ImageObject\",\"inLanguage\":\"fr-FR\",\"@id\":\"https:\/\/all-car-news.com\/fr\/#\/schema\/logo\/image\/\",\"url\":\"https:\/\/all-car-news.com\/wp-content\/uploads\/2022\/02\/CMYK-AllCarNews_LANDSCAPE_300px-1.png\",\"contentUrl\":\"https:\/\/all-car-news.com\/wp-content\/uploads\/2022\/02\/CMYK-AllCarNews_LANDSCAPE_300px-1.png\",\"width\":300,\"height\":100,\"caption\":\"All cars news\"},\"image\":{\"@id\":\"https:\/\/all-car-news.com\/fr\/#\/schema\/logo\/image\/\"}}]}<\/script>\n<!-- \/ Yoast SEO plugin. -->","yoast_head_json":{"title":"Cette Opel Zafira de 6 m\u00e8tres est parfaite pour le carnaval - All cars news","robots":{"index":"index","follow":"follow","max-snippet":"max-snippet:-1","max-image-preview":"max-image-preview:large","max-video-preview":"max-video-preview:-1"},"canonical":"https:\/\/all-car-news.com\/fr\/cette-opel-zafira-de-6-metres-est-parfaite-pour-le-carnaval\/","og_locale":"fr_FR","og_type":"article","og_title":"Cette Opel Zafira de 6 m\u00e8tres est parfaite pour le carnaval - All cars news","og_description":"Vauxhall Zafira de six m\u00e8tres La recherche de voitures d'occasion permet parfois de faire des d\u00e9couvertes surprenantes. Prenez cette Vauxhall Zafira 2000, \u00e9quip\u00e9e d'un moteur \u00e0 essence quatre cylindres de 1,6 litre d\u00e9veloppant 101 ch (74 kW), qui permet de passer de 0 \u00e0 100 en 13,5 secondes et d'atteindre une vitesse de pointe de 176 km\/h. D'ailleurs, ce Zafira n'est plus tout \u00e0 fait de s\u00e9rie, comme en t\u00e9moigne la tr\u00e8s longue [...]","og_url":"https:\/\/all-car-news.com\/fr\/cette-opel-zafira-de-6-metres-est-parfaite-pour-le-carnaval\/","og_site_name":"All cars news","article_published_time":"2023-03-08T08:46:28+00:00","og_image":[{"url":"https:\/\/autorai.nl\/wp-content\/uploads\/2023\/03\/opel-zafira-geel-foto1-360x270.jpg"}],"twitter_card":"summary_large_image","twitter_misc":{"Dur\u00e9e de lecture estim\u00e9e":"1 minute"},"schema":{"@context":"https:\/\/schema.org","@graph":[{"@type":"Article","@id":"https:\/\/all-car-news.com\/fr\/cette-opel-zafira-de-6-metres-est-parfaite-pour-le-carnaval\/#article","isPartOf":{"@id":"https:\/\/all-car-news.com\/fr\/cette-opel-zafira-de-6-metres-est-parfaite-pour-le-carnaval\/"},"author":{"name":"","@id":""},"headline":"Cette Opel Zafira de 6 m\u00e8tres est parfaite pour le carnaval","datePublished":"2023-03-08T08:46:28+00:00","dateModified":"2023-03-08T08:46:28+00:00","mainEntityOfPage":{"@id":"https:\/\/all-car-news.com\/fr\/cette-opel-zafira-de-6-metres-est-parfaite-pour-le-carnaval\/"},"wordCount":165,"publisher":{"@id":"https:\/\/all-car-news.com\/fr\/#organization"},"articleSection":["nouvelles de voiture"],"inLanguage":"fr-FR"},{"@type":"WebPage","@id":"https:\/\/all-car-news.com\/fr\/cette-opel-zafira-de-6-metres-est-parfaite-pour-le-carnaval\/","url":"https:\/\/all-car-news.com\/fr\/cette-opel-zafira-de-6-metres-est-parfaite-pour-le-carnaval\/","name":"Cette Opel Zafira de 6 m\u00e8tres est parfaite pour le carnaval - All cars news","isPartOf":{"@id":"https:\/\/all-car-news.com\/fr\/#website"},"datePublished":"2023-03-08T08:46:28+00:00","dateModified":"2023-03-08T08:46:28+00:00","breadcrumb":{"@id":"https:\/\/all-car-news.com\/fr\/cette-opel-zafira-de-6-metres-est-parfaite-pour-le-carnaval\/#breadcrumb"},"inLanguage":"fr-FR","potentialAction":[{"@type":"ReadAction","target":["https:\/\/all-car-news.com\/fr\/cette-opel-zafira-de-6-metres-est-parfaite-pour-le-carnaval\/"]}]},{"@type":"BreadcrumbList","@id":"https:\/\/all-car-news.com\/fr\/cette-opel-zafira-de-6-metres-est-parfaite-pour-le-carnaval\/#breadcrumb","itemListElement":[{"@type":"ListItem","position":1,"name":"Home","item":"https:\/\/all-car-news.com\/fr\/"},{"@type":"ListItem","position":2,"name":"Cette Opel Zafira de 6 m\u00e8tres est parfaite pour le carnaval"}]},{"@type":"WebSite","@id":"https:\/\/all-car-news.com\/fr\/#website","url":"https:\/\/all-car-news.com\/fr\/","name":"All cars news","description":"","publisher":{"@id":"https:\/\/all-car-news.com\/fr\/#organization"},"potentialAction":[{"@type":"SearchAction","target":{"@type":"EntryPoint","urlTemplate":"https:\/\/all-car-news.com\/fr\/?s={search_term_string}"},"query-input":"required name=search_term_string"}],"inLanguage":"fr-FR"},{"@type":"Organization","@id":"https:\/\/all-car-news.com\/fr\/#organization","name":"All cars news","url":"https:\/\/all-car-news.com\/fr\/","logo":{"@type":"ImageObject","inLanguage":"fr-FR","@id":"https:\/\/all-car-news.com\/fr\/#\/schema\/logo\/image\/","url":"https:\/\/all-car-news.com\/wp-content\/uploads\/2022\/02\/CMYK-AllCarNews_LANDSCAPE_300px-1.png","contentUrl":"https:\/\/all-car-news.com\/wp-content\/uploads\/2022\/02\/CMYK-AllCarNews_LANDSCAPE_300px-1.png","width":300,"height":100,"caption":"All cars news"},"image":{"@id":"https:\/\/all-car-news.com\/fr\/#\/schema\/logo\/image\/"}}]}},"_links":{"self":[{"href":"https:\/\/all-car-news.com\/fr\/wp-json\/wp\/v2\/posts\/132742","targetHints":{"allow":["GET"]}}],"collection":[{"href":"https:\/\/all-car-news.com\/fr\/wp-json\/wp\/v2\/posts"}],"about":[{"href":"https:\/\/all-car-news.com\/fr\/wp-json\/wp\/v2\/types\/post"}],"replies":[{"embeddable":true,"href":"https:\/\/all-car-news.com\/fr\/wp-json\/wp\/v2\/comments?post=132742"}],"version-history":[{"count":0,"href":"https:\/\/all-car-news.com\/fr\/wp-json\/wp\/v2\/posts\/132742\/revisions"}],"wp:featuredmedia":[{"embeddable":true,"href":"https:\/\/all-car-news.com\/fr\/wp-json\/wp\/v2\/media\/132725"}],"wp:attachment":[{"href":"https:\/\/all-car-news.com\/fr\/wp-json\/wp\/v2\/media?parent=132742"}],"wp:term":[{"taxonomy":"category","embeddable":true,"href":"https:\/\/all-car-news.com\/fr\/wp-json\/wp\/v2\/categories?post=132742"},{"taxonomy":"post_tag","embeddable":true,"href":"https:\/\/all-car-news.com\/fr\/wp-json\/wp\/v2\/tags?post=132742"}],"curies":[{"name":"wp","href":"https:\/\/api.w.org\/{rel}","templated":true}]}}