{"id":132575,"date":"2023-03-02T13:42:48","date_gmt":"2023-03-02T13:42:48","guid":{"rendered":"https:\/\/all-car-news.com\/video-des-hommes-armes-fuient-la-police-dans-une-audi-rs3-mais-secrasent\/"},"modified":"2023-03-02T13:42:48","modified_gmt":"2023-03-02T13:42:48","slug":"video-des-hommes-armes-fuient-la-police-dans-une-audi-rs3-mais-secrasent","status":"publish","type":"post","link":"https:\/\/all-car-news.com\/fr\/video-des-hommes-armes-fuient-la-police-dans-une-audi-rs3-mais-secrasent\/","title":{"rendered":"VID\u00c9O : Des hommes arm\u00e9s fuient la police dans une Audi RS3 mais s&rsquo;\u00e9crasent."},"content":{"rendered":"<h2>D\u00e9claration de la police<\/h2>\n<p>Dans un communiqu\u00e9, la police a donn\u00e9 les informations suivantes : \u00ab\u00a0Deux suspects ont \u00e9t\u00e9 arr\u00eat\u00e9s dans la ville limbourgeoise de Lomm apr\u00e8s avoir \u00e9t\u00e9 possiblement impliqu\u00e9s dans une tentative de vol \u00e0 main arm\u00e9e en Allemagne. Des coups de semonce ont \u00e9t\u00e9 tir\u00e9s lors de leur arrestation. Personne n&rsquo;a \u00e9t\u00e9 bless\u00e9. Les agents n\u00e9erlandais ont entam\u00e9 la poursuite apr\u00e8s que les suspects ont franchi la fronti\u00e8re allemande. Leur voiture a eu un accident \u00e0 Lomm, apr\u00e8s quoi ils ont continu\u00e9 \u00e0 pied. La police a r\u00e9ussi \u00e0 arr\u00eater deux personnes, en tirant plusieurs coups de semonce. Un troisi\u00e8me suspect est toujours recherch\u00e9. Les deux suspects arr\u00eat\u00e9s sont un homme de 19 ans originaire d&rsquo;Utrecht et un homme de 26 ans sans domicile fixe.\u00a0\u00bb<\/p>\n<h2>La police poursuit les squatters | Arrestation d&rsquo;un incendie | Unit\u00e9 nationale<\/h2>\n<\/p>\n<figure class=\"wp-block-embed is-type-video is-provider-youtube wp-block-embed-youtube wp-embed-aspect-16-9 wp-has-aspect-ratio\">\n<div class=\"wp-block-embed__wrapper\">\n<\/div>\n<\/figure>\n","protected":false},"excerpt":{"rendered":"D\u00e9claration de la police Dans un communiqu\u00e9, la police a donn\u00e9 les informations suivantes : \"Deux suspects ont \u00e9t\u00e9 arr\u00eat\u00e9s\u2026","protected":false},"author":0,"featured_media":132530,"comment_status":"","ping_status":"open","sticky":false,"template":"","format":"standard","meta":{"footnotes":""},"categories":[127],"tags":[],"class_list":["post-132575","post","type-post","status-publish","format-standard","has-post-thumbnail","hentry","category-nouvelles-de-voiture"],"acf":[],"yoast_head":"<!-- This site is optimized with the Yoast SEO plugin v21.2 - https:\/\/yoast.com\/wordpress\/plugins\/seo\/ -->\n<title>VID\u00c9O : Des hommes arm\u00e9s fuient la police dans une Audi RS3 mais s&#039;\u00e9crasent. - All cars news<\/title>\n<meta name=\"robots\" content=\"index, follow, max-snippet:-1, max-image-preview:large, max-video-preview:-1\" \/>\n<link rel=\"canonical\" href=\"https:\/\/all-car-news.com\/fr\/video-des-hommes-armes-fuient-la-police-dans-une-audi-rs3-mais-secrasent\/\" \/>\n<meta property=\"og:locale\" content=\"fr_FR\" \/>\n<meta property=\"og:type\" content=\"article\" \/>\n<meta property=\"og:title\" content=\"VID\u00c9O : Des hommes arm\u00e9s fuient la police dans une Audi RS3 mais s&#039;\u00e9crasent. - All cars news\" \/>\n<meta property=\"og:description\" content=\"D\u00e9claration de la police Dans un communiqu\u00e9, la police a donn\u00e9 les informations suivantes : &quot;Deux suspects ont \u00e9t\u00e9 arr\u00eat\u00e9s dans la ville limbourgeoise de Lomm apr\u00e8s avoir \u00e9t\u00e9 possiblement impliqu\u00e9s dans l&#039;explosion d&#039;une usine en Allemagne. Des coups de semonce ont \u00e9t\u00e9 tir\u00e9s lors de leur arrestation. Personne n&#039;a \u00e9t\u00e9 bless\u00e9. Les officiers n\u00e9erlandais ont entam\u00e9 la poursuite apr\u00e8s que les suspects aient travers\u00e9 la fronti\u00e8re allemande. Leur [...]\" \/>\n<meta property=\"og:url\" content=\"https:\/\/all-car-news.com\/fr\/video-des-hommes-armes-fuient-la-police-dans-une-audi-rs3-mais-secrasent\/\" \/>\n<meta property=\"og:site_name\" content=\"All cars news\" \/>\n<meta property=\"article:published_time\" content=\"2023-03-02T13:42:48+00:00\" \/>\n<meta name=\"twitter:card\" content=\"summary_large_image\" \/>\n<meta name=\"twitter:label1\" content=\"Dur\u00e9e de lecture estim\u00e9e\" \/>\n\t<meta name=\"twitter:data1\" content=\"1 minute\" \/>\n<script type=\"application\/ld+json\" class=\"yoast-schema-graph\">{\"@context\":\"https:\/\/schema.org\",\"@graph\":[{\"@type\":\"Article\",\"@id\":\"https:\/\/all-car-news.com\/fr\/video-des-hommes-armes-fuient-la-police-dans-une-audi-rs3-mais-secrasent\/#article\",\"isPartOf\":{\"@id\":\"https:\/\/all-car-news.com\/fr\/video-des-hommes-armes-fuient-la-police-dans-une-audi-rs3-mais-secrasent\/\"},\"author\":{\"name\":\"\",\"@id\":\"\"},\"headline\":\"VID\u00c9O : Des hommes arm\u00e9s fuient la police dans une Audi RS3 mais s&rsquo;\u00e9crasent.\",\"datePublished\":\"2023-03-02T13:42:48+00:00\",\"dateModified\":\"2023-03-02T13:42:48+00:00\",\"mainEntityOfPage\":{\"@id\":\"https:\/\/all-car-news.com\/fr\/video-des-hommes-armes-fuient-la-police-dans-une-audi-rs3-mais-secrasent\/\"},\"wordCount\":163,\"publisher\":{\"@id\":\"https:\/\/all-car-news.com\/fr\/#organization\"},\"articleSection\":[\"nouvelles de voiture\"],\"inLanguage\":\"fr-FR\"},{\"@type\":\"WebPage\",\"@id\":\"https:\/\/all-car-news.com\/fr\/video-des-hommes-armes-fuient-la-police-dans-une-audi-rs3-mais-secrasent\/\",\"url\":\"https:\/\/all-car-news.com\/fr\/video-des-hommes-armes-fuient-la-police-dans-une-audi-rs3-mais-secrasent\/\",\"name\":\"VID\u00c9O : Des hommes arm\u00e9s fuient la police dans une Audi RS3 mais s'\u00e9crasent. - All cars news\",\"isPartOf\":{\"@id\":\"https:\/\/all-car-news.com\/fr\/#website\"},\"datePublished\":\"2023-03-02T13:42:48+00:00\",\"dateModified\":\"2023-03-02T13:42:48+00:00\",\"breadcrumb\":{\"@id\":\"https:\/\/all-car-news.com\/fr\/video-des-hommes-armes-fuient-la-police-dans-une-audi-rs3-mais-secrasent\/#breadcrumb\"},\"inLanguage\":\"fr-FR\",\"potentialAction\":[{\"@type\":\"ReadAction\",\"target\":[\"https:\/\/all-car-news.com\/fr\/video-des-hommes-armes-fuient-la-police-dans-une-audi-rs3-mais-secrasent\/\"]}]},{\"@type\":\"BreadcrumbList\",\"@id\":\"https:\/\/all-car-news.com\/fr\/video-des-hommes-armes-fuient-la-police-dans-une-audi-rs3-mais-secrasent\/#breadcrumb\",\"itemListElement\":[{\"@type\":\"ListItem\",\"position\":1,\"name\":\"Home\",\"item\":\"https:\/\/all-car-news.com\/fr\/\"},{\"@type\":\"ListItem\",\"position\":2,\"name\":\"VID\u00c9O : Des hommes arm\u00e9s fuient la police dans une Audi RS3 mais s&rsquo;\u00e9crasent.\"}]},{\"@type\":\"WebSite\",\"@id\":\"https:\/\/all-car-news.com\/fr\/#website\",\"url\":\"https:\/\/all-car-news.com\/fr\/\",\"name\":\"All cars news\",\"description\":\"\",\"publisher\":{\"@id\":\"https:\/\/all-car-news.com\/fr\/#organization\"},\"potentialAction\":[{\"@type\":\"SearchAction\",\"target\":{\"@type\":\"EntryPoint\",\"urlTemplate\":\"https:\/\/all-car-news.com\/fr\/?s={search_term_string}\"},\"query-input\":\"required name=search_term_string\"}],\"inLanguage\":\"fr-FR\"},{\"@type\":\"Organization\",\"@id\":\"https:\/\/all-car-news.com\/fr\/#organization\",\"name\":\"All cars news\",\"url\":\"https:\/\/all-car-news.com\/fr\/\",\"logo\":{\"@type\":\"ImageObject\",\"inLanguage\":\"fr-FR\",\"@id\":\"https:\/\/all-car-news.com\/fr\/#\/schema\/logo\/image\/\",\"url\":\"https:\/\/all-car-news.com\/wp-content\/uploads\/2022\/02\/CMYK-AllCarNews_LANDSCAPE_300px-1.png\",\"contentUrl\":\"https:\/\/all-car-news.com\/wp-content\/uploads\/2022\/02\/CMYK-AllCarNews_LANDSCAPE_300px-1.png\",\"width\":300,\"height\":100,\"caption\":\"All cars news\"},\"image\":{\"@id\":\"https:\/\/all-car-news.com\/fr\/#\/schema\/logo\/image\/\"}}]}<\/script>\n<!-- \/ Yoast SEO plugin. -->","yoast_head_json":{"title":"VID\u00c9O : Des hommes arm\u00e9s fuient la police dans une Audi RS3 mais s'\u00e9crasent. - All cars news","robots":{"index":"index","follow":"follow","max-snippet":"max-snippet:-1","max-image-preview":"max-image-preview:large","max-video-preview":"max-video-preview:-1"},"canonical":"https:\/\/all-car-news.com\/fr\/video-des-hommes-armes-fuient-la-police-dans-une-audi-rs3-mais-secrasent\/","og_locale":"fr_FR","og_type":"article","og_title":"VID\u00c9O : Des hommes arm\u00e9s fuient la police dans une Audi RS3 mais s'\u00e9crasent. - All cars news","og_description":"D\u00e9claration de la police Dans un communiqu\u00e9, la police a donn\u00e9 les informations suivantes : \"Deux suspects ont \u00e9t\u00e9 arr\u00eat\u00e9s dans la ville limbourgeoise de Lomm apr\u00e8s avoir \u00e9t\u00e9 possiblement impliqu\u00e9s dans l'explosion d'une usine en Allemagne. Des coups de semonce ont \u00e9t\u00e9 tir\u00e9s lors de leur arrestation. Personne n'a \u00e9t\u00e9 bless\u00e9. Les officiers n\u00e9erlandais ont entam\u00e9 la poursuite apr\u00e8s que les suspects aient travers\u00e9 la fronti\u00e8re allemande. Leur [...]","og_url":"https:\/\/all-car-news.com\/fr\/video-des-hommes-armes-fuient-la-police-dans-une-audi-rs3-mais-secrasent\/","og_site_name":"All cars news","article_published_time":"2023-03-02T13:42:48+00:00","twitter_card":"summary_large_image","twitter_misc":{"Dur\u00e9e de lecture estim\u00e9e":"1 minute"},"schema":{"@context":"https:\/\/schema.org","@graph":[{"@type":"Article","@id":"https:\/\/all-car-news.com\/fr\/video-des-hommes-armes-fuient-la-police-dans-une-audi-rs3-mais-secrasent\/#article","isPartOf":{"@id":"https:\/\/all-car-news.com\/fr\/video-des-hommes-armes-fuient-la-police-dans-une-audi-rs3-mais-secrasent\/"},"author":{"name":"","@id":""},"headline":"VID\u00c9O : Des hommes arm\u00e9s fuient la police dans une Audi RS3 mais s&rsquo;\u00e9crasent.","datePublished":"2023-03-02T13:42:48+00:00","dateModified":"2023-03-02T13:42:48+00:00","mainEntityOfPage":{"@id":"https:\/\/all-car-news.com\/fr\/video-des-hommes-armes-fuient-la-police-dans-une-audi-rs3-mais-secrasent\/"},"wordCount":163,"publisher":{"@id":"https:\/\/all-car-news.com\/fr\/#organization"},"articleSection":["nouvelles de voiture"],"inLanguage":"fr-FR"},{"@type":"WebPage","@id":"https:\/\/all-car-news.com\/fr\/video-des-hommes-armes-fuient-la-police-dans-une-audi-rs3-mais-secrasent\/","url":"https:\/\/all-car-news.com\/fr\/video-des-hommes-armes-fuient-la-police-dans-une-audi-rs3-mais-secrasent\/","name":"VID\u00c9O : Des hommes arm\u00e9s fuient la police dans une Audi RS3 mais s'\u00e9crasent. - All cars news","isPartOf":{"@id":"https:\/\/all-car-news.com\/fr\/#website"},"datePublished":"2023-03-02T13:42:48+00:00","dateModified":"2023-03-02T13:42:48+00:00","breadcrumb":{"@id":"https:\/\/all-car-news.com\/fr\/video-des-hommes-armes-fuient-la-police-dans-une-audi-rs3-mais-secrasent\/#breadcrumb"},"inLanguage":"fr-FR","potentialAction":[{"@type":"ReadAction","target":["https:\/\/all-car-news.com\/fr\/video-des-hommes-armes-fuient-la-police-dans-une-audi-rs3-mais-secrasent\/"]}]},{"@type":"BreadcrumbList","@id":"https:\/\/all-car-news.com\/fr\/video-des-hommes-armes-fuient-la-police-dans-une-audi-rs3-mais-secrasent\/#breadcrumb","itemListElement":[{"@type":"ListItem","position":1,"name":"Home","item":"https:\/\/all-car-news.com\/fr\/"},{"@type":"ListItem","position":2,"name":"VID\u00c9O : Des hommes arm\u00e9s fuient la police dans une Audi RS3 mais s&rsquo;\u00e9crasent."}]},{"@type":"WebSite","@id":"https:\/\/all-car-news.com\/fr\/#website","url":"https:\/\/all-car-news.com\/fr\/","name":"All cars news","description":"","publisher":{"@id":"https:\/\/all-car-news.com\/fr\/#organization"},"potentialAction":[{"@type":"SearchAction","target":{"@type":"EntryPoint","urlTemplate":"https:\/\/all-car-news.com\/fr\/?s={search_term_string}"},"query-input":"required name=search_term_string"}],"inLanguage":"fr-FR"},{"@type":"Organization","@id":"https:\/\/all-car-news.com\/fr\/#organization","name":"All cars news","url":"https:\/\/all-car-news.com\/fr\/","logo":{"@type":"ImageObject","inLanguage":"fr-FR","@id":"https:\/\/all-car-news.com\/fr\/#\/schema\/logo\/image\/","url":"https:\/\/all-car-news.com\/wp-content\/uploads\/2022\/02\/CMYK-AllCarNews_LANDSCAPE_300px-1.png","contentUrl":"https:\/\/all-car-news.com\/wp-content\/uploads\/2022\/02\/CMYK-AllCarNews_LANDSCAPE_300px-1.png","width":300,"height":100,"caption":"All cars news"},"image":{"@id":"https:\/\/all-car-news.com\/fr\/#\/schema\/logo\/image\/"}}]}},"_links":{"self":[{"href":"https:\/\/all-car-news.com\/fr\/wp-json\/wp\/v2\/posts\/132575","targetHints":{"allow":["GET"]}}],"collection":[{"href":"https:\/\/all-car-news.com\/fr\/wp-json\/wp\/v2\/posts"}],"about":[{"href":"https:\/\/all-car-news.com\/fr\/wp-json\/wp\/v2\/types\/post"}],"replies":[{"embeddable":true,"href":"https:\/\/all-car-news.com\/fr\/wp-json\/wp\/v2\/comments?post=132575"}],"version-history":[{"count":0,"href":"https:\/\/all-car-news.com\/fr\/wp-json\/wp\/v2\/posts\/132575\/revisions"}],"wp:featuredmedia":[{"embeddable":true,"href":"https:\/\/all-car-news.com\/fr\/wp-json\/wp\/v2\/media\/132530"}],"wp:attachment":[{"href":"https:\/\/all-car-news.com\/fr\/wp-json\/wp\/v2\/media?parent=132575"}],"wp:term":[{"taxonomy":"category","embeddable":true,"href":"https:\/\/all-car-news.com\/fr\/wp-json\/wp\/v2\/categories?post=132575"},{"taxonomy":"post_tag","embeddable":true,"href":"https:\/\/all-car-news.com\/fr\/wp-json\/wp\/v2\/tags?post=132575"}],"curies":[{"name":"wp","href":"https:\/\/api.w.org\/{rel}","templated":true}]}}