{"id":132423,"date":"2023-02-27T10:55:00","date_gmt":"2023-02-27T10:55:00","guid":{"rendered":"https:\/\/all-car-news.com\/critique-bmw-ix5-hydrogen-une-bmw-x5-a-hydrogene-comment-se-conduit-elle\/"},"modified":"2023-02-27T10:55:00","modified_gmt":"2023-02-27T10:55:00","slug":"critique-bmw-ix5-hydrogen-une-bmw-x5-a-hydrogene-comment-se-conduit-elle","status":"publish","type":"post","link":"https:\/\/all-car-news.com\/fr\/critique-bmw-ix5-hydrogen-une-bmw-x5-a-hydrogene-comment-se-conduit-elle\/","title":{"rendered":"Critique &#8211; BMW iX5 Hydrogen : une BMW X5 \u00e0 hydrog\u00e8ne, comment se conduit-elle ?"},"content":{"rendered":"<h2>BMW iX5 Hydrogen : essai<\/h2>\n<p>Au cours des quatre derni\u00e8res ann\u00e9es, BMW Group a travaill\u00e9 intensivement au d\u00e9veloppement de la technologie de l&rsquo;hydrog\u00e8ne. La marque le fait en partenariat avec Toyota. Pourtant, on trouve tr\u00e8s peu de technologie Toyota dans la BMW iX5 Hydrogen. Seule la pile \u00e0 combustible provient de Toyota. Sinon, BMW a tout d\u00e9velopp\u00e9 en interne. Il indique que BMW prend la technologie de l&rsquo;hydrog\u00e8ne tr\u00e8s au s\u00e9rieux et travaille sur un dossier commercial.<\/p>\n<h2>\u00c9conomie de l&rsquo;hydrog\u00e8ne<\/h2>\n<p>\u00ab\u00a0L&rsquo;hydrog\u00e8ne est un vecteur d&rsquo;\u00e9nergie polyvalent qui joue un r\u00f4le essentiel dans la lutte pour la neutralit\u00e9 climatique\u00a0\u00bb, d\u00e9clare Frank Weber, membre du conseil ex\u00e9cutif de BMW AG et responsable du d\u00e9veloppement. \u00ab\u00a0Nous sommes certains que l&rsquo;hydrog\u00e8ne va prendre une importance significative pour la mobilit\u00e9 individuelle. Les piles \u00e0 combustible ne n\u00e9cessitent pas non plus de ressources rares telles que le cobalt, le lithium ou le nickel. Avec notre&nbsp;Gr\u00e2ce \u00e0 la <a href=\"https:\/\/autorai.nl\/bmw-ix5-hydrogen-voorjaar-2023-de-weg-op\/\" target=\"_blank\" rel=\"noreferrer noopener\">flotte d&rsquo;essai de la BMW iX5 Hydrogen<\/a>, nous pouvons obtenir de nouvelles informations pr\u00e9cieuses qui nous permettront de proposer aux clients une offre de produits attrayante lorsque l&rsquo;\u00e9conomie de l&rsquo;hydrog\u00e8ne deviendra une r\u00e9alit\u00e9 g\u00e9n\u00e9ralis\u00e9e.\u00a0\u00bb<\/p>\n<figure class=\"wp-block-image size-content\"><img decoding=\"async\" loading=\"lazy\" width=\"1140\" height=\"760\" src=\"https:\/\/autorai.nl\/wp-content\/uploads\/2023\/02\/BMW-iX5-Hydrogen-antwerpen-review-2023-foto-83-1140x760.jpg\" alt=\"BMW iX5 Hydrog\u00e8ne \u00e0 Anvers\" class=\"wp-image-152378\"><\/figure>\n<h2>BMW et l&rsquo;hydrog\u00e8ne : apr\u00e8s 2025<\/h2>\n<p>Il faut donc encore un peu de patience en ce qui concerne la technologie de l&rsquo;hydrog\u00e8ne. BMW pr\u00e9voit de lancer le premier mod\u00e8le dot\u00e9 de cette technologie apr\u00e8s 2025. Cela devient alors automatiquement un mod\u00e8le plus grand, comme la BMW X5 ou la BMW S\u00e9rie 7. Pour les petits v\u00e9hicules, la marque croit aux groupes motopropulseurs \u00e9lectriques \u00e0 batterie. Les v\u00e9hicules plus grands b\u00e9n\u00e9ficient en fait de syst\u00e8mes de propulsion hydrog\u00e8ne-\u00e9lectrique. Consid\u00e9rez \u00e9galement le secteur des transports, tant routiers que fluviaux.<\/p>\n<blockquote class=\"wp-block-quote\">\n<p><strong>\u00ab\u00a0BMW Group consid\u00e8re la technologie FCEV comme un compl\u00e9ment potentiel \u00e0 la technologie d&rsquo;entra\u00eenement des v\u00e9hicules \u00e9lectriques \u00e0 batterie.\u00a0\u00bb<\/strong><\/p>\n<p><cite>Groupe BMW<\/cite><\/p><\/blockquote>\n<h2>Quatri\u00e8me projet<\/h2>\n<p>BMW exp\u00e9rimente la technologie de l&rsquo;hydrog\u00e8ne depuis un certain temps. La marque a d\u00e9j\u00e0 pr\u00e9sent\u00e9 le bolide BMW h2R en f\u00e9vrier 2005, par exemple, et une BMW S\u00e9rie 7 dot\u00e9e d&rsquo;un V12 et de la technologie hydrog\u00e8ne est apparue en 2006. BMW a \u00e9galement travaill\u00e9 sur une S\u00e9rie 5 Gran Turismo avec la technologie de l&rsquo;hydrog\u00e8ne. Cette BMW iX5 Hydrogen est d\u00e9j\u00e0 le quatri\u00e8me mod\u00e8le \u00e0 hydrog\u00e8ne de BMW. La marque croit en une solution \u00e0 deux volets pour l&rsquo;avenir : batterie-\u00e9lectrique et hydrog\u00e8ne-\u00e9lectrique. Ce point est clair.<\/p>\n<h2>BMW iX5 Hydrogen &#8211; CONDUIRE dans une BMW X5 avec la technologie de l&rsquo;hydrog\u00e8ne &#8211; AutoRAI TV<\/h2>\n<\/p>\n<figure class=\"wp-block-embed is-type-video is-provider-youtube wp-block-embed-youtube wp-embed-aspect-16-9 wp-has-aspect-ratio\">\n<div class=\"wp-block-embed__wrapper\">\n<\/div>\n<\/figure>\n<h2>Chaussures pour enfants<\/h2>\n<p>Il est encore tr\u00e8s rare de pouvoir monter dans une nouvelle voiture \u00e9quip\u00e9e d&rsquo;un groupe motopropulseur hydrog\u00e8ne-\u00e9lectrique. Cela s&rsquo;explique principalement par le fait que la technologie en est encore \u00e0 ses d\u00e9buts. Des voitures comme la Toyota Mirai et la Hyundai Nexo sont d\u00e9j\u00e0 en vente. En outre, le constructeur Honda est \u00e9galement tr\u00e8s avanc\u00e9 sur le plan technologique. Une session d&rsquo;environ une heure et demie dans la BMW iX5 Hydrogen permet de constater rapidement que la technologie de l&rsquo;hydrog\u00e8ne est d\u00e9sormais au point. Nous sommes heureux de vous expliquer.<\/p>\n<h2>L&rsquo;hydrog\u00e8ne n&rsquo;est pas un carburant<\/h2>\n<p>La voiture se conduit comme une BMW X5 normale. C&rsquo;est le plus grand compliment pour BMW. Il est super silencieux, tr\u00e8s confortable et offre une grande sensation de direction, essentiellement comme nous l&rsquo;attendons du X5. Bien entendu, l&rsquo;iX5 Hydrogen fonctionne en mode enti\u00e8rement \u00e9lectrique, car il est faux de dire que l&rsquo;hydrog\u00e8ne est un carburant. L&rsquo;hydrog\u00e8ne est un vecteur d&rsquo;\u00e9nergie. Dans une pile \u00e0 combustible, l&rsquo;hydrog\u00e8ne r\u00e9agit avec l&rsquo;oxyg\u00e8ne pour produire de l&rsquo;\u00e9lectricit\u00e9. Le seul produit r\u00e9siduel : la vapeur d&rsquo;eau de l&rsquo;eau d\u00e9min\u00e9ralis\u00e9e. C&rsquo;est buvable, mais pas tr\u00e8s sain en raison du manque de min\u00e9raux.<\/p>\n<figure class=\"wp-block-image size-content is-resized\"><img decoding=\"async\" loading=\"lazy\" src=\"https:\/\/autorai.nl\/wp-content\/uploads\/2023\/02\/BMW-iX5-Hydrogen-antwerpen-review-2023-foto-22-1140x759.jpg\" alt=\"BMW iX5 Hydrog\u00e8ne\" class=\"wp-image-152317\" width=\"840\" height=\"559\"><\/figure>\n<h2>Vous conduisez \u00e9lectrique dans la BMW iX5 Hydrogen<\/h2>\n<p>Comme la BMW iX5 Hydrogen est enti\u00e8rement \u00e9lectrique, vous b\u00e9n\u00e9ficiez \u00e9galement des caract\u00e9ristiques d&rsquo;un tel groupe motopropulseur. Une traction instantan\u00e9e et toujours une agr\u00e9able pouss\u00e9e \u00e0 l&rsquo;arri\u00e8re \u00e0 plein r\u00e9gime. Le groupe motopropulseur de cette BMW X5 se compose de plusieurs \u00e9l\u00e9ments. Sous le capot se cache la pile \u00e0 combustible, qui est plac\u00e9e en position verticale. La puissance de la pile \u00e0 combustible est de 125 kW (170 ch). Un puissant moteur \u00e9lectrique provenant de la <a href=\"https:\/\/www.youtube.com\/watch?v=LikxXlK9odo\" target=\"_blank\" rel=\"noreferrer noopener\">BMW iX<\/a> se cache sur l&rsquo;essieu arri\u00e8re. Lorsque la batterie lithium-ion de 2,3 kWh est compl\u00e8tement charg\u00e9e, elle d\u00e9veloppe une puissance de 401 ch (295 kW) et un couple impressionnant de 720 Nm.<\/p>\n<h2>BMW iX5 Hydrog\u00e8ne<\/h2>\n<p>L&rsquo;hydrog\u00e8ne n\u00e9cessaire \u00e0 la pile \u00e0 combustible est stock\u00e9 dans deux r\u00e9servoirs d&rsquo;hydrog\u00e8ne. L&rsquo;un est plac\u00e9 longitudinalement sous le tunnel central, tandis que l&rsquo;autre se trouve transversalement sous le si\u00e8ge arri\u00e8re. Les deux r\u00e9servoirs ont une capacit\u00e9 de 6 kilogrammes d&rsquo;hydrog\u00e8ne, stock\u00e9 \u00e0 une pression de 700 bars. Le ravitaillement en hydrog\u00e8ne ne prend que trois \u00e0 quatre minutes. Ainsi, avec un prix de 17,99 euros par kilogramme d&rsquo;hydrog\u00e8ne dans une station-service, il faut compter environ 100 euros pour un r\u00e9servoir plein. Avec cela, vous pouvez ensuite parcourir 500 kilom\u00e8tres suppl\u00e9mentaires (WLTP).<\/p>\n<figure class=\"wp-block-image size-content\"><img decoding=\"async\" loading=\"lazy\" width=\"1140\" height=\"760\" src=\"https:\/\/autorai.nl\/wp-content\/uploads\/2023\/02\/BMW-iX5-Hydrogen-antwerpen-review-2023-foto-72-1140x760.jpg\" alt=\"BMW iX5 Hydrog\u00e8ne\" class=\"wp-image-152367\"><\/figure>\n<h2>Vert ou bleu s&rsquo;il vous pla\u00eet<\/h2>\n<p>C&rsquo;est donc tr\u00e8s int\u00e9ressant, surtout si le prix de l&rsquo;hydrog\u00e8ne diminue \u00e0 l&rsquo;avenir. Cette technologie est tout \u00e0 fait logique si l&rsquo;hydrog\u00e8ne est g\u00e9n\u00e9r\u00e9 de mani\u00e8re verte ou bleue. C&rsquo;est-\u00e0-dire que l&rsquo;hydrog\u00e8ne est fabriqu\u00e9 \u00e0 partir de l&rsquo;\u00e9nergie solaire ou \u00e9olienne (vert) ou de l&rsquo;\u00e9nergie hydraulique (bleu). Actuellement, l&rsquo;hydrog\u00e8ne est encore \u00ab\u00a0gris\u00a0\u00bb car il faut du gaz naturel pour le produire. Il reste beaucoup de travail \u00e0 faire dans ce domaine.<\/p>\n<h2>Nous n&rsquo;y arriverons pas avec les seuls VEB.<\/h2>\n<p>Les parcs solaires d&rsquo;Afrique du Nord, o\u00f9 des milliers de panneaux solaires produisent non seulement de l&rsquo;\u00e9nergie mais aussi de l&rsquo;hydrog\u00e8ne en cas de surcapacit\u00e9, sont prometteurs. Le r\u00e9seau de pipelines vers l&rsquo;Europe est d\u00e9j\u00e0 en place. En fait, vous obtiendrez de l&rsquo;hydrog\u00e8ne \u00ab\u00a0gratuit\u00a0\u00bb, ce qui r\u00e9duira consid\u00e9rablement le prix. Si l&rsquo;hydrog\u00e8ne devient vraiment durable, il y aura une \u00e9norme transition. Parce qu&rsquo;avec les seuls BEV, nous n&rsquo;y arriverons pas. Les batteries sont excessivement ch\u00e8res et n\u00e9cessitent des m\u00e9taux pr\u00e9cieux et surtout rares. En outre, avec des milliards d&rsquo;automobilistes, une voiture \u00e0 hydrog\u00e8ne s&rsquo;int\u00e8gre bien mieux dans le sch\u00e9ma d&rsquo;utilisation. Conduire, faire le plein d&rsquo;essence bri\u00e8vement et continuer. Exactement comme vous en avez l&rsquo;habitude. C&rsquo;est aussi simple que cela. Il est \u00e9galement assez simple de convertir les stations-service essence et diesel existantes en sites de ravitaillement en hydrog\u00e8ne.<\/p>\n<figure class=\"wp-block-image size-content\"><img decoding=\"async\" loading=\"lazy\" width=\"1140\" height=\"760\" src=\"https:\/\/autorai.nl\/wp-content\/uploads\/2023\/02\/BMW-iX5-Hydrogen-antwerpen-review-2023-foto-14-1140x760.jpg\" alt=\"\" class=\"wp-image-152309\"><\/figure>\n<h2>R\u00f4le important dans les gouvernements et les compagnies p\u00e9troli\u00e8res<\/h2>\n<p>Un r\u00f4le important revient aux gouvernements et aux compagnies p\u00e9troli\u00e8res. Ceux-ci ont le pouvoir et l&rsquo;argent n\u00e9cessaires pour investir dans la technologie de l&rsquo;hydrog\u00e8ne. Mais ces investissements sont lents. Rien de surprenant, bien s\u00fbr, puisque les compagnies p\u00e9troli\u00e8res gagnent encore des milliards gr\u00e2ce aux combustibles fossiles. Les int\u00e9r\u00eats commerciaux priment ici sur une mobilit\u00e9 plus durable. Bref, c&rsquo;est une autre discussion. L&rsquo;hydrog\u00e8ne se d\u00e9veloppe, mais tr\u00e8s lentement. C&rsquo;est diff\u00e9rent avec les BEV.<\/p>\n<h2>Combien cela va-t-il me co\u00fbter ?<\/h2>\n<p>Le r\u00e9sultat final a tout \u00e0 voir avec le bon prix. C&rsquo;est ainsi que le monde fonctionne. Qu&rsquo;est-ce qui est le plus \u00e9conomique et le plus pratique pour moi ? Cette question est au c\u0153ur des pr\u00e9occupations des consommateurs. La confiance dans la technologie de l&rsquo;hydrog\u00e8ne est d\u00e9sormais une \u00e9vidence, car elle est extr\u00eamement populaire. La question n&rsquo;est pas de savoir si le BEV ou le FCEV est meilleur. Nous avons besoin des deux syst\u00e8mes. Ce n&rsquo;est pas pour rien que BMW acquiert des connaissances et de l&rsquo;exp\u00e9rience avec l&rsquo;iX5 Hydrogen.<\/p>\n<figure class=\"wp-block-image size-content\"><img decoding=\"async\" loading=\"lazy\" width=\"1140\" height=\"759\" src=\"https:\/\/autorai.nl\/wp-content\/uploads\/2023\/02\/BMW-iX5-Hydrogen-antwerpen-review-2023-foto-68-1140x759.jpg\" alt=\"Int\u00e9rieur de la BMW iX5 Hydrogen\" class=\"wp-image-152363\"><\/figure>\n<h2>Production \u00e0 Munich<\/h2>\n<p>\u00c0 propos, BMW produit la BMW iX5 Hydrogen dans l&rsquo;usine pilote du groupe BMW au <a href=\"https:\/\/autorai.nl\/bmw-ix5-hydrogen-zo-wordt-deze-waterstof-suv-gebouwd\/\">centre de recherche et d&rsquo;innovation de Munich<\/a>. Il s&rsquo;agit d&rsquo;une sorte de plaque tournante entre la phase de d\u00e9veloppement et la phase de production \u00e0 grande \u00e9chelle o\u00f9 chaque nouveau mod\u00e8le de l&rsquo;une des marques de BMW Group est fabriqu\u00e9 pour la premi\u00e8re fois.<\/p>\n<p>Le centre emploie environ 900 personnes dans les domaines de la carrosserie, de l&rsquo;assemblage, de la construction de mod\u00e8les, de la construction de v\u00e9hicules conceptuels et de la fabrication. Ils travaillent chacun sur un maximum de six projets de v\u00e9hicules simultan\u00e9ment et ont pour mission de s&rsquo;assurer que le produit et le processus de production sont pr\u00eats pour la production en s\u00e9rie.<\/p>\n<h2>La transition \u00e9nerg\u00e9tique mondiale<\/h2>\n<p>Selon un rapport de l&rsquo;Agence internationale de l&rsquo;\u00e9nergie (AIE), le potentiel de l&rsquo;hydrog\u00e8ne comme future source d&rsquo;\u00e9nergie pour la transition \u00e9nerg\u00e9tique mondiale est \u00e9norme. Gr\u00e2ce \u00e0 ses capacit\u00e9s de stockage et de transport, l&rsquo;hydrog\u00e8ne peut \u00eatre utilis\u00e9 pour un large \u00e9ventail d&rsquo;applications. La plupart des pays industrialis\u00e9s adoptent donc des strat\u00e9gies en mati\u00e8re d&rsquo;hydrog\u00e8ne et les soutiennent par des feuilles de route et des projets concrets.  <\/p>\n<p>Dans le secteur des transports, l&rsquo;hydrog\u00e8ne &#8211; parall\u00e8lement \u00e0 la mobilit\u00e9 \u00e9lectrique \u00e0 batterie &#8211; pourrait constituer une option technologique suppl\u00e9mentaire pour fa\u00e7onner une mobilit\u00e9 individuelle durable \u00e0 long terme. Toutefois, cela d\u00e9pendra de la production comp\u00e9titive de quantit\u00e9s suffisantes d&rsquo;hydrog\u00e8ne \u00e0 partir d&rsquo;\u00e9lectricit\u00e9 verte et de l&rsquo;expansion de l&rsquo;infrastructure de ravitaillement en hydrog\u00e8ne associ\u00e9e, qui fait d\u00e9j\u00e0 l&rsquo;objet d&rsquo;efforts intensifs dans de nombreux pays. \u00c9galement aux Pays-Bas. De plus en plus de sites de ravitaillement en hydrog\u00e8ne s&rsquo;ouvrent dans notre pays.  <\/p>\n<figure class=\"wp-block-image size-content\"><img decoding=\"async\" loading=\"lazy\" width=\"1140\" height=\"760\" src=\"https:\/\/autorai.nl\/wp-content\/uploads\/2023\/02\/BMW-iX5-Hydrogen-antwerpen-review-2023-foto-84-1140x760.jpg\" alt=\"\" class=\"wp-image-152379\"><\/figure>\n<h2>Conclusion BMW iX5 Hydrog\u00e8ne 2023<\/h2>\n<p>Des milliers de mots pourraient \u00eatre consacr\u00e9s \u00e0 la technologie de l&rsquo;hydrog\u00e8ne. Tout simplement parce qu&rsquo;il y a tant \u00e0 dire et \u00e0 expliquer. L&rsquo;<em>essentiel<\/em> est que la technologie de l&rsquo;hydrog\u00e8ne est sur le point d&rsquo;aboutir. La pile \u00e0 combustible progresse et deviendra de moins en moins ch\u00e8re dans un avenir proche. Si les sites de ravitaillement en hydrog\u00e8ne se multiplient en Europe, si les prix des voitures baissent et si l&rsquo;hydrog\u00e8ne est produit de mani\u00e8re durable, l&rsquo;avenir de l&rsquo;hydrog\u00e8ne est tr\u00e8s prometteur. D&rsquo;une certaine mani\u00e8re, il est dommage et surtout frustrant que la BMW iX5 Hydrogen soit d\u00e9j\u00e0 pr\u00eate pour cela. Parce que la voiture se conduit tr\u00e8s bien et est tout \u00e0 fait normale. En bref : c&rsquo;est ce que les gens veulent avoir. Il suffit de hausser les \u00e9paules et d&rsquo;utiliser l&rsquo;hydrog\u00e8ne.<\/p>\n<h2>Donn\u00e9es techniques BMW iX5 Hydrogen<\/h2>\n<ul>\n<li>Puissance maximale du moteur \u00e9lectrique : 295 kW\/401 hp<\/li>\n<li>Couple maximal du moteur \u00e9lectrique : 720 Nm<\/li>\n<li>Puissance continue de la pile \u00e0 combustible : 125 kW\/170 hp<\/li>\n<li>Acc\u00e9l\u00e9ration 0-100 km\/h : moins de 6 secondes<\/li>\n<li>Vitesse maximale : 205 km\/h (avec une batterie compl\u00e8tement charg\u00e9e), 185 km\/h<\/li>\n<li>Consommation d&rsquo;hydrog\u00e8ne en cycle d&rsquo;essai WLTP : 1,19 kg\/100 km<\/li>\n<li>Autonomie en cycle d&rsquo;essai WLTP : 504 km<\/li>\n<li>Capacit\u00e9 2 r\u00e9servoirs d&rsquo;hydrog\u00e8ne : 6 kg d&rsquo;hydrog\u00e8ne gazeux<\/li>\n<li>Temps de remplissage des r\u00e9servoirs d&rsquo;hydrog\u00e8ne : 3-4 minutes<\/li>\n<li>Transmission : roues arri\u00e8re<\/li>\n<\/ul>\n<div class=\"galery shuffle galery-0\">\n<figure>\n\t\t\t\t\t<span style=\"cursor: pointer\" data-src=\"https:\/\/autorai.nl\/wp-content\/uploads\/2023\/02\/BMW-iX5-Hydrogen-antwerpen-review-2023-foto-2-1600x1065.jpg\" data-fancybox=\"galery-0\" title=\"Sur place BMW iX5 Hydrogen Antwerp\"><br \/>\n\t\t\t\t\t\t\t<img decoding=\"async\" width=\"640\" height=\"480\" src=\"https:\/\/autorai.nl\/wp-content\/uploads\/2023\/02\/BMW-iX5-Hydrogen-antwerpen-review-2023-foto-2-640x480.jpg\" class=\"attachment-medium size-medium\" alt=\"\" loading=\"lazy\"><i class=\"fa fa-search-plus\" aria-hidden=\"true\"><\/i><br \/>\n\t\t\t\t\t\t<\/span><br \/>\n\t\t\t\t\t<\/figure>\n<figure>\n\t\t\t\t\t<span style=\"cursor: pointer\" data-src=\"https:\/\/autorai.nl\/wp-content\/uploads\/2023\/02\/BMW-iX5-Hydrogen-antwerpen-review-2023-foto-4-1600x1065.jpg\" data-fancybox=\"galery-0\" title=\"Sur place BMW iX5 Hydrogen Antwerp\"><br \/>\n\t\t\t\t\t\t\t<img decoding=\"async\" width=\"360\" height=\"270\" src=\"https:\/\/autorai.nl\/wp-content\/uploads\/2023\/02\/BMW-iX5-Hydrogen-antwerpen-review-2023-foto-4-360x270.jpg\" class=\"attachment-small size-small\" alt=\"\" loading=\"lazy\"><i class=\"fa fa-search-plus\" aria-hidden=\"true\"><\/i><br \/>\n\t\t\t\t\t\t<\/span><br \/>\n\t\t\t\t\t<\/figure>\n<figure>\n\t\t\t\t\t<span style=\"cursor: pointer\" data-src=\"https:\/\/autorai.nl\/wp-content\/uploads\/2023\/02\/BMW-iX5-Hydrogen-antwerpen-review-2023-foto-6-1600x1065.jpg\" data-fancybox=\"galery-0\" title=\"Sur place BMW iX5 Hydrogen Antwerp\"><br \/>\n\t\t\t\t\t\t\t<img decoding=\"async\" width=\"360\" height=\"270\" src=\"https:\/\/autorai.nl\/wp-content\/uploads\/2023\/02\/BMW-iX5-Hydrogen-antwerpen-review-2023-foto-6-360x270.jpg\" class=\"attachment-small size-small\" alt=\"\" loading=\"lazy\"><i class=\"fa fa-search-plus\" aria-hidden=\"true\"><\/i><br \/>\n\t\t\t\t\t\t<\/span><br \/>\n\t\t\t\t\t<\/figure>\n<figure>\n\t\t\t\t\t<span style=\"cursor: pointer\" data-src=\"https:\/\/autorai.nl\/wp-content\/uploads\/2023\/02\/BMW-iX5-Hydrogen-antwerpen-review-2023-foto-7-1600x1065.jpg\" data-fancybox=\"galery-0\" title=\"Sur place BMW iX5 Hydrogen Antwerp\"><br \/>\n\t\t\t\t\t\t\t<img decoding=\"async\" width=\"640\" height=\"480\" src=\"https:\/\/autorai.nl\/wp-content\/uploads\/2023\/02\/BMW-iX5-Hydrogen-antwerpen-review-2023-foto-7-640x480.jpg\" class=\"attachment-medium size-medium\" alt=\"\" loading=\"lazy\"><i class=\"fa fa-search-plus\" aria-hidden=\"true\"><\/i><br \/>\n\t\t\t\t\t\t<\/span><br \/>\n\t\t\t\t\t<\/figure>\n<figure>\n\t\t\t\t\t<span style=\"cursor: pointer\" data-src=\"https:\/\/autorai.nl\/wp-content\/uploads\/2023\/02\/BMW-iX5-Hydrogen-antwerpen-review-2023-foto-10-1600x1065.jpg\" data-fancybox=\"galery-0\" title=\"Sur place BMW iX5 Hydrogen Antwerp\"><br \/>\n\t\t\t\t\t\t\t<img decoding=\"async\" width=\"360\" height=\"270\" src=\"https:\/\/autorai.nl\/wp-content\/uploads\/2023\/02\/BMW-iX5-Hydrogen-antwerpen-review-2023-foto-10-360x270.jpg\" class=\"attachment-small size-small\" alt=\"\" loading=\"lazy\"><i class=\"fa fa-search-plus\" aria-hidden=\"true\"><\/i><br \/>\n\t\t\t\t\t\t<\/span><br \/>\n\t\t\t\t\t<\/figure>\n<figure>\n\t\t\t\t\t<span style=\"cursor: pointer\" data-src=\"https:\/\/autorai.nl\/wp-content\/uploads\/2023\/02\/BMW-iX5-Hydrogen-antwerpen-review-2023-foto-16-1600x1067.jpg\" data-fancybox=\"galery-0\" title=\"Sur place BMW iX5 Hydrogen Antwerp\"><br \/>\n\t\t\t\t\t\t\t<img decoding=\"async\" width=\"360\" height=\"270\" src=\"https:\/\/autorai.nl\/wp-content\/uploads\/2023\/02\/BMW-iX5-Hydrogen-antwerpen-review-2023-foto-16-360x270.jpg\" class=\"attachment-small size-small\" alt=\"\" loading=\"lazy\"><i class=\"fa fa-search-plus\" aria-hidden=\"true\"><\/i><br \/>\n\t\t\t\t\t\t<\/span><br \/>\n\t\t\t\t\t<\/figure>\n<figure>\n\t\t\t\t\t<span style=\"cursor: pointer\" data-src=\"https:\/\/autorai.nl\/wp-content\/uploads\/2023\/02\/BMW-iX5-Hydrogen-antwerpen-review-2023-foto-18-1600x1065.jpg\" data-fancybox=\"galery-0\" title=\"Sur place BMW iX5 Hydrogen Antwerp\"><br \/>\n\t\t\t\t\t\t\t<img decoding=\"async\" width=\"640\" height=\"480\" src=\"https:\/\/autorai.nl\/wp-content\/uploads\/2023\/02\/BMW-iX5-Hydrogen-antwerpen-review-2023-foto-18-640x480.jpg\" class=\"attachment-medium size-medium\" alt=\"\" loading=\"lazy\"><i class=\"fa fa-search-plus\" aria-hidden=\"true\"><\/i><br \/>\n\t\t\t\t\t\t<\/span><br \/>\n\t\t\t\t\t<\/figure>\n<figure>\n\t\t\t\t\t<span style=\"cursor: pointer\" data-src=\"https:\/\/autorai.nl\/wp-content\/uploads\/2023\/02\/BMW-iX5-Hydrogen-antwerpen-review-2023-foto-21-1600x1065.jpg\" data-fancybox=\"galery-0\" title=\"Sur place BMW iX5 Hydrogen Antwerp\"><br \/>\n\t\t\t\t\t\t\t<img decoding=\"async\" width=\"360\" height=\"270\" src=\"https:\/\/autorai.nl\/wp-content\/uploads\/2023\/02\/BMW-iX5-Hydrogen-antwerpen-review-2023-foto-21-360x270.jpg\" class=\"attachment-small size-small\" alt=\"\" loading=\"lazy\"><i class=\"fa fa-search-plus\" aria-hidden=\"true\"><\/i><br \/>\n\t\t\t\t\t\t<\/span><br \/>\n\t\t\t\t\t<\/figure>\n<figure>\n\t\t\t\t\t<span style=\"cursor: pointer\" data-src=\"https:\/\/autorai.nl\/wp-content\/uploads\/2023\/02\/BMW-iX5-Hydrogen-antwerpen-review-2023-foto-27-1600x1067.jpg\" data-fancybox=\"galery-0\" title=\"Sur place BMW iX5 Hydrogen Antwerp\"><br \/>\n\t\t\t\t\t\t\t<img decoding=\"async\" width=\"360\" height=\"270\" src=\"https:\/\/autorai.nl\/wp-content\/uploads\/2023\/02\/BMW-iX5-Hydrogen-antwerpen-review-2023-foto-27-360x270.jpg\" class=\"attachment-small size-small\" alt=\"\" loading=\"lazy\"><i class=\"fa fa-search-plus\" aria-hidden=\"true\"><\/i><br \/>\n\t\t\t\t\t\t<\/span><br \/>\n\t\t\t\t\t<\/figure>\n<figure>\n\t\t\t\t\t<span style=\"cursor: pointer\" data-src=\"https:\/\/autorai.nl\/wp-content\/uploads\/2023\/02\/BMW-iX5-Hydrogen-antwerpen-review-2023-foto-24-1600x1065.jpg\" data-fancybox=\"galery-0\" title=\"Sur place BMW iX5 Hydrogen Antwerp\"><br \/>\n\t\t\t\t\t\t\t<img decoding=\"async\" width=\"640\" height=\"480\" src=\"https:\/\/autorai.nl\/wp-content\/uploads\/2023\/02\/BMW-iX5-Hydrogen-antwerpen-review-2023-foto-24-640x480.jpg\" class=\"attachment-medium size-medium\" alt=\"\" loading=\"lazy\"><i class=\"fa fa-search-plus\" aria-hidden=\"true\"><\/i><br \/>\n\t\t\t\t\t\t<\/span><br \/>\n\t\t\t\t\t<\/figure>\n<figure>\n\t\t\t\t\t<span style=\"cursor: pointer\" data-src=\"https:\/\/autorai.nl\/wp-content\/uploads\/2023\/02\/BMW-iX5-Hydrogen-antwerpen-review-2023-foto-32-1600x1067.jpg\" data-fancybox=\"galery-0\" title=\"Sur place BMW iX5 Hydrogen Antwerp\"><br \/>\n\t\t\t\t\t\t\t<img decoding=\"async\" width=\"360\" height=\"270\" src=\"https:\/\/autorai.nl\/wp-content\/uploads\/2023\/02\/BMW-iX5-Hydrogen-antwerpen-review-2023-foto-32-360x270.jpg\" class=\"attachment-small size-small\" alt=\"\" loading=\"lazy\"><i class=\"fa fa-search-plus\" aria-hidden=\"true\"><\/i><br \/>\n\t\t\t\t\t\t<\/span><br \/>\n\t\t\t\t\t<\/figure>\n<figure>\n\t\t\t\t\t<span style=\"cursor: pointer\" data-src=\"https:\/\/autorai.nl\/wp-content\/uploads\/2023\/02\/BMW-iX5-Hydrogen-antwerpen-review-2023-foto-36-1600x1067.jpg\" data-fancybox=\"galery-0\" title=\"Sur place BMW iX5 Hydrogen Antwerp\"><br \/>\n\t\t\t\t\t\t\t<img decoding=\"async\" width=\"360\" height=\"270\" src=\"https:\/\/autorai.nl\/wp-content\/uploads\/2023\/02\/BMW-iX5-Hydrogen-antwerpen-review-2023-foto-36-360x270.jpg\" class=\"attachment-small size-small\" alt=\"\" loading=\"lazy\"><i class=\"fa fa-search-plus\" aria-hidden=\"true\"><\/i><br \/>\n\t\t\t\t\t\t<\/span><br \/>\n\t\t\t\t\t<\/figure>\n<figure>\n\t\t\t\t\t<span style=\"cursor: pointer\" data-src=\"https:\/\/autorai.nl\/wp-content\/uploads\/2023\/02\/BMW-iX5-Hydrogen-antwerpen-review-2023-foto-37-1600x1067.jpg\" data-fancybox=\"galery-0\" title=\"Sur place BMW iX5 Hydrogen Antwerp\"><br \/>\n\t\t\t\t\t\t\t<img decoding=\"async\" width=\"640\" height=\"480\" src=\"https:\/\/autorai.nl\/wp-content\/uploads\/2023\/02\/BMW-iX5-Hydrogen-antwerpen-review-2023-foto-37-640x480.jpg\" class=\"attachment-medium size-medium\" alt=\"\" loading=\"lazy\"><i class=\"fa fa-search-plus\" aria-hidden=\"true\"><\/i><br \/>\n\t\t\t\t\t\t<\/span><br \/>\n\t\t\t\t\t<\/figure>\n<figure>\n\t\t\t\t\t<span style=\"cursor: pointer\" data-src=\"https:\/\/autorai.nl\/wp-content\/uploads\/2023\/02\/BMW-iX5-Hydrogen-antwerpen-review-2023-foto-30-1600x1067.jpg\" data-fancybox=\"galery-0\" title=\"Sur place BMW iX5 Hydrogen Antwerp\"><br \/>\n\t\t\t\t\t\t\t<img decoding=\"async\" width=\"360\" height=\"270\" src=\"https:\/\/autorai.nl\/wp-content\/uploads\/2023\/02\/BMW-iX5-Hydrogen-antwerpen-review-2023-foto-30-360x270.jpg\" class=\"attachment-small size-small\" alt=\"\" loading=\"lazy\"><i class=\"fa fa-search-plus\" aria-hidden=\"true\"><\/i><br \/>\n\t\t\t\t\t\t<\/span><br \/>\n\t\t\t\t\t<\/figure>\n<figure>\n\t\t\t\t\t<span style=\"cursor: pointer\" data-src=\"https:\/\/autorai.nl\/wp-content\/uploads\/2023\/02\/BMW-iX5-Hydrogen-antwerpen-review-2023-foto-38-1600x1067.jpg\" data-fancybox=\"galery-0\" title=\"Sur place BMW iX5 Hydrogen Antwerp\"><br \/>\n\t\t\t\t\t\t\t<img decoding=\"async\" width=\"360\" height=\"270\" src=\"https:\/\/autorai.nl\/wp-content\/uploads\/2023\/02\/BMW-iX5-Hydrogen-antwerpen-review-2023-foto-38-360x270.jpg\" class=\"attachment-small size-small\" alt=\"\" loading=\"lazy\"><i class=\"fa fa-search-plus\" aria-hidden=\"true\"><\/i><br \/>\n\t\t\t\t\t\t<\/span><br \/>\n\t\t\t\t\t<\/figure>\n<figure>\n\t\t\t\t\t<span style=\"cursor: pointer\" data-src=\"https:\/\/autorai.nl\/wp-content\/uploads\/2023\/02\/BMW-iX5-Hydrogen-antwerpen-review-2023-foto-31-1600x1067.jpg\" data-fancybox=\"galery-0\" title=\"Sur place BMW iX5 Hydrogen Antwerp\"><br \/>\n\t\t\t\t\t\t\t<img decoding=\"async\" width=\"640\" height=\"480\" src=\"https:\/\/autorai.nl\/wp-content\/uploads\/2023\/02\/BMW-iX5-Hydrogen-antwerpen-review-2023-foto-31-640x480.jpg\" class=\"attachment-medium size-medium\" alt=\"\" loading=\"lazy\"><i class=\"fa fa-search-plus\" aria-hidden=\"true\"><\/i><br \/>\n\t\t\t\t\t\t<\/span><br \/>\n\t\t\t\t\t<\/figure>\n<figure>\n\t\t\t\t\t<span style=\"cursor: pointer\" data-src=\"https:\/\/autorai.nl\/wp-content\/uploads\/2023\/02\/BMW-iX5-Hydrogen-antwerpen-review-2023-foto-33-1600x1067.jpg\" data-fancybox=\"galery-0\" title=\"Sur place BMW iX5 Hydrogen Antwerp\"><br \/>\n\t\t\t\t\t\t\t<img decoding=\"async\" width=\"360\" height=\"270\" src=\"https:\/\/autorai.nl\/wp-content\/uploads\/2023\/02\/BMW-iX5-Hydrogen-antwerpen-review-2023-foto-33-360x270.jpg\" class=\"attachment-small size-small\" alt=\"\" loading=\"lazy\"><i class=\"fa fa-search-plus\" aria-hidden=\"true\"><\/i><br \/>\n\t\t\t\t\t\t<\/span><br \/>\n\t\t\t\t\t<\/figure>\n<figure>\n\t\t\t\t\t<span style=\"cursor: pointer\" data-src=\"https:\/\/autorai.nl\/wp-content\/uploads\/2023\/02\/BMW-iX5-Hydrogen-antwerpen-review-2023-foto-40-1600x1067.jpg\" data-fancybox=\"galery-0\" title=\"Sur place BMW iX5 Hydrogen Antwerp\"><br \/>\n\t\t\t\t\t\t\t<img decoding=\"async\" width=\"360\" height=\"270\" src=\"https:\/\/autorai.nl\/wp-content\/uploads\/2023\/02\/BMW-iX5-Hydrogen-antwerpen-review-2023-foto-40-360x270.jpg\" class=\"attachment-small size-small\" alt=\"\" loading=\"lazy\"><i class=\"fa fa-search-plus\" aria-hidden=\"true\"><\/i><br \/>\n\t\t\t\t\t\t<\/span><br \/>\n\t\t\t\t\t<\/figure>\n<figure>\n\t\t\t\t\t<span style=\"cursor: pointer\" data-src=\"https:\/\/autorai.nl\/wp-content\/uploads\/2023\/02\/BMW-iX5-Hydrogen-antwerpen-review-2023-foto-42-1600x1067.jpg\" data-fancybox=\"galery-0\" title=\"Sur place BMW iX5 Hydrogen Antwerp\"><br \/>\n\t\t\t\t\t\t\t<img decoding=\"async\" width=\"640\" height=\"480\" src=\"https:\/\/autorai.nl\/wp-content\/uploads\/2023\/02\/BMW-iX5-Hydrogen-antwerpen-review-2023-foto-42-640x480.jpg\" class=\"attachment-medium size-medium\" alt=\"\" loading=\"lazy\"><i class=\"fa fa-search-plus\" aria-hidden=\"true\"><\/i><br \/>\n\t\t\t\t\t\t<\/span><br \/>\n\t\t\t\t\t<\/figure>\n<figure>\n\t\t\t\t\t<span style=\"cursor: pointer\" data-src=\"https:\/\/autorai.nl\/wp-content\/uploads\/2023\/02\/BMW-iX5-Hydrogen-antwerpen-review-2023-foto-41-1600x1067.jpg\" data-fancybox=\"galery-0\" title=\"Sur place BMW iX5 Hydrogen Antwerp\"><br \/>\n\t\t\t\t\t\t\t<img decoding=\"async\" width=\"360\" height=\"270\" src=\"https:\/\/autorai.nl\/wp-content\/uploads\/2023\/02\/BMW-iX5-Hydrogen-antwerpen-review-2023-foto-41-360x270.jpg\" class=\"attachment-small size-small\" alt=\"\" loading=\"lazy\"><i class=\"fa fa-search-plus\" aria-hidden=\"true\"><\/i><br \/>\n\t\t\t\t\t\t<\/span><br \/>\n\t\t\t\t\t<\/figure>\n<figure>\n\t\t\t\t\t<span style=\"cursor: pointer\" data-src=\"https:\/\/autorai.nl\/wp-content\/uploads\/2023\/02\/BMW-iX5-Hydrogen-antwerpen-review-2023-foto-45-1600x1067.jpg\" data-fancybox=\"galery-0\" title=\"Sur place BMW iX5 Hydrogen Antwerp\"><br \/>\n\t\t\t\t\t\t\t<img decoding=\"async\" width=\"360\" height=\"270\" src=\"https:\/\/autorai.nl\/wp-content\/uploads\/2023\/02\/BMW-iX5-Hydrogen-antwerpen-review-2023-foto-45-360x270.jpg\" class=\"attachment-small size-small\" alt=\"\" loading=\"lazy\"><i class=\"fa fa-search-plus\" aria-hidden=\"true\"><\/i><br \/>\n\t\t\t\t\t\t<\/span><br \/>\n\t\t\t\t\t<\/figure>\n<figure>\n\t\t\t\t\t<span style=\"cursor: pointer\" data-src=\"https:\/\/autorai.nl\/wp-content\/uploads\/2023\/02\/BMW-iX5-Hydrogen-antwerpen-review-2023-foto-44-1600x1067.jpg\" data-fancybox=\"galery-0\" title=\"Sur place BMW iX5 Hydrogen Antwerp\"><br \/>\n\t\t\t\t\t\t\t<img decoding=\"async\" width=\"640\" height=\"480\" src=\"https:\/\/autorai.nl\/wp-content\/uploads\/2023\/02\/BMW-iX5-Hydrogen-antwerpen-review-2023-foto-44-640x480.jpg\" class=\"attachment-medium size-medium\" alt=\"\" loading=\"lazy\"><i class=\"fa fa-search-plus\" aria-hidden=\"true\"><\/i><br \/>\n\t\t\t\t\t\t<\/span><br \/>\n\t\t\t\t\t<\/figure>\n<figure>\n\t\t\t\t\t<span style=\"cursor: pointer\" data-src=\"https:\/\/autorai.nl\/wp-content\/uploads\/2023\/02\/BMW-iX5-Hydrogen-antwerpen-review-2023-foto-52-1600x1067.jpg\" data-fancybox=\"galery-0\" title=\"Sur place BMW iX5 Hydrogen Antwerp\"><br \/>\n\t\t\t\t\t\t\t<img decoding=\"async\" width=\"360\" height=\"270\" src=\"https:\/\/autorai.nl\/wp-content\/uploads\/2023\/02\/BMW-iX5-Hydrogen-antwerpen-review-2023-foto-52-360x270.jpg\" class=\"attachment-small size-small\" alt=\"\" loading=\"lazy\"><i class=\"fa fa-search-plus\" aria-hidden=\"true\"><\/i><br \/>\n\t\t\t\t\t\t<\/span><br \/>\n\t\t\t\t\t<\/figure>\n<figure>\n\t\t\t\t\t<span style=\"cursor: pointer\" data-src=\"https:\/\/autorai.nl\/wp-content\/uploads\/2023\/02\/BMW-iX5-Hydrogen-antwerpen-review-2023-foto-46-1600x1067.jpg\" data-fancybox=\"galery-0\" title=\"Sur place BMW iX5 Hydrogen Antwerp\"><br \/>\n\t\t\t\t\t\t\t<img decoding=\"async\" width=\"360\" height=\"270\" src=\"https:\/\/autorai.nl\/wp-content\/uploads\/2023\/02\/BMW-iX5-Hydrogen-antwerpen-review-2023-foto-46-360x270.jpg\" class=\"attachment-small size-small\" alt=\"\" loading=\"lazy\"><i class=\"fa fa-search-plus\" aria-hidden=\"true\"><\/i><br \/>\n\t\t\t\t\t\t<\/span><br \/>\n\t\t\t\t\t<\/figure>\n<figure>\n\t\t\t\t\t<span style=\"cursor: pointer\" data-src=\"https:\/\/autorai.nl\/wp-content\/uploads\/2023\/02\/BMW-iX5-Hydrogen-antwerpen-review-2023-foto-43-1600x1067.jpg\" data-fancybox=\"galery-0\" title=\"Sur place BMW iX5 Hydrogen Antwerp\"><br \/>\n\t\t\t\t\t\t\t<img decoding=\"async\" width=\"640\" height=\"480\" src=\"https:\/\/autorai.nl\/wp-content\/uploads\/2023\/02\/BMW-iX5-Hydrogen-antwerpen-review-2023-foto-43-640x480.jpg\" class=\"attachment-medium size-medium\" alt=\"\" loading=\"lazy\"><i class=\"fa fa-search-plus\" aria-hidden=\"true\"><\/i><br \/>\n\t\t\t\t\t\t<\/span><br \/>\n\t\t\t\t\t<\/figure>\n<figure>\n\t\t\t\t\t<span style=\"cursor: pointer\" data-src=\"https:\/\/autorai.nl\/wp-content\/uploads\/2023\/02\/BMW-iX5-Hydrogen-antwerpen-review-2023-foto-39-1600x1067.jpg\" data-fancybox=\"galery-0\" title=\"Sur place BMW iX5 Hydrogen Antwerp\"><br \/>\n\t\t\t\t\t\t\t<img decoding=\"async\" width=\"360\" height=\"270\" src=\"https:\/\/autorai.nl\/wp-content\/uploads\/2023\/02\/BMW-iX5-Hydrogen-antwerpen-review-2023-foto-39-360x270.jpg\" class=\"attachment-small size-small\" alt=\"\" loading=\"lazy\"><i class=\"fa fa-search-plus\" aria-hidden=\"true\"><\/i><br \/>\n\t\t\t\t\t\t<\/span><br \/>\n\t\t\t\t\t<\/figure>\n<figure>\n\t\t\t\t\t<span style=\"cursor: pointer\" data-src=\"https:\/\/autorai.nl\/wp-content\/uploads\/2023\/02\/BMW-iX5-Hydrogen-antwerpen-review-2023-foto-48-1600x1067.jpg\" data-fancybox=\"galery-0\" title=\"Sur place BMW iX5 Hydrogen Antwerp\"><br \/>\n\t\t\t\t\t\t\t<img decoding=\"async\" width=\"360\" height=\"270\" src=\"https:\/\/autorai.nl\/wp-content\/uploads\/2023\/02\/BMW-iX5-Hydrogen-antwerpen-review-2023-foto-48-360x270.jpg\" class=\"attachment-small size-small\" alt=\"\" loading=\"lazy\"><i class=\"fa fa-search-plus\" aria-hidden=\"true\"><\/i><br \/>\n\t\t\t\t\t\t<\/span><br \/>\n\t\t\t\t\t<\/figure>\n<figure>\n\t\t\t\t\t<span style=\"cursor: pointer\" data-src=\"https:\/\/autorai.nl\/wp-content\/uploads\/2023\/02\/BMW-iX5-Hydrogen-antwerpen-review-2023-foto-53-1600x1067.jpg\" data-fancybox=\"galery-0\" title=\"Sur place BMW iX5 Hydrogen Antwerp\"><br \/>\n\t\t\t\t\t\t\t<img decoding=\"async\" width=\"640\" height=\"480\" src=\"https:\/\/autorai.nl\/wp-content\/uploads\/2023\/02\/BMW-iX5-Hydrogen-antwerpen-review-2023-foto-53-640x480.jpg\" class=\"attachment-medium size-medium\" alt=\"\" loading=\"lazy\"><i class=\"fa fa-search-plus\" aria-hidden=\"true\"><\/i><br \/>\n\t\t\t\t\t\t<\/span><br \/>\n\t\t\t\t\t<\/figure>\n<figure>\n\t\t\t\t\t<span style=\"cursor: pointer\" data-src=\"https:\/\/autorai.nl\/wp-content\/uploads\/2023\/02\/BMW-iX5-Hydrogen-antwerpen-review-2023-foto-54-1600x1067.jpg\" data-fancybox=\"galery-0\" title=\"Sur place BMW iX5 Hydrogen Antwerp\"><br \/>\n\t\t\t\t\t\t\t<img decoding=\"async\" width=\"360\" height=\"270\" src=\"https:\/\/autorai.nl\/wp-content\/uploads\/2023\/02\/BMW-iX5-Hydrogen-antwerpen-review-2023-foto-54-360x270.jpg\" class=\"attachment-small size-small\" alt=\"\" loading=\"lazy\"><i class=\"fa fa-search-plus\" aria-hidden=\"true\"><\/i><br \/>\n\t\t\t\t\t\t<\/span><br \/>\n\t\t\t\t\t<\/figure>\n<figure>\n\t\t\t\t\t<span style=\"cursor: pointer\" data-src=\"https:\/\/autorai.nl\/wp-content\/uploads\/2023\/02\/BMW-iX5-Hydrogen-antwerpen-review-2023-foto-49-1600x1067.jpg\" data-fancybox=\"galery-0\" title=\"Sur place BMW iX5 Hydrogen Antwerp\"><br \/>\n\t\t\t\t\t\t\t<img decoding=\"async\" width=\"360\" height=\"270\" src=\"https:\/\/autorai.nl\/wp-content\/uploads\/2023\/02\/BMW-iX5-Hydrogen-antwerpen-review-2023-foto-49-360x270.jpg\" class=\"attachment-small size-small\" alt=\"\" loading=\"lazy\"><i class=\"fa fa-search-plus\" aria-hidden=\"true\"><\/i><br \/>\n\t\t\t\t\t\t<\/span><br \/>\n\t\t\t\t\t<\/figure>\n<figure>\n\t\t\t\t\t<span style=\"cursor: pointer\" data-src=\"https:\/\/autorai.nl\/wp-content\/uploads\/2023\/02\/BMW-iX5-Hydrogen-antwerpen-review-2023-foto-56-1600x1067.jpg\" data-fancybox=\"galery-0\" title=\"Sur place BMW iX5 Hydrogen Antwerp\"><br \/>\n\t\t\t\t\t\t\t<img decoding=\"async\" width=\"640\" height=\"480\" src=\"https:\/\/autorai.nl\/wp-content\/uploads\/2023\/02\/BMW-iX5-Hydrogen-antwerpen-review-2023-foto-56-640x480.jpg\" class=\"attachment-medium size-medium\" alt=\"\" loading=\"lazy\"><i class=\"fa fa-search-plus\" aria-hidden=\"true\"><\/i><br \/>\n\t\t\t\t\t\t<\/span><br \/>\n\t\t\t\t\t<\/figure>\n<figure>\n\t\t\t\t\t<span style=\"cursor: pointer\" data-src=\"https:\/\/autorai.nl\/wp-content\/uploads\/2023\/02\/BMW-iX5-Hydrogen-antwerpen-review-2023-foto-59-1600x1067.jpg\" data-fancybox=\"galery-0\" title=\"Sur place BMW iX5 Hydrogen Antwerp\"><br \/>\n\t\t\t\t\t\t\t<img decoding=\"async\" width=\"360\" height=\"270\" src=\"https:\/\/autorai.nl\/wp-content\/uploads\/2023\/02\/BMW-iX5-Hydrogen-antwerpen-review-2023-foto-59-360x270.jpg\" class=\"attachment-small size-small\" alt=\"\" loading=\"lazy\"><i class=\"fa fa-search-plus\" aria-hidden=\"true\"><\/i><br \/>\n\t\t\t\t\t\t<\/span><br \/>\n\t\t\t\t\t<\/figure>\n<figure>\n\t\t\t\t\t<span style=\"cursor: pointer\" data-src=\"https:\/\/autorai.nl\/wp-content\/uploads\/2023\/02\/BMW-iX5-Hydrogen-antwerpen-review-2023-foto-61-1600x1067.jpg\" data-fancybox=\"galery-0\" title=\"Sur place BMW iX5 Hydrogen Antwerp\"><br \/>\n\t\t\t\t\t\t\t<img decoding=\"async\" width=\"360\" height=\"270\" src=\"https:\/\/autorai.nl\/wp-content\/uploads\/2023\/02\/BMW-iX5-Hydrogen-antwerpen-review-2023-foto-61-360x270.jpg\" class=\"attachment-small size-small\" alt=\"\" loading=\"lazy\"><i class=\"fa fa-search-plus\" aria-hidden=\"true\"><\/i><br \/>\n\t\t\t\t\t\t<\/span><br \/>\n\t\t\t\t\t<\/figure>\n<figure>\n\t\t\t\t\t<span style=\"cursor: pointer\" data-src=\"https:\/\/autorai.nl\/wp-content\/uploads\/2023\/02\/BMW-iX5-Hydrogen-antwerpen-review-2023-foto-55-1600x1067.jpg\" data-fancybox=\"galery-0\" title=\"Sur place BMW iX5 Hydrogen Antwerp\"><br \/>\n\t\t\t\t\t\t\t<img decoding=\"async\" width=\"640\" height=\"480\" src=\"https:\/\/autorai.nl\/wp-content\/uploads\/2023\/02\/BMW-iX5-Hydrogen-antwerpen-review-2023-foto-55-640x480.jpg\" class=\"attachment-medium size-medium\" alt=\"\" loading=\"lazy\"><i class=\"fa fa-search-plus\" aria-hidden=\"true\"><\/i><br \/>\n\t\t\t\t\t\t<\/span><br \/>\n\t\t\t\t\t<\/figure>\n<figure>\n\t\t\t\t\t<span style=\"cursor: pointer\" data-src=\"https:\/\/autorai.nl\/wp-content\/uploads\/2023\/02\/BMW-iX5-Hydrogen-antwerpen-review-2023-foto-57-1600x1067.jpg\" data-fancybox=\"galery-0\" title=\"Sur place BMW iX5 Hydrogen Antwerp\"><br \/>\n\t\t\t\t\t\t\t<img decoding=\"async\" width=\"360\" height=\"270\" src=\"https:\/\/autorai.nl\/wp-content\/uploads\/2023\/02\/BMW-iX5-Hydrogen-antwerpen-review-2023-foto-57-360x270.jpg\" class=\"attachment-small size-small\" alt=\"\" loading=\"lazy\"><i class=\"fa fa-search-plus\" aria-hidden=\"true\"><\/i><br \/>\n\t\t\t\t\t\t<\/span><br \/>\n\t\t\t\t\t<\/figure>\n<figure>\n\t\t\t\t\t<span style=\"cursor: pointer\" data-src=\"https:\/\/autorai.nl\/wp-content\/uploads\/2023\/02\/BMW-iX5-Hydrogen-antwerpen-review-2023-foto-62-1600x1067.jpg\" data-fancybox=\"galery-0\" title=\"Sur place BMW iX5 Hydrogen Antwerp\"><br \/>\n\t\t\t\t\t\t\t<img decoding=\"async\" width=\"360\" height=\"270\" src=\"https:\/\/autorai.nl\/wp-content\/uploads\/2023\/02\/BMW-iX5-Hydrogen-antwerpen-review-2023-foto-62-360x270.jpg\" class=\"attachment-small size-small\" alt=\"\" loading=\"lazy\"><i class=\"fa fa-search-plus\" aria-hidden=\"true\"><\/i><br \/>\n\t\t\t\t\t\t<\/span><br \/>\n\t\t\t\t\t<\/figure>\n<figure>\n\t\t\t\t\t<span style=\"cursor: pointer\" data-src=\"https:\/\/autorai.nl\/wp-content\/uploads\/2023\/02\/BMW-iX5-Hydrogen-antwerpen-review-2023-foto-65-1600x1067.jpg\" data-fancybox=\"galery-0\" title=\"Sur place BMW iX5 Hydrogen Antwerp\"><br \/>\n\t\t\t\t\t\t\t<img decoding=\"async\" width=\"640\" height=\"480\" src=\"https:\/\/autorai.nl\/wp-content\/uploads\/2023\/02\/BMW-iX5-Hydrogen-antwerpen-review-2023-foto-65-640x480.jpg\" class=\"attachment-medium size-medium\" alt=\"\" loading=\"lazy\"><i class=\"fa fa-search-plus\" aria-hidden=\"true\"><\/i><br \/>\n\t\t\t\t\t\t<\/span><br \/>\n\t\t\t\t\t<\/figure>\n<figure>\n\t\t\t\t\t<span style=\"cursor: pointer\" data-src=\"https:\/\/autorai.nl\/wp-content\/uploads\/2023\/02\/BMW-iX5-Hydrogen-antwerpen-review-2023-foto-58-1600x1067.jpg\" data-fancybox=\"galery-0\" title=\"Sur place BMW iX5 Hydrogen Antwerp\"><br \/>\n\t\t\t\t\t\t\t<img decoding=\"async\" width=\"360\" height=\"270\" src=\"https:\/\/autorai.nl\/wp-content\/uploads\/2023\/02\/BMW-iX5-Hydrogen-antwerpen-review-2023-foto-58-360x270.jpg\" class=\"attachment-small size-small\" alt=\"\" loading=\"lazy\"><i class=\"fa fa-search-plus\" aria-hidden=\"true\"><\/i><br \/>\n\t\t\t\t\t\t<\/span><br \/>\n\t\t\t\t\t<\/figure>\n<figure>\n\t\t\t\t\t<span style=\"cursor: pointer\" data-src=\"https:\/\/autorai.nl\/wp-content\/uploads\/2023\/02\/BMW-iX5-Hydrogen-antwerpen-review-2023-foto-67-1600x1065.jpg\" data-fancybox=\"galery-0\" title=\"Sur place BMW iX5 Hydrogen Antwerp\"><br \/>\n\t\t\t\t\t\t\t<img decoding=\"async\" width=\"360\" height=\"270\" src=\"https:\/\/autorai.nl\/wp-content\/uploads\/2023\/02\/BMW-iX5-Hydrogen-antwerpen-review-2023-foto-67-360x270.jpg\" class=\"attachment-small size-small\" alt=\"\" loading=\"lazy\"><i class=\"fa fa-search-plus\" aria-hidden=\"true\"><\/i><br \/>\n\t\t\t\t\t\t<\/span><br \/>\n\t\t\t\t\t<\/figure>\n<figure>\n\t\t\t\t\t<span style=\"cursor: pointer\" data-src=\"https:\/\/autorai.nl\/wp-content\/uploads\/2023\/02\/BMW-iX5-Hydrogen-antwerpen-review-2023-foto-69-1600x1067.jpg\" data-fancybox=\"galery-0\" title=\"Sur place BMW iX5 Hydrogen Antwerp\"><br \/>\n\t\t\t\t\t\t\t<img decoding=\"async\" width=\"640\" height=\"480\" src=\"https:\/\/autorai.nl\/wp-content\/uploads\/2023\/02\/BMW-iX5-Hydrogen-antwerpen-review-2023-foto-69-640x480.jpg\" class=\"attachment-medium size-medium\" alt=\"\" loading=\"lazy\"><i class=\"fa fa-search-plus\" aria-hidden=\"true\"><\/i><br \/>\n\t\t\t\t\t\t<\/span><br \/>\n\t\t\t\t\t<\/figure>\n<figure>\n\t\t\t\t\t<span style=\"cursor: pointer\" data-src=\"https:\/\/autorai.nl\/wp-content\/uploads\/2023\/02\/BMW-iX5-Hydrogen-antwerpen-review-2023-foto-63-1600x1067.jpg\" data-fancybox=\"galery-0\" title=\"Sur place BMW iX5 Hydrogen Antwerp\"><br \/>\n\t\t\t\t\t\t\t<img decoding=\"async\" width=\"360\" height=\"270\" src=\"https:\/\/autorai.nl\/wp-content\/uploads\/2023\/02\/BMW-iX5-Hydrogen-antwerpen-review-2023-foto-63-360x270.jpg\" class=\"attachment-small size-small\" alt=\"\" loading=\"lazy\"><i class=\"fa fa-search-plus\" aria-hidden=\"true\"><\/i><br \/>\n\t\t\t\t\t\t<\/span><br \/>\n\t\t\t\t\t<\/figure>\n<figure>\n\t\t\t\t\t<span style=\"cursor: pointer\" data-src=\"https:\/\/autorai.nl\/wp-content\/uploads\/2023\/02\/BMW-iX5-Hydrogen-antwerpen-review-2023-foto-64-1600x1067.jpg\" data-fancybox=\"galery-0\" title=\"Sur place BMW iX5 Hydrogen Antwerp\"><br \/>\n\t\t\t\t\t\t\t<img decoding=\"async\" width=\"360\" height=\"270\" src=\"https:\/\/autorai.nl\/wp-content\/uploads\/2023\/02\/BMW-iX5-Hydrogen-antwerpen-review-2023-foto-64-360x270.jpg\" class=\"attachment-small size-small\" alt=\"\" loading=\"lazy\"><i class=\"fa fa-search-plus\" aria-hidden=\"true\"><\/i><br \/>\n\t\t\t\t\t\t<\/span><br \/>\n\t\t\t\t\t<\/figure>\n<figure>\n\t\t\t\t\t<span style=\"cursor: pointer\" data-src=\"https:\/\/autorai.nl\/wp-content\/uploads\/2023\/02\/BMW-iX5-Hydrogen-antwerpen-review-2023-foto-70-1600x1067.jpg\" data-fancybox=\"galery-0\" title=\"Sur place BMW iX5 Hydrogen Antwerp\"><br \/>\n\t\t\t\t\t\t\t<img decoding=\"async\" width=\"640\" height=\"480\" src=\"https:\/\/autorai.nl\/wp-content\/uploads\/2023\/02\/BMW-iX5-Hydrogen-antwerpen-review-2023-foto-70-640x480.jpg\" class=\"attachment-medium size-medium\" alt=\"\" loading=\"lazy\"><i class=\"fa fa-search-plus\" aria-hidden=\"true\"><\/i><br \/>\n\t\t\t\t\t\t<\/span><br \/>\n\t\t\t\t\t<\/figure>\n<figure>\n\t\t\t\t\t<span style=\"cursor: pointer\" data-src=\"https:\/\/autorai.nl\/wp-content\/uploads\/2023\/02\/BMW-iX5-Hydrogen-antwerpen-review-2023-foto-71-1600x1067.jpg\" data-fancybox=\"galery-0\" title=\"Sur place BMW iX5 Hydrogen Antwerp\"><br \/>\n\t\t\t\t\t\t\t<img decoding=\"async\" width=\"360\" height=\"270\" src=\"https:\/\/autorai.nl\/wp-content\/uploads\/2023\/02\/BMW-iX5-Hydrogen-antwerpen-review-2023-foto-71-360x270.jpg\" class=\"attachment-small size-small\" alt=\"\" loading=\"lazy\"><i class=\"fa fa-search-plus\" aria-hidden=\"true\"><\/i><br \/>\n\t\t\t\t\t\t<\/span><br \/>\n\t\t\t\t\t<\/figure>\n<figure>\n\t\t\t\t\t<span style=\"cursor: pointer\" data-src=\"https:\/\/autorai.nl\/wp-content\/uploads\/2023\/02\/BMW-iX5-Hydrogen-antwerpen-review-2023-foto-73-1600x1067.jpg\" data-fancybox=\"galery-0\" title=\"Sur place BMW iX5 Hydrogen Antwerp\"><br \/>\n\t\t\t\t\t\t\t<img decoding=\"async\" width=\"360\" height=\"270\" src=\"https:\/\/autorai.nl\/wp-content\/uploads\/2023\/02\/BMW-iX5-Hydrogen-antwerpen-review-2023-foto-73-360x270.jpg\" class=\"attachment-small size-small\" alt=\"\" loading=\"lazy\"><i class=\"fa fa-search-plus\" aria-hidden=\"true\"><\/i><br \/>\n\t\t\t\t\t\t<\/span><br \/>\n\t\t\t\t\t<\/figure>\n<figure>\n\t\t\t\t\t<span style=\"cursor: pointer\" data-src=\"https:\/\/autorai.nl\/wp-content\/uploads\/2023\/02\/BMW-iX5-Hydrogen-antwerpen-review-2023-foto-74-1600x1067.jpg\" data-fancybox=\"galery-0\" title=\"Sur place BMW iX5 Hydrogen Antwerp\"><br \/>\n\t\t\t\t\t\t\t<img decoding=\"async\" width=\"640\" height=\"480\" src=\"https:\/\/autorai.nl\/wp-content\/uploads\/2023\/02\/BMW-iX5-Hydrogen-antwerpen-review-2023-foto-74-640x480.jpg\" class=\"attachment-medium size-medium\" alt=\"\" loading=\"lazy\"><i class=\"fa fa-search-plus\" aria-hidden=\"true\"><\/i><br \/>\n\t\t\t\t\t\t<\/span><br \/>\n\t\t\t\t\t<\/figure>\n<figure>\n\t\t\t\t\t<span style=\"cursor: pointer\" data-src=\"https:\/\/autorai.nl\/wp-content\/uploads\/2023\/02\/BMW-iX5-Hydrogen-antwerpen-review-2023-foto-75-1600x1067.jpg\" data-fancybox=\"galery-0\" title=\"Sur place BMW iX5 Hydrogen Antwerp\"><br \/>\n\t\t\t\t\t\t\t<img decoding=\"async\" width=\"360\" height=\"270\" src=\"https:\/\/autorai.nl\/wp-content\/uploads\/2023\/02\/BMW-iX5-Hydrogen-antwerpen-review-2023-foto-75-360x270.jpg\" class=\"attachment-small size-small\" alt=\"\" loading=\"lazy\"><i class=\"fa fa-search-plus\" aria-hidden=\"true\"><\/i><br \/>\n\t\t\t\t\t\t<\/span><br \/>\n\t\t\t\t\t<\/figure>\n<figure>\n\t\t\t\t\t<span style=\"cursor: pointer\" data-src=\"https:\/\/autorai.nl\/wp-content\/uploads\/2023\/02\/BMW-iX5-Hydrogen-antwerpen-review-2023-foto-76-1600x1067.jpg\" data-fancybox=\"galery-0\" title=\"Sur place BMW iX5 Hydrogen Antwerp\"><br \/>\n\t\t\t\t\t\t\t<img decoding=\"async\" width=\"360\" height=\"270\" src=\"https:\/\/autorai.nl\/wp-content\/uploads\/2023\/02\/BMW-iX5-Hydrogen-antwerpen-review-2023-foto-76-360x270.jpg\" class=\"attachment-small size-small\" alt=\"\" loading=\"lazy\"><i class=\"fa fa-search-plus\" aria-hidden=\"true\"><\/i><br \/>\n\t\t\t\t\t\t<\/span><br \/>\n\t\t\t\t\t<\/figure>\n<figure>\n\t\t\t\t\t<span style=\"cursor: pointer\" data-src=\"https:\/\/autorai.nl\/wp-content\/uploads\/2023\/02\/BMW-iX5-Hydrogen-antwerpen-review-2023-foto-78-1600x1065.jpg\" data-fancybox=\"galery-0\" title=\"Sur place BMW iX5 Hydrogen Antwerp\"><br \/>\n\t\t\t\t\t\t\t<img decoding=\"async\" width=\"640\" height=\"480\" src=\"https:\/\/autorai.nl\/wp-content\/uploads\/2023\/02\/BMW-iX5-Hydrogen-antwerpen-review-2023-foto-78-640x480.jpg\" class=\"attachment-medium size-medium\" alt=\"\" loading=\"lazy\"><i class=\"fa fa-search-plus\" aria-hidden=\"true\"><\/i><br \/>\n\t\t\t\t\t\t<\/span><br \/>\n\t\t\t\t\t<\/figure>\n<figure>\n\t\t\t\t\t<span style=\"cursor: pointer\" data-src=\"https:\/\/autorai.nl\/wp-content\/uploads\/2023\/02\/BMW-iX5-Hydrogen-antwerpen-review-2023-foto-77-1600x1065.jpg\" data-fancybox=\"galery-0\" title=\"Sur place BMW iX5 Hydrogen Antwerp\"><br \/>\n\t\t\t\t\t\t\t<img decoding=\"async\" width=\"360\" height=\"270\" src=\"https:\/\/autorai.nl\/wp-content\/uploads\/2023\/02\/BMW-iX5-Hydrogen-antwerpen-review-2023-foto-77-360x270.jpg\" class=\"attachment-small size-small\" alt=\"\" loading=\"lazy\"><i class=\"fa fa-search-plus\" aria-hidden=\"true\"><\/i><br \/>\n\t\t\t\t\t\t<\/span><br \/>\n\t\t\t\t\t<\/figure>\n<figure>\n\t\t\t\t\t<span style=\"cursor: pointer\" data-src=\"https:\/\/autorai.nl\/wp-content\/uploads\/2023\/02\/BMW-iX5-Hydrogen-antwerpen-review-2023-foto-85-1600x1067.jpg\" data-fancybox=\"galery-0\" title=\"Sur place BMW iX5 Hydrogen Antwerp\"><br \/>\n\t\t\t\t\t\t\t<img decoding=\"async\" width=\"360\" height=\"270\" src=\"https:\/\/autorai.nl\/wp-content\/uploads\/2023\/02\/BMW-iX5-Hydrogen-antwerpen-review-2023-foto-85-360x270.jpg\" class=\"attachment-small size-small\" alt=\"\" loading=\"lazy\"><i class=\"fa fa-search-plus\" aria-hidden=\"true\"><\/i><br \/>\n\t\t\t\t\t\t<\/span><br \/>\n\t\t\t\t\t<\/figure>\n<figure>\n\t\t\t\t\t<span style=\"cursor: pointer\" data-src=\"https:\/\/autorai.nl\/wp-content\/uploads\/2023\/02\/BMW-iX5-Hydrogen-antwerpen-review-2023-foto-79-1600x1067.jpg\" data-fancybox=\"galery-0\" title=\"Sur place BMW iX5 Hydrogen Antwerp\"><br \/>\n\t\t\t\t\t\t\t<img decoding=\"async\" width=\"640\" height=\"480\" src=\"https:\/\/autorai.nl\/wp-content\/uploads\/2023\/02\/BMW-iX5-Hydrogen-antwerpen-review-2023-foto-79-640x480.jpg\" class=\"attachment-medium size-medium\" alt=\"\" loading=\"lazy\"><i class=\"fa fa-search-plus\" aria-hidden=\"true\"><\/i><br \/>\n\t\t\t\t\t\t<\/span><br \/>\n\t\t\t\t\t<\/figure>\n<figure>\n\t\t\t\t\t<span style=\"cursor: pointer\" data-src=\"https:\/\/autorai.nl\/wp-content\/uploads\/2023\/02\/BMW-iX5-Hydrogen-antwerpen-review-2023-foto-80-1600x1067.jpg\" data-fancybox=\"galery-0\" title=\"Sur place BMW iX5 Hydrogen Antwerp\"><br \/>\n\t\t\t\t\t\t\t<img decoding=\"async\" width=\"360\" height=\"270\" src=\"https:\/\/autorai.nl\/wp-content\/uploads\/2023\/02\/BMW-iX5-Hydrogen-antwerpen-review-2023-foto-80-360x270.jpg\" class=\"attachment-small size-small\" alt=\"\" loading=\"lazy\"><i class=\"fa fa-search-plus\" aria-hidden=\"true\"><\/i><br \/>\n\t\t\t\t\t\t<\/span><br \/>\n\t\t\t\t\t<\/figure>\n<figure>\n\t\t\t\t\t<span style=\"cursor: pointer\" data-src=\"https:\/\/autorai.nl\/wp-content\/uploads\/2023\/02\/BMW-iX5-Hydrogen-antwerpen-review-2023-foto-82-1600x1067.jpg\" data-fancybox=\"galery-0\" title=\"Sur place BMW iX5 Hydrogen Antwerp\"><br \/>\n\t\t\t\t\t\t\t<img decoding=\"async\" width=\"360\" height=\"270\" src=\"https:\/\/autorai.nl\/wp-content\/uploads\/2023\/02\/BMW-iX5-Hydrogen-antwerpen-review-2023-foto-82-360x270.jpg\" class=\"attachment-small size-small\" alt=\"\" loading=\"lazy\"><i class=\"fa fa-search-plus\" aria-hidden=\"true\"><\/i><br \/>\n\t\t\t\t\t\t<\/span><br \/>\n\t\t\t\t\t<\/figure>\n<div class=\"clear\"><\/div>\n<\/div>\n","protected":false},"excerpt":{"rendered":"BMW iX5 Hydrogen review Au cours des quatre derni\u00e8res ann\u00e9es, BMW Group a travaill\u00e9 intensivement au d\u00e9veloppement de la technologie\u2026","protected":false},"author":0,"featured_media":132399,"comment_status":"","ping_status":"open","sticky":false,"template":"","format":"standard","meta":{"footnotes":""},"categories":[2,127],"tags":[],"class_list":["post-132423","post","type-post","status-publish","format-standard","has-post-thumbnail","hentry","category-autotests","category-nouvelles-de-voiture"],"acf":[],"yoast_head":"<!-- This site is optimized with the Yoast SEO plugin v21.2 - https:\/\/yoast.com\/wordpress\/plugins\/seo\/ -->\n<title>Critique - BMW iX5 Hydrogen : une BMW X5 \u00e0 hydrog\u00e8ne, comment se conduit-elle ? - All cars news<\/title>\n<meta name=\"robots\" content=\"index, follow, max-snippet:-1, max-image-preview:large, max-video-preview:-1\" \/>\n<link rel=\"canonical\" href=\"https:\/\/all-car-news.com\/fr\/critique-bmw-ix5-hydrogen-une-bmw-x5-a-hydrogene-comment-se-conduit-elle\/\" \/>\n<meta property=\"og:locale\" content=\"fr_FR\" \/>\n<meta property=\"og:type\" content=\"article\" \/>\n<meta property=\"og:title\" content=\"Critique - BMW iX5 Hydrogen : une BMW X5 \u00e0 hydrog\u00e8ne, comment se conduit-elle ? - All cars news\" \/>\n<meta property=\"og:description\" content=\"BMW iX5 Hydrogen review Au cours des quatre derni\u00e8res ann\u00e9es, BMW Group a travaill\u00e9 intensivement au d\u00e9veloppement de la technologie de l&#039;hydrog\u00e8ne. La marque le fait en partenariat avec Toyota. Pourtant, on trouve tr\u00e8s peu de technologie Toyota dans la BMW iX5 Hydrogen. Seule la pile \u00e0 combustible provient de Toyota. Sinon, BMW a tout en [...]\" \/>\n<meta property=\"og:url\" content=\"https:\/\/all-car-news.com\/fr\/critique-bmw-ix5-hydrogen-une-bmw-x5-a-hydrogene-comment-se-conduit-elle\/\" \/>\n<meta property=\"og:site_name\" content=\"All cars news\" \/>\n<meta property=\"article:published_time\" content=\"2023-02-27T10:55:00+00:00\" \/>\n<meta property=\"og:image\" content=\"https:\/\/autorai.nl\/wp-content\/uploads\/2023\/02\/BMW-iX5-Hydrogen-antwerpen-review-2023-foto-83-1140x760.jpg\" \/>\n<meta name=\"twitter:card\" content=\"summary_large_image\" \/>\n<meta name=\"twitter:label1\" content=\"Dur\u00e9e de lecture estim\u00e9e\" \/>\n\t<meta name=\"twitter:data1\" content=\"9 minutes\" \/>\n<script type=\"application\/ld+json\" class=\"yoast-schema-graph\">{\"@context\":\"https:\/\/schema.org\",\"@graph\":[{\"@type\":\"Article\",\"@id\":\"https:\/\/all-car-news.com\/fr\/critique-bmw-ix5-hydrogen-une-bmw-x5-a-hydrogene-comment-se-conduit-elle\/#article\",\"isPartOf\":{\"@id\":\"https:\/\/all-car-news.com\/fr\/critique-bmw-ix5-hydrogen-une-bmw-x5-a-hydrogene-comment-se-conduit-elle\/\"},\"author\":{\"name\":\"\",\"@id\":\"\"},\"headline\":\"Critique &#8211; BMW iX5 Hydrogen : une BMW X5 \u00e0 hydrog\u00e8ne, comment se conduit-elle ?\",\"datePublished\":\"2023-02-27T10:55:00+00:00\",\"dateModified\":\"2023-02-27T10:55:00+00:00\",\"mainEntityOfPage\":{\"@id\":\"https:\/\/all-car-news.com\/fr\/critique-bmw-ix5-hydrogen-une-bmw-x5-a-hydrogene-comment-se-conduit-elle\/\"},\"wordCount\":1888,\"publisher\":{\"@id\":\"https:\/\/all-car-news.com\/fr\/#organization\"},\"articleSection\":[\"Autotests\",\"nouvelles de voiture\"],\"inLanguage\":\"fr-FR\"},{\"@type\":\"WebPage\",\"@id\":\"https:\/\/all-car-news.com\/fr\/critique-bmw-ix5-hydrogen-une-bmw-x5-a-hydrogene-comment-se-conduit-elle\/\",\"url\":\"https:\/\/all-car-news.com\/fr\/critique-bmw-ix5-hydrogen-une-bmw-x5-a-hydrogene-comment-se-conduit-elle\/\",\"name\":\"Critique - BMW iX5 Hydrogen : une BMW X5 \u00e0 hydrog\u00e8ne, comment se conduit-elle ? - All cars news\",\"isPartOf\":{\"@id\":\"https:\/\/all-car-news.com\/fr\/#website\"},\"datePublished\":\"2023-02-27T10:55:00+00:00\",\"dateModified\":\"2023-02-27T10:55:00+00:00\",\"breadcrumb\":{\"@id\":\"https:\/\/all-car-news.com\/fr\/critique-bmw-ix5-hydrogen-une-bmw-x5-a-hydrogene-comment-se-conduit-elle\/#breadcrumb\"},\"inLanguage\":\"fr-FR\",\"potentialAction\":[{\"@type\":\"ReadAction\",\"target\":[\"https:\/\/all-car-news.com\/fr\/critique-bmw-ix5-hydrogen-une-bmw-x5-a-hydrogene-comment-se-conduit-elle\/\"]}]},{\"@type\":\"BreadcrumbList\",\"@id\":\"https:\/\/all-car-news.com\/fr\/critique-bmw-ix5-hydrogen-une-bmw-x5-a-hydrogene-comment-se-conduit-elle\/#breadcrumb\",\"itemListElement\":[{\"@type\":\"ListItem\",\"position\":1,\"name\":\"Home\",\"item\":\"https:\/\/all-car-news.com\/fr\/\"},{\"@type\":\"ListItem\",\"position\":2,\"name\":\"Critique &#8211; BMW iX5 Hydrogen : une BMW X5 \u00e0 hydrog\u00e8ne, comment se conduit-elle ?\"}]},{\"@type\":\"WebSite\",\"@id\":\"https:\/\/all-car-news.com\/fr\/#website\",\"url\":\"https:\/\/all-car-news.com\/fr\/\",\"name\":\"All cars news\",\"description\":\"\",\"publisher\":{\"@id\":\"https:\/\/all-car-news.com\/fr\/#organization\"},\"potentialAction\":[{\"@type\":\"SearchAction\",\"target\":{\"@type\":\"EntryPoint\",\"urlTemplate\":\"https:\/\/all-car-news.com\/fr\/?s={search_term_string}\"},\"query-input\":\"required name=search_term_string\"}],\"inLanguage\":\"fr-FR\"},{\"@type\":\"Organization\",\"@id\":\"https:\/\/all-car-news.com\/fr\/#organization\",\"name\":\"All cars news\",\"url\":\"https:\/\/all-car-news.com\/fr\/\",\"logo\":{\"@type\":\"ImageObject\",\"inLanguage\":\"fr-FR\",\"@id\":\"https:\/\/all-car-news.com\/fr\/#\/schema\/logo\/image\/\",\"url\":\"https:\/\/all-car-news.com\/wp-content\/uploads\/2022\/02\/CMYK-AllCarNews_LANDSCAPE_300px-1.png\",\"contentUrl\":\"https:\/\/all-car-news.com\/wp-content\/uploads\/2022\/02\/CMYK-AllCarNews_LANDSCAPE_300px-1.png\",\"width\":300,\"height\":100,\"caption\":\"All cars news\"},\"image\":{\"@id\":\"https:\/\/all-car-news.com\/fr\/#\/schema\/logo\/image\/\"}}]}<\/script>\n<!-- \/ Yoast SEO plugin. -->","yoast_head_json":{"title":"Critique - BMW iX5 Hydrogen : une BMW X5 \u00e0 hydrog\u00e8ne, comment se conduit-elle ? - All cars news","robots":{"index":"index","follow":"follow","max-snippet":"max-snippet:-1","max-image-preview":"max-image-preview:large","max-video-preview":"max-video-preview:-1"},"canonical":"https:\/\/all-car-news.com\/fr\/critique-bmw-ix5-hydrogen-une-bmw-x5-a-hydrogene-comment-se-conduit-elle\/","og_locale":"fr_FR","og_type":"article","og_title":"Critique - BMW iX5 Hydrogen : une BMW X5 \u00e0 hydrog\u00e8ne, comment se conduit-elle ? - All cars news","og_description":"BMW iX5 Hydrogen review Au cours des quatre derni\u00e8res ann\u00e9es, BMW Group a travaill\u00e9 intensivement au d\u00e9veloppement de la technologie de l'hydrog\u00e8ne. La marque le fait en partenariat avec Toyota. Pourtant, on trouve tr\u00e8s peu de technologie Toyota dans la BMW iX5 Hydrogen. Seule la pile \u00e0 combustible provient de Toyota. Sinon, BMW a tout en [...]","og_url":"https:\/\/all-car-news.com\/fr\/critique-bmw-ix5-hydrogen-une-bmw-x5-a-hydrogene-comment-se-conduit-elle\/","og_site_name":"All cars news","article_published_time":"2023-02-27T10:55:00+00:00","og_image":[{"url":"https:\/\/autorai.nl\/wp-content\/uploads\/2023\/02\/BMW-iX5-Hydrogen-antwerpen-review-2023-foto-83-1140x760.jpg"}],"twitter_card":"summary_large_image","twitter_misc":{"Dur\u00e9e de lecture estim\u00e9e":"9 minutes"},"schema":{"@context":"https:\/\/schema.org","@graph":[{"@type":"Article","@id":"https:\/\/all-car-news.com\/fr\/critique-bmw-ix5-hydrogen-une-bmw-x5-a-hydrogene-comment-se-conduit-elle\/#article","isPartOf":{"@id":"https:\/\/all-car-news.com\/fr\/critique-bmw-ix5-hydrogen-une-bmw-x5-a-hydrogene-comment-se-conduit-elle\/"},"author":{"name":"","@id":""},"headline":"Critique &#8211; BMW iX5 Hydrogen : une BMW X5 \u00e0 hydrog\u00e8ne, comment se conduit-elle ?","datePublished":"2023-02-27T10:55:00+00:00","dateModified":"2023-02-27T10:55:00+00:00","mainEntityOfPage":{"@id":"https:\/\/all-car-news.com\/fr\/critique-bmw-ix5-hydrogen-une-bmw-x5-a-hydrogene-comment-se-conduit-elle\/"},"wordCount":1888,"publisher":{"@id":"https:\/\/all-car-news.com\/fr\/#organization"},"articleSection":["Autotests","nouvelles de voiture"],"inLanguage":"fr-FR"},{"@type":"WebPage","@id":"https:\/\/all-car-news.com\/fr\/critique-bmw-ix5-hydrogen-une-bmw-x5-a-hydrogene-comment-se-conduit-elle\/","url":"https:\/\/all-car-news.com\/fr\/critique-bmw-ix5-hydrogen-une-bmw-x5-a-hydrogene-comment-se-conduit-elle\/","name":"Critique - BMW iX5 Hydrogen : une BMW X5 \u00e0 hydrog\u00e8ne, comment se conduit-elle ? - All cars news","isPartOf":{"@id":"https:\/\/all-car-news.com\/fr\/#website"},"datePublished":"2023-02-27T10:55:00+00:00","dateModified":"2023-02-27T10:55:00+00:00","breadcrumb":{"@id":"https:\/\/all-car-news.com\/fr\/critique-bmw-ix5-hydrogen-une-bmw-x5-a-hydrogene-comment-se-conduit-elle\/#breadcrumb"},"inLanguage":"fr-FR","potentialAction":[{"@type":"ReadAction","target":["https:\/\/all-car-news.com\/fr\/critique-bmw-ix5-hydrogen-une-bmw-x5-a-hydrogene-comment-se-conduit-elle\/"]}]},{"@type":"BreadcrumbList","@id":"https:\/\/all-car-news.com\/fr\/critique-bmw-ix5-hydrogen-une-bmw-x5-a-hydrogene-comment-se-conduit-elle\/#breadcrumb","itemListElement":[{"@type":"ListItem","position":1,"name":"Home","item":"https:\/\/all-car-news.com\/fr\/"},{"@type":"ListItem","position":2,"name":"Critique &#8211; BMW iX5 Hydrogen : une BMW X5 \u00e0 hydrog\u00e8ne, comment se conduit-elle ?"}]},{"@type":"WebSite","@id":"https:\/\/all-car-news.com\/fr\/#website","url":"https:\/\/all-car-news.com\/fr\/","name":"All cars news","description":"","publisher":{"@id":"https:\/\/all-car-news.com\/fr\/#organization"},"potentialAction":[{"@type":"SearchAction","target":{"@type":"EntryPoint","urlTemplate":"https:\/\/all-car-news.com\/fr\/?s={search_term_string}"},"query-input":"required name=search_term_string"}],"inLanguage":"fr-FR"},{"@type":"Organization","@id":"https:\/\/all-car-news.com\/fr\/#organization","name":"All cars news","url":"https:\/\/all-car-news.com\/fr\/","logo":{"@type":"ImageObject","inLanguage":"fr-FR","@id":"https:\/\/all-car-news.com\/fr\/#\/schema\/logo\/image\/","url":"https:\/\/all-car-news.com\/wp-content\/uploads\/2022\/02\/CMYK-AllCarNews_LANDSCAPE_300px-1.png","contentUrl":"https:\/\/all-car-news.com\/wp-content\/uploads\/2022\/02\/CMYK-AllCarNews_LANDSCAPE_300px-1.png","width":300,"height":100,"caption":"All cars news"},"image":{"@id":"https:\/\/all-car-news.com\/fr\/#\/schema\/logo\/image\/"}}]}},"_links":{"self":[{"href":"https:\/\/all-car-news.com\/fr\/wp-json\/wp\/v2\/posts\/132423","targetHints":{"allow":["GET"]}}],"collection":[{"href":"https:\/\/all-car-news.com\/fr\/wp-json\/wp\/v2\/posts"}],"about":[{"href":"https:\/\/all-car-news.com\/fr\/wp-json\/wp\/v2\/types\/post"}],"replies":[{"embeddable":true,"href":"https:\/\/all-car-news.com\/fr\/wp-json\/wp\/v2\/comments?post=132423"}],"version-history":[{"count":0,"href":"https:\/\/all-car-news.com\/fr\/wp-json\/wp\/v2\/posts\/132423\/revisions"}],"wp:featuredmedia":[{"embeddable":true,"href":"https:\/\/all-car-news.com\/fr\/wp-json\/wp\/v2\/media\/132399"}],"wp:attachment":[{"href":"https:\/\/all-car-news.com\/fr\/wp-json\/wp\/v2\/media?parent=132423"}],"wp:term":[{"taxonomy":"category","embeddable":true,"href":"https:\/\/all-car-news.com\/fr\/wp-json\/wp\/v2\/categories?post=132423"},{"taxonomy":"post_tag","embeddable":true,"href":"https:\/\/all-car-news.com\/fr\/wp-json\/wp\/v2\/tags?post=132423"}],"curies":[{"name":"wp","href":"https:\/\/api.w.org\/{rel}","templated":true}]}}