{"id":132415,"date":"2023-02-27T08:53:10","date_gmt":"2023-02-27T08:53:10","guid":{"rendered":"https:\/\/all-car-news.com\/porsche-id-buzz-renndienst-tout-simplement-genial\/"},"modified":"2023-02-27T08:53:10","modified_gmt":"2023-02-27T08:53:10","slug":"porsche-id-buzz-renndienst-tout-simplement-genial","status":"publish","type":"post","link":"https:\/\/all-car-news.com\/fr\/porsche-id-buzz-renndienst-tout-simplement-genial\/","title":{"rendered":"Porsche ID.Buzz Renndienst : tout simplement g\u00e9nial !"},"content":{"rendered":"<h2>Couleurs connues de Porsche Renndienst<\/h2>\n<p>Les huit Centres Porsche n\u00e9erlandais et l&rsquo;importateur mettent chacun une Volkswagen ID \u00e9lectrique \u00e0 partir de ce mois-ci. Buzz, qui porte les couleurs famili\u00e8res de Porsche Renndienst. L identit\u00e9. Buzz \u00e9tablit un lien ludique entre le riche pass\u00e9 des circuits et le pr\u00e9sent, l&rsquo;ann\u00e9e m\u00eame o\u00f9 Porsche c\u00e9l\u00e8bre son 75e anniversaire.&nbsp;&nbsp;<\/p>\n<h2>Bulli<\/h2>\n<p>Les Porsche 904, 908, 910 et 917 sont peut-\u00eatre les grandes l\u00e9gendes de course de Zuffenhausen, mais une autre voiture a \u00e9galement contribu\u00e9 au succ\u00e8s de l&rsquo;\u00e9quipe d&rsquo;usine Porsche dans les ann\u00e9es 1950, 1960 et 1970 : le VW Transporter de Porsche Renndienst. Le bus &#8211; appel\u00e9 affectueusement \u00ab\u00a0Bulli\u00a0\u00bb &#8211; est populaire pour son grand espace de chargement, sa fiabilit\u00e9 et son caract\u00e8re reconnaissable. C&rsquo;est une b\u00eate de somme sur laquelle on peut compter et donc un \u00e9l\u00e9ment indispensable de l&rsquo;\u00e9quipe.  <\/p>\n<figure class=\"wp-block-image size-content\"><img decoding=\"async\" loading=\"lazy\" width=\"1140\" height=\"760\" src=\"https:\/\/autorai.nl\/wp-content\/uploads\/2023\/02\/porsche-renndienst-volkswagen-id-buzz-2023-foto5-1140x760.jpg\" alt=\"Porsche Renndienst\" class=\"wp-image-152242\"><\/figure>\n<h2>Volkswagen T1<\/h2>\n<p>Si une bo\u00eete de vitesses ou un moteur doit \u00eatre remplac\u00e9 rapidement la nuit pr\u00e9c\u00e9dant la course d\u00e9cisive, les techniciens trouveront les pi\u00e8ces de rechange n\u00e9cessaires dans le grand espace de chargement. De temps en temps, la Bulli sert \u00e9galement d&rsquo;h\u00f4tel de fortune pour les membres de l&rsquo;\u00e9quipe de course, la version pick-up de la T1 est utilis\u00e9e comme transporteur de voitures et Porsche l&rsquo;utilise \u00e9galement comme taxi pour conduire les pilotes sur les circuits.  &nbsp;<\/p>\n<h2>\u00c9l\u00e9gant<\/h2>\n<p>La Porsche Renndienst Bulli est utilis\u00e9e pour la premi\u00e8re fois par l&rsquo;\u00e9quipe Porsche lors de la course des Mille Miglia 1954. Porsche n&rsquo;a pas de voiture de transport adapt\u00e9e pour ses coureurs. L&rsquo;id\u00e9e est donc n\u00e9e de transformer une T1 pour transporter les Porsche avec elle. Les variantes de bus Renndienst ne sont pas seulement fonctionnelles, elles sont aussi tr\u00e8s belles avec leur peinture rouge fonc\u00e9. La remise \u00e0 outils pour les \u00e9quipes de course pr\u00e9sente le style Porsche caract\u00e9ristique de ces ann\u00e9es-l\u00e0, avec un logo Porsche et des lettres blanches sur les flancs.  <\/p>\n<h2>Mille Miglia et Targa Florio<\/h2>\n<p>Que ce soit lors des Mille Miglia, du Marathon de la Route, des l\u00e9gendaires courses de la Targa Florio en Sicile ou des 24 heures du Mans, les voitures de service Porsche en rouge Bourgogne contribuent indirectement aux nombreuses victoires de la marque en sport automobile. Gr\u00e2ce \u00e0 leurs moteurs boxer quatre cylindres refroidis par air, ils sont fiables et efficaces, ce qui est crucial dans un sport o\u00f9 chaque seconde compte.  <\/p>\n<figure class=\"wp-block-image size-content\"><img decoding=\"async\" loading=\"lazy\" width=\"1140\" height=\"761\" src=\"https:\/\/autorai.nl\/wp-content\/uploads\/2023\/02\/porsche-renndienst-volkswagen-id-buzz-2023-foto13-1140x761.jpg\" alt=\"\" class=\"wp-image-152250\"><\/figure>\n<h2>Le bus Porsche Renndienst est culte<\/h2>\n<p>En outre, ce sont des v\u00e9hicules tr\u00e8s reconnaissables qui plaisent aux fans de Porsche et au public. De nombreux Porsche Renndienst d&rsquo;origine ont surv\u00e9cu aux centaines de milliers de kilom\u00e8tres parcourus de piste en piste et sont aujourd&rsquo;hui entre les mains de mus\u00e9es et de collections priv\u00e9es en Europe et aux \u00c9tats-Unis. Le bus Porsche Renndienst est culte ; ce n&rsquo;est pas pour rien que de nombreux Bullis T1 et T2 convertis circulent aujourd&rsquo;hui et ont \u00e9t\u00e9 recr\u00e9\u00e9s dans le d\u00e9tail.&nbsp;<\/p>\n<h2>Porsche Renndienst 2.0<\/h2>\n<p>Le statut de culte acquis est d\u00e9sormais soulign\u00e9 par l&rsquo;organisation n\u00e9erlandaise de Porsche. Les huit concessionnaires et l&rsquo;importateur prendront chacun une pi\u00e8ce d&rsquo;identit\u00e9. Buzz en service qui, par sa livr\u00e9e et son lettrage, s&rsquo;inspire des l\u00e9gendaires fourgons Volkswagen T1 et T2 de Porsche Renndienst.<\/p>\n<h2>Identifiant Volkswagen. Buzz 1er Max<\/h2>\n<p>En dessous, il y a les r\u00e9incarnations de Renndienst.  <a href=\"https:\/\/autorai.nl\/volkswagen-id-buzz-2022-test-video\/\" target=\"_blank\" rel=\"noreferrer noopener\">Identifiant Volkswagen. bourdonner<\/a>  Versions passagers 1st Max avec un pack de batteries de 77 kWh et un moteur \u00e9lectrique de 150 kW\/204 ch entra\u00eenant les roues arri\u00e8re. Les Centres Porsche auront leur carte d&rsquo;identit\u00e9. Buzz Renndienst est notamment utilis\u00e9 comme navette, \u00e0 des fins promotionnelles et lors d&rsquo;\u00e9v\u00e9nements. Peut-\u00eatre obtenir l&rsquo;identification. Les versions de Buzz Renndienst ont dans le temps un statut aussi culte que l&#8217;embl\u00e9matique Bullis.  <\/p>\n<div class=\"galery shuffle galery-0\">\n<figure>\n\t\t\t\t\t<span style=\"cursor: pointer\" data-src=\"https:\/\/autorai.nl\/wp-content\/uploads\/2023\/02\/porsche-renndienst-volkswagen-id-buzz-2023-foto15-1600x1068.jpg\" data-fancybox=\"galery-0\" title=\"\"><br \/>\n\t\t\t\t\t\t\t<img decoding=\"async\" width=\"640\" height=\"480\" src=\"https:\/\/autorai.nl\/wp-content\/uploads\/2023\/02\/porsche-renndienst-volkswagen-id-buzz-2023-foto15-640x480.jpg\" class=\"attachment-medium size-medium\" alt=\"\" loading=\"lazy\"><i class=\"fa fa-search-plus\" aria-hidden=\"true\"><\/i><br \/>\n\t\t\t\t\t\t<\/span><br \/>\n\t\t\t\t\t<\/figure>\n<figure>\n\t\t\t\t\t<span style=\"cursor: pointer\" data-src=\"https:\/\/autorai.nl\/wp-content\/uploads\/2023\/02\/porsche-renndienst-volkswagen-id-buzz-2023-foto14-1600x1068.jpg\" data-fancybox=\"galery-0\" title=\"\"><br \/>\n\t\t\t\t\t\t\t<img decoding=\"async\" width=\"360\" height=\"270\" src=\"https:\/\/autorai.nl\/wp-content\/uploads\/2023\/02\/porsche-renndienst-volkswagen-id-buzz-2023-foto14-360x270.jpg\" class=\"attachment-small size-small\" alt=\"Porsche Volkswagen Renndienst\" loading=\"lazy\"><i class=\"fa fa-search-plus\" aria-hidden=\"true\"><\/i><br \/>\n\t\t\t\t\t\t<\/span><br \/>\n\t\t\t\t\t<\/figure>\n<figure>\n\t\t\t\t\t<span style=\"cursor: pointer\" data-src=\"https:\/\/autorai.nl\/wp-content\/uploads\/2023\/02\/porsche-renndienst-volkswagen-id-buzz-2023-foto13-1600x1068.jpg\" data-fancybox=\"galery-0\" title=\"\"><br \/>\n\t\t\t\t\t\t\t<img decoding=\"async\" width=\"360\" height=\"270\" src=\"https:\/\/autorai.nl\/wp-content\/uploads\/2023\/02\/porsche-renndienst-volkswagen-id-buzz-2023-foto13-360x270.jpg\" class=\"attachment-small size-small\" alt=\"\" loading=\"lazy\"><i class=\"fa fa-search-plus\" aria-hidden=\"true\"><\/i><br \/>\n\t\t\t\t\t\t<\/span><br \/>\n\t\t\t\t\t<\/figure>\n<figure>\n\t\t\t\t\t<span style=\"cursor: pointer\" data-src=\"https:\/\/autorai.nl\/wp-content\/uploads\/2023\/02\/porsche-renndienst-volkswagen-id-buzz-2023-foto12-1600x1068.jpg\" data-fancybox=\"galery-0\" title=\"\"><br \/>\n\t\t\t\t\t\t\t<img decoding=\"async\" width=\"640\" height=\"480\" src=\"https:\/\/autorai.nl\/wp-content\/uploads\/2023\/02\/porsche-renndienst-volkswagen-id-buzz-2023-foto12-640x480.jpg\" class=\"attachment-medium size-medium\" alt=\"\" loading=\"lazy\"><i class=\"fa fa-search-plus\" aria-hidden=\"true\"><\/i><br \/>\n\t\t\t\t\t\t<\/span><br \/>\n\t\t\t\t\t<\/figure>\n<figure>\n\t\t\t\t\t<span style=\"cursor: pointer\" data-src=\"https:\/\/autorai.nl\/wp-content\/uploads\/2023\/02\/porsche-renndienst-volkswagen-id-buzz-2023-foto11-1600x1068.jpg\" data-fancybox=\"galery-0\" title=\"\"><br \/>\n\t\t\t\t\t\t\t<img decoding=\"async\" width=\"360\" height=\"270\" src=\"https:\/\/autorai.nl\/wp-content\/uploads\/2023\/02\/porsche-renndienst-volkswagen-id-buzz-2023-foto11-360x270.jpg\" class=\"attachment-small size-small\" alt=\"\" loading=\"lazy\"><i class=\"fa fa-search-plus\" aria-hidden=\"true\"><\/i><br \/>\n\t\t\t\t\t\t<\/span><br \/>\n\t\t\t\t\t<\/figure>\n<figure>\n\t\t\t\t\t<span style=\"cursor: pointer\" data-src=\"https:\/\/autorai.nl\/wp-content\/uploads\/2023\/02\/porsche-renndienst-volkswagen-id-buzz-2023-foto10-1600x1068.jpg\" data-fancybox=\"galery-0\" title=\"\"><br \/>\n\t\t\t\t\t\t\t<img decoding=\"async\" width=\"360\" height=\"270\" src=\"https:\/\/autorai.nl\/wp-content\/uploads\/2023\/02\/porsche-renndienst-volkswagen-id-buzz-2023-foto10-360x270.jpg\" class=\"attachment-small size-small\" alt=\"\" loading=\"lazy\"><i class=\"fa fa-search-plus\" aria-hidden=\"true\"><\/i><br \/>\n\t\t\t\t\t\t<\/span><br \/>\n\t\t\t\t\t<\/figure>\n<figure>\n\t\t\t\t\t<span style=\"cursor: pointer\" data-src=\"https:\/\/autorai.nl\/wp-content\/uploads\/2023\/02\/porsche-renndienst-volkswagen-id-buzz-2023-foto9-1600x1068.jpg\" data-fancybox=\"galery-0\" title=\"\"><br \/>\n\t\t\t\t\t\t\t<img decoding=\"async\" width=\"640\" height=\"480\" src=\"https:\/\/autorai.nl\/wp-content\/uploads\/2023\/02\/porsche-renndienst-volkswagen-id-buzz-2023-foto9-640x480.jpg\" class=\"attachment-medium size-medium\" alt=\"\" loading=\"lazy\"><i class=\"fa fa-search-plus\" aria-hidden=\"true\"><\/i><br \/>\n\t\t\t\t\t\t<\/span><br \/>\n\t\t\t\t\t<\/figure>\n<figure>\n\t\t\t\t\t<span style=\"cursor: pointer\" data-src=\"https:\/\/autorai.nl\/wp-content\/uploads\/2023\/02\/porsche-renndienst-volkswagen-id-buzz-2023-foto8-1600x1068.jpg\" data-fancybox=\"galery-0\" title=\"\"><br \/>\n\t\t\t\t\t\t\t<img decoding=\"async\" width=\"360\" height=\"270\" src=\"https:\/\/autorai.nl\/wp-content\/uploads\/2023\/02\/porsche-renndienst-volkswagen-id-buzz-2023-foto8-360x270.jpg\" class=\"attachment-small size-small\" alt=\"\" loading=\"lazy\"><i class=\"fa fa-search-plus\" aria-hidden=\"true\"><\/i><br \/>\n\t\t\t\t\t\t<\/span><br \/>\n\t\t\t\t\t<\/figure>\n<figure>\n\t\t\t\t\t<span style=\"cursor: pointer\" data-src=\"https:\/\/autorai.nl\/wp-content\/uploads\/2023\/02\/porsche-renndienst-volkswagen-id-buzz-2023-foto7-1600x1068.jpg\" data-fancybox=\"galery-0\" title=\"\"><br \/>\n\t\t\t\t\t\t\t<img decoding=\"async\" width=\"360\" height=\"270\" src=\"https:\/\/autorai.nl\/wp-content\/uploads\/2023\/02\/porsche-renndienst-volkswagen-id-buzz-2023-foto7-360x270.jpg\" class=\"attachment-small size-small\" alt=\"\" loading=\"lazy\"><i class=\"fa fa-search-plus\" aria-hidden=\"true\"><\/i><br \/>\n\t\t\t\t\t\t<\/span><br \/>\n\t\t\t\t\t<\/figure>\n<figure>\n\t\t\t\t\t<span style=\"cursor: pointer\" data-src=\"https:\/\/autorai.nl\/wp-content\/uploads\/2023\/02\/porsche-renndienst-volkswagen-id-buzz-2023-foto6-1575x1600.jpg\" data-fancybox=\"galery-0\" title=\"\"><br \/>\n\t\t\t\t\t\t\t<img decoding=\"async\" width=\"640\" height=\"480\" src=\"https:\/\/autorai.nl\/wp-content\/uploads\/2023\/02\/porsche-renndienst-volkswagen-id-buzz-2023-foto6-640x480.jpg\" class=\"attachment-medium size-medium\" alt=\"\" loading=\"lazy\"><i class=\"fa fa-search-plus\" aria-hidden=\"true\"><\/i><br \/>\n\t\t\t\t\t\t<\/span><br \/>\n\t\t\t\t\t<\/figure>\n<figure>\n\t\t\t\t\t<span style=\"cursor: pointer\" data-src=\"https:\/\/autorai.nl\/wp-content\/uploads\/2023\/02\/porsche-renndienst-volkswagen-id-buzz-2023-foto5-1600x1067.jpg\" data-fancybox=\"galery-0\" title=\"\"><br \/>\n\t\t\t\t\t\t\t<img decoding=\"async\" width=\"360\" height=\"270\" src=\"https:\/\/autorai.nl\/wp-content\/uploads\/2023\/02\/porsche-renndienst-volkswagen-id-buzz-2023-foto5-360x270.jpg\" class=\"attachment-small size-small\" alt=\"Porsche Renndienst\" loading=\"lazy\"><i class=\"fa fa-search-plus\" aria-hidden=\"true\"><\/i><br \/>\n\t\t\t\t\t\t<\/span><br \/>\n\t\t\t\t\t<\/figure>\n<figure>\n\t\t\t\t\t<span style=\"cursor: pointer\" data-src=\"https:\/\/autorai.nl\/wp-content\/uploads\/2023\/02\/porsche-renndienst-volkswagen-id-buzz-2023-foto4-1600x1088.jpg\" data-fancybox=\"galery-0\" title=\"\"><br \/>\n\t\t\t\t\t\t\t<img decoding=\"async\" width=\"360\" height=\"270\" src=\"https:\/\/autorai.nl\/wp-content\/uploads\/2023\/02\/porsche-renndienst-volkswagen-id-buzz-2023-foto4-360x270.jpg\" class=\"attachment-small size-small\" alt=\"\" loading=\"lazy\"><i class=\"fa fa-search-plus\" aria-hidden=\"true\"><\/i><br \/>\n\t\t\t\t\t\t<\/span><br \/>\n\t\t\t\t\t<\/figure>\n<figure>\n\t\t\t\t\t<span style=\"cursor: pointer\" data-src=\"https:\/\/autorai.nl\/wp-content\/uploads\/2023\/02\/porsche-renndienst-volkswagen-id-buzz-2023-foto3-1600x1600.jpg\" data-fancybox=\"galery-0\" title=\"\"><br \/>\n\t\t\t\t\t\t\t<img decoding=\"async\" width=\"640\" height=\"480\" src=\"https:\/\/autorai.nl\/wp-content\/uploads\/2023\/02\/porsche-renndienst-volkswagen-id-buzz-2023-foto3-640x480.jpg\" class=\"attachment-medium size-medium\" alt=\"\" loading=\"lazy\"><i class=\"fa fa-search-plus\" aria-hidden=\"true\"><\/i><br \/>\n\t\t\t\t\t\t<\/span><br \/>\n\t\t\t\t\t<\/figure>\n<figure>\n\t\t\t\t\t<span style=\"cursor: pointer\" data-src=\"https:\/\/autorai.nl\/wp-content\/uploads\/2023\/02\/porsche-renndienst-volkswagen-id-buzz-2023-foto2-1598x1600.jpg\" data-fancybox=\"galery-0\" title=\"\"><br \/>\n\t\t\t\t\t\t\t<img decoding=\"async\" width=\"360\" height=\"270\" src=\"https:\/\/autorai.nl\/wp-content\/uploads\/2023\/02\/porsche-renndienst-volkswagen-id-buzz-2023-foto2-360x270.jpg\" class=\"attachment-small size-small\" alt=\"\" loading=\"lazy\"><i class=\"fa fa-search-plus\" aria-hidden=\"true\"><\/i><br \/>\n\t\t\t\t\t\t<\/span><br \/>\n\t\t\t\t\t<\/figure>\n<figure>\n\t\t\t\t\t<span style=\"cursor: pointer\" data-src=\"https:\/\/autorai.nl\/wp-content\/uploads\/2023\/02\/porsche-renndienst-volkswagen-id-buzz-2023-foto1-1600x1068.jpg\" data-fancybox=\"galery-0\" title=\"\"><br \/>\n\t\t\t\t\t\t\t<img decoding=\"async\" width=\"360\" height=\"270\" src=\"https:\/\/autorai.nl\/wp-content\/uploads\/2023\/02\/porsche-renndienst-volkswagen-id-buzz-2023-foto1-360x270.jpg\" class=\"attachment-small size-small\" alt=\"\" loading=\"lazy\"><i class=\"fa fa-search-plus\" aria-hidden=\"true\"><\/i><br \/>\n\t\t\t\t\t\t<\/span><br \/>\n\t\t\t\t\t<\/figure>\n<div class=\"clear\"><\/div>\n<\/div>\n<figure class=\"wp-block-embed is-type-video is-provider-youtube wp-block-embed-youtube wp-embed-aspect-16-9 wp-has-aspect-ratio\">\n<div class=\"wp-block-embed__wrapper\">\n<\/div>\n<\/figure>\n","protected":false},"excerpt":{"rendered":"Les couleurs famili\u00e8res de Porsche Renndienst Les huit Centres Porsche n\u00e9erlandais et l'importateur mettent chacun une Volkswagen \u00e9lectrique ID \u00e0\u2026","protected":false},"author":0,"featured_media":132405,"comment_status":"","ping_status":"open","sticky":false,"template":"","format":"standard","meta":{"footnotes":""},"categories":[127],"tags":[],"class_list":["post-132415","post","type-post","status-publish","format-standard","has-post-thumbnail","hentry","category-nouvelles-de-voiture"],"acf":[],"yoast_head":"<!-- This site is optimized with the Yoast SEO plugin v21.2 - https:\/\/yoast.com\/wordpress\/plugins\/seo\/ -->\n<title>Porsche ID.Buzz Renndienst : tout simplement g\u00e9nial ! - All cars news<\/title>\n<meta name=\"robots\" content=\"index, follow, max-snippet:-1, max-image-preview:large, max-video-preview:-1\" \/>\n<link rel=\"canonical\" href=\"https:\/\/all-car-news.com\/fr\/porsche-id-buzz-renndienst-tout-simplement-genial\/\" \/>\n<meta property=\"og:locale\" content=\"fr_FR\" \/>\n<meta property=\"og:type\" content=\"article\" \/>\n<meta property=\"og:title\" content=\"Porsche ID.Buzz Renndienst : tout simplement g\u00e9nial ! - All cars news\" \/>\n<meta property=\"og:description\" content=\"Les couleurs famili\u00e8res de Porsche Renndienst Les huit Centres Porsche n\u00e9erlandais et l&#039;importateur mettent chacun une Volkswagen \u00e9lectrique ID \u00e0 partir de ce mois-ci. Buzz, qui porte les couleurs famili\u00e8res de Porsche Renndienst. L identit\u00e9. Buzz \u00e9tablit un lien ludique entre le riche pass\u00e9 des circuits de course et le pr\u00e9sent, l&#039;ann\u00e9e m\u00eame o\u00f9 Porsche pr\u00e9sente son [...].\" \/>\n<meta property=\"og:url\" content=\"https:\/\/all-car-news.com\/fr\/porsche-id-buzz-renndienst-tout-simplement-genial\/\" \/>\n<meta property=\"og:site_name\" content=\"All cars news\" \/>\n<meta property=\"article:published_time\" content=\"2023-02-27T08:53:10+00:00\" \/>\n<meta property=\"og:image\" content=\"https:\/\/autorai.nl\/wp-content\/uploads\/2023\/02\/porsche-renndienst-volkswagen-id-buzz-2023-foto5-1140x760.jpg\" \/>\n<meta name=\"twitter:card\" content=\"summary_large_image\" \/>\n<meta name=\"twitter:label1\" content=\"Dur\u00e9e de lecture estim\u00e9e\" \/>\n\t<meta name=\"twitter:data1\" content=\"3 minutes\" \/>\n<script type=\"application\/ld+json\" class=\"yoast-schema-graph\">{\"@context\":\"https:\/\/schema.org\",\"@graph\":[{\"@type\":\"Article\",\"@id\":\"https:\/\/all-car-news.com\/fr\/porsche-id-buzz-renndienst-tout-simplement-genial\/#article\",\"isPartOf\":{\"@id\":\"https:\/\/all-car-news.com\/fr\/porsche-id-buzz-renndienst-tout-simplement-genial\/\"},\"author\":{\"name\":\"\",\"@id\":\"\"},\"headline\":\"Porsche ID.Buzz Renndienst : tout simplement g\u00e9nial !\",\"datePublished\":\"2023-02-27T08:53:10+00:00\",\"dateModified\":\"2023-02-27T08:53:10+00:00\",\"mainEntityOfPage\":{\"@id\":\"https:\/\/all-car-news.com\/fr\/porsche-id-buzz-renndienst-tout-simplement-genial\/\"},\"wordCount\":654,\"publisher\":{\"@id\":\"https:\/\/all-car-news.com\/fr\/#organization\"},\"articleSection\":[\"nouvelles de voiture\"],\"inLanguage\":\"fr-FR\"},{\"@type\":\"WebPage\",\"@id\":\"https:\/\/all-car-news.com\/fr\/porsche-id-buzz-renndienst-tout-simplement-genial\/\",\"url\":\"https:\/\/all-car-news.com\/fr\/porsche-id-buzz-renndienst-tout-simplement-genial\/\",\"name\":\"Porsche ID.Buzz Renndienst : tout simplement g\u00e9nial ! - All cars news\",\"isPartOf\":{\"@id\":\"https:\/\/all-car-news.com\/fr\/#website\"},\"datePublished\":\"2023-02-27T08:53:10+00:00\",\"dateModified\":\"2023-02-27T08:53:10+00:00\",\"breadcrumb\":{\"@id\":\"https:\/\/all-car-news.com\/fr\/porsche-id-buzz-renndienst-tout-simplement-genial\/#breadcrumb\"},\"inLanguage\":\"fr-FR\",\"potentialAction\":[{\"@type\":\"ReadAction\",\"target\":[\"https:\/\/all-car-news.com\/fr\/porsche-id-buzz-renndienst-tout-simplement-genial\/\"]}]},{\"@type\":\"BreadcrumbList\",\"@id\":\"https:\/\/all-car-news.com\/fr\/porsche-id-buzz-renndienst-tout-simplement-genial\/#breadcrumb\",\"itemListElement\":[{\"@type\":\"ListItem\",\"position\":1,\"name\":\"Home\",\"item\":\"https:\/\/all-car-news.com\/fr\/\"},{\"@type\":\"ListItem\",\"position\":2,\"name\":\"Porsche ID.Buzz Renndienst : tout simplement g\u00e9nial !\"}]},{\"@type\":\"WebSite\",\"@id\":\"https:\/\/all-car-news.com\/fr\/#website\",\"url\":\"https:\/\/all-car-news.com\/fr\/\",\"name\":\"All cars news\",\"description\":\"\",\"publisher\":{\"@id\":\"https:\/\/all-car-news.com\/fr\/#organization\"},\"potentialAction\":[{\"@type\":\"SearchAction\",\"target\":{\"@type\":\"EntryPoint\",\"urlTemplate\":\"https:\/\/all-car-news.com\/fr\/?s={search_term_string}\"},\"query-input\":\"required name=search_term_string\"}],\"inLanguage\":\"fr-FR\"},{\"@type\":\"Organization\",\"@id\":\"https:\/\/all-car-news.com\/fr\/#organization\",\"name\":\"All cars news\",\"url\":\"https:\/\/all-car-news.com\/fr\/\",\"logo\":{\"@type\":\"ImageObject\",\"inLanguage\":\"fr-FR\",\"@id\":\"https:\/\/all-car-news.com\/fr\/#\/schema\/logo\/image\/\",\"url\":\"https:\/\/all-car-news.com\/wp-content\/uploads\/2022\/02\/CMYK-AllCarNews_LANDSCAPE_300px-1.png\",\"contentUrl\":\"https:\/\/all-car-news.com\/wp-content\/uploads\/2022\/02\/CMYK-AllCarNews_LANDSCAPE_300px-1.png\",\"width\":300,\"height\":100,\"caption\":\"All cars news\"},\"image\":{\"@id\":\"https:\/\/all-car-news.com\/fr\/#\/schema\/logo\/image\/\"}}]}<\/script>\n<!-- \/ Yoast SEO plugin. -->","yoast_head_json":{"title":"Porsche ID.Buzz Renndienst : tout simplement g\u00e9nial ! - All cars news","robots":{"index":"index","follow":"follow","max-snippet":"max-snippet:-1","max-image-preview":"max-image-preview:large","max-video-preview":"max-video-preview:-1"},"canonical":"https:\/\/all-car-news.com\/fr\/porsche-id-buzz-renndienst-tout-simplement-genial\/","og_locale":"fr_FR","og_type":"article","og_title":"Porsche ID.Buzz Renndienst : tout simplement g\u00e9nial ! - All cars news","og_description":"Les couleurs famili\u00e8res de Porsche Renndienst Les huit Centres Porsche n\u00e9erlandais et l'importateur mettent chacun une Volkswagen \u00e9lectrique ID \u00e0 partir de ce mois-ci. Buzz, qui porte les couleurs famili\u00e8res de Porsche Renndienst. L identit\u00e9. Buzz \u00e9tablit un lien ludique entre le riche pass\u00e9 des circuits de course et le pr\u00e9sent, l'ann\u00e9e m\u00eame o\u00f9 Porsche pr\u00e9sente son [...].","og_url":"https:\/\/all-car-news.com\/fr\/porsche-id-buzz-renndienst-tout-simplement-genial\/","og_site_name":"All cars news","article_published_time":"2023-02-27T08:53:10+00:00","og_image":[{"url":"https:\/\/autorai.nl\/wp-content\/uploads\/2023\/02\/porsche-renndienst-volkswagen-id-buzz-2023-foto5-1140x760.jpg"}],"twitter_card":"summary_large_image","twitter_misc":{"Dur\u00e9e de lecture estim\u00e9e":"3 minutes"},"schema":{"@context":"https:\/\/schema.org","@graph":[{"@type":"Article","@id":"https:\/\/all-car-news.com\/fr\/porsche-id-buzz-renndienst-tout-simplement-genial\/#article","isPartOf":{"@id":"https:\/\/all-car-news.com\/fr\/porsche-id-buzz-renndienst-tout-simplement-genial\/"},"author":{"name":"","@id":""},"headline":"Porsche ID.Buzz Renndienst : tout simplement g\u00e9nial !","datePublished":"2023-02-27T08:53:10+00:00","dateModified":"2023-02-27T08:53:10+00:00","mainEntityOfPage":{"@id":"https:\/\/all-car-news.com\/fr\/porsche-id-buzz-renndienst-tout-simplement-genial\/"},"wordCount":654,"publisher":{"@id":"https:\/\/all-car-news.com\/fr\/#organization"},"articleSection":["nouvelles de voiture"],"inLanguage":"fr-FR"},{"@type":"WebPage","@id":"https:\/\/all-car-news.com\/fr\/porsche-id-buzz-renndienst-tout-simplement-genial\/","url":"https:\/\/all-car-news.com\/fr\/porsche-id-buzz-renndienst-tout-simplement-genial\/","name":"Porsche ID.Buzz Renndienst : tout simplement g\u00e9nial ! - All cars news","isPartOf":{"@id":"https:\/\/all-car-news.com\/fr\/#website"},"datePublished":"2023-02-27T08:53:10+00:00","dateModified":"2023-02-27T08:53:10+00:00","breadcrumb":{"@id":"https:\/\/all-car-news.com\/fr\/porsche-id-buzz-renndienst-tout-simplement-genial\/#breadcrumb"},"inLanguage":"fr-FR","potentialAction":[{"@type":"ReadAction","target":["https:\/\/all-car-news.com\/fr\/porsche-id-buzz-renndienst-tout-simplement-genial\/"]}]},{"@type":"BreadcrumbList","@id":"https:\/\/all-car-news.com\/fr\/porsche-id-buzz-renndienst-tout-simplement-genial\/#breadcrumb","itemListElement":[{"@type":"ListItem","position":1,"name":"Home","item":"https:\/\/all-car-news.com\/fr\/"},{"@type":"ListItem","position":2,"name":"Porsche ID.Buzz Renndienst : tout simplement g\u00e9nial !"}]},{"@type":"WebSite","@id":"https:\/\/all-car-news.com\/fr\/#website","url":"https:\/\/all-car-news.com\/fr\/","name":"All cars news","description":"","publisher":{"@id":"https:\/\/all-car-news.com\/fr\/#organization"},"potentialAction":[{"@type":"SearchAction","target":{"@type":"EntryPoint","urlTemplate":"https:\/\/all-car-news.com\/fr\/?s={search_term_string}"},"query-input":"required name=search_term_string"}],"inLanguage":"fr-FR"},{"@type":"Organization","@id":"https:\/\/all-car-news.com\/fr\/#organization","name":"All cars news","url":"https:\/\/all-car-news.com\/fr\/","logo":{"@type":"ImageObject","inLanguage":"fr-FR","@id":"https:\/\/all-car-news.com\/fr\/#\/schema\/logo\/image\/","url":"https:\/\/all-car-news.com\/wp-content\/uploads\/2022\/02\/CMYK-AllCarNews_LANDSCAPE_300px-1.png","contentUrl":"https:\/\/all-car-news.com\/wp-content\/uploads\/2022\/02\/CMYK-AllCarNews_LANDSCAPE_300px-1.png","width":300,"height":100,"caption":"All cars news"},"image":{"@id":"https:\/\/all-car-news.com\/fr\/#\/schema\/logo\/image\/"}}]}},"_links":{"self":[{"href":"https:\/\/all-car-news.com\/fr\/wp-json\/wp\/v2\/posts\/132415","targetHints":{"allow":["GET"]}}],"collection":[{"href":"https:\/\/all-car-news.com\/fr\/wp-json\/wp\/v2\/posts"}],"about":[{"href":"https:\/\/all-car-news.com\/fr\/wp-json\/wp\/v2\/types\/post"}],"replies":[{"embeddable":true,"href":"https:\/\/all-car-news.com\/fr\/wp-json\/wp\/v2\/comments?post=132415"}],"version-history":[{"count":0,"href":"https:\/\/all-car-news.com\/fr\/wp-json\/wp\/v2\/posts\/132415\/revisions"}],"wp:featuredmedia":[{"embeddable":true,"href":"https:\/\/all-car-news.com\/fr\/wp-json\/wp\/v2\/media\/132405"}],"wp:attachment":[{"href":"https:\/\/all-car-news.com\/fr\/wp-json\/wp\/v2\/media?parent=132415"}],"wp:term":[{"taxonomy":"category","embeddable":true,"href":"https:\/\/all-car-news.com\/fr\/wp-json\/wp\/v2\/categories?post=132415"},{"taxonomy":"post_tag","embeddable":true,"href":"https:\/\/all-car-news.com\/fr\/wp-json\/wp\/v2\/tags?post=132415"}],"curies":[{"name":"wp","href":"https:\/\/api.w.org\/{rel}","templated":true}]}}