{"id":132203,"date":"2023-02-21T17:39:13","date_gmt":"2023-02-21T17:39:13","guid":{"rendered":"https:\/\/all-car-news.com\/la-zero-electrique-sr-x-qui-vous-rendra-gourmand\/"},"modified":"2023-02-21T17:39:13","modified_gmt":"2023-02-21T17:39:13","slug":"la-zero-electrique-sr-x-qui-vous-rendra-gourmand","status":"publish","type":"post","link":"https:\/\/all-car-news.com\/fr\/la-zero-electrique-sr-x-qui-vous-rendra-gourmand\/","title":{"rendered":"La Zero \u00e9lectrique SR-X qui vous rendra gourmand"},"content":{"rendered":"<p>La Silicon Valley, en Californie, est depuis des ann\u00e9es un foyer de cr\u00e9ativit\u00e9 pour les innovateurs. Le berceau de la t\u00e9l\u00e9phonie mobile, des m\u00e9dias sociaux, de la mobilit\u00e9 \u00e9lectrique et, dans les ann\u00e9es \u00e0 venir, de l&rsquo;intelligence artificielle. C&rsquo;est \u00e9galement l\u00e0 que se trouve le plus grand fabricant de motos \u00e9lectriques, \u00e0 savoir Zero Motorcycles.<\/p>\n<h2>Ventes de motos \u00e9lectriques<\/h2>\n<p>La marque est pr\u00e9sente sur le march\u00e9 europ\u00e9en depuis 2013. Les ventes sont modestes. Cela peut changer \u00e0 l&rsquo;avenir. Il arrivera un moment o\u00f9 aucune nouvelle moto \u00e9quip\u00e9e d&rsquo;un moteur \u00e0 combustion interne ne pourra \u00eatre vendue. Il est d\u00e9sormais \u00e9tabli qu&rsquo;\u00e0 partir de 2035 dans l&rsquo;Union europ\u00e9enne, la vente de nouvelles voitures \u00e0 essence et diesel appartiendra au pass\u00e9.<\/p>\n<h2>Mod\u00e8le d&rsquo;\u00e9tude par Zero and HUGE Design<\/h2>\n<p>Dans cette perspective, le mod\u00e8le d&rsquo;\u00e9tude de Zero, qui vient d&rsquo;\u00eatre d\u00e9voil\u00e9, vaut vraiment la peine qu&rsquo;on s&rsquo;y attarde. Ce SR-X est une conception de HUGE Design de Bill Webb, \u00e9galement bas\u00e9 en Californie. Il a \u00e9galement esquiss\u00e9 les contours du d\u00e9sormais populaire Zero FXE.<\/p>\n<div class=\"galery shuffle galery-26824\">\n<figure>\n\t\t\t<a href=\"https:\/\/motorrai.nl\/wp-content\/uploads\/2023\/02\/SR-X-3.jpg\" data-fancybox=\"galery-26824\" title=\"\"><br \/>\n\t\t\t\t<img decoding=\"async\" src=\"https:\/\/motorrai.nl\/wp-content\/uploads\/2023\/02\/SR-X-3-640x480.jpg\" alt=\"\"><i class=\"fa fa-search-plus\" aria-hidden=\"true\"><\/i><br \/>\n\t\t\t<\/a><br \/>\n\t\t<\/figure>\n<figure>\n\t\t\t<a href=\"https:\/\/motorrai.nl\/wp-content\/uploads\/2023\/02\/SR-X-5-1200x1600.jpg\" data-fancybox=\"galery-26824\" title=\"\"><br \/>\n\t\t\t\t<img decoding=\"async\" src=\"https:\/\/motorrai.nl\/wp-content\/uploads\/2023\/02\/SR-X-5-360x270.jpg\" alt=\"\"><i class=\"fa fa-search-plus\" aria-hidden=\"true\"><\/i><br \/>\n\t\t\t<\/a><br \/>\n\t\t<\/figure>\n<figure>\n\t\t\t<a href=\"https:\/\/motorrai.nl\/wp-content\/uploads\/2023\/02\/SR-X-4-1200x1600.jpg\" data-fancybox=\"galery-26824\" title=\"\"><br \/>\n\t\t\t\t<img decoding=\"async\" src=\"https:\/\/motorrai.nl\/wp-content\/uploads\/2023\/02\/SR-X-4-360x270.jpg\" alt=\"\"><i class=\"fa fa-search-plus\" aria-hidden=\"true\"><\/i><br \/>\n\t\t\t<\/a><br \/>\n\t\t<\/figure>\n<div class=\"clear\"><\/div>\n<\/div>\n<h2>Programme de d\u00e9veloppement<\/h2>\n<p>Le SR-X est la derni\u00e8re nouveaut\u00e9 du programme de d\u00e9veloppement Zero Motorcycles Design the Future. Ce programme r\u00e9unit les concepteurs et les ing\u00e9nieurs les plus talentueux du secteur pour repousser les limites de ce qui est possible avec les motos \u00e9lectriques.<\/p>\n<h2>V\u00e9lo concept Zero SR-X<\/h2>\n<p>Selon M. Webb, la moto concept SR-X devrait toucher une corde sensible chez les amateurs de motos sportives. \u00ab\u00a0En combinant des lignes \u00e9pur\u00e9es et des d\u00e9tails de conception avec la position agressive et la sensation de performance brute des motos sportives de conception moderne \u00ab\u00a0, d\u00e9clare le designer. \u00ab\u00a0Une silhouette lourde \u00e0 l&rsquo;avant, avec la technologie la plus visible \u00e0 l&rsquo;arri\u00e8re.\u00a0\u00bb<\/p>\n<div class=\"galery shuffle galery-26824\">\n<figure>\n\t\t\t<a href=\"https:\/\/motorrai.nl\/wp-content\/uploads\/2023\/02\/SR-X-2.jpg\" data-fancybox=\"galery-26824\" title=\"\"><br \/>\n\t\t\t\t<img decoding=\"async\" src=\"https:\/\/motorrai.nl\/wp-content\/uploads\/2023\/02\/SR-X-2-640x480.jpg\" alt=\"\"><i class=\"fa fa-search-plus\" aria-hidden=\"true\"><\/i><br \/>\n\t\t\t<\/a><br \/>\n\t\t<\/figure>\n<figure>\n\t\t\t<a href=\"https:\/\/motorrai.nl\/wp-content\/uploads\/2023\/02\/SR-X-8.jpg\" data-fancybox=\"galery-26824\" title=\"\"><br \/>\n\t\t\t\t<img decoding=\"async\" src=\"https:\/\/motorrai.nl\/wp-content\/uploads\/2023\/02\/SR-X-8-360x270.jpg\" alt=\"\"><i class=\"fa fa-search-plus\" aria-hidden=\"true\"><\/i><br \/>\n\t\t\t<\/a><br \/>\n\t\t<\/figure>\n<figure>\n\t\t\t<a href=\"https:\/\/motorrai.nl\/wp-content\/uploads\/2023\/02\/SR-X-7.jpg\" data-fancybox=\"galery-26824\" title=\"\"><br \/>\n\t\t\t\t<img decoding=\"async\" src=\"https:\/\/motorrai.nl\/wp-content\/uploads\/2023\/02\/SR-X-7-360x270.jpg\" alt=\"\"><i class=\"fa fa-search-plus\" aria-hidden=\"true\"><\/i><br \/>\n\t\t\t<\/a><br \/>\n\t\t<\/figure>\n<div class=\"clear\"><\/div>\n<\/div>\n<h2>Vitesse maximale 200 km\/h<\/h2>\n<p>En ce qui concerne cette technologie, la SR-X abrite sous sa carrosserie le moteur \u00e9lectrique ZF75-10 de la <a href=\"https:\/\/motorrai.nl\/motortest-zero-sr-s-2021\/\">Zero SR\/S<\/a> et la nouvelle et puissante batterie lithium-ion ZF17.3. Sur la SR\/S, le moteur \u00e9lectrique permet d&rsquo;atteindre une vitesse de pointe de 200 km\/h gr\u00e2ce \u00e0 une puissance maximale de 82 kW (110 ch) et une force de traction consid\u00e9rable de 190 Nm. La charge peut \u00eatre effectu\u00e9e en 60 minutes. L&rsquo;autonomie est d&rsquo;environ 300 km, mais en usage purement urbain et donc \u00e0 faible vitesse. Mais oui, le SR\/S n&rsquo;est pas uniquement destin\u00e9 \u00e0 cela, donc la port\u00e9e sera plus courte en pratique. Avec son design, le SR-X incite en fait \u00e0 une conduite tr\u00e8s sportive. Si cela se produit \u00e0 l&rsquo;avenir, la technologie des batteries sera probablement d\u00e9j\u00e0 plus efficace \u00e0 nouveau.<\/p>\n","protected":false},"excerpt":{"rendered":"La Silicon Valley, en Californie, est depuis des ann\u00e9es un foyer de cr\u00e9ation pour les innovateurs. Le berceau de la\u2026","protected":false},"author":0,"featured_media":132193,"comment_status":"open","ping_status":"open","sticky":false,"template":"","format":"standard","meta":{"footnotes":""},"categories":[127],"tags":[],"class_list":["post-132203","post","type-post","status-publish","format-standard","has-post-thumbnail","hentry","category-nouvelles-de-voiture"],"acf":[],"yoast_head":"<!-- This site is optimized with the Yoast SEO plugin v21.2 - https:\/\/yoast.com\/wordpress\/plugins\/seo\/ -->\n<title>La Zero \u00e9lectrique SR-X qui vous rendra gourmand - All cars news<\/title>\n<meta name=\"robots\" content=\"index, follow, max-snippet:-1, max-image-preview:large, max-video-preview:-1\" \/>\n<link rel=\"canonical\" href=\"https:\/\/all-car-news.com\/fr\/la-zero-electrique-sr-x-qui-vous-rendra-gourmand\/\" \/>\n<meta property=\"og:locale\" content=\"fr_FR\" \/>\n<meta property=\"og:type\" content=\"article\" \/>\n<meta property=\"og:title\" content=\"La Zero \u00e9lectrique SR-X qui vous rendra gourmand - All cars news\" \/>\n<meta property=\"og:description\" content=\"La Silicon Valley, en Californie, est depuis des ann\u00e9es un foyer de cr\u00e9ation pour les innovateurs. Le berceau de la t\u00e9l\u00e9phonie mobile, des m\u00e9dias sociaux, de la mobilit\u00e9 \u00e9lectrique et, dans les ann\u00e9es \u00e0 venir, de l&#039;intelligence artificielle. C&#039;est \u00e9galement l\u00e0 que se trouve le plus grand fabricant de motos \u00e9lectriques, \u00e0 savoir Zero Motorcycles. Ventes de motos \u00e9lectriques Depuis 2013, la marque [...]\" \/>\n<meta property=\"og:url\" content=\"https:\/\/all-car-news.com\/fr\/la-zero-electrique-sr-x-qui-vous-rendra-gourmand\/\" \/>\n<meta property=\"og:site_name\" content=\"All cars news\" \/>\n<meta property=\"article:published_time\" content=\"2023-02-21T17:39:13+00:00\" \/>\n<meta property=\"og:image\" content=\"https:\/\/motorrai.nl\/wp-content\/uploads\/2023\/02\/SR-X-3-640x480.jpg\" \/>\n<meta name=\"twitter:card\" content=\"summary_large_image\" \/>\n<meta name=\"twitter:label1\" content=\"Dur\u00e9e de lecture estim\u00e9e\" \/>\n\t<meta name=\"twitter:data1\" content=\"2 minutes\" \/>\n<script type=\"application\/ld+json\" class=\"yoast-schema-graph\">{\"@context\":\"https:\/\/schema.org\",\"@graph\":[{\"@type\":\"Article\",\"@id\":\"https:\/\/all-car-news.com\/fr\/la-zero-electrique-sr-x-qui-vous-rendra-gourmand\/#article\",\"isPartOf\":{\"@id\":\"https:\/\/all-car-news.com\/fr\/la-zero-electrique-sr-x-qui-vous-rendra-gourmand\/\"},\"author\":{\"name\":\"\",\"@id\":\"\"},\"headline\":\"La Zero \u00e9lectrique SR-X qui vous rendra gourmand\",\"datePublished\":\"2023-02-21T17:39:13+00:00\",\"dateModified\":\"2023-02-21T17:39:13+00:00\",\"mainEntityOfPage\":{\"@id\":\"https:\/\/all-car-news.com\/fr\/la-zero-electrique-sr-x-qui-vous-rendra-gourmand\/\"},\"wordCount\":442,\"commentCount\":0,\"publisher\":{\"@id\":\"https:\/\/all-car-news.com\/fr\/#organization\"},\"articleSection\":[\"nouvelles de voiture\"],\"inLanguage\":\"fr-FR\",\"potentialAction\":[{\"@type\":\"CommentAction\",\"name\":\"Comment\",\"target\":[\"https:\/\/all-car-news.com\/fr\/la-zero-electrique-sr-x-qui-vous-rendra-gourmand\/#respond\"]}]},{\"@type\":\"WebPage\",\"@id\":\"https:\/\/all-car-news.com\/fr\/la-zero-electrique-sr-x-qui-vous-rendra-gourmand\/\",\"url\":\"https:\/\/all-car-news.com\/fr\/la-zero-electrique-sr-x-qui-vous-rendra-gourmand\/\",\"name\":\"La Zero \u00e9lectrique SR-X qui vous rendra gourmand - All cars news\",\"isPartOf\":{\"@id\":\"https:\/\/all-car-news.com\/fr\/#website\"},\"datePublished\":\"2023-02-21T17:39:13+00:00\",\"dateModified\":\"2023-02-21T17:39:13+00:00\",\"breadcrumb\":{\"@id\":\"https:\/\/all-car-news.com\/fr\/la-zero-electrique-sr-x-qui-vous-rendra-gourmand\/#breadcrumb\"},\"inLanguage\":\"fr-FR\",\"potentialAction\":[{\"@type\":\"ReadAction\",\"target\":[\"https:\/\/all-car-news.com\/fr\/la-zero-electrique-sr-x-qui-vous-rendra-gourmand\/\"]}]},{\"@type\":\"BreadcrumbList\",\"@id\":\"https:\/\/all-car-news.com\/fr\/la-zero-electrique-sr-x-qui-vous-rendra-gourmand\/#breadcrumb\",\"itemListElement\":[{\"@type\":\"ListItem\",\"position\":1,\"name\":\"Home\",\"item\":\"https:\/\/all-car-news.com\/fr\/\"},{\"@type\":\"ListItem\",\"position\":2,\"name\":\"La Zero \u00e9lectrique SR-X qui vous rendra gourmand\"}]},{\"@type\":\"WebSite\",\"@id\":\"https:\/\/all-car-news.com\/fr\/#website\",\"url\":\"https:\/\/all-car-news.com\/fr\/\",\"name\":\"All cars news\",\"description\":\"\",\"publisher\":{\"@id\":\"https:\/\/all-car-news.com\/fr\/#organization\"},\"potentialAction\":[{\"@type\":\"SearchAction\",\"target\":{\"@type\":\"EntryPoint\",\"urlTemplate\":\"https:\/\/all-car-news.com\/fr\/?s={search_term_string}\"},\"query-input\":\"required name=search_term_string\"}],\"inLanguage\":\"fr-FR\"},{\"@type\":\"Organization\",\"@id\":\"https:\/\/all-car-news.com\/fr\/#organization\",\"name\":\"All cars news\",\"url\":\"https:\/\/all-car-news.com\/fr\/\",\"logo\":{\"@type\":\"ImageObject\",\"inLanguage\":\"fr-FR\",\"@id\":\"https:\/\/all-car-news.com\/fr\/#\/schema\/logo\/image\/\",\"url\":\"https:\/\/all-car-news.com\/wp-content\/uploads\/2022\/02\/CMYK-AllCarNews_LANDSCAPE_300px-1.png\",\"contentUrl\":\"https:\/\/all-car-news.com\/wp-content\/uploads\/2022\/02\/CMYK-AllCarNews_LANDSCAPE_300px-1.png\",\"width\":300,\"height\":100,\"caption\":\"All cars news\"},\"image\":{\"@id\":\"https:\/\/all-car-news.com\/fr\/#\/schema\/logo\/image\/\"}}]}<\/script>\n<!-- \/ Yoast SEO plugin. -->","yoast_head_json":{"title":"La Zero \u00e9lectrique SR-X qui vous rendra gourmand - All cars news","robots":{"index":"index","follow":"follow","max-snippet":"max-snippet:-1","max-image-preview":"max-image-preview:large","max-video-preview":"max-video-preview:-1"},"canonical":"https:\/\/all-car-news.com\/fr\/la-zero-electrique-sr-x-qui-vous-rendra-gourmand\/","og_locale":"fr_FR","og_type":"article","og_title":"La Zero \u00e9lectrique SR-X qui vous rendra gourmand - All cars news","og_description":"La Silicon Valley, en Californie, est depuis des ann\u00e9es un foyer de cr\u00e9ation pour les innovateurs. Le berceau de la t\u00e9l\u00e9phonie mobile, des m\u00e9dias sociaux, de la mobilit\u00e9 \u00e9lectrique et, dans les ann\u00e9es \u00e0 venir, de l'intelligence artificielle. C'est \u00e9galement l\u00e0 que se trouve le plus grand fabricant de motos \u00e9lectriques, \u00e0 savoir Zero Motorcycles. Ventes de motos \u00e9lectriques Depuis 2013, la marque [...]","og_url":"https:\/\/all-car-news.com\/fr\/la-zero-electrique-sr-x-qui-vous-rendra-gourmand\/","og_site_name":"All cars news","article_published_time":"2023-02-21T17:39:13+00:00","og_image":[{"url":"https:\/\/motorrai.nl\/wp-content\/uploads\/2023\/02\/SR-X-3-640x480.jpg"}],"twitter_card":"summary_large_image","twitter_misc":{"Dur\u00e9e de lecture estim\u00e9e":"2 minutes"},"schema":{"@context":"https:\/\/schema.org","@graph":[{"@type":"Article","@id":"https:\/\/all-car-news.com\/fr\/la-zero-electrique-sr-x-qui-vous-rendra-gourmand\/#article","isPartOf":{"@id":"https:\/\/all-car-news.com\/fr\/la-zero-electrique-sr-x-qui-vous-rendra-gourmand\/"},"author":{"name":"","@id":""},"headline":"La Zero \u00e9lectrique SR-X qui vous rendra gourmand","datePublished":"2023-02-21T17:39:13+00:00","dateModified":"2023-02-21T17:39:13+00:00","mainEntityOfPage":{"@id":"https:\/\/all-car-news.com\/fr\/la-zero-electrique-sr-x-qui-vous-rendra-gourmand\/"},"wordCount":442,"commentCount":0,"publisher":{"@id":"https:\/\/all-car-news.com\/fr\/#organization"},"articleSection":["nouvelles de voiture"],"inLanguage":"fr-FR","potentialAction":[{"@type":"CommentAction","name":"Comment","target":["https:\/\/all-car-news.com\/fr\/la-zero-electrique-sr-x-qui-vous-rendra-gourmand\/#respond"]}]},{"@type":"WebPage","@id":"https:\/\/all-car-news.com\/fr\/la-zero-electrique-sr-x-qui-vous-rendra-gourmand\/","url":"https:\/\/all-car-news.com\/fr\/la-zero-electrique-sr-x-qui-vous-rendra-gourmand\/","name":"La Zero \u00e9lectrique SR-X qui vous rendra gourmand - All cars news","isPartOf":{"@id":"https:\/\/all-car-news.com\/fr\/#website"},"datePublished":"2023-02-21T17:39:13+00:00","dateModified":"2023-02-21T17:39:13+00:00","breadcrumb":{"@id":"https:\/\/all-car-news.com\/fr\/la-zero-electrique-sr-x-qui-vous-rendra-gourmand\/#breadcrumb"},"inLanguage":"fr-FR","potentialAction":[{"@type":"ReadAction","target":["https:\/\/all-car-news.com\/fr\/la-zero-electrique-sr-x-qui-vous-rendra-gourmand\/"]}]},{"@type":"BreadcrumbList","@id":"https:\/\/all-car-news.com\/fr\/la-zero-electrique-sr-x-qui-vous-rendra-gourmand\/#breadcrumb","itemListElement":[{"@type":"ListItem","position":1,"name":"Home","item":"https:\/\/all-car-news.com\/fr\/"},{"@type":"ListItem","position":2,"name":"La Zero \u00e9lectrique SR-X qui vous rendra gourmand"}]},{"@type":"WebSite","@id":"https:\/\/all-car-news.com\/fr\/#website","url":"https:\/\/all-car-news.com\/fr\/","name":"All cars news","description":"","publisher":{"@id":"https:\/\/all-car-news.com\/fr\/#organization"},"potentialAction":[{"@type":"SearchAction","target":{"@type":"EntryPoint","urlTemplate":"https:\/\/all-car-news.com\/fr\/?s={search_term_string}"},"query-input":"required name=search_term_string"}],"inLanguage":"fr-FR"},{"@type":"Organization","@id":"https:\/\/all-car-news.com\/fr\/#organization","name":"All cars news","url":"https:\/\/all-car-news.com\/fr\/","logo":{"@type":"ImageObject","inLanguage":"fr-FR","@id":"https:\/\/all-car-news.com\/fr\/#\/schema\/logo\/image\/","url":"https:\/\/all-car-news.com\/wp-content\/uploads\/2022\/02\/CMYK-AllCarNews_LANDSCAPE_300px-1.png","contentUrl":"https:\/\/all-car-news.com\/wp-content\/uploads\/2022\/02\/CMYK-AllCarNews_LANDSCAPE_300px-1.png","width":300,"height":100,"caption":"All cars news"},"image":{"@id":"https:\/\/all-car-news.com\/fr\/#\/schema\/logo\/image\/"}}]}},"_links":{"self":[{"href":"https:\/\/all-car-news.com\/fr\/wp-json\/wp\/v2\/posts\/132203","targetHints":{"allow":["GET"]}}],"collection":[{"href":"https:\/\/all-car-news.com\/fr\/wp-json\/wp\/v2\/posts"}],"about":[{"href":"https:\/\/all-car-news.com\/fr\/wp-json\/wp\/v2\/types\/post"}],"replies":[{"embeddable":true,"href":"https:\/\/all-car-news.com\/fr\/wp-json\/wp\/v2\/comments?post=132203"}],"version-history":[{"count":0,"href":"https:\/\/all-car-news.com\/fr\/wp-json\/wp\/v2\/posts\/132203\/revisions"}],"wp:featuredmedia":[{"embeddable":true,"href":"https:\/\/all-car-news.com\/fr\/wp-json\/wp\/v2\/media\/132193"}],"wp:attachment":[{"href":"https:\/\/all-car-news.com\/fr\/wp-json\/wp\/v2\/media?parent=132203"}],"wp:term":[{"taxonomy":"category","embeddable":true,"href":"https:\/\/all-car-news.com\/fr\/wp-json\/wp\/v2\/categories?post=132203"},{"taxonomy":"post_tag","embeddable":true,"href":"https:\/\/all-car-news.com\/fr\/wp-json\/wp\/v2\/tags?post=132203"}],"curies":[{"name":"wp","href":"https:\/\/api.w.org\/{rel}","templated":true}]}}