{"id":131583,"date":"2023-01-13T13:20:15","date_gmt":"2023-01-13T13:20:15","guid":{"rendered":"https:\/\/all-car-news.com\/la-jeep-avenger-elue-voiture-de-lannee-2023\/"},"modified":"2023-01-13T13:20:15","modified_gmt":"2023-01-13T13:20:15","slug":"la-jeep-avenger-elue-voiture-de-lannee-2023","status":"publish","type":"post","link":"https:\/\/all-car-news.com\/fr\/la-jeep-avenger-elue-voiture-de-lannee-2023\/","title":{"rendered":"La Jeep Avenger \u00e9lue \u00ab\u00a0Voiture de l&rsquo;ann\u00e9e 2023\u00a0\u00bb."},"content":{"rendered":"<p>Pour l&rsquo;\u00e9lection de la voiture de l&rsquo;ann\u00e9e 2023, 45 voitures ont \u00e9t\u00e9 nomin\u00e9es. Ces mod\u00e8les ont \u00e9t\u00e9 \u00e9valu\u00e9s en d\u00e9tail par tous les juges sur des questions telles que le rapport qualit\u00e9-prix, le design, le confort, la s\u00e9curit\u00e9, la technologie et les performances environnementales. Sept mod\u00e8les ont ensuite \u00e9t\u00e9 s\u00e9lectionn\u00e9s pour la finale finale. Chaque membre du jury devait ensuite distribuer 25 points \u00e0 un minimum de cinq mod\u00e8les, avec un maximum de 10 points \u00e0 attribuer \u00e0 une voiture.  <\/p>\n<p>Avec 328 points, la <a href=\"https:\/\/autorai.nl\/prijzen-jeep-avenger-een-aantrekkelijke-aanbieding\/\" target=\"_blank\" rel=\"noreferrer noopener\">Jeep Avenger<\/a> a obtenu de loin le plus de points. Avec \u00e7a, il a quitt\u00e9 la Volkswagen ID. Buzz (241 points) loin derri\u00e8re. Sur 59 juges, la Jeep Avenger a \u00e9t\u00e9 choisie comme favorite par 21 juges.<\/p>\n<div class=\"galery shuffle galery-0\">\n<figure>\n\t\t\t\t\t<span style=\"cursor: pointer\" data-src=\"https:\/\/autorai.nl\/wp-content\/uploads\/2023\/01\/Jeep-Avenger-3.jpg\" data-fancybox=\"galery-0\" title=\"\"><br \/>\n\t\t\t\t\t\t\t<img decoding=\"async\" width=\"640\" height=\"480\" src=\"https:\/\/autorai.nl\/wp-content\/uploads\/2023\/01\/Jeep-Avenger-3-640x480.jpg\" class=\"attachment-medium size-medium\" alt=\"\" loading=\"lazy\"><i class=\"fa fa-search-plus\" aria-hidden=\"true\"><\/i><br \/>\n\t\t\t\t\t\t<\/span><br \/>\n\t\t\t\t\t<\/figure>\n<figure>\n\t\t\t\t\t<span style=\"cursor: pointer\" data-src=\"https:\/\/autorai.nl\/wp-content\/uploads\/2023\/01\/Jeep-Avenger-2.jpg\" data-fancybox=\"galery-0\" title=\"\"><br \/>\n\t\t\t\t\t\t\t<img decoding=\"async\" width=\"360\" height=\"270\" src=\"https:\/\/autorai.nl\/wp-content\/uploads\/2023\/01\/Jeep-Avenger-2-360x270.jpg\" class=\"attachment-small size-small\" alt=\"\" loading=\"lazy\"><i class=\"fa fa-search-plus\" aria-hidden=\"true\"><\/i><br \/>\n\t\t\t\t\t\t<\/span><br \/>\n\t\t\t\t\t<\/figure>\n<figure>\n\t\t\t\t\t<span style=\"cursor: pointer\" data-src=\"https:\/\/autorai.nl\/wp-content\/uploads\/2023\/01\/Jeep-Avenger-1.jpg\" data-fancybox=\"galery-0\" title=\"\"><br \/>\n\t\t\t\t\t\t\t<img decoding=\"async\" width=\"360\" height=\"270\" src=\"https:\/\/autorai.nl\/wp-content\/uploads\/2023\/01\/Jeep-Avenger-1-360x270.jpg\" class=\"attachment-small size-small\" alt=\"\" loading=\"lazy\"><i class=\"fa fa-search-plus\" aria-hidden=\"true\"><\/i><br \/>\n\t\t\t\t\t\t<\/span><br \/>\n\t\t\t\t\t<\/figure>\n<div class=\"clear\"><\/div>\n<\/div>\n<h2>Score final Voiture de l&rsquo;ann\u00e9e 2023<\/h2>\n<p>7 &#8211; Toyota bZ4X\/Subaru Solterra : 133 points<\/p>\n<p>5 &#8211; Renault Austral : 162 points<br \/>4 &#8211; Kia Niro : 200 points<br \/>3 &#8211; Nissan Ariya : 211 points<br \/>2 &#8211; Volkswagen ID. Buzz : 241 points<br \/><strong>1 &#8211; Jeep Avenger : 328 points<\/strong><\/p>\n<h2><strong>Prix de la voiture principale<\/strong><\/h2>\n<p>L&rsquo;\u00e9lection europ\u00e9enne de la \u00ab\u00a0Voiture de l&rsquo;ann\u00e9e\u00a0\u00bb existe depuis 1964 et constitue le prix automobile le plus important en Europe. En 2021, c&rsquo;est la <a href=\"https:\/\/autorai.nl\/toyota-yaris-auto-van-het-jaar-2021\/\" target=\"_blank\" rel=\"noreferrer noopener\">Toyota Yaris<\/a> qui a remport\u00e9 la victoire. L&rsquo;ann\u00e9e derni\u00e8re, c&rsquo;est la <a href=\"https:\/\/autorai.nl\/kia-ev6-is-auto-van-het-jaar-2022\/\" target=\"_blank\" rel=\"noreferrer noopener\">Kia EV6<\/a> qui a gagn\u00e9. Pour Jeep, c&rsquo;\u00e9tait la premi\u00e8re fois qu&rsquo;elle atteignait la finale de l&rsquo;\u00e9lection de la voiture de l&rsquo;ann\u00e9e. Avec cette victoire, la marque am\u00e9ricaine prouve qu&rsquo;elle a d\u00e9velopp\u00e9 une voiture attrayante qui impressionne sur tous les fronts.<\/p>\n<p>L&rsquo;Avenger est la plus petite Jeep jamais construite et la premi\u00e8re \u00e0 propulsion 100% \u00e9lectrique. Le <a href=\"https:\/\/autorai.nl\/?s=Jeep+Avenger\" target=\"_blank\" rel=\"noreferrer noopener\">SUV compact du segment B<\/a> utilise la m\u00eame technologie de propulsion que l&rsquo;Opel Mokka Electric et le Peugeot e-2008 du m\u00eame groupe Stellantis, mais poss\u00e8de un caract\u00e8re propre avec des caract\u00e9ristiques typiques de Jeep.<\/p>\n<figure class=\"wp-block-image size-full\"><img decoding=\"async\" loading=\"lazy\" width=\"500\" height=\"335\" src=\"https:\/\/autorai.nl\/wp-content\/uploads\/2023\/01\/Car-of-the-Yesr-2023-logo.jpg\" alt=\"\" class=\"wp-image-146581\"><\/figure>\n","protected":false},"excerpt":{"rendered":"Pour l'\u00e9lection de la voiture de l'ann\u00e9e 2023, 45 voitures ont \u00e9t\u00e9 nomin\u00e9es. Ces mod\u00e8les ont \u00e9t\u00e9 \u00e9valu\u00e9s en d\u00e9tail\u2026","protected":false},"author":0,"featured_media":129776,"comment_status":"open","ping_status":"open","sticky":false,"template":"","format":"standard","meta":{"footnotes":""},"categories":[127],"tags":[],"class_list":["post-131583","post","type-post","status-publish","format-standard","has-post-thumbnail","hentry","category-nouvelles-de-voiture"],"acf":[],"yoast_head":"<!-- This site is optimized with the Yoast SEO plugin v21.2 - https:\/\/yoast.com\/wordpress\/plugins\/seo\/ -->\n<title>La Jeep Avenger \u00e9lue &quot;Voiture de l&#039;ann\u00e9e 2023&quot;. - All cars news<\/title>\n<meta name=\"robots\" content=\"index, follow, max-snippet:-1, max-image-preview:large, max-video-preview:-1\" \/>\n<link rel=\"canonical\" href=\"https:\/\/all-car-news.com\/fr\/la-jeep-avenger-elue-voiture-de-lannee-2023\/\" \/>\n<meta property=\"og:locale\" content=\"fr_FR\" \/>\n<meta property=\"og:type\" content=\"article\" \/>\n<meta property=\"og:title\" content=\"La Jeep Avenger \u00e9lue &quot;Voiture de l&#039;ann\u00e9e 2023&quot;. - All cars news\" \/>\n<meta property=\"og:description\" content=\"Pour l&#039;\u00e9lection de la voiture de l&#039;ann\u00e9e 2023, 45 voitures ont \u00e9t\u00e9 nomin\u00e9es. Ces mod\u00e8les ont \u00e9t\u00e9 \u00e9valu\u00e9s en d\u00e9tail par tous les juges sur des questions telles que le rapport qualit\u00e9-prix, le design, le confort, la s\u00e9curit\u00e9, la technologie et les performances environnementales. Sept mod\u00e8les ont ensuite \u00e9t\u00e9 s\u00e9lectionn\u00e9s pour la finale finale. Chaque juge devait ensuite distribuer 25 points \u00e0 un minimum de cinq mod\u00e8les, avec un maximum de 10 points \u00e0 [...].\" \/>\n<meta property=\"og:url\" content=\"https:\/\/all-car-news.com\/fr\/la-jeep-avenger-elue-voiture-de-lannee-2023\/\" \/>\n<meta property=\"og:site_name\" content=\"All cars news\" \/>\n<meta property=\"article:published_time\" content=\"2023-01-13T13:20:15+00:00\" \/>\n<meta property=\"og:image\" content=\"https:\/\/autorai.nl\/wp-content\/uploads\/2023\/01\/Jeep-Avenger-3-640x480.jpg\" \/>\n<meta name=\"twitter:card\" content=\"summary_large_image\" \/>\n<meta name=\"twitter:label1\" content=\"Dur\u00e9e de lecture estim\u00e9e\" \/>\n\t<meta name=\"twitter:data1\" content=\"2 minutes\" \/>\n<script type=\"application\/ld+json\" class=\"yoast-schema-graph\">{\"@context\":\"https:\/\/schema.org\",\"@graph\":[{\"@type\":\"Article\",\"@id\":\"https:\/\/all-car-news.com\/fr\/la-jeep-avenger-elue-voiture-de-lannee-2023\/#article\",\"isPartOf\":{\"@id\":\"https:\/\/all-car-news.com\/fr\/la-jeep-avenger-elue-voiture-de-lannee-2023\/\"},\"author\":{\"name\":\"\",\"@id\":\"\"},\"headline\":\"La Jeep Avenger \u00e9lue \u00ab\u00a0Voiture de l&rsquo;ann\u00e9e 2023\u00a0\u00bb.\",\"datePublished\":\"2023-01-13T13:20:15+00:00\",\"dateModified\":\"2023-01-13T13:20:15+00:00\",\"mainEntityOfPage\":{\"@id\":\"https:\/\/all-car-news.com\/fr\/la-jeep-avenger-elue-voiture-de-lannee-2023\/\"},\"wordCount\":309,\"commentCount\":0,\"publisher\":{\"@id\":\"https:\/\/all-car-news.com\/fr\/#organization\"},\"articleSection\":[\"nouvelles de voiture\"],\"inLanguage\":\"fr-FR\",\"potentialAction\":[{\"@type\":\"CommentAction\",\"name\":\"Comment\",\"target\":[\"https:\/\/all-car-news.com\/fr\/la-jeep-avenger-elue-voiture-de-lannee-2023\/#respond\"]}]},{\"@type\":\"WebPage\",\"@id\":\"https:\/\/all-car-news.com\/fr\/la-jeep-avenger-elue-voiture-de-lannee-2023\/\",\"url\":\"https:\/\/all-car-news.com\/fr\/la-jeep-avenger-elue-voiture-de-lannee-2023\/\",\"name\":\"La Jeep Avenger \u00e9lue \\\"Voiture de l'ann\u00e9e 2023\\\". - All cars news\",\"isPartOf\":{\"@id\":\"https:\/\/all-car-news.com\/fr\/#website\"},\"datePublished\":\"2023-01-13T13:20:15+00:00\",\"dateModified\":\"2023-01-13T13:20:15+00:00\",\"breadcrumb\":{\"@id\":\"https:\/\/all-car-news.com\/fr\/la-jeep-avenger-elue-voiture-de-lannee-2023\/#breadcrumb\"},\"inLanguage\":\"fr-FR\",\"potentialAction\":[{\"@type\":\"ReadAction\",\"target\":[\"https:\/\/all-car-news.com\/fr\/la-jeep-avenger-elue-voiture-de-lannee-2023\/\"]}]},{\"@type\":\"BreadcrumbList\",\"@id\":\"https:\/\/all-car-news.com\/fr\/la-jeep-avenger-elue-voiture-de-lannee-2023\/#breadcrumb\",\"itemListElement\":[{\"@type\":\"ListItem\",\"position\":1,\"name\":\"Home\",\"item\":\"https:\/\/all-car-news.com\/fr\/\"},{\"@type\":\"ListItem\",\"position\":2,\"name\":\"La Jeep Avenger \u00e9lue &#8220;Voiture de l&#8217;ann\u00e9e 2023&#8221;.\"}]},{\"@type\":\"WebSite\",\"@id\":\"https:\/\/all-car-news.com\/fr\/#website\",\"url\":\"https:\/\/all-car-news.com\/fr\/\",\"name\":\"All cars news\",\"description\":\"\",\"publisher\":{\"@id\":\"https:\/\/all-car-news.com\/fr\/#organization\"},\"potentialAction\":[{\"@type\":\"SearchAction\",\"target\":{\"@type\":\"EntryPoint\",\"urlTemplate\":\"https:\/\/all-car-news.com\/fr\/?s={search_term_string}\"},\"query-input\":\"required name=search_term_string\"}],\"inLanguage\":\"fr-FR\"},{\"@type\":\"Organization\",\"@id\":\"https:\/\/all-car-news.com\/fr\/#organization\",\"name\":\"All cars news\",\"url\":\"https:\/\/all-car-news.com\/fr\/\",\"logo\":{\"@type\":\"ImageObject\",\"inLanguage\":\"fr-FR\",\"@id\":\"https:\/\/all-car-news.com\/fr\/#\/schema\/logo\/image\/\",\"url\":\"https:\/\/all-car-news.com\/wp-content\/uploads\/2022\/02\/CMYK-AllCarNews_LANDSCAPE_300px-1.png\",\"contentUrl\":\"https:\/\/all-car-news.com\/wp-content\/uploads\/2022\/02\/CMYK-AllCarNews_LANDSCAPE_300px-1.png\",\"width\":300,\"height\":100,\"caption\":\"All cars news\"},\"image\":{\"@id\":\"https:\/\/all-car-news.com\/fr\/#\/schema\/logo\/image\/\"}}]}<\/script>\n<!-- \/ Yoast SEO plugin. -->","yoast_head_json":{"title":"La Jeep Avenger \u00e9lue \"Voiture de l'ann\u00e9e 2023\". - All cars news","robots":{"index":"index","follow":"follow","max-snippet":"max-snippet:-1","max-image-preview":"max-image-preview:large","max-video-preview":"max-video-preview:-1"},"canonical":"https:\/\/all-car-news.com\/fr\/la-jeep-avenger-elue-voiture-de-lannee-2023\/","og_locale":"fr_FR","og_type":"article","og_title":"La Jeep Avenger \u00e9lue \"Voiture de l'ann\u00e9e 2023\". - All cars news","og_description":"Pour l'\u00e9lection de la voiture de l'ann\u00e9e 2023, 45 voitures ont \u00e9t\u00e9 nomin\u00e9es. Ces mod\u00e8les ont \u00e9t\u00e9 \u00e9valu\u00e9s en d\u00e9tail par tous les juges sur des questions telles que le rapport qualit\u00e9-prix, le design, le confort, la s\u00e9curit\u00e9, la technologie et les performances environnementales. Sept mod\u00e8les ont ensuite \u00e9t\u00e9 s\u00e9lectionn\u00e9s pour la finale finale. Chaque juge devait ensuite distribuer 25 points \u00e0 un minimum de cinq mod\u00e8les, avec un maximum de 10 points \u00e0 [...].","og_url":"https:\/\/all-car-news.com\/fr\/la-jeep-avenger-elue-voiture-de-lannee-2023\/","og_site_name":"All cars news","article_published_time":"2023-01-13T13:20:15+00:00","og_image":[{"url":"https:\/\/autorai.nl\/wp-content\/uploads\/2023\/01\/Jeep-Avenger-3-640x480.jpg"}],"twitter_card":"summary_large_image","twitter_misc":{"Dur\u00e9e de lecture estim\u00e9e":"2 minutes"},"schema":{"@context":"https:\/\/schema.org","@graph":[{"@type":"Article","@id":"https:\/\/all-car-news.com\/fr\/la-jeep-avenger-elue-voiture-de-lannee-2023\/#article","isPartOf":{"@id":"https:\/\/all-car-news.com\/fr\/la-jeep-avenger-elue-voiture-de-lannee-2023\/"},"author":{"name":"","@id":""},"headline":"La Jeep Avenger \u00e9lue \u00ab\u00a0Voiture de l&rsquo;ann\u00e9e 2023\u00a0\u00bb.","datePublished":"2023-01-13T13:20:15+00:00","dateModified":"2023-01-13T13:20:15+00:00","mainEntityOfPage":{"@id":"https:\/\/all-car-news.com\/fr\/la-jeep-avenger-elue-voiture-de-lannee-2023\/"},"wordCount":309,"commentCount":0,"publisher":{"@id":"https:\/\/all-car-news.com\/fr\/#organization"},"articleSection":["nouvelles de voiture"],"inLanguage":"fr-FR","potentialAction":[{"@type":"CommentAction","name":"Comment","target":["https:\/\/all-car-news.com\/fr\/la-jeep-avenger-elue-voiture-de-lannee-2023\/#respond"]}]},{"@type":"WebPage","@id":"https:\/\/all-car-news.com\/fr\/la-jeep-avenger-elue-voiture-de-lannee-2023\/","url":"https:\/\/all-car-news.com\/fr\/la-jeep-avenger-elue-voiture-de-lannee-2023\/","name":"La Jeep Avenger \u00e9lue \"Voiture de l'ann\u00e9e 2023\". - All cars news","isPartOf":{"@id":"https:\/\/all-car-news.com\/fr\/#website"},"datePublished":"2023-01-13T13:20:15+00:00","dateModified":"2023-01-13T13:20:15+00:00","breadcrumb":{"@id":"https:\/\/all-car-news.com\/fr\/la-jeep-avenger-elue-voiture-de-lannee-2023\/#breadcrumb"},"inLanguage":"fr-FR","potentialAction":[{"@type":"ReadAction","target":["https:\/\/all-car-news.com\/fr\/la-jeep-avenger-elue-voiture-de-lannee-2023\/"]}]},{"@type":"BreadcrumbList","@id":"https:\/\/all-car-news.com\/fr\/la-jeep-avenger-elue-voiture-de-lannee-2023\/#breadcrumb","itemListElement":[{"@type":"ListItem","position":1,"name":"Home","item":"https:\/\/all-car-news.com\/fr\/"},{"@type":"ListItem","position":2,"name":"La Jeep Avenger \u00e9lue &#8220;Voiture de l&#8217;ann\u00e9e 2023&#8221;."}]},{"@type":"WebSite","@id":"https:\/\/all-car-news.com\/fr\/#website","url":"https:\/\/all-car-news.com\/fr\/","name":"All cars news","description":"","publisher":{"@id":"https:\/\/all-car-news.com\/fr\/#organization"},"potentialAction":[{"@type":"SearchAction","target":{"@type":"EntryPoint","urlTemplate":"https:\/\/all-car-news.com\/fr\/?s={search_term_string}"},"query-input":"required name=search_term_string"}],"inLanguage":"fr-FR"},{"@type":"Organization","@id":"https:\/\/all-car-news.com\/fr\/#organization","name":"All cars news","url":"https:\/\/all-car-news.com\/fr\/","logo":{"@type":"ImageObject","inLanguage":"fr-FR","@id":"https:\/\/all-car-news.com\/fr\/#\/schema\/logo\/image\/","url":"https:\/\/all-car-news.com\/wp-content\/uploads\/2022\/02\/CMYK-AllCarNews_LANDSCAPE_300px-1.png","contentUrl":"https:\/\/all-car-news.com\/wp-content\/uploads\/2022\/02\/CMYK-AllCarNews_LANDSCAPE_300px-1.png","width":300,"height":100,"caption":"All cars news"},"image":{"@id":"https:\/\/all-car-news.com\/fr\/#\/schema\/logo\/image\/"}}]}},"_links":{"self":[{"href":"https:\/\/all-car-news.com\/fr\/wp-json\/wp\/v2\/posts\/131583","targetHints":{"allow":["GET"]}}],"collection":[{"href":"https:\/\/all-car-news.com\/fr\/wp-json\/wp\/v2\/posts"}],"about":[{"href":"https:\/\/all-car-news.com\/fr\/wp-json\/wp\/v2\/types\/post"}],"replies":[{"embeddable":true,"href":"https:\/\/all-car-news.com\/fr\/wp-json\/wp\/v2\/comments?post=131583"}],"version-history":[{"count":0,"href":"https:\/\/all-car-news.com\/fr\/wp-json\/wp\/v2\/posts\/131583\/revisions"}],"wp:featuredmedia":[{"embeddable":true,"href":"https:\/\/all-car-news.com\/fr\/wp-json\/wp\/v2\/media\/129776"}],"wp:attachment":[{"href":"https:\/\/all-car-news.com\/fr\/wp-json\/wp\/v2\/media?parent=131583"}],"wp:term":[{"taxonomy":"category","embeddable":true,"href":"https:\/\/all-car-news.com\/fr\/wp-json\/wp\/v2\/categories?post=131583"},{"taxonomy":"post_tag","embeddable":true,"href":"https:\/\/all-car-news.com\/fr\/wp-json\/wp\/v2\/tags?post=131583"}],"curies":[{"name":"wp","href":"https:\/\/api.w.org\/{rel}","templated":true}]}}