{"id":130929,"date":"2023-02-01T11:01:00","date_gmt":"2023-02-01T11:01:00","guid":{"rendered":"https:\/\/all-car-news.com\/faites-votre-choix-une-ferrari-verte-ou-une-aston-martin-rouge\/"},"modified":"2023-02-01T11:01:00","modified_gmt":"2023-02-01T11:01:00","slug":"faites-votre-choix-une-ferrari-verte-ou-une-aston-martin-rouge","status":"publish","type":"post","link":"https:\/\/all-car-news.com\/fr\/faites-votre-choix-une-ferrari-verte-ou-une-aston-martin-rouge\/","title":{"rendered":"Faites votre choix : une Ferrari verte ou une Aston Martin rouge ?"},"content":{"rendered":"<h2>Couleurs typiques<\/h2>\n<p>En fait, nous associons toujours Ferrari \u00e0 la couleur rouge. Tout \u00e0 fait illogique, bien s\u00fbr, puisque la marque sort des voitures de cette couleur depuis des temps imm\u00e9moriaux. Le \u00ab\u00a0rouge Ferrari\u00a0\u00bb trouve son origine dans la course automobile. Pour \u00eatre reconnaissables, les voitures de course \u00e9taient autrefois peintes d&rsquo;une couleur convenue. Cette couleur a \u00e9t\u00e9 d\u00e9termin\u00e9e en fonction du pays d&rsquo;origine du fabricant. Il s&rsquo;agissait d&rsquo;un syst\u00e8me standardis\u00e9 dont on ne pouvait s&rsquo;\u00e9carter. Les voitures italiennes devaient \u00eatre rouges, donc pas seulement les Ferrari mais aussi les Alfa Romeo et les Maserati. Les voitures allemandes, comme celles de Mercedes-Benz, \u00e9taient toujours gris argent\u00e9, les voitures fran\u00e7aises bleues et les voitures de course du Royaume-Uni avaient la couleur British Racing Green.<\/p>\n<div class=\"galery galery-0\">\n<figure>\n\t\t\t\t\t<span style=\"cursor: pointer\" data-src=\"https:\/\/autorai.nl\/wp-content\/uploads\/2023\/01\/Ferrari-rood.jpg\" data-fancybox=\"galery-0\" title=\"\"><br \/>\n\t\t\t\t\t\t\t<img decoding=\"async\" width=\"360\" height=\"270\" src=\"https:\/\/autorai.nl\/wp-content\/uploads\/2023\/01\/Ferrari-rood-360x270.jpg\" class=\"attachment-small size-small\" alt=\"Rouge Ferrari\" loading=\"lazy\"><i class=\"fa fa-search-plus\" aria-hidden=\"true\"><\/i><br \/>\n\t\t\t\t\t\t<\/span><br \/>\n\t\t\t\t\t<\/figure>\n<figure>\n\t\t\t\t\t<span style=\"cursor: pointer\" data-src=\"https:\/\/autorai.nl\/wp-content\/uploads\/2023\/01\/Mercedes-Benz-zilver.jpg\" data-fancybox=\"galery-0\" title=\"\"><br \/>\n\t\t\t\t\t\t\t<img decoding=\"async\" width=\"360\" height=\"270\" src=\"https:\/\/autorai.nl\/wp-content\/uploads\/2023\/01\/Mercedes-Benz-zilver-360x270.jpg\" class=\"attachment-small size-small\" alt=\"Mercedes-Benz argent\" loading=\"lazy\"><i class=\"fa fa-search-plus\" aria-hidden=\"true\"><\/i><br \/>\n\t\t\t\t\t\t<\/span><br \/>\n\t\t\t\t\t<\/figure>\n<figure>\n\t\t\t\t\t<span style=\"cursor: pointer\" data-src=\"https:\/\/autorai.nl\/wp-content\/uploads\/2023\/01\/Renault-blauw.jpg\" data-fancybox=\"galery-0\" title=\"\"><br \/>\n\t\t\t\t\t\t\t<img decoding=\"async\" width=\"360\" height=\"270\" src=\"https:\/\/autorai.nl\/wp-content\/uploads\/2023\/01\/Renault-blauw-360x270.jpg\" class=\"attachment-small size-small\" alt=\"Renault-blue\" loading=\"lazy\"><i class=\"fa fa-search-plus\" aria-hidden=\"true\"><\/i><br \/>\n\t\t\t\t\t\t<\/span><br \/>\n\t\t\t\t\t<\/figure>\n<figure>\n\t\t\t\t\t<span style=\"cursor: pointer\" data-src=\"https:\/\/autorai.nl\/wp-content\/uploads\/2023\/01\/Aston_Martin-groen.jpg\" data-fancybox=\"galery-0\" title=\"\"><br \/>\n\t\t\t\t\t\t\t<img decoding=\"async\" width=\"360\" height=\"270\" src=\"https:\/\/autorai.nl\/wp-content\/uploads\/2023\/01\/Aston_Martin-groen-360x270.jpg\" class=\"attachment-small size-small\" alt=\"Vert Aston_Martin\" loading=\"lazy\"><i class=\"fa fa-search-plus\" aria-hidden=\"true\"><\/i><br \/>\n\t\t\t\t\t\t<\/span><br \/>\n\t\t\t\t\t<\/figure>\n<div class=\"clear\"><\/div>\n<\/div>\n<h2>Ferrari Roma en British Racing Green<\/h2>\n<p>Pendant des ann\u00e9es, les Ferrari n&rsquo;\u00e9taient disponibles qu&rsquo;en deux teintes de rouge. Cette \u00e9poque est r\u00e9volue et Ferrari propose d\u00e9sormais de nombreuses autres nuances de cette couleur : de l&rsquo;orange au bordeaux. Maintenant, ce n&rsquo;est pas le cas que chaque Ferrari quitte l&rsquo;usine en rouge. Prenez <a href=\"https:\/\/www.marktplaats.nl\/v\/auto-s\/ferrari\/m1930041369-ferrari-roma-3-9-v8-hele-l-british-racing-l-carbon-l-daytona\" target=\"_blank\" rel=\"noreferrer noopener\">cette Roma<\/a>, par exemple, qui est sortie de la cha\u00eene de production en vert. Officiellement, la couleur est \u00ab\u00a0Verde British\u00a0\u00bb. \u00c7a lui va bien. Et surtout lorsqu&rsquo;il est associ\u00e9 aux si\u00e8ges baquets en cuir brun fonc\u00e9 de style Daytone.  <\/p>\n<p>Sous le capot se trouve un V8 biturbo de 3,9 litres, d\u00e9veloppant 620 ch et 760 Nm, qui se d\u00e9place sur les roues arri\u00e8re. Un sprint de l&rsquo;arr\u00eat \u00e0 100 km\/h prend 3,4 secondes et le compteur s&rsquo;arr\u00eate de grimper \u00e0 320 km\/h.<\/p>\n<div class=\"galery shuffle galery-1\">\n<figure>\n\t\t\t\t\t<span style=\"cursor: pointer\" data-src=\"https:\/\/autorai.nl\/wp-content\/uploads\/2023\/01\/1-1.jpg\" data-fancybox=\"galery-1\" title=\"\"><br \/>\n\t\t\t\t\t\t\t<img decoding=\"async\" width=\"640\" height=\"480\" src=\"https:\/\/autorai.nl\/wp-content\/uploads\/2023\/01\/1-1-640x480.jpg\" class=\"attachment-medium size-medium\" alt=\"Ferrari-Roma\" loading=\"lazy\"><i class=\"fa fa-search-plus\" aria-hidden=\"true\"><\/i><br \/>\n\t\t\t\t\t\t<\/span><br \/>\n\t\t\t\t\t<\/figure>\n<figure>\n\t\t\t\t\t<span style=\"cursor: pointer\" data-src=\"https:\/\/autorai.nl\/wp-content\/uploads\/2023\/01\/2-1.jpg\" data-fancybox=\"galery-1\" title=\"\"><br \/>\n\t\t\t\t\t\t\t<img decoding=\"async\" width=\"360\" height=\"270\" src=\"https:\/\/autorai.nl\/wp-content\/uploads\/2023\/01\/2-1-360x270.jpg\" class=\"attachment-small size-small\" alt=\"Ferrari-Roma\" loading=\"lazy\"><i class=\"fa fa-search-plus\" aria-hidden=\"true\"><\/i><br \/>\n\t\t\t\t\t\t<\/span><br \/>\n\t\t\t\t\t<\/figure>\n<figure>\n\t\t\t\t\t<span style=\"cursor: pointer\" data-src=\"https:\/\/autorai.nl\/wp-content\/uploads\/2023\/01\/3-1.jpg\" data-fancybox=\"galery-1\" title=\"\"><br \/>\n\t\t\t\t\t\t\t<img decoding=\"async\" width=\"360\" height=\"270\" src=\"https:\/\/autorai.nl\/wp-content\/uploads\/2023\/01\/3-1-360x270.jpg\" class=\"attachment-small size-small\" alt=\"Ferrari-Roma\" loading=\"lazy\"><i class=\"fa fa-search-plus\" aria-hidden=\"true\"><\/i><br \/>\n\t\t\t\t\t\t<\/span><br \/>\n\t\t\t\t\t<\/figure>\n<figure>\n\t\t\t\t\t<span style=\"cursor: pointer\" data-src=\"https:\/\/autorai.nl\/wp-content\/uploads\/2023\/01\/6-1.jpg\" data-fancybox=\"galery-1\" title=\"\"><br \/>\n\t\t\t\t\t\t\t<img decoding=\"async\" width=\"640\" height=\"480\" src=\"https:\/\/autorai.nl\/wp-content\/uploads\/2023\/01\/6-1-640x480.jpg\" class=\"attachment-medium size-medium\" alt=\"Ferrari-Roma\" loading=\"lazy\"><i class=\"fa fa-search-plus\" aria-hidden=\"true\"><\/i><br \/>\n\t\t\t\t\t\t<\/span><br \/>\n\t\t\t\t\t<\/figure>\n<figure>\n\t\t\t\t\t<span style=\"cursor: pointer\" data-src=\"https:\/\/autorai.nl\/wp-content\/uploads\/2023\/01\/5-1.jpg\" data-fancybox=\"galery-1\" title=\"\"><br \/>\n\t\t\t\t\t\t\t<img decoding=\"async\" width=\"360\" height=\"270\" src=\"https:\/\/autorai.nl\/wp-content\/uploads\/2023\/01\/5-1-360x270.jpg\" class=\"attachment-small size-small\" alt=\"Ferrari-Roma\" loading=\"lazy\"><i class=\"fa fa-search-plus\" aria-hidden=\"true\"><\/i><br \/>\n\t\t\t\t\t\t<\/span><br \/>\n\t\t\t\t\t<\/figure>\n<figure>\n\t\t\t\t\t<span style=\"cursor: pointer\" data-src=\"https:\/\/autorai.nl\/wp-content\/uploads\/2023\/01\/4-1.jpg\" data-fancybox=\"galery-1\" title=\"\"><br \/>\n\t\t\t\t\t\t\t<img decoding=\"async\" width=\"360\" height=\"270\" src=\"https:\/\/autorai.nl\/wp-content\/uploads\/2023\/01\/4-1-360x270.jpg\" class=\"attachment-small size-small\" alt=\"Ferrari-Roma\" loading=\"lazy\"><i class=\"fa fa-search-plus\" aria-hidden=\"true\"><\/i><br \/>\n\t\t\t\t\t\t<\/span><br \/>\n\t\t\t\t\t<\/figure>\n<div class=\"clear\"><\/div>\n<\/div>\n<h2>Aston Martin DBS Superleggera rouge<\/h2>\n<p>L\u00e0 o\u00f9 la Roma porte la couleur britannique, son challenger, <a href=\"https:\/\/www.marktplaats.nl\/v\/auto-s\/aston-martin\/m1930569538-aston-martin-dbs-5-2-v12-superleggera\" target=\"_blank\" rel=\"noreferrer noopener\">cette Aston Martin DBS Superleggera<\/a> a une veste rouge. Le rouge est une couleur plut\u00f4t inhabituelle pour une Aston Martin, car elle est principalement command\u00e9e dans des tons de gris. Au moins, le rouge va bien \u00e0 l&rsquo;homme muscl\u00e9. Surtout lorsqu&rsquo;il est combin\u00e9 avec les jantes fonc\u00e9es, le toit noir et l&rsquo;int\u00e9rieur noir. Les accents rouges de l&rsquo;int\u00e9rieur doivent \u00eatre votre truc. La DBS Superleggera a un V12 atmosph\u00e9rique de 5,2 litres sous le capot, qui transmet 725 ch et 900 Nm aux roues arri\u00e8re. L&rsquo;Aston est tout aussi rapide de 0 \u00e0 100 km\/h que la Roma, mais monte \u00e0 340 km\/h en vitesse de pointe.  <\/p>\n<div class=\"galery shuffle galery-2\">\n<figure>\n\t\t\t\t\t<span style=\"cursor: pointer\" data-src=\"https:\/\/autorai.nl\/wp-content\/uploads\/2023\/01\/3.jpg\" data-fancybox=\"galery-2\" title=\"\"><br \/>\n\t\t\t\t\t\t\t<img decoding=\"async\" width=\"640\" height=\"480\" src=\"https:\/\/autorai.nl\/wp-content\/uploads\/2023\/01\/3-640x480.jpg\" class=\"attachment-medium size-medium\" alt=\"Aston-Martin-DBS-Superleggera\" loading=\"lazy\"><i class=\"fa fa-search-plus\" aria-hidden=\"true\"><\/i><br \/>\n\t\t\t\t\t\t<\/span><br \/>\n\t\t\t\t\t<\/figure>\n<figure>\n\t\t\t\t\t<span style=\"cursor: pointer\" data-src=\"https:\/\/autorai.nl\/wp-content\/uploads\/2023\/01\/2.jpg\" data-fancybox=\"galery-2\" title=\"\"><br \/>\n\t\t\t\t\t\t\t<img decoding=\"async\" width=\"360\" height=\"270\" src=\"https:\/\/autorai.nl\/wp-content\/uploads\/2023\/01\/2-360x270.jpg\" class=\"attachment-small size-small\" alt=\"Aston-Martin-DBS-Superleggera\" loading=\"lazy\"><i class=\"fa fa-search-plus\" aria-hidden=\"true\"><\/i><br \/>\n\t\t\t\t\t\t<\/span><br \/>\n\t\t\t\t\t<\/figure>\n<figure>\n\t\t\t\t\t<span style=\"cursor: pointer\" data-src=\"https:\/\/autorai.nl\/wp-content\/uploads\/2023\/01\/1.jpg\" data-fancybox=\"galery-2\" title=\"\"><br \/>\n\t\t\t\t\t\t\t<img decoding=\"async\" width=\"360\" height=\"270\" src=\"https:\/\/autorai.nl\/wp-content\/uploads\/2023\/01\/1-360x270.jpg\" class=\"attachment-small size-small\" alt=\"Aston-Martin-DBS-Superleggera\" loading=\"lazy\"><i class=\"fa fa-search-plus\" aria-hidden=\"true\"><\/i><br \/>\n\t\t\t\t\t\t<\/span><br \/>\n\t\t\t\t\t<\/figure>\n<figure>\n\t\t\t\t\t<span style=\"cursor: pointer\" data-src=\"https:\/\/autorai.nl\/wp-content\/uploads\/2023\/01\/4.jpg\" data-fancybox=\"galery-2\" title=\"\"><br \/>\n\t\t\t\t\t\t\t<img decoding=\"async\" width=\"640\" height=\"480\" src=\"https:\/\/autorai.nl\/wp-content\/uploads\/2023\/01\/4-640x480.jpg\" class=\"attachment-medium size-medium\" alt=\"Aston-Martin-DBS-Superleggera\" loading=\"lazy\"><i class=\"fa fa-search-plus\" aria-hidden=\"true\"><\/i><br \/>\n\t\t\t\t\t\t<\/span><br \/>\n\t\t\t\t\t<\/figure>\n<figure>\n\t\t\t\t\t<span style=\"cursor: pointer\" data-src=\"https:\/\/autorai.nl\/wp-content\/uploads\/2023\/01\/6.jpg\" data-fancybox=\"galery-2\" title=\"\"><br \/>\n\t\t\t\t\t\t\t<img decoding=\"async\" width=\"360\" height=\"270\" src=\"https:\/\/autorai.nl\/wp-content\/uploads\/2023\/01\/6-360x270.jpg\" class=\"attachment-small size-small\" alt=\"Aston-Martin-DBS-Superleggera\" loading=\"lazy\"><i class=\"fa fa-search-plus\" aria-hidden=\"true\"><\/i><br \/>\n\t\t\t\t\t\t<\/span><br \/>\n\t\t\t\t\t<\/figure>\n<figure>\n\t\t\t\t\t<span style=\"cursor: pointer\" data-src=\"https:\/\/autorai.nl\/wp-content\/uploads\/2023\/01\/5.jpg\" data-fancybox=\"galery-2\" title=\"\"><br \/>\n\t\t\t\t\t\t\t<img decoding=\"async\" width=\"360\" height=\"270\" src=\"https:\/\/autorai.nl\/wp-content\/uploads\/2023\/01\/5-360x270.jpg\" class=\"attachment-small size-small\" alt=\"Aston-Martin-DBS-Superleggera\" loading=\"lazy\"><i class=\"fa fa-search-plus\" aria-hidden=\"true\"><\/i><br \/>\n\t\t\t\t\t\t<\/span><br \/>\n\t\t\t\t\t<\/figure>\n<div class=\"clear\"><\/div>\n<\/div>\n<h2>Faites votre choix !<\/h2>\n<p>Tous deux co\u00fbtent plus de 300 000 \u20ac, ont un moteur d\u00e9licieux, sont \u00e0 propulsion, ont des performances similaires et une couleur atypique pour la marque. Alors dites-le : laquelle des deux peut le mieux avoir la couleur de l&rsquo;autre marque ?<\/p>\n<figure class=\"wp-block-image size-content\"><img decoding=\"async\" loading=\"lazy\" width=\"1140\" height=\"331\" src=\"https:\/\/autorai.nl\/wp-content\/uploads\/2023\/01\/Naamloos-3-1140x331.jpg\" alt=\"\" class=\"wp-image-148840\"><\/figure>\n<h3>LIRE AUSSI : Une <a href=\"https:\/\/autorai.nl\/tesla-van-een-week-oud-plotseling-viel-mijn-stuur-eraf-op-de-snelweg\/\" target=\"_blank\" rel=\"noreferrer noopener\">Tesla d&rsquo;une semaine : \u00ab\u00a0Soudain, mon volant est tomb\u00e9 sur l&rsquo;autoroute !\u00a0\u00bb<\/a><\/h3>\n<\/p>\n<figure class=\"wp-block-embed is-type-wp-embed is-provider-autorai-nl wp-block-embed-autorai-nl\">\n<div class=\"wp-block-embed__wrapper\">\n<blockquote class=\"wp-embedded-content\" data-secret=\"ttjxZfsJiB\"><p><a href=\"https:\/\/autorai.nl\/tesla-van-een-week-oud-plotseling-viel-mijn-stuur-eraf-op-de-snelweg\/\">Tesla d&rsquo;une semaine : \u00ab\u00a0Soudain, mon volant est tomb\u00e9 sur l&rsquo;autoroute !\u00a0\u00bb<\/a><\/p><\/blockquote>\n<\/div>\n<\/figure>\n","protected":false},"excerpt":{"rendered":"Couleurs typiques En fait, nous associons toujours Ferrari \u00e0 la couleur rouge. Tout \u00e0 fait illogique, bien s\u00fbr, puisque la\u2026","protected":false},"author":0,"featured_media":130871,"comment_status":"open","ping_status":"open","sticky":false,"template":"","format":"standard","meta":{"footnotes":""},"categories":[177,175,127,139],"tags":[],"class_list":["post-130929","post","type-post","status-publish","format-standard","has-post-thumbnail","hentry","category-fun-fr","category-mode-de-vie","category-nouvelles-de-voiture","category-style-de-vie-et-plaisir"],"acf":[],"yoast_head":"<!-- This site is optimized with the Yoast SEO plugin v21.2 - https:\/\/yoast.com\/wordpress\/plugins\/seo\/ -->\n<title>Faites votre choix : une Ferrari verte ou une Aston Martin rouge ? - All cars news<\/title>\n<meta name=\"robots\" content=\"index, follow, max-snippet:-1, max-image-preview:large, max-video-preview:-1\" \/>\n<link rel=\"canonical\" href=\"https:\/\/all-car-news.com\/fr\/faites-votre-choix-une-ferrari-verte-ou-une-aston-martin-rouge\/\" \/>\n<meta property=\"og:locale\" content=\"fr_FR\" \/>\n<meta property=\"og:type\" content=\"article\" \/>\n<meta property=\"og:title\" content=\"Faites votre choix : une Ferrari verte ou une Aston Martin rouge ? - All cars news\" \/>\n<meta property=\"og:description\" content=\"Couleurs typiques En fait, nous associons toujours Ferrari \u00e0 la couleur rouge. Tout \u00e0 fait illogique, bien s\u00fbr, puisque la marque sort des voitures de cette couleur depuis des temps imm\u00e9moriaux. Le &quot;rouge Ferrari&quot; trouve son origine dans la course automobile. Pour \u00eatre reconnaissables, les voitures de course \u00e9taient autrefois peintes d&#039;une couleur convenue. Cette couleur a \u00e9t\u00e9 d\u00e9termin\u00e9e sur la base du [...]\" \/>\n<meta property=\"og:url\" content=\"https:\/\/all-car-news.com\/fr\/faites-votre-choix-une-ferrari-verte-ou-une-aston-martin-rouge\/\" \/>\n<meta property=\"og:site_name\" content=\"All cars news\" \/>\n<meta property=\"article:published_time\" content=\"2023-02-01T11:01:00+00:00\" \/>\n<meta property=\"og:image\" content=\"https:\/\/autorai.nl\/wp-content\/uploads\/2023\/01\/Ferrari-rood-360x270.jpg\" \/>\n<meta name=\"twitter:card\" content=\"summary_large_image\" \/>\n<meta name=\"twitter:label1\" content=\"Dur\u00e9e de lecture estim\u00e9e\" \/>\n\t<meta name=\"twitter:data1\" content=\"2 minutes\" \/>\n<script type=\"application\/ld+json\" class=\"yoast-schema-graph\">{\"@context\":\"https:\/\/schema.org\",\"@graph\":[{\"@type\":\"Article\",\"@id\":\"https:\/\/all-car-news.com\/fr\/faites-votre-choix-une-ferrari-verte-ou-une-aston-martin-rouge\/#article\",\"isPartOf\":{\"@id\":\"https:\/\/all-car-news.com\/fr\/faites-votre-choix-une-ferrari-verte-ou-une-aston-martin-rouge\/\"},\"author\":{\"name\":\"\",\"@id\":\"\"},\"headline\":\"Faites votre choix : une Ferrari verte ou une Aston Martin rouge ?\",\"datePublished\":\"2023-02-01T11:01:00+00:00\",\"dateModified\":\"2023-02-01T11:01:00+00:00\",\"mainEntityOfPage\":{\"@id\":\"https:\/\/all-car-news.com\/fr\/faites-votre-choix-une-ferrari-verte-ou-une-aston-martin-rouge\/\"},\"wordCount\":463,\"commentCount\":0,\"publisher\":{\"@id\":\"https:\/\/all-car-news.com\/fr\/#organization\"},\"articleSection\":[\"Fun\",\"Mode de vie\",\"nouvelles de voiture\",\"Style de vie et plaisir\"],\"inLanguage\":\"fr-FR\",\"potentialAction\":[{\"@type\":\"CommentAction\",\"name\":\"Comment\",\"target\":[\"https:\/\/all-car-news.com\/fr\/faites-votre-choix-une-ferrari-verte-ou-une-aston-martin-rouge\/#respond\"]}]},{\"@type\":\"WebPage\",\"@id\":\"https:\/\/all-car-news.com\/fr\/faites-votre-choix-une-ferrari-verte-ou-une-aston-martin-rouge\/\",\"url\":\"https:\/\/all-car-news.com\/fr\/faites-votre-choix-une-ferrari-verte-ou-une-aston-martin-rouge\/\",\"name\":\"Faites votre choix : une Ferrari verte ou une Aston Martin rouge ? - All cars news\",\"isPartOf\":{\"@id\":\"https:\/\/all-car-news.com\/fr\/#website\"},\"datePublished\":\"2023-02-01T11:01:00+00:00\",\"dateModified\":\"2023-02-01T11:01:00+00:00\",\"breadcrumb\":{\"@id\":\"https:\/\/all-car-news.com\/fr\/faites-votre-choix-une-ferrari-verte-ou-une-aston-martin-rouge\/#breadcrumb\"},\"inLanguage\":\"fr-FR\",\"potentialAction\":[{\"@type\":\"ReadAction\",\"target\":[\"https:\/\/all-car-news.com\/fr\/faites-votre-choix-une-ferrari-verte-ou-une-aston-martin-rouge\/\"]}]},{\"@type\":\"BreadcrumbList\",\"@id\":\"https:\/\/all-car-news.com\/fr\/faites-votre-choix-une-ferrari-verte-ou-une-aston-martin-rouge\/#breadcrumb\",\"itemListElement\":[{\"@type\":\"ListItem\",\"position\":1,\"name\":\"Home\",\"item\":\"https:\/\/all-car-news.com\/fr\/\"},{\"@type\":\"ListItem\",\"position\":2,\"name\":\"Faites votre choix : une Ferrari verte ou une Aston Martin rouge ?\"}]},{\"@type\":\"WebSite\",\"@id\":\"https:\/\/all-car-news.com\/fr\/#website\",\"url\":\"https:\/\/all-car-news.com\/fr\/\",\"name\":\"All cars news\",\"description\":\"\",\"publisher\":{\"@id\":\"https:\/\/all-car-news.com\/fr\/#organization\"},\"potentialAction\":[{\"@type\":\"SearchAction\",\"target\":{\"@type\":\"EntryPoint\",\"urlTemplate\":\"https:\/\/all-car-news.com\/fr\/?s={search_term_string}\"},\"query-input\":\"required name=search_term_string\"}],\"inLanguage\":\"fr-FR\"},{\"@type\":\"Organization\",\"@id\":\"https:\/\/all-car-news.com\/fr\/#organization\",\"name\":\"All cars news\",\"url\":\"https:\/\/all-car-news.com\/fr\/\",\"logo\":{\"@type\":\"ImageObject\",\"inLanguage\":\"fr-FR\",\"@id\":\"https:\/\/all-car-news.com\/fr\/#\/schema\/logo\/image\/\",\"url\":\"https:\/\/all-car-news.com\/wp-content\/uploads\/2022\/02\/CMYK-AllCarNews_LANDSCAPE_300px-1.png\",\"contentUrl\":\"https:\/\/all-car-news.com\/wp-content\/uploads\/2022\/02\/CMYK-AllCarNews_LANDSCAPE_300px-1.png\",\"width\":300,\"height\":100,\"caption\":\"All cars news\"},\"image\":{\"@id\":\"https:\/\/all-car-news.com\/fr\/#\/schema\/logo\/image\/\"}}]}<\/script>\n<!-- \/ Yoast SEO plugin. -->","yoast_head_json":{"title":"Faites votre choix : une Ferrari verte ou une Aston Martin rouge ? - All cars news","robots":{"index":"index","follow":"follow","max-snippet":"max-snippet:-1","max-image-preview":"max-image-preview:large","max-video-preview":"max-video-preview:-1"},"canonical":"https:\/\/all-car-news.com\/fr\/faites-votre-choix-une-ferrari-verte-ou-une-aston-martin-rouge\/","og_locale":"fr_FR","og_type":"article","og_title":"Faites votre choix : une Ferrari verte ou une Aston Martin rouge ? - All cars news","og_description":"Couleurs typiques En fait, nous associons toujours Ferrari \u00e0 la couleur rouge. Tout \u00e0 fait illogique, bien s\u00fbr, puisque la marque sort des voitures de cette couleur depuis des temps imm\u00e9moriaux. Le \"rouge Ferrari\" trouve son origine dans la course automobile. Pour \u00eatre reconnaissables, les voitures de course \u00e9taient autrefois peintes d'une couleur convenue. Cette couleur a \u00e9t\u00e9 d\u00e9termin\u00e9e sur la base du [...]","og_url":"https:\/\/all-car-news.com\/fr\/faites-votre-choix-une-ferrari-verte-ou-une-aston-martin-rouge\/","og_site_name":"All cars news","article_published_time":"2023-02-01T11:01:00+00:00","og_image":[{"url":"https:\/\/autorai.nl\/wp-content\/uploads\/2023\/01\/Ferrari-rood-360x270.jpg"}],"twitter_card":"summary_large_image","twitter_misc":{"Dur\u00e9e de lecture estim\u00e9e":"2 minutes"},"schema":{"@context":"https:\/\/schema.org","@graph":[{"@type":"Article","@id":"https:\/\/all-car-news.com\/fr\/faites-votre-choix-une-ferrari-verte-ou-une-aston-martin-rouge\/#article","isPartOf":{"@id":"https:\/\/all-car-news.com\/fr\/faites-votre-choix-une-ferrari-verte-ou-une-aston-martin-rouge\/"},"author":{"name":"","@id":""},"headline":"Faites votre choix : une Ferrari verte ou une Aston Martin rouge ?","datePublished":"2023-02-01T11:01:00+00:00","dateModified":"2023-02-01T11:01:00+00:00","mainEntityOfPage":{"@id":"https:\/\/all-car-news.com\/fr\/faites-votre-choix-une-ferrari-verte-ou-une-aston-martin-rouge\/"},"wordCount":463,"commentCount":0,"publisher":{"@id":"https:\/\/all-car-news.com\/fr\/#organization"},"articleSection":["Fun","Mode de vie","nouvelles de voiture","Style de vie et plaisir"],"inLanguage":"fr-FR","potentialAction":[{"@type":"CommentAction","name":"Comment","target":["https:\/\/all-car-news.com\/fr\/faites-votre-choix-une-ferrari-verte-ou-une-aston-martin-rouge\/#respond"]}]},{"@type":"WebPage","@id":"https:\/\/all-car-news.com\/fr\/faites-votre-choix-une-ferrari-verte-ou-une-aston-martin-rouge\/","url":"https:\/\/all-car-news.com\/fr\/faites-votre-choix-une-ferrari-verte-ou-une-aston-martin-rouge\/","name":"Faites votre choix : une Ferrari verte ou une Aston Martin rouge ? - All cars news","isPartOf":{"@id":"https:\/\/all-car-news.com\/fr\/#website"},"datePublished":"2023-02-01T11:01:00+00:00","dateModified":"2023-02-01T11:01:00+00:00","breadcrumb":{"@id":"https:\/\/all-car-news.com\/fr\/faites-votre-choix-une-ferrari-verte-ou-une-aston-martin-rouge\/#breadcrumb"},"inLanguage":"fr-FR","potentialAction":[{"@type":"ReadAction","target":["https:\/\/all-car-news.com\/fr\/faites-votre-choix-une-ferrari-verte-ou-une-aston-martin-rouge\/"]}]},{"@type":"BreadcrumbList","@id":"https:\/\/all-car-news.com\/fr\/faites-votre-choix-une-ferrari-verte-ou-une-aston-martin-rouge\/#breadcrumb","itemListElement":[{"@type":"ListItem","position":1,"name":"Home","item":"https:\/\/all-car-news.com\/fr\/"},{"@type":"ListItem","position":2,"name":"Faites votre choix : une Ferrari verte ou une Aston Martin rouge ?"}]},{"@type":"WebSite","@id":"https:\/\/all-car-news.com\/fr\/#website","url":"https:\/\/all-car-news.com\/fr\/","name":"All cars news","description":"","publisher":{"@id":"https:\/\/all-car-news.com\/fr\/#organization"},"potentialAction":[{"@type":"SearchAction","target":{"@type":"EntryPoint","urlTemplate":"https:\/\/all-car-news.com\/fr\/?s={search_term_string}"},"query-input":"required name=search_term_string"}],"inLanguage":"fr-FR"},{"@type":"Organization","@id":"https:\/\/all-car-news.com\/fr\/#organization","name":"All cars news","url":"https:\/\/all-car-news.com\/fr\/","logo":{"@type":"ImageObject","inLanguage":"fr-FR","@id":"https:\/\/all-car-news.com\/fr\/#\/schema\/logo\/image\/","url":"https:\/\/all-car-news.com\/wp-content\/uploads\/2022\/02\/CMYK-AllCarNews_LANDSCAPE_300px-1.png","contentUrl":"https:\/\/all-car-news.com\/wp-content\/uploads\/2022\/02\/CMYK-AllCarNews_LANDSCAPE_300px-1.png","width":300,"height":100,"caption":"All cars news"},"image":{"@id":"https:\/\/all-car-news.com\/fr\/#\/schema\/logo\/image\/"}}]}},"_links":{"self":[{"href":"https:\/\/all-car-news.com\/fr\/wp-json\/wp\/v2\/posts\/130929","targetHints":{"allow":["GET"]}}],"collection":[{"href":"https:\/\/all-car-news.com\/fr\/wp-json\/wp\/v2\/posts"}],"about":[{"href":"https:\/\/all-car-news.com\/fr\/wp-json\/wp\/v2\/types\/post"}],"replies":[{"embeddable":true,"href":"https:\/\/all-car-news.com\/fr\/wp-json\/wp\/v2\/comments?post=130929"}],"version-history":[{"count":0,"href":"https:\/\/all-car-news.com\/fr\/wp-json\/wp\/v2\/posts\/130929\/revisions"}],"wp:featuredmedia":[{"embeddable":true,"href":"https:\/\/all-car-news.com\/fr\/wp-json\/wp\/v2\/media\/130871"}],"wp:attachment":[{"href":"https:\/\/all-car-news.com\/fr\/wp-json\/wp\/v2\/media?parent=130929"}],"wp:term":[{"taxonomy":"category","embeddable":true,"href":"https:\/\/all-car-news.com\/fr\/wp-json\/wp\/v2\/categories?post=130929"},{"taxonomy":"post_tag","embeddable":true,"href":"https:\/\/all-car-news.com\/fr\/wp-json\/wp\/v2\/tags?post=130929"}],"curies":[{"name":"wp","href":"https:\/\/api.w.org\/{rel}","templated":true}]}}