{"id":130287,"date":"2023-01-20T10:00:00","date_gmt":"2023-01-20T10:00:00","guid":{"rendered":"https:\/\/all-car-news.com\/la-flotte-de-voitures-de-joe-biden-le-president-americain-est-un-veritable-passionne-dessence\/"},"modified":"2023-01-20T10:00:00","modified_gmt":"2023-01-20T10:00:00","slug":"la-flotte-de-voitures-de-joe-biden-le-president-americain-est-un-veritable-passionne-dessence","status":"publish","type":"post","link":"https:\/\/all-car-news.com\/fr\/la-flotte-de-voitures-de-joe-biden-le-president-americain-est-un-veritable-passionne-dessence\/","title":{"rendered":"La flotte de voitures de Joe Biden &#8211; le pr\u00e9sident am\u00e9ricain est un v\u00e9ritable passionn\u00e9 d&rsquo;essence"},"content":{"rendered":"<h2>Bolide pr\u00e9sidentiel<\/h2>\n<p>Nous commen\u00e7ons cette liste, bien s\u00fbr, par<strong> <\/strong>la limousine pr\u00e9sidentielle, plus connue sous le nom de \u00ab\u00a0La B\u00eate\u00a0\u00bb. Une voiture de soci\u00e9t\u00e9, en d&rsquo;autres termes. En tant que pr\u00e9sident du pays le plus puissant du monde, Joe Biden est toujours transport\u00e9 dans cette voiture blind\u00e9e. La \u00ab\u00a0B\u00eate\u00a0\u00bb, comme on appelle la limousine depuis des ann\u00e9es, est une Cadillac transform\u00e9e. La voiture est \u00e9quip\u00e9e de nombreux gadgets afin que le pr\u00e9sident soit prot\u00e9g\u00e9 de toute menace \u00e0 tout moment. Les poign\u00e9es peuvent d\u00e9livrer des chocs \u00e9lectriques aux cambrioleurs potentiels et la limousine est \u00e9galement fortement blind\u00e9e. Le prix exact ? On estime qu&rsquo;une telle limousine Cadillac co\u00fbte 2 millions de dollars pi\u00e8ce.<\/p>\n<figure class=\"wp-block-image size-content\"><img decoding=\"async\" loading=\"lazy\" width=\"1140\" height=\"641\" src=\"https:\/\/autorai.nl\/wp-content\/uploads\/2023\/01\/cadillac-limo-donald-trump-1140x641.jpg\" alt=\"\" class=\"wp-image-147553\"><\/figure>\n<h2>Mercedes-Benz 190SL<\/h2>\n<p>La seule voiture \u00ab\u00a0\u00e9trang\u00e8re\u00a0\u00bb de la collection de Biden est une Mercedes-Benz 190SL. Le classique allemand est propuls\u00e9 par un quatre cylindres de 1,9 litre. La puissance de 105 ch est suffisante, car la voiture ne p\u00e8se que 1 160 kilogrammes. Comme Biden, la voiture arrive \u00e0 maturit\u00e9. Il est sorti pour la premi\u00e8re fois en 1955.  <\/p>\n<figure class=\"wp-block-image size-content\"><img decoding=\"async\" loading=\"lazy\" width=\"1140\" height=\"855\" src=\"https:\/\/autorai.nl\/wp-content\/uploads\/2019\/02\/W121-190SL-open-1140x855.jpeg\" alt=\"\" class=\"wp-image-56732\"><\/figure>\n<h2>Chevrolet Corvette Stingray<\/h2>\n<p>C&rsquo;est la voiture pr\u00e9f\u00e9r\u00e9e de Biden : la Corvette C2 Stingray. Celui que vous voyez ci-dessous dans la vid\u00e9o a \u00e9t\u00e9 achet\u00e9 neuf, lorsqu&rsquo;il venait d&rsquo;arriver sur le march\u00e9. C&rsquo;est un magnifique cabriolet, \u00e9quip\u00e9 d&rsquo;un V8 de 350 ch, qui envoie toute la puissance aux roues arri\u00e8re. Dans une interview accord\u00e9e \u00e0 Jay Leno, Biden a d\u00e9clar\u00e9 qu&rsquo;il la conduisait \u00e0 une vitesse de 160 miles par heure, soit 257 kilom\u00e8tres par heure. Biden avoue au pr\u00e9sentateur de t\u00e9l\u00e9vision am\u00e9ricain qu&rsquo;il aime la vitesse. Dans la vid\u00e9o ci-dessous, on peut voir Biden sur un tron\u00e7on de route ferm\u00e9 &#8211; c&rsquo;est-\u00e0-dire qu&rsquo;il n&rsquo;est pas autoris\u00e9 \u00e0 circuler sur les voies publiques en tant que pr\u00e9sident &#8211; donner du fil \u00e0 retordre \u00e0 sa voiture de sport am\u00e9ricaine.  <\/p>\n<figure class=\"wp-block-embed is-type-video is-provider-youtube wp-block-embed-youtube wp-embed-aspect-16-9 wp-has-aspect-ratio\">\n<div class=\"wp-block-embed__wrapper\">\n<\/div>\n<\/figure>\n<h2>Plymouth Cranbook Cabriolet<\/h2>\n<p>Joe Biden n&rsquo;est plus le plus jeune et cela se voit dans sa collection de voitures. Il aime les classiques. Outre sa vieille Corvette et sa Mercedes-Benz, il est \u00e9galement l&rsquo;heureux propri\u00e9taire d&rsquo;une Plymouth Cranbook d\u00e9capotable. Une d\u00e9capotable aussi, alors. Sous le capot se trouve un paresseux six cylindres de 3,6 litres. La voiture est surtout connue pour son r\u00f4le dans le film de science-fiction The Blob de 1958.<\/p>\n<figure class=\"wp-block-embed is-type-rich is-provider-twitter wp-block-embed-twitter\">\n<div class=\"wp-block-embed__wrapper\">\n<blockquote class=\"twitter-tweet\" data-width=\"500\" data-dnt=\"true\">\n<p lang=\"en\" dir=\"ltr\"><a href=\"https:\/\/twitter.com\/hashtag\/TheBlob?src=hash&amp;ref_src=twsrc%5Etfw\">#TheBlob<\/a> 1958. La voiture de Steve Andrews est une Plymouth Cranbrook bleue d\u00e9capotable de 1953. <a href=\"https:\/\/t.co\/rqlxOmOBvr\">https:\/\/t.co\/rqlxOmOBvr<\/a> <a href=\"https:\/\/twitter.com\/hashtag\/TCMParty?src=hash&amp;ref_src=twsrc%5Etfw\">#TCMParty<\/a> <a href=\"https:\/\/t.co\/eAf8ig8EcA\">pic.twitter.com\/eAf8ig8EcA<\/a><\/p>\n<p>&#8211; Lorraine Hickman (@shortyblueyes5) <a href=\"https:\/\/twitter.com\/shortyblueyes5\/status\/1153435897490227201?ref_src=twsrc%5Etfw\">22 juillet 2019<\/a><\/p><\/blockquote>\n<\/div>\n<\/figure>\n<h2>Voiture \u00e9lectrique<\/h2>\n<p>Biden est peut-\u00eatre un vrai passionn\u00e9 d&rsquo;essence, mais il doit manifestement montrer l&rsquo;exemple. Le pr\u00e9sident fait donc r\u00e9guli\u00e8rement la promotion des voitures \u00e9lectriques. Cela ne le d\u00e9range pas, car, comme mentionn\u00e9, il aime les voitures rapides. Vous pouvez donc voir ci-dessous comment il donne un coup de pied \u00e0 un <a href=\"https:\/\/youtu.be\/0dgv_lSJpn0\">Hummer EV de<\/a> 1 000 chevaux.  <\/p>\n<figure class=\"wp-block-embed is-type-video is-provider-youtube wp-block-embed-youtube wp-embed-aspect-16-9 wp-has-aspect-ratio\">\n<div class=\"wp-block-embed__wrapper\">\n<\/div>\n<\/figure>\n<p>  A lire \u00e9galement : <a href=\"https:\/\/autorai.nl\/het-wagenpark-van-lionel-messi\/\">La flotte de voitures de Lionel Messi<\/a><\/p>\n","protected":false},"excerpt":{"rendered":"La limousine pr\u00e9sidentielle Nous commen\u00e7ons cette liste, bien s\u00fbr, par la limousine pr\u00e9sidentielle, plus connue sous le nom de \"La\u2026","protected":false},"author":0,"featured_media":130240,"comment_status":"open","ping_status":"open","sticky":false,"template":"","format":"standard","meta":{"footnotes":""},"categories":[131,177],"tags":[],"class_list":["post-130287","post","type-post","status-publish","format-standard","has-post-thumbnail","hentry","category-fond","category-fun-fr"],"acf":[],"yoast_head":"<!-- This site is optimized with the Yoast SEO plugin v21.2 - https:\/\/yoast.com\/wordpress\/plugins\/seo\/ -->\n<title>La flotte de voitures de Joe Biden - le pr\u00e9sident am\u00e9ricain est un v\u00e9ritable passionn\u00e9 d&#039;essence - All cars news<\/title>\n<meta name=\"robots\" content=\"index, follow, max-snippet:-1, max-image-preview:large, max-video-preview:-1\" \/>\n<link rel=\"canonical\" href=\"https:\/\/all-car-news.com\/fr\/la-flotte-de-voitures-de-joe-biden-le-president-americain-est-un-veritable-passionne-dessence\/\" \/>\n<meta property=\"og:locale\" content=\"fr_FR\" \/>\n<meta property=\"og:type\" content=\"article\" \/>\n<meta property=\"og:title\" content=\"La flotte de voitures de Joe Biden - le pr\u00e9sident am\u00e9ricain est un v\u00e9ritable passionn\u00e9 d&#039;essence - All cars news\" \/>\n<meta property=\"og:description\" content=\"La limousine pr\u00e9sidentielle Nous commen\u00e7ons cette liste, bien s\u00fbr, par la limousine pr\u00e9sidentielle, plus connue sous le nom de &quot;La B\u00eate&quot;. Une voiture de soci\u00e9t\u00e9, en d&#039;autres termes. En tant que pr\u00e9sident du pays le plus puissant du monde, Joe Biden est toujours transport\u00e9 dans cette voiture blind\u00e9e. La &quot;B\u00eate&quot;, comme on appelle la limousine depuis des ann\u00e9es, est une Cadillac transform\u00e9e. La voiture a [...]\" \/>\n<meta property=\"og:url\" content=\"https:\/\/all-car-news.com\/fr\/la-flotte-de-voitures-de-joe-biden-le-president-americain-est-un-veritable-passionne-dessence\/\" \/>\n<meta property=\"og:site_name\" content=\"All cars news\" \/>\n<meta property=\"article:published_time\" content=\"2023-01-20T10:00:00+00:00\" \/>\n<meta property=\"og:image\" content=\"https:\/\/autorai.nl\/wp-content\/uploads\/2023\/01\/cadillac-limo-donald-trump-1140x641.jpg\" \/>\n<meta name=\"twitter:card\" content=\"summary_large_image\" \/>\n<meta name=\"twitter:label1\" content=\"Dur\u00e9e de lecture estim\u00e9e\" \/>\n\t<meta name=\"twitter:data1\" content=\"2 minutes\" \/>\n<script type=\"application\/ld+json\" class=\"yoast-schema-graph\">{\"@context\":\"https:\/\/schema.org\",\"@graph\":[{\"@type\":\"Article\",\"@id\":\"https:\/\/all-car-news.com\/fr\/la-flotte-de-voitures-de-joe-biden-le-president-americain-est-un-veritable-passionne-dessence\/#article\",\"isPartOf\":{\"@id\":\"https:\/\/all-car-news.com\/fr\/la-flotte-de-voitures-de-joe-biden-le-president-americain-est-un-veritable-passionne-dessence\/\"},\"author\":{\"name\":\"\",\"@id\":\"\"},\"headline\":\"La flotte de voitures de Joe Biden &#8211; le pr\u00e9sident am\u00e9ricain est un v\u00e9ritable passionn\u00e9 d&rsquo;essence\",\"datePublished\":\"2023-01-20T10:00:00+00:00\",\"dateModified\":\"2023-01-20T10:00:00+00:00\",\"mainEntityOfPage\":{\"@id\":\"https:\/\/all-car-news.com\/fr\/la-flotte-de-voitures-de-joe-biden-le-president-americain-est-un-veritable-passionne-dessence\/\"},\"wordCount\":515,\"commentCount\":0,\"publisher\":{\"@id\":\"https:\/\/all-car-news.com\/fr\/#organization\"},\"articleSection\":[\"Fond\",\"Fun\"],\"inLanguage\":\"fr-FR\",\"potentialAction\":[{\"@type\":\"CommentAction\",\"name\":\"Comment\",\"target\":[\"https:\/\/all-car-news.com\/fr\/la-flotte-de-voitures-de-joe-biden-le-president-americain-est-un-veritable-passionne-dessence\/#respond\"]}]},{\"@type\":\"WebPage\",\"@id\":\"https:\/\/all-car-news.com\/fr\/la-flotte-de-voitures-de-joe-biden-le-president-americain-est-un-veritable-passionne-dessence\/\",\"url\":\"https:\/\/all-car-news.com\/fr\/la-flotte-de-voitures-de-joe-biden-le-president-americain-est-un-veritable-passionne-dessence\/\",\"name\":\"La flotte de voitures de Joe Biden - le pr\u00e9sident am\u00e9ricain est un v\u00e9ritable passionn\u00e9 d'essence - All cars news\",\"isPartOf\":{\"@id\":\"https:\/\/all-car-news.com\/fr\/#website\"},\"datePublished\":\"2023-01-20T10:00:00+00:00\",\"dateModified\":\"2023-01-20T10:00:00+00:00\",\"breadcrumb\":{\"@id\":\"https:\/\/all-car-news.com\/fr\/la-flotte-de-voitures-de-joe-biden-le-president-americain-est-un-veritable-passionne-dessence\/#breadcrumb\"},\"inLanguage\":\"fr-FR\",\"potentialAction\":[{\"@type\":\"ReadAction\",\"target\":[\"https:\/\/all-car-news.com\/fr\/la-flotte-de-voitures-de-joe-biden-le-president-americain-est-un-veritable-passionne-dessence\/\"]}]},{\"@type\":\"BreadcrumbList\",\"@id\":\"https:\/\/all-car-news.com\/fr\/la-flotte-de-voitures-de-joe-biden-le-president-americain-est-un-veritable-passionne-dessence\/#breadcrumb\",\"itemListElement\":[{\"@type\":\"ListItem\",\"position\":1,\"name\":\"Home\",\"item\":\"https:\/\/all-car-news.com\/fr\/\"},{\"@type\":\"ListItem\",\"position\":2,\"name\":\"La flotte de voitures de Joe Biden &#8211; le pr\u00e9sident am\u00e9ricain est un v\u00e9ritable passionn\u00e9 d&rsquo;essence\"}]},{\"@type\":\"WebSite\",\"@id\":\"https:\/\/all-car-news.com\/fr\/#website\",\"url\":\"https:\/\/all-car-news.com\/fr\/\",\"name\":\"All cars news\",\"description\":\"\",\"publisher\":{\"@id\":\"https:\/\/all-car-news.com\/fr\/#organization\"},\"potentialAction\":[{\"@type\":\"SearchAction\",\"target\":{\"@type\":\"EntryPoint\",\"urlTemplate\":\"https:\/\/all-car-news.com\/fr\/?s={search_term_string}\"},\"query-input\":\"required name=search_term_string\"}],\"inLanguage\":\"fr-FR\"},{\"@type\":\"Organization\",\"@id\":\"https:\/\/all-car-news.com\/fr\/#organization\",\"name\":\"All cars news\",\"url\":\"https:\/\/all-car-news.com\/fr\/\",\"logo\":{\"@type\":\"ImageObject\",\"inLanguage\":\"fr-FR\",\"@id\":\"https:\/\/all-car-news.com\/fr\/#\/schema\/logo\/image\/\",\"url\":\"https:\/\/all-car-news.com\/wp-content\/uploads\/2022\/02\/CMYK-AllCarNews_LANDSCAPE_300px-1.png\",\"contentUrl\":\"https:\/\/all-car-news.com\/wp-content\/uploads\/2022\/02\/CMYK-AllCarNews_LANDSCAPE_300px-1.png\",\"width\":300,\"height\":100,\"caption\":\"All cars news\"},\"image\":{\"@id\":\"https:\/\/all-car-news.com\/fr\/#\/schema\/logo\/image\/\"}}]}<\/script>\n<!-- \/ Yoast SEO plugin. -->","yoast_head_json":{"title":"La flotte de voitures de Joe Biden - le pr\u00e9sident am\u00e9ricain est un v\u00e9ritable passionn\u00e9 d'essence - All cars news","robots":{"index":"index","follow":"follow","max-snippet":"max-snippet:-1","max-image-preview":"max-image-preview:large","max-video-preview":"max-video-preview:-1"},"canonical":"https:\/\/all-car-news.com\/fr\/la-flotte-de-voitures-de-joe-biden-le-president-americain-est-un-veritable-passionne-dessence\/","og_locale":"fr_FR","og_type":"article","og_title":"La flotte de voitures de Joe Biden - le pr\u00e9sident am\u00e9ricain est un v\u00e9ritable passionn\u00e9 d'essence - All cars news","og_description":"La limousine pr\u00e9sidentielle Nous commen\u00e7ons cette liste, bien s\u00fbr, par la limousine pr\u00e9sidentielle, plus connue sous le nom de \"La B\u00eate\". Une voiture de soci\u00e9t\u00e9, en d'autres termes. En tant que pr\u00e9sident du pays le plus puissant du monde, Joe Biden est toujours transport\u00e9 dans cette voiture blind\u00e9e. La \"B\u00eate\", comme on appelle la limousine depuis des ann\u00e9es, est une Cadillac transform\u00e9e. La voiture a [...]","og_url":"https:\/\/all-car-news.com\/fr\/la-flotte-de-voitures-de-joe-biden-le-president-americain-est-un-veritable-passionne-dessence\/","og_site_name":"All cars news","article_published_time":"2023-01-20T10:00:00+00:00","og_image":[{"url":"https:\/\/autorai.nl\/wp-content\/uploads\/2023\/01\/cadillac-limo-donald-trump-1140x641.jpg"}],"twitter_card":"summary_large_image","twitter_misc":{"Dur\u00e9e de lecture estim\u00e9e":"2 minutes"},"schema":{"@context":"https:\/\/schema.org","@graph":[{"@type":"Article","@id":"https:\/\/all-car-news.com\/fr\/la-flotte-de-voitures-de-joe-biden-le-president-americain-est-un-veritable-passionne-dessence\/#article","isPartOf":{"@id":"https:\/\/all-car-news.com\/fr\/la-flotte-de-voitures-de-joe-biden-le-president-americain-est-un-veritable-passionne-dessence\/"},"author":{"name":"","@id":""},"headline":"La flotte de voitures de Joe Biden &#8211; le pr\u00e9sident am\u00e9ricain est un v\u00e9ritable passionn\u00e9 d&rsquo;essence","datePublished":"2023-01-20T10:00:00+00:00","dateModified":"2023-01-20T10:00:00+00:00","mainEntityOfPage":{"@id":"https:\/\/all-car-news.com\/fr\/la-flotte-de-voitures-de-joe-biden-le-president-americain-est-un-veritable-passionne-dessence\/"},"wordCount":515,"commentCount":0,"publisher":{"@id":"https:\/\/all-car-news.com\/fr\/#organization"},"articleSection":["Fond","Fun"],"inLanguage":"fr-FR","potentialAction":[{"@type":"CommentAction","name":"Comment","target":["https:\/\/all-car-news.com\/fr\/la-flotte-de-voitures-de-joe-biden-le-president-americain-est-un-veritable-passionne-dessence\/#respond"]}]},{"@type":"WebPage","@id":"https:\/\/all-car-news.com\/fr\/la-flotte-de-voitures-de-joe-biden-le-president-americain-est-un-veritable-passionne-dessence\/","url":"https:\/\/all-car-news.com\/fr\/la-flotte-de-voitures-de-joe-biden-le-president-americain-est-un-veritable-passionne-dessence\/","name":"La flotte de voitures de Joe Biden - le pr\u00e9sident am\u00e9ricain est un v\u00e9ritable passionn\u00e9 d'essence - All cars news","isPartOf":{"@id":"https:\/\/all-car-news.com\/fr\/#website"},"datePublished":"2023-01-20T10:00:00+00:00","dateModified":"2023-01-20T10:00:00+00:00","breadcrumb":{"@id":"https:\/\/all-car-news.com\/fr\/la-flotte-de-voitures-de-joe-biden-le-president-americain-est-un-veritable-passionne-dessence\/#breadcrumb"},"inLanguage":"fr-FR","potentialAction":[{"@type":"ReadAction","target":["https:\/\/all-car-news.com\/fr\/la-flotte-de-voitures-de-joe-biden-le-president-americain-est-un-veritable-passionne-dessence\/"]}]},{"@type":"BreadcrumbList","@id":"https:\/\/all-car-news.com\/fr\/la-flotte-de-voitures-de-joe-biden-le-president-americain-est-un-veritable-passionne-dessence\/#breadcrumb","itemListElement":[{"@type":"ListItem","position":1,"name":"Home","item":"https:\/\/all-car-news.com\/fr\/"},{"@type":"ListItem","position":2,"name":"La flotte de voitures de Joe Biden &#8211; le pr\u00e9sident am\u00e9ricain est un v\u00e9ritable passionn\u00e9 d&rsquo;essence"}]},{"@type":"WebSite","@id":"https:\/\/all-car-news.com\/fr\/#website","url":"https:\/\/all-car-news.com\/fr\/","name":"All cars news","description":"","publisher":{"@id":"https:\/\/all-car-news.com\/fr\/#organization"},"potentialAction":[{"@type":"SearchAction","target":{"@type":"EntryPoint","urlTemplate":"https:\/\/all-car-news.com\/fr\/?s={search_term_string}"},"query-input":"required name=search_term_string"}],"inLanguage":"fr-FR"},{"@type":"Organization","@id":"https:\/\/all-car-news.com\/fr\/#organization","name":"All cars news","url":"https:\/\/all-car-news.com\/fr\/","logo":{"@type":"ImageObject","inLanguage":"fr-FR","@id":"https:\/\/all-car-news.com\/fr\/#\/schema\/logo\/image\/","url":"https:\/\/all-car-news.com\/wp-content\/uploads\/2022\/02\/CMYK-AllCarNews_LANDSCAPE_300px-1.png","contentUrl":"https:\/\/all-car-news.com\/wp-content\/uploads\/2022\/02\/CMYK-AllCarNews_LANDSCAPE_300px-1.png","width":300,"height":100,"caption":"All cars news"},"image":{"@id":"https:\/\/all-car-news.com\/fr\/#\/schema\/logo\/image\/"}}]}},"_links":{"self":[{"href":"https:\/\/all-car-news.com\/fr\/wp-json\/wp\/v2\/posts\/130287","targetHints":{"allow":["GET"]}}],"collection":[{"href":"https:\/\/all-car-news.com\/fr\/wp-json\/wp\/v2\/posts"}],"about":[{"href":"https:\/\/all-car-news.com\/fr\/wp-json\/wp\/v2\/types\/post"}],"replies":[{"embeddable":true,"href":"https:\/\/all-car-news.com\/fr\/wp-json\/wp\/v2\/comments?post=130287"}],"version-history":[{"count":0,"href":"https:\/\/all-car-news.com\/fr\/wp-json\/wp\/v2\/posts\/130287\/revisions"}],"wp:featuredmedia":[{"embeddable":true,"href":"https:\/\/all-car-news.com\/fr\/wp-json\/wp\/v2\/media\/130240"}],"wp:attachment":[{"href":"https:\/\/all-car-news.com\/fr\/wp-json\/wp\/v2\/media?parent=130287"}],"wp:term":[{"taxonomy":"category","embeddable":true,"href":"https:\/\/all-car-news.com\/fr\/wp-json\/wp\/v2\/categories?post=130287"},{"taxonomy":"post_tag","embeddable":true,"href":"https:\/\/all-car-news.com\/fr\/wp-json\/wp\/v2\/tags?post=130287"}],"curies":[{"name":"wp","href":"https:\/\/api.w.org\/{rel}","templated":true}]}}