{"id":130097,"date":"2023-01-18T08:22:03","date_gmt":"2023-01-18T08:22:03","guid":{"rendered":"https:\/\/all-car-news.com\/regarder-le-football-dans-votre-bmw-ce-sera-bientot-possible\/"},"modified":"2023-01-18T08:22:03","modified_gmt":"2023-01-18T08:22:03","slug":"regarder-le-football-dans-votre-bmw-ce-sera-bientot-possible","status":"publish","type":"post","link":"https:\/\/all-car-news.com\/fr\/regarder-le-football-dans-votre-bmw-ce-sera-bientot-possible\/","title":{"rendered":"Regarder le football dans votre BMW, ce sera bient\u00f4t possible !"},"content":{"rendered":"<h2>Bundesliga : la plus importante ligue de football en Allemagne<\/h2>\n<p>Le BMW Group et la DFL Deutsche Fu\u00dfball Liga collaborent dans le cadre d&rsquo;un projet pilote visant \u00e0 mettre \u00e0 disposition des contenus s\u00e9lectionn\u00e9s de la Bundesliga &#8211; la premi\u00e8re ligue de football allemande &#8211; dans la nouvelle BMW S\u00e9rie 7 d\u00e8s le jour du match suivant. Cette technologie sera disponible via une application sur l&rsquo;\u00e9cran incurv\u00e9 de la BMW, que l&rsquo;on retrouve dans la nouvelle S\u00e9rie 7.<\/p>\n<h2>BMW S\u00e9rie 7<\/h2>\n<p>L&rsquo;application embarqu\u00e9e Bundesliga sera fournie par voie hertzienne \u00e0 la nouvelle BMW S\u00e9rie 7 et sera initialement disponible en Allemagne. D&rsquo;autres pays suivront bient\u00f4t dans les r\u00e9gions Europe, Am\u00e9riques et Asie. L&rsquo;offre pourrait \u00e9galement \u00eatre \u00e9tendue aux futurs mod\u00e8les nouvellement lanc\u00e9s. Le projet pilote durera initialement jusqu&rsquo;au 31 mars 2024.<\/p>\n<figure class=\"wp-block-image size-content\"><img decoding=\"async\" loading=\"lazy\" width=\"1140\" height=\"859\" src=\"https:\/\/autorai.nl\/wp-content\/uploads\/2023\/01\/bundesliga-bmw-7-serie-voetbal-foto2-1140x859.jpg\" alt=\"BMW et la Bundesliga dans la BMW S\u00e9rie 7\" class=\"wp-image-147125\"><\/figure>\n<h2>Il faut rester immobile<\/h2>\n<p>Pour des raisons de s\u00e9curit\u00e9 des occupants, le contenu vid\u00e9o de l&rsquo;application Bundesliga in-car n&rsquo;est disponible que lorsque la voiture est \u00e0 l&rsquo;arr\u00eat. Le test est ax\u00e9 sur le contenu \u00e0 la demande, tel que les formats des moments forts ou les donn\u00e9es relatives aux matchs, ainsi qu&rsquo;une s\u00e9lection de contenu en direct sp\u00e9cialement adapt\u00e9 \u00e0 l&rsquo;utilisation en v\u00e9hicule. Lorsque la BMW est en mouvement, il est possible d&rsquo;\u00e9couter un flux audio du contenu.<\/p>\n<h2>Fonctionne sur une connexion 5G<\/h2>\n<p>Pour utiliser la fonctionnalit\u00e9 de streaming vid\u00e9o de l&rsquo;application Bundesliga, les clients doivent d&rsquo;abord avoir activ\u00e9 l&rsquo;eSIM personnelle dans leur v\u00e9hicule. Les antennes install\u00e9es dans le v\u00e9hicule permettent ensuite au propri\u00e9taire de profiter du streaming de football 5G ultrarapide via son abonnement mobile personnel.<\/p>\n<div class=\"galery shuffle galery-0\">\n<figure>\n\t\t\t\t\t<span style=\"cursor: pointer\" data-src=\"https:\/\/autorai.nl\/wp-content\/uploads\/2023\/01\/bundesliga-bmw-7-serie-voetbal-foto4-1600x1067.jpg\" data-fancybox=\"galery-0\" title=\"\"><br \/>\n\t\t\t\t\t\t\t<img decoding=\"async\" width=\"640\" height=\"480\" src=\"https:\/\/autorai.nl\/wp-content\/uploads\/2023\/01\/bundesliga-bmw-7-serie-voetbal-foto4-640x480.jpg\" class=\"attachment-medium size-medium\" alt=\"BMW et la Bundesliga dans la BMW S\u00e9rie 7\" loading=\"lazy\"><i class=\"fa fa-search-plus\" aria-hidden=\"true\"><\/i><br \/>\n\t\t\t\t\t\t<\/span><br \/>\n\t\t\t\t\t<\/figure>\n<figure>\n\t\t\t\t\t<span style=\"cursor: pointer\" data-src=\"https:\/\/autorai.nl\/wp-content\/uploads\/2023\/01\/bundesliga-bmw-7-serie-voetbal-foto1-1600x1205.jpg\" data-fancybox=\"galery-0\" title=\"\"><br \/>\n\t\t\t\t\t\t\t<img decoding=\"async\" width=\"360\" height=\"270\" src=\"https:\/\/autorai.nl\/wp-content\/uploads\/2023\/01\/bundesliga-bmw-7-serie-voetbal-foto1-360x270.jpg\" class=\"attachment-small size-small\" alt=\"BMW et la Bundesliga dans la BMW S\u00e9rie 7\" loading=\"lazy\"><i class=\"fa fa-search-plus\" aria-hidden=\"true\"><\/i><br \/>\n\t\t\t\t\t\t<\/span><br \/>\n\t\t\t\t\t<\/figure>\n<figure>\n\t\t\t\t\t<span style=\"cursor: pointer\" data-src=\"https:\/\/autorai.nl\/wp-content\/uploads\/2023\/01\/bundesliga-bmw-7-serie-voetbal-foto3-1600x1067.jpg\" data-fancybox=\"galery-0\" title=\"\"><br \/>\n\t\t\t\t\t\t\t<img decoding=\"async\" width=\"360\" height=\"270\" src=\"https:\/\/autorai.nl\/wp-content\/uploads\/2023\/01\/bundesliga-bmw-7-serie-voetbal-foto3-360x270.jpg\" class=\"attachment-small size-small\" alt=\"BMW et la Bundesliga dans la BMW S\u00e9rie 7\" loading=\"lazy\"><i class=\"fa fa-search-plus\" aria-hidden=\"true\"><\/i><br \/>\n\t\t\t\t\t\t<\/span><br \/>\n\t\t\t\t\t<\/figure>\n<div class=\"clear\"><\/div>\n<\/div>\n","protected":false},"excerpt":{"rendered":"Bundesliga La premi\u00e8re ligue de football d'Allemagne Le BMW Group et la DFL Deutsche Fu\u00dfball Liga collaborent dans le cadre\u2026","protected":false},"author":0,"featured_media":130055,"comment_status":"open","ping_status":"open","sticky":false,"template":"","format":"standard","meta":{"footnotes":""},"categories":[127],"tags":[],"class_list":["post-130097","post","type-post","status-publish","format-standard","has-post-thumbnail","hentry","category-nouvelles-de-voiture"],"acf":[],"yoast_head":"<!-- This site is optimized with the Yoast SEO plugin v21.2 - https:\/\/yoast.com\/wordpress\/plugins\/seo\/ -->\n<title>Regarder le football dans votre BMW, ce sera bient\u00f4t possible ! - All cars news<\/title>\n<meta name=\"robots\" content=\"index, follow, max-snippet:-1, max-image-preview:large, max-video-preview:-1\" \/>\n<link rel=\"canonical\" href=\"https:\/\/all-car-news.com\/fr\/regarder-le-football-dans-votre-bmw-ce-sera-bientot-possible\/\" \/>\n<meta property=\"og:locale\" content=\"fr_FR\" \/>\n<meta property=\"og:type\" content=\"article\" \/>\n<meta property=\"og:title\" content=\"Regarder le football dans votre BMW, ce sera bient\u00f4t possible ! - All cars news\" \/>\n<meta property=\"og:description\" content=\"Bundesliga La premi\u00e8re ligue de football d&#039;Allemagne Le BMW Group et la DFL Deutsche Fu\u00dfball Liga collaborent dans le cadre d&#039;un projet pilote visant \u00e0 mettre \u00e0 disposition des contenus s\u00e9lectionn\u00e9s de la Bundesliga - la premi\u00e8re ligue de football d&#039;Allemagne - dans la nouvelle BMW S\u00e9rie 7 d\u00e8s le jour du match suivant. La technologie sera disponible via une application sur le [...]\" \/>\n<meta property=\"og:url\" content=\"https:\/\/all-car-news.com\/fr\/regarder-le-football-dans-votre-bmw-ce-sera-bientot-possible\/\" \/>\n<meta property=\"og:site_name\" content=\"All cars news\" \/>\n<meta property=\"article:published_time\" content=\"2023-01-18T08:22:03+00:00\" \/>\n<meta property=\"og:image\" content=\"https:\/\/autorai.nl\/wp-content\/uploads\/2023\/01\/bundesliga-bmw-7-serie-voetbal-foto2-1140x859.jpg\" \/>\n<meta name=\"twitter:card\" content=\"summary_large_image\" \/>\n<meta name=\"twitter:label1\" content=\"Dur\u00e9e de lecture estim\u00e9e\" \/>\n\t<meta name=\"twitter:data1\" content=\"1 minute\" \/>\n<script type=\"application\/ld+json\" class=\"yoast-schema-graph\">{\"@context\":\"https:\/\/schema.org\",\"@graph\":[{\"@type\":\"Article\",\"@id\":\"https:\/\/all-car-news.com\/fr\/regarder-le-football-dans-votre-bmw-ce-sera-bientot-possible\/#article\",\"isPartOf\":{\"@id\":\"https:\/\/all-car-news.com\/fr\/regarder-le-football-dans-votre-bmw-ce-sera-bientot-possible\/\"},\"author\":{\"name\":\"\",\"@id\":\"\"},\"headline\":\"Regarder le football dans votre BMW, ce sera bient\u00f4t possible !\",\"datePublished\":\"2023-01-18T08:22:03+00:00\",\"dateModified\":\"2023-01-18T08:22:03+00:00\",\"mainEntityOfPage\":{\"@id\":\"https:\/\/all-car-news.com\/fr\/regarder-le-football-dans-votre-bmw-ce-sera-bientot-possible\/\"},\"wordCount\":285,\"commentCount\":0,\"publisher\":{\"@id\":\"https:\/\/all-car-news.com\/fr\/#organization\"},\"articleSection\":[\"nouvelles de voiture\"],\"inLanguage\":\"fr-FR\",\"potentialAction\":[{\"@type\":\"CommentAction\",\"name\":\"Comment\",\"target\":[\"https:\/\/all-car-news.com\/fr\/regarder-le-football-dans-votre-bmw-ce-sera-bientot-possible\/#respond\"]}]},{\"@type\":\"WebPage\",\"@id\":\"https:\/\/all-car-news.com\/fr\/regarder-le-football-dans-votre-bmw-ce-sera-bientot-possible\/\",\"url\":\"https:\/\/all-car-news.com\/fr\/regarder-le-football-dans-votre-bmw-ce-sera-bientot-possible\/\",\"name\":\"Regarder le football dans votre BMW, ce sera bient\u00f4t possible ! - All cars news\",\"isPartOf\":{\"@id\":\"https:\/\/all-car-news.com\/fr\/#website\"},\"datePublished\":\"2023-01-18T08:22:03+00:00\",\"dateModified\":\"2023-01-18T08:22:03+00:00\",\"breadcrumb\":{\"@id\":\"https:\/\/all-car-news.com\/fr\/regarder-le-football-dans-votre-bmw-ce-sera-bientot-possible\/#breadcrumb\"},\"inLanguage\":\"fr-FR\",\"potentialAction\":[{\"@type\":\"ReadAction\",\"target\":[\"https:\/\/all-car-news.com\/fr\/regarder-le-football-dans-votre-bmw-ce-sera-bientot-possible\/\"]}]},{\"@type\":\"BreadcrumbList\",\"@id\":\"https:\/\/all-car-news.com\/fr\/regarder-le-football-dans-votre-bmw-ce-sera-bientot-possible\/#breadcrumb\",\"itemListElement\":[{\"@type\":\"ListItem\",\"position\":1,\"name\":\"Home\",\"item\":\"https:\/\/all-car-news.com\/fr\/\"},{\"@type\":\"ListItem\",\"position\":2,\"name\":\"Regarder le football dans votre BMW, ce sera bient\u00f4t possible !\"}]},{\"@type\":\"WebSite\",\"@id\":\"https:\/\/all-car-news.com\/fr\/#website\",\"url\":\"https:\/\/all-car-news.com\/fr\/\",\"name\":\"All cars news\",\"description\":\"\",\"publisher\":{\"@id\":\"https:\/\/all-car-news.com\/fr\/#organization\"},\"potentialAction\":[{\"@type\":\"SearchAction\",\"target\":{\"@type\":\"EntryPoint\",\"urlTemplate\":\"https:\/\/all-car-news.com\/fr\/?s={search_term_string}\"},\"query-input\":\"required name=search_term_string\"}],\"inLanguage\":\"fr-FR\"},{\"@type\":\"Organization\",\"@id\":\"https:\/\/all-car-news.com\/fr\/#organization\",\"name\":\"All cars news\",\"url\":\"https:\/\/all-car-news.com\/fr\/\",\"logo\":{\"@type\":\"ImageObject\",\"inLanguage\":\"fr-FR\",\"@id\":\"https:\/\/all-car-news.com\/fr\/#\/schema\/logo\/image\/\",\"url\":\"https:\/\/all-car-news.com\/wp-content\/uploads\/2022\/02\/CMYK-AllCarNews_LANDSCAPE_300px-1.png\",\"contentUrl\":\"https:\/\/all-car-news.com\/wp-content\/uploads\/2022\/02\/CMYK-AllCarNews_LANDSCAPE_300px-1.png\",\"width\":300,\"height\":100,\"caption\":\"All cars news\"},\"image\":{\"@id\":\"https:\/\/all-car-news.com\/fr\/#\/schema\/logo\/image\/\"}}]}<\/script>\n<!-- \/ Yoast SEO plugin. -->","yoast_head_json":{"title":"Regarder le football dans votre BMW, ce sera bient\u00f4t possible ! - All cars news","robots":{"index":"index","follow":"follow","max-snippet":"max-snippet:-1","max-image-preview":"max-image-preview:large","max-video-preview":"max-video-preview:-1"},"canonical":"https:\/\/all-car-news.com\/fr\/regarder-le-football-dans-votre-bmw-ce-sera-bientot-possible\/","og_locale":"fr_FR","og_type":"article","og_title":"Regarder le football dans votre BMW, ce sera bient\u00f4t possible ! - All cars news","og_description":"Bundesliga La premi\u00e8re ligue de football d'Allemagne Le BMW Group et la DFL Deutsche Fu\u00dfball Liga collaborent dans le cadre d'un projet pilote visant \u00e0 mettre \u00e0 disposition des contenus s\u00e9lectionn\u00e9s de la Bundesliga - la premi\u00e8re ligue de football d'Allemagne - dans la nouvelle BMW S\u00e9rie 7 d\u00e8s le jour du match suivant. La technologie sera disponible via une application sur le [...]","og_url":"https:\/\/all-car-news.com\/fr\/regarder-le-football-dans-votre-bmw-ce-sera-bientot-possible\/","og_site_name":"All cars news","article_published_time":"2023-01-18T08:22:03+00:00","og_image":[{"url":"https:\/\/autorai.nl\/wp-content\/uploads\/2023\/01\/bundesliga-bmw-7-serie-voetbal-foto2-1140x859.jpg"}],"twitter_card":"summary_large_image","twitter_misc":{"Dur\u00e9e de lecture estim\u00e9e":"1 minute"},"schema":{"@context":"https:\/\/schema.org","@graph":[{"@type":"Article","@id":"https:\/\/all-car-news.com\/fr\/regarder-le-football-dans-votre-bmw-ce-sera-bientot-possible\/#article","isPartOf":{"@id":"https:\/\/all-car-news.com\/fr\/regarder-le-football-dans-votre-bmw-ce-sera-bientot-possible\/"},"author":{"name":"","@id":""},"headline":"Regarder le football dans votre BMW, ce sera bient\u00f4t possible !","datePublished":"2023-01-18T08:22:03+00:00","dateModified":"2023-01-18T08:22:03+00:00","mainEntityOfPage":{"@id":"https:\/\/all-car-news.com\/fr\/regarder-le-football-dans-votre-bmw-ce-sera-bientot-possible\/"},"wordCount":285,"commentCount":0,"publisher":{"@id":"https:\/\/all-car-news.com\/fr\/#organization"},"articleSection":["nouvelles de voiture"],"inLanguage":"fr-FR","potentialAction":[{"@type":"CommentAction","name":"Comment","target":["https:\/\/all-car-news.com\/fr\/regarder-le-football-dans-votre-bmw-ce-sera-bientot-possible\/#respond"]}]},{"@type":"WebPage","@id":"https:\/\/all-car-news.com\/fr\/regarder-le-football-dans-votre-bmw-ce-sera-bientot-possible\/","url":"https:\/\/all-car-news.com\/fr\/regarder-le-football-dans-votre-bmw-ce-sera-bientot-possible\/","name":"Regarder le football dans votre BMW, ce sera bient\u00f4t possible ! - All cars news","isPartOf":{"@id":"https:\/\/all-car-news.com\/fr\/#website"},"datePublished":"2023-01-18T08:22:03+00:00","dateModified":"2023-01-18T08:22:03+00:00","breadcrumb":{"@id":"https:\/\/all-car-news.com\/fr\/regarder-le-football-dans-votre-bmw-ce-sera-bientot-possible\/#breadcrumb"},"inLanguage":"fr-FR","potentialAction":[{"@type":"ReadAction","target":["https:\/\/all-car-news.com\/fr\/regarder-le-football-dans-votre-bmw-ce-sera-bientot-possible\/"]}]},{"@type":"BreadcrumbList","@id":"https:\/\/all-car-news.com\/fr\/regarder-le-football-dans-votre-bmw-ce-sera-bientot-possible\/#breadcrumb","itemListElement":[{"@type":"ListItem","position":1,"name":"Home","item":"https:\/\/all-car-news.com\/fr\/"},{"@type":"ListItem","position":2,"name":"Regarder le football dans votre BMW, ce sera bient\u00f4t possible !"}]},{"@type":"WebSite","@id":"https:\/\/all-car-news.com\/fr\/#website","url":"https:\/\/all-car-news.com\/fr\/","name":"All cars news","description":"","publisher":{"@id":"https:\/\/all-car-news.com\/fr\/#organization"},"potentialAction":[{"@type":"SearchAction","target":{"@type":"EntryPoint","urlTemplate":"https:\/\/all-car-news.com\/fr\/?s={search_term_string}"},"query-input":"required name=search_term_string"}],"inLanguage":"fr-FR"},{"@type":"Organization","@id":"https:\/\/all-car-news.com\/fr\/#organization","name":"All cars news","url":"https:\/\/all-car-news.com\/fr\/","logo":{"@type":"ImageObject","inLanguage":"fr-FR","@id":"https:\/\/all-car-news.com\/fr\/#\/schema\/logo\/image\/","url":"https:\/\/all-car-news.com\/wp-content\/uploads\/2022\/02\/CMYK-AllCarNews_LANDSCAPE_300px-1.png","contentUrl":"https:\/\/all-car-news.com\/wp-content\/uploads\/2022\/02\/CMYK-AllCarNews_LANDSCAPE_300px-1.png","width":300,"height":100,"caption":"All cars news"},"image":{"@id":"https:\/\/all-car-news.com\/fr\/#\/schema\/logo\/image\/"}}]}},"_links":{"self":[{"href":"https:\/\/all-car-news.com\/fr\/wp-json\/wp\/v2\/posts\/130097","targetHints":{"allow":["GET"]}}],"collection":[{"href":"https:\/\/all-car-news.com\/fr\/wp-json\/wp\/v2\/posts"}],"about":[{"href":"https:\/\/all-car-news.com\/fr\/wp-json\/wp\/v2\/types\/post"}],"replies":[{"embeddable":true,"href":"https:\/\/all-car-news.com\/fr\/wp-json\/wp\/v2\/comments?post=130097"}],"version-history":[{"count":0,"href":"https:\/\/all-car-news.com\/fr\/wp-json\/wp\/v2\/posts\/130097\/revisions"}],"wp:featuredmedia":[{"embeddable":true,"href":"https:\/\/all-car-news.com\/fr\/wp-json\/wp\/v2\/media\/130055"}],"wp:attachment":[{"href":"https:\/\/all-car-news.com\/fr\/wp-json\/wp\/v2\/media?parent=130097"}],"wp:term":[{"taxonomy":"category","embeddable":true,"href":"https:\/\/all-car-news.com\/fr\/wp-json\/wp\/v2\/categories?post=130097"},{"taxonomy":"post_tag","embeddable":true,"href":"https:\/\/all-car-news.com\/fr\/wp-json\/wp\/v2\/tags?post=130097"}],"curies":[{"name":"wp","href":"https:\/\/api.w.org\/{rel}","templated":true}]}}