{"id":129168,"date":"2022-12-23T11:55:39","date_gmt":"2022-12-23T11:55:39","guid":{"rendered":"https:\/\/all-car-news.com\/utrecht-supprime-le-stationnement-gratuit-les-jours-feries-non-inclusif\/"},"modified":"2022-12-23T11:55:39","modified_gmt":"2022-12-23T11:55:39","slug":"utrecht-supprime-le-stationnement-gratuit-les-jours-feries-non-inclusif","status":"publish","type":"post","link":"https:\/\/all-car-news.com\/fr\/utrecht-supprime-le-stationnement-gratuit-les-jours-feries-non-inclusif\/","title":{"rendered":"Utrecht supprime le stationnement gratuit les jours f\u00e9ri\u00e9s, \u00ab\u00a0non inclusif\u00a0\u00bb."},"content":{"rendered":"<\/p>\n<h2>Parking gratuit \u00e0 Utrecht<\/h2>\n<p>Toute personne qui stationnera sa voiture \u00e0 Utrecht \u00e0 No\u00ebl, le Vendredi saint, \u00e0 P\u00e2ques, \u00e0 l&rsquo;Ascension et \u00e0 la Pentec\u00f4te l&rsquo;ann\u00e9e prochaine risque une amende ou un serrage de roue si elle oublie de payer les frais de stationnement. Une motion d\u00e9pos\u00e9e par GroenLinks, Partij voor de Dieren, Student &amp; Starter et D66 visant \u00e0 supprimer le stationnement gratuit les jours f\u00e9ri\u00e9s a en effet \u00e9t\u00e9 adopt\u00e9e dans le Domstad.<\/p>\n<figure class=\"wp-block-image size-content\"><img decoding=\"async\" loading=\"lazy\" width=\"1140\" height=\"854\" src=\"https:\/\/autorai.nl\/wp-content\/uploads\/2022\/12\/utrecht-parkeren-auto-1140x854.jpg\" alt=\"\" class=\"wp-image-143773\"><figcaption> <\/figcaption><\/figure>\n<h2>Pourquoi?<\/h2>\n<p>Les groupes ont d\u00e9pos\u00e9 la motion en novembre 2021, all\u00e9guant que la politique de stationnement de la ville n&rsquo;\u00e9tait pas inclusive. Lors des f\u00eates chr\u00e9tiennes, les automobilistes sont autoris\u00e9s \u00e0 <a href=\"https:\/\/autorai.nl\/tips-om-goedkoop-je-auto-te-parkeren\/\" target=\"_blank\" rel=\"noreferrer noopener\">se garer<\/a> librement, mais pas lors des f\u00eates des autres religions. Injuste, selon les groupes. Comme il est impossible d&rsquo;autoriser le stationnement gratuit pour toutes les f\u00eates religieuses, les parties ont sugg\u00e9r\u00e9 que la gratuit\u00e9 soit lev\u00e9e pour toutes les f\u00eates.<\/p>\n<h2>\u00ab\u00a0Journ\u00e9e normale<\/h2>\n<p>Le coll\u00e8ge a adopt\u00e9 la motion et, \u00e0 partir du 1er janvier 2023, chaque jour f\u00e9ri\u00e9 sera consid\u00e9r\u00e9 comme un \u00ab\u00a0jour normal\u00a0\u00bb en termes de stationnement. Pour cette nouvelle mesure, Utrecht doit d&rsquo;abord tirer les cordons de la bourse elle-m\u00eame. La ville devrait ajuster tous les parcm\u00e8tres et informer les r\u00e9sidents autour de toutes les f\u00eates (chr\u00e9tiennes) du changement de la politique de stationnement.<\/p>\n<h2>Premi\u00e8re ville des Pays-Bas<\/h2>\n<p>C&rsquo;est un nouveau coup dur pour les visiteurs et les habitants d&rsquo;Utrecht poss\u00e9dant une voiture. Non seulement les tarifs du stationnement de courte dur\u00e9e et des permis ont augment\u00e9, mais en novembre, la ville a \u00e9galement annonc\u00e9 qu&rsquo;elle <a href=\"https:\/\/www.rtvutrecht.nl\/nieuws\/3517534\/ook-motie-tegen-betaald-parkeren-in-utrecht-verandert-plannen-gemeente-niet\" target=\"_blank\" rel=\"noreferrer noopener\">serait<\/a> la premi\u00e8re aux Pays-Bas \u00e0 introduire le stationnement payant dans toute la ville. \u00c0 partir de 2024, des parcm\u00e8tres seront install\u00e9s dans chaque rue. Non seulement dans le centre-ville, mais aussi dans des quartiers comme Vleuten-De Meern, Zuilen, Overvecht et Leidsche Rijn, o\u00f9 il n&rsquo;y a pas ou peu de probl\u00e8mes de stationnement.  <\/p>\n<p>A lire aussi :<\/p>\n<figure class=\"wp-block-embed is-type-wp-embed is-provider-autorai-nl wp-block-embed-autorai-nl\">\n<div class=\"wp-block-embed__wrapper\">\n<blockquote class=\"wp-embedded-content\" data-secret=\"LSo0SEF2aO\"><p><a href=\"https:\/\/autorai.nl\/waarom-er-bijna-10-000-zandzakken-op-de-a7-staan\/\">Pourquoi y a-t-il pr\u00e8s de 10 000 sacs de sable sur l&rsquo;A7 ?<\/a><\/p><\/blockquote>\n<\/div>\n<\/figure>\n<p> <a href=\"https:\/\/www.rtvutrecht.nl\/nieuws\/3514554\/parkeerpetitie-maakt-weinig-indruk-plannen-voor-betaald-parkeren-in-utrecht-niet-in-het-geding\"><\/a><\/p>\n","protected":false},"excerpt":{"rendered":"Stationnement gratuit \u00e0 Utrecht Toute personne stationnant sa voiture \u00e0 Utrecht pendant les f\u00eates de No\u00ebl, du Vendredi saint, de\u2026","protected":false},"author":0,"featured_media":129116,"comment_status":"open","ping_status":"open","sticky":false,"template":"","format":"standard","meta":{"footnotes":""},"categories":[131],"tags":[],"class_list":["post-129168","post","type-post","status-publish","format-standard","has-post-thumbnail","hentry","category-fond"],"acf":[],"yoast_head":"<!-- This site is optimized with the Yoast SEO plugin v21.2 - https:\/\/yoast.com\/wordpress\/plugins\/seo\/ -->\n<title>Utrecht supprime le stationnement gratuit les jours f\u00e9ri\u00e9s, &quot;non inclusif&quot;. - All cars news<\/title>\n<meta name=\"robots\" content=\"index, follow, max-snippet:-1, max-image-preview:large, max-video-preview:-1\" \/>\n<link rel=\"canonical\" href=\"https:\/\/all-car-news.com\/fr\/utrecht-supprime-le-stationnement-gratuit-les-jours-feries-non-inclusif\/\" \/>\n<meta property=\"og:locale\" content=\"fr_FR\" \/>\n<meta property=\"og:type\" content=\"article\" \/>\n<meta property=\"og:title\" content=\"Utrecht supprime le stationnement gratuit les jours f\u00e9ri\u00e9s, &quot;non inclusif&quot;. - All cars news\" \/>\n<meta property=\"og:description\" content=\"Stationnement gratuit \u00e0 Utrecht Toute personne stationnant sa voiture \u00e0 Utrecht pendant les f\u00eates de No\u00ebl, du Vendredi saint, de P\u00e2ques, de l&#039;Ascension et de la Pentec\u00f4te l&#039;ann\u00e9e prochaine risque une amende ou un serrage de roue si elle oublie de payer les frais de stationnement. Une motion d\u00e9pos\u00e9e par GroenLinks, Partij voor de Dieren, Student &amp; Starter et D66 visant \u00e0 supprimer le stationnement gratuit les jours f\u00e9ri\u00e9s a \u00e9t\u00e9 adopt\u00e9e par le [...].\" \/>\n<meta property=\"og:url\" content=\"https:\/\/all-car-news.com\/fr\/utrecht-supprime-le-stationnement-gratuit-les-jours-feries-non-inclusif\/\" \/>\n<meta property=\"og:site_name\" content=\"All cars news\" \/>\n<meta property=\"article:published_time\" content=\"2022-12-23T11:55:39+00:00\" \/>\n<meta property=\"og:image\" content=\"https:\/\/autorai.nl\/wp-content\/uploads\/2022\/12\/utrecht-parkeren-auto-1140x854.jpg\" \/>\n<meta name=\"twitter:card\" content=\"summary_large_image\" \/>\n<meta name=\"twitter:label1\" content=\"Dur\u00e9e de lecture estim\u00e9e\" \/>\n\t<meta name=\"twitter:data1\" content=\"2 minutes\" \/>\n<script type=\"application\/ld+json\" class=\"yoast-schema-graph\">{\"@context\":\"https:\/\/schema.org\",\"@graph\":[{\"@type\":\"Article\",\"@id\":\"https:\/\/all-car-news.com\/fr\/utrecht-supprime-le-stationnement-gratuit-les-jours-feries-non-inclusif\/#article\",\"isPartOf\":{\"@id\":\"https:\/\/all-car-news.com\/fr\/utrecht-supprime-le-stationnement-gratuit-les-jours-feries-non-inclusif\/\"},\"author\":{\"name\":\"\",\"@id\":\"\"},\"headline\":\"Utrecht supprime le stationnement gratuit les jours f\u00e9ri\u00e9s, \u00ab\u00a0non inclusif\u00a0\u00bb.\",\"datePublished\":\"2022-12-23T11:55:39+00:00\",\"dateModified\":\"2022-12-23T11:55:39+00:00\",\"mainEntityOfPage\":{\"@id\":\"https:\/\/all-car-news.com\/fr\/utrecht-supprime-le-stationnement-gratuit-les-jours-feries-non-inclusif\/\"},\"wordCount\":357,\"commentCount\":0,\"publisher\":{\"@id\":\"https:\/\/all-car-news.com\/fr\/#organization\"},\"articleSection\":[\"Fond\"],\"inLanguage\":\"fr-FR\",\"potentialAction\":[{\"@type\":\"CommentAction\",\"name\":\"Comment\",\"target\":[\"https:\/\/all-car-news.com\/fr\/utrecht-supprime-le-stationnement-gratuit-les-jours-feries-non-inclusif\/#respond\"]}]},{\"@type\":\"WebPage\",\"@id\":\"https:\/\/all-car-news.com\/fr\/utrecht-supprime-le-stationnement-gratuit-les-jours-feries-non-inclusif\/\",\"url\":\"https:\/\/all-car-news.com\/fr\/utrecht-supprime-le-stationnement-gratuit-les-jours-feries-non-inclusif\/\",\"name\":\"Utrecht supprime le stationnement gratuit les jours f\u00e9ri\u00e9s, \\\"non inclusif\\\". - All cars news\",\"isPartOf\":{\"@id\":\"https:\/\/all-car-news.com\/fr\/#website\"},\"datePublished\":\"2022-12-23T11:55:39+00:00\",\"dateModified\":\"2022-12-23T11:55:39+00:00\",\"breadcrumb\":{\"@id\":\"https:\/\/all-car-news.com\/fr\/utrecht-supprime-le-stationnement-gratuit-les-jours-feries-non-inclusif\/#breadcrumb\"},\"inLanguage\":\"fr-FR\",\"potentialAction\":[{\"@type\":\"ReadAction\",\"target\":[\"https:\/\/all-car-news.com\/fr\/utrecht-supprime-le-stationnement-gratuit-les-jours-feries-non-inclusif\/\"]}]},{\"@type\":\"BreadcrumbList\",\"@id\":\"https:\/\/all-car-news.com\/fr\/utrecht-supprime-le-stationnement-gratuit-les-jours-feries-non-inclusif\/#breadcrumb\",\"itemListElement\":[{\"@type\":\"ListItem\",\"position\":1,\"name\":\"Home\",\"item\":\"https:\/\/all-car-news.com\/fr\/\"},{\"@type\":\"ListItem\",\"position\":2,\"name\":\"Utrecht supprime le stationnement gratuit les jours f\u00e9ri\u00e9s, \u00ab\u00a0non inclusif\u00a0\u00bb.\"}]},{\"@type\":\"WebSite\",\"@id\":\"https:\/\/all-car-news.com\/fr\/#website\",\"url\":\"https:\/\/all-car-news.com\/fr\/\",\"name\":\"All cars news\",\"description\":\"\",\"publisher\":{\"@id\":\"https:\/\/all-car-news.com\/fr\/#organization\"},\"potentialAction\":[{\"@type\":\"SearchAction\",\"target\":{\"@type\":\"EntryPoint\",\"urlTemplate\":\"https:\/\/all-car-news.com\/fr\/?s={search_term_string}\"},\"query-input\":\"required name=search_term_string\"}],\"inLanguage\":\"fr-FR\"},{\"@type\":\"Organization\",\"@id\":\"https:\/\/all-car-news.com\/fr\/#organization\",\"name\":\"All cars news\",\"url\":\"https:\/\/all-car-news.com\/fr\/\",\"logo\":{\"@type\":\"ImageObject\",\"inLanguage\":\"fr-FR\",\"@id\":\"https:\/\/all-car-news.com\/fr\/#\/schema\/logo\/image\/\",\"url\":\"https:\/\/all-car-news.com\/wp-content\/uploads\/2022\/02\/CMYK-AllCarNews_LANDSCAPE_300px-1.png\",\"contentUrl\":\"https:\/\/all-car-news.com\/wp-content\/uploads\/2022\/02\/CMYK-AllCarNews_LANDSCAPE_300px-1.png\",\"width\":300,\"height\":100,\"caption\":\"All cars news\"},\"image\":{\"@id\":\"https:\/\/all-car-news.com\/fr\/#\/schema\/logo\/image\/\"}}]}<\/script>\n<!-- \/ Yoast SEO plugin. -->","yoast_head_json":{"title":"Utrecht supprime le stationnement gratuit les jours f\u00e9ri\u00e9s, \"non inclusif\". - All cars news","robots":{"index":"index","follow":"follow","max-snippet":"max-snippet:-1","max-image-preview":"max-image-preview:large","max-video-preview":"max-video-preview:-1"},"canonical":"https:\/\/all-car-news.com\/fr\/utrecht-supprime-le-stationnement-gratuit-les-jours-feries-non-inclusif\/","og_locale":"fr_FR","og_type":"article","og_title":"Utrecht supprime le stationnement gratuit les jours f\u00e9ri\u00e9s, \"non inclusif\". - All cars news","og_description":"Stationnement gratuit \u00e0 Utrecht Toute personne stationnant sa voiture \u00e0 Utrecht pendant les f\u00eates de No\u00ebl, du Vendredi saint, de P\u00e2ques, de l'Ascension et de la Pentec\u00f4te l'ann\u00e9e prochaine risque une amende ou un serrage de roue si elle oublie de payer les frais de stationnement. Une motion d\u00e9pos\u00e9e par GroenLinks, Partij voor de Dieren, Student &amp; Starter et D66 visant \u00e0 supprimer le stationnement gratuit les jours f\u00e9ri\u00e9s a \u00e9t\u00e9 adopt\u00e9e par le [...].","og_url":"https:\/\/all-car-news.com\/fr\/utrecht-supprime-le-stationnement-gratuit-les-jours-feries-non-inclusif\/","og_site_name":"All cars news","article_published_time":"2022-12-23T11:55:39+00:00","og_image":[{"url":"https:\/\/autorai.nl\/wp-content\/uploads\/2022\/12\/utrecht-parkeren-auto-1140x854.jpg"}],"twitter_card":"summary_large_image","twitter_misc":{"Dur\u00e9e de lecture estim\u00e9e":"2 minutes"},"schema":{"@context":"https:\/\/schema.org","@graph":[{"@type":"Article","@id":"https:\/\/all-car-news.com\/fr\/utrecht-supprime-le-stationnement-gratuit-les-jours-feries-non-inclusif\/#article","isPartOf":{"@id":"https:\/\/all-car-news.com\/fr\/utrecht-supprime-le-stationnement-gratuit-les-jours-feries-non-inclusif\/"},"author":{"name":"","@id":""},"headline":"Utrecht supprime le stationnement gratuit les jours f\u00e9ri\u00e9s, \u00ab\u00a0non inclusif\u00a0\u00bb.","datePublished":"2022-12-23T11:55:39+00:00","dateModified":"2022-12-23T11:55:39+00:00","mainEntityOfPage":{"@id":"https:\/\/all-car-news.com\/fr\/utrecht-supprime-le-stationnement-gratuit-les-jours-feries-non-inclusif\/"},"wordCount":357,"commentCount":0,"publisher":{"@id":"https:\/\/all-car-news.com\/fr\/#organization"},"articleSection":["Fond"],"inLanguage":"fr-FR","potentialAction":[{"@type":"CommentAction","name":"Comment","target":["https:\/\/all-car-news.com\/fr\/utrecht-supprime-le-stationnement-gratuit-les-jours-feries-non-inclusif\/#respond"]}]},{"@type":"WebPage","@id":"https:\/\/all-car-news.com\/fr\/utrecht-supprime-le-stationnement-gratuit-les-jours-feries-non-inclusif\/","url":"https:\/\/all-car-news.com\/fr\/utrecht-supprime-le-stationnement-gratuit-les-jours-feries-non-inclusif\/","name":"Utrecht supprime le stationnement gratuit les jours f\u00e9ri\u00e9s, \"non inclusif\". - All cars news","isPartOf":{"@id":"https:\/\/all-car-news.com\/fr\/#website"},"datePublished":"2022-12-23T11:55:39+00:00","dateModified":"2022-12-23T11:55:39+00:00","breadcrumb":{"@id":"https:\/\/all-car-news.com\/fr\/utrecht-supprime-le-stationnement-gratuit-les-jours-feries-non-inclusif\/#breadcrumb"},"inLanguage":"fr-FR","potentialAction":[{"@type":"ReadAction","target":["https:\/\/all-car-news.com\/fr\/utrecht-supprime-le-stationnement-gratuit-les-jours-feries-non-inclusif\/"]}]},{"@type":"BreadcrumbList","@id":"https:\/\/all-car-news.com\/fr\/utrecht-supprime-le-stationnement-gratuit-les-jours-feries-non-inclusif\/#breadcrumb","itemListElement":[{"@type":"ListItem","position":1,"name":"Home","item":"https:\/\/all-car-news.com\/fr\/"},{"@type":"ListItem","position":2,"name":"Utrecht supprime le stationnement gratuit les jours f\u00e9ri\u00e9s, \u00ab\u00a0non inclusif\u00a0\u00bb."}]},{"@type":"WebSite","@id":"https:\/\/all-car-news.com\/fr\/#website","url":"https:\/\/all-car-news.com\/fr\/","name":"All cars news","description":"","publisher":{"@id":"https:\/\/all-car-news.com\/fr\/#organization"},"potentialAction":[{"@type":"SearchAction","target":{"@type":"EntryPoint","urlTemplate":"https:\/\/all-car-news.com\/fr\/?s={search_term_string}"},"query-input":"required name=search_term_string"}],"inLanguage":"fr-FR"},{"@type":"Organization","@id":"https:\/\/all-car-news.com\/fr\/#organization","name":"All cars news","url":"https:\/\/all-car-news.com\/fr\/","logo":{"@type":"ImageObject","inLanguage":"fr-FR","@id":"https:\/\/all-car-news.com\/fr\/#\/schema\/logo\/image\/","url":"https:\/\/all-car-news.com\/wp-content\/uploads\/2022\/02\/CMYK-AllCarNews_LANDSCAPE_300px-1.png","contentUrl":"https:\/\/all-car-news.com\/wp-content\/uploads\/2022\/02\/CMYK-AllCarNews_LANDSCAPE_300px-1.png","width":300,"height":100,"caption":"All cars news"},"image":{"@id":"https:\/\/all-car-news.com\/fr\/#\/schema\/logo\/image\/"}}]}},"_links":{"self":[{"href":"https:\/\/all-car-news.com\/fr\/wp-json\/wp\/v2\/posts\/129168","targetHints":{"allow":["GET"]}}],"collection":[{"href":"https:\/\/all-car-news.com\/fr\/wp-json\/wp\/v2\/posts"}],"about":[{"href":"https:\/\/all-car-news.com\/fr\/wp-json\/wp\/v2\/types\/post"}],"replies":[{"embeddable":true,"href":"https:\/\/all-car-news.com\/fr\/wp-json\/wp\/v2\/comments?post=129168"}],"version-history":[{"count":0,"href":"https:\/\/all-car-news.com\/fr\/wp-json\/wp\/v2\/posts\/129168\/revisions"}],"wp:featuredmedia":[{"embeddable":true,"href":"https:\/\/all-car-news.com\/fr\/wp-json\/wp\/v2\/media\/129116"}],"wp:attachment":[{"href":"https:\/\/all-car-news.com\/fr\/wp-json\/wp\/v2\/media?parent=129168"}],"wp:term":[{"taxonomy":"category","embeddable":true,"href":"https:\/\/all-car-news.com\/fr\/wp-json\/wp\/v2\/categories?post=129168"},{"taxonomy":"post_tag","embeddable":true,"href":"https:\/\/all-car-news.com\/fr\/wp-json\/wp\/v2\/tags?post=129168"}],"curies":[{"name":"wp","href":"https:\/\/api.w.org\/{rel}","templated":true}]}}