{"id":128994,"date":"2022-12-20T17:54:11","date_gmt":"2022-12-20T17:54:11","guid":{"rendered":"https:\/\/all-car-news.com\/astuce-il-y-a-une-autre-ktm-brabus-1300-r-a-vendre\/"},"modified":"2022-12-20T17:54:11","modified_gmt":"2022-12-20T17:54:11","slug":"astuce-il-y-a-une-autre-ktm-brabus-1300-r-a-vendre","status":"publish","type":"post","link":"https:\/\/all-car-news.com\/fr\/astuce-il-y-a-une-autre-ktm-brabus-1300-r-a-vendre\/","title":{"rendered":"Astuce ! Il y a une autre KTM Brabus 1300 R \u00e0 vendre."},"content":{"rendered":"<p>En 1 minute et 55 secondes, toutes les KTM Brabus 1300 R ont \u00e9t\u00e9 vendues en f\u00e9vrier. Beaucoup de fans avaient apparemment litt\u00e9ralement le doigt sur le bouton de commande de pr\u00e9commande. Vous avez pu choisir entre 77 exemplaires en livr\u00e9e Rouge Magma et 77 exemplaires en livr\u00e9e Noir Signature.<\/p>\n<p><img decoding=\"async\" loading=\"lazy\" width=\"1024\" height=\"768\" class=\"alignnone size-full wp-image-26516\" src=\"https:\/\/motorrai.nl\/wp-content\/uploads\/2022\/12\/12MRVJ_1_1.jpg\" alt=\"\"><\/p>\n<h2>Nouvelle KTM Brabus 1300 R avec certificats<\/h2>\n<p>L&rsquo;une de ces cr\u00e9ations \u00e0 deux roues du constructeur de motos KTM et de la soci\u00e9t\u00e9 de tuning allemande Brabus est d\u00e9sormais en vente aux Pays-Bas. La KTM Brabus 1300 R Signature Black est expos\u00e9e toute neuve dans le showroom de <a href=\"https:\/\/www.cortenraadautos.nl\/occasions\/ktm\/brabus-1300-r\/one-of-77-new-with-all-official-documents_occasion_12-mr-vj-locatie-margraten\/benzine\/1477848\">Bosch Car Service Cortenraad<\/a> \u00e0 Margraten. Il est accompagn\u00e9 de tous les certificats officiels du fabricant. Alors peut-\u00eatre qu&rsquo;apr\u00e8s avoir lu ce billet, vous devriez r\u00e9agir rapidement.<\/p>\n<h2>Une moto exotique \u00e0 un prix tout aussi exotique<\/h2>\n<p>D&rsquo;accord, le prix est \u00e9lev\u00e9. Il y a donc un peu moins de temp\u00eate qu&rsquo;en f\u00e9vrier. Le prix de celui de Margraten s&rsquo;\u00e9l\u00e8ve \u00e0 59 500 euros. \u00c0 l&rsquo;\u00e9poque, vous l&rsquo;avez achet\u00e9 \u00e0 l&rsquo;usine pour 39 950 euros. Cependant, c&rsquo;\u00e9tait sans les taxes. La KTM Brabus 1300 R propos\u00e9e par Bosch Car Service Cortenraad est immatricul\u00e9e aux Pays-Bas et le prix indiqu\u00e9 comprend donc la TVA et le BPM.<\/p>\n<div class=\"galery galery-26515\">\n<figure>\n\t\t\t<a href=\"https:\/\/motorrai.nl\/wp-content\/uploads\/2022\/12\/12MRVJ_7_1.jpg\" data-fancybox=\"galery-26515\" title=\"\"><br \/>\n\t\t\t\t<img decoding=\"async\" src=\"https:\/\/motorrai.nl\/wp-content\/uploads\/2022\/12\/12MRVJ_7_1-360x270.jpg\" alt=\"\"><i class=\"fa fa-search-plus\" aria-hidden=\"true\"><\/i><br \/>\n\t\t\t<\/a><br \/>\n\t\t<\/figure>\n<figure>\n\t\t\t<a href=\"https:\/\/motorrai.nl\/wp-content\/uploads\/2022\/12\/12MRVJ_6_1.jpg\" data-fancybox=\"galery-26515\" title=\"\"><br \/>\n\t\t\t\t<img decoding=\"async\" src=\"https:\/\/motorrai.nl\/wp-content\/uploads\/2022\/12\/12MRVJ_6_1-360x270.jpg\" alt=\"\"><i class=\"fa fa-search-plus\" aria-hidden=\"true\"><\/i><br \/>\n\t\t\t<\/a><br \/>\n\t\t<\/figure>\n<figure>\n\t\t\t<a href=\"https:\/\/motorrai.nl\/wp-content\/uploads\/2022\/12\/12MRVJ_3_1.jpg\" data-fancybox=\"galery-26515\" title=\"\"><br \/>\n\t\t\t\t<img decoding=\"async\" src=\"https:\/\/motorrai.nl\/wp-content\/uploads\/2022\/12\/12MRVJ_3_1-360x270.jpg\" alt=\"\"><i class=\"fa fa-search-plus\" aria-hidden=\"true\"><\/i><br \/>\n\t\t\t<\/a><br \/>\n\t\t<\/figure>\n<figure>\n\t\t\t<a href=\"https:\/\/motorrai.nl\/wp-content\/uploads\/2022\/12\/12MRVJ_2_1.jpg\" data-fancybox=\"galery-26515\" title=\"\"><br \/>\n\t\t\t\t<img decoding=\"async\" src=\"https:\/\/motorrai.nl\/wp-content\/uploads\/2022\/12\/12MRVJ_2_1-360x270.jpg\" alt=\"\"><i class=\"fa fa-search-plus\" aria-hidden=\"true\"><\/i><br \/>\n\t\t\t<\/a><br \/>\n\t\t<\/figure>\n<div class=\"clear\"><\/div>\n<\/div>\n<h2>Bas\u00e9 sur la KTM Super Duke R Evo<\/h2>\n<p>La KTM Brabus 1300 R est bas\u00e9e sur la KTM Super Duke R Evo. Le bloc de 1 301 cm3 d\u00e9livre 132 kW (179 ch) et 140 Nm de couple. Le cadre, le bras oscillant, le syst\u00e8me de freinage, la suspension \u00e9lectronique WP Apex, le syst\u00e8me d&rsquo;\u00e9chappement, la crosse et le r\u00e9servoir de carburant sont similaires au mod\u00e8le KTM. Les panneaux en partie en fibre de carbone autour du r\u00e9servoir sont diff\u00e9rents, tout comme les jantes (\u00e0 neuf branches), les tuyaux d&rsquo;\u00e9chappement, le garde-boue avant, le phare rond unique et les pi\u00e8ces du car\u00e9nage qui l&rsquo;entourent.<\/p>\n<h2>De nombreux d\u00e9tails<\/h2>\n<p>La sellerie rouge du si\u00e8ge, sa forme et les nombreux composants en carbone et en aluminium frais\u00e9 sont \u00e9galement uniques et en partie dot\u00e9s d&rsquo;une signature Brabus. En gros, vous voyez une moto bestiale et brutale et vous y reconnaissez clairement la main de Brabus. Il suffit de jeter un coup d&rsquo;\u0153il \u00e0 la Mercedes-Benz Brabus 600 bas\u00e9e sur le 4\u00d74 tout-terrain de la Classe G de Mercedes.<\/p>\n<div class=\"galery galery-26515\">\n<figure>\n\t\t\t<a href=\"https:\/\/motorrai.nl\/wp-content\/uploads\/2022\/12\/BRABUS-1300-R-06-1024x576-1.webp\" data-fancybox=\"galery-26515\" title=\"\"><br \/>\n\t\t\t\t<img decoding=\"async\" src=\"https:\/\/motorrai.nl\/wp-content\/uploads\/2022\/12\/BRABUS-1300-R-06-1024x576-1-360x270.webp\" alt=\"\"><i class=\"fa fa-search-plus\" aria-hidden=\"true\"><\/i><br \/>\n\t\t\t<\/a><br \/>\n\t\t<\/figure>\n<figure>\n\t\t\t<a href=\"https:\/\/motorrai.nl\/wp-content\/uploads\/2022\/12\/12MRVJ_26_1.jpg\" data-fancybox=\"galery-26515\" title=\"\"><br \/>\n\t\t\t\t<img decoding=\"async\" src=\"https:\/\/motorrai.nl\/wp-content\/uploads\/2022\/12\/12MRVJ_26_1-360x270.jpg\" alt=\"\"><i class=\"fa fa-search-plus\" aria-hidden=\"true\"><\/i><br \/>\n\t\t\t<\/a><br \/>\n\t\t<\/figure>\n<figure>\n\t\t\t<a href=\"https:\/\/motorrai.nl\/wp-content\/uploads\/2022\/12\/12MRVJ_24_1.jpg\" data-fancybox=\"galery-26515\" title=\"\"><br \/>\n\t\t\t\t<img decoding=\"async\" src=\"https:\/\/motorrai.nl\/wp-content\/uploads\/2022\/12\/12MRVJ_24_1-360x270.jpg\" alt=\"\"><i class=\"fa fa-search-plus\" aria-hidden=\"true\"><\/i><br \/>\n\t\t\t<\/a><br \/>\n\t\t<\/figure>\n<figure>\n\t\t\t<a href=\"https:\/\/motorrai.nl\/wp-content\/uploads\/2022\/12\/12MRVJ_23_1.jpg\" data-fancybox=\"galery-26515\" title=\"\"><br \/>\n\t\t\t\t<img decoding=\"async\" src=\"https:\/\/motorrai.nl\/wp-content\/uploads\/2022\/12\/12MRVJ_23_1-360x270.jpg\" alt=\"\"><i class=\"fa fa-search-plus\" aria-hidden=\"true\"><\/i><br \/>\n\t\t\t<\/a><br \/>\n\t\t<\/figure>\n<figure>\n\t\t\t<a href=\"https:\/\/motorrai.nl\/wp-content\/uploads\/2022\/12\/12MRVJ_21_1.jpg\" data-fancybox=\"galery-26515\" title=\"\"><br \/>\n\t\t\t\t<img decoding=\"async\" src=\"https:\/\/motorrai.nl\/wp-content\/uploads\/2022\/12\/12MRVJ_21_1-360x270.jpg\" alt=\"\"><i class=\"fa fa-search-plus\" aria-hidden=\"true\"><\/i><br \/>\n\t\t\t<\/a><br \/>\n\t\t<\/figure>\n<figure>\n\t\t\t<a href=\"https:\/\/motorrai.nl\/wp-content\/uploads\/2022\/12\/12MRVJ_19_1.jpg\" data-fancybox=\"galery-26515\" title=\"\"><br \/>\n\t\t\t\t<img decoding=\"async\" src=\"https:\/\/motorrai.nl\/wp-content\/uploads\/2022\/12\/12MRVJ_19_1-360x270.jpg\" alt=\"\"><i class=\"fa fa-search-plus\" aria-hidden=\"true\"><\/i><br \/>\n\t\t\t<\/a><br \/>\n\t\t<\/figure>\n<figure>\n\t\t\t<a href=\"https:\/\/motorrai.nl\/wp-content\/uploads\/2022\/12\/12MRVJ_18_1.jpg\" data-fancybox=\"galery-26515\" title=\"\"><br \/>\n\t\t\t\t<img decoding=\"async\" src=\"https:\/\/motorrai.nl\/wp-content\/uploads\/2022\/12\/12MRVJ_18_1-360x270.jpg\" alt=\"\"><i class=\"fa fa-search-plus\" aria-hidden=\"true\"><\/i><br \/>\n\t\t\t<\/a><br \/>\n\t\t<\/figure>\n<figure>\n\t\t\t<a href=\"https:\/\/motorrai.nl\/wp-content\/uploads\/2022\/12\/12MRVJ_16_1.jpg\" data-fancybox=\"galery-26515\" title=\"\"><br \/>\n\t\t\t\t<img decoding=\"async\" src=\"https:\/\/motorrai.nl\/wp-content\/uploads\/2022\/12\/12MRVJ_16_1-360x270.jpg\" alt=\"\"><i class=\"fa fa-search-plus\" aria-hidden=\"true\"><\/i><br \/>\n\t\t\t<\/a><br \/>\n\t\t<\/figure>\n<figure>\n\t\t\t<a href=\"https:\/\/motorrai.nl\/wp-content\/uploads\/2022\/12\/12MRVJ_14_1.jpg\" data-fancybox=\"galery-26515\" title=\"\"><br \/>\n\t\t\t\t<img decoding=\"async\" src=\"https:\/\/motorrai.nl\/wp-content\/uploads\/2022\/12\/12MRVJ_14_1-360x270.jpg\" alt=\"\"><i class=\"fa fa-search-plus\" aria-hidden=\"true\"><\/i><br \/>\n\t\t\t<\/a><br \/>\n\t\t<\/figure>\n<figure>\n\t\t\t<a href=\"https:\/\/motorrai.nl\/wp-content\/uploads\/2022\/12\/12MRVJ_12_1.jpg\" data-fancybox=\"galery-26515\" title=\"\"><br \/>\n\t\t\t\t<img decoding=\"async\" src=\"https:\/\/motorrai.nl\/wp-content\/uploads\/2022\/12\/12MRVJ_12_1-360x270.jpg\" alt=\"\"><i class=\"fa fa-search-plus\" aria-hidden=\"true\"><\/i><br \/>\n\t\t\t<\/a><br \/>\n\t\t<\/figure>\n<figure>\n\t\t\t<a href=\"https:\/\/motorrai.nl\/wp-content\/uploads\/2022\/12\/12MRVJ_9_1.jpg\" data-fancybox=\"galery-26515\" title=\"\"><br \/>\n\t\t\t\t<img decoding=\"async\" src=\"https:\/\/motorrai.nl\/wp-content\/uploads\/2022\/12\/12MRVJ_9_1-360x270.jpg\" alt=\"\"><i class=\"fa fa-search-plus\" aria-hidden=\"true\"><\/i><br \/>\n\t\t\t<\/a><br \/>\n\t\t<\/figure>\n<div class=\"clear\"><\/div>\n<\/div>\n<p>&nbsp;<\/p>\n<p>&nbsp;<\/p>\n","protected":false},"excerpt":{"rendered":"En 1 minute et 55 secondes, toutes les KTM Brabus 1300 R ont \u00e9t\u00e9 vendues en f\u00e9vrier. Beaucoup de fans\u2026","protected":false},"author":0,"featured_media":128954,"comment_status":"open","ping_status":"open","sticky":false,"template":"","format":"standard","meta":{"footnotes":""},"categories":[127],"tags":[],"class_list":["post-128994","post","type-post","status-publish","format-standard","has-post-thumbnail","hentry","category-nouvelles-de-voiture"],"acf":[],"yoast_head":"<!-- This site is optimized with the Yoast SEO plugin v21.2 - https:\/\/yoast.com\/wordpress\/plugins\/seo\/ -->\n<title>Astuce ! Il y a une autre KTM Brabus 1300 R \u00e0 vendre. - All cars news<\/title>\n<meta name=\"robots\" content=\"index, follow, max-snippet:-1, max-image-preview:large, max-video-preview:-1\" \/>\n<link rel=\"canonical\" href=\"https:\/\/all-car-news.com\/fr\/astuce-il-y-a-une-autre-ktm-brabus-1300-r-a-vendre\/\" \/>\n<meta property=\"og:locale\" content=\"fr_FR\" \/>\n<meta property=\"og:type\" content=\"article\" \/>\n<meta property=\"og:title\" content=\"Astuce ! Il y a une autre KTM Brabus 1300 R \u00e0 vendre. - All cars news\" \/>\n<meta property=\"og:description\" content=\"En 1 minute et 55 secondes, toutes les KTM Brabus 1300 R ont \u00e9t\u00e9 vendues en f\u00e9vrier. Beaucoup de fans avaient apparemment litt\u00e9ralement le doigt sur le bouton de commande de pr\u00e9commande. Vous avez pu choisir entre 77 unit\u00e9s en livr\u00e9e Rouge Magma et 77 unit\u00e9s en livr\u00e9e Noir Signature. Nouvelle KTM Brabus 1300 R avec certificats A [...]\" \/>\n<meta property=\"og:url\" content=\"https:\/\/all-car-news.com\/fr\/astuce-il-y-a-une-autre-ktm-brabus-1300-r-a-vendre\/\" \/>\n<meta property=\"og:site_name\" content=\"All cars news\" \/>\n<meta property=\"article:published_time\" content=\"2022-12-20T17:54:11+00:00\" \/>\n<meta property=\"og:image\" content=\"https:\/\/motorrai.nl\/wp-content\/uploads\/2022\/12\/12MRVJ_1_1.jpg\" \/>\n<meta name=\"twitter:card\" content=\"summary_large_image\" \/>\n<meta name=\"twitter:label1\" content=\"Dur\u00e9e de lecture estim\u00e9e\" \/>\n\t<meta name=\"twitter:data1\" content=\"2 minutes\" \/>\n<script type=\"application\/ld+json\" class=\"yoast-schema-graph\">{\"@context\":\"https:\/\/schema.org\",\"@graph\":[{\"@type\":\"Article\",\"@id\":\"https:\/\/all-car-news.com\/fr\/astuce-il-y-a-une-autre-ktm-brabus-1300-r-a-vendre\/#article\",\"isPartOf\":{\"@id\":\"https:\/\/all-car-news.com\/fr\/astuce-il-y-a-une-autre-ktm-brabus-1300-r-a-vendre\/\"},\"author\":{\"name\":\"\",\"@id\":\"\"},\"headline\":\"Astuce ! Il y a une autre KTM Brabus 1300 R \u00e0 vendre.\",\"datePublished\":\"2022-12-20T17:54:11+00:00\",\"dateModified\":\"2022-12-20T17:54:11+00:00\",\"mainEntityOfPage\":{\"@id\":\"https:\/\/all-car-news.com\/fr\/astuce-il-y-a-une-autre-ktm-brabus-1300-r-a-vendre\/\"},\"wordCount\":399,\"commentCount\":0,\"publisher\":{\"@id\":\"https:\/\/all-car-news.com\/fr\/#organization\"},\"articleSection\":[\"nouvelles de voiture\"],\"inLanguage\":\"fr-FR\",\"potentialAction\":[{\"@type\":\"CommentAction\",\"name\":\"Comment\",\"target\":[\"https:\/\/all-car-news.com\/fr\/astuce-il-y-a-une-autre-ktm-brabus-1300-r-a-vendre\/#respond\"]}]},{\"@type\":\"WebPage\",\"@id\":\"https:\/\/all-car-news.com\/fr\/astuce-il-y-a-une-autre-ktm-brabus-1300-r-a-vendre\/\",\"url\":\"https:\/\/all-car-news.com\/fr\/astuce-il-y-a-une-autre-ktm-brabus-1300-r-a-vendre\/\",\"name\":\"Astuce ! Il y a une autre KTM Brabus 1300 R \u00e0 vendre. - All cars news\",\"isPartOf\":{\"@id\":\"https:\/\/all-car-news.com\/fr\/#website\"},\"datePublished\":\"2022-12-20T17:54:11+00:00\",\"dateModified\":\"2022-12-20T17:54:11+00:00\",\"breadcrumb\":{\"@id\":\"https:\/\/all-car-news.com\/fr\/astuce-il-y-a-une-autre-ktm-brabus-1300-r-a-vendre\/#breadcrumb\"},\"inLanguage\":\"fr-FR\",\"potentialAction\":[{\"@type\":\"ReadAction\",\"target\":[\"https:\/\/all-car-news.com\/fr\/astuce-il-y-a-une-autre-ktm-brabus-1300-r-a-vendre\/\"]}]},{\"@type\":\"BreadcrumbList\",\"@id\":\"https:\/\/all-car-news.com\/fr\/astuce-il-y-a-une-autre-ktm-brabus-1300-r-a-vendre\/#breadcrumb\",\"itemListElement\":[{\"@type\":\"ListItem\",\"position\":1,\"name\":\"Home\",\"item\":\"https:\/\/all-car-news.com\/fr\/\"},{\"@type\":\"ListItem\",\"position\":2,\"name\":\"Astuce ! Il y a une autre KTM Brabus 1300 R \u00e0 vendre.\"}]},{\"@type\":\"WebSite\",\"@id\":\"https:\/\/all-car-news.com\/fr\/#website\",\"url\":\"https:\/\/all-car-news.com\/fr\/\",\"name\":\"All cars news\",\"description\":\"\",\"publisher\":{\"@id\":\"https:\/\/all-car-news.com\/fr\/#organization\"},\"potentialAction\":[{\"@type\":\"SearchAction\",\"target\":{\"@type\":\"EntryPoint\",\"urlTemplate\":\"https:\/\/all-car-news.com\/fr\/?s={search_term_string}\"},\"query-input\":\"required name=search_term_string\"}],\"inLanguage\":\"fr-FR\"},{\"@type\":\"Organization\",\"@id\":\"https:\/\/all-car-news.com\/fr\/#organization\",\"name\":\"All cars news\",\"url\":\"https:\/\/all-car-news.com\/fr\/\",\"logo\":{\"@type\":\"ImageObject\",\"inLanguage\":\"fr-FR\",\"@id\":\"https:\/\/all-car-news.com\/fr\/#\/schema\/logo\/image\/\",\"url\":\"https:\/\/all-car-news.com\/wp-content\/uploads\/2022\/02\/CMYK-AllCarNews_LANDSCAPE_300px-1.png\",\"contentUrl\":\"https:\/\/all-car-news.com\/wp-content\/uploads\/2022\/02\/CMYK-AllCarNews_LANDSCAPE_300px-1.png\",\"width\":300,\"height\":100,\"caption\":\"All cars news\"},\"image\":{\"@id\":\"https:\/\/all-car-news.com\/fr\/#\/schema\/logo\/image\/\"}}]}<\/script>\n<!-- \/ Yoast SEO plugin. -->","yoast_head_json":{"title":"Astuce ! Il y a une autre KTM Brabus 1300 R \u00e0 vendre. - All cars news","robots":{"index":"index","follow":"follow","max-snippet":"max-snippet:-1","max-image-preview":"max-image-preview:large","max-video-preview":"max-video-preview:-1"},"canonical":"https:\/\/all-car-news.com\/fr\/astuce-il-y-a-une-autre-ktm-brabus-1300-r-a-vendre\/","og_locale":"fr_FR","og_type":"article","og_title":"Astuce ! Il y a une autre KTM Brabus 1300 R \u00e0 vendre. - All cars news","og_description":"En 1 minute et 55 secondes, toutes les KTM Brabus 1300 R ont \u00e9t\u00e9 vendues en f\u00e9vrier. Beaucoup de fans avaient apparemment litt\u00e9ralement le doigt sur le bouton de commande de pr\u00e9commande. Vous avez pu choisir entre 77 unit\u00e9s en livr\u00e9e Rouge Magma et 77 unit\u00e9s en livr\u00e9e Noir Signature. Nouvelle KTM Brabus 1300 R avec certificats A [...]","og_url":"https:\/\/all-car-news.com\/fr\/astuce-il-y-a-une-autre-ktm-brabus-1300-r-a-vendre\/","og_site_name":"All cars news","article_published_time":"2022-12-20T17:54:11+00:00","og_image":[{"url":"https:\/\/motorrai.nl\/wp-content\/uploads\/2022\/12\/12MRVJ_1_1.jpg"}],"twitter_card":"summary_large_image","twitter_misc":{"Dur\u00e9e de lecture estim\u00e9e":"2 minutes"},"schema":{"@context":"https:\/\/schema.org","@graph":[{"@type":"Article","@id":"https:\/\/all-car-news.com\/fr\/astuce-il-y-a-une-autre-ktm-brabus-1300-r-a-vendre\/#article","isPartOf":{"@id":"https:\/\/all-car-news.com\/fr\/astuce-il-y-a-une-autre-ktm-brabus-1300-r-a-vendre\/"},"author":{"name":"","@id":""},"headline":"Astuce ! Il y a une autre KTM Brabus 1300 R \u00e0 vendre.","datePublished":"2022-12-20T17:54:11+00:00","dateModified":"2022-12-20T17:54:11+00:00","mainEntityOfPage":{"@id":"https:\/\/all-car-news.com\/fr\/astuce-il-y-a-une-autre-ktm-brabus-1300-r-a-vendre\/"},"wordCount":399,"commentCount":0,"publisher":{"@id":"https:\/\/all-car-news.com\/fr\/#organization"},"articleSection":["nouvelles de voiture"],"inLanguage":"fr-FR","potentialAction":[{"@type":"CommentAction","name":"Comment","target":["https:\/\/all-car-news.com\/fr\/astuce-il-y-a-une-autre-ktm-brabus-1300-r-a-vendre\/#respond"]}]},{"@type":"WebPage","@id":"https:\/\/all-car-news.com\/fr\/astuce-il-y-a-une-autre-ktm-brabus-1300-r-a-vendre\/","url":"https:\/\/all-car-news.com\/fr\/astuce-il-y-a-une-autre-ktm-brabus-1300-r-a-vendre\/","name":"Astuce ! Il y a une autre KTM Brabus 1300 R \u00e0 vendre. - All cars news","isPartOf":{"@id":"https:\/\/all-car-news.com\/fr\/#website"},"datePublished":"2022-12-20T17:54:11+00:00","dateModified":"2022-12-20T17:54:11+00:00","breadcrumb":{"@id":"https:\/\/all-car-news.com\/fr\/astuce-il-y-a-une-autre-ktm-brabus-1300-r-a-vendre\/#breadcrumb"},"inLanguage":"fr-FR","potentialAction":[{"@type":"ReadAction","target":["https:\/\/all-car-news.com\/fr\/astuce-il-y-a-une-autre-ktm-brabus-1300-r-a-vendre\/"]}]},{"@type":"BreadcrumbList","@id":"https:\/\/all-car-news.com\/fr\/astuce-il-y-a-une-autre-ktm-brabus-1300-r-a-vendre\/#breadcrumb","itemListElement":[{"@type":"ListItem","position":1,"name":"Home","item":"https:\/\/all-car-news.com\/fr\/"},{"@type":"ListItem","position":2,"name":"Astuce ! Il y a une autre KTM Brabus 1300 R \u00e0 vendre."}]},{"@type":"WebSite","@id":"https:\/\/all-car-news.com\/fr\/#website","url":"https:\/\/all-car-news.com\/fr\/","name":"All cars news","description":"","publisher":{"@id":"https:\/\/all-car-news.com\/fr\/#organization"},"potentialAction":[{"@type":"SearchAction","target":{"@type":"EntryPoint","urlTemplate":"https:\/\/all-car-news.com\/fr\/?s={search_term_string}"},"query-input":"required name=search_term_string"}],"inLanguage":"fr-FR"},{"@type":"Organization","@id":"https:\/\/all-car-news.com\/fr\/#organization","name":"All cars news","url":"https:\/\/all-car-news.com\/fr\/","logo":{"@type":"ImageObject","inLanguage":"fr-FR","@id":"https:\/\/all-car-news.com\/fr\/#\/schema\/logo\/image\/","url":"https:\/\/all-car-news.com\/wp-content\/uploads\/2022\/02\/CMYK-AllCarNews_LANDSCAPE_300px-1.png","contentUrl":"https:\/\/all-car-news.com\/wp-content\/uploads\/2022\/02\/CMYK-AllCarNews_LANDSCAPE_300px-1.png","width":300,"height":100,"caption":"All cars news"},"image":{"@id":"https:\/\/all-car-news.com\/fr\/#\/schema\/logo\/image\/"}}]}},"_links":{"self":[{"href":"https:\/\/all-car-news.com\/fr\/wp-json\/wp\/v2\/posts\/128994","targetHints":{"allow":["GET"]}}],"collection":[{"href":"https:\/\/all-car-news.com\/fr\/wp-json\/wp\/v2\/posts"}],"about":[{"href":"https:\/\/all-car-news.com\/fr\/wp-json\/wp\/v2\/types\/post"}],"replies":[{"embeddable":true,"href":"https:\/\/all-car-news.com\/fr\/wp-json\/wp\/v2\/comments?post=128994"}],"version-history":[{"count":0,"href":"https:\/\/all-car-news.com\/fr\/wp-json\/wp\/v2\/posts\/128994\/revisions"}],"wp:featuredmedia":[{"embeddable":true,"href":"https:\/\/all-car-news.com\/fr\/wp-json\/wp\/v2\/media\/128954"}],"wp:attachment":[{"href":"https:\/\/all-car-news.com\/fr\/wp-json\/wp\/v2\/media?parent=128994"}],"wp:term":[{"taxonomy":"category","embeddable":true,"href":"https:\/\/all-car-news.com\/fr\/wp-json\/wp\/v2\/categories?post=128994"},{"taxonomy":"post_tag","embeddable":true,"href":"https:\/\/all-car-news.com\/fr\/wp-json\/wp\/v2\/tags?post=128994"}],"curies":[{"name":"wp","href":"https:\/\/api.w.org\/{rel}","templated":true}]}}