{"id":128921,"date":"2022-12-19T15:03:51","date_gmt":"2022-12-19T15:03:51","guid":{"rendered":"https:\/\/all-car-news.com\/humour-bmw-construit-la-plus-grande-calandre-jamais-vue\/"},"modified":"2022-12-19T15:03:51","modified_gmt":"2022-12-19T15:03:51","slug":"humour-bmw-construit-la-plus-grande-calandre-jamais-vue","status":"publish","type":"post","link":"https:\/\/all-car-news.com\/fr\/humour-bmw-construit-la-plus-grande-calandre-jamais-vue\/","title":{"rendered":"Humour : BMW construit la plus grande calandre jamais vue"},"content":{"rendered":"<h2>BMW M3 G80<\/h2>\n<p>Certains passionn\u00e9s de BMW ont d\u00fb d\u00e9chanter lorsque la marque a tir\u00e9 le rideau sur les M3 et M4 de g\u00e9n\u00e9ration actuelle en septembre 2020. La calandre r\u00e9nale s&rsquo;est av\u00e9r\u00e9e \u00eatre \u00e9norme. Mais ce n&rsquo;\u00e9tait que le d\u00e9but. Les mod\u00e8les BMW introduits par la suite avaient des narines encore plus grandes. Pensez \u00e0 la BMW iX, \u00e0 la nouvelle S\u00e9rie 7 et \u00e0 la XM. Mais il peut toujours \u00eatre encore plus grand.<\/p>\n<figure class=\"wp-block-image size-content\"><img decoding=\"async\" loading=\"lazy\" width=\"1140\" height=\"855\" src=\"https:\/\/autorai.nl\/wp-content\/uploads\/2021\/10\/BMW-M3-Competition-2021-autotest-FOTO-005-1140x855.jpg\" alt=\"\" class=\"wp-image-110667\"><\/figure>\n<h2>Humour<\/h2>\n<p>En effet, <a href=\"https:\/\/autorai.nl\/justitie-pakt-bmw-cabrio-van-sywert-van-lienden-af\/\">BMW<\/a> est bien conscient que des plaisanteries sont parfois faites sur la partie avant de certains nouveaux mod\u00e8les. En tant que marque, vous pouvez alors bouder en col\u00e8re dans un coin, ou vous pouvez accepter la plaisanterie. Les Allemands ne sont pas connus pour leur humour, mais nous pouvons rire du coup d&rsquo;\u00e9clat de BMW au Japon.<\/p>\n<h2>Grande calandre r\u00e9nale<\/h2>\n<p>Au Salon de l&rsquo;auto de Tokyo, le constructeur automobile a plac\u00e9 une calandre d&rsquo;un m\u00e8tre de haut sur son stand. Et nous voulons vraiment dire des m\u00e8tres de haut. Les dimensions de la grille ne sont pas connues, mais elle semble mesurer au moins quatre m\u00e8tres de haut. La calandre &#8211; que nous avons rebaptis\u00e9e Grillezilla &#8211; est peut-\u00eatre gigantesque, mais elle est autrement une copie exacte d&rsquo;une calandre de M3. Dans le coin sup\u00e9rieur droit se trouve le badge M3 et, en dessous, on trouve m\u00eame un capteur de stationnement.<\/p>\n<figure class=\"wp-block-image size-content\"><img decoding=\"async\" loading=\"lazy\" width=\"1140\" height=\"641\" src=\"https:\/\/autorai.nl\/wp-content\/uploads\/2022\/12\/BMW-Grille-1-1140x641.jpg\" alt=\"\" class=\"wp-image-143245\"><\/figure>\n<h2>Salon de l&rsquo;auto de Tokyo<\/h2>\n<p>Le Tokyo Auto Salon existe depuis 1983 et est l&rsquo;un des plus grands salons automobiles du Japon. Le salon ne s&rsquo;adresse pas aux amateurs de voitures grand public, mais aux fans de course et de tuning. Le stand BWM pr\u00e9sentera donc une BMW M4 GT3 qui a gagn\u00e9 au circuit de Suzuka dans la classe GT3000 de la s\u00e9rie Super GT 2022 d&rsquo;Autobacks, une <a href=\"https:\/\/youtu.be\/hHGvFSBeKd0\">BMW M3<\/a> Sedan Competition M xDrive, une BMW M240i xDrive avec des pi\u00e8ces M Performance et un nouveau mod\u00e8le sera pr\u00e9sent\u00e9. On ne sait pas encore s&rsquo;il s&rsquo;agira d&rsquo;un mod\u00e8le enti\u00e8rement nouveau ou d&rsquo;une version japonaise sp\u00e9ciale d&rsquo;un mod\u00e8le existant. Quelle qu&rsquo;elle soit, on peut se demander si elle attirera davantage l&rsquo;attention sur le stand que la calandre haute d&rsquo;un m\u00e8tre.<\/p>\n<figure class=\"wp-block-embed is-type-video is-provider-youtube wp-block-embed-youtube wp-embed-aspect-16-9 wp-has-aspect-ratio\">\n<div class=\"wp-block-embed__wrapper\">\n<\/div>\n<\/figure>\n","protected":false},"excerpt":{"rendered":"BMW M3 G80 Certains amateurs de BMW ont d\u00fb d\u00e9chanter lorsque la marque a tir\u00e9 le rideau sur la g\u00e9n\u00e9ration\u2026","protected":false},"author":0,"featured_media":128897,"comment_status":"open","ping_status":"open","sticky":false,"template":"","format":"standard","meta":{"footnotes":""},"categories":[131,139],"tags":[],"class_list":["post-128921","post","type-post","status-publish","format-standard","has-post-thumbnail","hentry","category-fond","category-style-de-vie-et-plaisir"],"acf":[],"yoast_head":"<!-- This site is optimized with the Yoast SEO plugin v21.2 - https:\/\/yoast.com\/wordpress\/plugins\/seo\/ -->\n<title>Humour : BMW construit la plus grande calandre jamais vue - All cars news<\/title>\n<meta name=\"robots\" content=\"index, follow, max-snippet:-1, max-image-preview:large, max-video-preview:-1\" \/>\n<link rel=\"canonical\" href=\"https:\/\/all-car-news.com\/fr\/humour-bmw-construit-la-plus-grande-calandre-jamais-vue\/\" \/>\n<meta property=\"og:locale\" content=\"fr_FR\" \/>\n<meta property=\"og:type\" content=\"article\" \/>\n<meta property=\"og:title\" content=\"Humour : BMW construit la plus grande calandre jamais vue - All cars news\" \/>\n<meta property=\"og:description\" content=\"BMW M3 G80 Certains amateurs de BMW ont d\u00fb d\u00e9chanter lorsque la marque a tir\u00e9 le rideau sur la g\u00e9n\u00e9ration actuelle des M3 et M4 en septembre 2020. La calandre r\u00e9nale s&#039;est av\u00e9r\u00e9e \u00eatre \u00e9norme. Mais ce n&#039;\u00e9tait que le d\u00e9but. Les mod\u00e8les BMW introduits par la suite avaient des narines encore plus grandes. Pensez \u00e0 la BMW iX, \u00e0 la nouvelle S\u00e9rie 7 et \u00e0 la XM. \u2020\" \/>\n<meta property=\"og:url\" content=\"https:\/\/all-car-news.com\/fr\/humour-bmw-construit-la-plus-grande-calandre-jamais-vue\/\" \/>\n<meta property=\"og:site_name\" content=\"All cars news\" \/>\n<meta property=\"article:published_time\" content=\"2022-12-19T15:03:51+00:00\" \/>\n<meta property=\"og:image\" content=\"https:\/\/autorai.nl\/wp-content\/uploads\/2021\/10\/BMW-M3-Competition-2021-autotest-FOTO-005-1140x855.jpg\" \/>\n<meta name=\"twitter:card\" content=\"summary_large_image\" \/>\n<meta name=\"twitter:label1\" content=\"Dur\u00e9e de lecture estim\u00e9e\" \/>\n\t<meta name=\"twitter:data1\" content=\"2 minutes\" \/>\n<script type=\"application\/ld+json\" class=\"yoast-schema-graph\">{\"@context\":\"https:\/\/schema.org\",\"@graph\":[{\"@type\":\"Article\",\"@id\":\"https:\/\/all-car-news.com\/fr\/humour-bmw-construit-la-plus-grande-calandre-jamais-vue\/#article\",\"isPartOf\":{\"@id\":\"https:\/\/all-car-news.com\/fr\/humour-bmw-construit-la-plus-grande-calandre-jamais-vue\/\"},\"author\":{\"name\":\"\",\"@id\":\"\"},\"headline\":\"Humour : BMW construit la plus grande calandre jamais vue\",\"datePublished\":\"2022-12-19T15:03:51+00:00\",\"dateModified\":\"2022-12-19T15:03:51+00:00\",\"mainEntityOfPage\":{\"@id\":\"https:\/\/all-car-news.com\/fr\/humour-bmw-construit-la-plus-grande-calandre-jamais-vue\/\"},\"wordCount\":395,\"commentCount\":0,\"publisher\":{\"@id\":\"https:\/\/all-car-news.com\/fr\/#organization\"},\"articleSection\":[\"Fond\",\"Style de vie et plaisir\"],\"inLanguage\":\"fr-FR\",\"potentialAction\":[{\"@type\":\"CommentAction\",\"name\":\"Comment\",\"target\":[\"https:\/\/all-car-news.com\/fr\/humour-bmw-construit-la-plus-grande-calandre-jamais-vue\/#respond\"]}]},{\"@type\":\"WebPage\",\"@id\":\"https:\/\/all-car-news.com\/fr\/humour-bmw-construit-la-plus-grande-calandre-jamais-vue\/\",\"url\":\"https:\/\/all-car-news.com\/fr\/humour-bmw-construit-la-plus-grande-calandre-jamais-vue\/\",\"name\":\"Humour : BMW construit la plus grande calandre jamais vue - All cars news\",\"isPartOf\":{\"@id\":\"https:\/\/all-car-news.com\/fr\/#website\"},\"datePublished\":\"2022-12-19T15:03:51+00:00\",\"dateModified\":\"2022-12-19T15:03:51+00:00\",\"breadcrumb\":{\"@id\":\"https:\/\/all-car-news.com\/fr\/humour-bmw-construit-la-plus-grande-calandre-jamais-vue\/#breadcrumb\"},\"inLanguage\":\"fr-FR\",\"potentialAction\":[{\"@type\":\"ReadAction\",\"target\":[\"https:\/\/all-car-news.com\/fr\/humour-bmw-construit-la-plus-grande-calandre-jamais-vue\/\"]}]},{\"@type\":\"BreadcrumbList\",\"@id\":\"https:\/\/all-car-news.com\/fr\/humour-bmw-construit-la-plus-grande-calandre-jamais-vue\/#breadcrumb\",\"itemListElement\":[{\"@type\":\"ListItem\",\"position\":1,\"name\":\"Home\",\"item\":\"https:\/\/all-car-news.com\/fr\/\"},{\"@type\":\"ListItem\",\"position\":2,\"name\":\"Humour : BMW construit la plus grande calandre jamais vue\"}]},{\"@type\":\"WebSite\",\"@id\":\"https:\/\/all-car-news.com\/fr\/#website\",\"url\":\"https:\/\/all-car-news.com\/fr\/\",\"name\":\"All cars news\",\"description\":\"\",\"publisher\":{\"@id\":\"https:\/\/all-car-news.com\/fr\/#organization\"},\"potentialAction\":[{\"@type\":\"SearchAction\",\"target\":{\"@type\":\"EntryPoint\",\"urlTemplate\":\"https:\/\/all-car-news.com\/fr\/?s={search_term_string}\"},\"query-input\":\"required name=search_term_string\"}],\"inLanguage\":\"fr-FR\"},{\"@type\":\"Organization\",\"@id\":\"https:\/\/all-car-news.com\/fr\/#organization\",\"name\":\"All cars news\",\"url\":\"https:\/\/all-car-news.com\/fr\/\",\"logo\":{\"@type\":\"ImageObject\",\"inLanguage\":\"fr-FR\",\"@id\":\"https:\/\/all-car-news.com\/fr\/#\/schema\/logo\/image\/\",\"url\":\"https:\/\/all-car-news.com\/wp-content\/uploads\/2022\/02\/CMYK-AllCarNews_LANDSCAPE_300px-1.png\",\"contentUrl\":\"https:\/\/all-car-news.com\/wp-content\/uploads\/2022\/02\/CMYK-AllCarNews_LANDSCAPE_300px-1.png\",\"width\":300,\"height\":100,\"caption\":\"All cars news\"},\"image\":{\"@id\":\"https:\/\/all-car-news.com\/fr\/#\/schema\/logo\/image\/\"}}]}<\/script>\n<!-- \/ Yoast SEO plugin. -->","yoast_head_json":{"title":"Humour : BMW construit la plus grande calandre jamais vue - All cars news","robots":{"index":"index","follow":"follow","max-snippet":"max-snippet:-1","max-image-preview":"max-image-preview:large","max-video-preview":"max-video-preview:-1"},"canonical":"https:\/\/all-car-news.com\/fr\/humour-bmw-construit-la-plus-grande-calandre-jamais-vue\/","og_locale":"fr_FR","og_type":"article","og_title":"Humour : BMW construit la plus grande calandre jamais vue - All cars news","og_description":"BMW M3 G80 Certains amateurs de BMW ont d\u00fb d\u00e9chanter lorsque la marque a tir\u00e9 le rideau sur la g\u00e9n\u00e9ration actuelle des M3 et M4 en septembre 2020. La calandre r\u00e9nale s'est av\u00e9r\u00e9e \u00eatre \u00e9norme. Mais ce n'\u00e9tait que le d\u00e9but. Les mod\u00e8les BMW introduits par la suite avaient des narines encore plus grandes. Pensez \u00e0 la BMW iX, \u00e0 la nouvelle S\u00e9rie 7 et \u00e0 la XM. \u2020","og_url":"https:\/\/all-car-news.com\/fr\/humour-bmw-construit-la-plus-grande-calandre-jamais-vue\/","og_site_name":"All cars news","article_published_time":"2022-12-19T15:03:51+00:00","og_image":[{"url":"https:\/\/autorai.nl\/wp-content\/uploads\/2021\/10\/BMW-M3-Competition-2021-autotest-FOTO-005-1140x855.jpg"}],"twitter_card":"summary_large_image","twitter_misc":{"Dur\u00e9e de lecture estim\u00e9e":"2 minutes"},"schema":{"@context":"https:\/\/schema.org","@graph":[{"@type":"Article","@id":"https:\/\/all-car-news.com\/fr\/humour-bmw-construit-la-plus-grande-calandre-jamais-vue\/#article","isPartOf":{"@id":"https:\/\/all-car-news.com\/fr\/humour-bmw-construit-la-plus-grande-calandre-jamais-vue\/"},"author":{"name":"","@id":""},"headline":"Humour : BMW construit la plus grande calandre jamais vue","datePublished":"2022-12-19T15:03:51+00:00","dateModified":"2022-12-19T15:03:51+00:00","mainEntityOfPage":{"@id":"https:\/\/all-car-news.com\/fr\/humour-bmw-construit-la-plus-grande-calandre-jamais-vue\/"},"wordCount":395,"commentCount":0,"publisher":{"@id":"https:\/\/all-car-news.com\/fr\/#organization"},"articleSection":["Fond","Style de vie et plaisir"],"inLanguage":"fr-FR","potentialAction":[{"@type":"CommentAction","name":"Comment","target":["https:\/\/all-car-news.com\/fr\/humour-bmw-construit-la-plus-grande-calandre-jamais-vue\/#respond"]}]},{"@type":"WebPage","@id":"https:\/\/all-car-news.com\/fr\/humour-bmw-construit-la-plus-grande-calandre-jamais-vue\/","url":"https:\/\/all-car-news.com\/fr\/humour-bmw-construit-la-plus-grande-calandre-jamais-vue\/","name":"Humour : BMW construit la plus grande calandre jamais vue - All cars news","isPartOf":{"@id":"https:\/\/all-car-news.com\/fr\/#website"},"datePublished":"2022-12-19T15:03:51+00:00","dateModified":"2022-12-19T15:03:51+00:00","breadcrumb":{"@id":"https:\/\/all-car-news.com\/fr\/humour-bmw-construit-la-plus-grande-calandre-jamais-vue\/#breadcrumb"},"inLanguage":"fr-FR","potentialAction":[{"@type":"ReadAction","target":["https:\/\/all-car-news.com\/fr\/humour-bmw-construit-la-plus-grande-calandre-jamais-vue\/"]}]},{"@type":"BreadcrumbList","@id":"https:\/\/all-car-news.com\/fr\/humour-bmw-construit-la-plus-grande-calandre-jamais-vue\/#breadcrumb","itemListElement":[{"@type":"ListItem","position":1,"name":"Home","item":"https:\/\/all-car-news.com\/fr\/"},{"@type":"ListItem","position":2,"name":"Humour : BMW construit la plus grande calandre jamais vue"}]},{"@type":"WebSite","@id":"https:\/\/all-car-news.com\/fr\/#website","url":"https:\/\/all-car-news.com\/fr\/","name":"All cars news","description":"","publisher":{"@id":"https:\/\/all-car-news.com\/fr\/#organization"},"potentialAction":[{"@type":"SearchAction","target":{"@type":"EntryPoint","urlTemplate":"https:\/\/all-car-news.com\/fr\/?s={search_term_string}"},"query-input":"required name=search_term_string"}],"inLanguage":"fr-FR"},{"@type":"Organization","@id":"https:\/\/all-car-news.com\/fr\/#organization","name":"All cars news","url":"https:\/\/all-car-news.com\/fr\/","logo":{"@type":"ImageObject","inLanguage":"fr-FR","@id":"https:\/\/all-car-news.com\/fr\/#\/schema\/logo\/image\/","url":"https:\/\/all-car-news.com\/wp-content\/uploads\/2022\/02\/CMYK-AllCarNews_LANDSCAPE_300px-1.png","contentUrl":"https:\/\/all-car-news.com\/wp-content\/uploads\/2022\/02\/CMYK-AllCarNews_LANDSCAPE_300px-1.png","width":300,"height":100,"caption":"All cars news"},"image":{"@id":"https:\/\/all-car-news.com\/fr\/#\/schema\/logo\/image\/"}}]}},"_links":{"self":[{"href":"https:\/\/all-car-news.com\/fr\/wp-json\/wp\/v2\/posts\/128921","targetHints":{"allow":["GET"]}}],"collection":[{"href":"https:\/\/all-car-news.com\/fr\/wp-json\/wp\/v2\/posts"}],"about":[{"href":"https:\/\/all-car-news.com\/fr\/wp-json\/wp\/v2\/types\/post"}],"replies":[{"embeddable":true,"href":"https:\/\/all-car-news.com\/fr\/wp-json\/wp\/v2\/comments?post=128921"}],"version-history":[{"count":0,"href":"https:\/\/all-car-news.com\/fr\/wp-json\/wp\/v2\/posts\/128921\/revisions"}],"wp:featuredmedia":[{"embeddable":true,"href":"https:\/\/all-car-news.com\/fr\/wp-json\/wp\/v2\/media\/128897"}],"wp:attachment":[{"href":"https:\/\/all-car-news.com\/fr\/wp-json\/wp\/v2\/media?parent=128921"}],"wp:term":[{"taxonomy":"category","embeddable":true,"href":"https:\/\/all-car-news.com\/fr\/wp-json\/wp\/v2\/categories?post=128921"},{"taxonomy":"post_tag","embeddable":true,"href":"https:\/\/all-car-news.com\/fr\/wp-json\/wp\/v2\/tags?post=128921"}],"curies":[{"name":"wp","href":"https:\/\/api.w.org\/{rel}","templated":true}]}}