{"id":128201,"date":"2022-12-08T07:50:00","date_gmt":"2022-12-08T07:50:00","guid":{"rendered":"https:\/\/all-car-news.com\/vol-dune-ambulance-a-utrecht-alors-quelle-aidait-un-patient\/"},"modified":"2022-12-08T07:50:00","modified_gmt":"2022-12-08T07:50:00","slug":"vol-dune-ambulance-a-utrecht-alors-quelle-aidait-un-patient","status":"publish","type":"post","link":"https:\/\/all-car-news.com\/fr\/vol-dune-ambulance-a-utrecht-alors-quelle-aidait-un-patient\/","title":{"rendered":"Vol d&rsquo;une ambulance \u00e0 Utrecht alors qu&rsquo;elle aidait un patient"},"content":{"rendered":"<h2>Chaos<\/h2>\n<p>Vers 22 heures, la salle de contr\u00f4le de la police d&rsquo;Utrecht a re\u00e7u un rapport indiquant qu&rsquo;une personne avec une ambulance avait sem\u00e9 le chaos dans le centre d&rsquo;Utrecht. L&rsquo;<a href=\"https:\/\/autorai.nl\/volvo-xc90-ambulance-nederland\/\" target=\"_blank\" rel=\"noreferrer noopener\">ambulance<\/a> avait provoqu\u00e9 plusieurs collisions. Il est rapidement apparu qu&rsquo;il ne s&rsquo;agissait pas de personnel m\u00e9dical, car le conducteur imprudent ne portait pas de \u00ab\u00a0v\u00eatements reconnaissables\u00a0\u00bb.<\/p>\n<h2>Vol\u00e9<\/h2>\n<p>On a constat\u00e9 que le v\u00e9hicule avait \u00e9t\u00e9 vol\u00e9 dans la Lange Nieuwstraat. L\u00e0, des ambulanciers administraient des soins \u00e0 un patient. La police a rapidement attrap\u00e9 le coupable et enqu\u00eate maintenant sur ce qui s&rsquo;est pass\u00e9. Peu apr\u00e8s le vol, une nouvelle ambulance a \u00e9t\u00e9 envoy\u00e9e, de sorte que le vol n&rsquo;a pas affect\u00e9 le patient.<\/p>\n<blockquote class=\"instagram-media\" data-instgrm-captioned=\"\" data-instgrm-permalink=\"https:\/\/www.instagram.com\/p\/Cl4fZTioL7G\/?utm_source=ig_embed&amp;utm_campaign=loading\" data-instgrm-version=\"14\" style=\"background:#FFF;border:0;border-radius:3px;margin: 1px;max-width:540px;min-width:326px;padding:0;width:99.375%;width:-webkit-calc(100% - 2px);width:calc(100% - 2px)\">\n<div style=\"padding:16px\"> <a href=\"https:\/\/www.instagram.com\/p\/Cl4fZTioL7G\/?utm_source=ig_embed&amp;utm_campaign=loading\" style=\"background:#FFFFFF;line-height:0;padding:0 0;text-align:center;text-decoration:none;width:100%\" target=\"_blank\" rel=\"noopener\"> <\/p>\n<div style=\"flex-direction: row;align-items: center\">\n<div style=\"background-color: #F4F4F4;border-radius: 50%;flex-grow: 0;height: 40px;margin-right: 14px;width: 40px\"><\/div>\n<div style=\"flex-direction: column;flex-grow: 1;justify-content: center\">\n<div style=\"background-color: #F4F4F4;border-radius: 4px;flex-grow: 0;height: 14px;margin-bottom: 6px;width: 100px\"><\/div>\n<div style=\"background-color: #F4F4F4;border-radius: 4px;flex-grow: 0;height: 14px;width: 60px\"><\/div>\n<\/div>\n<\/div>\n<div style=\"padding: 19% 0\"><\/div>\n<div style=\"height:50px;margin:0 auto 12px;width:50px\"><\/div>\n<div style=\"padding-top: 8px\">\n<div style=\"color:#3897f0;font-family:Arial,sans-serif;font-size:14px;font-style:normal;font-weight:550;line-height:18px\">Voir ce message sur Instagram<\/div>\n<\/div>\n<div style=\"padding: 12.5% 0\"><\/div>\n<div style=\"flex-direction: row;margin-bottom: 14px;align-items: center\">\n<div>\n<div style=\"background-color: #F4F4F4;border-radius: 50%;height: 12.5px;width: 12.5px\"><\/div>\n<div style=\"background-color: #F4F4F4;height: 12.5px;width: 12.5px;flex-grow: 0;margin-right: 14px;margin-left: 2px\"><\/div>\n<div style=\"background-color: #F4F4F4;border-radius: 50%;height: 12.5px;width: 12.5px\"><\/div>\n<\/div>\n<div style=\"margin-left: 8px\">\n<div style=\"background-color: #F4F4F4;border-radius: 50%;flex-grow: 0;height: 20px;width: 20px\"><\/div>\n<div style=\"width: 0;height: 0;border-top: 2px solid transparent;border-left: 6px solid #f4f4f4;border-bottom: 2px solid transparent\"><\/div>\n<\/div>\n<div style=\"margin-left: auto\">\n<div style=\"width: 0px;border-top: 8px solid #F4F4F4;border-right: 8px solid transparent\"><\/div>\n<div style=\"background-color: #F4F4F4;flex-grow: 0;height: 12px;width: 16px\"><\/div>\n<div style=\"width: 0;height: 0;border-top: 8px solid #F4F4F4;border-left: 8px solid transparent\"><\/div>\n<\/div>\n<\/div>\n<div style=\"flex-direction: column;flex-grow: 1;justify-content: center;margin-bottom: 24px\">\n<div style=\"background-color: #F4F4F4;border-radius: 4px;flex-grow: 0;height: 14px;margin-bottom: 6px;width: 224px\"><\/div>\n<div style=\"background-color: #F4F4F4;border-radius: 4px;flex-grow: 0;height: 14px;width: 144px\"><\/div>\n<\/div>\n<p><\/a><\/p>\n<p style=\"color:#c9c8cd;font-family:Arial,sans-serif;font-size:14px;line-height:17px;margin-bottom:0;margin-top:8px;overflow:hidden;padding:8px 0 7px;text-align:center\"><a href=\"https:\/\/www.instagram.com\/p\/Cl4fZTioL7G\/?utm_source=ig_embed&amp;utm_campaign=loading\" style=\"color:#c9c8cd;font-family:Arial,sans-serif;font-size:14px;font-style:normal;font-weight:normal;line-height:17px;text-decoration:none\" target=\"_blank\" rel=\"noopener\">Un message partag\u00e9 par Politie Basisteam Utrecht Nrd (@politie_utrechtnoord)<\/a><\/p>\n<\/div>\n<\/blockquote>\n<p>Photo : <a href=\"https:\/\/www.instagram.com\/p\/Cl4fZTioL7G\/?utm_source=ig_web_copy_link\" target=\"_blank\" rel=\"noreferrer noopener\">Instagram police_utrechtnoord <\/a> <\/p>\n","protected":false},"excerpt":{"rendered":"Chaos Vers 22 heures, la salle de contr\u00f4le de la police d'Utrecht a re\u00e7u un rapport indiquant qu'une personne avec\u2026","protected":false},"author":0,"featured_media":128172,"comment_status":"open","ping_status":"open","sticky":false,"template":"","format":"standard","meta":{"footnotes":""},"categories":[131],"tags":[],"class_list":["post-128201","post","type-post","status-publish","format-standard","has-post-thumbnail","hentry","category-fond"],"acf":[],"yoast_head":"<!-- This site is optimized with the Yoast SEO plugin v21.2 - https:\/\/yoast.com\/wordpress\/plugins\/seo\/ -->\n<title>Vol d&#039;une ambulance \u00e0 Utrecht alors qu&#039;elle aidait un patient - All cars news<\/title>\n<meta name=\"robots\" content=\"index, follow, max-snippet:-1, max-image-preview:large, max-video-preview:-1\" \/>\n<link rel=\"canonical\" href=\"https:\/\/all-car-news.com\/fr\/vol-dune-ambulance-a-utrecht-alors-quelle-aidait-un-patient\/\" \/>\n<meta property=\"og:locale\" content=\"fr_FR\" \/>\n<meta property=\"og:type\" content=\"article\" \/>\n<meta property=\"og:title\" content=\"Vol d&#039;une ambulance \u00e0 Utrecht alors qu&#039;elle aidait un patient - All cars news\" \/>\n<meta property=\"og:description\" content=\"Chaos Vers 22 heures, la salle de contr\u00f4le de la police d&#039;Utrecht a re\u00e7u un rapport indiquant qu&#039;une personne avec une ambulance avait sem\u00e9 le chaos dans le centre d&#039;Utrecht. L&#039;ambulance avait provoqu\u00e9 plusieurs collisions. Il est rapidement apparu qu&#039;il ne s&#039;agissait pas de personnel m\u00e9dical, car le conducteur imprudent ne portait pas de &quot;v\u00eatements reconnaissables&quot;. Vol\u00e9 Le v\u00e9hicule s&#039;est av\u00e9r\u00e9 avoir \u00e9t\u00e9 vol\u00e9 [...].\" \/>\n<meta property=\"og:url\" content=\"https:\/\/all-car-news.com\/fr\/vol-dune-ambulance-a-utrecht-alors-quelle-aidait-un-patient\/\" \/>\n<meta property=\"og:site_name\" content=\"All cars news\" \/>\n<meta property=\"article:published_time\" content=\"2022-12-08T07:50:00+00:00\" \/>\n<meta name=\"twitter:card\" content=\"summary_large_image\" \/>\n<meta name=\"twitter:label1\" content=\"Dur\u00e9e de lecture estim\u00e9e\" \/>\n\t<meta name=\"twitter:data1\" content=\"1 minute\" \/>\n<script type=\"application\/ld+json\" class=\"yoast-schema-graph\">{\"@context\":\"https:\/\/schema.org\",\"@graph\":[{\"@type\":\"Article\",\"@id\":\"https:\/\/all-car-news.com\/fr\/vol-dune-ambulance-a-utrecht-alors-quelle-aidait-un-patient\/#article\",\"isPartOf\":{\"@id\":\"https:\/\/all-car-news.com\/fr\/vol-dune-ambulance-a-utrecht-alors-quelle-aidait-un-patient\/\"},\"author\":{\"name\":\"\",\"@id\":\"\"},\"headline\":\"Vol d&rsquo;une ambulance \u00e0 Utrecht alors qu&rsquo;elle aidait un patient\",\"datePublished\":\"2022-12-08T07:50:00+00:00\",\"dateModified\":\"2022-12-08T07:50:00+00:00\",\"mainEntityOfPage\":{\"@id\":\"https:\/\/all-car-news.com\/fr\/vol-dune-ambulance-a-utrecht-alors-quelle-aidait-un-patient\/\"},\"wordCount\":148,\"commentCount\":0,\"publisher\":{\"@id\":\"https:\/\/all-car-news.com\/fr\/#organization\"},\"articleSection\":[\"Fond\"],\"inLanguage\":\"fr-FR\",\"potentialAction\":[{\"@type\":\"CommentAction\",\"name\":\"Comment\",\"target\":[\"https:\/\/all-car-news.com\/fr\/vol-dune-ambulance-a-utrecht-alors-quelle-aidait-un-patient\/#respond\"]}]},{\"@type\":\"WebPage\",\"@id\":\"https:\/\/all-car-news.com\/fr\/vol-dune-ambulance-a-utrecht-alors-quelle-aidait-un-patient\/\",\"url\":\"https:\/\/all-car-news.com\/fr\/vol-dune-ambulance-a-utrecht-alors-quelle-aidait-un-patient\/\",\"name\":\"Vol d'une ambulance \u00e0 Utrecht alors qu'elle aidait un patient - All cars news\",\"isPartOf\":{\"@id\":\"https:\/\/all-car-news.com\/fr\/#website\"},\"datePublished\":\"2022-12-08T07:50:00+00:00\",\"dateModified\":\"2022-12-08T07:50:00+00:00\",\"breadcrumb\":{\"@id\":\"https:\/\/all-car-news.com\/fr\/vol-dune-ambulance-a-utrecht-alors-quelle-aidait-un-patient\/#breadcrumb\"},\"inLanguage\":\"fr-FR\",\"potentialAction\":[{\"@type\":\"ReadAction\",\"target\":[\"https:\/\/all-car-news.com\/fr\/vol-dune-ambulance-a-utrecht-alors-quelle-aidait-un-patient\/\"]}]},{\"@type\":\"BreadcrumbList\",\"@id\":\"https:\/\/all-car-news.com\/fr\/vol-dune-ambulance-a-utrecht-alors-quelle-aidait-un-patient\/#breadcrumb\",\"itemListElement\":[{\"@type\":\"ListItem\",\"position\":1,\"name\":\"Home\",\"item\":\"https:\/\/all-car-news.com\/fr\/\"},{\"@type\":\"ListItem\",\"position\":2,\"name\":\"Vol d&rsquo;une ambulance \u00e0 Utrecht alors qu&rsquo;elle aidait un patient\"}]},{\"@type\":\"WebSite\",\"@id\":\"https:\/\/all-car-news.com\/fr\/#website\",\"url\":\"https:\/\/all-car-news.com\/fr\/\",\"name\":\"All cars news\",\"description\":\"\",\"publisher\":{\"@id\":\"https:\/\/all-car-news.com\/fr\/#organization\"},\"potentialAction\":[{\"@type\":\"SearchAction\",\"target\":{\"@type\":\"EntryPoint\",\"urlTemplate\":\"https:\/\/all-car-news.com\/fr\/?s={search_term_string}\"},\"query-input\":\"required name=search_term_string\"}],\"inLanguage\":\"fr-FR\"},{\"@type\":\"Organization\",\"@id\":\"https:\/\/all-car-news.com\/fr\/#organization\",\"name\":\"All cars news\",\"url\":\"https:\/\/all-car-news.com\/fr\/\",\"logo\":{\"@type\":\"ImageObject\",\"inLanguage\":\"fr-FR\",\"@id\":\"https:\/\/all-car-news.com\/fr\/#\/schema\/logo\/image\/\",\"url\":\"https:\/\/all-car-news.com\/wp-content\/uploads\/2022\/02\/CMYK-AllCarNews_LANDSCAPE_300px-1.png\",\"contentUrl\":\"https:\/\/all-car-news.com\/wp-content\/uploads\/2022\/02\/CMYK-AllCarNews_LANDSCAPE_300px-1.png\",\"width\":300,\"height\":100,\"caption\":\"All cars news\"},\"image\":{\"@id\":\"https:\/\/all-car-news.com\/fr\/#\/schema\/logo\/image\/\"}}]}<\/script>\n<!-- \/ Yoast SEO plugin. -->","yoast_head_json":{"title":"Vol d'une ambulance \u00e0 Utrecht alors qu'elle aidait un patient - All cars news","robots":{"index":"index","follow":"follow","max-snippet":"max-snippet:-1","max-image-preview":"max-image-preview:large","max-video-preview":"max-video-preview:-1"},"canonical":"https:\/\/all-car-news.com\/fr\/vol-dune-ambulance-a-utrecht-alors-quelle-aidait-un-patient\/","og_locale":"fr_FR","og_type":"article","og_title":"Vol d'une ambulance \u00e0 Utrecht alors qu'elle aidait un patient - All cars news","og_description":"Chaos Vers 22 heures, la salle de contr\u00f4le de la police d'Utrecht a re\u00e7u un rapport indiquant qu'une personne avec une ambulance avait sem\u00e9 le chaos dans le centre d'Utrecht. L'ambulance avait provoqu\u00e9 plusieurs collisions. Il est rapidement apparu qu'il ne s'agissait pas de personnel m\u00e9dical, car le conducteur imprudent ne portait pas de \"v\u00eatements reconnaissables\". Vol\u00e9 Le v\u00e9hicule s'est av\u00e9r\u00e9 avoir \u00e9t\u00e9 vol\u00e9 [...].","og_url":"https:\/\/all-car-news.com\/fr\/vol-dune-ambulance-a-utrecht-alors-quelle-aidait-un-patient\/","og_site_name":"All cars news","article_published_time":"2022-12-08T07:50:00+00:00","twitter_card":"summary_large_image","twitter_misc":{"Dur\u00e9e de lecture estim\u00e9e":"1 minute"},"schema":{"@context":"https:\/\/schema.org","@graph":[{"@type":"Article","@id":"https:\/\/all-car-news.com\/fr\/vol-dune-ambulance-a-utrecht-alors-quelle-aidait-un-patient\/#article","isPartOf":{"@id":"https:\/\/all-car-news.com\/fr\/vol-dune-ambulance-a-utrecht-alors-quelle-aidait-un-patient\/"},"author":{"name":"","@id":""},"headline":"Vol d&rsquo;une ambulance \u00e0 Utrecht alors qu&rsquo;elle aidait un patient","datePublished":"2022-12-08T07:50:00+00:00","dateModified":"2022-12-08T07:50:00+00:00","mainEntityOfPage":{"@id":"https:\/\/all-car-news.com\/fr\/vol-dune-ambulance-a-utrecht-alors-quelle-aidait-un-patient\/"},"wordCount":148,"commentCount":0,"publisher":{"@id":"https:\/\/all-car-news.com\/fr\/#organization"},"articleSection":["Fond"],"inLanguage":"fr-FR","potentialAction":[{"@type":"CommentAction","name":"Comment","target":["https:\/\/all-car-news.com\/fr\/vol-dune-ambulance-a-utrecht-alors-quelle-aidait-un-patient\/#respond"]}]},{"@type":"WebPage","@id":"https:\/\/all-car-news.com\/fr\/vol-dune-ambulance-a-utrecht-alors-quelle-aidait-un-patient\/","url":"https:\/\/all-car-news.com\/fr\/vol-dune-ambulance-a-utrecht-alors-quelle-aidait-un-patient\/","name":"Vol d'une ambulance \u00e0 Utrecht alors qu'elle aidait un patient - All cars news","isPartOf":{"@id":"https:\/\/all-car-news.com\/fr\/#website"},"datePublished":"2022-12-08T07:50:00+00:00","dateModified":"2022-12-08T07:50:00+00:00","breadcrumb":{"@id":"https:\/\/all-car-news.com\/fr\/vol-dune-ambulance-a-utrecht-alors-quelle-aidait-un-patient\/#breadcrumb"},"inLanguage":"fr-FR","potentialAction":[{"@type":"ReadAction","target":["https:\/\/all-car-news.com\/fr\/vol-dune-ambulance-a-utrecht-alors-quelle-aidait-un-patient\/"]}]},{"@type":"BreadcrumbList","@id":"https:\/\/all-car-news.com\/fr\/vol-dune-ambulance-a-utrecht-alors-quelle-aidait-un-patient\/#breadcrumb","itemListElement":[{"@type":"ListItem","position":1,"name":"Home","item":"https:\/\/all-car-news.com\/fr\/"},{"@type":"ListItem","position":2,"name":"Vol d&rsquo;une ambulance \u00e0 Utrecht alors qu&rsquo;elle aidait un patient"}]},{"@type":"WebSite","@id":"https:\/\/all-car-news.com\/fr\/#website","url":"https:\/\/all-car-news.com\/fr\/","name":"All cars news","description":"","publisher":{"@id":"https:\/\/all-car-news.com\/fr\/#organization"},"potentialAction":[{"@type":"SearchAction","target":{"@type":"EntryPoint","urlTemplate":"https:\/\/all-car-news.com\/fr\/?s={search_term_string}"},"query-input":"required name=search_term_string"}],"inLanguage":"fr-FR"},{"@type":"Organization","@id":"https:\/\/all-car-news.com\/fr\/#organization","name":"All cars news","url":"https:\/\/all-car-news.com\/fr\/","logo":{"@type":"ImageObject","inLanguage":"fr-FR","@id":"https:\/\/all-car-news.com\/fr\/#\/schema\/logo\/image\/","url":"https:\/\/all-car-news.com\/wp-content\/uploads\/2022\/02\/CMYK-AllCarNews_LANDSCAPE_300px-1.png","contentUrl":"https:\/\/all-car-news.com\/wp-content\/uploads\/2022\/02\/CMYK-AllCarNews_LANDSCAPE_300px-1.png","width":300,"height":100,"caption":"All cars news"},"image":{"@id":"https:\/\/all-car-news.com\/fr\/#\/schema\/logo\/image\/"}}]}},"_links":{"self":[{"href":"https:\/\/all-car-news.com\/fr\/wp-json\/wp\/v2\/posts\/128201","targetHints":{"allow":["GET"]}}],"collection":[{"href":"https:\/\/all-car-news.com\/fr\/wp-json\/wp\/v2\/posts"}],"about":[{"href":"https:\/\/all-car-news.com\/fr\/wp-json\/wp\/v2\/types\/post"}],"replies":[{"embeddable":true,"href":"https:\/\/all-car-news.com\/fr\/wp-json\/wp\/v2\/comments?post=128201"}],"version-history":[{"count":0,"href":"https:\/\/all-car-news.com\/fr\/wp-json\/wp\/v2\/posts\/128201\/revisions"}],"wp:featuredmedia":[{"embeddable":true,"href":"https:\/\/all-car-news.com\/fr\/wp-json\/wp\/v2\/media\/128172"}],"wp:attachment":[{"href":"https:\/\/all-car-news.com\/fr\/wp-json\/wp\/v2\/media?parent=128201"}],"wp:term":[{"taxonomy":"category","embeddable":true,"href":"https:\/\/all-car-news.com\/fr\/wp-json\/wp\/v2\/categories?post=128201"},{"taxonomy":"post_tag","embeddable":true,"href":"https:\/\/all-car-news.com\/fr\/wp-json\/wp\/v2\/tags?post=128201"}],"curies":[{"name":"wp","href":"https:\/\/api.w.org\/{rel}","templated":true}]}}