{"id":128044,"date":"2022-12-06T13:14:56","date_gmt":"2022-12-06T13:14:56","guid":{"rendered":"https:\/\/all-car-news.com\/voici-la-prochaine-generation-du-toyota-c-hr-en-quelque-sorte\/"},"modified":"2022-12-06T13:14:56","modified_gmt":"2022-12-06T13:14:56","slug":"voici-la-prochaine-generation-du-toyota-c-hr-en-quelque-sorte","status":"publish","type":"post","link":"https:\/\/all-car-news.com\/fr\/voici-la-prochaine-generation-du-toyota-c-hr-en-quelque-sorte\/","title":{"rendered":"Voici la prochaine g\u00e9n\u00e9ration du Toyota C-HR, en quelque sorte."},"content":{"rendered":"<h2>Le prologue du Toyota C-HR semble tr\u00e8s r\u00e9aliste<\/h2>\n<p>Le Toyota <a href=\"https:\/\/pers.toyota.nl\/toyota-c-hr-prologue-het-kan-nog-gedurfder\/\" target=\"_blank\" rel=\"noreferrer noopener\">C-HR Prologue<\/a> est une premi\u00e8re vision, tr\u00e8s r\u00e9elle, d&rsquo;un nouveau mod\u00e8le qui arrivera bient\u00f4t sur les routes europ\u00e9ennes, selon le constructeur automobile japonais. Le Prologue montre imm\u00e9diatement que Toyota s&rsquo;en tient aux caract\u00e9ristiques si reconnaissables pour le SUV du segment C. Le successeur re\u00e7oit donc \u00e9galement une carrosserie en forme de diamant. Des roues plus grandes et des porte-\u00e0-faux plus courts am\u00e9liorent l&rsquo;apparence de l&rsquo;ext\u00e9rieur.<\/p>\n<h2>Groupes motopropulseurs<\/h2>\n<p>Toyota lancera la prochaine g\u00e9n\u00e9ration non seulement en tant que C-HR Hybrid, mais aussi en tant que version hybride rechargeable. Toyota ne peut pas encore donner de sp\u00e9cifications. Mais on peut supposer que le mod\u00e8le adopte le groupe motopropulseur PHEV de la <a href=\"https:\/\/autorai.nl\/de-nieuwe-toyota-prius-2023-is-supersexy\/\">nouvelle Prius Plug-in Hybrid<\/a>. Il d\u00e9veloppe une puissance de 223 ch (164 kW) et dispose d&rsquo;une autonomie \u00e9lectrique pouvant atteindre 69 kilom\u00e8tres.  <\/p>\n<figure class=\"wp-block-image size-content\"><img decoding=\"async\" loading=\"lazy\" width=\"1140\" height=\"641\" src=\"https:\/\/autorai.nl\/wp-content\/uploads\/2022\/12\/toyota-c-hr-prologue-2022-foto8-1140x641.jpg\" alt=\"Prologue du Toyota C-HR\" class=\"wp-image-141756\"><\/figure>\n<h2>Trois couleurs<\/h2>\n<p>Une caract\u00e9ristique particuli\u00e8re du Prologue est le troisi\u00e8me accent de couleur : \u00a0\u00bb Sulphur \u00a0\u00bb sur l&rsquo;argent m\u00e9tallique et le noir de carbone recycl\u00e9. Cette nouvelle couleur est d\u00e9lib\u00e9r\u00e9ment con\u00e7ue pour \u00eatre extra pour se d\u00e9marquer dans une option tricolore (tri-tone).<\/p>\n<h2>Histoire du Toyota C-HR<\/h2>\n<p>Au salon de l&rsquo;automobile de Paris en octobre 2014, le concept Toyota C-HR a fait ses d\u00e9buts. Deux ans plus tard, le mod\u00e8le est entr\u00e9 en production. La g\u00e9n\u00e9ration actuelle est \u00ab\u00a0n\u00e9e\u00a0\u00bb \u00e0 ED2, le si\u00e8ge europ\u00e9en de d\u00e9veloppement du design de Toyota, dans le sud de la France. Logiquement, le Prologue a \u00e9galement \u00e9t\u00e9 cr\u00e9\u00e9 dans ED2. \u00ab\u00a0Notre mission \u00e9tait de repousser nos limites plus que jamais. Nous sommes incroyablement impatients de pr\u00e9senter notre nouveau C-HR\u00a0\u00bb, d\u00e9clare Lance Scott, directeur du design chez ED2.<\/p>\n<div class=\"galery shuffle galery-0\">\n<figure>\n\t\t\t\t\t<span style=\"cursor: pointer\" data-src=\"https:\/\/autorai.nl\/wp-content\/uploads\/2022\/12\/toyota-c-hr-prologue-2022-foto13-1600x900.jpg\" data-fancybox=\"galery-0\" title=\"\"><br \/>\n\t\t\t\t\t\t\t<img decoding=\"async\" width=\"640\" height=\"480\" src=\"https:\/\/autorai.nl\/wp-content\/uploads\/2022\/12\/toyota-c-hr-prologue-2022-foto13-640x480.jpg\" class=\"attachment-medium size-medium\" alt=\"\" loading=\"lazy\"><i class=\"fa fa-search-plus\" aria-hidden=\"true\"><\/i><br \/>\n\t\t\t\t\t\t<\/span><br \/>\n\t\t\t\t\t<\/figure>\n<figure>\n\t\t\t\t\t<span style=\"cursor: pointer\" data-src=\"https:\/\/autorai.nl\/wp-content\/uploads\/2022\/12\/toyota-c-hr-prologue-2022-foto7-1600x900.jpg\" data-fancybox=\"galery-0\" title=\"\"><br \/>\n\t\t\t\t\t\t\t<img decoding=\"async\" width=\"360\" height=\"270\" src=\"https:\/\/autorai.nl\/wp-content\/uploads\/2022\/12\/toyota-c-hr-prologue-2022-foto7-360x270.jpg\" class=\"attachment-small size-small\" alt=\"\" loading=\"lazy\"><i class=\"fa fa-search-plus\" aria-hidden=\"true\"><\/i><br \/>\n\t\t\t\t\t\t<\/span><br \/>\n\t\t\t\t\t<\/figure>\n<figure>\n\t\t\t\t\t<span style=\"cursor: pointer\" data-src=\"https:\/\/autorai.nl\/wp-content\/uploads\/2022\/12\/toyota-c-hr-prologue-2022-foto4-1600x805.jpg\" data-fancybox=\"galery-0\" title=\"\"><br \/>\n\t\t\t\t\t\t\t<img decoding=\"async\" width=\"360\" height=\"270\" src=\"https:\/\/autorai.nl\/wp-content\/uploads\/2022\/12\/toyota-c-hr-prologue-2022-foto4-360x270.jpg\" class=\"attachment-small size-small\" alt=\"\" loading=\"lazy\"><i class=\"fa fa-search-plus\" aria-hidden=\"true\"><\/i><br \/>\n\t\t\t\t\t\t<\/span><br \/>\n\t\t\t\t\t<\/figure>\n<figure>\n\t\t\t\t\t<span style=\"cursor: pointer\" data-src=\"https:\/\/autorai.nl\/wp-content\/uploads\/2022\/12\/toyota-c-hr-prologue-2022-foto3-1600x805.jpg\" data-fancybox=\"galery-0\" title=\"\"><br \/>\n\t\t\t\t\t\t\t<img decoding=\"async\" width=\"640\" height=\"480\" src=\"https:\/\/autorai.nl\/wp-content\/uploads\/2022\/12\/toyota-c-hr-prologue-2022-foto3-640x480.jpg\" class=\"attachment-medium size-medium\" alt=\"\" loading=\"lazy\"><i class=\"fa fa-search-plus\" aria-hidden=\"true\"><\/i><br \/>\n\t\t\t\t\t\t<\/span><br \/>\n\t\t\t\t\t<\/figure>\n<figure>\n\t\t\t\t\t<span style=\"cursor: pointer\" data-src=\"https:\/\/autorai.nl\/wp-content\/uploads\/2022\/12\/toyota-c-hr-prologue-2022-foto6-1600x805.jpg\" data-fancybox=\"galery-0\" title=\"\"><br \/>\n\t\t\t\t\t\t\t<img decoding=\"async\" width=\"360\" height=\"270\" src=\"https:\/\/autorai.nl\/wp-content\/uploads\/2022\/12\/toyota-c-hr-prologue-2022-foto6-360x270.jpg\" class=\"attachment-small size-small\" alt=\"\" loading=\"lazy\"><i class=\"fa fa-search-plus\" aria-hidden=\"true\"><\/i><br \/>\n\t\t\t\t\t\t<\/span><br \/>\n\t\t\t\t\t<\/figure>\n<figure>\n\t\t\t\t\t<span style=\"cursor: pointer\" data-src=\"https:\/\/autorai.nl\/wp-content\/uploads\/2022\/12\/toyota-c-hr-prologue-2022-foto12-1600x900.jpg\" data-fancybox=\"galery-0\" title=\"\"><br \/>\n\t\t\t\t\t\t\t<img decoding=\"async\" width=\"360\" height=\"270\" src=\"https:\/\/autorai.nl\/wp-content\/uploads\/2022\/12\/toyota-c-hr-prologue-2022-foto12-360x270.jpg\" class=\"attachment-small size-small\" alt=\"\" loading=\"lazy\"><i class=\"fa fa-search-plus\" aria-hidden=\"true\"><\/i><br \/>\n\t\t\t\t\t\t<\/span><br \/>\n\t\t\t\t\t<\/figure>\n<figure>\n\t\t\t\t\t<span style=\"cursor: pointer\" data-src=\"https:\/\/autorai.nl\/wp-content\/uploads\/2022\/12\/toyota-c-hr-prologue-2022-foto10-1600x900.jpg\" data-fancybox=\"galery-0\" title=\"\"><br \/>\n\t\t\t\t\t\t\t<img decoding=\"async\" width=\"640\" height=\"480\" src=\"https:\/\/autorai.nl\/wp-content\/uploads\/2022\/12\/toyota-c-hr-prologue-2022-foto10-640x480.jpg\" class=\"attachment-medium size-medium\" alt=\"\" loading=\"lazy\"><i class=\"fa fa-search-plus\" aria-hidden=\"true\"><\/i><br \/>\n\t\t\t\t\t\t<\/span><br \/>\n\t\t\t\t\t<\/figure>\n<figure>\n\t\t\t\t\t<span style=\"cursor: pointer\" data-src=\"https:\/\/autorai.nl\/wp-content\/uploads\/2022\/12\/toyota-c-hr-prologue-2022-foto11-1600x900.jpg\" data-fancybox=\"galery-0\" title=\"\"><br \/>\n\t\t\t\t\t\t\t<img decoding=\"async\" width=\"360\" height=\"270\" src=\"https:\/\/autorai.nl\/wp-content\/uploads\/2022\/12\/toyota-c-hr-prologue-2022-foto11-360x270.jpg\" class=\"attachment-small size-small\" alt=\"\" loading=\"lazy\"><i class=\"fa fa-search-plus\" aria-hidden=\"true\"><\/i><br \/>\n\t\t\t\t\t\t<\/span><br \/>\n\t\t\t\t\t<\/figure>\n<figure>\n\t\t\t\t\t<span style=\"cursor: pointer\" data-src=\"https:\/\/autorai.nl\/wp-content\/uploads\/2022\/12\/toyota-c-hr-prologue-2022-foto9-1600x805.jpg\" data-fancybox=\"galery-0\" title=\"\"><br \/>\n\t\t\t\t\t\t\t<img decoding=\"async\" width=\"360\" height=\"270\" src=\"https:\/\/autorai.nl\/wp-content\/uploads\/2022\/12\/toyota-c-hr-prologue-2022-foto9-360x270.jpg\" class=\"attachment-small size-small\" alt=\"\" loading=\"lazy\"><i class=\"fa fa-search-plus\" aria-hidden=\"true\"><\/i><br \/>\n\t\t\t\t\t\t<\/span><br \/>\n\t\t\t\t\t<\/figure>\n<figure>\n\t\t\t\t\t<span style=\"cursor: pointer\" data-src=\"https:\/\/autorai.nl\/wp-content\/uploads\/2022\/12\/toyota-c-hr-prologue-2022-foto5-1600x900.jpg\" data-fancybox=\"galery-0\" title=\"\"><br \/>\n\t\t\t\t\t\t\t<img decoding=\"async\" width=\"640\" height=\"480\" src=\"https:\/\/autorai.nl\/wp-content\/uploads\/2022\/12\/toyota-c-hr-prologue-2022-foto5-640x480.jpg\" class=\"attachment-medium size-medium\" alt=\"\" loading=\"lazy\"><i class=\"fa fa-search-plus\" aria-hidden=\"true\"><\/i><br \/>\n\t\t\t\t\t\t<\/span><br \/>\n\t\t\t\t\t<\/figure>\n<figure>\n\t\t\t\t\t<span style=\"cursor: pointer\" data-src=\"https:\/\/autorai.nl\/wp-content\/uploads\/2022\/12\/toyota-c-hr-prologue-2022-foto8-1600x900.jpg\" data-fancybox=\"galery-0\" title=\"\"><br \/>\n\t\t\t\t\t\t\t<img decoding=\"async\" width=\"360\" height=\"270\" src=\"https:\/\/autorai.nl\/wp-content\/uploads\/2022\/12\/toyota-c-hr-prologue-2022-foto8-360x270.jpg\" class=\"attachment-small size-small\" alt=\"Prologue du Toyota C-HR\" loading=\"lazy\"><i class=\"fa fa-search-plus\" aria-hidden=\"true\"><\/i><br \/>\n\t\t\t\t\t\t<\/span><br \/>\n\t\t\t\t\t<\/figure>\n<figure>\n\t\t\t\t\t<span style=\"cursor: pointer\" data-src=\"https:\/\/autorai.nl\/wp-content\/uploads\/2022\/12\/toyota-c-hr-prologue-2022-foto2-1600x844.jpg\" data-fancybox=\"galery-0\" title=\"\"><br \/>\n\t\t\t\t\t\t\t<img decoding=\"async\" width=\"360\" height=\"270\" src=\"https:\/\/autorai.nl\/wp-content\/uploads\/2022\/12\/toyota-c-hr-prologue-2022-foto2-360x270.jpg\" class=\"attachment-small size-small\" alt=\"\" loading=\"lazy\"><i class=\"fa fa-search-plus\" aria-hidden=\"true\"><\/i><br \/>\n\t\t\t\t\t\t<\/span><br \/>\n\t\t\t\t\t<\/figure>\n<div class=\"clear\"><\/div>\n<\/div>\n","protected":false},"excerpt":{"rendered":"Le Toyota C-HR Prologue a l'air tr\u00e8s r\u00e9aliste Le Toyota C-HR Prologue est une premi\u00e8re vision tr\u00e8s r\u00e9elle d'un nouveau\u2026","protected":false},"author":0,"featured_media":128075,"comment_status":"open","ping_status":"open","sticky":false,"template":"","format":"standard","meta":{"footnotes":""},"categories":[127],"tags":[],"class_list":["post-128044","post","type-post","status-publish","format-standard","has-post-thumbnail","hentry","category-nouvelles-de-voiture"],"acf":[],"yoast_head":"<!-- This site is optimized with the Yoast SEO plugin v21.2 - https:\/\/yoast.com\/wordpress\/plugins\/seo\/ -->\n<title>Voici la prochaine g\u00e9n\u00e9ration du Toyota C-HR, en quelque sorte. - All cars news<\/title>\n<meta name=\"robots\" content=\"index, follow, max-snippet:-1, max-image-preview:large, max-video-preview:-1\" \/>\n<link rel=\"canonical\" href=\"https:\/\/all-car-news.com\/fr\/voici-la-prochaine-generation-du-toyota-c-hr-en-quelque-sorte\/\" \/>\n<meta property=\"og:locale\" content=\"fr_FR\" \/>\n<meta property=\"og:type\" content=\"article\" \/>\n<meta property=\"og:title\" content=\"Voici la prochaine g\u00e9n\u00e9ration du Toyota C-HR, en quelque sorte. - All cars news\" \/>\n<meta property=\"og:description\" content=\"Le Toyota C-HR Prologue a l&#039;air tr\u00e8s r\u00e9aliste Le Toyota C-HR Prologue est une premi\u00e8re vision tr\u00e8s r\u00e9elle d&#039;un nouveau mod\u00e8le qui devrait bient\u00f4t arriver sur les routes europ\u00e9ennes, selon le constructeur japonais. Le Prologue montre imm\u00e9diatement que Toyota s&#039;en tient aux caract\u00e9ristiques si reconnaissables pour le SUV du segment C. De m\u00eame, le successeur obtient [...]\" \/>\n<meta property=\"og:url\" content=\"https:\/\/all-car-news.com\/fr\/voici-la-prochaine-generation-du-toyota-c-hr-en-quelque-sorte\/\" \/>\n<meta property=\"og:site_name\" content=\"All cars news\" \/>\n<meta property=\"article:published_time\" content=\"2022-12-06T13:14:56+00:00\" \/>\n<meta property=\"og:image\" content=\"https:\/\/autorai.nl\/wp-content\/uploads\/2022\/12\/toyota-c-hr-prologue-2022-foto8-1140x641.jpg\" \/>\n<meta name=\"twitter:card\" content=\"summary_large_image\" \/>\n<meta name=\"twitter:label1\" content=\"Dur\u00e9e de lecture estim\u00e9e\" \/>\n\t<meta name=\"twitter:data1\" content=\"2 minutes\" \/>\n<script type=\"application\/ld+json\" class=\"yoast-schema-graph\">{\"@context\":\"https:\/\/schema.org\",\"@graph\":[{\"@type\":\"Article\",\"@id\":\"https:\/\/all-car-news.com\/fr\/voici-la-prochaine-generation-du-toyota-c-hr-en-quelque-sorte\/#article\",\"isPartOf\":{\"@id\":\"https:\/\/all-car-news.com\/fr\/voici-la-prochaine-generation-du-toyota-c-hr-en-quelque-sorte\/\"},\"author\":{\"name\":\"\",\"@id\":\"\"},\"headline\":\"Voici la prochaine g\u00e9n\u00e9ration du Toyota C-HR, en quelque sorte.\",\"datePublished\":\"2022-12-06T13:14:56+00:00\",\"dateModified\":\"2022-12-06T13:14:56+00:00\",\"mainEntityOfPage\":{\"@id\":\"https:\/\/all-car-news.com\/fr\/voici-la-prochaine-generation-du-toyota-c-hr-en-quelque-sorte\/\"},\"wordCount\":316,\"commentCount\":0,\"publisher\":{\"@id\":\"https:\/\/all-car-news.com\/fr\/#organization\"},\"articleSection\":[\"nouvelles de voiture\"],\"inLanguage\":\"fr-FR\",\"potentialAction\":[{\"@type\":\"CommentAction\",\"name\":\"Comment\",\"target\":[\"https:\/\/all-car-news.com\/fr\/voici-la-prochaine-generation-du-toyota-c-hr-en-quelque-sorte\/#respond\"]}]},{\"@type\":\"WebPage\",\"@id\":\"https:\/\/all-car-news.com\/fr\/voici-la-prochaine-generation-du-toyota-c-hr-en-quelque-sorte\/\",\"url\":\"https:\/\/all-car-news.com\/fr\/voici-la-prochaine-generation-du-toyota-c-hr-en-quelque-sorte\/\",\"name\":\"Voici la prochaine g\u00e9n\u00e9ration du Toyota C-HR, en quelque sorte. - All cars news\",\"isPartOf\":{\"@id\":\"https:\/\/all-car-news.com\/fr\/#website\"},\"datePublished\":\"2022-12-06T13:14:56+00:00\",\"dateModified\":\"2022-12-06T13:14:56+00:00\",\"breadcrumb\":{\"@id\":\"https:\/\/all-car-news.com\/fr\/voici-la-prochaine-generation-du-toyota-c-hr-en-quelque-sorte\/#breadcrumb\"},\"inLanguage\":\"fr-FR\",\"potentialAction\":[{\"@type\":\"ReadAction\",\"target\":[\"https:\/\/all-car-news.com\/fr\/voici-la-prochaine-generation-du-toyota-c-hr-en-quelque-sorte\/\"]}]},{\"@type\":\"BreadcrumbList\",\"@id\":\"https:\/\/all-car-news.com\/fr\/voici-la-prochaine-generation-du-toyota-c-hr-en-quelque-sorte\/#breadcrumb\",\"itemListElement\":[{\"@type\":\"ListItem\",\"position\":1,\"name\":\"Home\",\"item\":\"https:\/\/all-car-news.com\/fr\/\"},{\"@type\":\"ListItem\",\"position\":2,\"name\":\"Voici la prochaine g\u00e9n\u00e9ration du Toyota C-HR, en quelque sorte.\"}]},{\"@type\":\"WebSite\",\"@id\":\"https:\/\/all-car-news.com\/fr\/#website\",\"url\":\"https:\/\/all-car-news.com\/fr\/\",\"name\":\"All cars news\",\"description\":\"\",\"publisher\":{\"@id\":\"https:\/\/all-car-news.com\/fr\/#organization\"},\"potentialAction\":[{\"@type\":\"SearchAction\",\"target\":{\"@type\":\"EntryPoint\",\"urlTemplate\":\"https:\/\/all-car-news.com\/fr\/?s={search_term_string}\"},\"query-input\":\"required name=search_term_string\"}],\"inLanguage\":\"fr-FR\"},{\"@type\":\"Organization\",\"@id\":\"https:\/\/all-car-news.com\/fr\/#organization\",\"name\":\"All cars news\",\"url\":\"https:\/\/all-car-news.com\/fr\/\",\"logo\":{\"@type\":\"ImageObject\",\"inLanguage\":\"fr-FR\",\"@id\":\"https:\/\/all-car-news.com\/fr\/#\/schema\/logo\/image\/\",\"url\":\"https:\/\/all-car-news.com\/wp-content\/uploads\/2022\/02\/CMYK-AllCarNews_LANDSCAPE_300px-1.png\",\"contentUrl\":\"https:\/\/all-car-news.com\/wp-content\/uploads\/2022\/02\/CMYK-AllCarNews_LANDSCAPE_300px-1.png\",\"width\":300,\"height\":100,\"caption\":\"All cars news\"},\"image\":{\"@id\":\"https:\/\/all-car-news.com\/fr\/#\/schema\/logo\/image\/\"}}]}<\/script>\n<!-- \/ Yoast SEO plugin. -->","yoast_head_json":{"title":"Voici la prochaine g\u00e9n\u00e9ration du Toyota C-HR, en quelque sorte. - All cars news","robots":{"index":"index","follow":"follow","max-snippet":"max-snippet:-1","max-image-preview":"max-image-preview:large","max-video-preview":"max-video-preview:-1"},"canonical":"https:\/\/all-car-news.com\/fr\/voici-la-prochaine-generation-du-toyota-c-hr-en-quelque-sorte\/","og_locale":"fr_FR","og_type":"article","og_title":"Voici la prochaine g\u00e9n\u00e9ration du Toyota C-HR, en quelque sorte. - All cars news","og_description":"Le Toyota C-HR Prologue a l'air tr\u00e8s r\u00e9aliste Le Toyota C-HR Prologue est une premi\u00e8re vision tr\u00e8s r\u00e9elle d'un nouveau mod\u00e8le qui devrait bient\u00f4t arriver sur les routes europ\u00e9ennes, selon le constructeur japonais. Le Prologue montre imm\u00e9diatement que Toyota s'en tient aux caract\u00e9ristiques si reconnaissables pour le SUV du segment C. De m\u00eame, le successeur obtient [...]","og_url":"https:\/\/all-car-news.com\/fr\/voici-la-prochaine-generation-du-toyota-c-hr-en-quelque-sorte\/","og_site_name":"All cars news","article_published_time":"2022-12-06T13:14:56+00:00","og_image":[{"url":"https:\/\/autorai.nl\/wp-content\/uploads\/2022\/12\/toyota-c-hr-prologue-2022-foto8-1140x641.jpg"}],"twitter_card":"summary_large_image","twitter_misc":{"Dur\u00e9e de lecture estim\u00e9e":"2 minutes"},"schema":{"@context":"https:\/\/schema.org","@graph":[{"@type":"Article","@id":"https:\/\/all-car-news.com\/fr\/voici-la-prochaine-generation-du-toyota-c-hr-en-quelque-sorte\/#article","isPartOf":{"@id":"https:\/\/all-car-news.com\/fr\/voici-la-prochaine-generation-du-toyota-c-hr-en-quelque-sorte\/"},"author":{"name":"","@id":""},"headline":"Voici la prochaine g\u00e9n\u00e9ration du Toyota C-HR, en quelque sorte.","datePublished":"2022-12-06T13:14:56+00:00","dateModified":"2022-12-06T13:14:56+00:00","mainEntityOfPage":{"@id":"https:\/\/all-car-news.com\/fr\/voici-la-prochaine-generation-du-toyota-c-hr-en-quelque-sorte\/"},"wordCount":316,"commentCount":0,"publisher":{"@id":"https:\/\/all-car-news.com\/fr\/#organization"},"articleSection":["nouvelles de voiture"],"inLanguage":"fr-FR","potentialAction":[{"@type":"CommentAction","name":"Comment","target":["https:\/\/all-car-news.com\/fr\/voici-la-prochaine-generation-du-toyota-c-hr-en-quelque-sorte\/#respond"]}]},{"@type":"WebPage","@id":"https:\/\/all-car-news.com\/fr\/voici-la-prochaine-generation-du-toyota-c-hr-en-quelque-sorte\/","url":"https:\/\/all-car-news.com\/fr\/voici-la-prochaine-generation-du-toyota-c-hr-en-quelque-sorte\/","name":"Voici la prochaine g\u00e9n\u00e9ration du Toyota C-HR, en quelque sorte. - All cars news","isPartOf":{"@id":"https:\/\/all-car-news.com\/fr\/#website"},"datePublished":"2022-12-06T13:14:56+00:00","dateModified":"2022-12-06T13:14:56+00:00","breadcrumb":{"@id":"https:\/\/all-car-news.com\/fr\/voici-la-prochaine-generation-du-toyota-c-hr-en-quelque-sorte\/#breadcrumb"},"inLanguage":"fr-FR","potentialAction":[{"@type":"ReadAction","target":["https:\/\/all-car-news.com\/fr\/voici-la-prochaine-generation-du-toyota-c-hr-en-quelque-sorte\/"]}]},{"@type":"BreadcrumbList","@id":"https:\/\/all-car-news.com\/fr\/voici-la-prochaine-generation-du-toyota-c-hr-en-quelque-sorte\/#breadcrumb","itemListElement":[{"@type":"ListItem","position":1,"name":"Home","item":"https:\/\/all-car-news.com\/fr\/"},{"@type":"ListItem","position":2,"name":"Voici la prochaine g\u00e9n\u00e9ration du Toyota C-HR, en quelque sorte."}]},{"@type":"WebSite","@id":"https:\/\/all-car-news.com\/fr\/#website","url":"https:\/\/all-car-news.com\/fr\/","name":"All cars news","description":"","publisher":{"@id":"https:\/\/all-car-news.com\/fr\/#organization"},"potentialAction":[{"@type":"SearchAction","target":{"@type":"EntryPoint","urlTemplate":"https:\/\/all-car-news.com\/fr\/?s={search_term_string}"},"query-input":"required name=search_term_string"}],"inLanguage":"fr-FR"},{"@type":"Organization","@id":"https:\/\/all-car-news.com\/fr\/#organization","name":"All cars news","url":"https:\/\/all-car-news.com\/fr\/","logo":{"@type":"ImageObject","inLanguage":"fr-FR","@id":"https:\/\/all-car-news.com\/fr\/#\/schema\/logo\/image\/","url":"https:\/\/all-car-news.com\/wp-content\/uploads\/2022\/02\/CMYK-AllCarNews_LANDSCAPE_300px-1.png","contentUrl":"https:\/\/all-car-news.com\/wp-content\/uploads\/2022\/02\/CMYK-AllCarNews_LANDSCAPE_300px-1.png","width":300,"height":100,"caption":"All cars news"},"image":{"@id":"https:\/\/all-car-news.com\/fr\/#\/schema\/logo\/image\/"}}]}},"_links":{"self":[{"href":"https:\/\/all-car-news.com\/fr\/wp-json\/wp\/v2\/posts\/128044","targetHints":{"allow":["GET"]}}],"collection":[{"href":"https:\/\/all-car-news.com\/fr\/wp-json\/wp\/v2\/posts"}],"about":[{"href":"https:\/\/all-car-news.com\/fr\/wp-json\/wp\/v2\/types\/post"}],"replies":[{"embeddable":true,"href":"https:\/\/all-car-news.com\/fr\/wp-json\/wp\/v2\/comments?post=128044"}],"version-history":[{"count":0,"href":"https:\/\/all-car-news.com\/fr\/wp-json\/wp\/v2\/posts\/128044\/revisions"}],"wp:featuredmedia":[{"embeddable":true,"href":"https:\/\/all-car-news.com\/fr\/wp-json\/wp\/v2\/media\/128075"}],"wp:attachment":[{"href":"https:\/\/all-car-news.com\/fr\/wp-json\/wp\/v2\/media?parent=128044"}],"wp:term":[{"taxonomy":"category","embeddable":true,"href":"https:\/\/all-car-news.com\/fr\/wp-json\/wp\/v2\/categories?post=128044"},{"taxonomy":"post_tag","embeddable":true,"href":"https:\/\/all-car-news.com\/fr\/wp-json\/wp\/v2\/tags?post=128044"}],"curies":[{"name":"wp","href":"https:\/\/api.w.org\/{rel}","templated":true}]}}