{"id":127428,"date":"2022-11-24T10:05:00","date_gmt":"2022-11-24T10:05:00","guid":{"rendered":"https:\/\/all-car-news.com\/vauxhall-vectra-tout-ce-que-vous-devez-savoir\/"},"modified":"2022-11-24T10:05:00","modified_gmt":"2022-11-24T10:05:00","slug":"vauxhall-vectra-tout-ce-que-vous-devez-savoir","status":"publish","type":"post","link":"https:\/\/all-car-news.com\/fr\/vauxhall-vectra-tout-ce-que-vous-devez-savoir\/","title":{"rendered":"Vauxhall Vectra &#8211; tout ce que vous devez savoir"},"content":{"rendered":"<h2><strong>Premi\u00e8re g\u00e9n\u00e9ration : Opel Vectra A<\/strong><\/h2>\n<p>L&rsquo;Opel Vectra est entr\u00e9e sur le march\u00e9 en 1988 en tant que successeur de l&rsquo;Ascona, \u00e9galement un mod\u00e8le connu et populaire \u00e0 l&rsquo;\u00e9poque. Au Royaume-Uni, le mod\u00e8le \u00e9tait appel\u00e9 Vauxhall Cavalier, comme son pr\u00e9d\u00e9cesseur Ascona y \u00e9tait \u00e9galement appel\u00e9. Vauxhall donne toujours une lettre \u00e0 ses g\u00e9n\u00e9rations de mod\u00e8les. Ainsi, la premi\u00e8re g\u00e9n\u00e9ration de l&rsquo;Opel Vectra est connue sous le nom de Vectra A. En tant que voiture familiale polyvalente, la Vectra \u00e9tait disponible en tant que berline \u00e0 quatre portes, en version liftback \u00e0 cinq portes. A proprement parler, il existait \u00e9galement une version coup\u00e9, puisque l&rsquo;<a href=\"https:\/\/autorai.nl\/opel-calibra-alles-wat-je-moet-weten\/\" target=\"_blank\" rel=\"noreferrer noopener\">Opel Calibra<\/a> \u00e9tait bas\u00e9e sur la technologie Vectra. En 1992, la Vectra a subi un subtil lifting.<\/p>\n<p>La gamme de moteurs de la Vauxhall Vectra \u00e9tait tr\u00e8s large. D&rsquo;une part, il y avait des moteurs \u00e0 essence \u00e9conomiques et\/ou puissants de 1,4, 1,6, 1,8 et 2,0 litres. Le Dieseling pouvait \u00eatre r\u00e9alis\u00e9 avec deux diff\u00e9rents quatre-cylindres de 1,7 litre. L&rsquo;un des diesels provenait d&rsquo;Isuzu, avec qui Opel avait un partenariat \u00e0 l&rsquo;\u00e9poque. Plus tard, la voiture \u00e9tait m\u00eame disponible avec un moteur \u00e0 essence V6 de 2,5 litres. Cela n&rsquo;a pas donn\u00e9 lieu \u00e0 des performances sportives, mais cela a fait de la Vectra une d\u00e9licieuse voiture de tourisme. Dans certains pays, dont les Pays-Bas, la Vectra \u00e9tait \u00e9galement propos\u00e9e en version sportive GT, avec un moteur turbo essence de 2,0 litres d\u00e9veloppant jusqu&rsquo;\u00e0 204 ch dans sa version la plus puissante.<\/p>\n<div class=\"galery shuffle galery-0\">\n<figure>\n\t\t\t\t\t<span style=\"cursor: pointer\" data-src=\"https:\/\/autorai.nl\/wp-content\/uploads\/2022\/11\/Opel-Vectra-A-2-1600x900.jpg\" data-fancybox=\"galery-0\" title=\"\"><br \/>\n\t\t\t\t\t\t\t<img decoding=\"async\" width=\"640\" height=\"480\" src=\"https:\/\/autorai.nl\/wp-content\/uploads\/2022\/11\/Opel-Vectra-A-2-640x480.jpg\" class=\"attachment-medium size-medium\" alt=\"\" loading=\"lazy\"><i class=\"fa fa-search-plus\" aria-hidden=\"true\"><\/i><br \/>\n\t\t\t\t\t\t<\/span><br \/>\n\t\t\t\t\t<\/figure>\n<figure>\n\t\t\t\t\t<span style=\"cursor: pointer\" data-src=\"https:\/\/autorai.nl\/wp-content\/uploads\/2022\/11\/Opel-Vectra-A-1-1600x900.jpg\" data-fancybox=\"galery-0\" title=\"\"><br \/>\n\t\t\t\t\t\t\t<img decoding=\"async\" width=\"360\" height=\"270\" src=\"https:\/\/autorai.nl\/wp-content\/uploads\/2022\/11\/Opel-Vectra-A-1-360x270.jpg\" class=\"attachment-small size-small\" alt=\"\" loading=\"lazy\"><i class=\"fa fa-search-plus\" aria-hidden=\"true\"><\/i><br \/>\n\t\t\t\t\t\t<\/span><br \/>\n\t\t\t\t\t<\/figure>\n<figure>\n\t\t\t\t\t<span style=\"cursor: pointer\" data-src=\"https:\/\/autorai.nl\/wp-content\/uploads\/2022\/11\/Opel-Vectra-A-3-1600x900.jpg\" data-fancybox=\"galery-0\" title=\"\"><br \/>\n\t\t\t\t\t\t\t<img decoding=\"async\" width=\"360\" height=\"270\" src=\"https:\/\/autorai.nl\/wp-content\/uploads\/2022\/11\/Opel-Vectra-A-3-360x270.jpg\" class=\"attachment-small size-small\" alt=\"\" loading=\"lazy\"><i class=\"fa fa-search-plus\" aria-hidden=\"true\"><\/i><br \/>\n\t\t\t\t\t\t<\/span><br \/>\n\t\t\t\t\t<\/figure>\n<figure>\n\t\t\t\t\t<span style=\"cursor: pointer\" data-src=\"https:\/\/autorai.nl\/wp-content\/uploads\/2022\/11\/Opel-Vectra-A-4-1600x900.jpg\" data-fancybox=\"galery-0\" title=\"\"><br \/>\n\t\t\t\t\t\t\t<img decoding=\"async\" width=\"640\" height=\"480\" src=\"https:\/\/autorai.nl\/wp-content\/uploads\/2022\/11\/Opel-Vectra-A-4-640x480.jpg\" class=\"attachment-medium size-medium\" alt=\"\" loading=\"lazy\"><i class=\"fa fa-search-plus\" aria-hidden=\"true\"><\/i><br \/>\n\t\t\t\t\t\t<\/span><br \/>\n\t\t\t\t\t<\/figure>\n<figure>\n\t\t\t\t\t<span style=\"cursor: pointer\" data-src=\"https:\/\/autorai.nl\/wp-content\/uploads\/2022\/11\/Opel-Vectra-A-5-1600x900.jpg\" data-fancybox=\"galery-0\" title=\"\"><br \/>\n\t\t\t\t\t\t\t<img decoding=\"async\" width=\"360\" height=\"270\" src=\"https:\/\/autorai.nl\/wp-content\/uploads\/2022\/11\/Opel-Vectra-A-5-360x270.jpg\" class=\"attachment-small size-small\" alt=\"\" loading=\"lazy\"><i class=\"fa fa-search-plus\" aria-hidden=\"true\"><\/i><br \/>\n\t\t\t\t\t\t<\/span><br \/>\n\t\t\t\t\t<\/figure>\n<figure>\n\t\t\t\t\t<span style=\"cursor: pointer\" data-src=\"https:\/\/autorai.nl\/wp-content\/uploads\/2022\/11\/Opel-Vectra-A-6-1600x900.jpg\" data-fancybox=\"galery-0\" title=\"\"><br \/>\n\t\t\t\t\t\t\t<img decoding=\"async\" width=\"360\" height=\"270\" src=\"https:\/\/autorai.nl\/wp-content\/uploads\/2022\/11\/Opel-Vectra-A-6-360x270.jpg\" class=\"attachment-small size-small\" alt=\"\" loading=\"lazy\"><i class=\"fa fa-search-plus\" aria-hidden=\"true\"><\/i><br \/>\n\t\t\t\t\t\t<\/span><br \/>\n\t\t\t\t\t<\/figure>\n<div class=\"clear\"><\/div>\n<\/div>\n<h2><strong>Deuxi\u00e8me g\u00e9n\u00e9ration : Opel Vectra B<\/strong><\/h2>\n<p>En 1995, la toute nouvelle Vauxhall Vectra B a pris le relais. La plus grande nouvelle est sans doute l&rsquo;arriv\u00e9e d&rsquo;une nouvelle variante de carrosserie. D\u00e9sormais, la Vauxhall Vectra existe aussi en version Caravan, un break. Avec l&rsquo;arriv\u00e9e de la Vectra B, le mod\u00e8le allait de toute fa\u00e7on s&rsquo;appeler Vectra au Royaume-Uni. En 1999, la voiture a subi un lifting subtil, qui lui a donn\u00e9 un aspect plus moderne avec des changements mineurs.<\/p>\n<p>La gamme de moteurs est rest\u00e9e large, offrant d\u00e9sormais un moteur \u00e0 essence quatre cylindres de 1,6, 1,8, 2,0 et 2,2 litres ou un moteur diesel quatre cylindres de 1,7, 2,0 et 2,2 litres. L\u00e0 encore, il s&rsquo;agissait d&rsquo;un V6 de 2,5 litres, \u00e9largi par la suite \u00e0 2,6 litres. Il n&rsquo;y avait pas moins de quatre versions sportives : la i500, la Super Touring et la GSi. D&rsquo;ailleurs, ils n&rsquo;ont pas \u00e9t\u00e9 livr\u00e9s dans tous les pays et la production \u00e9tait de toute fa\u00e7on limit\u00e9e. Plus pr\u00e9cis\u00e9ment, l&rsquo;Opel Vectra GSi Caravan fait partie des mod\u00e8les de production Opel les plus rares de tous les temps.<\/p>\n<div class=\"galery shuffle galery-1\">\n<figure>\n\t\t\t\t\t<span style=\"cursor: pointer\" data-src=\"https:\/\/autorai.nl\/wp-content\/uploads\/2022\/11\/Opel-Vectra-B-1-1600x900.jpg\" data-fancybox=\"galery-1\" title=\"\"><br \/>\n\t\t\t\t\t\t\t<img decoding=\"async\" width=\"640\" height=\"480\" src=\"https:\/\/autorai.nl\/wp-content\/uploads\/2022\/11\/Opel-Vectra-B-1-640x480.jpg\" class=\"attachment-medium size-medium\" alt=\"\" loading=\"lazy\"><i class=\"fa fa-search-plus\" aria-hidden=\"true\"><\/i><br \/>\n\t\t\t\t\t\t<\/span><br \/>\n\t\t\t\t\t<\/figure>\n<figure>\n\t\t\t\t\t<span style=\"cursor: pointer\" data-src=\"https:\/\/autorai.nl\/wp-content\/uploads\/2022\/11\/Opel-Vectra-B-2-1600x900.jpg\" data-fancybox=\"galery-1\" title=\"\"><br \/>\n\t\t\t\t\t\t\t<img decoding=\"async\" width=\"360\" height=\"270\" src=\"https:\/\/autorai.nl\/wp-content\/uploads\/2022\/11\/Opel-Vectra-B-2-360x270.jpg\" class=\"attachment-small size-small\" alt=\"\" loading=\"lazy\"><i class=\"fa fa-search-plus\" aria-hidden=\"true\"><\/i><br \/>\n\t\t\t\t\t\t<\/span><br \/>\n\t\t\t\t\t<\/figure>\n<figure>\n\t\t\t\t\t<span style=\"cursor: pointer\" data-src=\"https:\/\/autorai.nl\/wp-content\/uploads\/2022\/11\/Opel-Vectra-B-3-1600x900.jpg\" data-fancybox=\"galery-1\" title=\"\"><br \/>\n\t\t\t\t\t\t\t<img decoding=\"async\" width=\"360\" height=\"270\" src=\"https:\/\/autorai.nl\/wp-content\/uploads\/2022\/11\/Opel-Vectra-B-3-360x270.jpg\" class=\"attachment-small size-small\" alt=\"\" loading=\"lazy\"><i class=\"fa fa-search-plus\" aria-hidden=\"true\"><\/i><br \/>\n\t\t\t\t\t\t<\/span><br \/>\n\t\t\t\t\t<\/figure>\n<figure>\n\t\t\t\t\t<span style=\"cursor: pointer\" data-src=\"https:\/\/autorai.nl\/wp-content\/uploads\/2022\/11\/Opel-Vectra-B-5-1600x900.jpg\" data-fancybox=\"galery-1\" title=\"\"><br \/>\n\t\t\t\t\t\t\t<img decoding=\"async\" width=\"640\" height=\"480\" src=\"https:\/\/autorai.nl\/wp-content\/uploads\/2022\/11\/Opel-Vectra-B-5-640x480.jpg\" class=\"attachment-medium size-medium\" alt=\"\" loading=\"lazy\"><i class=\"fa fa-search-plus\" aria-hidden=\"true\"><\/i><br \/>\n\t\t\t\t\t\t<\/span><br \/>\n\t\t\t\t\t<\/figure>\n<figure>\n\t\t\t\t\t<span style=\"cursor: pointer\" data-src=\"https:\/\/autorai.nl\/wp-content\/uploads\/2022\/11\/Opel-Vectra-B-4-1600x900.jpg\" data-fancybox=\"galery-1\" title=\"\"><br \/>\n\t\t\t\t\t\t\t<img decoding=\"async\" width=\"360\" height=\"270\" src=\"https:\/\/autorai.nl\/wp-content\/uploads\/2022\/11\/Opel-Vectra-B-4-360x270.jpg\" class=\"attachment-small size-small\" alt=\"\" loading=\"lazy\"><i class=\"fa fa-search-plus\" aria-hidden=\"true\"><\/i><br \/>\n\t\t\t\t\t\t<\/span><br \/>\n\t\t\t\t\t<\/figure>\n<figure>\n\t\t\t\t\t<span style=\"cursor: pointer\" data-src=\"https:\/\/autorai.nl\/wp-content\/uploads\/2022\/11\/Opel-Vectra-B-6-1600x1120.jpg\" data-fancybox=\"galery-1\" title=\"\"><br \/>\n\t\t\t\t\t\t\t<img decoding=\"async\" width=\"360\" height=\"270\" src=\"https:\/\/autorai.nl\/wp-content\/uploads\/2022\/11\/Opel-Vectra-B-6-360x270.jpg\" class=\"attachment-small size-small\" alt=\"\" loading=\"lazy\"><i class=\"fa fa-search-plus\" aria-hidden=\"true\"><\/i><br \/>\n\t\t\t\t\t\t<\/span><br \/>\n\t\t\t\t\t<\/figure>\n<div class=\"clear\"><\/div>\n<\/div>\n<h2><strong>Troisi\u00e8me g\u00e9n\u00e9ration : Opel Vectra C<\/strong><\/h2>\n<p>En 2002, l&rsquo;Opel Vectra C est entr\u00e9e sur le march\u00e9, un autre d\u00e9veloppement compl\u00e8tement nouveau. Le type et le nombre de carrosseries sont rest\u00e9s les m\u00eames, bien que la Caravan ait \u00e9t\u00e9 introduite un an plus tard. D\u00e9sormais, il y avait aussi un hatchback cinq portes au style saisissant, mais il \u00e9tait positionn\u00e9 comme Opel Signum en tant que mod\u00e8le s\u00e9par\u00e9. Un lifting a suivi en 2005, plus radical que celui des g\u00e9n\u00e9rations pr\u00e9c\u00e9dentes. L&rsquo;avant a un design beaucoup plus rond. Ce qui \u00e9tait nouveau, c&rsquo;est que l&rsquo;Opel Vectra \u00e9tait disponible pour la premi\u00e8re fois dans une version sportive s\u00e9rieuse en tant que mod\u00e8le de s\u00e9rie, la version OPC avec pas moins de 185 kW (252 ch). Vauxhall a port\u00e9 cette puissance \u00e0 188 kW (256 ch).<\/p>\n<p>La gamme de moteurs est rest\u00e9e largement identique \u00e0 celle de la Vectra B en termes de types de moteurs, avec l&rsquo;ajout d&rsquo;un moteur diesel V6 de 3,0 litres. Le V6 pr\u00e9c\u00e9dent a \u00e9t\u00e9 remplac\u00e9 par un nouveau V6 de 3,2 litres. Par ailleurs, les autres moteurs ont \u00e9t\u00e9 modernis\u00e9s et plus puissants, principalement pour compenser le poids accru de la voiture. Avec le facelift, la plupart des moteurs ont gagn\u00e9 quelques chevaux.<\/p>\n<div class=\"galery shuffle galery-2\">\n<figure>\n\t\t\t\t\t<span style=\"cursor: pointer\" data-src=\"https:\/\/autorai.nl\/wp-content\/uploads\/2022\/11\/Opel-Vectra-C-1-1600x900.jpg\" data-fancybox=\"galery-2\" title=\"\"><br \/>\n\t\t\t\t\t\t\t<img decoding=\"async\" width=\"640\" height=\"480\" src=\"https:\/\/autorai.nl\/wp-content\/uploads\/2022\/11\/Opel-Vectra-C-1-640x480.jpg\" class=\"attachment-medium size-medium\" alt=\"\" loading=\"lazy\"><i class=\"fa fa-search-plus\" aria-hidden=\"true\"><\/i><br \/>\n\t\t\t\t\t\t<\/span><br \/>\n\t\t\t\t\t<\/figure>\n<figure>\n\t\t\t\t\t<span style=\"cursor: pointer\" data-src=\"https:\/\/autorai.nl\/wp-content\/uploads\/2022\/11\/Opel-Vectra-C-2-1600x900.jpg\" data-fancybox=\"galery-2\" title=\"\"><br \/>\n\t\t\t\t\t\t\t<img decoding=\"async\" width=\"360\" height=\"270\" src=\"https:\/\/autorai.nl\/wp-content\/uploads\/2022\/11\/Opel-Vectra-C-2-360x270.jpg\" class=\"attachment-small size-small\" alt=\"\" loading=\"lazy\"><i class=\"fa fa-search-plus\" aria-hidden=\"true\"><\/i><br \/>\n\t\t\t\t\t\t<\/span><br \/>\n\t\t\t\t\t<\/figure>\n<figure>\n\t\t\t\t\t<span style=\"cursor: pointer\" data-src=\"https:\/\/autorai.nl\/wp-content\/uploads\/2022\/11\/Opel-Vectra-C-3-1600x900.jpg\" data-fancybox=\"galery-2\" title=\"\"><br \/>\n\t\t\t\t\t\t\t<img decoding=\"async\" width=\"360\" height=\"270\" src=\"https:\/\/autorai.nl\/wp-content\/uploads\/2022\/11\/Opel-Vectra-C-3-360x270.jpg\" class=\"attachment-small size-small\" alt=\"\" loading=\"lazy\"><i class=\"fa fa-search-plus\" aria-hidden=\"true\"><\/i><br \/>\n\t\t\t\t\t\t<\/span><br \/>\n\t\t\t\t\t<\/figure>\n<figure>\n\t\t\t\t\t<span style=\"cursor: pointer\" data-src=\"https:\/\/autorai.nl\/wp-content\/uploads\/2022\/11\/Opel-Vectra-C-5-1600x900.jpg\" data-fancybox=\"galery-2\" title=\"\"><br \/>\n\t\t\t\t\t\t\t<img decoding=\"async\" width=\"640\" height=\"480\" src=\"https:\/\/autorai.nl\/wp-content\/uploads\/2022\/11\/Opel-Vectra-C-5-640x480.jpg\" class=\"attachment-medium size-medium\" alt=\"\" loading=\"lazy\"><i class=\"fa fa-search-plus\" aria-hidden=\"true\"><\/i><br \/>\n\t\t\t\t\t\t<\/span><br \/>\n\t\t\t\t\t<\/figure>\n<figure>\n\t\t\t\t\t<span style=\"cursor: pointer\" data-src=\"https:\/\/autorai.nl\/wp-content\/uploads\/2022\/11\/Opel-Vectra-C-4-1600x900.jpg\" data-fancybox=\"galery-2\" title=\"\"><br \/>\n\t\t\t\t\t\t\t<img decoding=\"async\" width=\"360\" height=\"270\" src=\"https:\/\/autorai.nl\/wp-content\/uploads\/2022\/11\/Opel-Vectra-C-4-360x270.jpg\" class=\"attachment-small size-small\" alt=\"\" loading=\"lazy\"><i class=\"fa fa-search-plus\" aria-hidden=\"true\"><\/i><br \/>\n\t\t\t\t\t\t<\/span><br \/>\n\t\t\t\t\t<\/figure>\n<figure>\n\t\t\t\t\t<span style=\"cursor: pointer\" data-src=\"https:\/\/autorai.nl\/wp-content\/uploads\/2022\/11\/Opel-Vectra-C-6-1600x900.jpg\" data-fancybox=\"galery-2\" title=\"\"><br \/>\n\t\t\t\t\t\t\t<img decoding=\"async\" width=\"360\" height=\"270\" src=\"https:\/\/autorai.nl\/wp-content\/uploads\/2022\/11\/Opel-Vectra-C-6-360x270.jpg\" class=\"attachment-small size-small\" alt=\"\" loading=\"lazy\"><i class=\"fa fa-search-plus\" aria-hidden=\"true\"><\/i><br \/>\n\t\t\t\t\t\t<\/span><br \/>\n\t\t\t\t\t<\/figure>\n<div class=\"clear\"><\/div>\n<\/div>\n<h2><strong>Successeur : Opel Insignia<\/strong><\/h2>\n<p>L&rsquo;histoire de la Vectra s&rsquo;est termin\u00e9e en 2010, avec l&rsquo;arriv\u00e9e de la toute nouvelle <a href=\"https:\/\/www.opel.nl\/\" target=\"_blank\" rel=\"noreferrer noopener\">Opel<\/a> Insignia. Pourtant, \u00e0 part le design l\u00e9g\u00e8rement plus \u00ab\u00a0excitant\u00a0\u00bb, l&rsquo;Insignia a continu\u00e9 sur la m\u00eame voie. La ligne Insignia sera toujours vendue, mais uniquement en Chine \u00e0 partir de 2022.<\/p>\n<h2><strong>L&rsquo;Opel Vectra \u00e0 l&rsquo;\u00e9tranger<\/strong><\/h2>\n<p>On peut dire que la Vectra \u00e9tait une voiture v\u00e9ritablement mondiale, car elle \u00e9tait \u00e9galement vendue en dehors de l&rsquo;Europe. Ainsi, la Vectra \u00e9tait vendue sous le nom de Chevrolet en Am\u00e9rique latine et en Australie et Nouvelle-Z\u00e9lande, la voiture \u00e9tait une Holden. L&rsquo;Opel Vectra de derni\u00e8re g\u00e9n\u00e9ration a \u00e9galement \u00e9t\u00e9 vendue en Am\u00e9rique du Nord, mais sous une forme modifi\u00e9e, sous le nom de Saturn Aura. Ce n&rsquo;est qu&rsquo;au Chili que l&rsquo;Opel Insignia a \u00e9t\u00e9 bri\u00e8vement livr\u00e9e sous le nom de Vectra. Ce mod\u00e8le est toujours rest\u00e9 rare.<\/p>\n<h2><strong>L&rsquo;Opel Vectra en sport automobile<\/strong><\/h2>\n<p>Bien que la Vectra soit une berline relativement grande, les g\u00e9n\u00e9rations B et C ont \u00e9galement \u00e9t\u00e9 r\u00e9guli\u00e8rement utilis\u00e9es en sport automobile. Ainsi, la Vectra B a particip\u00e9 au British Touring Car Championship, au Asia-Pacific Touring Car Championship, \u00e0 la German Super Tourenwagen Cup, au Australian Super Touring Championship, au Japanese Touring Car Championship, au Italian Superturismo Championship, au French Supertouring Championship et au Swedish Touring Car Championship.<\/p>\n<p>La Vectra C a particip\u00e9 au British Touring Car Championship, au Deutsche Tourenwagen Masters, au Stock Car Brasil et \u00e0 l&rsquo;Argentine Top Race V6. La plupart des Vectra C \u00e9taient des voitures de course de type silhouette, c&rsquo;est-\u00e0-dire des voitures de course \u00ab\u00a0pur-sang\u00a0\u00bb dont la carrosserie ne fait r\u00e9f\u00e9rence qu&rsquo;au mod\u00e8le de rue.<\/p>\n<figure class=\"wp-block-image size-content\"><img decoding=\"async\" loading=\"lazy\" width=\"1140\" height=\"641\" src=\"https:\/\/autorai.nl\/wp-content\/uploads\/2022\/11\/Opel-Vectra-C-7-1140x641.jpg\" alt=\"\" class=\"wp-image-140427\"><\/figure>\n<h2><strong>Points d&rsquo;int\u00e9r\u00eat Vauxhall Vectra d&rsquo;occasion<\/strong><\/h2>\n<p>Il est certain que la ou les derni\u00e8res g\u00e9n\u00e9rations d&rsquo;Opel Vectra sont encore int\u00e9ressantes comme voiture d&rsquo;occasion. La premi\u00e8re g\u00e9n\u00e9ration commence lentement \u00e0 susciter l&rsquo;int\u00e9r\u00eat des amateurs de youngtimer. Il y a cependant quelques points \u00e0 consid\u00e9rer si vous \u00eates sur le march\u00e9 de la Vectra d&rsquo;occasion.<\/p>\n<p>Par exemple, l&rsquo;Opel Vectra C souffre encore parfois de divers dysfonctionnements \u00e9lectroniques. Ceux-ci ont g\u00e9n\u00e9ralement une cause assez simple. Notez \u00e9galement que tous les moteurs Vectra ne sont pas adapt\u00e9s \u00e0 l&rsquo;essence E10. Vous devez donc toujours faire le plein avec du E5 (Euro98). L&rsquo;avantage est que le moteur fonctionne mieux et plus \u00e9conomiquement, ce qui est vrai pour tous les moteurs \u00e0 essence d&rsquo;ailleurs.<\/p>\n<p>Un avantage est pr\u00e9cis\u00e9ment que les voitures comme la Vectra sont relativement peu demand\u00e9es de nos jours, de sorte que vous pouvez en trouver de bonnes d&rsquo;occasion pour peu d&rsquo;argent. La gamme autrefois polyvalente vous permet d\u00e9sormais de disposer \u00e9galement d&rsquo;un large \u00e9ventail de voitures d&rsquo;occasion. Cependant, la plupart des moteurs diesel et des versions avec bo\u00eete automatique ont \u00e9t\u00e9 export\u00e9s depuis longtemps.<\/p>\n","protected":false},"excerpt":{"rendered":"Premi\u00e8re g\u00e9n\u00e9ration : Opel Vectra A L'Opel Vectra a \u00e9t\u00e9 lanc\u00e9e en 1988 pour succ\u00e9der \u00e0 l'Ascona, \u00e9galement un mod\u00e8le\u2026","protected":false},"author":0,"featured_media":127394,"comment_status":"open","ping_status":"open","sticky":false,"template":"","format":"standard","meta":{"footnotes":""},"categories":[127],"tags":[],"class_list":["post-127428","post","type-post","status-publish","format-standard","has-post-thumbnail","hentry","category-nouvelles-de-voiture"],"acf":[],"yoast_head":"<!-- This site is optimized with the Yoast SEO plugin v21.2 - https:\/\/yoast.com\/wordpress\/plugins\/seo\/ -->\n<title>Vauxhall Vectra - tout ce que vous devez savoir - All cars news<\/title>\n<meta name=\"robots\" content=\"index, follow, max-snippet:-1, max-image-preview:large, max-video-preview:-1\" \/>\n<link rel=\"canonical\" href=\"https:\/\/all-car-news.com\/fr\/vauxhall-vectra-tout-ce-que-vous-devez-savoir\/\" \/>\n<meta property=\"og:locale\" content=\"fr_FR\" \/>\n<meta property=\"og:type\" content=\"article\" \/>\n<meta property=\"og:title\" content=\"Vauxhall Vectra - tout ce que vous devez savoir - All cars news\" \/>\n<meta property=\"og:description\" content=\"Premi\u00e8re g\u00e9n\u00e9ration : Opel Vectra A L&#039;Opel Vectra a \u00e9t\u00e9 lanc\u00e9e en 1988 pour succ\u00e9der \u00e0 l&#039;Ascona, \u00e9galement un mod\u00e8le connu et populaire \u00e0 l&#039;\u00e9poque. Au Royaume-Uni, le mod\u00e8le \u00e9tait appel\u00e9 Vauxhall Cavalier, comme son pr\u00e9d\u00e9cesseur Ascona y \u00e9tait \u00e9galement appel\u00e9. Vauxhall donne toujours une lettre \u00e0 ses g\u00e9n\u00e9rations de mod\u00e8les. Ainsi, le premier [...]\" \/>\n<meta property=\"og:url\" content=\"https:\/\/all-car-news.com\/fr\/vauxhall-vectra-tout-ce-que-vous-devez-savoir\/\" \/>\n<meta property=\"og:site_name\" content=\"All cars news\" \/>\n<meta property=\"article:published_time\" content=\"2022-11-24T10:05:00+00:00\" \/>\n<meta property=\"og:image\" content=\"https:\/\/autorai.nl\/wp-content\/uploads\/2022\/11\/Opel-Vectra-A-2-640x480.jpg\" \/>\n<meta name=\"twitter:card\" content=\"summary_large_image\" \/>\n<meta name=\"twitter:label1\" content=\"Dur\u00e9e de lecture estim\u00e9e\" \/>\n\t<meta name=\"twitter:data1\" content=\"6 minutes\" \/>\n<script type=\"application\/ld+json\" class=\"yoast-schema-graph\">{\"@context\":\"https:\/\/schema.org\",\"@graph\":[{\"@type\":\"Article\",\"@id\":\"https:\/\/all-car-news.com\/fr\/vauxhall-vectra-tout-ce-que-vous-devez-savoir\/#article\",\"isPartOf\":{\"@id\":\"https:\/\/all-car-news.com\/fr\/vauxhall-vectra-tout-ce-que-vous-devez-savoir\/\"},\"author\":{\"name\":\"\",\"@id\":\"\"},\"headline\":\"Vauxhall Vectra &#8211; tout ce que vous devez savoir\",\"datePublished\":\"2022-11-24T10:05:00+00:00\",\"dateModified\":\"2022-11-24T10:05:00+00:00\",\"mainEntityOfPage\":{\"@id\":\"https:\/\/all-car-news.com\/fr\/vauxhall-vectra-tout-ce-que-vous-devez-savoir\/\"},\"wordCount\":1147,\"commentCount\":0,\"publisher\":{\"@id\":\"https:\/\/all-car-news.com\/fr\/#organization\"},\"articleSection\":[\"nouvelles de voiture\"],\"inLanguage\":\"fr-FR\",\"potentialAction\":[{\"@type\":\"CommentAction\",\"name\":\"Comment\",\"target\":[\"https:\/\/all-car-news.com\/fr\/vauxhall-vectra-tout-ce-que-vous-devez-savoir\/#respond\"]}]},{\"@type\":\"WebPage\",\"@id\":\"https:\/\/all-car-news.com\/fr\/vauxhall-vectra-tout-ce-que-vous-devez-savoir\/\",\"url\":\"https:\/\/all-car-news.com\/fr\/vauxhall-vectra-tout-ce-que-vous-devez-savoir\/\",\"name\":\"Vauxhall Vectra - tout ce que vous devez savoir - All cars news\",\"isPartOf\":{\"@id\":\"https:\/\/all-car-news.com\/fr\/#website\"},\"datePublished\":\"2022-11-24T10:05:00+00:00\",\"dateModified\":\"2022-11-24T10:05:00+00:00\",\"breadcrumb\":{\"@id\":\"https:\/\/all-car-news.com\/fr\/vauxhall-vectra-tout-ce-que-vous-devez-savoir\/#breadcrumb\"},\"inLanguage\":\"fr-FR\",\"potentialAction\":[{\"@type\":\"ReadAction\",\"target\":[\"https:\/\/all-car-news.com\/fr\/vauxhall-vectra-tout-ce-que-vous-devez-savoir\/\"]}]},{\"@type\":\"BreadcrumbList\",\"@id\":\"https:\/\/all-car-news.com\/fr\/vauxhall-vectra-tout-ce-que-vous-devez-savoir\/#breadcrumb\",\"itemListElement\":[{\"@type\":\"ListItem\",\"position\":1,\"name\":\"Home\",\"item\":\"https:\/\/all-car-news.com\/fr\/\"},{\"@type\":\"ListItem\",\"position\":2,\"name\":\"Vauxhall Vectra &#8211; tout ce que vous devez savoir\"}]},{\"@type\":\"WebSite\",\"@id\":\"https:\/\/all-car-news.com\/fr\/#website\",\"url\":\"https:\/\/all-car-news.com\/fr\/\",\"name\":\"All cars news\",\"description\":\"\",\"publisher\":{\"@id\":\"https:\/\/all-car-news.com\/fr\/#organization\"},\"potentialAction\":[{\"@type\":\"SearchAction\",\"target\":{\"@type\":\"EntryPoint\",\"urlTemplate\":\"https:\/\/all-car-news.com\/fr\/?s={search_term_string}\"},\"query-input\":\"required name=search_term_string\"}],\"inLanguage\":\"fr-FR\"},{\"@type\":\"Organization\",\"@id\":\"https:\/\/all-car-news.com\/fr\/#organization\",\"name\":\"All cars news\",\"url\":\"https:\/\/all-car-news.com\/fr\/\",\"logo\":{\"@type\":\"ImageObject\",\"inLanguage\":\"fr-FR\",\"@id\":\"https:\/\/all-car-news.com\/fr\/#\/schema\/logo\/image\/\",\"url\":\"https:\/\/all-car-news.com\/wp-content\/uploads\/2022\/02\/CMYK-AllCarNews_LANDSCAPE_300px-1.png\",\"contentUrl\":\"https:\/\/all-car-news.com\/wp-content\/uploads\/2022\/02\/CMYK-AllCarNews_LANDSCAPE_300px-1.png\",\"width\":300,\"height\":100,\"caption\":\"All cars news\"},\"image\":{\"@id\":\"https:\/\/all-car-news.com\/fr\/#\/schema\/logo\/image\/\"}}]}<\/script>\n<!-- \/ Yoast SEO plugin. -->","yoast_head_json":{"title":"Vauxhall Vectra - tout ce que vous devez savoir - All cars news","robots":{"index":"index","follow":"follow","max-snippet":"max-snippet:-1","max-image-preview":"max-image-preview:large","max-video-preview":"max-video-preview:-1"},"canonical":"https:\/\/all-car-news.com\/fr\/vauxhall-vectra-tout-ce-que-vous-devez-savoir\/","og_locale":"fr_FR","og_type":"article","og_title":"Vauxhall Vectra - tout ce que vous devez savoir - All cars news","og_description":"Premi\u00e8re g\u00e9n\u00e9ration : Opel Vectra A L'Opel Vectra a \u00e9t\u00e9 lanc\u00e9e en 1988 pour succ\u00e9der \u00e0 l'Ascona, \u00e9galement un mod\u00e8le connu et populaire \u00e0 l'\u00e9poque. Au Royaume-Uni, le mod\u00e8le \u00e9tait appel\u00e9 Vauxhall Cavalier, comme son pr\u00e9d\u00e9cesseur Ascona y \u00e9tait \u00e9galement appel\u00e9. Vauxhall donne toujours une lettre \u00e0 ses g\u00e9n\u00e9rations de mod\u00e8les. Ainsi, le premier [...]","og_url":"https:\/\/all-car-news.com\/fr\/vauxhall-vectra-tout-ce-que-vous-devez-savoir\/","og_site_name":"All cars news","article_published_time":"2022-11-24T10:05:00+00:00","og_image":[{"url":"https:\/\/autorai.nl\/wp-content\/uploads\/2022\/11\/Opel-Vectra-A-2-640x480.jpg"}],"twitter_card":"summary_large_image","twitter_misc":{"Dur\u00e9e de lecture estim\u00e9e":"6 minutes"},"schema":{"@context":"https:\/\/schema.org","@graph":[{"@type":"Article","@id":"https:\/\/all-car-news.com\/fr\/vauxhall-vectra-tout-ce-que-vous-devez-savoir\/#article","isPartOf":{"@id":"https:\/\/all-car-news.com\/fr\/vauxhall-vectra-tout-ce-que-vous-devez-savoir\/"},"author":{"name":"","@id":""},"headline":"Vauxhall Vectra &#8211; tout ce que vous devez savoir","datePublished":"2022-11-24T10:05:00+00:00","dateModified":"2022-11-24T10:05:00+00:00","mainEntityOfPage":{"@id":"https:\/\/all-car-news.com\/fr\/vauxhall-vectra-tout-ce-que-vous-devez-savoir\/"},"wordCount":1147,"commentCount":0,"publisher":{"@id":"https:\/\/all-car-news.com\/fr\/#organization"},"articleSection":["nouvelles de voiture"],"inLanguage":"fr-FR","potentialAction":[{"@type":"CommentAction","name":"Comment","target":["https:\/\/all-car-news.com\/fr\/vauxhall-vectra-tout-ce-que-vous-devez-savoir\/#respond"]}]},{"@type":"WebPage","@id":"https:\/\/all-car-news.com\/fr\/vauxhall-vectra-tout-ce-que-vous-devez-savoir\/","url":"https:\/\/all-car-news.com\/fr\/vauxhall-vectra-tout-ce-que-vous-devez-savoir\/","name":"Vauxhall Vectra - tout ce que vous devez savoir - All cars news","isPartOf":{"@id":"https:\/\/all-car-news.com\/fr\/#website"},"datePublished":"2022-11-24T10:05:00+00:00","dateModified":"2022-11-24T10:05:00+00:00","breadcrumb":{"@id":"https:\/\/all-car-news.com\/fr\/vauxhall-vectra-tout-ce-que-vous-devez-savoir\/#breadcrumb"},"inLanguage":"fr-FR","potentialAction":[{"@type":"ReadAction","target":["https:\/\/all-car-news.com\/fr\/vauxhall-vectra-tout-ce-que-vous-devez-savoir\/"]}]},{"@type":"BreadcrumbList","@id":"https:\/\/all-car-news.com\/fr\/vauxhall-vectra-tout-ce-que-vous-devez-savoir\/#breadcrumb","itemListElement":[{"@type":"ListItem","position":1,"name":"Home","item":"https:\/\/all-car-news.com\/fr\/"},{"@type":"ListItem","position":2,"name":"Vauxhall Vectra &#8211; tout ce que vous devez savoir"}]},{"@type":"WebSite","@id":"https:\/\/all-car-news.com\/fr\/#website","url":"https:\/\/all-car-news.com\/fr\/","name":"All cars news","description":"","publisher":{"@id":"https:\/\/all-car-news.com\/fr\/#organization"},"potentialAction":[{"@type":"SearchAction","target":{"@type":"EntryPoint","urlTemplate":"https:\/\/all-car-news.com\/fr\/?s={search_term_string}"},"query-input":"required name=search_term_string"}],"inLanguage":"fr-FR"},{"@type":"Organization","@id":"https:\/\/all-car-news.com\/fr\/#organization","name":"All cars news","url":"https:\/\/all-car-news.com\/fr\/","logo":{"@type":"ImageObject","inLanguage":"fr-FR","@id":"https:\/\/all-car-news.com\/fr\/#\/schema\/logo\/image\/","url":"https:\/\/all-car-news.com\/wp-content\/uploads\/2022\/02\/CMYK-AllCarNews_LANDSCAPE_300px-1.png","contentUrl":"https:\/\/all-car-news.com\/wp-content\/uploads\/2022\/02\/CMYK-AllCarNews_LANDSCAPE_300px-1.png","width":300,"height":100,"caption":"All cars news"},"image":{"@id":"https:\/\/all-car-news.com\/fr\/#\/schema\/logo\/image\/"}}]}},"_links":{"self":[{"href":"https:\/\/all-car-news.com\/fr\/wp-json\/wp\/v2\/posts\/127428","targetHints":{"allow":["GET"]}}],"collection":[{"href":"https:\/\/all-car-news.com\/fr\/wp-json\/wp\/v2\/posts"}],"about":[{"href":"https:\/\/all-car-news.com\/fr\/wp-json\/wp\/v2\/types\/post"}],"replies":[{"embeddable":true,"href":"https:\/\/all-car-news.com\/fr\/wp-json\/wp\/v2\/comments?post=127428"}],"version-history":[{"count":0,"href":"https:\/\/all-car-news.com\/fr\/wp-json\/wp\/v2\/posts\/127428\/revisions"}],"wp:featuredmedia":[{"embeddable":true,"href":"https:\/\/all-car-news.com\/fr\/wp-json\/wp\/v2\/media\/127394"}],"wp:attachment":[{"href":"https:\/\/all-car-news.com\/fr\/wp-json\/wp\/v2\/media?parent=127428"}],"wp:term":[{"taxonomy":"category","embeddable":true,"href":"https:\/\/all-car-news.com\/fr\/wp-json\/wp\/v2\/categories?post=127428"},{"taxonomy":"post_tag","embeddable":true,"href":"https:\/\/all-car-news.com\/fr\/wp-json\/wp\/v2\/tags?post=127428"}],"curies":[{"name":"wp","href":"https:\/\/api.w.org\/{rel}","templated":true}]}}