{"id":127352,"date":"2022-11-23T08:37:06","date_gmt":"2022-11-23T08:37:06","guid":{"rendered":"https:\/\/all-car-news.com\/mazda-change-completement-de-cap-les-plans-futurs-sont-mis-en-avant\/"},"modified":"2022-11-23T08:37:06","modified_gmt":"2022-11-23T08:37:06","slug":"mazda-change-completement-de-cap-les-plans-futurs-sont-mis-en-avant","status":"publish","type":"post","link":"https:\/\/all-car-news.com\/fr\/mazda-change-completement-de-cap-les-plans-futurs-sont-mis-en-avant\/","title":{"rendered":"Mazda change compl\u00e8tement de cap : les plans futurs sont mis en avant"},"content":{"rendered":"<h2>L&rsquo;avenir de Mazda<\/h2>\n<p>Ces derni\u00e8res ann\u00e9es, l&rsquo;environnement dans lequel \u00e9voluent les constructeurs automobiles a radicalement chang\u00e9, notamment en Europe avec la croissance des produits \u00e9lectrifi\u00e9s et les r\u00e9glementations associ\u00e9es. Du travail \u00e0 faire, alors. Pour r\u00e9pondre avec souplesse \u00e0 ces changements futurs, Mazda pr\u00e9sente un <a href=\"https:\/\/eu.mazda-press.com\/news\/2022\/mazda-continues-to-build-for-the-future\/\" target=\"_blank\" rel=\"noreferrer noopener\">plan en trois phases<\/a> pour la p\u00e9riode allant jusqu&rsquo;\u00e0 2030. C&rsquo;est l&rsquo;avenir de Mazda.<\/p>\n<h2>R\u00e9duction des co\u00fbts de Mazda<\/h2>\n<p>D&rsquo;aujourd&rsquo;hui \u00e0 2024, Mazda s&rsquo;efforcera de mieux r\u00e9sister aux changements environnementaux. L&rsquo;accent est mis sur le renforcement des d\u00e9veloppements technologiques, des cha\u00eenes d&rsquo;approvisionnement et des \u00e9conomies de co\u00fbts.<\/p>\n<p>Pendant ce temps, Mazda acc\u00e9l\u00e8re l&rsquo;\u00e9lectrification de sa flotte en lan\u00e7ant, selon elle, des produits attrayants conformes aux r\u00e9glementations des march\u00e9s respectifs. Mazda continue d&rsquo;utiliser ici l&rsquo;approche Mazda Multi-Solution afin que les clients puissent choisir ce qui leur convient le mieux.<\/p>\n<figure class=\"wp-block-image size-content\"><img decoding=\"async\" loading=\"lazy\" width=\"1140\" height=\"725\" src=\"https:\/\/autorai.nl\/wp-content\/uploads\/2022\/11\/mazda-vision-concept-foto4-1140x725.jpg\" alt=\"\" class=\"wp-image-140198\"><\/figure>\n<h2>Mazda Vision Concept, un aper\u00e7u de la nouvelle MX-5 ?<\/h2>\n<p>En Europe, Mazda est tr\u00e8s fier du succ\u00e8s de la Mazda MX-30 BEV, du lancement r\u00e9cent de la <a href=\"https:\/\/autorai.nl\/vijf-redenen-om-niet-een-mazda-cx-60-te-kopen\/\">Mazda CX-60 PHEV<\/a> qui s&rsquo;est d\u00e9j\u00e0 vendue \u00e0 plus de 20 000 unit\u00e9s et de l&rsquo;arriv\u00e9e de la Mazda MX-30 R-EV en 2023. Cette version a un moteur wankel comme prolongateur d&rsquo;autonomie. D&rsquo;autres produits \u00e9lectrifi\u00e9s suivront ensuite, notamment le Mazda CX-80 \u00e0 trois rang\u00e9es de si\u00e8ges. Mazda pr\u00e9sente \u00e9galement, en m\u00eame temps que ces futurs plans, le Mazda Vision Concept, un mod\u00e8le d&rsquo;\u00e9tude comportant, de mani\u00e8re suspecte, de nombreuses caract\u00e9ristiques de la MX-5. Il est possible que ce mod\u00e8le donne un avant-go\u00fbt de la MX-5 du futur. Car oui, il y a aussi de la place pour une nouvelle MX-5 \u00e0 l&rsquo;avenir. Le mod\u00e8le donne peut-\u00eatre aussi un avant-go\u00fbt de la nouvelle RX-7.<\/p>\n<figure class=\"wp-block-image size-content\"><img decoding=\"async\" loading=\"lazy\" width=\"1140\" height=\"780\" src=\"https:\/\/autorai.nl\/wp-content\/uploads\/2022\/11\/mazda-vision-concept-foto3-1140x780.jpg\" alt=\"\" class=\"wp-image-140197\"><\/figure>\n<h2>L&rsquo;avenir de Mazda de 2025 \u00e0 2027<\/h2>\n<p>De 2025 \u00e0 2027, lorsque les r\u00e9glementations deviendront plus strictes, notamment en Europe, Mazda prendra les prochaines mesures n\u00e9cessaires pour stimuler la transition vers l&rsquo;\u00e9lectrification de sa gamme. Cela inclut \u00e0 la fois le raffinement et l&rsquo;utilisation des multiples technologies d&rsquo;\u00e9lectrification et de production de Mazda et le lancement mondial de nouveaux v\u00e9hicules \u00e9lectriques \u00e0 batterie, promet le constructeur.<\/p>\n<h2>Accords de partenariat avec Mazda<\/h2>\n<p>Mazda r\u00e9alisera la transition vers l&rsquo;\u00e9lectrification gr\u00e2ce \u00e0 des collaborations dans plusieurs domaines. Lors de la pr\u00e9sentation de ce futur plan, il a \u00e9t\u00e9 annonc\u00e9 que Mazda a sign\u00e9 un accord de coop\u00e9ration pour d\u00e9velopper et produire des groupes motopropulseurs \u00e9lectriques hautement efficaces avec ses partenaires. L&rsquo;investissement dans la production de batteries fait \u00e9galement partie des plans futurs.<\/p>\n<figure class=\"wp-block-image size-content\"><img decoding=\"async\" loading=\"lazy\" width=\"1140\" height=\"641\" src=\"https:\/\/autorai.nl\/wp-content\/uploads\/2022\/11\/mazda-vision-concept-foto1-1140x641.jpg\" alt=\"Mazda Vision Concept - c\u00f4t\u00e9\" class=\"wp-image-140200\"><\/figure>\n<h2>Neutralit\u00e9 carbone d&rsquo;ici 2050<\/h2>\n<p>Tous ces plans devraient permettre \u00e0 Mazda d&rsquo;atteindre la neutralit\u00e9 carbone dans toutes ses activit\u00e9s d&rsquo;ici 2050. Mazda travaille avec plusieurs partenaires pour r\u00e9aliser ces plans futurs. Il s&rsquo;agit de noms d&rsquo;entreprises dont vous n&rsquo;avez probablement jamais entendu parler.<\/p>\n<h2>Mazda collabore avec les entreprises suivantes<\/h2>\n<p>Pour d\u00e9velopper et produire des groupes motopropulseurs \u00e9lectriques hautement efficaces, Mazda collabore avec pas moins de sept entreprises. Il s&rsquo;agit de Imasen Electric Industrial, Ondo Corporation, Chuo Kaseihin, Hiroshima Aluminum Industry, HIROTEC Corporation, Fukuta Electric &amp; Machinery et ROHM.<\/p>\n<p>Avec Ondo, Hiroshima Aluminum Industry et HIROTEC, Mazda a cr\u00e9\u00e9 une coentreprise pour d\u00e9velopper une technologie de production efficace. Mazda vise \u00e9galement \u00e0 \u00e9tablir avec ces parties un cadre de fabrication et d&rsquo;approvisionnement pour les unit\u00e9s de propulsion \u00e9lectrique.<\/p>\n<p>Un accord de coop\u00e9ration a \u00e9t\u00e9 conclu avec Imasen Electric Industrial et ROHM pour le d\u00e9veloppement d&rsquo;onduleurs, comprenant des semi-conducteurs en carbure de silicium. Pour d\u00e9velopper des moteurs \u00e9lectriques, Mazda travaille avec Chuo Kaseihin et Fukuta Electric &amp; Machinery. Enfin, Mazda a cr\u00e9\u00e9 une coentreprise avec Fukuta Electric &amp; Machinery pour recueillir des connaissances et d\u00e9velopper la technologie des moteurs.<\/p>\n<figure class=\"wp-block-image size-content\"><img decoding=\"async\" loading=\"lazy\" width=\"1140\" height=\"641\" src=\"https:\/\/autorai.nl\/wp-content\/uploads\/2022\/11\/mazda-vision-concept-foto5-1140x641.jpg\" alt=\"Mazda Vision Concept - partie arri\u00e8re\" class=\"wp-image-140199\"><\/figure>\n","protected":false},"excerpt":{"rendered":"L'avenir de Mazda Ces derni\u00e8res ann\u00e9es, l'environnement dans lequel \u00e9voluent les constructeurs automobiles a radicalement chang\u00e9, notamment en Europe avec\u2026","protected":false},"author":0,"featured_media":127310,"comment_status":"open","ping_status":"open","sticky":false,"template":"","format":"standard","meta":{"footnotes":""},"categories":[131,127],"tags":[],"class_list":["post-127352","post","type-post","status-publish","format-standard","has-post-thumbnail","hentry","category-fond","category-nouvelles-de-voiture"],"acf":[],"yoast_head":"<!-- This site is optimized with the Yoast SEO plugin v21.2 - https:\/\/yoast.com\/wordpress\/plugins\/seo\/ -->\n<title>Mazda change compl\u00e8tement de cap : les plans futurs sont mis en avant - All cars news<\/title>\n<meta name=\"robots\" content=\"index, follow, max-snippet:-1, max-image-preview:large, max-video-preview:-1\" \/>\n<link rel=\"canonical\" href=\"https:\/\/all-car-news.com\/fr\/mazda-change-completement-de-cap-les-plans-futurs-sont-mis-en-avant\/\" \/>\n<meta property=\"og:locale\" content=\"fr_FR\" \/>\n<meta property=\"og:type\" content=\"article\" \/>\n<meta property=\"og:title\" content=\"Mazda change compl\u00e8tement de cap : les plans futurs sont mis en avant - All cars news\" \/>\n<meta property=\"og:description\" content=\"L&#039;avenir de Mazda Ces derni\u00e8res ann\u00e9es, l&#039;environnement dans lequel \u00e9voluent les constructeurs automobiles a radicalement chang\u00e9, notamment en Europe avec la croissance des produits \u00e9lectrifi\u00e9s et les r\u00e9glementations associ\u00e9es. Du travail \u00e0 faire, alors. Pour r\u00e9pondre avec souplesse \u00e0 ces changements futurs, Mazda pr\u00e9sente un plan en trois phases pour la p\u00e9riode allant jusqu&#039;\u00e0 2030. C&#039;est l&#039;avenir de Mazda. Les \u00e9conomies r\u00e9alis\u00e9es gr\u00e2ce \u00e0 [...]\" \/>\n<meta property=\"og:url\" content=\"https:\/\/all-car-news.com\/fr\/mazda-change-completement-de-cap-les-plans-futurs-sont-mis-en-avant\/\" \/>\n<meta property=\"og:site_name\" content=\"All cars news\" \/>\n<meta property=\"article:published_time\" content=\"2022-11-23T08:37:06+00:00\" \/>\n<meta property=\"og:image\" content=\"https:\/\/autorai.nl\/wp-content\/uploads\/2022\/11\/mazda-vision-concept-foto4-1140x725.jpg\" \/>\n<meta name=\"twitter:card\" content=\"summary_large_image\" \/>\n<meta name=\"twitter:label1\" content=\"Dur\u00e9e de lecture estim\u00e9e\" \/>\n\t<meta name=\"twitter:data1\" content=\"3 minutes\" \/>\n<script type=\"application\/ld+json\" class=\"yoast-schema-graph\">{\"@context\":\"https:\/\/schema.org\",\"@graph\":[{\"@type\":\"Article\",\"@id\":\"https:\/\/all-car-news.com\/fr\/mazda-change-completement-de-cap-les-plans-futurs-sont-mis-en-avant\/#article\",\"isPartOf\":{\"@id\":\"https:\/\/all-car-news.com\/fr\/mazda-change-completement-de-cap-les-plans-futurs-sont-mis-en-avant\/\"},\"author\":{\"name\":\"\",\"@id\":\"\"},\"headline\":\"Mazda change compl\u00e8tement de cap : les plans futurs sont mis en avant\",\"datePublished\":\"2022-11-23T08:37:06+00:00\",\"dateModified\":\"2022-11-23T08:37:06+00:00\",\"mainEntityOfPage\":{\"@id\":\"https:\/\/all-car-news.com\/fr\/mazda-change-completement-de-cap-les-plans-futurs-sont-mis-en-avant\/\"},\"wordCount\":639,\"commentCount\":0,\"publisher\":{\"@id\":\"https:\/\/all-car-news.com\/fr\/#organization\"},\"articleSection\":[\"Fond\",\"nouvelles de voiture\"],\"inLanguage\":\"fr-FR\",\"potentialAction\":[{\"@type\":\"CommentAction\",\"name\":\"Comment\",\"target\":[\"https:\/\/all-car-news.com\/fr\/mazda-change-completement-de-cap-les-plans-futurs-sont-mis-en-avant\/#respond\"]}]},{\"@type\":\"WebPage\",\"@id\":\"https:\/\/all-car-news.com\/fr\/mazda-change-completement-de-cap-les-plans-futurs-sont-mis-en-avant\/\",\"url\":\"https:\/\/all-car-news.com\/fr\/mazda-change-completement-de-cap-les-plans-futurs-sont-mis-en-avant\/\",\"name\":\"Mazda change compl\u00e8tement de cap : les plans futurs sont mis en avant - All cars news\",\"isPartOf\":{\"@id\":\"https:\/\/all-car-news.com\/fr\/#website\"},\"datePublished\":\"2022-11-23T08:37:06+00:00\",\"dateModified\":\"2022-11-23T08:37:06+00:00\",\"breadcrumb\":{\"@id\":\"https:\/\/all-car-news.com\/fr\/mazda-change-completement-de-cap-les-plans-futurs-sont-mis-en-avant\/#breadcrumb\"},\"inLanguage\":\"fr-FR\",\"potentialAction\":[{\"@type\":\"ReadAction\",\"target\":[\"https:\/\/all-car-news.com\/fr\/mazda-change-completement-de-cap-les-plans-futurs-sont-mis-en-avant\/\"]}]},{\"@type\":\"BreadcrumbList\",\"@id\":\"https:\/\/all-car-news.com\/fr\/mazda-change-completement-de-cap-les-plans-futurs-sont-mis-en-avant\/#breadcrumb\",\"itemListElement\":[{\"@type\":\"ListItem\",\"position\":1,\"name\":\"Home\",\"item\":\"https:\/\/all-car-news.com\/fr\/\"},{\"@type\":\"ListItem\",\"position\":2,\"name\":\"Mazda change compl\u00e8tement de cap : les plans futurs sont mis en avant\"}]},{\"@type\":\"WebSite\",\"@id\":\"https:\/\/all-car-news.com\/fr\/#website\",\"url\":\"https:\/\/all-car-news.com\/fr\/\",\"name\":\"All cars news\",\"description\":\"\",\"publisher\":{\"@id\":\"https:\/\/all-car-news.com\/fr\/#organization\"},\"potentialAction\":[{\"@type\":\"SearchAction\",\"target\":{\"@type\":\"EntryPoint\",\"urlTemplate\":\"https:\/\/all-car-news.com\/fr\/?s={search_term_string}\"},\"query-input\":\"required name=search_term_string\"}],\"inLanguage\":\"fr-FR\"},{\"@type\":\"Organization\",\"@id\":\"https:\/\/all-car-news.com\/fr\/#organization\",\"name\":\"All cars news\",\"url\":\"https:\/\/all-car-news.com\/fr\/\",\"logo\":{\"@type\":\"ImageObject\",\"inLanguage\":\"fr-FR\",\"@id\":\"https:\/\/all-car-news.com\/fr\/#\/schema\/logo\/image\/\",\"url\":\"https:\/\/all-car-news.com\/wp-content\/uploads\/2022\/02\/CMYK-AllCarNews_LANDSCAPE_300px-1.png\",\"contentUrl\":\"https:\/\/all-car-news.com\/wp-content\/uploads\/2022\/02\/CMYK-AllCarNews_LANDSCAPE_300px-1.png\",\"width\":300,\"height\":100,\"caption\":\"All cars news\"},\"image\":{\"@id\":\"https:\/\/all-car-news.com\/fr\/#\/schema\/logo\/image\/\"}}]}<\/script>\n<!-- \/ Yoast SEO plugin. -->","yoast_head_json":{"title":"Mazda change compl\u00e8tement de cap : les plans futurs sont mis en avant - All cars news","robots":{"index":"index","follow":"follow","max-snippet":"max-snippet:-1","max-image-preview":"max-image-preview:large","max-video-preview":"max-video-preview:-1"},"canonical":"https:\/\/all-car-news.com\/fr\/mazda-change-completement-de-cap-les-plans-futurs-sont-mis-en-avant\/","og_locale":"fr_FR","og_type":"article","og_title":"Mazda change compl\u00e8tement de cap : les plans futurs sont mis en avant - All cars news","og_description":"L'avenir de Mazda Ces derni\u00e8res ann\u00e9es, l'environnement dans lequel \u00e9voluent les constructeurs automobiles a radicalement chang\u00e9, notamment en Europe avec la croissance des produits \u00e9lectrifi\u00e9s et les r\u00e9glementations associ\u00e9es. Du travail \u00e0 faire, alors. Pour r\u00e9pondre avec souplesse \u00e0 ces changements futurs, Mazda pr\u00e9sente un plan en trois phases pour la p\u00e9riode allant jusqu'\u00e0 2030. C'est l'avenir de Mazda. Les \u00e9conomies r\u00e9alis\u00e9es gr\u00e2ce \u00e0 [...]","og_url":"https:\/\/all-car-news.com\/fr\/mazda-change-completement-de-cap-les-plans-futurs-sont-mis-en-avant\/","og_site_name":"All cars news","article_published_time":"2022-11-23T08:37:06+00:00","og_image":[{"url":"https:\/\/autorai.nl\/wp-content\/uploads\/2022\/11\/mazda-vision-concept-foto4-1140x725.jpg"}],"twitter_card":"summary_large_image","twitter_misc":{"Dur\u00e9e de lecture estim\u00e9e":"3 minutes"},"schema":{"@context":"https:\/\/schema.org","@graph":[{"@type":"Article","@id":"https:\/\/all-car-news.com\/fr\/mazda-change-completement-de-cap-les-plans-futurs-sont-mis-en-avant\/#article","isPartOf":{"@id":"https:\/\/all-car-news.com\/fr\/mazda-change-completement-de-cap-les-plans-futurs-sont-mis-en-avant\/"},"author":{"name":"","@id":""},"headline":"Mazda change compl\u00e8tement de cap : les plans futurs sont mis en avant","datePublished":"2022-11-23T08:37:06+00:00","dateModified":"2022-11-23T08:37:06+00:00","mainEntityOfPage":{"@id":"https:\/\/all-car-news.com\/fr\/mazda-change-completement-de-cap-les-plans-futurs-sont-mis-en-avant\/"},"wordCount":639,"commentCount":0,"publisher":{"@id":"https:\/\/all-car-news.com\/fr\/#organization"},"articleSection":["Fond","nouvelles de voiture"],"inLanguage":"fr-FR","potentialAction":[{"@type":"CommentAction","name":"Comment","target":["https:\/\/all-car-news.com\/fr\/mazda-change-completement-de-cap-les-plans-futurs-sont-mis-en-avant\/#respond"]}]},{"@type":"WebPage","@id":"https:\/\/all-car-news.com\/fr\/mazda-change-completement-de-cap-les-plans-futurs-sont-mis-en-avant\/","url":"https:\/\/all-car-news.com\/fr\/mazda-change-completement-de-cap-les-plans-futurs-sont-mis-en-avant\/","name":"Mazda change compl\u00e8tement de cap : les plans futurs sont mis en avant - All cars news","isPartOf":{"@id":"https:\/\/all-car-news.com\/fr\/#website"},"datePublished":"2022-11-23T08:37:06+00:00","dateModified":"2022-11-23T08:37:06+00:00","breadcrumb":{"@id":"https:\/\/all-car-news.com\/fr\/mazda-change-completement-de-cap-les-plans-futurs-sont-mis-en-avant\/#breadcrumb"},"inLanguage":"fr-FR","potentialAction":[{"@type":"ReadAction","target":["https:\/\/all-car-news.com\/fr\/mazda-change-completement-de-cap-les-plans-futurs-sont-mis-en-avant\/"]}]},{"@type":"BreadcrumbList","@id":"https:\/\/all-car-news.com\/fr\/mazda-change-completement-de-cap-les-plans-futurs-sont-mis-en-avant\/#breadcrumb","itemListElement":[{"@type":"ListItem","position":1,"name":"Home","item":"https:\/\/all-car-news.com\/fr\/"},{"@type":"ListItem","position":2,"name":"Mazda change compl\u00e8tement de cap : les plans futurs sont mis en avant"}]},{"@type":"WebSite","@id":"https:\/\/all-car-news.com\/fr\/#website","url":"https:\/\/all-car-news.com\/fr\/","name":"All cars news","description":"","publisher":{"@id":"https:\/\/all-car-news.com\/fr\/#organization"},"potentialAction":[{"@type":"SearchAction","target":{"@type":"EntryPoint","urlTemplate":"https:\/\/all-car-news.com\/fr\/?s={search_term_string}"},"query-input":"required name=search_term_string"}],"inLanguage":"fr-FR"},{"@type":"Organization","@id":"https:\/\/all-car-news.com\/fr\/#organization","name":"All cars news","url":"https:\/\/all-car-news.com\/fr\/","logo":{"@type":"ImageObject","inLanguage":"fr-FR","@id":"https:\/\/all-car-news.com\/fr\/#\/schema\/logo\/image\/","url":"https:\/\/all-car-news.com\/wp-content\/uploads\/2022\/02\/CMYK-AllCarNews_LANDSCAPE_300px-1.png","contentUrl":"https:\/\/all-car-news.com\/wp-content\/uploads\/2022\/02\/CMYK-AllCarNews_LANDSCAPE_300px-1.png","width":300,"height":100,"caption":"All cars news"},"image":{"@id":"https:\/\/all-car-news.com\/fr\/#\/schema\/logo\/image\/"}}]}},"_links":{"self":[{"href":"https:\/\/all-car-news.com\/fr\/wp-json\/wp\/v2\/posts\/127352","targetHints":{"allow":["GET"]}}],"collection":[{"href":"https:\/\/all-car-news.com\/fr\/wp-json\/wp\/v2\/posts"}],"about":[{"href":"https:\/\/all-car-news.com\/fr\/wp-json\/wp\/v2\/types\/post"}],"replies":[{"embeddable":true,"href":"https:\/\/all-car-news.com\/fr\/wp-json\/wp\/v2\/comments?post=127352"}],"version-history":[{"count":0,"href":"https:\/\/all-car-news.com\/fr\/wp-json\/wp\/v2\/posts\/127352\/revisions"}],"wp:featuredmedia":[{"embeddable":true,"href":"https:\/\/all-car-news.com\/fr\/wp-json\/wp\/v2\/media\/127310"}],"wp:attachment":[{"href":"https:\/\/all-car-news.com\/fr\/wp-json\/wp\/v2\/media?parent=127352"}],"wp:term":[{"taxonomy":"category","embeddable":true,"href":"https:\/\/all-car-news.com\/fr\/wp-json\/wp\/v2\/categories?post=127352"},{"taxonomy":"post_tag","embeddable":true,"href":"https:\/\/all-car-news.com\/fr\/wp-json\/wp\/v2\/tags?post=127352"}],"curies":[{"name":"wp","href":"https:\/\/api.w.org\/{rel}","templated":true}]}}