{"id":127342,"date":"2022-11-23T12:34:09","date_gmt":"2022-11-23T12:34:09","guid":{"rendered":"https:\/\/all-car-news.com\/le-ford-e-tourneo-custom-est-il-la-rolls-royce-des-fourgons-electriques-de-luxe\/"},"modified":"2022-11-23T12:34:09","modified_gmt":"2022-11-23T12:34:09","slug":"le-ford-e-tourneo-custom-est-il-la-rolls-royce-des-fourgons-electriques-de-luxe","status":"publish","type":"post","link":"https:\/\/all-car-news.com\/fr\/le-ford-e-tourneo-custom-est-il-la-rolls-royce-des-fourgons-electriques-de-luxe\/","title":{"rendered":"Le Ford E-Tourneo Custom est-il la Rolls-Royce des fourgons \u00e9lectriques de luxe ?"},"content":{"rendered":"<h2>Toujours \u00e9quip\u00e9 de huit si\u00e8ges<\/h2>\n<p>Le nouveau Ford E-Tourneo Custom est l&rsquo;un des quatre nouveaux mod\u00e8les Ford Pro enti\u00e8rement \u00e9lectriques qui seront lanc\u00e9s en Europe avant 2024. Il s&rsquo;adresse aussi bien aux particuliers qu&rsquo;aux entreprises. Que ce soit avec un empattement standard ou allong\u00e9, le E-Tourneo Custom offre de l&rsquo;espace pour jusqu&rsquo;\u00e0 huit occupants sur trois rang\u00e9es de si\u00e8ges. Le monospace \u00e9lectrique a une autonomie allant jusqu&rsquo;\u00e0 370 kilom\u00e8tres (WLTP). L&rsquo;E-Tourneo Custom sera livr\u00e9 \u00e0 la fin de l&rsquo;\u00e9t\u00e9 2023.<\/p>\n<h2>Powertrain E-Tourneo Custom<\/h2>\n<p>Le monospace \u00e9lectrique de Ford est \u00e9quip\u00e9 d&rsquo;une batterie de 74 kWh (net\/utilisable) et d&rsquo;un moteur \u00e9lectrique de 160 kW (218 ch). Il est possible de conduire selon le principe de la conduite \u00e0 une seule p\u00e9dale. Un chargeur embarqu\u00e9 triphas\u00e9 de 11 kW CA permet de charger compl\u00e8tement la batterie en moins de 8 heures. La charge de 15 \u00e0 80 % prend environ 41 minutes avec un chargeur rapide de 125 kW DC. Lors de tests avec un chargeur rapide de 125 kW DC, pr\u00e8s de 38 km d&rsquo;autonomie ont \u00e9t\u00e9 recharg\u00e9s en seulement cinq minutes.<\/p>\n<figure class=\"wp-block-image size-content\"><img decoding=\"async\" loading=\"lazy\" width=\"1140\" height=\"684\" src=\"https:\/\/autorai.nl\/wp-content\/uploads\/2022\/11\/Ford-E-Tourneo-Custom-2023-foto3-1140x684.jpg\" alt=\"\" class=\"wp-image-140290\"><\/figure>\n<h2>Poids de la remorque frein\u00e9e<\/h2>\n<p>Le E-Tourneo Custom a un poids maximal de la remorque frein\u00e9e de 2 000 kilogrammes. Une nouvelle barre d&rsquo;attelage repliable en option permet de la retirer facilement lorsqu&rsquo;elle n&rsquo;est pas utilis\u00e9e. La suspension arri\u00e8re ind\u00e9pendante est de s\u00e9rie sur toutes les versions et offre un confort de conduite accru, une meilleure tenue de route et plus de raffinement.<\/p>\n<h2>Pro Power Onboard<\/h2>\n<p>La technologie Pro Power Onboard &#8211; connue du <a href=\"https:\/\/autorai.nl\/ford-f-150-lightning-elektrische-pick-up-test-video\/\">Ford F-150 Lightning<\/a> &#8211; permet d&rsquo;exploiter tout le potentiel de l&rsquo;E-Tourneo Custom. Des prises de courant d&rsquo;une capacit\u00e9 maximale de 2,3 kW sont disponibles dans la cabine. Utile pour recharger des appareils num\u00e9riques, par exemple, et utiliser des outils et des \u00e9quipements de sport ou de camping lorsqu&rsquo;il n&rsquo;y a pas de connexion au r\u00e9seau de 220 volts.<\/p>\n<h2>Ford E-Tourneo \u00c9quipement personnalis\u00e9<\/h2>\n<p>La Ford E-Tourneo Custom est \u00e9quip\u00e9e de toutes les commodit\u00e9s, notamment de si\u00e8ges arri\u00e8re r\u00e9glables et mont\u00e9s sur rails, de portes coulissantes \u00e9lectriques, d&rsquo;un syst\u00e8me audio B&amp;O, de cartes de cl\u00e9s num\u00e9riques, d&rsquo;un toit panoramique en verre et d&rsquo;un volant inclinable innovant. Certaines choses sont standard, d&rsquo;autres facultatives.<\/p>\n<figure class=\"wp-block-image size-content\"><img decoding=\"async\" loading=\"lazy\" width=\"1140\" height=\"641\" src=\"https:\/\/autorai.nl\/wp-content\/uploads\/2022\/11\/Ford-E-Tourneo-Custom-2023-foto4-1140x641.jpg\" alt=\"\" class=\"wp-image-140291\"><\/figure>\n<h2>Trois rang\u00e9es de si\u00e8ges<\/h2>\n<p>Les si\u00e8ges peuvent \u00eatre d\u00e9plac\u00e9s vers l&rsquo;avant ou l&rsquo;arri\u00e8re sur les rails dent\u00e9s, ou m\u00eame \u00eatre compl\u00e8tement retir\u00e9s. Les trois si\u00e8ges de la deuxi\u00e8me rang\u00e9e de si\u00e8ges peuvent coulisser ind\u00e9pendamment, tandis que la troisi\u00e8me rang\u00e9e de si\u00e8ges est divis\u00e9e en deux. Les si\u00e8ges de la deuxi\u00e8me rang\u00e9e de si\u00e8ges sont \u00e9quip\u00e9s de ceintures de s\u00e9curit\u00e9 int\u00e9gr\u00e9es.<\/p>\n<figure class=\"wp-block-image size-content\"><img decoding=\"async\" loading=\"lazy\" width=\"1140\" height=\"784\" src=\"https:\/\/autorai.nl\/wp-content\/uploads\/2022\/11\/Ford-E-Tourneo-Custom-2023-foto5-1140x784.jpg\" alt=\"\" class=\"wp-image-140292\"><\/figure>\n<h2>Toit panoramique en verre<\/h2>\n<p>Le Ford E-Tourneo Custom est disponible en option avec un grand toit panoramique en verre qui offre plus de lumi\u00e8re et d&rsquo;espace. Une couche r\u00e9sistante aux infrarouges dans le toit panoramique permet de garder l&rsquo;int\u00e9rieur frais en cas de fort ensoleillement. Les portes coulissantes \u00e0 commande \u00e9lectrique peuvent \u00eatre ouvertes et ferm\u00e9es les mains libres. Cela se fait par un d\u00e9placement du pied sous le seuil.<\/p>\n<p>Le nouveau E-Tourneo Custom dispose en option d&rsquo;une climatisation \u00e9lectronique \u00e0 trois zones, d&rsquo;un syst\u00e8me audio B&amp;O avec 14 haut-parleurs et un subwoofer mont\u00e9 \u00e0 l&rsquo;arri\u00e8re, d&rsquo;un \u00e9clairage d&rsquo;ambiance \u00e9tendu, d&rsquo;un chargeur de t\u00e9l\u00e9phone portable sans fil et de si\u00e8ges ext\u00e9rieurs chauffants pour la deuxi\u00e8me rang\u00e9e de si\u00e8ges.<\/p>\n<figure class=\"wp-block-image size-content\"><img decoding=\"async\" loading=\"lazy\" width=\"1140\" height=\"641\" src=\"https:\/\/autorai.nl\/wp-content\/uploads\/2022\/11\/Ford-E-Tourneo-Custom-2023-foto6-1140x641.jpg\" alt=\"\" class=\"wp-image-140293\"><\/figure>\n<h2>Syst\u00e8me de cl\u00e9 num\u00e9rique<\/h2>\n<p>Ford a \u00e9galement d\u00e9velopp\u00e9 un syst\u00e8me innovant de cl\u00e9 num\u00e9rique, qui devrait \u00eatre disponible en 2024. Le syst\u00e8me utilise la technologie NFC et s&rsquo;inspire des cartes-cl\u00e9s des h\u00f4tels. Gr\u00e2ce \u00e0 ce syst\u00e8me, le propri\u00e9taire porte une carte fine et r\u00e9sistante \u00e0 l&rsquo;eau au lieu d&rsquo;une grosse cl\u00e9. Cela s&rsquo;av\u00e8re pratique pour les sports, les activit\u00e9s de plein air ou pour les entreprises dont plusieurs conducteurs partagent une m\u00eame voiture.<\/p>\n<h2>Int\u00e9rieur E-Tourneo Custom<\/h2>\n<p>Le tableau de bord comporte un \u00e9cran tactile de 13 pouces avec le syst\u00e8me d&rsquo;infodivertissement SYNC 4. Le conducteur a devant lui un tableau de bord num\u00e9rique de 12 pouces. Android Auto sans fil et Apple CarPlay font partie de l&rsquo;\u00e9quipement de s\u00e9rie. Le E-Tourneo Custom offre le m\u00eame volant inclinable que celui pr\u00e9sent\u00e9 r\u00e9cemment pour le nouveau E-Transit Custom. Le volant, pratique et unique, peut \u00eatre utilis\u00e9 comme support ergonomique pour les ordinateurs portables et les tablettes, ou m\u00eame pos\u00e9 \u00e0 plat comme une table pratique. Les ing\u00e9nieurs de Ford d\u00e9placent l&rsquo;airbag passager du tableau de bord au toit. La bo\u00eete \u00e0 gants peut d\u00e9sormais accueillir un ordinateur portable ou des papiers de format A4.  <\/p>\n<p>L&rsquo;<a href=\"https:\/\/www.ford.nl\/personenautos\/nieuwe-e-tourneo-custom\" target=\"_blank\" rel=\"noreferrer noopener\">E-Tourneo Custom<\/a> dispose d&rsquo;une large gamme de syst\u00e8mes d&rsquo;aide \u00e0 la conduite. Pensez au r\u00e9gulateur de vitesse adaptatif intelligent avec centrage sur la voie, \u00e0 l&rsquo;assistance au freinage en marche arri\u00e8re, \u00e0 l&rsquo;assistance au stationnement enti\u00e8rement active et \u00e0 un syst\u00e8me de cam\u00e9ra \u00e0 360 degr\u00e9s.<\/p>\n<figure class=\"wp-block-image size-content\"><img decoding=\"async\" loading=\"lazy\" width=\"1140\" height=\"715\" src=\"https:\/\/autorai.nl\/wp-content\/uploads\/2022\/11\/Ford-E-Tourneo-Custom-2023-foto2-1140x715.jpg\" alt=\"Ford E-Tourneo Custom 2023 - extr\u00e9mit\u00e9 arri\u00e8re\" class=\"wp-image-140289\"><\/figure>\n<figure class=\"wp-block-image size-content\"><img decoding=\"async\" loading=\"lazy\" width=\"1140\" height=\"733\" src=\"https:\/\/autorai.nl\/wp-content\/uploads\/2022\/11\/Ford-E-Tourneo-Custom-2023-foto1-1140x733.jpg\" alt=\"Ford E-Tourneo Custom 2023 - partie avant\" class=\"wp-image-140288\"><\/figure><\/p>\n","protected":false},"excerpt":{"rendered":"Toujours \u00e9quip\u00e9 de huit si\u00e8ges Le nouveau Ford E-Tourneo Custom est l'un des quatre nouveaux mod\u00e8les Ford Pro enti\u00e8rement \u00e9lectriques\u2026","protected":false},"author":0,"featured_media":127296,"comment_status":"open","ping_status":"open","sticky":false,"template":"","format":"standard","meta":{"footnotes":""},"categories":[127],"tags":[],"class_list":["post-127342","post","type-post","status-publish","format-standard","has-post-thumbnail","hentry","category-nouvelles-de-voiture"],"acf":[],"yoast_head":"<!-- This site is optimized with the Yoast SEO plugin v21.2 - https:\/\/yoast.com\/wordpress\/plugins\/seo\/ -->\n<title>Le Ford E-Tourneo Custom est-il la Rolls-Royce des fourgons \u00e9lectriques de luxe ? - All cars news<\/title>\n<meta name=\"robots\" content=\"index, follow, max-snippet:-1, max-image-preview:large, max-video-preview:-1\" \/>\n<link rel=\"canonical\" href=\"https:\/\/all-car-news.com\/fr\/le-ford-e-tourneo-custom-est-il-la-rolls-royce-des-fourgons-electriques-de-luxe\/\" \/>\n<meta property=\"og:locale\" content=\"fr_FR\" \/>\n<meta property=\"og:type\" content=\"article\" \/>\n<meta property=\"og:title\" content=\"Le Ford E-Tourneo Custom est-il la Rolls-Royce des fourgons \u00e9lectriques de luxe ? - All cars news\" \/>\n<meta property=\"og:description\" content=\"Toujours \u00e9quip\u00e9 de huit si\u00e8ges Le nouveau Ford E-Tourneo Custom est l&#039;un des quatre nouveaux mod\u00e8les Ford Pro enti\u00e8rement \u00e9lectriques qui seront lanc\u00e9s en Europe avant 2024. Il s&#039;adresse aussi bien aux particuliers qu&#039;aux entreprises. Que ce soit avec un empattement standard ou allong\u00e9, le E-Tourneo Custom offre de l&#039;espace pour jusqu&#039;\u00e0 huit occupants sur trois rang\u00e9es de si\u00e8ges. \u2020\" \/>\n<meta property=\"og:url\" content=\"https:\/\/all-car-news.com\/fr\/le-ford-e-tourneo-custom-est-il-la-rolls-royce-des-fourgons-electriques-de-luxe\/\" \/>\n<meta property=\"og:site_name\" content=\"All cars news\" \/>\n<meta property=\"article:published_time\" content=\"2022-11-23T12:34:09+00:00\" \/>\n<meta property=\"og:image\" content=\"https:\/\/autorai.nl\/wp-content\/uploads\/2022\/11\/Ford-E-Tourneo-Custom-2023-foto3-1140x684.jpg\" \/>\n<meta name=\"twitter:card\" content=\"summary_large_image\" \/>\n<meta name=\"twitter:label1\" content=\"Dur\u00e9e de lecture estim\u00e9e\" \/>\n\t<meta name=\"twitter:data1\" content=\"4 minutes\" \/>\n<script type=\"application\/ld+json\" class=\"yoast-schema-graph\">{\"@context\":\"https:\/\/schema.org\",\"@graph\":[{\"@type\":\"Article\",\"@id\":\"https:\/\/all-car-news.com\/fr\/le-ford-e-tourneo-custom-est-il-la-rolls-royce-des-fourgons-electriques-de-luxe\/#article\",\"isPartOf\":{\"@id\":\"https:\/\/all-car-news.com\/fr\/le-ford-e-tourneo-custom-est-il-la-rolls-royce-des-fourgons-electriques-de-luxe\/\"},\"author\":{\"name\":\"\",\"@id\":\"\"},\"headline\":\"Le Ford E-Tourneo Custom est-il la Rolls-Royce des fourgons \u00e9lectriques de luxe ?\",\"datePublished\":\"2022-11-23T12:34:09+00:00\",\"dateModified\":\"2022-11-23T12:34:09+00:00\",\"mainEntityOfPage\":{\"@id\":\"https:\/\/all-car-news.com\/fr\/le-ford-e-tourneo-custom-est-il-la-rolls-royce-des-fourgons-electriques-de-luxe\/\"},\"wordCount\":863,\"commentCount\":0,\"publisher\":{\"@id\":\"https:\/\/all-car-news.com\/fr\/#organization\"},\"articleSection\":[\"nouvelles de voiture\"],\"inLanguage\":\"fr-FR\",\"potentialAction\":[{\"@type\":\"CommentAction\",\"name\":\"Comment\",\"target\":[\"https:\/\/all-car-news.com\/fr\/le-ford-e-tourneo-custom-est-il-la-rolls-royce-des-fourgons-electriques-de-luxe\/#respond\"]}]},{\"@type\":\"WebPage\",\"@id\":\"https:\/\/all-car-news.com\/fr\/le-ford-e-tourneo-custom-est-il-la-rolls-royce-des-fourgons-electriques-de-luxe\/\",\"url\":\"https:\/\/all-car-news.com\/fr\/le-ford-e-tourneo-custom-est-il-la-rolls-royce-des-fourgons-electriques-de-luxe\/\",\"name\":\"Le Ford E-Tourneo Custom est-il la Rolls-Royce des fourgons \u00e9lectriques de luxe ? - All cars news\",\"isPartOf\":{\"@id\":\"https:\/\/all-car-news.com\/fr\/#website\"},\"datePublished\":\"2022-11-23T12:34:09+00:00\",\"dateModified\":\"2022-11-23T12:34:09+00:00\",\"breadcrumb\":{\"@id\":\"https:\/\/all-car-news.com\/fr\/le-ford-e-tourneo-custom-est-il-la-rolls-royce-des-fourgons-electriques-de-luxe\/#breadcrumb\"},\"inLanguage\":\"fr-FR\",\"potentialAction\":[{\"@type\":\"ReadAction\",\"target\":[\"https:\/\/all-car-news.com\/fr\/le-ford-e-tourneo-custom-est-il-la-rolls-royce-des-fourgons-electriques-de-luxe\/\"]}]},{\"@type\":\"BreadcrumbList\",\"@id\":\"https:\/\/all-car-news.com\/fr\/le-ford-e-tourneo-custom-est-il-la-rolls-royce-des-fourgons-electriques-de-luxe\/#breadcrumb\",\"itemListElement\":[{\"@type\":\"ListItem\",\"position\":1,\"name\":\"Home\",\"item\":\"https:\/\/all-car-news.com\/fr\/\"},{\"@type\":\"ListItem\",\"position\":2,\"name\":\"Le Ford E-Tourneo Custom est-il la Rolls-Royce des fourgons \u00e9lectriques de luxe ?\"}]},{\"@type\":\"WebSite\",\"@id\":\"https:\/\/all-car-news.com\/fr\/#website\",\"url\":\"https:\/\/all-car-news.com\/fr\/\",\"name\":\"All cars news\",\"description\":\"\",\"publisher\":{\"@id\":\"https:\/\/all-car-news.com\/fr\/#organization\"},\"potentialAction\":[{\"@type\":\"SearchAction\",\"target\":{\"@type\":\"EntryPoint\",\"urlTemplate\":\"https:\/\/all-car-news.com\/fr\/?s={search_term_string}\"},\"query-input\":\"required name=search_term_string\"}],\"inLanguage\":\"fr-FR\"},{\"@type\":\"Organization\",\"@id\":\"https:\/\/all-car-news.com\/fr\/#organization\",\"name\":\"All cars news\",\"url\":\"https:\/\/all-car-news.com\/fr\/\",\"logo\":{\"@type\":\"ImageObject\",\"inLanguage\":\"fr-FR\",\"@id\":\"https:\/\/all-car-news.com\/fr\/#\/schema\/logo\/image\/\",\"url\":\"https:\/\/all-car-news.com\/wp-content\/uploads\/2022\/02\/CMYK-AllCarNews_LANDSCAPE_300px-1.png\",\"contentUrl\":\"https:\/\/all-car-news.com\/wp-content\/uploads\/2022\/02\/CMYK-AllCarNews_LANDSCAPE_300px-1.png\",\"width\":300,\"height\":100,\"caption\":\"All cars news\"},\"image\":{\"@id\":\"https:\/\/all-car-news.com\/fr\/#\/schema\/logo\/image\/\"}}]}<\/script>\n<!-- \/ Yoast SEO plugin. -->","yoast_head_json":{"title":"Le Ford E-Tourneo Custom est-il la Rolls-Royce des fourgons \u00e9lectriques de luxe ? - All cars news","robots":{"index":"index","follow":"follow","max-snippet":"max-snippet:-1","max-image-preview":"max-image-preview:large","max-video-preview":"max-video-preview:-1"},"canonical":"https:\/\/all-car-news.com\/fr\/le-ford-e-tourneo-custom-est-il-la-rolls-royce-des-fourgons-electriques-de-luxe\/","og_locale":"fr_FR","og_type":"article","og_title":"Le Ford E-Tourneo Custom est-il la Rolls-Royce des fourgons \u00e9lectriques de luxe ? - All cars news","og_description":"Toujours \u00e9quip\u00e9 de huit si\u00e8ges Le nouveau Ford E-Tourneo Custom est l'un des quatre nouveaux mod\u00e8les Ford Pro enti\u00e8rement \u00e9lectriques qui seront lanc\u00e9s en Europe avant 2024. Il s'adresse aussi bien aux particuliers qu'aux entreprises. Que ce soit avec un empattement standard ou allong\u00e9, le E-Tourneo Custom offre de l'espace pour jusqu'\u00e0 huit occupants sur trois rang\u00e9es de si\u00e8ges. \u2020","og_url":"https:\/\/all-car-news.com\/fr\/le-ford-e-tourneo-custom-est-il-la-rolls-royce-des-fourgons-electriques-de-luxe\/","og_site_name":"All cars news","article_published_time":"2022-11-23T12:34:09+00:00","og_image":[{"url":"https:\/\/autorai.nl\/wp-content\/uploads\/2022\/11\/Ford-E-Tourneo-Custom-2023-foto3-1140x684.jpg"}],"twitter_card":"summary_large_image","twitter_misc":{"Dur\u00e9e de lecture estim\u00e9e":"4 minutes"},"schema":{"@context":"https:\/\/schema.org","@graph":[{"@type":"Article","@id":"https:\/\/all-car-news.com\/fr\/le-ford-e-tourneo-custom-est-il-la-rolls-royce-des-fourgons-electriques-de-luxe\/#article","isPartOf":{"@id":"https:\/\/all-car-news.com\/fr\/le-ford-e-tourneo-custom-est-il-la-rolls-royce-des-fourgons-electriques-de-luxe\/"},"author":{"name":"","@id":""},"headline":"Le Ford E-Tourneo Custom est-il la Rolls-Royce des fourgons \u00e9lectriques de luxe ?","datePublished":"2022-11-23T12:34:09+00:00","dateModified":"2022-11-23T12:34:09+00:00","mainEntityOfPage":{"@id":"https:\/\/all-car-news.com\/fr\/le-ford-e-tourneo-custom-est-il-la-rolls-royce-des-fourgons-electriques-de-luxe\/"},"wordCount":863,"commentCount":0,"publisher":{"@id":"https:\/\/all-car-news.com\/fr\/#organization"},"articleSection":["nouvelles de voiture"],"inLanguage":"fr-FR","potentialAction":[{"@type":"CommentAction","name":"Comment","target":["https:\/\/all-car-news.com\/fr\/le-ford-e-tourneo-custom-est-il-la-rolls-royce-des-fourgons-electriques-de-luxe\/#respond"]}]},{"@type":"WebPage","@id":"https:\/\/all-car-news.com\/fr\/le-ford-e-tourneo-custom-est-il-la-rolls-royce-des-fourgons-electriques-de-luxe\/","url":"https:\/\/all-car-news.com\/fr\/le-ford-e-tourneo-custom-est-il-la-rolls-royce-des-fourgons-electriques-de-luxe\/","name":"Le Ford E-Tourneo Custom est-il la Rolls-Royce des fourgons \u00e9lectriques de luxe ? - All cars news","isPartOf":{"@id":"https:\/\/all-car-news.com\/fr\/#website"},"datePublished":"2022-11-23T12:34:09+00:00","dateModified":"2022-11-23T12:34:09+00:00","breadcrumb":{"@id":"https:\/\/all-car-news.com\/fr\/le-ford-e-tourneo-custom-est-il-la-rolls-royce-des-fourgons-electriques-de-luxe\/#breadcrumb"},"inLanguage":"fr-FR","potentialAction":[{"@type":"ReadAction","target":["https:\/\/all-car-news.com\/fr\/le-ford-e-tourneo-custom-est-il-la-rolls-royce-des-fourgons-electriques-de-luxe\/"]}]},{"@type":"BreadcrumbList","@id":"https:\/\/all-car-news.com\/fr\/le-ford-e-tourneo-custom-est-il-la-rolls-royce-des-fourgons-electriques-de-luxe\/#breadcrumb","itemListElement":[{"@type":"ListItem","position":1,"name":"Home","item":"https:\/\/all-car-news.com\/fr\/"},{"@type":"ListItem","position":2,"name":"Le Ford E-Tourneo Custom est-il la Rolls-Royce des fourgons \u00e9lectriques de luxe ?"}]},{"@type":"WebSite","@id":"https:\/\/all-car-news.com\/fr\/#website","url":"https:\/\/all-car-news.com\/fr\/","name":"All cars news","description":"","publisher":{"@id":"https:\/\/all-car-news.com\/fr\/#organization"},"potentialAction":[{"@type":"SearchAction","target":{"@type":"EntryPoint","urlTemplate":"https:\/\/all-car-news.com\/fr\/?s={search_term_string}"},"query-input":"required name=search_term_string"}],"inLanguage":"fr-FR"},{"@type":"Organization","@id":"https:\/\/all-car-news.com\/fr\/#organization","name":"All cars news","url":"https:\/\/all-car-news.com\/fr\/","logo":{"@type":"ImageObject","inLanguage":"fr-FR","@id":"https:\/\/all-car-news.com\/fr\/#\/schema\/logo\/image\/","url":"https:\/\/all-car-news.com\/wp-content\/uploads\/2022\/02\/CMYK-AllCarNews_LANDSCAPE_300px-1.png","contentUrl":"https:\/\/all-car-news.com\/wp-content\/uploads\/2022\/02\/CMYK-AllCarNews_LANDSCAPE_300px-1.png","width":300,"height":100,"caption":"All cars news"},"image":{"@id":"https:\/\/all-car-news.com\/fr\/#\/schema\/logo\/image\/"}}]}},"_links":{"self":[{"href":"https:\/\/all-car-news.com\/fr\/wp-json\/wp\/v2\/posts\/127342","targetHints":{"allow":["GET"]}}],"collection":[{"href":"https:\/\/all-car-news.com\/fr\/wp-json\/wp\/v2\/posts"}],"about":[{"href":"https:\/\/all-car-news.com\/fr\/wp-json\/wp\/v2\/types\/post"}],"replies":[{"embeddable":true,"href":"https:\/\/all-car-news.com\/fr\/wp-json\/wp\/v2\/comments?post=127342"}],"version-history":[{"count":0,"href":"https:\/\/all-car-news.com\/fr\/wp-json\/wp\/v2\/posts\/127342\/revisions"}],"wp:featuredmedia":[{"embeddable":true,"href":"https:\/\/all-car-news.com\/fr\/wp-json\/wp\/v2\/media\/127296"}],"wp:attachment":[{"href":"https:\/\/all-car-news.com\/fr\/wp-json\/wp\/v2\/media?parent=127342"}],"wp:term":[{"taxonomy":"category","embeddable":true,"href":"https:\/\/all-car-news.com\/fr\/wp-json\/wp\/v2\/categories?post=127342"},{"taxonomy":"post_tag","embeddable":true,"href":"https:\/\/all-car-news.com\/fr\/wp-json\/wp\/v2\/tags?post=127342"}],"curies":[{"name":"wp","href":"https:\/\/api.w.org\/{rel}","templated":true}]}}