{"id":126888,"date":"2022-11-14T07:31:11","date_gmt":"2022-11-14T07:31:11","guid":{"rendered":"https:\/\/all-car-news.com\/rivian-edv-700-tout-ce-que-vous-devez-savoir\/"},"modified":"2022-11-14T07:31:11","modified_gmt":"2022-11-14T07:31:11","slug":"rivian-edv-700-tout-ce-que-vous-devez-savoir","status":"publish","type":"post","link":"https:\/\/all-car-news.com\/fr\/rivian-edv-700-tout-ce-que-vous-devez-savoir\/","title":{"rendered":"Rivian EDV 700 &#8211; tout ce que vous devez savoir"},"content":{"rendered":"<h2>D&rsquo;o\u00f9 vient ce nom ?<\/h2>\n<p>Rivian EDV 700, le nom peut n\u00e9cessiter quelques explications. Le \u00ab\u00a0700\u00a0\u00bb repr\u00e9sente le nombre de pieds cubes d&rsquo;espace disponible dans le bus. Converti en m\u00e8tres, cela donne 19,8 m\u00e8tres cubes. Rivian travaille \u00e9galement sur un EDV 500 et un EDV 900.  <\/p>\n<h2>Trois variantes de longueur<\/h2>\n<p>Le concept de ces deux versions est identique \u00e0 celui de l&rsquo;EDV 700, la seule diff\u00e9rence r\u00e9side dans la longueur du v\u00e9hicule. L&rsquo;EDV 500 mesure environ 6,3 m\u00e8tres de long, l&rsquo;EDV 700 7,0 m\u00e8tres de long et l&rsquo;EDV 900 8,2 m\u00e8tres de long. L&rsquo;EDV 500 dispose d&rsquo;un espace de chargement d&rsquo;environ 14,1 m\u00e8tres cubes. Le plus grand EDV 900 d\u00e9passe facilement les 20 m\u00e8tres cubes.<\/p>\n<figure class=\"wp-block-image size-content\"><img decoding=\"async\" loading=\"lazy\" width=\"1140\" height=\"356\" src=\"https:\/\/autorai.nl\/wp-content\/uploads\/2022\/11\/rivian-edv-amazon-foto4-1140x356.jpeg\" alt=\"Rivian EDV\" class=\"wp-image-138746\"><\/figure>\n<figure class=\"wp-block-image size-content\"><img decoding=\"async\" loading=\"lazy\" width=\"1140\" height=\"642\" src=\"https:\/\/autorai.nl\/wp-content\/uploads\/2022\/11\/rivian-edv-amazon-foto3-1140x642.jpeg\" alt=\"Rivian EDV\" class=\"wp-image-138747\"><\/figure>\n<h2>100 000 exemplaires<\/h2>\n<p>Amazon &#8211; qui d\u00e9tient 20 % des actions de Rivian &#8211; aurait command\u00e9 100 000 exemplaires du Rivian EDV. Les premiers exemples sont maintenant apparus sur la route. D&rsquo;ici 2030, ils devraient tous \u00eatre livr\u00e9s \u00e0 Amazon. L&rsquo;autonomie des mod\u00e8les 500 et 700 est d&rsquo;environ 240 kilom\u00e8tres. Les fourgonnettes de livraison \u00e9lectriques sont donc principalement destin\u00e9es \u00e0 la \u00ab\u00a0livraison du dernier kilom\u00e8tre\u00a0\u00bb.<\/p>\n<figure class=\"wp-block-image size-content\"><img decoding=\"async\" loading=\"lazy\" width=\"1140\" height=\"642\" src=\"https:\/\/autorai.nl\/wp-content\/uploads\/2022\/11\/rivian-edv-amazon-foto2-1140x642.jpeg\" alt=\"Rivian EDV\" class=\"wp-image-138748\"><\/figure>\n<h2>\u00c0 propos de Rivian<\/h2>\n<p>Rivian est une marque automobile am\u00e9ricaine sp\u00e9cialis\u00e9e dans la production de v\u00e9hicules \u00e9lectriques. La marque a \u00e9t\u00e9 fond\u00e9e en 2009 par Robert Scaringe. Par rapport \u00e0 d&rsquo;autres marques, <a href=\"https:\/\/rivian.com\/\" target=\"_blank\" rel=\"noreferrer noopener\">Rivian<\/a> est donc encore un acteur assez jeune. En septembre 2021, Rivian a sorti un nouveau mod\u00e8le : un pick-up \u00e9lectrique, le R1T. Rivian propose \u00e9galement le R1S, un SUV familial \u00e9lectrique. Les deux mod\u00e8les sont disponibles avec des puissances allant jusqu&rsquo;\u00e0 835 ch. Les R1T et R1S ne sont pas encore disponibles aux Pays-Bas.<\/p>\n<h2>Rivian EDV &#8211; visite guid\u00e9e<\/h2>\n<\/p>\n<figure class=\"wp-block-embed is-type-video is-provider-youtube wp-block-embed-youtube wp-embed-aspect-16-9 wp-has-aspect-ratio\">\n<div class=\"wp-block-embed__wrapper\">\n<\/div>\n<\/figure>\n","protected":false},"excerpt":{"rendered":"D'o\u00f9 vient ce nom ? Rivian EDV 700, le nom peut n\u00e9cessiter quelques explications. Le \"700\" repr\u00e9sente le nombre de\u2026","protected":false},"author":0,"featured_media":126862,"comment_status":"open","ping_status":"open","sticky":false,"template":"","format":"standard","meta":{"footnotes":""},"categories":[131,127],"tags":[],"class_list":["post-126888","post","type-post","status-publish","format-standard","has-post-thumbnail","hentry","category-fond","category-nouvelles-de-voiture"],"acf":[],"yoast_head":"<!-- This site is optimized with the Yoast SEO plugin v21.2 - https:\/\/yoast.com\/wordpress\/plugins\/seo\/ -->\n<title>Rivian EDV 700 - tout ce que vous devez savoir - All cars news<\/title>\n<meta name=\"robots\" content=\"index, follow, max-snippet:-1, max-image-preview:large, max-video-preview:-1\" \/>\n<link rel=\"canonical\" href=\"https:\/\/all-car-news.com\/fr\/rivian-edv-700-tout-ce-que-vous-devez-savoir\/\" \/>\n<meta property=\"og:locale\" content=\"fr_FR\" \/>\n<meta property=\"og:type\" content=\"article\" \/>\n<meta property=\"og:title\" content=\"Rivian EDV 700 - tout ce que vous devez savoir - All cars news\" \/>\n<meta property=\"og:description\" content=\"D&#039;o\u00f9 vient ce nom ? Rivian EDV 700, le nom peut n\u00e9cessiter quelques explications. Le &quot;700&quot; repr\u00e9sente le nombre de pieds cubes d&#039;espace disponible dans le bus. Converti en m\u00e8tres, cela donne 19,8 m\u00e8tres cubes. Rivian travaille \u00e9galement sur un EDV 500 et un EDV 900. Trois variantes de longueur Le concept [...]\" \/>\n<meta property=\"og:url\" content=\"https:\/\/all-car-news.com\/fr\/rivian-edv-700-tout-ce-que-vous-devez-savoir\/\" \/>\n<meta property=\"og:site_name\" content=\"All cars news\" \/>\n<meta property=\"article:published_time\" content=\"2022-11-14T07:31:11+00:00\" \/>\n<meta property=\"og:image\" content=\"https:\/\/autorai.nl\/wp-content\/uploads\/2022\/11\/rivian-edv-amazon-foto4-1140x356.jpeg\" \/>\n<meta name=\"twitter:card\" content=\"summary_large_image\" \/>\n<meta name=\"twitter:label1\" content=\"Dur\u00e9e de lecture estim\u00e9e\" \/>\n\t<meta name=\"twitter:data1\" content=\"1 minute\" \/>\n<script type=\"application\/ld+json\" class=\"yoast-schema-graph\">{\"@context\":\"https:\/\/schema.org\",\"@graph\":[{\"@type\":\"Article\",\"@id\":\"https:\/\/all-car-news.com\/fr\/rivian-edv-700-tout-ce-que-vous-devez-savoir\/#article\",\"isPartOf\":{\"@id\":\"https:\/\/all-car-news.com\/fr\/rivian-edv-700-tout-ce-que-vous-devez-savoir\/\"},\"author\":{\"name\":\"\",\"@id\":\"\"},\"headline\":\"Rivian EDV 700 &#8211; tout ce que vous devez savoir\",\"datePublished\":\"2022-11-14T07:31:11+00:00\",\"dateModified\":\"2022-11-14T07:31:11+00:00\",\"mainEntityOfPage\":{\"@id\":\"https:\/\/all-car-news.com\/fr\/rivian-edv-700-tout-ce-que-vous-devez-savoir\/\"},\"wordCount\":276,\"commentCount\":0,\"publisher\":{\"@id\":\"https:\/\/all-car-news.com\/fr\/#organization\"},\"articleSection\":[\"Fond\",\"nouvelles de voiture\"],\"inLanguage\":\"fr-FR\",\"potentialAction\":[{\"@type\":\"CommentAction\",\"name\":\"Comment\",\"target\":[\"https:\/\/all-car-news.com\/fr\/rivian-edv-700-tout-ce-que-vous-devez-savoir\/#respond\"]}]},{\"@type\":\"WebPage\",\"@id\":\"https:\/\/all-car-news.com\/fr\/rivian-edv-700-tout-ce-que-vous-devez-savoir\/\",\"url\":\"https:\/\/all-car-news.com\/fr\/rivian-edv-700-tout-ce-que-vous-devez-savoir\/\",\"name\":\"Rivian EDV 700 - tout ce que vous devez savoir - All cars news\",\"isPartOf\":{\"@id\":\"https:\/\/all-car-news.com\/fr\/#website\"},\"datePublished\":\"2022-11-14T07:31:11+00:00\",\"dateModified\":\"2022-11-14T07:31:11+00:00\",\"breadcrumb\":{\"@id\":\"https:\/\/all-car-news.com\/fr\/rivian-edv-700-tout-ce-que-vous-devez-savoir\/#breadcrumb\"},\"inLanguage\":\"fr-FR\",\"potentialAction\":[{\"@type\":\"ReadAction\",\"target\":[\"https:\/\/all-car-news.com\/fr\/rivian-edv-700-tout-ce-que-vous-devez-savoir\/\"]}]},{\"@type\":\"BreadcrumbList\",\"@id\":\"https:\/\/all-car-news.com\/fr\/rivian-edv-700-tout-ce-que-vous-devez-savoir\/#breadcrumb\",\"itemListElement\":[{\"@type\":\"ListItem\",\"position\":1,\"name\":\"Home\",\"item\":\"https:\/\/all-car-news.com\/fr\/\"},{\"@type\":\"ListItem\",\"position\":2,\"name\":\"Rivian EDV 700 &#8211; tout ce que vous devez savoir\"}]},{\"@type\":\"WebSite\",\"@id\":\"https:\/\/all-car-news.com\/fr\/#website\",\"url\":\"https:\/\/all-car-news.com\/fr\/\",\"name\":\"All cars news\",\"description\":\"\",\"publisher\":{\"@id\":\"https:\/\/all-car-news.com\/fr\/#organization\"},\"potentialAction\":[{\"@type\":\"SearchAction\",\"target\":{\"@type\":\"EntryPoint\",\"urlTemplate\":\"https:\/\/all-car-news.com\/fr\/?s={search_term_string}\"},\"query-input\":\"required name=search_term_string\"}],\"inLanguage\":\"fr-FR\"},{\"@type\":\"Organization\",\"@id\":\"https:\/\/all-car-news.com\/fr\/#organization\",\"name\":\"All cars news\",\"url\":\"https:\/\/all-car-news.com\/fr\/\",\"logo\":{\"@type\":\"ImageObject\",\"inLanguage\":\"fr-FR\",\"@id\":\"https:\/\/all-car-news.com\/fr\/#\/schema\/logo\/image\/\",\"url\":\"https:\/\/all-car-news.com\/wp-content\/uploads\/2022\/02\/CMYK-AllCarNews_LANDSCAPE_300px-1.png\",\"contentUrl\":\"https:\/\/all-car-news.com\/wp-content\/uploads\/2022\/02\/CMYK-AllCarNews_LANDSCAPE_300px-1.png\",\"width\":300,\"height\":100,\"caption\":\"All cars news\"},\"image\":{\"@id\":\"https:\/\/all-car-news.com\/fr\/#\/schema\/logo\/image\/\"}}]}<\/script>\n<!-- \/ Yoast SEO plugin. -->","yoast_head_json":{"title":"Rivian EDV 700 - tout ce que vous devez savoir - All cars news","robots":{"index":"index","follow":"follow","max-snippet":"max-snippet:-1","max-image-preview":"max-image-preview:large","max-video-preview":"max-video-preview:-1"},"canonical":"https:\/\/all-car-news.com\/fr\/rivian-edv-700-tout-ce-que-vous-devez-savoir\/","og_locale":"fr_FR","og_type":"article","og_title":"Rivian EDV 700 - tout ce que vous devez savoir - All cars news","og_description":"D'o\u00f9 vient ce nom ? Rivian EDV 700, le nom peut n\u00e9cessiter quelques explications. Le \"700\" repr\u00e9sente le nombre de pieds cubes d'espace disponible dans le bus. Converti en m\u00e8tres, cela donne 19,8 m\u00e8tres cubes. Rivian travaille \u00e9galement sur un EDV 500 et un EDV 900. Trois variantes de longueur Le concept [...]","og_url":"https:\/\/all-car-news.com\/fr\/rivian-edv-700-tout-ce-que-vous-devez-savoir\/","og_site_name":"All cars news","article_published_time":"2022-11-14T07:31:11+00:00","og_image":[{"url":"https:\/\/autorai.nl\/wp-content\/uploads\/2022\/11\/rivian-edv-amazon-foto4-1140x356.jpeg"}],"twitter_card":"summary_large_image","twitter_misc":{"Dur\u00e9e de lecture estim\u00e9e":"1 minute"},"schema":{"@context":"https:\/\/schema.org","@graph":[{"@type":"Article","@id":"https:\/\/all-car-news.com\/fr\/rivian-edv-700-tout-ce-que-vous-devez-savoir\/#article","isPartOf":{"@id":"https:\/\/all-car-news.com\/fr\/rivian-edv-700-tout-ce-que-vous-devez-savoir\/"},"author":{"name":"","@id":""},"headline":"Rivian EDV 700 &#8211; tout ce que vous devez savoir","datePublished":"2022-11-14T07:31:11+00:00","dateModified":"2022-11-14T07:31:11+00:00","mainEntityOfPage":{"@id":"https:\/\/all-car-news.com\/fr\/rivian-edv-700-tout-ce-que-vous-devez-savoir\/"},"wordCount":276,"commentCount":0,"publisher":{"@id":"https:\/\/all-car-news.com\/fr\/#organization"},"articleSection":["Fond","nouvelles de voiture"],"inLanguage":"fr-FR","potentialAction":[{"@type":"CommentAction","name":"Comment","target":["https:\/\/all-car-news.com\/fr\/rivian-edv-700-tout-ce-que-vous-devez-savoir\/#respond"]}]},{"@type":"WebPage","@id":"https:\/\/all-car-news.com\/fr\/rivian-edv-700-tout-ce-que-vous-devez-savoir\/","url":"https:\/\/all-car-news.com\/fr\/rivian-edv-700-tout-ce-que-vous-devez-savoir\/","name":"Rivian EDV 700 - tout ce que vous devez savoir - All cars news","isPartOf":{"@id":"https:\/\/all-car-news.com\/fr\/#website"},"datePublished":"2022-11-14T07:31:11+00:00","dateModified":"2022-11-14T07:31:11+00:00","breadcrumb":{"@id":"https:\/\/all-car-news.com\/fr\/rivian-edv-700-tout-ce-que-vous-devez-savoir\/#breadcrumb"},"inLanguage":"fr-FR","potentialAction":[{"@type":"ReadAction","target":["https:\/\/all-car-news.com\/fr\/rivian-edv-700-tout-ce-que-vous-devez-savoir\/"]}]},{"@type":"BreadcrumbList","@id":"https:\/\/all-car-news.com\/fr\/rivian-edv-700-tout-ce-que-vous-devez-savoir\/#breadcrumb","itemListElement":[{"@type":"ListItem","position":1,"name":"Home","item":"https:\/\/all-car-news.com\/fr\/"},{"@type":"ListItem","position":2,"name":"Rivian EDV 700 &#8211; tout ce que vous devez savoir"}]},{"@type":"WebSite","@id":"https:\/\/all-car-news.com\/fr\/#website","url":"https:\/\/all-car-news.com\/fr\/","name":"All cars news","description":"","publisher":{"@id":"https:\/\/all-car-news.com\/fr\/#organization"},"potentialAction":[{"@type":"SearchAction","target":{"@type":"EntryPoint","urlTemplate":"https:\/\/all-car-news.com\/fr\/?s={search_term_string}"},"query-input":"required name=search_term_string"}],"inLanguage":"fr-FR"},{"@type":"Organization","@id":"https:\/\/all-car-news.com\/fr\/#organization","name":"All cars news","url":"https:\/\/all-car-news.com\/fr\/","logo":{"@type":"ImageObject","inLanguage":"fr-FR","@id":"https:\/\/all-car-news.com\/fr\/#\/schema\/logo\/image\/","url":"https:\/\/all-car-news.com\/wp-content\/uploads\/2022\/02\/CMYK-AllCarNews_LANDSCAPE_300px-1.png","contentUrl":"https:\/\/all-car-news.com\/wp-content\/uploads\/2022\/02\/CMYK-AllCarNews_LANDSCAPE_300px-1.png","width":300,"height":100,"caption":"All cars news"},"image":{"@id":"https:\/\/all-car-news.com\/fr\/#\/schema\/logo\/image\/"}}]}},"_links":{"self":[{"href":"https:\/\/all-car-news.com\/fr\/wp-json\/wp\/v2\/posts\/126888","targetHints":{"allow":["GET"]}}],"collection":[{"href":"https:\/\/all-car-news.com\/fr\/wp-json\/wp\/v2\/posts"}],"about":[{"href":"https:\/\/all-car-news.com\/fr\/wp-json\/wp\/v2\/types\/post"}],"replies":[{"embeddable":true,"href":"https:\/\/all-car-news.com\/fr\/wp-json\/wp\/v2\/comments?post=126888"}],"version-history":[{"count":0,"href":"https:\/\/all-car-news.com\/fr\/wp-json\/wp\/v2\/posts\/126888\/revisions"}],"wp:featuredmedia":[{"embeddable":true,"href":"https:\/\/all-car-news.com\/fr\/wp-json\/wp\/v2\/media\/126862"}],"wp:attachment":[{"href":"https:\/\/all-car-news.com\/fr\/wp-json\/wp\/v2\/media?parent=126888"}],"wp:term":[{"taxonomy":"category","embeddable":true,"href":"https:\/\/all-car-news.com\/fr\/wp-json\/wp\/v2\/categories?post=126888"},{"taxonomy":"post_tag","embeddable":true,"href":"https:\/\/all-car-news.com\/fr\/wp-json\/wp\/v2\/tags?post=126888"}],"curies":[{"name":"wp","href":"https:\/\/api.w.org\/{rel}","templated":true}]}}