{"id":126773,"date":"2022-11-12T13:11:00","date_gmt":"2022-11-12T13:11:00","guid":{"rendered":"https:\/\/all-car-news.com\/renault-wind-tout-ce-que-vous-devez-savoir\/"},"modified":"2022-11-12T13:11:00","modified_gmt":"2022-11-12T13:11:00","slug":"renault-wind-tout-ce-que-vous-devez-savoir","status":"publish","type":"post","link":"https:\/\/all-car-news.com\/fr\/renault-wind-tout-ce-que-vous-devez-savoir\/","title":{"rendered":"Renault Wind &#8211; Tout ce que vous devez savoir"},"content":{"rendered":"<h2>Histoire Renault Wind<\/h2>\n<p>L&rsquo;histoire de la Renault Wind a commenc\u00e9 par un concept-car espi\u00e8gle pr\u00e9sent\u00e9 au Salon de l&rsquo;automobile de Paris 2004. Il faudra attendre 2010 pour que les premiers exemplaires sortent de l&rsquo;usine slov\u00e8ne. Dans cet article, nous vous disons tout ce que vous devez savoir sur cette biplace rat\u00e9e, bien intentionn\u00e9e mais grandiose.<\/p>\n<figure class=\"wp-block-gallery has-nested-images columns-default is-cropped\">\n<figure class=\"wp-block-image size-large\"><img decoding=\"async\" loading=\"lazy\" width=\"1600\" height=\"1200\" data-id=\"138537\" src=\"https:\/\/autorai.nl\/wp-content\/uploads\/2022\/11\/056_Renault_Wind.jpg\" alt=\"\" class=\"wp-image-138537\"><\/figure>\n<figure class=\"wp-block-image size-large\"><img decoding=\"async\" loading=\"lazy\" width=\"1829\" height=\"1200\" data-id=\"138546\" src=\"https:\/\/autorai.nl\/wp-content\/uploads\/2022\/11\/036_Renault_Wind.jpg\" alt=\"\" class=\"wp-image-138546\"><\/figure>\n<\/figure>\n<p>Des chiffres de vente d\u00e9cevants ont contraint Renault \u00e0 tirer la prise sur le projet d\u00e8s 2012. Malgr\u00e9 tous les espoirs fran\u00e7ais de vendre au moins 75.000 exemplaires par an : le compteur s&rsquo;est arr\u00eat\u00e9 \u00e0 seulement 14.000 exemplaires. Cela place la Wind dans la cat\u00e9gorie rare des voitures dont le processus de conception a pris plus de temps que la phase de production.<\/p>\n<h2>Concurrents<\/h2>\n<p>La voiture a \u00e9t\u00e9 lanc\u00e9e \u00e0 une \u00e9poque o\u00f9 les <a href=\"https:\/\/autorai.nl\/goedkope-cabrio-welke-neem-jij-mee-naar-huis\/\" target=\"_blank\" rel=\"noreferrer noopener\">versions sans toit<\/a> des citadines compactes \u00e9taient assez populaires. Les acheteurs de voitures ont \u00e9t\u00e9 s\u00e9duits par des mod\u00e8les tels que la Peugeot 207 CC, la <a href=\"https:\/\/autorai.nl\/autotest-mini-john-cooper-works-cabrio-2017\/\" target=\"_blank\" rel=\"noreferrer noopener\">Mini Cabrio<\/a> ou l&rsquo;Opel Tigra Twintop. La <a href=\"https:\/\/autorai.nl\/rit-jaar-2017-paul-spek\/\" target=\"_blank\" rel=\"noreferrer noopener\">Ford StreetKa<\/a>, la Mitsubishi Colt CZC et la Smart Roadster \u00e9taient plus rares. Et pour les conducteurs sportifs, il y avait la <a href=\"https:\/\/autorai.nl\/infographic-zoveel-mx-5s-heeft-mazda-gebouwd\/\" target=\"_blank\" rel=\"noreferrer noopener\">Mazda MX-5<\/a>.<\/p>\n<figure class=\"wp-block-image size-content\"><img decoding=\"async\" loading=\"lazy\" width=\"1140\" height=\"855\" src=\"https:\/\/autorai.nl\/wp-content\/uploads\/2022\/11\/042_Renault_Wind-1140x855.jpg\" alt=\"\" class=\"wp-image-138534\"><\/figure>\n<h2>Design Renault Wind<\/h2>\n<p>Le design saisissant du Wind n&rsquo;est pas une faute de sa part. Petit et compact, trop \u00e9troit et trop haut selon certains. Le Wind se distingue par une partie arri\u00e8re sur\u00e9lev\u00e9e avec spoiler int\u00e9gr\u00e9. La conception du toit pliant &#8211; qui passe de la position ferm\u00e9e \u00e0 la position ouverte en 12 secondes seulement &#8211; rappelle fortement la Ferrari 575 SuperAmerica.<\/p>\n<figure class=\"wp-block-gallery has-nested-images columns-default is-cropped\">\n<figure class=\"wp-block-image size-large\"><img decoding=\"async\" loading=\"lazy\" width=\"1800\" height=\"1200\" data-id=\"138549\" src=\"https:\/\/autorai.nl\/wp-content\/uploads\/2022\/11\/045_Renault_Wind.jpg\" alt=\"\" class=\"wp-image-138549\"><\/figure>\n<figure class=\"wp-block-image size-large\"><img decoding=\"async\" loading=\"lazy\" width=\"1600\" height=\"1200\" data-id=\"138550\" src=\"https:\/\/autorai.nl\/wp-content\/uploads\/2022\/11\/ferrari_575_superamerica_us-spec_1.jpg\" alt=\"\" class=\"wp-image-138550\"><\/figure>\n<\/figure>\n<p>Une fois dans le Vent, on constate que Renault a fait des choix \u00e9tranges. L&rsquo;efficacit\u00e9 aurait \u00e9t\u00e9 de monter un tableau de bord de la Twingo. Au lieu de cela, les Fran\u00e7ais ont sorti les cordons de la bourse et ont \u00e9quip\u00e9 ce cabriolet d&rsquo;un tableau de bord con\u00e7u s\u00e9par\u00e9ment. Malheureusement, le volant surdimensionn\u00e9 qui \u00e9quipait un grand nombre de Renault de l&rsquo;\u00e9poque est rest\u00e9.<\/p>\n<figure class=\"wp-block-gallery has-nested-images columns-default is-cropped\">\n<figure class=\"wp-block-image size-large\"><img decoding=\"async\" loading=\"lazy\" width=\"1600\" height=\"1200\" data-id=\"138539\" src=\"https:\/\/autorai.nl\/wp-content\/uploads\/2022\/11\/054_Renault_Wind.jpg\" alt=\"\" class=\"wp-image-138539\"><\/figure>\n<figure class=\"wp-block-image size-large\"><img decoding=\"async\" loading=\"lazy\" width=\"1882\" height=\"1200\" data-id=\"138544\" src=\"https:\/\/autorai.nl\/wp-content\/uploads\/2022\/11\/038_Renault_Wind.jpg\" alt=\"\" class=\"wp-image-138544\"><\/figure>\n<\/figure>\n<h2>Deux places<\/h2>\n<p>Renault a fait de la Wind une biplace distincte. Et c&rsquo;est tant mieux : l&rsquo;espace derri\u00e8re les si\u00e8ges avant est si exigu qu&rsquo;il est inutile d&rsquo;y entasser des bagages ou des occupants suppl\u00e9mentaires. Cependant, le Wind dispose d&rsquo;un coffre utilisable : avec 360 litres de capacit\u00e9, il est bien plus utilisable que celui d&rsquo;une MINI Cabriolet (125 litres) ou d&rsquo;une Mazda MX-5 (150 litres).<\/p>\n<figure class=\"wp-block-gallery has-nested-images columns-default is-cropped\">\n<figure class=\"wp-block-image size-large\"><img decoding=\"async\" loading=\"lazy\" width=\"1600\" height=\"1200\" data-id=\"138535\" src=\"https:\/\/autorai.nl\/wp-content\/uploads\/2022\/11\/048_Renault_Wind.jpg\" alt=\"\" class=\"wp-image-138535\"><\/figure>\n<figure class=\"wp-block-image size-large\"><img decoding=\"async\" loading=\"lazy\" width=\"1675\" height=\"1200\" data-id=\"138547\" src=\"https:\/\/autorai.nl\/wp-content\/uploads\/2022\/11\/041_Renault_Wind.jpg\" alt=\"\" class=\"wp-image-138547\"><\/figure>\n<\/figure>\n<h2>Moteurs Renault Wind<\/h2>\n<p>Vous pouviez commander la Renault Wind avec deux moteurs \u00e0 essence, emprunt\u00e9s \u00e0 la Twingo : un quatre cylindres turbo 1,2 litre de 100 ch ou un 1,6 litre atmosph\u00e9rique de 133 ch. Tous deux sont \u00e9quip\u00e9s d&rsquo;une transmission manuelle \u00e0 cinq vitesses. Le 1,6 litre atmosph\u00e9rique \u00e9tait \u00e9galement disponible en version Gordini, avec une couleur de peinture bleue distinctive et des bandes blanches. Ainsi, vous transformez presque votre vent en un alpin miniature.<\/p>\n<figure class=\"wp-block-gallery has-nested-images columns-default is-cropped\">\n<figure class=\"wp-block-image size-large\"><img decoding=\"async\" loading=\"lazy\" width=\"1600\" height=\"1200\" data-id=\"138545\" src=\"https:\/\/autorai.nl\/wp-content\/uploads\/2022\/11\/037_Renault_Wind.jpg\" alt=\"\" class=\"wp-image-138545\"><\/figure>\n<figure class=\"wp-block-image size-large\"><img decoding=\"async\" loading=\"lazy\" width=\"1800\" height=\"1200\" data-id=\"138543\" src=\"https:\/\/autorai.nl\/wp-content\/uploads\/2022\/11\/039_Renault_Wind.jpg\" alt=\"\" class=\"wp-image-138543\"><\/figure>\n<\/figure>\n<h2>Niveaux d&rsquo;\u00e9quipement Renault Wind<\/h2>\n<p>Il y avait en gros trois versions pour votre Renault Wind. La Dynamique \u00e9tait la base, mais \u00e9tait \u00e9quip\u00e9e de s\u00e9rie de jantes de 16 pouces et de la climatisation. La Dynamique S a apport\u00e9 des jantes en alliage de 17 pouces et la climatisation ; la version Collection s&rsquo;est distingu\u00e9e par un toit ouvrant noir brillant et des accents int\u00e9rieurs rouges et chrom\u00e9s.<\/p>\n<figure class=\"wp-block-gallery has-nested-images columns-default is-cropped\">\n<figure class=\"wp-block-image size-large\"><img decoding=\"async\" loading=\"lazy\" width=\"1600\" height=\"1200\" data-id=\"138538\" src=\"https:\/\/autorai.nl\/wp-content\/uploads\/2022\/11\/055_Renault_Wind.jpg\" alt=\"\" class=\"wp-image-138538\"><\/figure>\n<figure class=\"wp-block-image size-large\"><img decoding=\"async\" loading=\"lazy\" width=\"1600\" height=\"1200\" data-id=\"138541\" src=\"https:\/\/autorai.nl\/wp-content\/uploads\/2022\/11\/049_Renault_Wind.jpg\" alt=\"\" class=\"wp-image-138541\"><\/figure>\n<\/figure>\n<h2>Renault Wind d&rsquo;occasion<\/h2>\n<p>En raison d&rsquo;une production d\u00e9cevante, le Renault Wind est et restera une raret\u00e9. Ceux qui recherchent cette voiture devront <a href=\"https:\/\/www.viabovag.nl\/auto\/merk-renault\/model-wind\" target=\"_blank\" rel=\"noreferrer noopener\">chercher avec soin<\/a>. Malgr\u00e9 tout, le prix de cette voiture est raisonnablement accessible. Si vous voulez vraiment tout savoir sur la Renault Wind, il est bon de savoir que la technologie de cette g\u00e9n\u00e9ration de Renault Twingo &#8211; et donc de la Renault Wind &#8211; s&rsquo;av\u00e8re assez fiable. En bref : qui ose ?<\/p>\n","protected":false},"excerpt":{"rendered":"Histoire Renault Wind L'histoire de la Renault Wind commence par un concept-car espi\u00e8gle pr\u00e9sent\u00e9 au Mondial de l'Automobile de Paris\u2026","protected":false},"author":0,"featured_media":126726,"comment_status":"open","ping_status":"open","sticky":false,"template":"","format":"standard","meta":{"footnotes":""},"categories":[127],"tags":[],"class_list":["post-126773","post","type-post","status-publish","format-standard","has-post-thumbnail","hentry","category-nouvelles-de-voiture"],"acf":[],"yoast_head":"<!-- This site is optimized with the Yoast SEO plugin v21.2 - https:\/\/yoast.com\/wordpress\/plugins\/seo\/ -->\n<title>Renault Wind - Tout ce que vous devez savoir - All cars news<\/title>\n<meta name=\"robots\" content=\"index, follow, max-snippet:-1, max-image-preview:large, max-video-preview:-1\" \/>\n<link rel=\"canonical\" href=\"https:\/\/all-car-news.com\/fr\/renault-wind-tout-ce-que-vous-devez-savoir\/\" \/>\n<meta property=\"og:locale\" content=\"fr_FR\" \/>\n<meta property=\"og:type\" content=\"article\" \/>\n<meta property=\"og:title\" content=\"Renault Wind - Tout ce que vous devez savoir - All cars news\" \/>\n<meta property=\"og:description\" content=\"Histoire Renault Wind L&#039;histoire de la Renault Wind commence par un concept-car espi\u00e8gle pr\u00e9sent\u00e9 au Mondial de l&#039;Automobile de Paris 2004. Il faudra attendre 2010 pour que les premiers exemplaires sortent de l&#039;usine slov\u00e8ne. Dans cet article, nous vous disons tout ce que vous devez savoir sur cet \u00e9chec bien intentionn\u00e9 mais grandiose [...].\" \/>\n<meta property=\"og:url\" content=\"https:\/\/all-car-news.com\/fr\/renault-wind-tout-ce-que-vous-devez-savoir\/\" \/>\n<meta property=\"og:site_name\" content=\"All cars news\" \/>\n<meta property=\"article:published_time\" content=\"2022-11-12T13:11:00+00:00\" \/>\n<meta property=\"og:image\" content=\"https:\/\/autorai.nl\/wp-content\/uploads\/2022\/11\/056_Renault_Wind.jpg\" \/>\n<meta name=\"twitter:card\" content=\"summary_large_image\" \/>\n<meta name=\"twitter:label1\" content=\"Dur\u00e9e de lecture estim\u00e9e\" \/>\n\t<meta name=\"twitter:data1\" content=\"3 minutes\" \/>\n<script type=\"application\/ld+json\" class=\"yoast-schema-graph\">{\"@context\":\"https:\/\/schema.org\",\"@graph\":[{\"@type\":\"Article\",\"@id\":\"https:\/\/all-car-news.com\/fr\/renault-wind-tout-ce-que-vous-devez-savoir\/#article\",\"isPartOf\":{\"@id\":\"https:\/\/all-car-news.com\/fr\/renault-wind-tout-ce-que-vous-devez-savoir\/\"},\"author\":{\"name\":\"\",\"@id\":\"\"},\"headline\":\"Renault Wind &#8211; Tout ce que vous devez savoir\",\"datePublished\":\"2022-11-12T13:11:00+00:00\",\"dateModified\":\"2022-11-12T13:11:00+00:00\",\"mainEntityOfPage\":{\"@id\":\"https:\/\/all-car-news.com\/fr\/renault-wind-tout-ce-que-vous-devez-savoir\/\"},\"wordCount\":620,\"commentCount\":0,\"publisher\":{\"@id\":\"https:\/\/all-car-news.com\/fr\/#organization\"},\"articleSection\":[\"nouvelles de voiture\"],\"inLanguage\":\"fr-FR\",\"potentialAction\":[{\"@type\":\"CommentAction\",\"name\":\"Comment\",\"target\":[\"https:\/\/all-car-news.com\/fr\/renault-wind-tout-ce-que-vous-devez-savoir\/#respond\"]}]},{\"@type\":\"WebPage\",\"@id\":\"https:\/\/all-car-news.com\/fr\/renault-wind-tout-ce-que-vous-devez-savoir\/\",\"url\":\"https:\/\/all-car-news.com\/fr\/renault-wind-tout-ce-que-vous-devez-savoir\/\",\"name\":\"Renault Wind - Tout ce que vous devez savoir - All cars news\",\"isPartOf\":{\"@id\":\"https:\/\/all-car-news.com\/fr\/#website\"},\"datePublished\":\"2022-11-12T13:11:00+00:00\",\"dateModified\":\"2022-11-12T13:11:00+00:00\",\"breadcrumb\":{\"@id\":\"https:\/\/all-car-news.com\/fr\/renault-wind-tout-ce-que-vous-devez-savoir\/#breadcrumb\"},\"inLanguage\":\"fr-FR\",\"potentialAction\":[{\"@type\":\"ReadAction\",\"target\":[\"https:\/\/all-car-news.com\/fr\/renault-wind-tout-ce-que-vous-devez-savoir\/\"]}]},{\"@type\":\"BreadcrumbList\",\"@id\":\"https:\/\/all-car-news.com\/fr\/renault-wind-tout-ce-que-vous-devez-savoir\/#breadcrumb\",\"itemListElement\":[{\"@type\":\"ListItem\",\"position\":1,\"name\":\"Home\",\"item\":\"https:\/\/all-car-news.com\/fr\/\"},{\"@type\":\"ListItem\",\"position\":2,\"name\":\"Renault Wind &#8211; Tout ce que vous devez savoir\"}]},{\"@type\":\"WebSite\",\"@id\":\"https:\/\/all-car-news.com\/fr\/#website\",\"url\":\"https:\/\/all-car-news.com\/fr\/\",\"name\":\"All cars news\",\"description\":\"\",\"publisher\":{\"@id\":\"https:\/\/all-car-news.com\/fr\/#organization\"},\"potentialAction\":[{\"@type\":\"SearchAction\",\"target\":{\"@type\":\"EntryPoint\",\"urlTemplate\":\"https:\/\/all-car-news.com\/fr\/?s={search_term_string}\"},\"query-input\":\"required name=search_term_string\"}],\"inLanguage\":\"fr-FR\"},{\"@type\":\"Organization\",\"@id\":\"https:\/\/all-car-news.com\/fr\/#organization\",\"name\":\"All cars news\",\"url\":\"https:\/\/all-car-news.com\/fr\/\",\"logo\":{\"@type\":\"ImageObject\",\"inLanguage\":\"fr-FR\",\"@id\":\"https:\/\/all-car-news.com\/fr\/#\/schema\/logo\/image\/\",\"url\":\"https:\/\/all-car-news.com\/wp-content\/uploads\/2022\/02\/CMYK-AllCarNews_LANDSCAPE_300px-1.png\",\"contentUrl\":\"https:\/\/all-car-news.com\/wp-content\/uploads\/2022\/02\/CMYK-AllCarNews_LANDSCAPE_300px-1.png\",\"width\":300,\"height\":100,\"caption\":\"All cars news\"},\"image\":{\"@id\":\"https:\/\/all-car-news.com\/fr\/#\/schema\/logo\/image\/\"}}]}<\/script>\n<!-- \/ Yoast SEO plugin. -->","yoast_head_json":{"title":"Renault Wind - Tout ce que vous devez savoir - All cars news","robots":{"index":"index","follow":"follow","max-snippet":"max-snippet:-1","max-image-preview":"max-image-preview:large","max-video-preview":"max-video-preview:-1"},"canonical":"https:\/\/all-car-news.com\/fr\/renault-wind-tout-ce-que-vous-devez-savoir\/","og_locale":"fr_FR","og_type":"article","og_title":"Renault Wind - Tout ce que vous devez savoir - All cars news","og_description":"Histoire Renault Wind L'histoire de la Renault Wind commence par un concept-car espi\u00e8gle pr\u00e9sent\u00e9 au Mondial de l'Automobile de Paris 2004. Il faudra attendre 2010 pour que les premiers exemplaires sortent de l'usine slov\u00e8ne. Dans cet article, nous vous disons tout ce que vous devez savoir sur cet \u00e9chec bien intentionn\u00e9 mais grandiose [...].","og_url":"https:\/\/all-car-news.com\/fr\/renault-wind-tout-ce-que-vous-devez-savoir\/","og_site_name":"All cars news","article_published_time":"2022-11-12T13:11:00+00:00","og_image":[{"url":"https:\/\/autorai.nl\/wp-content\/uploads\/2022\/11\/056_Renault_Wind.jpg"}],"twitter_card":"summary_large_image","twitter_misc":{"Dur\u00e9e de lecture estim\u00e9e":"3 minutes"},"schema":{"@context":"https:\/\/schema.org","@graph":[{"@type":"Article","@id":"https:\/\/all-car-news.com\/fr\/renault-wind-tout-ce-que-vous-devez-savoir\/#article","isPartOf":{"@id":"https:\/\/all-car-news.com\/fr\/renault-wind-tout-ce-que-vous-devez-savoir\/"},"author":{"name":"","@id":""},"headline":"Renault Wind &#8211; Tout ce que vous devez savoir","datePublished":"2022-11-12T13:11:00+00:00","dateModified":"2022-11-12T13:11:00+00:00","mainEntityOfPage":{"@id":"https:\/\/all-car-news.com\/fr\/renault-wind-tout-ce-que-vous-devez-savoir\/"},"wordCount":620,"commentCount":0,"publisher":{"@id":"https:\/\/all-car-news.com\/fr\/#organization"},"articleSection":["nouvelles de voiture"],"inLanguage":"fr-FR","potentialAction":[{"@type":"CommentAction","name":"Comment","target":["https:\/\/all-car-news.com\/fr\/renault-wind-tout-ce-que-vous-devez-savoir\/#respond"]}]},{"@type":"WebPage","@id":"https:\/\/all-car-news.com\/fr\/renault-wind-tout-ce-que-vous-devez-savoir\/","url":"https:\/\/all-car-news.com\/fr\/renault-wind-tout-ce-que-vous-devez-savoir\/","name":"Renault Wind - Tout ce que vous devez savoir - All cars news","isPartOf":{"@id":"https:\/\/all-car-news.com\/fr\/#website"},"datePublished":"2022-11-12T13:11:00+00:00","dateModified":"2022-11-12T13:11:00+00:00","breadcrumb":{"@id":"https:\/\/all-car-news.com\/fr\/renault-wind-tout-ce-que-vous-devez-savoir\/#breadcrumb"},"inLanguage":"fr-FR","potentialAction":[{"@type":"ReadAction","target":["https:\/\/all-car-news.com\/fr\/renault-wind-tout-ce-que-vous-devez-savoir\/"]}]},{"@type":"BreadcrumbList","@id":"https:\/\/all-car-news.com\/fr\/renault-wind-tout-ce-que-vous-devez-savoir\/#breadcrumb","itemListElement":[{"@type":"ListItem","position":1,"name":"Home","item":"https:\/\/all-car-news.com\/fr\/"},{"@type":"ListItem","position":2,"name":"Renault Wind &#8211; Tout ce que vous devez savoir"}]},{"@type":"WebSite","@id":"https:\/\/all-car-news.com\/fr\/#website","url":"https:\/\/all-car-news.com\/fr\/","name":"All cars news","description":"","publisher":{"@id":"https:\/\/all-car-news.com\/fr\/#organization"},"potentialAction":[{"@type":"SearchAction","target":{"@type":"EntryPoint","urlTemplate":"https:\/\/all-car-news.com\/fr\/?s={search_term_string}"},"query-input":"required name=search_term_string"}],"inLanguage":"fr-FR"},{"@type":"Organization","@id":"https:\/\/all-car-news.com\/fr\/#organization","name":"All cars news","url":"https:\/\/all-car-news.com\/fr\/","logo":{"@type":"ImageObject","inLanguage":"fr-FR","@id":"https:\/\/all-car-news.com\/fr\/#\/schema\/logo\/image\/","url":"https:\/\/all-car-news.com\/wp-content\/uploads\/2022\/02\/CMYK-AllCarNews_LANDSCAPE_300px-1.png","contentUrl":"https:\/\/all-car-news.com\/wp-content\/uploads\/2022\/02\/CMYK-AllCarNews_LANDSCAPE_300px-1.png","width":300,"height":100,"caption":"All cars news"},"image":{"@id":"https:\/\/all-car-news.com\/fr\/#\/schema\/logo\/image\/"}}]}},"_links":{"self":[{"href":"https:\/\/all-car-news.com\/fr\/wp-json\/wp\/v2\/posts\/126773","targetHints":{"allow":["GET"]}}],"collection":[{"href":"https:\/\/all-car-news.com\/fr\/wp-json\/wp\/v2\/posts"}],"about":[{"href":"https:\/\/all-car-news.com\/fr\/wp-json\/wp\/v2\/types\/post"}],"replies":[{"embeddable":true,"href":"https:\/\/all-car-news.com\/fr\/wp-json\/wp\/v2\/comments?post=126773"}],"version-history":[{"count":0,"href":"https:\/\/all-car-news.com\/fr\/wp-json\/wp\/v2\/posts\/126773\/revisions"}],"wp:featuredmedia":[{"embeddable":true,"href":"https:\/\/all-car-news.com\/fr\/wp-json\/wp\/v2\/media\/126726"}],"wp:attachment":[{"href":"https:\/\/all-car-news.com\/fr\/wp-json\/wp\/v2\/media?parent=126773"}],"wp:term":[{"taxonomy":"category","embeddable":true,"href":"https:\/\/all-car-news.com\/fr\/wp-json\/wp\/v2\/categories?post=126773"},{"taxonomy":"post_tag","embeddable":true,"href":"https:\/\/all-car-news.com\/fr\/wp-json\/wp\/v2\/tags?post=126773"}],"curies":[{"name":"wp","href":"https:\/\/api.w.org\/{rel}","templated":true}]}}