{"id":126709,"date":"2022-11-11T08:23:00","date_gmt":"2022-11-11T08:23:00","guid":{"rendered":"https:\/\/all-car-news.com\/reperes-les-premiers-nio-dans-la-nature\/"},"modified":"2022-11-11T08:23:00","modified_gmt":"2022-11-11T08:23:00","slug":"reperes-les-premiers-nio-dans-la-nature","status":"publish","type":"post","link":"https:\/\/all-car-news.com\/fr\/reperes-les-premiers-nio-dans-la-nature\/","title":{"rendered":"Rep\u00e9r\u00e9s : les premiers NIO dans la nature"},"content":{"rendered":"<p>NIO Netherlands est bas\u00e9e \u00e0 Amsterdam, pr\u00e8s de l&rsquo;Amsterdam ArenA. Autour de ce si\u00e8ge n\u00e9erlandais, AutoRAI.nl a d\u00e9couvert l&rsquo;autre jour quelques exemplaires de la NIO ET7.<\/p>\n<h2><strong>Les premiers ET7 de NIO dans la nature<\/strong><\/h2>\n<p>Nous avions d\u00e9j\u00e0 <a href=\"https:\/\/autorai.nl\/review-nio-et7-2023-moeten-mercedes-bmw-en-tesla-zich-zorgen-maken\/\" target=\"_blank\" rel=\"noreferrer noopener\">pu conduire<\/a> la voiture en Allemagne, mais aux Pays-Bas, nous ne l&rsquo;avions jamais rencontr\u00e9e auparavant. Avec ces sp\u00e9cimens, nous avons donc rep\u00e9r\u00e9 les premi\u00e8res NIO \u00ab\u00a0dans la nature\u00a0\u00bb, bien qu&rsquo;il s&rsquo;agisse tr\u00e8s probablement encore de sp\u00e9cimens de la marque elle-m\u00eame.<\/p>\n<p>Dans le cas du mod\u00e8le blanc, c&rsquo;est \u00e9vident car il y a de grands autocollants NIO sur les portes avant. De plus, il est litt\u00e9ralement en train de charger \u00e0 la porte du si\u00e8ge. Le mod\u00e8le gris fonc\u00e9 \u00e9tait gar\u00e9 un peu plus loin dans la rue et semble d\u00e9j\u00e0 \u00eatre un mod\u00e8le priv\u00e9, si ce n&rsquo;est qu&rsquo;il est enregistr\u00e9 depuis ao\u00fbt. \u00c0 l&rsquo;\u00e9poque, aucune voiture n&rsquo;\u00e9tait livr\u00e9e aux clients.<\/p>\n<div class=\"galery shuffle galery-0\">\n<figure>\n\t\t\t\t\t<span style=\"cursor: pointer\" data-src=\"https:\/\/autorai.nl\/wp-content\/uploads\/2022\/11\/Gespot-NIO-ET7-3-1600x1200.jpg\" data-fancybox=\"galery-0\" title=\"\"><br \/>\n\t\t\t\t\t\t\t<img decoding=\"async\" width=\"640\" height=\"480\" src=\"https:\/\/autorai.nl\/wp-content\/uploads\/2022\/11\/Gespot-NIO-ET7-3-640x480.jpg\" class=\"attachment-medium size-medium\" alt=\"\" loading=\"lazy\"><i class=\"fa fa-search-plus\" aria-hidden=\"true\"><\/i><br \/>\n\t\t\t\t\t\t<\/span><br \/>\n\t\t\t\t\t<\/figure>\n<figure>\n\t\t\t\t\t<span style=\"cursor: pointer\" data-src=\"https:\/\/autorai.nl\/wp-content\/uploads\/2022\/11\/Gespot-NIO-ET7-4-1600x1200.jpg\" data-fancybox=\"galery-0\" title=\"\"><br \/>\n\t\t\t\t\t\t\t<img decoding=\"async\" width=\"360\" height=\"270\" src=\"https:\/\/autorai.nl\/wp-content\/uploads\/2022\/11\/Gespot-NIO-ET7-4-360x270.jpg\" class=\"attachment-small size-small\" alt=\"\" loading=\"lazy\"><i class=\"fa fa-search-plus\" aria-hidden=\"true\"><\/i><br \/>\n\t\t\t\t\t\t<\/span><br \/>\n\t\t\t\t\t<\/figure>\n<figure>\n\t\t\t\t\t<span style=\"cursor: pointer\" data-src=\"https:\/\/autorai.nl\/wp-content\/uploads\/2022\/11\/Gespot-NIO-ET7-5-1600x1200.jpg\" data-fancybox=\"galery-0\" title=\"\"><br \/>\n\t\t\t\t\t\t\t<img decoding=\"async\" width=\"360\" height=\"270\" src=\"https:\/\/autorai.nl\/wp-content\/uploads\/2022\/11\/Gespot-NIO-ET7-5-360x270.jpg\" class=\"attachment-small size-small\" alt=\"\" loading=\"lazy\"><i class=\"fa fa-search-plus\" aria-hidden=\"true\"><\/i><br \/>\n\t\t\t\t\t\t<\/span><br \/>\n\t\t\t\t\t<\/figure>\n<div class=\"clear\"><\/div>\n<\/div>\n<div class=\"galery galery-1\">\n<figure>\n\t\t\t\t\t<span style=\"cursor: pointer\" data-src=\"https:\/\/autorai.nl\/wp-content\/uploads\/2022\/11\/Gespot-NIO-ET7-1-1600x1200.jpg\" data-fancybox=\"galery-1\" title=\"\"><br \/>\n\t\t\t\t\t\t\t<img decoding=\"async\" width=\"360\" height=\"270\" src=\"https:\/\/autorai.nl\/wp-content\/uploads\/2022\/11\/Gespot-NIO-ET7-1-360x270.jpg\" class=\"attachment-small size-small\" alt=\"\" loading=\"lazy\"><i class=\"fa fa-search-plus\" aria-hidden=\"true\"><\/i><br \/>\n\t\t\t\t\t\t<\/span><br \/>\n\t\t\t\t\t<\/figure>\n<figure>\n\t\t\t\t\t<span style=\"cursor: pointer\" data-src=\"https:\/\/autorai.nl\/wp-content\/uploads\/2022\/11\/Gespot-NIO-ET7-2-1600x1200.jpg\" data-fancybox=\"galery-1\" title=\"\"><br \/>\n\t\t\t\t\t\t\t<img decoding=\"async\" width=\"360\" height=\"270\" src=\"https:\/\/autorai.nl\/wp-content\/uploads\/2022\/11\/Gespot-NIO-ET7-2-360x270.jpg\" class=\"attachment-small size-small\" alt=\"\" loading=\"lazy\"><i class=\"fa fa-search-plus\" aria-hidden=\"true\"><\/i><br \/>\n\t\t\t\t\t\t<\/span><br \/>\n\t\t\t\t\t<\/figure>\n<div class=\"clear\"><\/div>\n<\/div>\n<p>En les voyant dans un parking n\u00e9erlandais, il est frappant de constater que l&rsquo;ET7 est en fait une assez grosse voiture. Il suffit de la comparer aux Tesla \u00e0 c\u00f4t\u00e9 desquelles se trouve la gris clair, ou \u00e0 la Renault Twingo \u00e0 c\u00f4t\u00e9 de la gris fonc\u00e9. Avec ses 5,1 m\u00e8tres de long, l&rsquo;ET7 est m\u00eame l\u00e9g\u00e8rement plus grande qu&rsquo;une Tesla Model S, l&rsquo;un de ses concurrents directs. L&rsquo;ET7 est donc le mod\u00e8le phare de la nouvelle marque. Pour ceux qui pr\u00e9f\u00e8rent une voiture aux dimensions plus modestes, NIO proposera bient\u00f4t l&rsquo;<a href=\"https:\/\/autorai.nl\/de-nio-et5-komt-dit-jaar-op-de-markt-en-komt-1-000-kilometer-ver\/\" target=\"_blank\" rel=\"noreferrer noopener\">ET5, l\u00e9g\u00e8rement plus petite<\/a>.<\/p>\n<h2><strong>C&rsquo;est sp\u00e9cial : une ES8 de NIO<\/strong><\/h2>\n<p>Il y a quelques semaines, nous sommes \u00e9galement pass\u00e9s par hasard devant le si\u00e8ge de NIO et il y avait sur le parking quelque chose de bien plus sp\u00e9cial : une NIO ES8. Il s&rsquo;agit du premier mod\u00e8le de s\u00e9rie r\u00e9guli\u00e8re de la marque, pr\u00e9sent\u00e9 en 2018 et subtilement facelift\u00e9 en 2020. Vous pouvez voir ce mod\u00e8le facelift ici. Celui-ci est enregistr\u00e9 depuis la mi-septembre.<\/p>\n<p>Qu&rsquo;est-ce qui fait de cette ES8 un projecteur si sp\u00e9cial ? Eh bien, si NIO pr\u00e9voit d&rsquo;arriver sur le march\u00e9 n\u00e9erlandais avec <a href=\"https:\/\/autorai.nl\/nio-et7-komt-dit-jaar-nog-naar-nederland\/\" target=\"_blank\" rel=\"noreferrer noopener\">plusieurs mod\u00e8les<\/a>, l&rsquo;ES8 <a href=\"https:\/\/www.nio.com\/nl_NL\" target=\"_blank\" rel=\"noreferrer noopener\">n&rsquo;en fait<\/a> pr\u00e9cis\u00e9ment <a href=\"https:\/\/www.nio.com\/nl_NL\" target=\"_blank\" rel=\"noreferrer noopener\">pas partie<\/a> pour le moment. Soit dit en passant, ils fournissent l&rsquo;ES8 en Norv\u00e8ge, qui a \u00e9t\u00e9 l&rsquo;ann\u00e9e derni\u00e8re le premier pays europ\u00e9en o\u00f9 NIO \u00e9tait actif.<\/p>\n<div class=\"galery shuffle galery-2\">\n<figure>\n\t\t\t\t\t<span style=\"cursor: pointer\" data-src=\"https:\/\/autorai.nl\/wp-content\/uploads\/2022\/11\/Gespot-NIO-ES8-header-1600x1200.jpg\" data-fancybox=\"galery-2\" title=\"\"><br \/>\n\t\t\t\t\t\t\t<img decoding=\"async\" width=\"640\" height=\"480\" src=\"https:\/\/autorai.nl\/wp-content\/uploads\/2022\/11\/Gespot-NIO-ES8-header-640x480.jpg\" class=\"attachment-medium size-medium\" alt=\"\" loading=\"lazy\"><i class=\"fa fa-search-plus\" aria-hidden=\"true\"><\/i><br \/>\n\t\t\t\t\t\t<\/span><br \/>\n\t\t\t\t\t<\/figure>\n<figure>\n\t\t\t\t\t<span style=\"cursor: pointer\" data-src=\"https:\/\/autorai.nl\/wp-content\/uploads\/2022\/11\/Gespot-NIO-ES8-2-1600x1200.jpg\" data-fancybox=\"galery-2\" title=\"\"><br \/>\n\t\t\t\t\t\t\t<img decoding=\"async\" width=\"360\" height=\"270\" src=\"https:\/\/autorai.nl\/wp-content\/uploads\/2022\/11\/Gespot-NIO-ES8-2-360x270.jpg\" class=\"attachment-small size-small\" alt=\"\" loading=\"lazy\"><i class=\"fa fa-search-plus\" aria-hidden=\"true\"><\/i><br \/>\n\t\t\t\t\t\t<\/span><br \/>\n\t\t\t\t\t<\/figure>\n<figure>\n\t\t\t\t\t<span style=\"cursor: pointer\" data-src=\"https:\/\/autorai.nl\/wp-content\/uploads\/2022\/11\/Gespot-NIO-ES8-3-1600x1200.jpg\" data-fancybox=\"galery-2\" title=\"\"><br \/>\n\t\t\t\t\t\t\t<img decoding=\"async\" width=\"360\" height=\"270\" src=\"https:\/\/autorai.nl\/wp-content\/uploads\/2022\/11\/Gespot-NIO-ES8-3-360x270.jpg\" class=\"attachment-small size-small\" alt=\"\" loading=\"lazy\"><i class=\"fa fa-search-plus\" aria-hidden=\"true\"><\/i><br \/>\n\t\t\t\t\t\t<\/span><br \/>\n\t\t\t\t\t<\/figure>\n<div class=\"clear\"><\/div>\n<\/div>\n","protected":false},"excerpt":{"rendered":"NIO Netherlands est bas\u00e9e \u00e0 Amsterdam, pr\u00e8s de l'Amsterdam ArenA. Autour de ce si\u00e8ge n\u00e9erlandais, AutoRAI.nl a d\u00e9couvert l'autre jour\u2026","protected":false},"author":0,"featured_media":126692,"comment_status":"open","ping_status":"open","sticky":false,"template":"","format":"standard","meta":{"footnotes":""},"categories":[177],"tags":[],"class_list":["post-126709","post","type-post","status-publish","format-standard","has-post-thumbnail","hentry","category-fun-fr"],"acf":[],"yoast_head":"<!-- This site is optimized with the Yoast SEO plugin v21.2 - https:\/\/yoast.com\/wordpress\/plugins\/seo\/ -->\n<title>Rep\u00e9r\u00e9s : les premiers NIO dans la nature - All cars news<\/title>\n<meta name=\"robots\" content=\"index, follow, max-snippet:-1, max-image-preview:large, max-video-preview:-1\" \/>\n<link rel=\"canonical\" href=\"https:\/\/all-car-news.com\/fr\/reperes-les-premiers-nio-dans-la-nature\/\" \/>\n<meta property=\"og:locale\" content=\"fr_FR\" \/>\n<meta property=\"og:type\" content=\"article\" \/>\n<meta property=\"og:title\" content=\"Rep\u00e9r\u00e9s : les premiers NIO dans la nature - All cars news\" \/>\n<meta property=\"og:description\" content=\"NIO Netherlands est bas\u00e9e \u00e0 Amsterdam, pr\u00e8s de l&#039;Amsterdam ArenA. Autour de ce si\u00e8ge n\u00e9erlandais, AutoRAI.nl a d\u00e9couvert l&#039;autre jour quelques exemplaires de la NIO ET7. Les premi\u00e8res NIO ET7 dans la nature En Allemagne, nous avions d\u00e9j\u00e0 pu conduire la voiture, mais aux Pays-Bas, nous ne l&#039;avions pas encore rencontr\u00e9e. Avec ces sp\u00e9cimens [...]\" \/>\n<meta property=\"og:url\" content=\"https:\/\/all-car-news.com\/fr\/reperes-les-premiers-nio-dans-la-nature\/\" \/>\n<meta property=\"og:site_name\" content=\"All cars news\" \/>\n<meta property=\"article:published_time\" content=\"2022-11-11T08:23:00+00:00\" \/>\n<meta property=\"og:image\" content=\"https:\/\/autorai.nl\/wp-content\/uploads\/2022\/11\/Gespot-NIO-ET7-3-640x480.jpg\" \/>\n<meta name=\"twitter:card\" content=\"summary_large_image\" \/>\n<meta name=\"twitter:label1\" content=\"Dur\u00e9e de lecture estim\u00e9e\" \/>\n\t<meta name=\"twitter:data1\" content=\"2 minutes\" \/>\n<script type=\"application\/ld+json\" class=\"yoast-schema-graph\">{\"@context\":\"https:\/\/schema.org\",\"@graph\":[{\"@type\":\"Article\",\"@id\":\"https:\/\/all-car-news.com\/fr\/reperes-les-premiers-nio-dans-la-nature\/#article\",\"isPartOf\":{\"@id\":\"https:\/\/all-car-news.com\/fr\/reperes-les-premiers-nio-dans-la-nature\/\"},\"author\":{\"name\":\"\",\"@id\":\"\"},\"headline\":\"Rep\u00e9r\u00e9s : les premiers NIO dans la nature\",\"datePublished\":\"2022-11-11T08:23:00+00:00\",\"dateModified\":\"2022-11-11T08:23:00+00:00\",\"mainEntityOfPage\":{\"@id\":\"https:\/\/all-car-news.com\/fr\/reperes-les-premiers-nio-dans-la-nature\/\"},\"wordCount\":423,\"commentCount\":0,\"publisher\":{\"@id\":\"https:\/\/all-car-news.com\/fr\/#organization\"},\"articleSection\":[\"Fun\"],\"inLanguage\":\"fr-FR\",\"potentialAction\":[{\"@type\":\"CommentAction\",\"name\":\"Comment\",\"target\":[\"https:\/\/all-car-news.com\/fr\/reperes-les-premiers-nio-dans-la-nature\/#respond\"]}]},{\"@type\":\"WebPage\",\"@id\":\"https:\/\/all-car-news.com\/fr\/reperes-les-premiers-nio-dans-la-nature\/\",\"url\":\"https:\/\/all-car-news.com\/fr\/reperes-les-premiers-nio-dans-la-nature\/\",\"name\":\"Rep\u00e9r\u00e9s : les premiers NIO dans la nature - All cars news\",\"isPartOf\":{\"@id\":\"https:\/\/all-car-news.com\/fr\/#website\"},\"datePublished\":\"2022-11-11T08:23:00+00:00\",\"dateModified\":\"2022-11-11T08:23:00+00:00\",\"breadcrumb\":{\"@id\":\"https:\/\/all-car-news.com\/fr\/reperes-les-premiers-nio-dans-la-nature\/#breadcrumb\"},\"inLanguage\":\"fr-FR\",\"potentialAction\":[{\"@type\":\"ReadAction\",\"target\":[\"https:\/\/all-car-news.com\/fr\/reperes-les-premiers-nio-dans-la-nature\/\"]}]},{\"@type\":\"BreadcrumbList\",\"@id\":\"https:\/\/all-car-news.com\/fr\/reperes-les-premiers-nio-dans-la-nature\/#breadcrumb\",\"itemListElement\":[{\"@type\":\"ListItem\",\"position\":1,\"name\":\"Home\",\"item\":\"https:\/\/all-car-news.com\/fr\/\"},{\"@type\":\"ListItem\",\"position\":2,\"name\":\"Rep\u00e9r\u00e9s : les premiers NIO dans la nature\"}]},{\"@type\":\"WebSite\",\"@id\":\"https:\/\/all-car-news.com\/fr\/#website\",\"url\":\"https:\/\/all-car-news.com\/fr\/\",\"name\":\"All cars news\",\"description\":\"\",\"publisher\":{\"@id\":\"https:\/\/all-car-news.com\/fr\/#organization\"},\"potentialAction\":[{\"@type\":\"SearchAction\",\"target\":{\"@type\":\"EntryPoint\",\"urlTemplate\":\"https:\/\/all-car-news.com\/fr\/?s={search_term_string}\"},\"query-input\":\"required name=search_term_string\"}],\"inLanguage\":\"fr-FR\"},{\"@type\":\"Organization\",\"@id\":\"https:\/\/all-car-news.com\/fr\/#organization\",\"name\":\"All cars news\",\"url\":\"https:\/\/all-car-news.com\/fr\/\",\"logo\":{\"@type\":\"ImageObject\",\"inLanguage\":\"fr-FR\",\"@id\":\"https:\/\/all-car-news.com\/fr\/#\/schema\/logo\/image\/\",\"url\":\"https:\/\/all-car-news.com\/wp-content\/uploads\/2022\/02\/CMYK-AllCarNews_LANDSCAPE_300px-1.png\",\"contentUrl\":\"https:\/\/all-car-news.com\/wp-content\/uploads\/2022\/02\/CMYK-AllCarNews_LANDSCAPE_300px-1.png\",\"width\":300,\"height\":100,\"caption\":\"All cars news\"},\"image\":{\"@id\":\"https:\/\/all-car-news.com\/fr\/#\/schema\/logo\/image\/\"}}]}<\/script>\n<!-- \/ Yoast SEO plugin. -->","yoast_head_json":{"title":"Rep\u00e9r\u00e9s : les premiers NIO dans la nature - All cars news","robots":{"index":"index","follow":"follow","max-snippet":"max-snippet:-1","max-image-preview":"max-image-preview:large","max-video-preview":"max-video-preview:-1"},"canonical":"https:\/\/all-car-news.com\/fr\/reperes-les-premiers-nio-dans-la-nature\/","og_locale":"fr_FR","og_type":"article","og_title":"Rep\u00e9r\u00e9s : les premiers NIO dans la nature - All cars news","og_description":"NIO Netherlands est bas\u00e9e \u00e0 Amsterdam, pr\u00e8s de l'Amsterdam ArenA. Autour de ce si\u00e8ge n\u00e9erlandais, AutoRAI.nl a d\u00e9couvert l'autre jour quelques exemplaires de la NIO ET7. Les premi\u00e8res NIO ET7 dans la nature En Allemagne, nous avions d\u00e9j\u00e0 pu conduire la voiture, mais aux Pays-Bas, nous ne l'avions pas encore rencontr\u00e9e. Avec ces sp\u00e9cimens [...]","og_url":"https:\/\/all-car-news.com\/fr\/reperes-les-premiers-nio-dans-la-nature\/","og_site_name":"All cars news","article_published_time":"2022-11-11T08:23:00+00:00","og_image":[{"url":"https:\/\/autorai.nl\/wp-content\/uploads\/2022\/11\/Gespot-NIO-ET7-3-640x480.jpg"}],"twitter_card":"summary_large_image","twitter_misc":{"Dur\u00e9e de lecture estim\u00e9e":"2 minutes"},"schema":{"@context":"https:\/\/schema.org","@graph":[{"@type":"Article","@id":"https:\/\/all-car-news.com\/fr\/reperes-les-premiers-nio-dans-la-nature\/#article","isPartOf":{"@id":"https:\/\/all-car-news.com\/fr\/reperes-les-premiers-nio-dans-la-nature\/"},"author":{"name":"","@id":""},"headline":"Rep\u00e9r\u00e9s : les premiers NIO dans la nature","datePublished":"2022-11-11T08:23:00+00:00","dateModified":"2022-11-11T08:23:00+00:00","mainEntityOfPage":{"@id":"https:\/\/all-car-news.com\/fr\/reperes-les-premiers-nio-dans-la-nature\/"},"wordCount":423,"commentCount":0,"publisher":{"@id":"https:\/\/all-car-news.com\/fr\/#organization"},"articleSection":["Fun"],"inLanguage":"fr-FR","potentialAction":[{"@type":"CommentAction","name":"Comment","target":["https:\/\/all-car-news.com\/fr\/reperes-les-premiers-nio-dans-la-nature\/#respond"]}]},{"@type":"WebPage","@id":"https:\/\/all-car-news.com\/fr\/reperes-les-premiers-nio-dans-la-nature\/","url":"https:\/\/all-car-news.com\/fr\/reperes-les-premiers-nio-dans-la-nature\/","name":"Rep\u00e9r\u00e9s : les premiers NIO dans la nature - All cars news","isPartOf":{"@id":"https:\/\/all-car-news.com\/fr\/#website"},"datePublished":"2022-11-11T08:23:00+00:00","dateModified":"2022-11-11T08:23:00+00:00","breadcrumb":{"@id":"https:\/\/all-car-news.com\/fr\/reperes-les-premiers-nio-dans-la-nature\/#breadcrumb"},"inLanguage":"fr-FR","potentialAction":[{"@type":"ReadAction","target":["https:\/\/all-car-news.com\/fr\/reperes-les-premiers-nio-dans-la-nature\/"]}]},{"@type":"BreadcrumbList","@id":"https:\/\/all-car-news.com\/fr\/reperes-les-premiers-nio-dans-la-nature\/#breadcrumb","itemListElement":[{"@type":"ListItem","position":1,"name":"Home","item":"https:\/\/all-car-news.com\/fr\/"},{"@type":"ListItem","position":2,"name":"Rep\u00e9r\u00e9s : les premiers NIO dans la nature"}]},{"@type":"WebSite","@id":"https:\/\/all-car-news.com\/fr\/#website","url":"https:\/\/all-car-news.com\/fr\/","name":"All cars news","description":"","publisher":{"@id":"https:\/\/all-car-news.com\/fr\/#organization"},"potentialAction":[{"@type":"SearchAction","target":{"@type":"EntryPoint","urlTemplate":"https:\/\/all-car-news.com\/fr\/?s={search_term_string}"},"query-input":"required name=search_term_string"}],"inLanguage":"fr-FR"},{"@type":"Organization","@id":"https:\/\/all-car-news.com\/fr\/#organization","name":"All cars news","url":"https:\/\/all-car-news.com\/fr\/","logo":{"@type":"ImageObject","inLanguage":"fr-FR","@id":"https:\/\/all-car-news.com\/fr\/#\/schema\/logo\/image\/","url":"https:\/\/all-car-news.com\/wp-content\/uploads\/2022\/02\/CMYK-AllCarNews_LANDSCAPE_300px-1.png","contentUrl":"https:\/\/all-car-news.com\/wp-content\/uploads\/2022\/02\/CMYK-AllCarNews_LANDSCAPE_300px-1.png","width":300,"height":100,"caption":"All cars news"},"image":{"@id":"https:\/\/all-car-news.com\/fr\/#\/schema\/logo\/image\/"}}]}},"_links":{"self":[{"href":"https:\/\/all-car-news.com\/fr\/wp-json\/wp\/v2\/posts\/126709","targetHints":{"allow":["GET"]}}],"collection":[{"href":"https:\/\/all-car-news.com\/fr\/wp-json\/wp\/v2\/posts"}],"about":[{"href":"https:\/\/all-car-news.com\/fr\/wp-json\/wp\/v2\/types\/post"}],"replies":[{"embeddable":true,"href":"https:\/\/all-car-news.com\/fr\/wp-json\/wp\/v2\/comments?post=126709"}],"version-history":[{"count":0,"href":"https:\/\/all-car-news.com\/fr\/wp-json\/wp\/v2\/posts\/126709\/revisions"}],"wp:featuredmedia":[{"embeddable":true,"href":"https:\/\/all-car-news.com\/fr\/wp-json\/wp\/v2\/media\/126692"}],"wp:attachment":[{"href":"https:\/\/all-car-news.com\/fr\/wp-json\/wp\/v2\/media?parent=126709"}],"wp:term":[{"taxonomy":"category","embeddable":true,"href":"https:\/\/all-car-news.com\/fr\/wp-json\/wp\/v2\/categories?post=126709"},{"taxonomy":"post_tag","embeddable":true,"href":"https:\/\/all-car-news.com\/fr\/wp-json\/wp\/v2\/tags?post=126709"}],"curies":[{"name":"wp","href":"https:\/\/api.w.org\/{rel}","templated":true}]}}