{"id":126676,"date":"2022-11-09T15:15:00","date_gmt":"2022-11-09T15:15:00","guid":{"rendered":"https:\/\/all-car-news.com\/horaires-du-gp-f1-bresil-2022\/"},"modified":"2022-11-09T15:15:00","modified_gmt":"2022-11-09T15:15:00","slug":"horaires-du-gp-f1-bresil-2022","status":"publish","type":"post","link":"https:\/\/all-car-news.com\/fr\/horaires-du-gp-f1-bresil-2022\/","title":{"rendered":"Horaires du GP F1 Br\u00e9sil 2022"},"content":{"rendered":"<h2>\u00c0 quelle heure commencent les qualifications du GP Br\u00e9sil 2022 ?<\/h2>\n<p>Les qualifications pour le GP de F1 du Br\u00e9sil d\u00e9butent \u00e0 <strong>20h00 le vendredi 11 novembre<\/strong>. Se qualifier un vendredi ? Oui, car il s&rsquo;agit d&rsquo;un week-end de sprint : les qualifications ont lieu le vendredi au Br\u00e9sil, la course de sprint a lieu le samedi. Il y a \u00e9galement un d\u00e9calage horaire entre l&rsquo;Am\u00e9rique du Sud et les Pays-Bas. Pour nous, tout commence quatre heures plus tard qu&rsquo;\u00e0 Sao Paolo. Dans cet article, nous vous indiquons, entre autres, les horaires du GP F1 Br\u00e9sil 2022.<\/p>\n<p>Les deux championnats ont \u00e9t\u00e9 d\u00e9cid\u00e9s : Max Verstappen a obtenu son <a href=\"https:\/\/autorai.nl\/max-verstappen-nu-al-wereldkampioen-formule-1-2022-met-nog-vier-races-te-gaan\/\" target=\"_blank\" rel=\"noreferrer noopener\">deuxi\u00e8me titre mondial<\/a> et Red Bull est imbattable chez les constructeurs. Alors, \u00e0 quel point les deux derni\u00e8res courses au Br\u00e9sil et \u00e0 Abu Dhabi seront-elles passionnantes ?<\/p>\n<h2>Horaires du GP F1 Br\u00e9sil 2022<\/h2>\n<p>Consultez le programme avec tous les horaires du GP F1 Br\u00e9sil 2022 ci-dessous.<\/p>\n<figure class=\"wp-block-table\">\n<table>\n<tbody>\n<tr>\n<td>\n  <strong>Date<\/strong>\n<\/td>\n<td>\n  <strong>Session<\/strong>\n<\/td>\n<td>\n  <strong>Heure n\u00e9erlandaise<\/strong>\n<\/td>\n<\/tr>\n<tr>\n<td>Vendredi 11 novembre<\/td>\n<td><\/td>\n<td>16.30 &#8211; 17.30<\/td>\n<\/tr>\n<tr>\n<td>Vendredi 11 novembre<\/td>\n<td>Qualification<\/td>\n<td>20.00 &#8211; 21.00<\/td>\n<\/tr>\n<tr>\n<td>Samedi 12 novembre<\/td>\n<td>2\u00e8me libre de l&rsquo;exercice libre<\/td>\n<td>16.30 &#8211; 17.30<\/td>\n<\/tr>\n<tr>\n<td>Samedi 12 novembre<\/td>\n<td>Sprint<\/td>\n<td>20.30 &#8211; 21.30<\/td>\n<\/tr>\n<tr>\n<td>Dimanche 13 novembre<\/td>\n<td>Course<\/td>\n<td>19.00 &#8211; 21.00<\/td>\n<\/tr>\n<\/tbody>\n<\/table>\n<\/figure>\n<h2>Que s&rsquo;est-il pass\u00e9 lors du GP du Br\u00e9sil 2021 ?<\/h2>\n<p>Le week-end de course 2021 au Br\u00e9sil a commenc\u00e9 de mani\u00e8re tumultueuse : le pr\u00e9tendant au titre Lewis Hamilton a \u00e9t\u00e9 le plus rapide lors des qualifications mais a \u00e9t\u00e9 \u00e9limin\u00e9 des r\u00e9sultats apr\u00e8s que son aileron arri\u00e8re DRS n&rsquo;ait pas \u00e9t\u00e9 conforme aux r\u00e8gles. La FIA a \u00e9galement inflig\u00e9 une amende de 50 000 euros \u00e0 Max Verstappen pour avoir touch\u00e9 l&rsquo;aileron arri\u00e8re de la Mercedes dans le <em>parc ferm\u00e9<\/em>.<\/p>\n<p>La course de sprint a \u00e9t\u00e9 gagn\u00e9e par le co\u00e9quipier de Hamilton, Valtteri Bottas. Derri\u00e8re eux, Verstappen a glan\u00e9 de pr\u00e9cieux points de Coupe du monde avec une deuxi\u00e8me place. Le plus grand spectacle, cependant, est venu de Hamilton. Apr\u00e8s sa disqualification, il a d\u00fb repartir de la derni\u00e8re place de d\u00e9part. N\u00e9anmoins, le Britannique d\u00e9cha\u00een\u00e9 a r\u00e9ussi \u00e0 terminer la course de sprint en cinqui\u00e8me position depuis la derni\u00e8re position de d\u00e9part au volant de sa Mercedes.<\/p>\n<figure class=\"wp-block-gallery has-nested-images columns-default is-cropped\">\n<figure class=\"wp-block-image size-large\"><img decoding=\"async\" loading=\"lazy\" width=\"1920\" height=\"1080\" data-id=\"137981\" src=\"https:\/\/autorai.nl\/wp-content\/uploads\/2022\/11\/Preview_F1_GP_Brazilie_2022_M289209.jpg\" alt=\"\" class=\"wp-image-137981\"><\/figure>\n<figure class=\"wp-block-image size-large\"><img decoding=\"async\" loading=\"lazy\" width=\"1800\" height=\"1200\" data-id=\"137983\" src=\"https:\/\/autorai.nl\/wp-content\/uploads\/2022\/11\/Preview_F1_GP_Brazilie_2022_M289591.jpg\" alt=\"\" class=\"wp-image-137983\"><\/figure>\n<\/figure>\n<p>Un autre revers pour Hamilton au d\u00e9but de la course principale : parce que Mercedes avait chang\u00e9 son moteur plus t\u00f4t, il a re\u00e7u une p\u00e9nalit\u00e9 de cinq places sur la grille. Parti de la dixi\u00e8me place sur la grille, le Britannique a r\u00e9alis\u00e9 une nouvelle course impressionnante.<\/p>\n<h3>Les Titans s&rsquo;affrontent entre rivaux pour le titre<\/h3>\n<p>Au d\u00e9part, Verstappen a facilement dirig\u00e9 sa Red Bull devant la Mercedes de Bottas. Sergio P\u00e9rez a \u00e9galement \u00e9t\u00e9 rapide pour d\u00e9passer Bottas. Cependant, le danger est venu d&rsquo;Hamilton, qui s&rsquo;\u00e9tait d\u00e9j\u00e0 hiss\u00e9 en troisi\u00e8me position apr\u00e8s seulement cinq tours. Apr\u00e8s un duel passionnant pour la deuxi\u00e8me place, P\u00e9rez a d\u00fb c\u00e9der \u00e0 Hamilton.<\/p>\n<figure class=\"wp-block-gallery has-nested-images columns-default is-cropped\">\n<figure class=\"wp-block-image size-large\"><img decoding=\"async\" loading=\"lazy\" width=\"1882\" height=\"1200\" data-id=\"137997\" src=\"https:\/\/autorai.nl\/wp-content\/uploads\/2022\/11\/Preview_F1_GP_Brazilie_2022_SI202111140585.jpg\" alt=\"\" class=\"wp-image-137997\"><\/figure>\n<figure class=\"wp-block-image size-large\"><img decoding=\"async\" loading=\"lazy\" width=\"1800\" height=\"1200\" data-id=\"137991\" src=\"https:\/\/autorai.nl\/wp-content\/uploads\/2022\/11\/Preview_F1_GP_Brazilie_2022_SI202111140302.jpg\" alt=\"\" class=\"wp-image-137991\"><\/figure>\n<\/figure>\n<p>Le pilote Mercedes est ensuite parti \u00e0 la chasse de Max Verstappen. Apr\u00e8s la deuxi\u00e8me s\u00e9rie d&rsquo;arr\u00eats aux stands, les deux rivaux pour le titre, maintenant \u00e9quip\u00e9s d&rsquo;un nouveau jeu de pneus durs, se livrent une v\u00e9ritable bataille titanesque. Au 48e tour du 71, Hamilton a choisi d&rsquo;attaquer \u00e0 l&rsquo;ext\u00e9rieur dans le virage 4, mais Verstappen a refus\u00e9 de c\u00e9der la t\u00eate. En cons\u00e9quence, Verstappen a forc\u00e9 Hamilton et lui-m\u00eame le long de l&rsquo;asphalte, ce que les organisateurs de la course ont d\u00e9cid\u00e9 de laisser impuni apr\u00e8s enqu\u00eate.<\/p>\n<figure class=\"wp-block-gallery has-nested-images columns-default is-cropped\">\n<figure class=\"wp-block-image size-large\"><img decoding=\"async\" loading=\"lazy\" width=\"1800\" height=\"1200\" data-id=\"137984\" src=\"https:\/\/autorai.nl\/wp-content\/uploads\/2022\/11\/Preview_F1_GP_Brazilie_2022_M290119.jpg\" alt=\"\" class=\"wp-image-137984\"><\/figure>\n<figure class=\"wp-block-image size-large\"><img decoding=\"async\" loading=\"lazy\" width=\"1800\" height=\"1200\" data-id=\"137996\" src=\"https:\/\/autorai.nl\/wp-content\/uploads\/2022\/11\/Preview_F1_GP_Brazilie_2022_SI202111140546.jpg\" alt=\"\" class=\"wp-image-137996\"><\/figure>\n<\/figure>\n<p>Il a fallu attendre le 59\u00e8me tour pour qu&rsquo;Hamilton puisse faire une nouvelle tentative. Encore une fois, c&rsquo;est la bagarre au virage 4, mais cette fois, c&rsquo;est un succ\u00e8s. Hamilton a bris\u00e9 la r\u00e9sistance de Verstappen, couronnant un week-end de course supr\u00eame et r\u00e9duisant son d\u00e9ficit en Coupe du monde \u00e0 14 points avec la 101e victoire de sa carri\u00e8re en F1.<\/p>\n<h2>\u00c0 quoi peut-on s&rsquo;attendre cette fois-ci au Br\u00e9sil ?<\/h2>\n<p>Le vendredi de ce week-end de course br\u00e9silien sera important. En seulement une heure d&rsquo;essais libres, les pilotes doivent trouver leurs r\u00e9glages id\u00e9aux pour les qualifications. Dans celle-ci, la grille de d\u00e9part sera d\u00e9termin\u00e9e pour la course de sprint du samedi. Le r\u00e9sultat de cette course, d&rsquo;une distance de 100 kilom\u00e8tres, d\u00e9termine l&rsquo;ordre de d\u00e9part de la course principale du dimanche.<\/p>\n<figure class=\"wp-block-image size-content\"><img decoding=\"async\" loading=\"lazy\" width=\"1140\" height=\"760\" src=\"https:\/\/autorai.nl\/wp-content\/uploads\/2022\/11\/Preview_F1_GP_Brazilie_2022_SI202111130395-1140x760.jpg\" alt=\"\" class=\"wp-image-137990\"><\/figure>\n<p>De nombreux pilotes savent d\u00e9j\u00e0 \u00e0 quoi s&rsquo;en tenir pour l&rsquo;ann\u00e9e prochaine : une prolongation de contrat en Formule 1 ou un \u00ab\u00a0poste ailleurs\u00a0\u00bb. Pour certains pilotes, la question de savoir s&rsquo;ils ont r\u00e9alis\u00e9 des performances suffisamment convaincantes cette saison est toujours d&rsquo;actualit\u00e9. Ils donneront donc tout ce qu&rsquo;ils ont pour obtenir un bon r\u00e9sultat. Par exemple, on ne sait pas encore si Mick Schumacher sera encore pilote chez Haas F1 la saison prochaine. Williams dira au revoir \u00e0 Nicolas Latifi apr\u00e8s cette ann\u00e9e, mais n&rsquo;a pas encore officiellement nomm\u00e9 un deuxi\u00e8me pilote aux c\u00f4t\u00e9s d&rsquo;Alex Albon.<\/p>\n<h2>GP F1 du Br\u00e9sil : pr\u00e9visions m\u00e9t\u00e9orologiques<\/h2>\n<p>Le week-end de course \u00e0 Sao Paolo promet d&rsquo;\u00eatre d\u00e9tremp\u00e9. Une probabilit\u00e9 de 90 % de pluie est pr\u00e9vue pour vendredi, jour des essais libres et des qualifications. Le samedi, o\u00f9 se d\u00e9roule la course de sprint, devrait \u00eatre l\u00e9g\u00e8rement meilleur. Il y a tout de m\u00eame 50 % de chances d&rsquo;averses. Pour dimanche, le vrai <em>jour de la course<\/em>, les services m\u00e9t\u00e9orologiques pr\u00e9voient une temp\u00e9rature d&rsquo;environ 29 degr\u00e9s, une probabilit\u00e9 de 60 % de pluie et peut-\u00eatre m\u00eame des orages.<\/p>\n<figure class=\"wp-block-image size-content\"><img decoding=\"async\" loading=\"lazy\" width=\"1140\" height=\"760\" src=\"https:\/\/autorai.nl\/wp-content\/uploads\/2022\/11\/Preview_F1_GP_Brazilie_2022_SI202111130311-1140x760.jpg\" alt=\"\" class=\"wp-image-137987\"><\/figure>\n<h2>Que faut-il savoir sur le circuit au Br\u00e9sil ?<\/h2>\n<p>Le circuit situ\u00e9 dans les collines de Sao Paolo s&rsquo;appelle officiellement Aut\u00f3dromo Jos\u00e9 Carlos Pace depuis 1985. Un hommage au pilote br\u00e9silien qui a remport\u00e9 sa seule victoire en Formule 1 sur ce circuit en 1975, devant un public en d\u00e9lire. En raison de sa situation entre deux lacs, de nombreux passionn\u00e9s connaissent \u00e9galement le circuit sous le nom d&rsquo;Interlagos : <em>\u00a0\u00bb entre les lacs \u00ab\u00a0.<\/em><\/p>\n<p>Les trois premi\u00e8res courses de Formule 1 sur le circuit ont \u00e9t\u00e9 remport\u00e9es par des pilotes br\u00e9siliens. Emerson Fittipaldi a triomph\u00e9 en 73 et 74, Pace a gagn\u00e9 en 75. En raison de r\u00e8gles de s\u00e9curit\u00e9 plus strictes, aucune course de F1 n&rsquo;a \u00e9t\u00e9 organis\u00e9e entre 1980 et 1990. La piste originale \u00e9tait longue de pr\u00e8s de 8 kilom\u00e8tres, mais elle a \u00e9t\u00e9 raccourcie \u00e0 4,3 kilom\u00e8tres et dot\u00e9e d&rsquo;installations modernes.<\/p>\n<figure class=\"wp-block-image size-content\"><img decoding=\"async\" loading=\"lazy\" width=\"1140\" height=\"488\" src=\"https:\/\/autorai.nl\/wp-content\/uploads\/2022\/11\/Preview_F1_GP_Brazilie_2022_MR6_2029-1140x488.jpg\" alt=\"\" class=\"wp-image-137985\"><\/figure>\n<p>Les passionn\u00e9s louent le circuit pour ses changements d&rsquo;\u00e9l\u00e9vation distinctifs et ses combinaisons de virages en angle. De plus, la tr\u00e8s longue ligne droite entre le d\u00e9part et l&rsquo;arriv\u00e9e rend possible les d\u00e9passements dans le premier virage. Les arr\u00eats au stand que vous voulez \u00e9viter en tant que conducteur : Interlagos poss\u00e8de la plus longue voie des stands du calendrier.<\/p>\n<h2>Aut\u00f3dromo Jos\u00e9 Carlos Pace en faits et chiffres :<\/h2>\n<p>Nom officiel : Formule 1 Heineken Grande Pr\u00eamio de S\u00e3o Paolo 2022<br \/>Emplacement : Aut\u00f3dromo Jos\u00e9 Carlos Pace<br \/>Longueur du circuit :&nbsp;4,309 km<br \/>Nombre de tours : 71<br \/>Nombre de tours : 15<br \/>Distance totale de la course : 305.879 km<br \/>Record du tour : 1:10:540 Valtteri Bottas (2018)<\/p>\n<figure class=\"wp-block-image size-content\"><img decoding=\"async\" loading=\"lazy\" width=\"1140\" height=\"642\" src=\"https:\/\/autorai.nl\/wp-content\/uploads\/2022\/11\/Preview_F1_GP_Brazilie_2022_Circuit-Brazilie-Interlagos-1140x642.jpg\" alt=\"\" class=\"wp-image-137980\"><figcaption>Source : <a href=\"https:\/\/www.formula1.com\/en\/racing\/2022\/Brazil\/Circuit.html\" target=\"_blank\" rel=\"noreferrer noopener\">F1.com<\/a><\/figcaption><\/figure>\n<p>Faire un tour de piste avec Fernando Alonso ? Voici \u00e0 quoi il ressemblait au d\u00e9but de la course en 2012 :<\/p>\n<figure class=\"wp-block-embed is-type-video is-provider-youtube wp-block-embed-youtube wp-embed-aspect-16-9 wp-has-aspect-ratio\">\n<div class=\"wp-block-embed__wrapper\">\n<\/div>\n<\/figure>\n","protected":false},"excerpt":{"rendered":"\u00c0 quelle heure commencent les qualifications du GP Br\u00e9sil 2022 ? Les qualifications pour le GP de F1 du Br\u00e9sil\u2026","protected":false},"author":0,"featured_media":126652,"comment_status":"open","ping_status":"open","sticky":false,"template":"","format":"standard","meta":{"footnotes":""},"categories":[135,133],"tags":[],"class_list":["post-126676","post","type-post","status-publish","format-standard","has-post-thumbnail","hentry","category-formule-1-fr","category-sport-automobile"],"acf":[],"yoast_head":"<!-- This site is optimized with the Yoast SEO plugin v21.2 - https:\/\/yoast.com\/wordpress\/plugins\/seo\/ -->\n<title>Horaires du GP F1 Br\u00e9sil 2022 - All cars news<\/title>\n<meta name=\"robots\" content=\"index, follow, max-snippet:-1, max-image-preview:large, max-video-preview:-1\" \/>\n<link rel=\"canonical\" href=\"https:\/\/all-car-news.com\/fr\/horaires-du-gp-f1-bresil-2022\/\" \/>\n<meta property=\"og:locale\" content=\"fr_FR\" \/>\n<meta property=\"og:type\" content=\"article\" \/>\n<meta property=\"og:title\" content=\"Horaires du GP F1 Br\u00e9sil 2022 - All cars news\" \/>\n<meta property=\"og:description\" content=\"\u00c0 quelle heure commencent les qualifications du GP Br\u00e9sil 2022 ? Les qualifications pour le GP de F1 du Br\u00e9sil d\u00e9butent \u00e0 20h00 le vendredi 11 novembre. Se qualifier un vendredi ? Oui, il s&#039;agit en fait d&#039;un week-end de sprint : les qualifications ont lieu le vendredi au Br\u00e9sil, la course de sprint a lieu le samedi. Il y a \u00e9galement un d\u00e9calage horaire [...].\" \/>\n<meta property=\"og:url\" content=\"https:\/\/all-car-news.com\/fr\/horaires-du-gp-f1-bresil-2022\/\" \/>\n<meta property=\"og:site_name\" content=\"All cars news\" \/>\n<meta property=\"article:published_time\" content=\"2022-11-09T15:15:00+00:00\" \/>\n<meta property=\"og:image\" content=\"https:\/\/autorai.nl\/wp-content\/uploads\/2022\/11\/Preview_F1_GP_Brazilie_2022_M289209.jpg\" \/>\n<meta name=\"twitter:card\" content=\"summary_large_image\" \/>\n<meta name=\"twitter:label1\" content=\"Dur\u00e9e de lecture estim\u00e9e\" \/>\n\t<meta name=\"twitter:data1\" content=\"6 minutes\" \/>\n<script type=\"application\/ld+json\" class=\"yoast-schema-graph\">{\"@context\":\"https:\/\/schema.org\",\"@graph\":[{\"@type\":\"Article\",\"@id\":\"https:\/\/all-car-news.com\/fr\/horaires-du-gp-f1-bresil-2022\/#article\",\"isPartOf\":{\"@id\":\"https:\/\/all-car-news.com\/fr\/horaires-du-gp-f1-bresil-2022\/\"},\"author\":{\"name\":\"\",\"@id\":\"\"},\"headline\":\"Horaires du GP F1 Br\u00e9sil 2022\",\"datePublished\":\"2022-11-09T15:15:00+00:00\",\"dateModified\":\"2022-11-09T15:15:00+00:00\",\"mainEntityOfPage\":{\"@id\":\"https:\/\/all-car-news.com\/fr\/horaires-du-gp-f1-bresil-2022\/\"},\"wordCount\":1210,\"commentCount\":0,\"publisher\":{\"@id\":\"https:\/\/all-car-news.com\/fr\/#organization\"},\"articleSection\":[\"formule 1\",\"Sport automobile\"],\"inLanguage\":\"fr-FR\",\"potentialAction\":[{\"@type\":\"CommentAction\",\"name\":\"Comment\",\"target\":[\"https:\/\/all-car-news.com\/fr\/horaires-du-gp-f1-bresil-2022\/#respond\"]}]},{\"@type\":\"WebPage\",\"@id\":\"https:\/\/all-car-news.com\/fr\/horaires-du-gp-f1-bresil-2022\/\",\"url\":\"https:\/\/all-car-news.com\/fr\/horaires-du-gp-f1-bresil-2022\/\",\"name\":\"Horaires du GP F1 Br\u00e9sil 2022 - All cars news\",\"isPartOf\":{\"@id\":\"https:\/\/all-car-news.com\/fr\/#website\"},\"datePublished\":\"2022-11-09T15:15:00+00:00\",\"dateModified\":\"2022-11-09T15:15:00+00:00\",\"breadcrumb\":{\"@id\":\"https:\/\/all-car-news.com\/fr\/horaires-du-gp-f1-bresil-2022\/#breadcrumb\"},\"inLanguage\":\"fr-FR\",\"potentialAction\":[{\"@type\":\"ReadAction\",\"target\":[\"https:\/\/all-car-news.com\/fr\/horaires-du-gp-f1-bresil-2022\/\"]}]},{\"@type\":\"BreadcrumbList\",\"@id\":\"https:\/\/all-car-news.com\/fr\/horaires-du-gp-f1-bresil-2022\/#breadcrumb\",\"itemListElement\":[{\"@type\":\"ListItem\",\"position\":1,\"name\":\"Home\",\"item\":\"https:\/\/all-car-news.com\/fr\/\"},{\"@type\":\"ListItem\",\"position\":2,\"name\":\"Horaires du GP F1 Br\u00e9sil 2022\"}]},{\"@type\":\"WebSite\",\"@id\":\"https:\/\/all-car-news.com\/fr\/#website\",\"url\":\"https:\/\/all-car-news.com\/fr\/\",\"name\":\"All cars news\",\"description\":\"\",\"publisher\":{\"@id\":\"https:\/\/all-car-news.com\/fr\/#organization\"},\"potentialAction\":[{\"@type\":\"SearchAction\",\"target\":{\"@type\":\"EntryPoint\",\"urlTemplate\":\"https:\/\/all-car-news.com\/fr\/?s={search_term_string}\"},\"query-input\":\"required name=search_term_string\"}],\"inLanguage\":\"fr-FR\"},{\"@type\":\"Organization\",\"@id\":\"https:\/\/all-car-news.com\/fr\/#organization\",\"name\":\"All cars news\",\"url\":\"https:\/\/all-car-news.com\/fr\/\",\"logo\":{\"@type\":\"ImageObject\",\"inLanguage\":\"fr-FR\",\"@id\":\"https:\/\/all-car-news.com\/fr\/#\/schema\/logo\/image\/\",\"url\":\"https:\/\/all-car-news.com\/wp-content\/uploads\/2022\/02\/CMYK-AllCarNews_LANDSCAPE_300px-1.png\",\"contentUrl\":\"https:\/\/all-car-news.com\/wp-content\/uploads\/2022\/02\/CMYK-AllCarNews_LANDSCAPE_300px-1.png\",\"width\":300,\"height\":100,\"caption\":\"All cars news\"},\"image\":{\"@id\":\"https:\/\/all-car-news.com\/fr\/#\/schema\/logo\/image\/\"}}]}<\/script>\n<!-- \/ Yoast SEO plugin. -->","yoast_head_json":{"title":"Horaires du GP F1 Br\u00e9sil 2022 - All cars news","robots":{"index":"index","follow":"follow","max-snippet":"max-snippet:-1","max-image-preview":"max-image-preview:large","max-video-preview":"max-video-preview:-1"},"canonical":"https:\/\/all-car-news.com\/fr\/horaires-du-gp-f1-bresil-2022\/","og_locale":"fr_FR","og_type":"article","og_title":"Horaires du GP F1 Br\u00e9sil 2022 - All cars news","og_description":"\u00c0 quelle heure commencent les qualifications du GP Br\u00e9sil 2022 ? Les qualifications pour le GP de F1 du Br\u00e9sil d\u00e9butent \u00e0 20h00 le vendredi 11 novembre. Se qualifier un vendredi ? Oui, il s'agit en fait d'un week-end de sprint : les qualifications ont lieu le vendredi au Br\u00e9sil, la course de sprint a lieu le samedi. Il y a \u00e9galement un d\u00e9calage horaire [...].","og_url":"https:\/\/all-car-news.com\/fr\/horaires-du-gp-f1-bresil-2022\/","og_site_name":"All cars news","article_published_time":"2022-11-09T15:15:00+00:00","og_image":[{"url":"https:\/\/autorai.nl\/wp-content\/uploads\/2022\/11\/Preview_F1_GP_Brazilie_2022_M289209.jpg"}],"twitter_card":"summary_large_image","twitter_misc":{"Dur\u00e9e de lecture estim\u00e9e":"6 minutes"},"schema":{"@context":"https:\/\/schema.org","@graph":[{"@type":"Article","@id":"https:\/\/all-car-news.com\/fr\/horaires-du-gp-f1-bresil-2022\/#article","isPartOf":{"@id":"https:\/\/all-car-news.com\/fr\/horaires-du-gp-f1-bresil-2022\/"},"author":{"name":"","@id":""},"headline":"Horaires du GP F1 Br\u00e9sil 2022","datePublished":"2022-11-09T15:15:00+00:00","dateModified":"2022-11-09T15:15:00+00:00","mainEntityOfPage":{"@id":"https:\/\/all-car-news.com\/fr\/horaires-du-gp-f1-bresil-2022\/"},"wordCount":1210,"commentCount":0,"publisher":{"@id":"https:\/\/all-car-news.com\/fr\/#organization"},"articleSection":["formule 1","Sport automobile"],"inLanguage":"fr-FR","potentialAction":[{"@type":"CommentAction","name":"Comment","target":["https:\/\/all-car-news.com\/fr\/horaires-du-gp-f1-bresil-2022\/#respond"]}]},{"@type":"WebPage","@id":"https:\/\/all-car-news.com\/fr\/horaires-du-gp-f1-bresil-2022\/","url":"https:\/\/all-car-news.com\/fr\/horaires-du-gp-f1-bresil-2022\/","name":"Horaires du GP F1 Br\u00e9sil 2022 - All cars news","isPartOf":{"@id":"https:\/\/all-car-news.com\/fr\/#website"},"datePublished":"2022-11-09T15:15:00+00:00","dateModified":"2022-11-09T15:15:00+00:00","breadcrumb":{"@id":"https:\/\/all-car-news.com\/fr\/horaires-du-gp-f1-bresil-2022\/#breadcrumb"},"inLanguage":"fr-FR","potentialAction":[{"@type":"ReadAction","target":["https:\/\/all-car-news.com\/fr\/horaires-du-gp-f1-bresil-2022\/"]}]},{"@type":"BreadcrumbList","@id":"https:\/\/all-car-news.com\/fr\/horaires-du-gp-f1-bresil-2022\/#breadcrumb","itemListElement":[{"@type":"ListItem","position":1,"name":"Home","item":"https:\/\/all-car-news.com\/fr\/"},{"@type":"ListItem","position":2,"name":"Horaires du GP F1 Br\u00e9sil 2022"}]},{"@type":"WebSite","@id":"https:\/\/all-car-news.com\/fr\/#website","url":"https:\/\/all-car-news.com\/fr\/","name":"All cars news","description":"","publisher":{"@id":"https:\/\/all-car-news.com\/fr\/#organization"},"potentialAction":[{"@type":"SearchAction","target":{"@type":"EntryPoint","urlTemplate":"https:\/\/all-car-news.com\/fr\/?s={search_term_string}"},"query-input":"required name=search_term_string"}],"inLanguage":"fr-FR"},{"@type":"Organization","@id":"https:\/\/all-car-news.com\/fr\/#organization","name":"All cars news","url":"https:\/\/all-car-news.com\/fr\/","logo":{"@type":"ImageObject","inLanguage":"fr-FR","@id":"https:\/\/all-car-news.com\/fr\/#\/schema\/logo\/image\/","url":"https:\/\/all-car-news.com\/wp-content\/uploads\/2022\/02\/CMYK-AllCarNews_LANDSCAPE_300px-1.png","contentUrl":"https:\/\/all-car-news.com\/wp-content\/uploads\/2022\/02\/CMYK-AllCarNews_LANDSCAPE_300px-1.png","width":300,"height":100,"caption":"All cars news"},"image":{"@id":"https:\/\/all-car-news.com\/fr\/#\/schema\/logo\/image\/"}}]}},"_links":{"self":[{"href":"https:\/\/all-car-news.com\/fr\/wp-json\/wp\/v2\/posts\/126676","targetHints":{"allow":["GET"]}}],"collection":[{"href":"https:\/\/all-car-news.com\/fr\/wp-json\/wp\/v2\/posts"}],"about":[{"href":"https:\/\/all-car-news.com\/fr\/wp-json\/wp\/v2\/types\/post"}],"replies":[{"embeddable":true,"href":"https:\/\/all-car-news.com\/fr\/wp-json\/wp\/v2\/comments?post=126676"}],"version-history":[{"count":0,"href":"https:\/\/all-car-news.com\/fr\/wp-json\/wp\/v2\/posts\/126676\/revisions"}],"wp:featuredmedia":[{"embeddable":true,"href":"https:\/\/all-car-news.com\/fr\/wp-json\/wp\/v2\/media\/126652"}],"wp:attachment":[{"href":"https:\/\/all-car-news.com\/fr\/wp-json\/wp\/v2\/media?parent=126676"}],"wp:term":[{"taxonomy":"category","embeddable":true,"href":"https:\/\/all-car-news.com\/fr\/wp-json\/wp\/v2\/categories?post=126676"},{"taxonomy":"post_tag","embeddable":true,"href":"https:\/\/all-car-news.com\/fr\/wp-json\/wp\/v2\/tags?post=126676"}],"curies":[{"name":"wp","href":"https:\/\/api.w.org\/{rel}","templated":true}]}}